{"id":98753,"date":"2025-04-19T20:59:23","date_gmt":"2025-04-19T23:59:23","guid":{"rendered":"https:\/\/www.pensarcursos.com.br\/blog\/?p=98753"},"modified":"2025-04-17T10:40:48","modified_gmt":"2025-04-17T13:40:48","slug":"40-expressoes-racistas-que-voce-deve-eliminar-do-vocabulario-agora","status":"publish","type":"post","link":"https:\/\/www.pensarcursos.com.br\/blog\/40-expressoes-racistas-que-voce-deve-eliminar-do-vocabulario-agora\/","title":{"rendered":"40 express\u00f5es racistas que voc\u00ea deve eliminar do vocabul\u00e1rio agora"},"content":{"rendered":"<p class=\"\" data-start=\"0\" data-end=\"476\">O <a href=\"https:\/\/www.pensarcursos.com.br\/blog\/dia-da-consciencia-negra\/\" target=\"_blank\" rel=\"noopener\"><strong>racismo<\/strong><\/a>, disfar\u00e7ado de palavras do cotidiano, ainda \u00e9 uma realidade que permeia a sociedade. Muitas <a href=\"https:\/\/www.pensarcursos.com.br\/blog\/origem-principais-expressoes\/\" target=\"_blank\" rel=\"noopener\">express\u00f5es <\/a>s\u00e3o repetidas sem maldade ou reflex\u00e3o, mas o efeito delas pode ser devastador. Voc\u00ea j\u00e1 refletiu sobre o impacto que algumas frases podem ter de forma negativa? Talvez, ao ouvir ou usar alguma delas, nunca tenha se dado conta do peso que elas carregam. Por\u00e9m, compreender o impacto dessas palavras \u00e9 um passo importante para a constru\u00e7\u00e3o de um ambiente mais respeitoso e inclusivo.<\/p>\n<h2 data-start=\"0\" data-end=\"476\"><strong>O que s\u00e3o express\u00f5es racistas?<\/strong><\/h2>\n<p class=\"\" data-start=\"478\" data-end=\"911\">Voc\u00ea sabia que muitas dessas express\u00f5es t\u00eam ra\u00edzes profundas na hist\u00f3ria? Algumas surgiram durante o per\u00edodo da escravid\u00e3o, enquanto outras foram alimentadas pelas pr\u00e1ticas coloniais, utilizadas para descriminalizar grupos \u00e9tnicos ou raciais.<\/p>\n<p class=\"\" data-start=\"478\" data-end=\"911\">Mesmo com o tempo, essas palavras continuam presentes no nosso vocabul\u00e1rio, muitas vezes de forma inconsciente. E \u00e9 exatamente por isso que entender a origem delas \u00e9 t\u00e3o importante. Assim, \u00e9 poss\u00edvel ver o quanto \u00e9 necess\u00e1rio reavaliar o que se diz.<\/p>\n<h2 data-start=\"478\" data-end=\"911\"><strong>Lista de express\u00f5es racistas a serem eliminadas<\/strong><\/h2>\n<p class=\"\" data-start=\"913\" data-end=\"1232\">Alguns termos podem parecer inofensivos \u00e0 primeira vista, mas eles refor\u00e7am estere\u00f3tipos negativos e contribuem para a perpetua\u00e7\u00e3o da <a href=\"https:\/\/www.pensarcursos.com.br\/blog\/homem-branco-ganha-o-dobro-de-mulher-negra-na-mesma-funcao-aponta-pesquisa-sobre-desigualdade-salarial\/\" target=\"_blank\" rel=\"noopener\">discrimina\u00e7\u00e3o<\/a>. Para ajudar a refletir sobre isso, confira uma lista de express\u00f5es que devem ser eliminadas do vocabul\u00e1rio:<\/p>\n<ul data-start=\"1234\" data-end=\"5299\">\n<li class=\"\" data-start=\"1234\" data-end=\"1309\">\n<p class=\"\" data-start=\"1236\" data-end=\"1309\">&#8220;<strong>A coisa t\u00e1 preta<\/strong>&#8221; \u2013 faz uma associa\u00e7\u00e3o negativa com a cor da pele negra.<\/p>\n<\/li>\n<li class=\"\" data-start=\"1310\" data-end=\"1412\">\n<p class=\"\" data-start=\"1312\" data-end=\"1412\">&#8220;<strong>Barriga suja<\/strong>&#8221; \u2013 refere-se de maneira desrespeitosa a mulheres brancas que t\u00eam filhos de pele negra.<\/p>\n<\/li>\n<li class=\"\" data-start=\"1413\" data-end=\"1509\">\n<p class=\"\" data-start=\"1415\" data-end=\"1509\">&#8220;<strong>Bo\u00e7al<\/strong>&#8221; \u2013 uma palavra com ra\u00edzes na \u00e9poca da escravid\u00e3o, utilizada para caracterizar pessoas consideradas ignorantes.<\/p>\n<\/li>\n<li class=\"\" data-start=\"1510\" data-end=\"1618\">\n<p class=\"\" data-start=\"1512\" data-end=\"1618\">&#8220;<strong>Cabelo ruim<\/strong>&#8221; \u2013 uma express\u00e3o preconceituosa sobre os cabelos crespos e cacheados, vistos como inferiores.<\/p>\n<\/li>\n<li class=\"\" data-start=\"1619\" data-end=\"1709\">\n<p class=\"\" data-start=\"1621\" data-end=\"1709\">&#8220;<strong>Chuta que \u00e9 macumba<\/strong>&#8221; \u2013 uma express\u00e3o que desacredita e desrespeita as religi\u00f5es de matriz africana e seus rituais.<\/p>\n<\/li>\n<li class=\"\" data-start=\"1710\" data-end=\"1814\">\n<p class=\"\" data-start=\"1712\" data-end=\"1814\">&#8220;<strong>Cor de pele<\/strong>&#8221; \u2013 uma forma de definir a cor da pele de uma maneira que coloca o tom branco como padr\u00e3o.<\/p>\n<\/li>\n<li class=\"\" data-start=\"1815\" data-end=\"1941\">\n<p class=\"\" data-start=\"1817\" data-end=\"1941\">&#8220;<strong>Criado mudo<\/strong>&#8221; \u2013 termo que remete \u00e0 subordina\u00e7\u00e3o dos negros durante a escravid\u00e3o, com a expectativa de que eles n\u00e3o falassem.<\/p>\n<\/li>\n<li class=\"\" data-start=\"1942\" data-end=\"2012\">\n<p class=\"\" data-start=\"1944\" data-end=\"2012\">&#8220;<strong>Crioulo<\/strong>&#8221; \u2013 uma palavra de conota\u00e7\u00e3o ofensiva usada para se referir a uma pessoa negra.<\/p>\n<\/li>\n<li class=\"\" data-start=\"2013\" data-end=\"2131\">\n<p class=\"\" data-start=\"2015\" data-end=\"2131\">&#8220;<strong>Da cor do pecado<\/strong>&#8221; \u2013 uma tentativa de elogiar a cor da pele negra, mas associando-a ao pecado e \u00e0 hipersexualiza\u00e7\u00e3o.<\/p>\n<\/li>\n<li class=\"\" data-start=\"2132\" data-end=\"2213\">\n<p class=\"\" data-start=\"2134\" data-end=\"2213\">&#8220;<strong>Denegrir<\/strong>&#8221; \u2013 uma express\u00e3o que associa de forma negativa a cor &#8220;negra&#8221; a algo ruim ou desprez\u00edvel.<\/p>\n<\/li>\n<li class=\"\" data-start=\"2214\" data-end=\"2284\">\n<p class=\"\" data-start=\"2216\" data-end=\"2284\">&#8220;<strong>Dia de branco<\/strong>&#8221; \u2013 termo que carrega um vi\u00e9s de discrimina\u00e7\u00e3o racial.<\/p>\n<\/li>\n<li class=\"\" data-start=\"2285\" data-end=\"2433\">\n<p class=\"\" data-start=\"2287\" data-end=\"2433\">&#8220;<strong>Disputar a negra<\/strong>&#8221; \u2013 express\u00e3o que faz refer\u00eancia a um tempo em que mulheres negras escravizadas eram vistas como pr\u00eamios entre os homens brancos.<\/p>\n<\/li>\n<li class=\"\" data-start=\"2434\" data-end=\"2546\">\n<p class=\"\" data-start=\"2436\" data-end=\"2546\">&#8220;<strong>Esclarecer<\/strong>&#8221; \u2013 uma palavra que implica que apenas a &#8220;branquitude&#8221; possui a capacidade de oferecer verdadeira compreens\u00e3o ou conhecimento.<\/p>\n<\/li>\n<li class=\"\" data-start=\"2547\" data-end=\"2629\">\n<p class=\"\" data-start=\"2549\" data-end=\"2629\">&#8220;<strong>Escravo<\/strong>&#8221; \u2013 uma palavra que reflete a ideia de que a pessoa nasce sem liberdade.<\/p>\n<\/li>\n<li class=\"\" data-start=\"2630\" data-end=\"2744\">\n<p class=\"\" data-start=\"2632\" data-end=\"2744\">&#8220;<strong>Estampa \u00e9tnica<\/strong>&#8221; \u2013 usada de maneira inadequada para descrever padr\u00f5es culturais de povos africanos ou ind\u00edgenas.<\/p>\n<\/li>\n<li class=\"\" data-start=\"2745\" data-end=\"2847\">\n<p class=\"\" data-start=\"2747\" data-end=\"2847\">&#8220;<strong>Feito nas coxas<\/strong>&#8221; \u2013 express\u00e3o que remete \u00e0 neglig\u00eancia e \u00e9 associada aos trabalhos dos escravizados.<\/p>\n<\/li>\n<li class=\"\" data-start=\"2848\" data-end=\"2949\">\n<p class=\"\" data-start=\"2850\" data-end=\"2949\">&#8220;<strong>Galinha de macumba<\/strong>&#8221; \u2013 associando pessoas negras a animais, desrespeitando suas cren\u00e7as religiosas.<\/p>\n<\/li>\n<li class=\"\" data-start=\"2950\" data-end=\"3042\">\n<p class=\"\" data-start=\"2952\" data-end=\"3042\">&#8220;<strong>Humor negro<\/strong>&#8221; \u2013 refor\u00e7a uma conota\u00e7\u00e3o m\u00f3rbida ou associada a algo il\u00edcito com a cor negra.<\/p>\n<\/li>\n<li class=\"\" data-start=\"3043\" data-end=\"3165\">\n<p class=\"\" data-start=\"3045\" data-end=\"3165\">&#8220;<strong>Inveja branca<\/strong>&#8221; \u2013 uma express\u00e3o que tenta suavizar a inveja, vinculando-a a algo mais aceit\u00e1vel para as pessoas brancas.<\/p>\n<\/li>\n<\/ul>\n<figure id=\"attachment_98769\" aria-describedby=\"caption-attachment-98769\" style=\"width: 2560px\" class=\"wp-caption aligncenter\"><img decoding=\"async\" class=\"size-full wp-image-98769\" title=\"Pessoa triste por escutado express\u00f5es racistas\" src=\"https:\/\/www.pensarcursos.com.br\/blog\/wp-content\/uploads\/2025\/04\/pessoa-negra-triste-alvo-de-comentarios-racistas.jpg-scaled.webp\" alt=\"Pessoa triste com l\u00e1grima no rosto, pensativa e abatida por ter escutado express\u00f5es racistas.\" width=\"2560\" height=\"1703\" srcset=\"https:\/\/www.pensarcursos.com.br\/blog\/wp-content\/uploads\/2025\/04\/pessoa-negra-triste-alvo-de-comentarios-racistas.jpg-scaled.webp 2560w, https:\/\/www.pensarcursos.com.br\/blog\/wp-content\/uploads\/2025\/04\/pessoa-negra-triste-alvo-de-comentarios-racistas.jpg-300x200.webp 300w, https:\/\/www.pensarcursos.com.br\/blog\/wp-content\/uploads\/2025\/04\/pessoa-negra-triste-alvo-de-comentarios-racistas.jpg-1024x681.webp 1024w, https:\/\/www.pensarcursos.com.br\/blog\/wp-content\/uploads\/2025\/04\/pessoa-negra-triste-alvo-de-comentarios-racistas.jpg-768x511.webp 768w, https:\/\/www.pensarcursos.com.br\/blog\/wp-content\/uploads\/2025\/04\/pessoa-negra-triste-alvo-de-comentarios-racistas.jpg-1536x1022.webp 1536w, https:\/\/www.pensarcursos.com.br\/blog\/wp-content\/uploads\/2025\/04\/pessoa-negra-triste-alvo-de-comentarios-racistas.jpg-2048x1363.webp 2048w\" sizes=\"(max-width: 2560px) 100vw, 2560px\" \/><figcaption id=\"caption-attachment-98769\" class=\"wp-caption-text\">O impacto de ouvir essas express\u00f5es pode causar danos psicol\u00f3gicos significativos, afetando a sa\u00fade mental de quem \u00e9 exposto a elas.<br \/>Imagem: Freepik<\/figcaption><\/figure>\n<ul data-start=\"1234\" data-end=\"5299\">\n<li class=\"\" data-start=\"3166\" data-end=\"3240\">\n<p class=\"\" data-start=\"3168\" data-end=\"3240\">&#8220;<strong>Lista negra<\/strong>&#8221; \u2013 associa a palavra &#8220;negro&#8221; com coisas ruins ou proibidas.<\/p>\n<\/li>\n<li class=\"\" data-start=\"3241\" data-end=\"3325\">\n<p class=\"\" data-start=\"3243\" data-end=\"3325\">&#8220;<strong>Macumbeiro<\/strong>&#8221; \u2013 um termo ofensivo utilizado para se referir aos praticantes de religi\u00f5es africanas.<\/p>\n<\/li>\n<li class=\"\" data-start=\"3326\" data-end=\"3414\">\n<p class=\"\" data-start=\"3328\" data-end=\"3414\">&#8220;<strong>Magia negra<\/strong>&#8221; \u2013 express\u00e3o que associa pr\u00e1ticas religiosas e culturais a algo mal\u00e9fico.<\/p>\n<\/li>\n<li class=\"\" data-start=\"3415\" data-end=\"3563\">\n<p class=\"\" data-start=\"3417\" data-end=\"3563\">&#8220;<strong>Meia tigela<\/strong>&#8221; \u2013 ligada \u00e0 \u00e9poca da escravid\u00e3o, quando o trabalho dos escravizados era considerado &#8220;ineficiente&#8221; e eles recebiam uma refei\u00e7\u00e3o menor.<\/p>\n<\/li>\n<li class=\"\" data-start=\"3564\" data-end=\"3671\">\n<p class=\"\" data-start=\"3566\" data-end=\"3671\">&#8220;<strong>Mercado negro<\/strong>&#8221; \u2013 mais uma express\u00e3o que utiliza a palavra &#8220;negro&#8221; para referir-se a atividades il\u00edcitas.<\/p>\n<\/li>\n<li class=\"\" data-start=\"3672\" data-end=\"3747\">\n<p class=\"\" data-start=\"3674\" data-end=\"3747\">&#8220;<strong>Mulata<\/strong>&#8221; \u2013 um termo racista que sexualiza e estereotipa pessoas mesti\u00e7as.<\/p>\n<\/li>\n<li class=\"\" data-start=\"3748\" data-end=\"3854\">\n<p class=\"\" data-start=\"3750\" data-end=\"3854\">&#8220;<strong>N\u00e3o sou tuas negas<\/strong>&#8221; \u2013 uma frase que desrespeita as mulheres negras, colocando-as em uma posi\u00e7\u00e3o de inferioridade e submiss\u00e3o.<\/p>\n<\/li>\n<li class=\"\" data-start=\"3855\" data-end=\"3991\">\n<p class=\"\" data-start=\"3857\" data-end=\"3991\">&#8220;<strong>Nasceu com um p\u00e9 na cozinha<\/strong>&#8221; \u2013 insinua que o lugar de uma pessoa negra \u00e9 na cozinha, fazendo uma associa\u00e7\u00e3o com trabalhos dom\u00e9sticos.<\/p>\n<\/li>\n<li class=\"\" data-start=\"3992\" data-end=\"4110\">\n<p class=\"\" data-start=\"3994\" data-end=\"4110\">&#8220;<strong>Nega maluca<\/strong>&#8221; \u2013 uma express\u00e3o de baixo valor sobre a mulher negra, comparando-a a um doce, de maneira desrespeitosa.<\/p>\n<\/li>\n<li class=\"\" data-start=\"4111\" data-end=\"4217\">\n<p class=\"\" data-start=\"4113\" data-end=\"4217\">&#8220;<strong>Negra com tra\u00e7os finos<\/strong>&#8221; \u2013 tenta elogiar, mas associa a negritude a tra\u00e7os f\u00edsicos considerados &#8220;feios&#8221;.<\/p>\n<\/li>\n<li class=\"\" data-start=\"4218\" data-end=\"4326\">\n<p class=\"\" data-start=\"4220\" data-end=\"4326\">&#8220;<strong>Negra de beleza ex\u00f3tica<\/strong>&#8221; \u2013 utiliza o termo &#8220;ex\u00f3tico&#8221; para tratar a beleza negra como algo incomum e fora do convencional.<\/p>\n<\/li>\n<li class=\"\" data-start=\"4327\" data-end=\"4442\">\n<p class=\"\" data-start=\"4329\" data-end=\"4442\">&#8220;<strong>Negro de alma branca<\/strong>&#8221; \u2013 sugere que pessoas negras devem se aproximar dos padr\u00f5es brancos para serem valorizadas.<\/p>\n<\/li>\n<li class=\"\" data-start=\"4443\" data-end=\"4520\">\n<p class=\"\" data-start=\"4445\" data-end=\"4520\">&#8220;<strong>Ovelha negra<\/strong>&#8221; \u2013 uma express\u00e3o que carrega uma conota\u00e7\u00e3o de marginaliza\u00e7\u00e3o e exclus\u00e3o.<\/p>\n<\/li>\n<li class=\"\" data-start=\"4521\" data-end=\"4605\">\n<p class=\"\" data-start=\"4523\" data-end=\"4605\">&#8220;<strong>Caf\u00e9 com leite<\/strong>&#8221; \u2013 minimiza a mistura de ra\u00e7as, desvalorizando a identidade negra.<\/p>\n<\/li>\n<li class=\"\" data-start=\"4606\" data-end=\"4699\">\n<p class=\"\" data-start=\"4608\" data-end=\"4699\">&#8220;<strong>Servi\u00e7o de preto<\/strong>&#8221; \u2013 uma express\u00e3o que vincula a ideia de trabalho de baixa qualidade \u00e0 presen\u00e7a de pessoas negras.<\/p>\n<\/li>\n<li class=\"\" data-start=\"4700\" data-end=\"4804\">\n<p class=\"\" data-start=\"4702\" data-end=\"4804\">&#8220;<strong>Samba do crioulo doido<\/strong>&#8221; \u2013 expressa confus\u00e3o de forma desrespeitosa, associando a bagun\u00e7a \u00e0 negritude.<\/p>\n<\/li>\n<li class=\"\" data-start=\"4805\" data-end=\"4884\">\n<p class=\"\" data-start=\"4807\" data-end=\"4884\">&#8220;<strong>Teta de nega<\/strong>&#8221; \u2013 compara um doce de chocolate ao seio da mulher negra, refor\u00e7ando estere\u00f3tipos sexuais e raciais.<\/p>\n<\/li>\n<li class=\"\" data-start=\"4885\" data-end=\"5003\">\n<p class=\"\" data-start=\"4887\" data-end=\"5003\">&#8220;<strong>Volta pro mar, oferenda<\/strong>&#8221; \u2013 uma express\u00e3o que desrespeita a religi\u00e3o africana, associando-a de forma negativa a algo indesejado.<\/p>\n<\/li>\n<li class=\"\" data-start=\"5004\" data-end=\"5117\">\n<p class=\"\" data-start=\"5006\" data-end=\"5117\">&#8220;<strong>Quando n\u00e3o est\u00e1 preso est\u00e1 armado<\/strong>&#8221; \u2013 refor\u00e7a estere\u00f3tipos negativos, associando cabelos crespos e cacheados \u00e0 criminalidade.<\/p>\n<\/li>\n<li class=\"\" data-start=\"5118\" data-end=\"5215\">\n<p class=\"\" data-start=\"5120\" data-end=\"5215\">&#8220;<strong>Inhaca<\/strong>&#8221; \u2013 um termo preconceituoso, associado a odores ruins, que reflete discrimina\u00e7\u00e3o racial.<\/p>\n<\/li>\n<li class=\"\" data-start=\"5216\" data-end=\"5299\">\n<p class=\"\" data-start=\"5218\" data-end=\"5299\">&#8220;<strong>Macaco<\/strong>&#8221; \u2013 um insulto racial desumanizante, utilizado para atacar a pessoa negra.<\/p>\n<\/li>\n<\/ul>\n<p class=\"\" data-start=\"5301\" data-end=\"5593\"><strong>Fica o convite para reflex\u00e3o<\/strong>: quantas dessas express\u00f5es j\u00e1 passaram despercebidas no seu dia a dia? A mudan\u00e7a come\u00e7a no pequeno ato de reavaliar o que se diz. Se j\u00e1 usou ou ainda usa alguma dessas palavras, que tal deixar elas para tr\u00e1s e contribuir para um mundo mais inclusivo e respeitoso? Afinal,<strong> <a href=\"https:\/\/www.gov.br\/pt-br\/temas\/politica-e-legislacao-contra-a-discriminacao-racial\" target=\"_blank\" rel=\"noopener\">racismo<\/a> \u00e9 crime<\/strong>!<\/p>\n","protected":false},"excerpt":{"rendered":"<p>O racismo, disfar\u00e7ado de palavras do cotidiano, ainda \u00e9 uma realidade que permeia a sociedade. Muitas express\u00f5es s\u00e3o repetidas sem maldade ou reflex\u00e3o, mas o efeito delas pode ser devastador. Voc\u00ea j\u00e1 refletiu sobre o impacto que algumas frases podem ter de forma negativa? Talvez, ao ouvir ou usar alguma delas, nunca tenha se dado [&hellip;]<\/p>\n","protected":false},"author":49,"featured_media":98767,"comment_status":"open","ping_status":"closed","sticky":false,"template":"","format":"standard","meta":{"jnews-multi-image_gallery":[],"jnews_single_post":[],"jnews_primary_category":[],"jnews_social_meta":[],"jnews_override_counter":[],"footnotes":""},"categories":[1947,27],"tags":[27827,27831,27830,26060,27828,27829],"class_list":["post-98753","post","type-post","status-publish","format-standard","has-post-thumbnail","hentry","category-curiosidades","category-dicas","tag-combate-ao-racismo","tag-conscientizacao-social","tag-educacao-antirracista","tag-expressoes-racistas","tag-linguagem-inclusiva","tag-respeito-a-diversidade"],"yoast_head":"<!-- This site is optimized with the Yoast SEO Premium plugin v27.5 (Yoast SEO v27.5) - https:\/\/yoast.com\/product\/yoast-seo-premium-wordpress\/ -->\n<title>40 express\u00f5es racistas que voc\u00ea deve eliminar do vocabul\u00e1rio agora - Blog Pensar Cursos<\/title>\n<meta name=\"description\" content=\"O racismo, disfar\u00e7ado de palavras do cotidiano, ainda \u00e9 uma realidade que permeia a sociedade. Muitas express\u00f5es s\u00e3o repetidas sem maldade ou reflex\u00e3o,\" \/>\n<meta name=\"robots\" content=\"index, follow, max-snippet:-1, max-image-preview:large, max-video-preview:-1\" \/>\n<link rel=\"canonical\" href=\"https:\/\/www.pensarcursos.com.br\/blog\/40-expressoes-racistas-que-voce-deve-eliminar-do-vocabulario-agora\/\" \/>\n<meta property=\"og:locale\" content=\"pt_BR\" \/>\n<meta property=\"og:type\" content=\"article\" \/>\n<meta property=\"og:title\" content=\"40 express\u00f5es racistas que voc\u00ea deve eliminar do vocabul\u00e1rio agora\" \/>\n<meta property=\"og:description\" content=\"O racismo, disfar\u00e7ado de palavras do cotidiano, ainda \u00e9 uma realidade que permeia a sociedade. Muitas express\u00f5es s\u00e3o repetidas sem maldade ou reflex\u00e3o,\" \/>\n<meta property=\"og:url\" content=\"https:\/\/www.pensarcursos.com.br\/blog\/40-expressoes-racistas-que-voce-deve-eliminar-do-vocabulario-agora\/\" \/>\n<meta property=\"og:site_name\" content=\"Blog Pensar Cursos\" \/>\n<meta property=\"article:publisher\" content=\"https:\/\/www.facebook.com\/pensarcursos\/\" \/>\n<meta property=\"article:published_time\" content=\"2025-04-19T23:59:23+00:00\" \/>\n<meta property=\"og:image\" content=\"https:\/\/www.pensarcursos.com.br\/blog\/wp-content\/uploads\/2025\/04\/expressoes-que-voce-deve-eliminar-do-seu-vocabulario.jpg.webp\" \/>\n\t<meta property=\"og:image:width\" content=\"1200\" \/>\n\t<meta property=\"og:image:height\" content=\"800\" \/>\n\t<meta property=\"og:image:type\" content=\"image\/webp\" \/>\n<meta name=\"author\" content=\"Gabriela Machado\" \/>\n<meta name=\"twitter:card\" content=\"summary_large_image\" \/>\n<meta name=\"twitter:label1\" content=\"Escrito por\" \/>\n\t<meta name=\"twitter:data1\" content=\"Gabriela Machado\" \/>\n\t<meta name=\"twitter:label2\" content=\"Est. tempo de leitura\" \/>\n\t<meta name=\"twitter:data2\" content=\"5 minutos\" \/>\n<!-- \/ Yoast SEO Premium plugin. -->","yoast_head_json":{"title":"40 express\u00f5es racistas que voc\u00ea deve eliminar do vocabul\u00e1rio agora - Blog Pensar Cursos","description":"O racismo, disfar\u00e7ado de palavras do cotidiano, ainda \u00e9 uma realidade que permeia a sociedade. Muitas express\u00f5es s\u00e3o repetidas sem maldade ou reflex\u00e3o,","robots":{"index":"index","follow":"follow","max-snippet":"max-snippet:-1","max-image-preview":"max-image-preview:large","max-video-preview":"max-video-preview:-1"},"canonical":"https:\/\/www.pensarcursos.com.br\/blog\/40-expressoes-racistas-que-voce-deve-eliminar-do-vocabulario-agora\/","og_locale":"pt_BR","og_type":"article","og_title":"40 express\u00f5es racistas que voc\u00ea deve eliminar do vocabul\u00e1rio agora","og_description":"O racismo, disfar\u00e7ado de palavras do cotidiano, ainda \u00e9 uma realidade que permeia a sociedade. Muitas express\u00f5es s\u00e3o repetidas sem maldade ou reflex\u00e3o,","og_url":"https:\/\/www.pensarcursos.com.br\/blog\/40-expressoes-racistas-que-voce-deve-eliminar-do-vocabulario-agora\/","og_site_name":"Blog Pensar Cursos","article_publisher":"https:\/\/www.facebook.com\/pensarcursos\/","article_published_time":"2025-04-19T23:59:23+00:00","og_image":[{"width":1200,"height":800,"url":"https:\/\/www.pensarcursos.com.br\/blog\/wp-content\/uploads\/2025\/04\/expressoes-que-voce-deve-eliminar-do-seu-vocabulario.jpg.webp","type":"image\/webp"}],"author":"Gabriela Machado","twitter_card":"summary_large_image","twitter_misc":{"Escrito por":"Gabriela Machado","Est. tempo de leitura":"5 minutos"},"schema":{"@context":"https:\/\/schema.org","@graph":[{"@type":["Article","BlogPosting"],"@id":"https:\/\/www.pensarcursos.com.br\/blog\/40-expressoes-racistas-que-voce-deve-eliminar-do-vocabulario-agora\/#article","isPartOf":{"@id":"https:\/\/www.pensarcursos.com.br\/blog\/40-expressoes-racistas-que-voce-deve-eliminar-do-vocabulario-agora\/"},"author":{"name":"Gabriela Machado","@id":"https:\/\/www.pensarcursos.com.br\/blog\/#\/schema\/person\/134389a33d69ddd7e127fac02bd155fa"},"headline":"40 express\u00f5es racistas que voc\u00ea deve eliminar do vocabul\u00e1rio agora","datePublished":"2025-04-19T23:59:23+00:00","mainEntityOfPage":{"@id":"https:\/\/www.pensarcursos.com.br\/blog\/40-expressoes-racistas-que-voce-deve-eliminar-do-vocabulario-agora\/"},"wordCount":1022,"commentCount":0,"publisher":{"@id":"https:\/\/www.pensarcursos.com.br\/blog\/#organization"},"image":{"@id":"https:\/\/www.pensarcursos.com.br\/blog\/40-expressoes-racistas-que-voce-deve-eliminar-do-vocabulario-agora\/#primaryimage"},"thumbnailUrl":"https:\/\/www.pensarcursos.com.br\/blog\/wp-content\/uploads\/2025\/04\/expressoes-que-voce-deve-eliminar-do-seu-vocabulario.jpg.webp","keywords":["combate ao racismo","conscientiza\u00e7\u00e3o social","educa\u00e7\u00e3o antirracista","express\u00f5es racistas","linguagem inclusiva","respeito \u00e0 diversidade"],"articleSection":["Curiosidades","Dicas"],"inLanguage":"pt-BR","potentialAction":[{"@type":"CommentAction","name":"Comment","target":["https:\/\/www.pensarcursos.com.br\/blog\/40-expressoes-racistas-que-voce-deve-eliminar-do-vocabulario-agora\/#respond"]}],"copyrightYear":"2025","copyrightHolder":{"@id":"https:\/\/www.pensarcursos.com.br\/blog\/#organization"}},{"@type":"WebPage","@id":"https:\/\/www.pensarcursos.com.br\/blog\/40-expressoes-racistas-que-voce-deve-eliminar-do-vocabulario-agora\/","url":"https:\/\/www.pensarcursos.com.br\/blog\/40-expressoes-racistas-que-voce-deve-eliminar-do-vocabulario-agora\/","name":"40 express\u00f5es racistas que voc\u00ea deve eliminar do vocabul\u00e1rio agora - Blog Pensar Cursos","isPartOf":{"@id":"https:\/\/www.pensarcursos.com.br\/blog\/#website"},"primaryImageOfPage":{"@id":"https:\/\/www.pensarcursos.com.br\/blog\/40-expressoes-racistas-que-voce-deve-eliminar-do-vocabulario-agora\/#primaryimage"},"image":{"@id":"https:\/\/www.pensarcursos.com.br\/blog\/40-expressoes-racistas-que-voce-deve-eliminar-do-vocabulario-agora\/#primaryimage"},"thumbnailUrl":"https:\/\/www.pensarcursos.com.br\/blog\/wp-content\/uploads\/2025\/04\/expressoes-que-voce-deve-eliminar-do-seu-vocabulario.jpg.webp","datePublished":"2025-04-19T23:59:23+00:00","description":"O racismo, disfar\u00e7ado de palavras do cotidiano, ainda \u00e9 uma realidade que permeia a sociedade. Muitas express\u00f5es s\u00e3o repetidas sem maldade ou reflex\u00e3o,","breadcrumb":{"@id":"https:\/\/www.pensarcursos.com.br\/blog\/40-expressoes-racistas-que-voce-deve-eliminar-do-vocabulario-agora\/#breadcrumb"},"inLanguage":"pt-BR","potentialAction":[{"@type":"ReadAction","target":["https:\/\/www.pensarcursos.com.br\/blog\/40-expressoes-racistas-que-voce-deve-eliminar-do-vocabulario-agora\/"]}]},{"@type":"ImageObject","inLanguage":"pt-BR","@id":"https:\/\/www.pensarcursos.com.br\/blog\/40-expressoes-racistas-que-voce-deve-eliminar-do-vocabulario-agora\/#primaryimage","url":"https:\/\/www.pensarcursos.com.br\/blog\/wp-content\/uploads\/2025\/04\/expressoes-que-voce-deve-eliminar-do-seu-vocabulario.jpg.webp","contentUrl":"https:\/\/www.pensarcursos.com.br\/blog\/wp-content\/uploads\/2025\/04\/expressoes-que-voce-deve-eliminar-do-seu-vocabulario.jpg.webp","width":1200,"height":800,"caption":"Descubra as express\u00f5es racistas que voc\u00ea deve remover imediatamente do seu vocabul\u00e1rio. Imagem: Canva"},{"@type":"BreadcrumbList","@id":"https:\/\/www.pensarcursos.com.br\/blog\/40-expressoes-racistas-que-voce-deve-eliminar-do-vocabulario-agora\/#breadcrumb","itemListElement":[{"@type":"ListItem","position":1,"name":"Home","item":"https:\/\/www.pensarcursos.com.br\/blog\/"},{"@type":"ListItem","position":2,"name":"40 express\u00f5es racistas que voc\u00ea deve eliminar do vocabul\u00e1rio agora"}]},{"@type":"WebSite","@id":"https:\/\/www.pensarcursos.com.br\/blog\/#website","url":"https:\/\/www.pensarcursos.com.br\/blog\/","name":"Blog Pensar Cursos","description":"Maior Site de Cursos do Brasil","publisher":{"@id":"https:\/\/www.pensarcursos.com.br\/blog\/#organization"},"alternateName":"Blog Pensar","potentialAction":[{"@type":"SearchAction","target":{"@type":"EntryPoint","urlTemplate":"https:\/\/www.pensarcursos.com.br\/blog\/?s={search_term_string}"},"query-input":{"@type":"PropertyValueSpecification","valueRequired":true,"valueName":"search_term_string"}}],"inLanguage":"pt-BR"},{"@type":"Organization","@id":"https:\/\/www.pensarcursos.com.br\/blog\/#organization","name":"Pensar Cursos","alternateName":"Blog pensar","url":"https:\/\/www.pensarcursos.com.br\/blog\/","logo":{"@type":"ImageObject","inLanguage":"pt-BR","@id":"https:\/\/www.pensarcursos.com.br\/blog\/#\/schema\/logo\/image\/","url":"https:\/\/www.pensarcursos.com.br\/blog\/wp-content\/uploads\/2023\/11\/Nova-Logo-Pensar-Cursos-vertical.png","contentUrl":"https:\/\/www.pensarcursos.com.br\/blog\/wp-content\/uploads\/2023\/11\/Nova-Logo-Pensar-Cursos-vertical.png","width":1393,"height":1001,"caption":"Pensar Cursos"},"image":{"@id":"https:\/\/www.pensarcursos.com.br\/blog\/#\/schema\/logo\/image\/"},"sameAs":["https:\/\/www.facebook.com\/pensarcursos\/","https:\/\/instagram.com.br\/pensarcursos"],"description":"Pensar Cursos \u00e9 uma empresa especializada em oferecer cursos de alta qualidade voltados para o desenvolvimento profissional e acad\u00eamico. Com uma ampla gama de op\u00e7\u00f5es de treinamento, oferecemos conte\u00fados atualizados, ministrados por especialistas da \u00e1rea, para capacitar indiv\u00edduos e equipes a atingirem seus objetivos. Nossa miss\u00e3o \u00e9 proporcionar uma educa\u00e7\u00e3o transformadora, acess\u00edvel e personalizada para cada aluno, seja em cursos presenciais ou online. Com uma abordagem inovadora, buscamos adaptar os nossos programas de ensino \u00e0s necessidades do mercado, criando solu\u00e7\u00f5es que atendem aos desafios e exig\u00eancias do mundo corporativo e acad\u00eamico. Nossos cursos incluem desde forma\u00e7\u00f5es t\u00e9cnicas at\u00e9 habilidades essenciais, como lideran\u00e7a, gest\u00e3o e desenvolvimento pessoal.","email":"contato@pensarcursos.com.br","legalName":"Sena Servi\u00e7os de Informa\u00e7\u00e3o Online LTDA","foundingDate":"2013-04-18","vatID":"17956217000172","numberOfEmployees":{"@type":"QuantitativeValue","minValue":"11","maxValue":"50"},"publishingPrinciples":"https:\/\/www.pensarcursos.com.br\/blog\/principios-de-publicacao\/","ownershipFundingInfo":"https:\/\/www.pensarcursos.com.br\/blog\/informacoes-de-propriedade-financiamento\/","actionableFeedbackPolicy":"https:\/\/www.pensarcursos.com.br\/blog\/politica-de-feedback-acionavel\/","correctionsPolicy":"https:\/\/www.pensarcursos.com.br\/blog\/politica-de-correcoes\/","ethicsPolicy":"https:\/\/www.pensarcursos.com.br\/blog\/politica-de-etica\/"},{"@type":"Person","@id":"https:\/\/www.pensarcursos.com.br\/blog\/#\/schema\/person\/134389a33d69ddd7e127fac02bd155fa","name":"Gabriela Machado","image":{"@type":"ImageObject","inLanguage":"pt-BR","@id":"https:\/\/secure.gravatar.com\/avatar\/3c883c65f44a41cb00078efa0c1943783eabec9e96518b4565b28a6f9d027f9b?s=96&d=mm&r=g","url":"https:\/\/secure.gravatar.com\/avatar\/3c883c65f44a41cb00078efa0c1943783eabec9e96518b4565b28a6f9d027f9b?s=96&d=mm&r=g","contentUrl":"https:\/\/secure.gravatar.com\/avatar\/3c883c65f44a41cb00078efa0c1943783eabec9e96518b4565b28a6f9d027f9b?s=96&d=mm&r=g","caption":"Gabriela Machado"},"description":"Graduada em Pedagogia pela UESC(Universidade Estadual de Santa Cruz). Redatora do grupo Sena Online.","sameAs":["https:\/\/www.instagram.com\/gabrielamchs"],"url":"https:\/\/www.pensarcursos.com.br\/blog\/author\/gabriela\/"}]}},"_links":{"self":[{"href":"https:\/\/www.pensarcursos.com.br\/blog\/wp-json\/wp\/v2\/posts\/98753","targetHints":{"allow":["GET"]}}],"collection":[{"href":"https:\/\/www.pensarcursos.com.br\/blog\/wp-json\/wp\/v2\/posts"}],"about":[{"href":"https:\/\/www.pensarcursos.com.br\/blog\/wp-json\/wp\/v2\/types\/post"}],"author":[{"embeddable":true,"href":"https:\/\/www.pensarcursos.com.br\/blog\/wp-json\/wp\/v2\/users\/49"}],"replies":[{"embeddable":true,"href":"https:\/\/www.pensarcursos.com.br\/blog\/wp-json\/wp\/v2\/comments?post=98753"}],"version-history":[{"count":0,"href":"https:\/\/www.pensarcursos.com.br\/blog\/wp-json\/wp\/v2\/posts\/98753\/revisions"}],"wp:featuredmedia":[{"embeddable":true,"href":"https:\/\/www.pensarcursos.com.br\/blog\/wp-json\/wp\/v2\/media\/98767"}],"wp:attachment":[{"href":"https:\/\/www.pensarcursos.com.br\/blog\/wp-json\/wp\/v2\/media?parent=98753"}],"wp:term":[{"taxonomy":"category","embeddable":true,"href":"https:\/\/www.pensarcursos.com.br\/blog\/wp-json\/wp\/v2\/categories?post=98753"},{"taxonomy":"post_tag","embeddable":true,"href":"https:\/\/www.pensarcursos.com.br\/blog\/wp-json\/wp\/v2\/tags?post=98753"}],"curies":[{"name":"wp","href":"https:\/\/api.w.org\/{rel}","templated":true}]}}