{"id":98033,"date":"2025-04-14T20:09:17","date_gmt":"2025-04-14T23:09:17","guid":{"rendered":"https:\/\/www.pensarcursos.com.br\/blog\/?p=98033"},"modified":"2025-04-14T07:18:30","modified_gmt":"2025-04-14T10:18:30","slug":"se-voce-diz-essas-10-frases-com-frequencia-sua-personalidade-e-forte","status":"publish","type":"post","link":"https:\/\/www.pensarcursos.com.br\/blog\/se-voce-diz-essas-10-frases-com-frequencia-sua-personalidade-e-forte\/","title":{"rendered":"Se voc\u00ea diz essas 10 frases com frequ\u00eancia, sua personalidade \u00e9 forte!"},"content":{"rendered":"<p class=\"\" data-start=\"104\" data-end=\"374\">Voc\u00ea j\u00e1 parou pra pensar no quanto as palavras dizem sobre a gente? Elas t\u00eam um poder enorme \u2014 podem motivar, inspirar e at\u00e9 mudar o rumo de uma situa\u00e7\u00e3o. E quando o assunto \u00e9 personalidade, a forma como voc\u00ea se expressa pode revelar muito sobre sua confian\u00e7a e postura.<\/p>\n<p class=\"\" data-start=\"376\" data-end=\"644\">Agora pensa a\u00ed: nas suas conversas do dia a dia, voc\u00ea sente que suas palavras t\u00eam presen\u00e7a? Ou acaba evitando dizer certas coisas com medo de se expor demais? Refletir sobre isso \u00e9 um \u00f3timo passo pra entender melhor quem voc\u00ea \u00e9 e como se posiciona diante das pessoas.<\/p>\n<p class=\"\" data-start=\"646\" data-end=\"809\">A seguir, voc\u00ea vai encontrar algumas frases que, se j\u00e1 fazem parte do seu jeito de falar, podem indicar que voc\u00ea tem uma personalidade forte e marcante. Confira!<\/p>\n<h2>Frases que revelam uma personalidade forte<\/h2>\n<p>Agora que voc\u00ea j\u00e1 est\u00e1 pensando sobre o impacto das palavras, veja as frases que podem ser um sinal de que voc\u00ea possui uma personalidade forte. Aqui est\u00e3o algumas express\u00f5es que, se fazem parte do seu dia a dia, podem indicar essa for\u00e7a interior.<\/p>\n<h3>1. &#8220;N\u00e3o&#8221; n\u00e3o \u00e9 uma palavra proibida<\/h3>\n<p>Muitas pessoas t\u00eam dificuldade em <a href=\"https:\/\/www.pensarcursos.com.br\/blog\/tecnicas-dizer-nao\/\">dizer &#8220;n\u00e3o&#8221;<\/a>. Isso pode ser devido ao medo de desagradar os outros ou de perder oportunidades. No entanto, aqueles que possuem uma personalidade forte entendem que dizer &#8220;n\u00e3o&#8221; \u00e9 um sinal de autoconhecimento e respeito pr\u00f3prio. Eles sabem que suas prioridades s\u00e3o importantes e n\u00e3o hesitam em estabelecer limites.<\/p>\n<p><strong>Reflex\u00e3o:<\/strong>\u00a0Voc\u00ea se sente confort\u00e1vel dizendo n\u00e3o quando necess\u00e1rio? Essa habilidade pode ser um grande indicativo de sua autoconfian\u00e7a.<\/p>\n<h3>2. &#8220;N\u00e3o sei, mas vou descobrir&#8221;<\/h3>\n<p>A humildade \u00e9 uma caracter\u00edstica admir\u00e1vel. Pessoas com uma personalidade forte n\u00e3o t\u00eam vergonha de admitir que n\u00e3o sabem algo. Em vez disso, elas veem isso como uma oportunidade de aprendizado. Essa frase demonstra uma atitude proativa e uma disposi\u00e7\u00e3o para buscar conhecimento.<\/p>\n<p><strong>Pergunta:<\/strong> Voc\u00ea j\u00e1 se pegou com dificuldade em admitir que n\u00e3o sabe algo? Como seria se voc\u00ea se permitisse essa vulnerabilidade?<\/p>\n<h3>3. &#8220;Eu cometi um erro&#8221;<\/h3>\n<p>Admitir erros pode ser desafiador, mas \u00e9 um sinal de <a href=\"https:\/\/www.pensarcursos.com.br\/blog\/6-sinais-de-imaturidade-que-voce-nao-percebe-mas-que-estao-em-voce\/\">maturidade<\/a> e for\u00e7a. Ao reconhecer uma falha, voc\u00ea n\u00e3o apenas demonstra responsabilidade, mas tamb\u00e9m abre espa\u00e7o para o crescimento. Essa atitude pode inspirar confian\u00e7a nas pessoas ao seu redor.<\/p>\n<p><strong>Cen\u00e1rio:<\/strong>\u00a0Imagine que voc\u00ea cometeu um erro em um projeto importante. Em vez de se esconder, voc\u00ea decide ser transparente e aprender com a situa\u00e7\u00e3o. Como isso mudaria a percep\u00e7\u00e3o dos outros sobre voc\u00ea?<\/p>\n<h3>4. &#8220;Aprecio sua perspectiva&#8221;<\/h3>\n<p>Uma personalidade forte \u00e9 capaz de ouvir e respeitar diferentes pontos de vista. Essa frase demonstra abertura e empatia, caracter\u00edsticas fundamentais para um bom di\u00e1logo. Ao valorizar a opini\u00e3o dos outros, voc\u00ea n\u00e3o s\u00f3 fortalece suas rela\u00e7\u00f5es, mas tamb\u00e9m enriquece sua pr\u00f3pria vis\u00e3o de mundo.<\/p>\n<p><strong>Reflex\u00e3o:<\/strong>\u00a0Voc\u00ea costuma ouvir as opini\u00f5es dos outros antes de formar uma conclus\u00e3o? Essa habilidade pode ser fundamental para o seu crescimento pessoal.<\/p>\n<h3>5. &#8220;Eu acredito em voc\u00ea&#8221;<\/h3>\n<p>Ser um suporte para os outros \u00e9 uma marca de uma personalidade forte. Quando voc\u00ea diz &#8220;eu acredito em voc\u00ea&#8221;, est\u00e1 n\u00e3o apenas encorajando, mas tamb\u00e9m mostrando que confia nas capacidades alheias. Essa atitude pode ter um impacto profundo na autoestima das pessoas ao seu redor.<\/p>\n<p><strong>Pergunta:<\/strong>\u00a0Voc\u00ea j\u00e1 parou para pensar no poder que suas palavras t\u00eam sobre os outros? Como voc\u00ea pode ser uma influ\u00eancia positiva na vida de algu\u00e9m?<\/p>\n<h3>6. &#8220;Vamos tentar&#8221;<\/h3>\n<p>A disposi\u00e7\u00e3o para experimentar coisas novas \u00e9 uma caracter\u00edstica de pessoas com <a href=\"https:\/\/www.pensarcursos.com.br\/blog\/descubra-as-6-caracteristicas-que-definem-pessoas-de-personalidade-forte\/\">personalidade forte<\/a>. Essa frase reflete coragem e uma mentalidade aberta. Ao se permitir tentar, voc\u00ea se coloca em situa\u00e7\u00f5es de aprendizado e crescimento.<\/p>\n<p><strong>Cen\u00e1rio:<\/strong>\u00a0Imagine que voc\u00ea foi convidado para um projeto que est\u00e1 fora da sua zona de conforto. Ao inv\u00e9s de recuar, voc\u00ea diz: &#8220;Vamos tentar&#8221;. Como isso poderia mudar sua trajet\u00f3ria?<\/p>\n<h3>7. &#8220;Eu preciso de ajuda&#8221;<\/h3>\n<p>Reconhecer que precisa de ajuda \u00e9 um sinal de for\u00e7a, n\u00e3o de fraqueza. Pessoas com uma personalidade forte entendem que todos t\u00eam suas limita\u00e7\u00f5es e que pedir apoio \u00e9 uma forma de cuidar de si mesmo. Essa atitude pode fortalecer la\u00e7os e criar um ambiente colaborativo.<\/p>\n<p><strong>Reflex\u00e3o:<\/strong> Voc\u00ea se sente \u00e0 vontade para pedir ajuda quando precisa? Essa habilidade pode ser determinante para o seu bem-estar emocional.<\/p>\n<h3>8. &#8220;Sinto muito&#8221;<\/h3>\n<p>Pedir desculpas \u00e9 uma demonstra\u00e7\u00e3o de integridade. Quando voc\u00ea diz &#8220;sinto muito&#8221;, est\u00e1 assumindo a responsabilidade por suas a\u00e7\u00f5es. Isso n\u00e3o apenas ajuda a restaurar relacionamentos, mas tamb\u00e9m mostra que voc\u00ea valoriza a conex\u00e3o com os outros.<\/p>\n<p><strong>Pergunta:<\/strong>\u00a0Voc\u00ea costuma se desculpar quando erra? Como essa pr\u00e1tica pode impactar suas rela\u00e7\u00f5es pessoais e profissionais?<\/p>\n<h3>9. &#8220;Eu irei fazer acontecer&#8221;<\/h3>\n<p>A determina\u00e7\u00e3o \u00e9 uma caracter\u00edstica marcante de pessoas com personalidade forte. Ao afirmar que voc\u00ea vai fazer algo acontecer, est\u00e1 expressando sua vontade de lutar por seus objetivos. Essa atitude pode inspirar outros a fazerem o mesmo.<\/p>\n<p><strong>Cen\u00e1rio:<\/strong>\u00a0Pense em um sonho que voc\u00ea tem. Ao inv\u00e9s de esperar que as coisas aconte\u00e7am, voc\u00ea diz: &#8220;Eu irei fazer acontecer&#8221;. Como isso mudaria sua abordagem em rela\u00e7\u00e3o aos desafios?<\/p>\n<h3>10. &#8220;Eu sou suficiente&#8221;<\/h3>\n<p>Em um mundo que constantemente nos pressiona a ser mais, reconhecer que voc\u00ea \u00e9 suficiente \u00e9 uma afirma\u00e7\u00e3o poderosa. Essa frase representa autoaceita\u00e7\u00e3o e amor-pr\u00f3prio. Pessoas com personalidade forte sabem que seu valor n\u00e3o depende de valida\u00e7\u00f5es externas.<\/p>\n<p><strong>Reflex\u00e3o:<\/strong>\u00a0Voc\u00ea se permite ser quem \u00e9, sem se comparar aos outros? Essa aceita\u00e7\u00e3o pode ser transformadora para sua autoestima.<\/p>\n<h2>Como identificar se voc\u00ea usa essas frases?<\/h2>\n<figure id=\"attachment_98038\" aria-describedby=\"caption-attachment-98038\" style=\"width: 1500px\" class=\"wp-caption aligncenter\"><img decoding=\"async\" class=\"wp-image-98038 size-full\" title=\"Entusiasmo ao reconhecer atitudes que revelam personalidade forte.\" src=\"https:\/\/www.pensarcursos.com.br\/blog\/wp-content\/uploads\/2025\/04\/expressao-entusiasmo-reflexao-frases.webp\" alt=\"Mulher sorrindo e apontando com entusiasmo para cima, em sinal de destaque e reflex\u00e3o.\" width=\"1500\" height=\"1000\" srcset=\"https:\/\/www.pensarcursos.com.br\/blog\/wp-content\/uploads\/2025\/04\/expressao-entusiasmo-reflexao-frases.webp 1500w, https:\/\/www.pensarcursos.com.br\/blog\/wp-content\/uploads\/2025\/04\/expressao-entusiasmo-reflexao-frases-300x200.webp 300w, https:\/\/www.pensarcursos.com.br\/blog\/wp-content\/uploads\/2025\/04\/expressao-entusiasmo-reflexao-frases-1024x683.webp 1024w, https:\/\/www.pensarcursos.com.br\/blog\/wp-content\/uploads\/2025\/04\/expressao-entusiasmo-reflexao-frases-768x512.webp 768w\" sizes=\"(max-width: 1500px) 100vw, 1500px\" \/><figcaption id=\"caption-attachment-98038\" class=\"wp-caption-text\">Aprenda a identificar se voc\u00ea usa essas frases. Imagem: Freepik<\/figcaption><\/figure>\n<p>Agora que voc\u00ea conhece essas frases, como saber se elas fazem parte do seu vocabul\u00e1rio? Uma boa maneira \u00e9 refletir sobre suas conversas di\u00e1rias. Pergunte a si mesmo:<\/p>\n<ul class=\"!whitespace-normal list-disc ml-5\">\n<li class=\"pb-1\">Com que frequ\u00eancia voc\u00ea diz &#8220;n\u00e3o&#8221; quando necess\u00e1rio?<\/li>\n<li class=\"pb-1\">Voc\u00ea admite quando n\u00e3o sabe algo?<\/li>\n<li class=\"pb-1\">Como voc\u00ea lida com seus erros?<\/li>\n<\/ul>\n<p>Essas perguntas podem ajudar a identificar padr\u00f5es em sua comunica\u00e7\u00e3o e a perceber como voc\u00ea se v\u00ea em rela\u00e7\u00e3o ao mundo.<\/p>\n<h2>O impacto das palavras na sua vida<\/h2>\n<p>As palavras que escolhemos t\u00eam um impacto profundo em nossas vidas e nas vidas das pessoas ao nosso redor. Ao usar frases que refletem uma personalidade forte, voc\u00ea n\u00e3o apenas se fortalece, mas tamb\u00e9m inspira aqueles que est\u00e3o \u00e0 sua volta. Essa din\u00e2mica pode criar um ambiente mais positivo e encorajador, tanto em sua vida pessoal quanto profissional.<\/p>\n<h2>Um desafio para voc\u00ea<\/h2>\n<p>Agora que voc\u00ea refletiu sobre essas frases e seu impacto, que tal um desafio? Durante essa semana, preste aten\u00e7\u00e3o nas suas conversas. Tente incorporar algumas dessas express\u00f5es em seu dia a dia. Observe como isso afeta sua intera\u00e7\u00e3o com os outros e como voc\u00ea se sente ao usar essas palavras.<\/p>\n<p>As palavras que escolhemos moldam nossas experi\u00eancias e rela\u00e7\u00f5es. Incorporar express\u00f5es que refletem uma personalidade forte pode fortalecer sua autoconfian\u00e7a e influenciar positivamente o ambiente ao seu redor. Que tal come\u00e7ar hoje a observar e ajustar sua comunica\u00e7\u00e3o?<\/p>\n","protected":false},"excerpt":{"rendered":"<p>Voc\u00ea j\u00e1 parou pra pensar no quanto as palavras dizem sobre a gente? Elas t\u00eam um poder enorme \u2014 podem motivar, inspirar e at\u00e9 mudar o rumo de uma situa\u00e7\u00e3o. E quando o assunto \u00e9 personalidade, a forma como voc\u00ea se expressa pode revelar muito sobre sua confian\u00e7a e postura. Agora pensa a\u00ed: nas suas [&hellip;]<\/p>\n","protected":false},"author":17,"featured_media":98037,"comment_status":"open","ping_status":"closed","sticky":false,"template":"","format":"standard","meta":{"jnews-multi-image_gallery":[],"jnews_single_post":[],"jnews_primary_category":[],"jnews_social_meta":[],"jnews_override_counter":[],"footnotes":""},"categories":[27431],"tags":[27613,11508,17059,861,7831,23606,27073],"class_list":["post-98033","post","type-post","status-publish","format-standard","has-post-thumbnail","hentry","category-psicologia-e-comportamento","tag-autoaceitacao","tag-autoconfianca","tag-comunicacao-assertiva","tag-desenvolvimento-pessoal","tag-empatia","tag-frases-personalidade-forte","tag-personalidade-forte"],"yoast_head":"<!-- This site is optimized with the Yoast SEO Premium plugin v27.5 (Yoast SEO v27.5) - https:\/\/yoast.com\/product\/yoast-seo-premium-wordpress\/ -->\n<title>Se voc\u00ea diz essas 10 frases com frequ\u00eancia, sua personalidade \u00e9 forte! - Blog Pensar Cursos<\/title>\n<meta name=\"description\" content=\"Voc\u00ea j\u00e1 parou pra pensar no quanto as palavras dizem sobre a gente? Elas t\u00eam um poder enorme \u2014 podem motivar, inspirar e at\u00e9 mudar o rumo de uma situa\u00e7\u00e3o.\" \/>\n<meta name=\"robots\" content=\"index, follow, max-snippet:-1, max-image-preview:large, max-video-preview:-1\" \/>\n<link rel=\"canonical\" href=\"https:\/\/www.pensarcursos.com.br\/blog\/se-voce-diz-essas-10-frases-com-frequencia-sua-personalidade-e-forte\/\" \/>\n<meta property=\"og:locale\" content=\"pt_BR\" \/>\n<meta property=\"og:type\" content=\"article\" \/>\n<meta property=\"og:title\" content=\"Se voc\u00ea diz essas 10 frases com frequ\u00eancia, sua personalidade \u00e9 forte!\" \/>\n<meta property=\"og:description\" content=\"Voc\u00ea j\u00e1 parou pra pensar no quanto as palavras dizem sobre a gente? Elas t\u00eam um poder enorme \u2014 podem motivar, inspirar e at\u00e9 mudar o rumo de uma situa\u00e7\u00e3o.\" \/>\n<meta property=\"og:url\" content=\"https:\/\/www.pensarcursos.com.br\/blog\/se-voce-diz-essas-10-frases-com-frequencia-sua-personalidade-e-forte\/\" \/>\n<meta property=\"og:site_name\" content=\"Blog Pensar Cursos\" \/>\n<meta property=\"article:publisher\" content=\"https:\/\/www.facebook.com\/pensarcursos\/\" \/>\n<meta property=\"article:author\" content=\"https:\/\/www.facebook.com\/profile.php?id=61550018262414\" \/>\n<meta property=\"article:published_time\" content=\"2025-04-14T23:09:17+00:00\" \/>\n<meta property=\"og:image\" content=\"https:\/\/www.pensarcursos.com.br\/blog\/wp-content\/uploads\/2025\/04\/personalidade-forte-aponta-frases.webp\" \/>\n\t<meta property=\"og:image:width\" content=\"1500\" \/>\n\t<meta property=\"og:image:height\" content=\"1000\" \/>\n\t<meta property=\"og:image:type\" content=\"image\/webp\" \/>\n<meta name=\"author\" content=\"Gorete Costa\" \/>\n<meta name=\"twitter:card\" content=\"summary_large_image\" \/>\n<meta name=\"twitter:label1\" content=\"Escrito por\" \/>\n\t<meta name=\"twitter:data1\" content=\"Gorete Costa\" \/>\n\t<meta name=\"twitter:label2\" content=\"Est. tempo de leitura\" \/>\n\t<meta name=\"twitter:data2\" content=\"6 minutos\" \/>\n<!-- \/ Yoast SEO Premium plugin. -->","yoast_head_json":{"title":"Se voc\u00ea diz essas 10 frases com frequ\u00eancia, sua personalidade \u00e9 forte! - Blog Pensar Cursos","description":"Voc\u00ea j\u00e1 parou pra pensar no quanto as palavras dizem sobre a gente? Elas t\u00eam um poder enorme \u2014 podem motivar, inspirar e at\u00e9 mudar o rumo de uma situa\u00e7\u00e3o.","robots":{"index":"index","follow":"follow","max-snippet":"max-snippet:-1","max-image-preview":"max-image-preview:large","max-video-preview":"max-video-preview:-1"},"canonical":"https:\/\/www.pensarcursos.com.br\/blog\/se-voce-diz-essas-10-frases-com-frequencia-sua-personalidade-e-forte\/","og_locale":"pt_BR","og_type":"article","og_title":"Se voc\u00ea diz essas 10 frases com frequ\u00eancia, sua personalidade \u00e9 forte!","og_description":"Voc\u00ea j\u00e1 parou pra pensar no quanto as palavras dizem sobre a gente? Elas t\u00eam um poder enorme \u2014 podem motivar, inspirar e at\u00e9 mudar o rumo de uma situa\u00e7\u00e3o.","og_url":"https:\/\/www.pensarcursos.com.br\/blog\/se-voce-diz-essas-10-frases-com-frequencia-sua-personalidade-e-forte\/","og_site_name":"Blog Pensar Cursos","article_publisher":"https:\/\/www.facebook.com\/pensarcursos\/","article_author":"https:\/\/www.facebook.com\/profile.php?id=61550018262414","article_published_time":"2025-04-14T23:09:17+00:00","og_image":[{"width":1500,"height":1000,"url":"https:\/\/www.pensarcursos.com.br\/blog\/wp-content\/uploads\/2025\/04\/personalidade-forte-aponta-frases.webp","type":"image\/webp"}],"author":"Gorete Costa","twitter_card":"summary_large_image","twitter_misc":{"Escrito por":"Gorete Costa","Est. tempo de leitura":"6 minutos"},"schema":{"@context":"https:\/\/schema.org","@graph":[{"@type":["Article","BlogPosting"],"@id":"https:\/\/www.pensarcursos.com.br\/blog\/se-voce-diz-essas-10-frases-com-frequencia-sua-personalidade-e-forte\/#article","isPartOf":{"@id":"https:\/\/www.pensarcursos.com.br\/blog\/se-voce-diz-essas-10-frases-com-frequencia-sua-personalidade-e-forte\/"},"author":{"name":"Gorete Costa","@id":"https:\/\/www.pensarcursos.com.br\/blog\/#\/schema\/person\/e133b19d62595d6ab0c12f3e5436a7bb"},"headline":"Se voc\u00ea diz essas 10 frases com frequ\u00eancia, sua personalidade \u00e9 forte!","datePublished":"2025-04-14T23:09:17+00:00","mainEntityOfPage":{"@id":"https:\/\/www.pensarcursos.com.br\/blog\/se-voce-diz-essas-10-frases-com-frequencia-sua-personalidade-e-forte\/"},"wordCount":1225,"commentCount":0,"publisher":{"@id":"https:\/\/www.pensarcursos.com.br\/blog\/#organization"},"image":{"@id":"https:\/\/www.pensarcursos.com.br\/blog\/se-voce-diz-essas-10-frases-com-frequencia-sua-personalidade-e-forte\/#primaryimage"},"thumbnailUrl":"https:\/\/www.pensarcursos.com.br\/blog\/wp-content\/uploads\/2025\/04\/personalidade-forte-aponta-frases.webp","keywords":["autoaceita\u00e7\u00e3o","autoconfian\u00e7a","comunica\u00e7\u00e3o assertiva","Desenvolvimento pessoal","empatia","frases personalidade forte","personalidade forte"],"articleSection":["Psicologia e Comportamento"],"inLanguage":"pt-BR","potentialAction":[{"@type":"CommentAction","name":"Comment","target":["https:\/\/www.pensarcursos.com.br\/blog\/se-voce-diz-essas-10-frases-com-frequencia-sua-personalidade-e-forte\/#respond"]}],"copyrightYear":"2025","copyrightHolder":{"@id":"https:\/\/www.pensarcursos.com.br\/blog\/#organization"}},{"@type":"WebPage","@id":"https:\/\/www.pensarcursos.com.br\/blog\/se-voce-diz-essas-10-frases-com-frequencia-sua-personalidade-e-forte\/","url":"https:\/\/www.pensarcursos.com.br\/blog\/se-voce-diz-essas-10-frases-com-frequencia-sua-personalidade-e-forte\/","name":"Se voc\u00ea diz essas 10 frases com frequ\u00eancia, sua personalidade \u00e9 forte! - Blog Pensar Cursos","isPartOf":{"@id":"https:\/\/www.pensarcursos.com.br\/blog\/#website"},"primaryImageOfPage":{"@id":"https:\/\/www.pensarcursos.com.br\/blog\/se-voce-diz-essas-10-frases-com-frequencia-sua-personalidade-e-forte\/#primaryimage"},"image":{"@id":"https:\/\/www.pensarcursos.com.br\/blog\/se-voce-diz-essas-10-frases-com-frequencia-sua-personalidade-e-forte\/#primaryimage"},"thumbnailUrl":"https:\/\/www.pensarcursos.com.br\/blog\/wp-content\/uploads\/2025\/04\/personalidade-forte-aponta-frases.webp","datePublished":"2025-04-14T23:09:17+00:00","description":"Voc\u00ea j\u00e1 parou pra pensar no quanto as palavras dizem sobre a gente? Elas t\u00eam um poder enorme \u2014 podem motivar, inspirar e at\u00e9 mudar o rumo de uma situa\u00e7\u00e3o.","breadcrumb":{"@id":"https:\/\/www.pensarcursos.com.br\/blog\/se-voce-diz-essas-10-frases-com-frequencia-sua-personalidade-e-forte\/#breadcrumb"},"inLanguage":"pt-BR","potentialAction":[{"@type":"ReadAction","target":["https:\/\/www.pensarcursos.com.br\/blog\/se-voce-diz-essas-10-frases-com-frequencia-sua-personalidade-e-forte\/"]}]},{"@type":"ImageObject","inLanguage":"pt-BR","@id":"https:\/\/www.pensarcursos.com.br\/blog\/se-voce-diz-essas-10-frases-com-frequencia-sua-personalidade-e-forte\/#primaryimage","url":"https:\/\/www.pensarcursos.com.br\/blog\/wp-content\/uploads\/2025\/04\/personalidade-forte-aponta-frases.webp","contentUrl":"https:\/\/www.pensarcursos.com.br\/blog\/wp-content\/uploads\/2025\/04\/personalidade-forte-aponta-frases.webp","width":1500,"height":1000,"caption":"As frases que voc\u00ea escolhe dizem muito sobre a for\u00e7a da sua personalidade. Imagem: Freepik"},{"@type":"BreadcrumbList","@id":"https:\/\/www.pensarcursos.com.br\/blog\/se-voce-diz-essas-10-frases-com-frequencia-sua-personalidade-e-forte\/#breadcrumb","itemListElement":[{"@type":"ListItem","position":1,"name":"Home","item":"https:\/\/www.pensarcursos.com.br\/blog\/"},{"@type":"ListItem","position":2,"name":"Se voc\u00ea diz essas 10 frases com frequ\u00eancia, sua personalidade \u00e9 forte!"}]},{"@type":"WebSite","@id":"https:\/\/www.pensarcursos.com.br\/blog\/#website","url":"https:\/\/www.pensarcursos.com.br\/blog\/","name":"Blog Pensar Cursos","description":"Maior Site de Cursos do Brasil","publisher":{"@id":"https:\/\/www.pensarcursos.com.br\/blog\/#organization"},"alternateName":"Blog Pensar","potentialAction":[{"@type":"SearchAction","target":{"@type":"EntryPoint","urlTemplate":"https:\/\/www.pensarcursos.com.br\/blog\/?s={search_term_string}"},"query-input":{"@type":"PropertyValueSpecification","valueRequired":true,"valueName":"search_term_string"}}],"inLanguage":"pt-BR"},{"@type":"Organization","@id":"https:\/\/www.pensarcursos.com.br\/blog\/#organization","name":"Pensar Cursos","alternateName":"Blog pensar","url":"https:\/\/www.pensarcursos.com.br\/blog\/","logo":{"@type":"ImageObject","inLanguage":"pt-BR","@id":"https:\/\/www.pensarcursos.com.br\/blog\/#\/schema\/logo\/image\/","url":"https:\/\/www.pensarcursos.com.br\/blog\/wp-content\/uploads\/2023\/11\/Nova-Logo-Pensar-Cursos-vertical.png","contentUrl":"https:\/\/www.pensarcursos.com.br\/blog\/wp-content\/uploads\/2023\/11\/Nova-Logo-Pensar-Cursos-vertical.png","width":1393,"height":1001,"caption":"Pensar Cursos"},"image":{"@id":"https:\/\/www.pensarcursos.com.br\/blog\/#\/schema\/logo\/image\/"},"sameAs":["https:\/\/www.facebook.com\/pensarcursos\/","https:\/\/instagram.com.br\/pensarcursos"],"description":"Pensar Cursos \u00e9 uma empresa especializada em oferecer cursos de alta qualidade voltados para o desenvolvimento profissional e acad\u00eamico. Com uma ampla gama de op\u00e7\u00f5es de treinamento, oferecemos conte\u00fados atualizados, ministrados por especialistas da \u00e1rea, para capacitar indiv\u00edduos e equipes a atingirem seus objetivos. Nossa miss\u00e3o \u00e9 proporcionar uma educa\u00e7\u00e3o transformadora, acess\u00edvel e personalizada para cada aluno, seja em cursos presenciais ou online. Com uma abordagem inovadora, buscamos adaptar os nossos programas de ensino \u00e0s necessidades do mercado, criando solu\u00e7\u00f5es que atendem aos desafios e exig\u00eancias do mundo corporativo e acad\u00eamico. Nossos cursos incluem desde forma\u00e7\u00f5es t\u00e9cnicas at\u00e9 habilidades essenciais, como lideran\u00e7a, gest\u00e3o e desenvolvimento pessoal.","email":"contato@pensarcursos.com.br","legalName":"Sena Servi\u00e7os de Informa\u00e7\u00e3o Online LTDA","foundingDate":"2013-04-18","vatID":"17956217000172","numberOfEmployees":{"@type":"QuantitativeValue","minValue":"11","maxValue":"50"},"publishingPrinciples":"https:\/\/www.pensarcursos.com.br\/blog\/principios-de-publicacao\/","ownershipFundingInfo":"https:\/\/www.pensarcursos.com.br\/blog\/informacoes-de-propriedade-financiamento\/","actionableFeedbackPolicy":"https:\/\/www.pensarcursos.com.br\/blog\/politica-de-feedback-acionavel\/","correctionsPolicy":"https:\/\/www.pensarcursos.com.br\/blog\/politica-de-correcoes\/","ethicsPolicy":"https:\/\/www.pensarcursos.com.br\/blog\/politica-de-etica\/"},{"@type":"Person","@id":"https:\/\/www.pensarcursos.com.br\/blog\/#\/schema\/person\/e133b19d62595d6ab0c12f3e5436a7bb","name":"Gorete Costa","image":{"@type":"ImageObject","inLanguage":"pt-BR","@id":"https:\/\/secure.gravatar.com\/avatar\/8cb99f142e1cb1312d8c202378c20dc4f7210145acc22805481f4a3f47ce9b6f?s=96&d=mm&r=g","url":"https:\/\/secure.gravatar.com\/avatar\/8cb99f142e1cb1312d8c202378c20dc4f7210145acc22805481f4a3f47ce9b6f?s=96&d=mm&r=g","contentUrl":"https:\/\/secure.gravatar.com\/avatar\/8cb99f142e1cb1312d8c202378c20dc4f7210145acc22805481f4a3f47ce9b6f?s=96&d=mm&r=g","caption":"Gorete Costa"},"description":"Graduada em Servi\u00e7o Social pela Universidade do Norte do Paran\u00e1 (Unopar), Gorete Costa \u00e9 especialista em comunica\u00e7\u00e3o, atuando como radialista em programas jornal\u00edsticos e de entretenimento, al\u00e9m de produ\u00e7\u00e3o e revis\u00e3o de textos informativos para sites e blogs.","sameAs":["https:\/\/www.facebook.com\/profile.php?id=61550018262414"],"url":"https:\/\/www.pensarcursos.com.br\/blog\/author\/gorete\/"}]}},"_links":{"self":[{"href":"https:\/\/www.pensarcursos.com.br\/blog\/wp-json\/wp\/v2\/posts\/98033","targetHints":{"allow":["GET"]}}],"collection":[{"href":"https:\/\/www.pensarcursos.com.br\/blog\/wp-json\/wp\/v2\/posts"}],"about":[{"href":"https:\/\/www.pensarcursos.com.br\/blog\/wp-json\/wp\/v2\/types\/post"}],"author":[{"embeddable":true,"href":"https:\/\/www.pensarcursos.com.br\/blog\/wp-json\/wp\/v2\/users\/17"}],"replies":[{"embeddable":true,"href":"https:\/\/www.pensarcursos.com.br\/blog\/wp-json\/wp\/v2\/comments?post=98033"}],"version-history":[{"count":0,"href":"https:\/\/www.pensarcursos.com.br\/blog\/wp-json\/wp\/v2\/posts\/98033\/revisions"}],"wp:featuredmedia":[{"embeddable":true,"href":"https:\/\/www.pensarcursos.com.br\/blog\/wp-json\/wp\/v2\/media\/98037"}],"wp:attachment":[{"href":"https:\/\/www.pensarcursos.com.br\/blog\/wp-json\/wp\/v2\/media?parent=98033"}],"wp:term":[{"taxonomy":"category","embeddable":true,"href":"https:\/\/www.pensarcursos.com.br\/blog\/wp-json\/wp\/v2\/categories?post=98033"},{"taxonomy":"post_tag","embeddable":true,"href":"https:\/\/www.pensarcursos.com.br\/blog\/wp-json\/wp\/v2\/tags?post=98033"}],"curies":[{"name":"wp","href":"https:\/\/api.w.org\/{rel}","templated":true}]}}