{"id":93159,"date":"2025-03-11T09:00:32","date_gmt":"2025-03-11T12:00:32","guid":{"rendered":"https:\/\/www.pensarcursos.com.br\/blog\/?p=93159"},"modified":"2025-03-11T09:00:32","modified_gmt":"2025-03-11T12:00:32","slug":"5-poemas-cecilia-meireles","status":"publish","type":"post","link":"https:\/\/www.pensarcursos.com.br\/blog\/5-poemas-cecilia-meireles\/","title":{"rendered":"Hora liter\u00e1ria \u2013 veja 5 poemas da grande Cec\u00edlia Meireles"},"content":{"rendered":"<p>Cec\u00edlia Meireles \u00e9 um dos nomes mais marcantes da <a href=\"https:\/\/www.pensarcursos.com.br\/blog\/conceicao-evaristo\/\" target=\"_blank\" rel=\"noopener\">literatura<\/a> brasileira, reconhecida por sua sensibilidade \u00fanica e dom\u00ednio impec\u00e1vel das palavras. Sua poesia transita entre o ef\u00eamero e o eterno, o real e o on\u00edrico, conquistando leitores de todas as idades e gera\u00e7\u00f5es. Neste artigo, selecionamos cinco poemas que representam a riqueza e a profundidade de sua obra. Prepare-se para mergulhar na delicadeza e na musicalidade dos versos dessa grande escritora!<\/p>\n<p><strong>Leia tamb\u00e9m: <a href=\"https:\/\/www.pensarcursos.com.br\/blog\/poemas-de-amor-vinicius-de-moraes\/\" target=\"_blank\" rel=\"noopener\">Hora liter\u00e1ria \u2013 veja 5 poemas de amor de Vinicius de Moraes<\/a><\/strong><\/p>\n<h2><strong>A grande Cec\u00edlia Meireles<\/strong><\/h2>\n<p data-start=\"0\" data-end=\"396\">Cec\u00edlia Meireles \u00e9 uma das vozes mais marcantes da poesia moderna no Brasil. Sua escrita lhe garantiu um espa\u00e7o de destaque na literatura nacional, sendo uma das primeiras mulheres a alcan\u00e7ar grande reconhecimento nesse meio. Embora sua trajet\u00f3ria seja mais lembrada pela poesia, sua produ\u00e7\u00e3o liter\u00e1ria abrange tamb\u00e9m contos, cr\u00f4nicas, literatura infantil e estudos sobre o folclore brasileiro.<\/p>\n<p data-start=\"398\" data-end=\"740\">Dona de um estilo singular, Cec\u00edlia n\u00e3o se prendeu a nenhum movimento liter\u00e1rio espec\u00edfico, apesar de sua obra apresentar tra\u00e7os do Simbolismo. Sua poesia dialoga com a tradi\u00e7\u00e3o l\u00edrica luso-brasileira e traz elementos recorrentes que refor\u00e7am sua inclina\u00e7\u00e3o neossimbolista, como a natureza, o tempo, a solid\u00e3o e a musicalidade das palavras.<\/p>\n<p data-start=\"742\" data-end=\"1414\">A escritora valorizava profundamente a est\u00e9tica po\u00e9tica, escolhendo cada palavra com precis\u00e3o para criar versos fluidos e harmoniosos. Seus poemas, geralmente curtos, fazem uso frequente de repeti\u00e7\u00f5es e paralelismos. Entre os temas mais explorados em sua obra, destacam-se a efemeridade da vida, o amor, a cria\u00e7\u00e3o art\u00edstica e o infinito, sempre abordados com um olhar introspectivo e filos\u00f3fico. Apesar de seu tom intimista, Cec\u00edlia tamb\u00e9m se aventurou na poesia hist\u00f3rica, sendo &#8220;Romanceiro da Inconfid\u00eancia&#8221; (1953) um dos exemplos mais not\u00e1veis. Nessa obra, a autora recria os eventos da Inconfid\u00eancia Mineira, mesclando realidade e lenda ap\u00f3s uma d\u00e9cada de pesquisas.<\/p>\n<p data-start=\"1416\" data-end=\"1704\" data-is-last-node=\"\" data-is-only-node=\"\">Falecida aos 63 anos, no Rio de Janeiro, em 9 de novembro de 1964, Cec\u00edlia Meireles deixou um legado inestim\u00e1vel para a literatura brasileira. Para que voc\u00ea possa se encantar com a delicadeza de seus versos, selecionamos cinco poemas que ilustram a profundidade e a beleza de sua <a href=\"https:\/\/www.pensarcursos.com.br\/blog\/6-dicas-bloqueio-escrita\/\" target=\"_blank\" rel=\"noopener\">escrita<\/a>.<\/p>\n<h4><strong>Motivo<\/strong><\/h4>\n<p>Eu canto porque o instante existe<br \/>\ne a minha vida est\u00e1 completa.<br \/>\nN\u00e3o sou alegre nem sou triste:<br \/>\nsou poeta.<\/p>\n<p>Irm\u00e3o das coisas fugidias,<br \/>\nn\u00e3o sinto gozo nem tormento.<br \/>\nAtravesso noites e dias<br \/>\nno vento.<\/p>\n<p>Se desmorono ou se edifico,<br \/>\nse permane\u00e7o ou me desfa\u00e7o,<br \/>\n\u2014 n\u00e3o sei, n\u00e3o sei. N\u00e3o sei se fico<br \/>\nou passo.<\/p>\n<p>Sei que canto. E a can\u00e7\u00e3o \u00e9 tudo.<br \/>\nTem sangue eterno a asa ritmada.<br \/>\nE um dia sei que estarei mudo:<br \/>\n\u2014 mais nada.<\/p>\n<figure id=\"attachment_53520\" aria-describedby=\"caption-attachment-53520\" style=\"width: 2560px\" class=\"wp-caption aligncenter\"><img decoding=\"async\" class=\"size-full wp-image-53520\" title=\"Hora liter\u00e1ria \u2013 veja 5 poemas da grande Cec\u00edlia Meireles (Foto: Unsplash).\" src=\"https:\/\/www.pensarcursos.com.br\/blog\/wp-content\/uploads\/2024\/07\/thought-catalog-cOW3_hqmWp4-unsplash-scaled.jpg\" alt=\"Hora liter\u00e1ria \u2013 veja 5 poemas da grande Cec\u00edlia Meireles (Foto: Unsplash).\" width=\"2560\" height=\"1707\" srcset=\"https:\/\/www.pensarcursos.com.br\/blog\/wp-content\/uploads\/2024\/07\/thought-catalog-cOW3_hqmWp4-unsplash-scaled.jpg 2560w, https:\/\/www.pensarcursos.com.br\/blog\/wp-content\/uploads\/2024\/07\/thought-catalog-cOW3_hqmWp4-unsplash-300x200.jpg 300w, https:\/\/www.pensarcursos.com.br\/blog\/wp-content\/uploads\/2024\/07\/thought-catalog-cOW3_hqmWp4-unsplash-1024x683.jpg 1024w, https:\/\/www.pensarcursos.com.br\/blog\/wp-content\/uploads\/2024\/07\/thought-catalog-cOW3_hqmWp4-unsplash-768x512.jpg 768w, https:\/\/www.pensarcursos.com.br\/blog\/wp-content\/uploads\/2024\/07\/thought-catalog-cOW3_hqmWp4-unsplash-1536x1024.jpg 1536w, https:\/\/www.pensarcursos.com.br\/blog\/wp-content\/uploads\/2024\/07\/thought-catalog-cOW3_hqmWp4-unsplash-2048x1365.jpg 2048w\" sizes=\"(max-width: 2560px) 100vw, 2560px\" \/><figcaption id=\"caption-attachment-53520\" class=\"wp-caption-text\">Hora liter\u00e1ria \u2013 veja 5 poemas da grande Cec\u00edlia Meireles (Foto: Unsplash).<\/figcaption><\/figure>\n<h4><strong>Can\u00e7\u00e3o do Amor-Perfeito<\/strong><\/h4>\n<p>Eu vi o raio de sol<br \/>\nbeijar o outono.<br \/>\nEu vi na m\u00e3o dos adeuses<br \/>\no anel de ouro.<br \/>\nN\u00e3o quero dizer o dia.<br \/>\nN\u00e3o posso dizer o dono.<\/p>\n<p>Eu vi bandeiras abertas<br \/>\nsobre o mar largo<br \/>\ne ouvi cantar as sereias.<br \/>\nLonge, num barco,<br \/>\ndeixei meus olhos alegres,<br \/>\ntrouxe meu sorriso amargo.<\/p>\n<p>Bem no rega\u00e7o da lua,<br \/>\nj\u00e1 n\u00e3o pade\u00e7o.<br \/>\nAi, seja como quiseres,<br \/>\nAmor-Perfeito,<br \/>\ngostaria que ficasses,<br \/>\nmas, se fores, n\u00e3o te esque\u00e7o.<\/p>\n<h4><strong>Onda<\/strong><\/h4>\n<p>Quem falou de primavera<\/p>\n<p>sem ter visto o teu sorriso,<\/p>\n<p>falou sem saber o que era.<\/p>\n<p>&nbsp;<\/p>\n<p>Pus o meu l\u00e1bio indeciso<\/p>\n<p>na concha verde e espumosa<\/p>\n<p>modelada ao vento liso:<\/p>\n<p>&nbsp;<\/p>\n<p>tinha frescuras de rosa,<\/p>\n<p>aroma de viagem clara<\/p>\n<p>e um som de prata gloriosa.<\/p>\n<p>&nbsp;<\/p>\n<p>Mas desfez-se em coisa rara:<\/p>\n<p>p\u00e9rolas de sal t\u00e3o finas<\/p>\n<p>&#8211; nem a areia as igualara!<\/p>\n<p>&nbsp;<\/p>\n<p>Tenho no meu l\u00e1bio as ru\u00ednas<\/p>\n<p>de arquiteturas de espuma<\/p>\n<p>com paredes cristalinas&#8230;<\/p>\n<p>&nbsp;<\/p>\n<p>Voltei aos campos de bruma,<\/p>\n<p>onde as \u00e1rvores perdidas<\/p>\n<p>n\u00e3o prometem sombra alguma.<\/p>\n<p>&nbsp;<\/p>\n<p>As coisas acontecidas,<\/p>\n<p>mesmo longe, ficam perto<\/p>\n<p>para sempre e em muitas vidas:<\/p>\n<p>&nbsp;<\/p>\n<p>mas quem falou de deserto<\/p>\n<p>sem nunca ver os meus olhos&#8230;<\/p>\n<p>&#8211; falou, mas n\u00e3o estava certo.<\/p>\n<h4><strong>Fio<\/strong><\/h4>\n<p>No fio da respira\u00e7\u00e3o,<br \/>\nrola a minha vida mon\u00f3tona,<br \/>\nrola o peso do meu cora\u00e7\u00e3o.<\/p>\n<p>Tu n\u00e3o v\u00eas o jogo perdendo-se<br \/>\ncomo as palavras de uma can\u00e7\u00e3o.<\/p>\n<p>Passas longe, entre nuvens r\u00e1pidas,<br \/>\ncom tantas estrelas na m\u00e3o&#8230;<\/p>\n<p>\u2014 Para que serve o fio tr\u00eamulo<br \/>\nem que rola o meu cora\u00e7\u00e3o?<\/p>\n<h4><strong>Murm\u00fario<\/strong><\/h4>\n<p>Traze-me um pouco das sombras serenas<br \/>\nque as nuvens transportam por cima do dia!<br \/>\nUm pouco de sombra, apenas,<br \/>\n&#8211; v\u00ea que nem te pe\u00e7o alegria.<\/p>\n<p>Traze-me um pouco da alvura dos luares<br \/>\nque a noite sustenta no teu cora\u00e7\u00e3o!<br \/>\nA alvura, apenas, dos ares:<br \/>\n&#8211; v\u00ea que nem te pe\u00e7o ilus\u00e3o.<\/p>\n<p>Traze-me um pouco da tua lembran\u00e7a,<br \/>\naroma perdido, <a href=\"https:\/\/www.pensarcursos.com.br\/blog\/autora-adelia-prado\/\" target=\"_blank\" rel=\"nofollow noopener\">saudade<\/a> da flor!<br \/>\n&#8211; V\u00ea que nem te digo &#8211; esperan\u00e7a!<br \/>\n&#8211; V\u00ea que nem sequer sonho &#8211; amor!<\/p>\n","protected":false},"excerpt":{"rendered":"<p>Aqui, voc\u00ea descobre a beleza da poesia de Cec\u00edlia Meireles, pois selecionamos 5 poemas marcantes dessa autora incr\u00edvel para voc\u00ea se emocionar e se inspirar.<\/p>\n","protected":false},"author":35,"featured_media":53520,"comment_status":"open","ping_status":"closed","sticky":false,"template":"","format":"standard","meta":{"jnews-multi-image_gallery":[],"jnews_single_post":[],"jnews_primary_category":[],"jnews_social_meta":[],"jnews_override_counter":[],"footnotes":""},"categories":[27,12044],"tags":[26551,609,58,15463,25170],"class_list":["post-93159","post","type-post","status-publish","format-standard","has-post-thumbnail","hentry","category-dicas","category-portugues","tag-escritoras","tag-lingua-portuguesa","tag-literatura","tag-literatura-nacional","tag-poemas"],"yoast_head":"<!-- This site is optimized with the Yoast SEO Premium plugin v27.5 (Yoast SEO v27.5) - https:\/\/yoast.com\/product\/yoast-seo-premium-wordpress\/ -->\n<title>Hora liter\u00e1ria \u2013 veja 5 poemas da grande Cec\u00edlia Meireles - Blog Pensar Cursos<\/title>\n<meta name=\"description\" content=\"Aqui, voc\u00ea descobre a beleza da poesia de Cec\u00edlia Meireles, pois selecionamos 5 poemas marcantes dessa autora incr\u00edvel para voc\u00ea se emocionar e se inspirar.\" \/>\n<meta name=\"robots\" content=\"index, follow, max-snippet:-1, max-image-preview:large, max-video-preview:-1\" \/>\n<link rel=\"canonical\" href=\"https:\/\/www.pensarcursos.com.br\/blog\/5-poemas-cecilia-meireles\/\" \/>\n<meta property=\"og:locale\" content=\"pt_BR\" \/>\n<meta property=\"og:type\" content=\"article\" \/>\n<meta property=\"og:title\" content=\"Hora liter\u00e1ria \u2013 veja 5 poemas da grande Cec\u00edlia Meireles\" \/>\n<meta property=\"og:description\" content=\"Aqui, voc\u00ea descobre a beleza da poesia de Cec\u00edlia Meireles, pois selecionamos 5 poemas marcantes dessa autora incr\u00edvel para voc\u00ea se emocionar e se inspirar.\" \/>\n<meta property=\"og:url\" content=\"https:\/\/www.pensarcursos.com.br\/blog\/5-poemas-cecilia-meireles\/\" \/>\n<meta property=\"og:site_name\" content=\"Blog Pensar Cursos\" \/>\n<meta property=\"article:publisher\" content=\"https:\/\/www.facebook.com\/pensarcursos\/\" \/>\n<meta property=\"article:published_time\" content=\"2025-03-11T12:00:32+00:00\" \/>\n<meta property=\"og:image\" content=\"https:\/\/www.pensarcursos.com.br\/blog\/wp-content\/uploads\/2024\/07\/thought-catalog-cOW3_hqmWp4-unsplash-scaled.jpg\" \/>\n\t<meta property=\"og:image:width\" content=\"2560\" \/>\n\t<meta property=\"og:image:height\" content=\"1707\" \/>\n\t<meta property=\"og:image:type\" content=\"image\/jpeg\" \/>\n<meta name=\"author\" content=\"Mycarla Oliveira\" \/>\n<meta name=\"twitter:card\" content=\"summary_large_image\" \/>\n<meta name=\"twitter:label1\" content=\"Escrito por\" \/>\n\t<meta name=\"twitter:data1\" content=\"Mycarla Oliveira\" \/>\n\t<meta name=\"twitter:label2\" content=\"Est. tempo de leitura\" \/>\n\t<meta name=\"twitter:data2\" content=\"4 minutos\" \/>\n<!-- \/ Yoast SEO Premium plugin. -->","yoast_head_json":{"title":"Hora liter\u00e1ria \u2013 veja 5 poemas da grande Cec\u00edlia Meireles - Blog Pensar Cursos","description":"Aqui, voc\u00ea descobre a beleza da poesia de Cec\u00edlia Meireles, pois selecionamos 5 poemas marcantes dessa autora incr\u00edvel para voc\u00ea se emocionar e se inspirar.","robots":{"index":"index","follow":"follow","max-snippet":"max-snippet:-1","max-image-preview":"max-image-preview:large","max-video-preview":"max-video-preview:-1"},"canonical":"https:\/\/www.pensarcursos.com.br\/blog\/5-poemas-cecilia-meireles\/","og_locale":"pt_BR","og_type":"article","og_title":"Hora liter\u00e1ria \u2013 veja 5 poemas da grande Cec\u00edlia Meireles","og_description":"Aqui, voc\u00ea descobre a beleza da poesia de Cec\u00edlia Meireles, pois selecionamos 5 poemas marcantes dessa autora incr\u00edvel para voc\u00ea se emocionar e se inspirar.","og_url":"https:\/\/www.pensarcursos.com.br\/blog\/5-poemas-cecilia-meireles\/","og_site_name":"Blog Pensar Cursos","article_publisher":"https:\/\/www.facebook.com\/pensarcursos\/","article_published_time":"2025-03-11T12:00:32+00:00","og_image":[{"width":2560,"height":1707,"url":"https:\/\/www.pensarcursos.com.br\/blog\/wp-content\/uploads\/2024\/07\/thought-catalog-cOW3_hqmWp4-unsplash-scaled.jpg","type":"image\/jpeg"}],"author":"Mycarla Oliveira","twitter_card":"summary_large_image","twitter_misc":{"Escrito por":"Mycarla Oliveira","Est. tempo de leitura":"4 minutos"},"schema":{"@context":"https:\/\/schema.org","@graph":[{"@type":["Article","BlogPosting"],"@id":"https:\/\/www.pensarcursos.com.br\/blog\/5-poemas-cecilia-meireles\/#article","isPartOf":{"@id":"https:\/\/www.pensarcursos.com.br\/blog\/5-poemas-cecilia-meireles\/"},"author":{"name":"Mycarla Oliveira","@id":"https:\/\/www.pensarcursos.com.br\/blog\/#\/schema\/person\/08c090c2735ba16d5c02ecf702d5b9f0"},"headline":"Hora liter\u00e1ria \u2013 veja 5 poemas da grande Cec\u00edlia Meireles","datePublished":"2025-03-11T12:00:32+00:00","mainEntityOfPage":{"@id":"https:\/\/www.pensarcursos.com.br\/blog\/5-poemas-cecilia-meireles\/"},"wordCount":863,"commentCount":0,"publisher":{"@id":"https:\/\/www.pensarcursos.com.br\/blog\/#organization"},"image":{"@id":"https:\/\/www.pensarcursos.com.br\/blog\/5-poemas-cecilia-meireles\/#primaryimage"},"thumbnailUrl":"https:\/\/www.pensarcursos.com.br\/blog\/wp-content\/uploads\/2024\/07\/thought-catalog-cOW3_hqmWp4-unsplash-scaled.jpg","keywords":["Escritoras","L\u00edngua Portuguesa","Literatura","Literatura Nacional","Poemas"],"articleSection":["Dicas","Portugu\u00eas"],"inLanguage":"pt-BR","potentialAction":[{"@type":"CommentAction","name":"Comment","target":["https:\/\/www.pensarcursos.com.br\/blog\/5-poemas-cecilia-meireles\/#respond"]}],"copyrightYear":"2025","copyrightHolder":{"@id":"https:\/\/www.pensarcursos.com.br\/blog\/#organization"}},{"@type":"WebPage","@id":"https:\/\/www.pensarcursos.com.br\/blog\/5-poemas-cecilia-meireles\/","url":"https:\/\/www.pensarcursos.com.br\/blog\/5-poemas-cecilia-meireles\/","name":"Hora liter\u00e1ria \u2013 veja 5 poemas da grande Cec\u00edlia Meireles - Blog Pensar Cursos","isPartOf":{"@id":"https:\/\/www.pensarcursos.com.br\/blog\/#website"},"primaryImageOfPage":{"@id":"https:\/\/www.pensarcursos.com.br\/blog\/5-poemas-cecilia-meireles\/#primaryimage"},"image":{"@id":"https:\/\/www.pensarcursos.com.br\/blog\/5-poemas-cecilia-meireles\/#primaryimage"},"thumbnailUrl":"https:\/\/www.pensarcursos.com.br\/blog\/wp-content\/uploads\/2024\/07\/thought-catalog-cOW3_hqmWp4-unsplash-scaled.jpg","datePublished":"2025-03-11T12:00:32+00:00","description":"Aqui, voc\u00ea descobre a beleza da poesia de Cec\u00edlia Meireles, pois selecionamos 5 poemas marcantes dessa autora incr\u00edvel para voc\u00ea se emocionar e se inspirar.","breadcrumb":{"@id":"https:\/\/www.pensarcursos.com.br\/blog\/5-poemas-cecilia-meireles\/#breadcrumb"},"inLanguage":"pt-BR","potentialAction":[{"@type":"ReadAction","target":["https:\/\/www.pensarcursos.com.br\/blog\/5-poemas-cecilia-meireles\/"]}]},{"@type":"ImageObject","inLanguage":"pt-BR","@id":"https:\/\/www.pensarcursos.com.br\/blog\/5-poemas-cecilia-meireles\/#primaryimage","url":"https:\/\/www.pensarcursos.com.br\/blog\/wp-content\/uploads\/2024\/07\/thought-catalog-cOW3_hqmWp4-unsplash-scaled.jpg","contentUrl":"https:\/\/www.pensarcursos.com.br\/blog\/wp-content\/uploads\/2024\/07\/thought-catalog-cOW3_hqmWp4-unsplash-scaled.jpg","width":2560,"height":1707,"caption":"Hora liter\u00e1ria \u2013 veja 5 poemas de Alphonsus de Guimaraens (Foto: Unsplash)."},{"@type":"BreadcrumbList","@id":"https:\/\/www.pensarcursos.com.br\/blog\/5-poemas-cecilia-meireles\/#breadcrumb","itemListElement":[{"@type":"ListItem","position":1,"name":"Home","item":"https:\/\/www.pensarcursos.com.br\/blog\/"},{"@type":"ListItem","position":2,"name":"Hora liter\u00e1ria \u2013 veja 5 poemas da grande Cec\u00edlia Meireles"}]},{"@type":"WebSite","@id":"https:\/\/www.pensarcursos.com.br\/blog\/#website","url":"https:\/\/www.pensarcursos.com.br\/blog\/","name":"Blog Pensar Cursos","description":"Maior Site de Cursos do Brasil","publisher":{"@id":"https:\/\/www.pensarcursos.com.br\/blog\/#organization"},"alternateName":"Blog Pensar","potentialAction":[{"@type":"SearchAction","target":{"@type":"EntryPoint","urlTemplate":"https:\/\/www.pensarcursos.com.br\/blog\/?s={search_term_string}"},"query-input":{"@type":"PropertyValueSpecification","valueRequired":true,"valueName":"search_term_string"}}],"inLanguage":"pt-BR"},{"@type":"Organization","@id":"https:\/\/www.pensarcursos.com.br\/blog\/#organization","name":"Pensar Cursos","alternateName":"Blog pensar","url":"https:\/\/www.pensarcursos.com.br\/blog\/","logo":{"@type":"ImageObject","inLanguage":"pt-BR","@id":"https:\/\/www.pensarcursos.com.br\/blog\/#\/schema\/logo\/image\/","url":"https:\/\/www.pensarcursos.com.br\/blog\/wp-content\/uploads\/2023\/11\/Nova-Logo-Pensar-Cursos-vertical.png","contentUrl":"https:\/\/www.pensarcursos.com.br\/blog\/wp-content\/uploads\/2023\/11\/Nova-Logo-Pensar-Cursos-vertical.png","width":1393,"height":1001,"caption":"Pensar Cursos"},"image":{"@id":"https:\/\/www.pensarcursos.com.br\/blog\/#\/schema\/logo\/image\/"},"sameAs":["https:\/\/www.facebook.com\/pensarcursos\/","https:\/\/instagram.com.br\/pensarcursos"],"description":"Pensar Cursos \u00e9 uma empresa especializada em oferecer cursos de alta qualidade voltados para o desenvolvimento profissional e acad\u00eamico. Com uma ampla gama de op\u00e7\u00f5es de treinamento, oferecemos conte\u00fados atualizados, ministrados por especialistas da \u00e1rea, para capacitar indiv\u00edduos e equipes a atingirem seus objetivos. Nossa miss\u00e3o \u00e9 proporcionar uma educa\u00e7\u00e3o transformadora, acess\u00edvel e personalizada para cada aluno, seja em cursos presenciais ou online. Com uma abordagem inovadora, buscamos adaptar os nossos programas de ensino \u00e0s necessidades do mercado, criando solu\u00e7\u00f5es que atendem aos desafios e exig\u00eancias do mundo corporativo e acad\u00eamico. Nossos cursos incluem desde forma\u00e7\u00f5es t\u00e9cnicas at\u00e9 habilidades essenciais, como lideran\u00e7a, gest\u00e3o e desenvolvimento pessoal.","email":"contato@pensarcursos.com.br","legalName":"Sena Servi\u00e7os de Informa\u00e7\u00e3o Online LTDA","foundingDate":"2013-04-18","vatID":"17956217000172","numberOfEmployees":{"@type":"QuantitativeValue","minValue":"11","maxValue":"50"},"publishingPrinciples":"https:\/\/www.pensarcursos.com.br\/blog\/principios-de-publicacao\/","ownershipFundingInfo":"https:\/\/www.pensarcursos.com.br\/blog\/informacoes-de-propriedade-financiamento\/","actionableFeedbackPolicy":"https:\/\/www.pensarcursos.com.br\/blog\/politica-de-feedback-acionavel\/","correctionsPolicy":"https:\/\/www.pensarcursos.com.br\/blog\/politica-de-correcoes\/","ethicsPolicy":"https:\/\/www.pensarcursos.com.br\/blog\/politica-de-etica\/"},{"@type":"Person","@id":"https:\/\/www.pensarcursos.com.br\/blog\/#\/schema\/person\/08c090c2735ba16d5c02ecf702d5b9f0","name":"Mycarla Oliveira","image":{"@type":"ImageObject","inLanguage":"pt-BR","@id":"https:\/\/secure.gravatar.com\/avatar\/eeada09a97955c1a68c5280dd5ad49314a30e113f5323286583dfcd4f387cffd?s=96&d=mm&r=g","url":"https:\/\/secure.gravatar.com\/avatar\/eeada09a97955c1a68c5280dd5ad49314a30e113f5323286583dfcd4f387cffd?s=96&d=mm&r=g","contentUrl":"https:\/\/secure.gravatar.com\/avatar\/eeada09a97955c1a68c5280dd5ad49314a30e113f5323286583dfcd4f387cffd?s=96&d=mm&r=g","caption":"Mycarla Oliveira"},"description":"Formada em Letras \u2013 L\u00edngua Portuguesa e Literaturas pela UFRN desde 2021, atuo como escritora de contos e de romances h\u00e1 mais de uma d\u00e9cada e, por isso, tamb\u00e9m trabalho como ghostwriter. Sempre lado a lado com a escrita, estou presente no ramo de revis\u00e3o, reda\u00e7\u00e3o e edi\u00e7\u00e3o de textos.","url":"https:\/\/www.pensarcursos.com.br\/blog\/author\/mycarla\/"}]}},"_links":{"self":[{"href":"https:\/\/www.pensarcursos.com.br\/blog\/wp-json\/wp\/v2\/posts\/93159","targetHints":{"allow":["GET"]}}],"collection":[{"href":"https:\/\/www.pensarcursos.com.br\/blog\/wp-json\/wp\/v2\/posts"}],"about":[{"href":"https:\/\/www.pensarcursos.com.br\/blog\/wp-json\/wp\/v2\/types\/post"}],"author":[{"embeddable":true,"href":"https:\/\/www.pensarcursos.com.br\/blog\/wp-json\/wp\/v2\/users\/35"}],"replies":[{"embeddable":true,"href":"https:\/\/www.pensarcursos.com.br\/blog\/wp-json\/wp\/v2\/comments?post=93159"}],"version-history":[{"count":0,"href":"https:\/\/www.pensarcursos.com.br\/blog\/wp-json\/wp\/v2\/posts\/93159\/revisions"}],"wp:featuredmedia":[{"embeddable":true,"href":"https:\/\/www.pensarcursos.com.br\/blog\/wp-json\/wp\/v2\/media\/53520"}],"wp:attachment":[{"href":"https:\/\/www.pensarcursos.com.br\/blog\/wp-json\/wp\/v2\/media?parent=93159"}],"wp:term":[{"taxonomy":"category","embeddable":true,"href":"https:\/\/www.pensarcursos.com.br\/blog\/wp-json\/wp\/v2\/categories?post=93159"},{"taxonomy":"post_tag","embeddable":true,"href":"https:\/\/www.pensarcursos.com.br\/blog\/wp-json\/wp\/v2\/tags?post=93159"}],"curies":[{"name":"wp","href":"https:\/\/api.w.org\/{rel}","templated":true}]}}