{"id":90198,"date":"2025-02-15T13:09:51","date_gmt":"2025-02-15T16:09:51","guid":{"rendered":"https:\/\/www.pensarcursos.com.br\/blog\/?p=90198"},"modified":"2025-02-14T17:55:48","modified_gmt":"2025-02-14T20:55:48","slug":"processo-seletivo-da-prefeitura-de-coari-am","status":"publish","type":"post","link":"https:\/\/www.pensarcursos.com.br\/blog\/processo-seletivo-da-prefeitura-de-coari-am\/","title":{"rendered":"Processo Seletivo com VAGAS para Bombeiro, Eletricista, Carpinteiro, Pedreiro e outros cargos est\u00e1 com INSCRI\u00c7\u00d5ES ABERTAS &#8211; Sal\u00e1rios de at\u00e9 R$ 4.196,94"},"content":{"rendered":"<div class=\"flex max-w-full flex-col flex-grow\">\n<div class=\"min-h-8 text-message flex w-full flex-col items-end gap-2 whitespace-normal break-words text-start [.text-message+&amp;]:mt-5\" dir=\"auto\" data-message-author-role=\"assistant\" data-message-id=\"3ec61eb6-8479-41a3-981c-87c0bfb767dd\" data-message-model-slug=\"gpt-4o\">\n<div class=\"flex w-full flex-col gap-1 empty:hidden first:pt-[3px]\">\n<div class=\"markdown prose w-full break-words dark:prose-invert light\">\n<p data-start=\"0\" data-end=\"535\" data-is-last-node=\"\">Se voc\u00ea est\u00e1 em busca de uma nova oportunidade no mercado de trabalho, essa pode ser a sua chance! Um <strong data-start=\"102\" data-end=\"123\">processo seletivo<\/strong> acaba de ser aberto, oferecendo <strong data-start=\"156\" data-end=\"187\">vagas para diversas fun\u00e7\u00f5es<\/strong>, incluindo Eletricista, Carpinteiro, Pedreiro, Bombeiro e muitos outros cargos.<\/p>\n<p data-start=\"0\" data-end=\"535\" data-is-last-node=\"\">Com sal\u00e1rios que podem chegar a<strong> R$ 4.196,94<\/strong>, essa sele\u00e7\u00e3o \u00e9 uma excelente oportunidade para quem deseja ingressar ou se recolocar no setor. Quer saber mais? Continue na leitura desta mat\u00e9ria!<\/p>\n<\/div>\n<\/div>\n<\/div>\n<\/div>\n<h2>Detalhes do processo seletivo<\/h2>\n<p>O <a href=\"https:\/\/www.pensarcursos.com.br\/blog\/processo-seletivo-abre-inscricoes-nesta-sexta-14-02-salarios-de-r-4-48563\/\">processo seletivo<\/a> da prefeitura visa a contrata\u00e7\u00e3o tempor\u00e1ria de profissionais para atender \u00e0s demandas do mun\u00edcipio. Com um total de 622 vagas imediatas, al\u00e9m da forma\u00e7\u00e3o de cadastro reserva, a sele\u00e7\u00e3o abrange diversas fun\u00e7\u00f5es, atendendo diferentes n\u00edveis de qualifica\u00e7\u00e3o e experi\u00eancia.<\/p>\n<h2>Distribui\u00e7\u00e3o das vagas<\/h2>\n<p>A distribui\u00e7\u00e3o das vagas foi planejada para atender \u00e0s necessidades espec\u00edficas da cidade, com destaque para algumas fun\u00e7\u00f5es que receberam grande n\u00famero de oportunidades. Veja abaixo as vagas dispon\u00edveis e suas respectivas quantidades:<\/p>\n<ul class=\"!whitespace-normal list-disc ml-5\">\n<li class=\"pb-1\">Gari: 330 vagas<\/li>\n<li class=\"pb-1\">Ajudante: 66 vagas<\/li>\n<li class=\"pb-1\">Pintor: 66 vagas<\/li>\n<li class=\"pb-1\">Pedreiro: 33 vagas<\/li>\n<li class=\"pb-1\">Carpinteiro: 22 vagas<\/li>\n<li class=\"pb-1\">Eletricista: 22 vagas<\/li>\n<li class=\"pb-1\">Bombeiro Hidr\u00e1ulico: 17 vagas<\/li>\n<li class=\"pb-1\">Soldador: 10 vagas<\/li>\n<li class=\"pb-1\">Apontador: 14 vagas<\/li>\n<li class=\"pb-1\">Mestre de Obras: 14 vagas<\/li>\n<li class=\"pb-1\">Encarregado: 14 vagas<\/li>\n<li class=\"pb-1\">Almoxarife: 14 vagas<\/li>\n<\/ul>\n<p>\u00c9 importante ressaltar que, dentro deste quantitativo, est\u00e3o inclu\u00eddas vagas reservadas para candidatos que se enquadram em categorias espec\u00edficas, como pessoas com defici\u00eancia (PCD), conforme detalhado no edital do processo seletivo.<\/p>\n<h2>Remunera\u00e7\u00e3o e benef\u00edcios<\/h2>\n<p>De acordo com o <a href=\"https:\/\/www.pensarcursos.com.br\/blog\/wp-content\/uploads\/2025\/02\/Coari.pdf\" target=\"_blank\" rel=\"noopener\">edital<\/a>, os profissionais contratados poder\u00e3o receber remunera\u00e7\u00f5es que variam de <strong>R$ 1.518,00 a R$ 4.196,94<\/strong>, dependendo do cargo e das atribui\u00e7\u00f5es espec\u00edficas.<\/p>\n<h2>Processo de inscri\u00e7\u00e3o<\/h2>\n<p>Para participar do <a href=\"https:\/\/www.pensarcursos.com.br\/blog\/comeca-segunda-processo-seletivo-abre-inscricoes-em-17-02-para-diversas-vagas-salarios-de-r-2-94500-a-r-3-65083\/\">processo seletivo<\/a>, os interessados devem estar atentos ao per\u00edodo de inscri\u00e7\u00f5es, que \u00e9 entre os dias 14 e 21 de fevereiro de 2025.<\/p>\n<p>O local designado para as inscri\u00e7\u00f5es \u00e9 a Secretaria Municipal de Obras e Limpeza P\u00fablica.<\/p>\n<h2>Requisitos e documenta\u00e7\u00e3o<\/h2>\n<p>Embora os requisitos espec\u00edficos para cada cargo possam variar, \u00e9 fundamental que os candidatos estejam preparados para apresentar documenta\u00e7\u00e3o b\u00e1sica, como:<\/p>\n<ul class=\"!whitespace-normal list-disc ml-5\">\n<li class=\"pb-1\">Documento de identidade com foto<\/li>\n<li class=\"pb-1\">CPF<\/li>\n<li class=\"pb-1\">Comprovante de resid\u00eancia<\/li>\n<li class=\"pb-1\">Comprovante de escolaridade (quando aplic\u00e1vel)<\/li>\n<li class=\"pb-1\">Documentos que comprovem experi\u00eancia profissional (se exigido para o cargo pretendido)<\/li>\n<\/ul>\n<p>\u00c9 imprescind\u00edvel que os interessados consultem o edital completo para verificar os requisitos espec\u00edficos do cargo desejado, evitando assim qualquer tipo de inconveniente no momento da inscri\u00e7\u00e3o.<\/p>\n<h2>Metodologia de avalia\u00e7\u00e3o<\/h2>\n<p>A sele\u00e7\u00e3o dos candidatos ser\u00e1 realizada atrav\u00e9s de um processo de an\u00e1lise de t\u00edtulos e experi\u00eancia profissional. Este m\u00e9todo de avalia\u00e7\u00e3o visa valorizar a forma\u00e7\u00e3o e a trajet\u00f3ria profissional dos candidatos, permitindo uma sele\u00e7\u00e3o baseada em crit\u00e9rios objetivos e relevantes para cada fun\u00e7\u00e3o.<\/p>\n<h2>Prazo de validade e contrata\u00e7\u00e3o<\/h2>\n<p>O <a href=\"https:\/\/www.pensarcursos.com.br\/blog\/processo-seletivo-prorroga-inscricoes-ate-17-02-salarios-de-ate-r-5-24766-mais-auxilio-alimentacao-de-r-45000\/\">processo seletivo<\/a> da prefeitura de Coari, Amazonas (AM) ter\u00e1 validade at\u00e9 31 de dezembro de 2026.<\/p>\n<p>Quanto \u00e0 dura\u00e7\u00e3o dos contratos, o prazo inicial estabelecido ser\u00e1 de seis meses, podendo ser prorrogado por at\u00e9 mais seis meses, conforme necessidade e crit\u00e9rios definidos no edital do certame.<\/p>\n<h2>Prepara\u00e7\u00e3o dos candidatos<\/h2>\n<p data-start=\"37\" data-end=\"395\">Para aqueles que desejam participar do processo seletivo da prefeitura de Coari, uma prepara\u00e7\u00e3o detalhada pode fazer toda a diferen\u00e7a. Embora n\u00e3o seja exigida uma prova escrita, a an\u00e1lise de t\u00edtulos e experi\u00eancia profissional demanda que os candidatos organizem seus documentos de maneira criteriosa, garantindo que todas as informa\u00e7\u00f5es estejam corretamente apresentadas.<\/p>\n<figure id=\"attachment_90212\" aria-describedby=\"caption-attachment-90212\" style=\"width: 1366px\" class=\"wp-caption aligncenter\"><img decoding=\"async\" class=\"wp-image-90212 size-full\" title=\"Organiza\u00e7\u00e3o e prepara\u00e7\u00e3o dos candidatos para o processo seletivo.\" src=\"https:\/\/www.pensarcursos.com.br\/blog\/wp-content\/uploads\/2025\/02\/Preparacao-Candidatos-Concurso.webp\" alt=\"M\u00e3os de uma pessoa escrevendo em uma folha de papel branco, representando a organiza\u00e7\u00e3o de documentos para um processo seletivo\" width=\"1366\" height=\"916\" srcset=\"https:\/\/www.pensarcursos.com.br\/blog\/wp-content\/uploads\/2025\/02\/Preparacao-Candidatos-Concurso.webp 1366w, https:\/\/www.pensarcursos.com.br\/blog\/wp-content\/uploads\/2025\/02\/Preparacao-Candidatos-Concurso-300x201.webp 300w, https:\/\/www.pensarcursos.com.br\/blog\/wp-content\/uploads\/2025\/02\/Preparacao-Candidatos-Concurso-1024x687.webp 1024w, https:\/\/www.pensarcursos.com.br\/blog\/wp-content\/uploads\/2025\/02\/Preparacao-Candidatos-Concurso-768x515.webp 768w\" sizes=\"(max-width: 1366px) 100vw, 1366px\" \/><figcaption id=\"caption-attachment-90212\" class=\"wp-caption-text\">Veja as melhores dicas de prepara\u00e7\u00e3o para o processo seletivo da prefeitura. Imagem: Freepik<\/figcaption><\/figure>\n<p data-start=\"397\" data-end=\"456\">Algumas dicas importantes para os candidatos incluem:<\/p>\n<ul data-start=\"458\" data-end=\"1227\">\n<li data-start=\"458\" data-end=\"558\">Reunir certificados de cursos, treinamentos e capacita\u00e7\u00f5es importantes para o cargo desejado.<\/li>\n<li data-start=\"559\" data-end=\"743\">Organizar documentos que comprovem experi\u00eancias profissionais anteriores, como carteira de trabalho, contratos de presta\u00e7\u00e3o de servi\u00e7o ou declara\u00e7\u00f5es emitidas por empregadores.<\/li>\n<li data-start=\"744\" data-end=\"894\">Certificar-se de que os documentos est\u00e3o leg\u00edveis, atualizados e bem conservados, evitando rasuras ou danos que possam prejudicar a avalia\u00e7\u00e3o no processo.<\/li>\n<li data-start=\"895\" data-end=\"1068\">Elaborar um curr\u00edculo atualizado, destacando habilidades, forma\u00e7\u00f5es e experi\u00eancias mais relevantes para a fun\u00e7\u00e3o pretendida, demonstrando o diferencial do candidato.<\/li>\n<li data-start=\"1069\" data-end=\"1227\">Consultar o edital do processo seletivo para garantir que todos os requisitos exigidos est\u00e3o atendidos e que nenhum documento importante foi esquecido.<\/li>\n<\/ul>\n<div class=\"jeg_video_container jeg_video_content\"><iframe title=\"2025 \u00c9 O SEU ANO! As oportunidades de Concursos P\u00fablicos que voc\u00ea n\u00e3o pode perder!\" width=\"500\" height=\"281\" src=\"https:\/\/www.youtube.com\/embed\/TuolIE7_ZIw?feature=oembed\" frameborder=\"0\" allow=\"accelerometer; autoplay; clipboard-write; encrypted-media; gyroscope; picture-in-picture; web-share\" referrerpolicy=\"strict-origin-when-cross-origin\" allowfullscreen><\/iframe><\/div>\n","protected":false},"excerpt":{"rendered":"<p>Se voc\u00ea est\u00e1 em busca de uma nova oportunidade no mercado de trabalho, essa pode ser a sua chance! Um processo seletivo acaba de ser aberto, oferecendo vagas para diversas fun\u00e7\u00f5es, incluindo Eletricista, Carpinteiro, Pedreiro, Bombeiro e muitos outros cargos. Com sal\u00e1rios que podem chegar a R$ 4.196,94, essa sele\u00e7\u00e3o \u00e9 uma excelente oportunidade para [&hellip;]<\/p>\n","protected":false},"author":17,"featured_media":90205,"comment_status":"open","ping_status":"closed","sticky":false,"template":"","format":"standard","meta":{"jnews-multi-image_gallery":[],"jnews_single_post":[],"jnews_primary_category":[],"jnews_social_meta":[],"jnews_override_counter":[],"footnotes":""},"categories":[29],"tags":[25833,25830,25832,25831],"class_list":["post-90198","post","type-post","status-publish","format-standard","has-post-thumbnail","hentry","category-concursos","tag-coari-concurso","tag-concurso-da-prefeitura-de-coari","tag-prefeitura-de-coari","tag-prefeitura-de-coari-concurso"],"yoast_head":"<!-- This site is optimized with the Yoast SEO Premium plugin v27.5 (Yoast SEO v27.5) - https:\/\/yoast.com\/product\/yoast-seo-premium-wordpress\/ -->\n<title>Processo Seletivo com VAGAS para Bombeiro, Eletricista, Carpinteiro, Pedreiro e outros cargos est\u00e1 com INSCRI\u00c7\u00d5ES ABERTAS - Sal\u00e1rios de at\u00e9 R$ 4.196,94 - Blog Pensar Cursos<\/title>\n<meta name=\"description\" content=\"Se voc\u00ea est\u00e1 em busca de uma nova oportunidade no mercado de trabalho, essa pode ser a sua chance! Um processo seletivo acaba de ser aberto, oferecendo\" \/>\n<meta name=\"robots\" content=\"index, follow, max-snippet:-1, max-image-preview:large, max-video-preview:-1\" \/>\n<link rel=\"canonical\" href=\"https:\/\/www.pensarcursos.com.br\/blog\/processo-seletivo-da-prefeitura-de-coari-am\/\" \/>\n<meta property=\"og:locale\" content=\"pt_BR\" \/>\n<meta property=\"og:type\" content=\"article\" \/>\n<meta property=\"og:title\" content=\"Processo Seletivo com VAGAS para Bombeiro, Eletricista, Carpinteiro, Pedreiro e outros cargos est\u00e1 com INSCRI\u00c7\u00d5ES ABERTAS - Sal\u00e1rios de at\u00e9 R$ 4.196,94\" \/>\n<meta property=\"og:description\" content=\"Se voc\u00ea est\u00e1 em busca de uma nova oportunidade no mercado de trabalho, essa pode ser a sua chance! Um processo seletivo acaba de ser aberto, oferecendo\" \/>\n<meta property=\"og:url\" content=\"https:\/\/www.pensarcursos.com.br\/blog\/processo-seletivo-da-prefeitura-de-coari-am\/\" \/>\n<meta property=\"og:site_name\" content=\"Blog Pensar Cursos\" \/>\n<meta property=\"article:publisher\" content=\"https:\/\/www.facebook.com\/pensarcursos\/\" \/>\n<meta property=\"article:author\" content=\"https:\/\/www.facebook.com\/profile.php?id=61550018262414\" \/>\n<meta property=\"article:published_time\" content=\"2025-02-15T16:09:51+00:00\" \/>\n<meta property=\"og:image\" content=\"https:\/\/www.pensarcursos.com.br\/blog\/wp-content\/uploads\/2025\/02\/Processo-Seletivo-Vagas.webp\" \/>\n\t<meta property=\"og:image:width\" content=\"1200\" \/>\n\t<meta property=\"og:image:height\" content=\"800\" \/>\n\t<meta property=\"og:image:type\" content=\"image\/webp\" \/>\n<meta name=\"author\" content=\"Gorete Costa\" \/>\n<meta name=\"twitter:card\" content=\"summary_large_image\" \/>\n<meta name=\"twitter:label1\" content=\"Escrito por\" \/>\n\t<meta name=\"twitter:data1\" content=\"Gorete Costa\" \/>\n\t<meta name=\"twitter:label2\" content=\"Est. tempo de leitura\" \/>\n\t<meta name=\"twitter:data2\" content=\"4 minutos\" \/>\n<!-- \/ Yoast SEO Premium plugin. -->","yoast_head_json":{"title":"Processo Seletivo com VAGAS para Bombeiro, Eletricista, Carpinteiro, Pedreiro e outros cargos est\u00e1 com INSCRI\u00c7\u00d5ES ABERTAS - Sal\u00e1rios de at\u00e9 R$ 4.196,94 - Blog Pensar Cursos","description":"Se voc\u00ea est\u00e1 em busca de uma nova oportunidade no mercado de trabalho, essa pode ser a sua chance! Um processo seletivo acaba de ser aberto, oferecendo","robots":{"index":"index","follow":"follow","max-snippet":"max-snippet:-1","max-image-preview":"max-image-preview:large","max-video-preview":"max-video-preview:-1"},"canonical":"https:\/\/www.pensarcursos.com.br\/blog\/processo-seletivo-da-prefeitura-de-coari-am\/","og_locale":"pt_BR","og_type":"article","og_title":"Processo Seletivo com VAGAS para Bombeiro, Eletricista, Carpinteiro, Pedreiro e outros cargos est\u00e1 com INSCRI\u00c7\u00d5ES ABERTAS - Sal\u00e1rios de at\u00e9 R$ 4.196,94","og_description":"Se voc\u00ea est\u00e1 em busca de uma nova oportunidade no mercado de trabalho, essa pode ser a sua chance! Um processo seletivo acaba de ser aberto, oferecendo","og_url":"https:\/\/www.pensarcursos.com.br\/blog\/processo-seletivo-da-prefeitura-de-coari-am\/","og_site_name":"Blog Pensar Cursos","article_publisher":"https:\/\/www.facebook.com\/pensarcursos\/","article_author":"https:\/\/www.facebook.com\/profile.php?id=61550018262414","article_published_time":"2025-02-15T16:09:51+00:00","og_image":[{"width":1200,"height":800,"url":"https:\/\/www.pensarcursos.com.br\/blog\/wp-content\/uploads\/2025\/02\/Processo-Seletivo-Vagas.webp","type":"image\/webp"}],"author":"Gorete Costa","twitter_card":"summary_large_image","twitter_misc":{"Escrito por":"Gorete Costa","Est. tempo de leitura":"4 minutos"},"schema":{"@context":"https:\/\/schema.org","@graph":[{"@type":["Article","BlogPosting"],"@id":"https:\/\/www.pensarcursos.com.br\/blog\/processo-seletivo-da-prefeitura-de-coari-am\/#article","isPartOf":{"@id":"https:\/\/www.pensarcursos.com.br\/blog\/processo-seletivo-da-prefeitura-de-coari-am\/"},"author":{"name":"Gorete Costa","@id":"https:\/\/www.pensarcursos.com.br\/blog\/#\/schema\/person\/e133b19d62595d6ab0c12f3e5436a7bb"},"headline":"Processo Seletivo com VAGAS para Bombeiro, Eletricista, Carpinteiro, Pedreiro e outros cargos est\u00e1 com INSCRI\u00c7\u00d5ES ABERTAS &#8211; Sal\u00e1rios de at\u00e9 R$ 4.196,94","datePublished":"2025-02-15T16:09:51+00:00","mainEntityOfPage":{"@id":"https:\/\/www.pensarcursos.com.br\/blog\/processo-seletivo-da-prefeitura-de-coari-am\/"},"wordCount":739,"commentCount":0,"publisher":{"@id":"https:\/\/www.pensarcursos.com.br\/blog\/#organization"},"image":{"@id":"https:\/\/www.pensarcursos.com.br\/blog\/processo-seletivo-da-prefeitura-de-coari-am\/#primaryimage"},"thumbnailUrl":"https:\/\/www.pensarcursos.com.br\/blog\/wp-content\/uploads\/2025\/02\/Processo-Seletivo-Vagas.webp","keywords":["Coari concurso","concurso da prefeitura de coari","prefeitura de coari","prefeitura de coari concurso"],"articleSection":["Concursos P\u00fablicos"],"inLanguage":"pt-BR","potentialAction":[{"@type":"CommentAction","name":"Comment","target":["https:\/\/www.pensarcursos.com.br\/blog\/processo-seletivo-da-prefeitura-de-coari-am\/#respond"]}],"copyrightYear":"2025","copyrightHolder":{"@id":"https:\/\/www.pensarcursos.com.br\/blog\/#organization"}},{"@type":"WebPage","@id":"https:\/\/www.pensarcursos.com.br\/blog\/processo-seletivo-da-prefeitura-de-coari-am\/","url":"https:\/\/www.pensarcursos.com.br\/blog\/processo-seletivo-da-prefeitura-de-coari-am\/","name":"Processo Seletivo com VAGAS para Bombeiro, Eletricista, Carpinteiro, Pedreiro e outros cargos est\u00e1 com INSCRI\u00c7\u00d5ES ABERTAS - Sal\u00e1rios de at\u00e9 R$ 4.196,94 - Blog Pensar Cursos","isPartOf":{"@id":"https:\/\/www.pensarcursos.com.br\/blog\/#website"},"primaryImageOfPage":{"@id":"https:\/\/www.pensarcursos.com.br\/blog\/processo-seletivo-da-prefeitura-de-coari-am\/#primaryimage"},"image":{"@id":"https:\/\/www.pensarcursos.com.br\/blog\/processo-seletivo-da-prefeitura-de-coari-am\/#primaryimage"},"thumbnailUrl":"https:\/\/www.pensarcursos.com.br\/blog\/wp-content\/uploads\/2025\/02\/Processo-Seletivo-Vagas.webp","datePublished":"2025-02-15T16:09:51+00:00","description":"Se voc\u00ea est\u00e1 em busca de uma nova oportunidade no mercado de trabalho, essa pode ser a sua chance! Um processo seletivo acaba de ser aberto, oferecendo","breadcrumb":{"@id":"https:\/\/www.pensarcursos.com.br\/blog\/processo-seletivo-da-prefeitura-de-coari-am\/#breadcrumb"},"inLanguage":"pt-BR","potentialAction":[{"@type":"ReadAction","target":["https:\/\/www.pensarcursos.com.br\/blog\/processo-seletivo-da-prefeitura-de-coari-am\/"]}]},{"@type":"ImageObject","inLanguage":"pt-BR","@id":"https:\/\/www.pensarcursos.com.br\/blog\/processo-seletivo-da-prefeitura-de-coari-am\/#primaryimage","url":"https:\/\/www.pensarcursos.com.br\/blog\/wp-content\/uploads\/2025\/02\/Processo-Seletivo-Vagas.webp","contentUrl":"https:\/\/www.pensarcursos.com.br\/blog\/wp-content\/uploads\/2025\/02\/Processo-Seletivo-Vagas.webp","width":1200,"height":800,"caption":"Processo seletivo com diversas oportunidades de emprego e excelentes sal\u00e1rios. Imagem: Pensar Cursos"},{"@type":"BreadcrumbList","@id":"https:\/\/www.pensarcursos.com.br\/blog\/processo-seletivo-da-prefeitura-de-coari-am\/#breadcrumb","itemListElement":[{"@type":"ListItem","position":1,"name":"Home","item":"https:\/\/www.pensarcursos.com.br\/blog\/"},{"@type":"ListItem","position":2,"name":"Processo Seletivo com VAGAS para Bombeiro, Eletricista, Carpinteiro, Pedreiro e outros cargos est\u00e1 com INSCRI\u00c7\u00d5ES ABERTAS &#8211; Sal\u00e1rios de at\u00e9 R$ 4.196,94"}]},{"@type":"WebSite","@id":"https:\/\/www.pensarcursos.com.br\/blog\/#website","url":"https:\/\/www.pensarcursos.com.br\/blog\/","name":"Blog Pensar Cursos","description":"Maior Site de Cursos do Brasil","publisher":{"@id":"https:\/\/www.pensarcursos.com.br\/blog\/#organization"},"alternateName":"Blog Pensar","potentialAction":[{"@type":"SearchAction","target":{"@type":"EntryPoint","urlTemplate":"https:\/\/www.pensarcursos.com.br\/blog\/?s={search_term_string}"},"query-input":{"@type":"PropertyValueSpecification","valueRequired":true,"valueName":"search_term_string"}}],"inLanguage":"pt-BR"},{"@type":"Organization","@id":"https:\/\/www.pensarcursos.com.br\/blog\/#organization","name":"Pensar Cursos","alternateName":"Blog pensar","url":"https:\/\/www.pensarcursos.com.br\/blog\/","logo":{"@type":"ImageObject","inLanguage":"pt-BR","@id":"https:\/\/www.pensarcursos.com.br\/blog\/#\/schema\/logo\/image\/","url":"https:\/\/www.pensarcursos.com.br\/blog\/wp-content\/uploads\/2023\/11\/Nova-Logo-Pensar-Cursos-vertical.png","contentUrl":"https:\/\/www.pensarcursos.com.br\/blog\/wp-content\/uploads\/2023\/11\/Nova-Logo-Pensar-Cursos-vertical.png","width":1393,"height":1001,"caption":"Pensar Cursos"},"image":{"@id":"https:\/\/www.pensarcursos.com.br\/blog\/#\/schema\/logo\/image\/"},"sameAs":["https:\/\/www.facebook.com\/pensarcursos\/","https:\/\/instagram.com.br\/pensarcursos"],"description":"Pensar Cursos \u00e9 uma empresa especializada em oferecer cursos de alta qualidade voltados para o desenvolvimento profissional e acad\u00eamico. Com uma ampla gama de op\u00e7\u00f5es de treinamento, oferecemos conte\u00fados atualizados, ministrados por especialistas da \u00e1rea, para capacitar indiv\u00edduos e equipes a atingirem seus objetivos. Nossa miss\u00e3o \u00e9 proporcionar uma educa\u00e7\u00e3o transformadora, acess\u00edvel e personalizada para cada aluno, seja em cursos presenciais ou online. Com uma abordagem inovadora, buscamos adaptar os nossos programas de ensino \u00e0s necessidades do mercado, criando solu\u00e7\u00f5es que atendem aos desafios e exig\u00eancias do mundo corporativo e acad\u00eamico. Nossos cursos incluem desde forma\u00e7\u00f5es t\u00e9cnicas at\u00e9 habilidades essenciais, como lideran\u00e7a, gest\u00e3o e desenvolvimento pessoal.","email":"contato@pensarcursos.com.br","legalName":"Sena Servi\u00e7os de Informa\u00e7\u00e3o Online LTDA","foundingDate":"2013-04-18","vatID":"17956217000172","numberOfEmployees":{"@type":"QuantitativeValue","minValue":"11","maxValue":"50"},"publishingPrinciples":"https:\/\/www.pensarcursos.com.br\/blog\/principios-de-publicacao\/","ownershipFundingInfo":"https:\/\/www.pensarcursos.com.br\/blog\/informacoes-de-propriedade-financiamento\/","actionableFeedbackPolicy":"https:\/\/www.pensarcursos.com.br\/blog\/politica-de-feedback-acionavel\/","correctionsPolicy":"https:\/\/www.pensarcursos.com.br\/blog\/politica-de-correcoes\/","ethicsPolicy":"https:\/\/www.pensarcursos.com.br\/blog\/politica-de-etica\/"},{"@type":"Person","@id":"https:\/\/www.pensarcursos.com.br\/blog\/#\/schema\/person\/e133b19d62595d6ab0c12f3e5436a7bb","name":"Gorete Costa","image":{"@type":"ImageObject","inLanguage":"pt-BR","@id":"https:\/\/secure.gravatar.com\/avatar\/8cb99f142e1cb1312d8c202378c20dc4f7210145acc22805481f4a3f47ce9b6f?s=96&d=mm&r=g","url":"https:\/\/secure.gravatar.com\/avatar\/8cb99f142e1cb1312d8c202378c20dc4f7210145acc22805481f4a3f47ce9b6f?s=96&d=mm&r=g","contentUrl":"https:\/\/secure.gravatar.com\/avatar\/8cb99f142e1cb1312d8c202378c20dc4f7210145acc22805481f4a3f47ce9b6f?s=96&d=mm&r=g","caption":"Gorete Costa"},"description":"Graduada em Servi\u00e7o Social pela Universidade do Norte do Paran\u00e1 (Unopar), Gorete Costa \u00e9 especialista em comunica\u00e7\u00e3o, atuando como radialista em programas jornal\u00edsticos e de entretenimento, al\u00e9m de produ\u00e7\u00e3o e revis\u00e3o de textos informativos para sites e blogs.","sameAs":["https:\/\/www.facebook.com\/profile.php?id=61550018262414"],"url":"https:\/\/www.pensarcursos.com.br\/blog\/author\/gorete\/"}]}},"_links":{"self":[{"href":"https:\/\/www.pensarcursos.com.br\/blog\/wp-json\/wp\/v2\/posts\/90198","targetHints":{"allow":["GET"]}}],"collection":[{"href":"https:\/\/www.pensarcursos.com.br\/blog\/wp-json\/wp\/v2\/posts"}],"about":[{"href":"https:\/\/www.pensarcursos.com.br\/blog\/wp-json\/wp\/v2\/types\/post"}],"author":[{"embeddable":true,"href":"https:\/\/www.pensarcursos.com.br\/blog\/wp-json\/wp\/v2\/users\/17"}],"replies":[{"embeddable":true,"href":"https:\/\/www.pensarcursos.com.br\/blog\/wp-json\/wp\/v2\/comments?post=90198"}],"version-history":[{"count":0,"href":"https:\/\/www.pensarcursos.com.br\/blog\/wp-json\/wp\/v2\/posts\/90198\/revisions"}],"wp:featuredmedia":[{"embeddable":true,"href":"https:\/\/www.pensarcursos.com.br\/blog\/wp-json\/wp\/v2\/media\/90205"}],"wp:attachment":[{"href":"https:\/\/www.pensarcursos.com.br\/blog\/wp-json\/wp\/v2\/media?parent=90198"}],"wp:term":[{"taxonomy":"category","embeddable":true,"href":"https:\/\/www.pensarcursos.com.br\/blog\/wp-json\/wp\/v2\/categories?post=90198"},{"taxonomy":"post_tag","embeddable":true,"href":"https:\/\/www.pensarcursos.com.br\/blog\/wp-json\/wp\/v2\/tags?post=90198"}],"curies":[{"name":"wp","href":"https:\/\/api.w.org\/{rel}","templated":true}]}}