{"id":87457,"date":"2025-01-25T10:33:27","date_gmt":"2025-01-25T13:33:27","guid":{"rendered":"https:\/\/www.pensarcursos.com.br\/blog\/?p=87457"},"modified":"2025-01-25T10:33:27","modified_gmt":"2025-01-25T13:33:27","slug":"afinal-o-que-e-assindeto","status":"publish","type":"post","link":"https:\/\/www.pensarcursos.com.br\/blog\/afinal-o-que-e-assindeto\/","title":{"rendered":"O que \u00e9 ass\u00edndeto? Veja uma das figuras mais usadas e ignoradas"},"content":{"rendered":"<p data-pm-slice=\"1 1 []\">Voc\u00ea sabia que, mesmo sem perceber, voc\u00ea provavelmente j\u00e1 usou ou encontrou o ass\u00edndeto em diversas situa\u00e7\u00f5es do dia a dia? Essa figura de linguagem \u00e9 amplamente empregada tanto na <a href=\"https:\/\/www.pensarcursos.com.br\/blog\/reveillon-reveillon-ou-reveion\/\" target=\"_blank\" rel=\"noopener\">escrita<\/a> quanto na fala, mas muitas vezes passa despercebida devido \u00e0 sua simplicidade. Vamos explorar o que \u00e9 o ass\u00edndeto, como ele funciona e exemplos pr\u00e1ticos de seu uso.<\/p>\n<p><strong>Leia tamb\u00e9m: <a href=\"https:\/\/www.pensarcursos.com.br\/blog\/o-que-e-substantivo-epiceno\/\" target=\"_blank\" rel=\"noopener\">Substantivo epiceno \u2013 defini\u00e7\u00e3o, utilidade e exemplos pr\u00e1ticos<\/a><\/strong><\/p>\n<h2><strong>O que \u00e9 ass\u00edndeto?<\/strong><\/h2>\n<p data-pm-slice=\"1 1 []\">\u00c9 uma figura de constru\u00e7\u00e3o que consiste na omiss\u00e3o de conjun\u00e7\u00f5es coordenativas entre termos ou ora\u00e7\u00f5es de uma frase. Ele \u00e9 usado para criar uma sensa\u00e7\u00e3o de rapidez, fluidez ou intensidade no texto. Ao retirar conectivos como \u201ce\u201d, \u201cmas\u201d e \u201cpor\u00e9m\u201d, o autor aposta na justaposi\u00e7\u00e3o das ideias para estabelecer rela\u00e7\u00f5es de sentido entre elas.<\/p>\n<p>Por exemplo:<\/p>\n<ul data-spread=\"false\">\n<li>\u201cComprei flores, chocolates, um cart\u00e3o.\u201d<\/li>\n<\/ul>\n<p>Nessa frase, percebe-se a omiss\u00e3o da conjun\u00e7\u00e3o \u201ce\u201d entre os itens listados, o que caracteriza o uso do ass\u00edndeto.<\/p>\n<h4><strong>A diferen\u00e7a entre ass\u00edndeto e poliss\u00edndeto<\/strong><\/h4>\n<p>Para entender melhor o ass\u00edndeto, \u00e9 importante distingui-lo do poliss\u00edndeto, outra figura de constru\u00e7\u00e3o. Enquanto o ass\u00edndeto omite as conjun\u00e7\u00f5es, o poliss\u00edndeto faz o oposto: adiciona conjun\u00e7\u00f5es repetidamente para enfatizar a ideia de continuidade ou exaust\u00e3o. Veja a diferen\u00e7a:<\/p>\n<ul data-spread=\"false\">\n<li>Ass\u00edndeto: \u201cEle correu, caiu, levantou, continuou.\u201d<\/li>\n<li>Poliss\u00edndeto: \u201cEle correu e caiu e levantou e continuou.\u201d<\/li>\n<\/ul>\n<p>Ambas as figuras t\u00eam prop\u00f3sitos estil\u00edsticos distintos e podem ser usadas para enriquecer a expressividade do texto.<\/p>\n<h3><strong>Por que o ass\u00edndeto \u00e9 t\u00e3o usado?<\/strong><\/h3>\n<p>Ele \u00e9 amplamente utilizado porque contribui para tornar a linguagem mais din\u00e2mica e envolvente. Em contextos liter\u00e1rios, ele pode ser empregado para criar ritmo e intensidade, enquanto, na fala cotidiana, sua presen\u00e7a \u00e9 natural devido \u00e0 tend\u00eancia de simplifica\u00e7\u00e3o na comunica\u00e7\u00e3o oral.<\/p>\n<p>Na literatura, autores como Machado de Assis e <a href=\"https:\/\/www.pensarcursos.com.br\/blog\/autora-clarice-lispector\/\" target=\"_blank\" rel=\"noopener\">Clarice Lispector<\/a> utilizaram o ass\u00edndeto para imprimir estilo \u00fanico a seus textos. Al\u00e9m disso, ele tamb\u00e9m \u00e9 recorrente na poesia, ajudando a intensificar as emo\u00e7\u00f5es e criar um impacto maior no leitor.<\/p>\n<figure id=\"attachment_84508\" aria-describedby=\"caption-attachment-84508\" style=\"width: 2560px\" class=\"wp-caption aligncenter\"><img decoding=\"async\" class=\"size-full wp-image-84508\" title=\"O que \u00e9 ass\u00edndeto? Veja uma das figuras mais usadas e ignoradas (Foto: Unsplash).\" src=\"https:\/\/www.pensarcursos.com.br\/blog\/wp-content\/uploads\/2025\/01\/will-h-mcmahan-S3JdHNXSfnA-unsplash-scaled.jpg\" alt=\"O que \u00e9 ass\u00edndeto? Veja uma das figuras mais usadas e ignoradas (Foto: Unsplash).\" width=\"2560\" height=\"1707\" srcset=\"https:\/\/www.pensarcursos.com.br\/blog\/wp-content\/uploads\/2025\/01\/will-h-mcmahan-S3JdHNXSfnA-unsplash-scaled.jpg 2560w, https:\/\/www.pensarcursos.com.br\/blog\/wp-content\/uploads\/2025\/01\/will-h-mcmahan-S3JdHNXSfnA-unsplash-300x200.jpg 300w, https:\/\/www.pensarcursos.com.br\/blog\/wp-content\/uploads\/2025\/01\/will-h-mcmahan-S3JdHNXSfnA-unsplash-1024x683.jpg 1024w, https:\/\/www.pensarcursos.com.br\/blog\/wp-content\/uploads\/2025\/01\/will-h-mcmahan-S3JdHNXSfnA-unsplash-768x512.jpg 768w, https:\/\/www.pensarcursos.com.br\/blog\/wp-content\/uploads\/2025\/01\/will-h-mcmahan-S3JdHNXSfnA-unsplash-1536x1024.jpg 1536w, https:\/\/www.pensarcursos.com.br\/blog\/wp-content\/uploads\/2025\/01\/will-h-mcmahan-S3JdHNXSfnA-unsplash-2048x1365.jpg 2048w\" sizes=\"(max-width: 2560px) 100vw, 2560px\" \/><figcaption id=\"caption-attachment-84508\" class=\"wp-caption-text\">O que \u00e9 ass\u00edndeto? Veja uma das figuras mais usadas e ignoradas (Foto: Unsplash).<\/figcaption><\/figure>\n<p><strong>Exemplos pr\u00e1ticos<\/strong><\/p>\n<p>Para ilustrar melhor, aqui est\u00e3o alguns exemplos de ass\u00edndeto:<\/p>\n<ol start=\"1\" data-spread=\"false\">\n<li>\u201cVim, vi, venci.\u201d (J\u00falio C\u00e9sar)<\/li>\n<li>\u201cAndava pelas ruas, pensava, sonhava, esquecia-se de tudo.\u201d<\/li>\n<li>\u201cAbri a porta, entrei na casa, olhei ao redor.\u201d<\/li>\n<\/ol>\n<p>Nos exemplos acima, a omiss\u00e3o das conjun\u00e7\u00f5es permite que as a\u00e7\u00f5es sejam apresentadas de maneira direta e r\u00e1pida, gerando maior dinamismo.<\/p>\n<h3><strong>Como usar o ass\u00edndeto de forma eficaz<\/strong><\/h3>\n<p>O uso do ass\u00edndeto deve ser consciente e alinhado ao objetivo do texto. Ele \u00e9 especialmente \u00fatil para:<\/p>\n<ul data-spread=\"false\">\n<li>Transmitir uma sensa\u00e7\u00e3o de velocidade ou urg\u00eancia;<\/li>\n<li>Criar um estilo mais coloquial e descontra\u00eddo;<\/li>\n<li>Ressaltar a sequ\u00eancia de a\u00e7\u00f5es ou fatos.<\/li>\n<\/ul>\n<p>Entretanto, \u00e9 importante evitar excessos, pois a omiss\u00e3o constante de conjun\u00e7\u00f5es pode comprometer a clareza do texto, especialmente em textos mais formais ou acad\u00eamicos.<\/p>\n<h4><strong>Em resumo<\/strong><\/h4>\n<p>O ass\u00edndeto \u00e9 uma figura de linguagem poderosa e vers\u00e1til, capaz de conferir ritmo e fluidez \u00e0 comunica\u00e7\u00e3o. Embora muitas vezes passe despercebido, seu uso \u00e9 frequente e essencial para enriquecer tanto a fala quanto a escrita. Ao compreender e aplicar o ass\u00edndeto de maneira consciente, voc\u00ea pode transformar seu texto em algo mais envolvente e din\u00e2mico. Que tal tentar inclu\u00ed-lo na sua pr\u00f3xima reda\u00e7\u00e3o ou conversa?<\/p>\n<h3><strong>Veja exemplos famosos!<\/strong><\/h3>\n<ul>\n<li>\u201cPor voc\u00ea eu largo tudo. Vou mendigar, roubar, matar.\/ Que por voc\u00ea eu largo tudo. Carreira, dinheiro, canudo.\u201d (<a href=\"https:\/\/www.pensarcursos.com.br\/blog\/4-musicas-ingles\/\" target=\"_blank\" rel=\"nofollow noopener\">m\u00fasica<\/a> \u201cExagerado\u201d de Cazuza)<\/li>\n<li>\u201cEra imposs\u00edvel saber onde se fixava o olho de padre In\u00e1cio, duro, de vidro, im\u00f3vel na \u00f3rbita escura. Ningu\u00e9m me viu. Fiquei num canto, roendo as unhas, olhando os p\u00e9s do finado, compridos, chatos, amarelos.\u201d (\u201cAng\u00fastia\u201d de Graciliano Ramos)<\/li>\n<li>\u201cNascendo, rompendo, rasgando, E tomando meu corpo e ent\u00e3o&#8230;Eu&#8230; chorando, sofrendo, gostando, adorando.\u201d (m\u00fasica \u201cN\u00e3o D\u00e1 Mais Pra Segurar (Explode Cora\u00e7\u00e3o)\u201d de Gonzaguinha)<\/li>\n<li>\u201cTem que ser selado, registrado, carimbado, avaliado, rotulado, se quiser voar. Pra lua, a taxa \u00e9 alta. Pro sol: identidade.\u201d (m\u00fasica \u201cCarimbador Maluco\u201d de Raul Seixas)<\/li>\n<li>\u201cA tua ra\u00e7a de aventura quis ter a terra, o c\u00e9u, o mar\/A tua ra\u00e7a quer partir, guerrear, sofrer, vencer, voltar.\u201d (\u201cEpigrama n\u00ba 7\u201d de Cec\u00edlia Meireles)<\/li>\n<li>\u201cTive ouro, tive gado, tive fazendas.\u201d (\u201cConfid\u00eancia do Itabirano\u201d de Carlos Drummond de Andrade)<\/li>\n<\/ul>\n","protected":false},"excerpt":{"rendered":"<p>Confira o que \u00e9 ass\u00edndeto, uma figura de linguagem poderosa que omite conjun\u00e7\u00f5es para criar textos mais din\u00e2micos e impactantes. Veja exemplos e como us\u00e1-la!<\/p>\n","protected":false},"author":35,"featured_media":84508,"comment_status":"open","ping_status":"closed","sticky":false,"template":"","format":"standard","meta":{"jnews-multi-image_gallery":[],"jnews_single_post":[],"jnews_primary_category":[],"jnews_social_meta":[],"jnews_override_counter":[],"footnotes":""},"categories":[27,12044],"tags":[14763,466,609,1287],"class_list":["post-87457","post","type-post","status-publish","format-standard","has-post-thumbnail","hentry","category-dicas","category-portugues","tag-duvidas-de-portugues","tag-figuras-de-linguagem","tag-lingua-portuguesa","tag-linguistica"],"yoast_head":"<!-- This site is optimized with the Yoast SEO Premium plugin v27.5 (Yoast SEO v27.5) - https:\/\/yoast.com\/product\/yoast-seo-premium-wordpress\/ -->\n<title>O que \u00e9 ass\u00edndeto? Veja uma das figuras mais usadas e ignoradas - Blog Pensar Cursos<\/title>\n<meta name=\"description\" content=\"Confira o que \u00e9 ass\u00edndeto, uma figura de linguagem poderosa que omite conjun\u00e7\u00f5es para criar textos mais din\u00e2micos e impactantes. Veja exemplos e como us\u00e1-la!\" \/>\n<meta name=\"robots\" content=\"index, follow, max-snippet:-1, max-image-preview:large, max-video-preview:-1\" \/>\n<link rel=\"canonical\" href=\"https:\/\/www.pensarcursos.com.br\/blog\/afinal-o-que-e-assindeto\/\" \/>\n<meta property=\"og:locale\" content=\"pt_BR\" \/>\n<meta property=\"og:type\" content=\"article\" \/>\n<meta property=\"og:title\" content=\"O que \u00e9 ass\u00edndeto? Veja uma das figuras mais usadas e ignoradas\" \/>\n<meta property=\"og:description\" content=\"Confira o que \u00e9 ass\u00edndeto, uma figura de linguagem poderosa que omite conjun\u00e7\u00f5es para criar textos mais din\u00e2micos e impactantes. Veja exemplos e como us\u00e1-la!\" \/>\n<meta property=\"og:url\" content=\"https:\/\/www.pensarcursos.com.br\/blog\/afinal-o-que-e-assindeto\/\" \/>\n<meta property=\"og:site_name\" content=\"Blog Pensar Cursos\" \/>\n<meta property=\"article:publisher\" content=\"https:\/\/www.facebook.com\/pensarcursos\/\" \/>\n<meta property=\"article:published_time\" content=\"2025-01-25T13:33:27+00:00\" \/>\n<meta property=\"og:image\" content=\"https:\/\/www.pensarcursos.com.br\/blog\/wp-content\/uploads\/2025\/01\/will-h-mcmahan-S3JdHNXSfnA-unsplash-scaled.jpg\" \/>\n\t<meta property=\"og:image:width\" content=\"2560\" \/>\n\t<meta property=\"og:image:height\" content=\"1707\" \/>\n\t<meta property=\"og:image:type\" content=\"image\/jpeg\" \/>\n<meta name=\"author\" content=\"Mycarla Oliveira\" \/>\n<meta name=\"twitter:card\" content=\"summary_large_image\" \/>\n<meta name=\"twitter:label1\" content=\"Escrito por\" \/>\n\t<meta name=\"twitter:data1\" content=\"Mycarla Oliveira\" \/>\n\t<meta name=\"twitter:label2\" content=\"Est. tempo de leitura\" \/>\n\t<meta name=\"twitter:data2\" content=\"4 minutos\" \/>\n<!-- \/ Yoast SEO Premium plugin. -->","yoast_head_json":{"title":"O que \u00e9 ass\u00edndeto? Veja uma das figuras mais usadas e ignoradas - Blog Pensar Cursos","description":"Confira o que \u00e9 ass\u00edndeto, uma figura de linguagem poderosa que omite conjun\u00e7\u00f5es para criar textos mais din\u00e2micos e impactantes. Veja exemplos e como us\u00e1-la!","robots":{"index":"index","follow":"follow","max-snippet":"max-snippet:-1","max-image-preview":"max-image-preview:large","max-video-preview":"max-video-preview:-1"},"canonical":"https:\/\/www.pensarcursos.com.br\/blog\/afinal-o-que-e-assindeto\/","og_locale":"pt_BR","og_type":"article","og_title":"O que \u00e9 ass\u00edndeto? Veja uma das figuras mais usadas e ignoradas","og_description":"Confira o que \u00e9 ass\u00edndeto, uma figura de linguagem poderosa que omite conjun\u00e7\u00f5es para criar textos mais din\u00e2micos e impactantes. Veja exemplos e como us\u00e1-la!","og_url":"https:\/\/www.pensarcursos.com.br\/blog\/afinal-o-que-e-assindeto\/","og_site_name":"Blog Pensar Cursos","article_publisher":"https:\/\/www.facebook.com\/pensarcursos\/","article_published_time":"2025-01-25T13:33:27+00:00","og_image":[{"width":2560,"height":1707,"url":"https:\/\/www.pensarcursos.com.br\/blog\/wp-content\/uploads\/2025\/01\/will-h-mcmahan-S3JdHNXSfnA-unsplash-scaled.jpg","type":"image\/jpeg"}],"author":"Mycarla Oliveira","twitter_card":"summary_large_image","twitter_misc":{"Escrito por":"Mycarla Oliveira","Est. tempo de leitura":"4 minutos"},"schema":{"@context":"https:\/\/schema.org","@graph":[{"@type":["Article","BlogPosting"],"@id":"https:\/\/www.pensarcursos.com.br\/blog\/afinal-o-que-e-assindeto\/#article","isPartOf":{"@id":"https:\/\/www.pensarcursos.com.br\/blog\/afinal-o-que-e-assindeto\/"},"author":{"name":"Mycarla Oliveira","@id":"https:\/\/www.pensarcursos.com.br\/blog\/#\/schema\/person\/08c090c2735ba16d5c02ecf702d5b9f0"},"headline":"O que \u00e9 ass\u00edndeto? Veja uma das figuras mais usadas e ignoradas","datePublished":"2025-01-25T13:33:27+00:00","mainEntityOfPage":{"@id":"https:\/\/www.pensarcursos.com.br\/blog\/afinal-o-que-e-assindeto\/"},"wordCount":775,"commentCount":0,"publisher":{"@id":"https:\/\/www.pensarcursos.com.br\/blog\/#organization"},"image":{"@id":"https:\/\/www.pensarcursos.com.br\/blog\/afinal-o-que-e-assindeto\/#primaryimage"},"thumbnailUrl":"https:\/\/www.pensarcursos.com.br\/blog\/wp-content\/uploads\/2025\/01\/will-h-mcmahan-S3JdHNXSfnA-unsplash-scaled.jpg","keywords":["d\u00favidas de portugu\u00eas","Figuras de Linguagem","L\u00edngua Portuguesa","Lingu\u00edstica"],"articleSection":["Dicas","Portugu\u00eas"],"inLanguage":"pt-BR","potentialAction":[{"@type":"CommentAction","name":"Comment","target":["https:\/\/www.pensarcursos.com.br\/blog\/afinal-o-que-e-assindeto\/#respond"]}],"copyrightYear":"2025","copyrightHolder":{"@id":"https:\/\/www.pensarcursos.com.br\/blog\/#organization"}},{"@type":"WebPage","@id":"https:\/\/www.pensarcursos.com.br\/blog\/afinal-o-que-e-assindeto\/","url":"https:\/\/www.pensarcursos.com.br\/blog\/afinal-o-que-e-assindeto\/","name":"O que \u00e9 ass\u00edndeto? Veja uma das figuras mais usadas e ignoradas - Blog Pensar Cursos","isPartOf":{"@id":"https:\/\/www.pensarcursos.com.br\/blog\/#website"},"primaryImageOfPage":{"@id":"https:\/\/www.pensarcursos.com.br\/blog\/afinal-o-que-e-assindeto\/#primaryimage"},"image":{"@id":"https:\/\/www.pensarcursos.com.br\/blog\/afinal-o-que-e-assindeto\/#primaryimage"},"thumbnailUrl":"https:\/\/www.pensarcursos.com.br\/blog\/wp-content\/uploads\/2025\/01\/will-h-mcmahan-S3JdHNXSfnA-unsplash-scaled.jpg","datePublished":"2025-01-25T13:33:27+00:00","description":"Confira o que \u00e9 ass\u00edndeto, uma figura de linguagem poderosa que omite conjun\u00e7\u00f5es para criar textos mais din\u00e2micos e impactantes. Veja exemplos e como us\u00e1-la!","breadcrumb":{"@id":"https:\/\/www.pensarcursos.com.br\/blog\/afinal-o-que-e-assindeto\/#breadcrumb"},"inLanguage":"pt-BR","potentialAction":[{"@type":"ReadAction","target":["https:\/\/www.pensarcursos.com.br\/blog\/afinal-o-que-e-assindeto\/"]}]},{"@type":"ImageObject","inLanguage":"pt-BR","@id":"https:\/\/www.pensarcursos.com.br\/blog\/afinal-o-que-e-assindeto\/#primaryimage","url":"https:\/\/www.pensarcursos.com.br\/blog\/wp-content\/uploads\/2025\/01\/will-h-mcmahan-S3JdHNXSfnA-unsplash-scaled.jpg","contentUrl":"https:\/\/www.pensarcursos.com.br\/blog\/wp-content\/uploads\/2025\/01\/will-h-mcmahan-S3JdHNXSfnA-unsplash-scaled.jpg","width":2560,"height":1707,"caption":"Voc\u00ea sabe quais s\u00e3o as fun\u00e7\u00f5es sint\u00e1ticas dos pronomes pessoais? (Foto: Unsplash)."},{"@type":"BreadcrumbList","@id":"https:\/\/www.pensarcursos.com.br\/blog\/afinal-o-que-e-assindeto\/#breadcrumb","itemListElement":[{"@type":"ListItem","position":1,"name":"Home","item":"https:\/\/www.pensarcursos.com.br\/blog\/"},{"@type":"ListItem","position":2,"name":"O que \u00e9 ass\u00edndeto? Veja uma das figuras mais usadas e ignoradas"}]},{"@type":"WebSite","@id":"https:\/\/www.pensarcursos.com.br\/blog\/#website","url":"https:\/\/www.pensarcursos.com.br\/blog\/","name":"Blog Pensar Cursos","description":"Maior Site de Cursos do Brasil","publisher":{"@id":"https:\/\/www.pensarcursos.com.br\/blog\/#organization"},"alternateName":"Blog Pensar","potentialAction":[{"@type":"SearchAction","target":{"@type":"EntryPoint","urlTemplate":"https:\/\/www.pensarcursos.com.br\/blog\/?s={search_term_string}"},"query-input":{"@type":"PropertyValueSpecification","valueRequired":true,"valueName":"search_term_string"}}],"inLanguage":"pt-BR"},{"@type":"Organization","@id":"https:\/\/www.pensarcursos.com.br\/blog\/#organization","name":"Pensar Cursos","alternateName":"Blog pensar","url":"https:\/\/www.pensarcursos.com.br\/blog\/","logo":{"@type":"ImageObject","inLanguage":"pt-BR","@id":"https:\/\/www.pensarcursos.com.br\/blog\/#\/schema\/logo\/image\/","url":"https:\/\/www.pensarcursos.com.br\/blog\/wp-content\/uploads\/2023\/11\/Nova-Logo-Pensar-Cursos-vertical.png","contentUrl":"https:\/\/www.pensarcursos.com.br\/blog\/wp-content\/uploads\/2023\/11\/Nova-Logo-Pensar-Cursos-vertical.png","width":1393,"height":1001,"caption":"Pensar Cursos"},"image":{"@id":"https:\/\/www.pensarcursos.com.br\/blog\/#\/schema\/logo\/image\/"},"sameAs":["https:\/\/www.facebook.com\/pensarcursos\/","https:\/\/instagram.com.br\/pensarcursos"],"description":"Pensar Cursos \u00e9 uma empresa especializada em oferecer cursos de alta qualidade voltados para o desenvolvimento profissional e acad\u00eamico. Com uma ampla gama de op\u00e7\u00f5es de treinamento, oferecemos conte\u00fados atualizados, ministrados por especialistas da \u00e1rea, para capacitar indiv\u00edduos e equipes a atingirem seus objetivos. Nossa miss\u00e3o \u00e9 proporcionar uma educa\u00e7\u00e3o transformadora, acess\u00edvel e personalizada para cada aluno, seja em cursos presenciais ou online. Com uma abordagem inovadora, buscamos adaptar os nossos programas de ensino \u00e0s necessidades do mercado, criando solu\u00e7\u00f5es que atendem aos desafios e exig\u00eancias do mundo corporativo e acad\u00eamico. Nossos cursos incluem desde forma\u00e7\u00f5es t\u00e9cnicas at\u00e9 habilidades essenciais, como lideran\u00e7a, gest\u00e3o e desenvolvimento pessoal.","email":"contato@pensarcursos.com.br","legalName":"Sena Servi\u00e7os de Informa\u00e7\u00e3o Online LTDA","foundingDate":"2013-04-18","vatID":"17956217000172","numberOfEmployees":{"@type":"QuantitativeValue","minValue":"11","maxValue":"50"},"publishingPrinciples":"https:\/\/www.pensarcursos.com.br\/blog\/principios-de-publicacao\/","ownershipFundingInfo":"https:\/\/www.pensarcursos.com.br\/blog\/informacoes-de-propriedade-financiamento\/","actionableFeedbackPolicy":"https:\/\/www.pensarcursos.com.br\/blog\/politica-de-feedback-acionavel\/","correctionsPolicy":"https:\/\/www.pensarcursos.com.br\/blog\/politica-de-correcoes\/","ethicsPolicy":"https:\/\/www.pensarcursos.com.br\/blog\/politica-de-etica\/"},{"@type":"Person","@id":"https:\/\/www.pensarcursos.com.br\/blog\/#\/schema\/person\/08c090c2735ba16d5c02ecf702d5b9f0","name":"Mycarla Oliveira","image":{"@type":"ImageObject","inLanguage":"pt-BR","@id":"https:\/\/secure.gravatar.com\/avatar\/eeada09a97955c1a68c5280dd5ad49314a30e113f5323286583dfcd4f387cffd?s=96&d=mm&r=g","url":"https:\/\/secure.gravatar.com\/avatar\/eeada09a97955c1a68c5280dd5ad49314a30e113f5323286583dfcd4f387cffd?s=96&d=mm&r=g","contentUrl":"https:\/\/secure.gravatar.com\/avatar\/eeada09a97955c1a68c5280dd5ad49314a30e113f5323286583dfcd4f387cffd?s=96&d=mm&r=g","caption":"Mycarla Oliveira"},"description":"Formada em Letras \u2013 L\u00edngua Portuguesa e Literaturas pela UFRN desde 2021, atuo como escritora de contos e de romances h\u00e1 mais de uma d\u00e9cada e, por isso, tamb\u00e9m trabalho como ghostwriter. Sempre lado a lado com a escrita, estou presente no ramo de revis\u00e3o, reda\u00e7\u00e3o e edi\u00e7\u00e3o de textos.","url":"https:\/\/www.pensarcursos.com.br\/blog\/author\/mycarla\/"}]}},"_links":{"self":[{"href":"https:\/\/www.pensarcursos.com.br\/blog\/wp-json\/wp\/v2\/posts\/87457","targetHints":{"allow":["GET"]}}],"collection":[{"href":"https:\/\/www.pensarcursos.com.br\/blog\/wp-json\/wp\/v2\/posts"}],"about":[{"href":"https:\/\/www.pensarcursos.com.br\/blog\/wp-json\/wp\/v2\/types\/post"}],"author":[{"embeddable":true,"href":"https:\/\/www.pensarcursos.com.br\/blog\/wp-json\/wp\/v2\/users\/35"}],"replies":[{"embeddable":true,"href":"https:\/\/www.pensarcursos.com.br\/blog\/wp-json\/wp\/v2\/comments?post=87457"}],"version-history":[{"count":0,"href":"https:\/\/www.pensarcursos.com.br\/blog\/wp-json\/wp\/v2\/posts\/87457\/revisions"}],"wp:featuredmedia":[{"embeddable":true,"href":"https:\/\/www.pensarcursos.com.br\/blog\/wp-json\/wp\/v2\/media\/84508"}],"wp:attachment":[{"href":"https:\/\/www.pensarcursos.com.br\/blog\/wp-json\/wp\/v2\/media?parent=87457"}],"wp:term":[{"taxonomy":"category","embeddable":true,"href":"https:\/\/www.pensarcursos.com.br\/blog\/wp-json\/wp\/v2\/categories?post=87457"},{"taxonomy":"post_tag","embeddable":true,"href":"https:\/\/www.pensarcursos.com.br\/blog\/wp-json\/wp\/v2\/tags?post=87457"}],"curies":[{"name":"wp","href":"https:\/\/api.w.org\/{rel}","templated":true}]}}