{"id":87201,"date":"2025-01-25T18:09:19","date_gmt":"2025-01-25T21:09:19","guid":{"rendered":"https:\/\/www.pensarcursos.com.br\/blog\/?p=87201"},"modified":"2025-01-23T14:46:27","modified_gmt":"2025-01-23T17:46:27","slug":"e-amanha-concurso-camara-municipal-em-sp-encerra-inscricoes-neste-domingo-26-01-salarios-de-ate-r-8-37774","status":"publish","type":"post","link":"https:\/\/www.pensarcursos.com.br\/blog\/e-amanha-concurso-camara-municipal-em-sp-encerra-inscricoes-neste-domingo-26-01-salarios-de-ate-r-8-37774\/","title":{"rendered":"\u00c9 AMANH\u00c3! Concurso C\u00e2mara Municipal em SP encerra inscri\u00e7\u00f5es neste domingo (26\/01) &#8211; Sal\u00e1rios de at\u00e9 R$ 8.377,74"},"content":{"rendered":"<p>No estado de S\u00e3o Paulo, a C\u00e2mara Municipal est\u00e1 prestes a encerrar as inscri\u00e7\u00f5es para seu aguardado concurso p\u00fablico. Com oportunidades que ofertam sal\u00e1rios que chegam a <strong>R$ 8.377,74<\/strong>, o certame tem atra\u00eddo a aten\u00e7\u00e3o de diversos candidatos. O certame oferece vagas imediatas, al\u00e9m da forma\u00e7\u00e3o de cadastro reserva. As oportunidades abrangem cargos de n\u00edveis m\u00e9dio e superior, proporcionando chances para profissionais com diferentes n\u00edveis de forma\u00e7\u00e3o. Veja mais detalhes a seguir!<\/p>\n<h2>Vagas oferecidas<\/h2>\n<p>O <a href=\"https:\/\/www.pensarcursos.com.br\/blog\/concurso-publico-correios-libera-resultados-para-analista-nesta-sexta-24-1\/\">certame<\/a> apresenta uma variedade de cargos, atendendo a diferentes perfis profissionais. As vagas est\u00e3o distribu\u00eddas da seguinte forma:<\/p>\n<h3>N\u00edvel m\u00e9dio<\/h3>\n<ul class=\"!whitespace-normal list-disc ml-5\">\n<li class=\"pb-1\">2 vagas para Oficial Administrativo de Almoxarifado<\/li>\n<li class=\"pb-1\">2 vagas para Oficial Administrativo de Patrim\u00f4nio<\/li>\n<li class=\"pb-1\">1 vaga para Oficial Administrativo de Qualidade<\/li>\n<li>02 vagas para fot\u00f3grafo<\/li>\n<\/ul>\n<h3>N\u00edvel superior<\/h3>\n<ul class=\"!whitespace-normal list-disc ml-5\">\n<li class=\"pb-1\">1 vaga para Analista de Or\u00e7amento<\/li>\n<li class=\"pb-1\">1 vaga para Controlador Interno<\/li>\n<li class=\"pb-1\">1 vaga para Gestor Educacional<\/li>\n<li class=\"pb-1\">1 vaga para Jornalista<\/li>\n<li class=\"pb-1\">1 vaga para Pedagogo<\/li>\n<\/ul>\n<p>\u00c9 importante ressaltar que, dentro do quantitativo de vagas mencionado, h\u00e1 reservas para candidatos que se enquadram em categorias espec\u00edficas, como Pessoas com Defici\u00eancias e Mulheres em Situa\u00e7\u00e3o de Viol\u00eancia Dom\u00e9stica, conforme detalhado no edital de abertura.<\/p>\n<h2>Remunera\u00e7\u00e3o e jornada de trabalho<\/h2>\n<p>Os profissionais selecionados ser\u00e3o contratados para uma jornada de trabalho de 40 horas semanais. A remunera\u00e7\u00e3o mensal varia de acordo com o cargo, indo de <strong>R$ 2.426,44 a R$ 8.377,74.<\/strong><\/p>\n<h2>Processo de inscri\u00e7\u00e3o<\/h2>\n<p>As inscri\u00e7\u00f5es para o <a href=\"https:\/\/www.pensarcursos.com.br\/blog\/inscricoes-comecam-em-23-01-concurso-abre-vagas-para-administrador-pedagogo-bibliotecario-contador-e-outros-cargos-salario-de-ate-r-4-96704-mais-auxilio-alimentacao-de-r-1-00000-e-mais-benef\/\">concurso<\/a> est\u00e3o abertas desde 19 de dezembro de 2024<strong> e se encerram amanh\u00e3, 26 de janeiro de 2025.<\/strong> O processo de inscri\u00e7\u00e3o \u00e9 realizado exclusivamente pelo site <a href=\"https:\/\/www.avancasp.org.br\/informacoes\/181\/\" target=\"_blank\" rel=\"noopener\">Avan\u00e7a SP<\/a>, facilitando o acesso dos candidatos de diferentes regi\u00f5es.<\/p>\n<p>Para efetivar a inscri\u00e7\u00e3o, \u00e9 necess\u00e1rio o pagamento de uma taxa, cujo valor varia entre R$ 70,00 e R$ 96,00, dependendo do cargo escolhido.<\/p>\n<h2>Isen\u00e7\u00e3o da taxa de inscri\u00e7\u00e3o<\/h2>\n<p>Candidatos que se enquadram nos requisitos especificados no edital puderam solicitar a isen\u00e7\u00e3o do valor da taxa de inscri\u00e7\u00e3o at\u00e9 o dia 24 de dezembro de 2024.<\/p>\n<h2>Etapas de concurso<\/h2>\n<p>A sele\u00e7\u00e3o do <a href=\"https:\/\/www.pensarcursos.com.br\/blog\/e-amanha-concurso-com-vagas-para-motorista-vigilante-recepcionista-educador-fisico-psicologo-e-outros-cargos-encerra-inscricoes-nesta-terca-21-01\/\">concurso<\/a> da C\u00e2mara de Santana de Parna\u00edba, cidade do estado de S\u00e3o Paulo (SP), ser\u00e1 composto por duas etapas principais:<\/p>\n<ol class=\"!whitespace-normal list-decimal ml-5\">\n<li class=\"pb-1\"><strong>Prova Objetiva<\/strong>: Agendada para o dia 9 de fevereiro de 2025, esta etapa avaliar\u00e1 os conhecimentos dos candidatos em diversas \u00e1reas.<\/li>\n<li class=\"pb-1\"><strong>Avalia\u00e7\u00e3o de T\u00edtulos<\/strong>: Esta fase permitir\u00e1 aos candidatos apresentarem suas qualifica\u00e7\u00f5es acad\u00eamicas e profissionais adicionais.<\/li>\n<\/ol>\n<figure id=\"attachment_87210\" aria-describedby=\"caption-attachment-87210\" style=\"width: 827px\" class=\"wp-caption aligncenter\"><img decoding=\"async\" class=\"wp-image-87210 \" title=\"Concurso da C\u00e2mara Municipal\" src=\"https:\/\/www.pensarcursos.com.br\/blog\/wp-content\/uploads\/2025\/01\/concurso9-25.jpg\" alt=\"Candidata de camisa laranja concentrada se preparando para o Concurso da C\u00e2mara Municipal\" width=\"827\" height=\"474\" srcset=\"https:\/\/www.pensarcursos.com.br\/blog\/wp-content\/uploads\/2025\/01\/concurso9-25.jpg 1275w, https:\/\/www.pensarcursos.com.br\/blog\/wp-content\/uploads\/2025\/01\/concurso9-25-300x172.jpg 300w, https:\/\/www.pensarcursos.com.br\/blog\/wp-content\/uploads\/2025\/01\/concurso9-25-1024x587.jpg 1024w, https:\/\/www.pensarcursos.com.br\/blog\/wp-content\/uploads\/2025\/01\/concurso9-25-768x440.jpg 768w, https:\/\/www.pensarcursos.com.br\/blog\/wp-content\/uploads\/2025\/01\/concurso9-25-750x430.jpg 750w\" sizes=\"(max-width: 827px) 100vw, 827px\" \/><figcaption id=\"caption-attachment-87210\" class=\"wp-caption-text\">Etapas do concurso da C\u00e2mara de Santana de Parna\u00edba. Imagem: Freepik<\/figcaption><\/figure>\n<h3>Conte\u00fado da prova objetiva<\/h3>\n<p>A prova objetiva abranger\u00e1 as seguintes disciplinas:<\/p>\n<ul class=\"!whitespace-normal list-disc ml-5\">\n<li class=\"pb-1\">L\u00edngua Portuguesa<\/li>\n<li class=\"pb-1\">Matem\u00e1tica<\/li>\n<li class=\"pb-1\">No\u00e7\u00f5es de Inform\u00e1tica<\/li>\n<li class=\"pb-1\">Conhecimentos Espec\u00edficos<\/li>\n<\/ul>\n<p>Cada \u00e1rea ter\u00e1 um peso diferente na avalia\u00e7\u00e3o, dependendo do cargo pretendido. \u00c9 essencial que os candidatos se preparem adequadamente, revisando os conte\u00fados program\u00e1ticos detalhados no edital.<\/p>\n<h2>Validade do concurso<\/h2>\n<p>De acordo com o <a href=\"https:\/\/www.pensarcursos.com.br\/blog\/wp-content\/uploads\/2025\/01\/776034a4-13e5-458a-bae3-072dacf29858-1-1.pdf\" target=\"_blank\" rel=\"noopener\">edital<\/a>, o concurso p\u00fablico da da C\u00e2mara de Santana de Parna\u00edba ter\u00e1 validade de dois anos, contados a partir da data de publica\u00e7\u00e3o da homologa\u00e7\u00e3o do resultado final. Existe a possibilidade de prorroga\u00e7\u00e3o por igual per\u00edodo, o que oferece uma janela de oportunidade significativa para os aprovados.<\/p>\n<h2>Prepara\u00e7\u00e3o dos candidatos<\/h2>\n<p>Com o encerramento das inscri\u00e7\u00f5es previsto para amanh\u00e3, os candidatos devem aproveitar as \u00faltimas horas para <strong>intensificar sua prepara\u00e7\u00e3o<\/strong>. Seguir uma estrat\u00e9gia eficiente pode fazer toda a diferen\u00e7a no desempenho final. Para isso, \u00e9 importante adotar algumas boas pr\u00e1ticas:<\/p>\n<ul>\n<li><strong>Revisar o edital<\/strong> atentamente, garantindo que todos os requisitos e informa\u00e7\u00f5es essenciais sejam compreendidos. Erros por falta de aten\u00e7\u00e3o podem comprometer a participa\u00e7\u00e3o.<\/li>\n<li><strong>Organizar um cronograma de estudos<\/strong>, priorizando as disciplinas com maior peso na prova e focando nos temas mais recorrentes em edi\u00e7\u00f5es anteriores.<\/li>\n<li><strong>Resolver simulados e exerc\u00edcios pr\u00e1ticos<\/strong>, ajudando a se familiarizar com o formato das quest\u00f5es, a administrar melhor o tempo e a identificar pontos que precisam de refor\u00e7o.<\/li>\n<li><strong>Acompanhar atualiza\u00e7\u00f5es no edital<\/strong>, evitando surpresas ou mudan\u00e7as de \u00faltima hora que possam impactar a prova.<\/li>\n<\/ul>\n<p>Al\u00e9m disso, manter a calma e cuidar da sa\u00fade f\u00edsica e mental tamb\u00e9m s\u00e3o aspectos fundamentais para um bom rendimento. O per\u00edodo que antecede a prova exige <strong>foco, disciplina e estrat\u00e9gia<\/strong>, e a prepara\u00e7\u00e3o adequada pode ser determinante para o sucesso na sele\u00e7\u00e3o. Aproveite esse momento final para revisar e consolidar seus conhecimentos!<\/p>\n","protected":false},"excerpt":{"rendered":"<p>No estado de S\u00e3o Paulo, a C\u00e2mara Municipal est\u00e1 prestes a encerrar as inscri\u00e7\u00f5es para seu aguardado concurso p\u00fablico. Com oportunidades que ofertam sal\u00e1rios que chegam a R$ 8.377,74, o certame tem atra\u00eddo a aten\u00e7\u00e3o de diversos candidatos. O certame oferece vagas imediatas, al\u00e9m da forma\u00e7\u00e3o de cadastro reserva. As oportunidades abrangem cargos de n\u00edveis [&hellip;]<\/p>\n","protected":false},"author":17,"featured_media":87209,"comment_status":"open","ping_status":"closed","sticky":false,"template":"","format":"standard","meta":{"jnews-multi-image_gallery":[],"jnews_single_post":[],"jnews_primary_category":[],"jnews_social_meta":[],"jnews_override_counter":[],"footnotes":""},"categories":[29],"tags":[24992,24994,24995,24993],"class_list":["post-87201","post","type-post","status-publish","format-standard","has-post-thumbnail","hentry","category-concursos","tag-concurso-da-camara-de-santana-de-parnaiba-sp","tag-edital-concurso-da-camara-de-santana-de-parnaiba-sp","tag-inscricoes-concurso-da-camara-de-santana-de-parnaiba-sp","tag-vagas-concurso-da-camara-de-santana-de-parnaiba-sp"],"yoast_head":"<!-- This site is optimized with the Yoast SEO Premium plugin v27.4 (Yoast SEO v27.4) - https:\/\/yoast.com\/product\/yoast-seo-premium-wordpress\/ -->\n<title>\u00c9 AMANH\u00c3! Concurso C\u00e2mara Municipal em SP encerra inscri\u00e7\u00f5es neste domingo (26\/01) - Sal\u00e1rios de at\u00e9 R$ 8.377,74 - Blog Pensar Cursos<\/title>\n<meta name=\"description\" content=\"No estado de S\u00e3o Paulo, a C\u00e2mara Municipal est\u00e1 prestes a encerrar as inscri\u00e7\u00f5es para seu aguardado concurso p\u00fablico. Com oportunidades que ofertam\" \/>\n<meta name=\"robots\" content=\"index, follow, max-snippet:-1, max-image-preview:large, max-video-preview:-1\" \/>\n<link rel=\"canonical\" href=\"https:\/\/www.pensarcursos.com.br\/blog\/e-amanha-concurso-camara-municipal-em-sp-encerra-inscricoes-neste-domingo-26-01-salarios-de-ate-r-8-37774\/\" \/>\n<meta property=\"og:locale\" content=\"pt_BR\" \/>\n<meta property=\"og:type\" content=\"article\" \/>\n<meta property=\"og:title\" content=\"\u00c9 AMANH\u00c3! Concurso C\u00e2mara Municipal em SP encerra inscri\u00e7\u00f5es neste domingo (26\/01) - Sal\u00e1rios de at\u00e9 R$ 8.377,74\" \/>\n<meta property=\"og:description\" content=\"No estado de S\u00e3o Paulo, a C\u00e2mara Municipal est\u00e1 prestes a encerrar as inscri\u00e7\u00f5es para seu aguardado concurso p\u00fablico. Com oportunidades que ofertam\" \/>\n<meta property=\"og:url\" content=\"https:\/\/www.pensarcursos.com.br\/blog\/e-amanha-concurso-camara-municipal-em-sp-encerra-inscricoes-neste-domingo-26-01-salarios-de-ate-r-8-37774\/\" \/>\n<meta property=\"og:site_name\" content=\"Blog Pensar Cursos\" \/>\n<meta property=\"article:publisher\" content=\"https:\/\/www.facebook.com\/pensarcursos\/\" \/>\n<meta property=\"article:author\" content=\"https:\/\/www.facebook.com\/profile.php?id=61550018262414\" \/>\n<meta property=\"article:published_time\" content=\"2025-01-25T21:09:19+00:00\" \/>\n<meta property=\"og:image\" content=\"https:\/\/www.pensarcursos.com.br\/blog\/wp-content\/uploads\/2025\/01\/Concurso-P4-7.png\" \/>\n\t<meta property=\"og:image:width\" content=\"1200\" \/>\n\t<meta property=\"og:image:height\" content=\"800\" \/>\n\t<meta property=\"og:image:type\" content=\"image\/png\" \/>\n<meta name=\"author\" content=\"Gorete Costa\" \/>\n<meta name=\"twitter:card\" content=\"summary_large_image\" \/>\n<meta name=\"twitter:label1\" content=\"Escrito por\" \/>\n\t<meta name=\"twitter:data1\" content=\"Gorete Costa\" \/>\n\t<meta name=\"twitter:label2\" content=\"Est. tempo de leitura\" \/>\n\t<meta name=\"twitter:data2\" content=\"4 minutos\" \/>\n<!-- \/ Yoast SEO Premium plugin. -->","yoast_head_json":{"title":"\u00c9 AMANH\u00c3! Concurso C\u00e2mara Municipal em SP encerra inscri\u00e7\u00f5es neste domingo (26\/01) - Sal\u00e1rios de at\u00e9 R$ 8.377,74 - Blog Pensar Cursos","description":"No estado de S\u00e3o Paulo, a C\u00e2mara Municipal est\u00e1 prestes a encerrar as inscri\u00e7\u00f5es para seu aguardado concurso p\u00fablico. Com oportunidades que ofertam","robots":{"index":"index","follow":"follow","max-snippet":"max-snippet:-1","max-image-preview":"max-image-preview:large","max-video-preview":"max-video-preview:-1"},"canonical":"https:\/\/www.pensarcursos.com.br\/blog\/e-amanha-concurso-camara-municipal-em-sp-encerra-inscricoes-neste-domingo-26-01-salarios-de-ate-r-8-37774\/","og_locale":"pt_BR","og_type":"article","og_title":"\u00c9 AMANH\u00c3! Concurso C\u00e2mara Municipal em SP encerra inscri\u00e7\u00f5es neste domingo (26\/01) - Sal\u00e1rios de at\u00e9 R$ 8.377,74","og_description":"No estado de S\u00e3o Paulo, a C\u00e2mara Municipal est\u00e1 prestes a encerrar as inscri\u00e7\u00f5es para seu aguardado concurso p\u00fablico. Com oportunidades que ofertam","og_url":"https:\/\/www.pensarcursos.com.br\/blog\/e-amanha-concurso-camara-municipal-em-sp-encerra-inscricoes-neste-domingo-26-01-salarios-de-ate-r-8-37774\/","og_site_name":"Blog Pensar Cursos","article_publisher":"https:\/\/www.facebook.com\/pensarcursos\/","article_author":"https:\/\/www.facebook.com\/profile.php?id=61550018262414","article_published_time":"2025-01-25T21:09:19+00:00","og_image":[{"width":1200,"height":800,"url":"https:\/\/www.pensarcursos.com.br\/blog\/wp-content\/uploads\/2025\/01\/Concurso-P4-7.png","type":"image\/png"}],"author":"Gorete Costa","twitter_card":"summary_large_image","twitter_misc":{"Escrito por":"Gorete Costa","Est. tempo de leitura":"4 minutos"},"schema":{"@context":"https:\/\/schema.org","@graph":[{"@type":["Article","BlogPosting"],"@id":"https:\/\/www.pensarcursos.com.br\/blog\/e-amanha-concurso-camara-municipal-em-sp-encerra-inscricoes-neste-domingo-26-01-salarios-de-ate-r-8-37774\/#article","isPartOf":{"@id":"https:\/\/www.pensarcursos.com.br\/blog\/e-amanha-concurso-camara-municipal-em-sp-encerra-inscricoes-neste-domingo-26-01-salarios-de-ate-r-8-37774\/"},"author":{"name":"Gorete Costa","@id":"https:\/\/www.pensarcursos.com.br\/blog\/#\/schema\/person\/e133b19d62595d6ab0c12f3e5436a7bb"},"headline":"\u00c9 AMANH\u00c3! Concurso C\u00e2mara Municipal em SP encerra inscri\u00e7\u00f5es neste domingo (26\/01) &#8211; Sal\u00e1rios de at\u00e9 R$ 8.377,74","datePublished":"2025-01-25T21:09:19+00:00","mainEntityOfPage":{"@id":"https:\/\/www.pensarcursos.com.br\/blog\/e-amanha-concurso-camara-municipal-em-sp-encerra-inscricoes-neste-domingo-26-01-salarios-de-ate-r-8-37774\/"},"wordCount":763,"commentCount":0,"publisher":{"@id":"https:\/\/www.pensarcursos.com.br\/blog\/#organization"},"image":{"@id":"https:\/\/www.pensarcursos.com.br\/blog\/e-amanha-concurso-camara-municipal-em-sp-encerra-inscricoes-neste-domingo-26-01-salarios-de-ate-r-8-37774\/#primaryimage"},"thumbnailUrl":"https:\/\/www.pensarcursos.com.br\/blog\/wp-content\/uploads\/2025\/01\/Concurso-P4-7.png","keywords":["concurso da c\u00e2mara de Santana de Parna\u00edba - SP","edital concurso da c\u00e2mara de Santana de Parna\u00edba - SP","inscri\u00e7\u00f5es concurso da c\u00e2mara de Santana de Parna\u00edba - SP","vagas concurso da c\u00e2mara de Santana de Parna\u00edba - SP"],"articleSection":["Concursos P\u00fablicos"],"inLanguage":"pt-BR","potentialAction":[{"@type":"CommentAction","name":"Comment","target":["https:\/\/www.pensarcursos.com.br\/blog\/e-amanha-concurso-camara-municipal-em-sp-encerra-inscricoes-neste-domingo-26-01-salarios-de-ate-r-8-37774\/#respond"]}],"copyrightYear":"2025","copyrightHolder":{"@id":"https:\/\/www.pensarcursos.com.br\/blog\/#organization"}},{"@type":"WebPage","@id":"https:\/\/www.pensarcursos.com.br\/blog\/e-amanha-concurso-camara-municipal-em-sp-encerra-inscricoes-neste-domingo-26-01-salarios-de-ate-r-8-37774\/","url":"https:\/\/www.pensarcursos.com.br\/blog\/e-amanha-concurso-camara-municipal-em-sp-encerra-inscricoes-neste-domingo-26-01-salarios-de-ate-r-8-37774\/","name":"\u00c9 AMANH\u00c3! Concurso C\u00e2mara Municipal em SP encerra inscri\u00e7\u00f5es neste domingo (26\/01) - Sal\u00e1rios de at\u00e9 R$ 8.377,74 - Blog Pensar Cursos","isPartOf":{"@id":"https:\/\/www.pensarcursos.com.br\/blog\/#website"},"primaryImageOfPage":{"@id":"https:\/\/www.pensarcursos.com.br\/blog\/e-amanha-concurso-camara-municipal-em-sp-encerra-inscricoes-neste-domingo-26-01-salarios-de-ate-r-8-37774\/#primaryimage"},"image":{"@id":"https:\/\/www.pensarcursos.com.br\/blog\/e-amanha-concurso-camara-municipal-em-sp-encerra-inscricoes-neste-domingo-26-01-salarios-de-ate-r-8-37774\/#primaryimage"},"thumbnailUrl":"https:\/\/www.pensarcursos.com.br\/blog\/wp-content\/uploads\/2025\/01\/Concurso-P4-7.png","datePublished":"2025-01-25T21:09:19+00:00","description":"No estado de S\u00e3o Paulo, a C\u00e2mara Municipal est\u00e1 prestes a encerrar as inscri\u00e7\u00f5es para seu aguardado concurso p\u00fablico. Com oportunidades que ofertam","breadcrumb":{"@id":"https:\/\/www.pensarcursos.com.br\/blog\/e-amanha-concurso-camara-municipal-em-sp-encerra-inscricoes-neste-domingo-26-01-salarios-de-ate-r-8-37774\/#breadcrumb"},"inLanguage":"pt-BR","potentialAction":[{"@type":"ReadAction","target":["https:\/\/www.pensarcursos.com.br\/blog\/e-amanha-concurso-camara-municipal-em-sp-encerra-inscricoes-neste-domingo-26-01-salarios-de-ate-r-8-37774\/"]}]},{"@type":"ImageObject","inLanguage":"pt-BR","@id":"https:\/\/www.pensarcursos.com.br\/blog\/e-amanha-concurso-camara-municipal-em-sp-encerra-inscricoes-neste-domingo-26-01-salarios-de-ate-r-8-37774\/#primaryimage","url":"https:\/\/www.pensarcursos.com.br\/blog\/wp-content\/uploads\/2025\/01\/Concurso-P4-7.png","contentUrl":"https:\/\/www.pensarcursos.com.br\/blog\/wp-content\/uploads\/2025\/01\/Concurso-P4-7.png","width":1200,"height":800,"caption":"Concurso da C\u00e2mara Municipal. Imagem: Pensar Cursos"},{"@type":"BreadcrumbList","@id":"https:\/\/www.pensarcursos.com.br\/blog\/e-amanha-concurso-camara-municipal-em-sp-encerra-inscricoes-neste-domingo-26-01-salarios-de-ate-r-8-37774\/#breadcrumb","itemListElement":[{"@type":"ListItem","position":1,"name":"Home","item":"https:\/\/www.pensarcursos.com.br\/blog\/"},{"@type":"ListItem","position":2,"name":"\u00c9 AMANH\u00c3! Concurso C\u00e2mara Municipal em SP encerra inscri\u00e7\u00f5es neste domingo (26\/01) &#8211; Sal\u00e1rios de at\u00e9 R$ 8.377,74"}]},{"@type":"WebSite","@id":"https:\/\/www.pensarcursos.com.br\/blog\/#website","url":"https:\/\/www.pensarcursos.com.br\/blog\/","name":"Blog Pensar Cursos","description":"Maior Site de Cursos do Brasil","publisher":{"@id":"https:\/\/www.pensarcursos.com.br\/blog\/#organization"},"alternateName":"Blog Pensar","potentialAction":[{"@type":"SearchAction","target":{"@type":"EntryPoint","urlTemplate":"https:\/\/www.pensarcursos.com.br\/blog\/?s={search_term_string}"},"query-input":{"@type":"PropertyValueSpecification","valueRequired":true,"valueName":"search_term_string"}}],"inLanguage":"pt-BR"},{"@type":"Organization","@id":"https:\/\/www.pensarcursos.com.br\/blog\/#organization","name":"Pensar Cursos","alternateName":"Blog pensar","url":"https:\/\/www.pensarcursos.com.br\/blog\/","logo":{"@type":"ImageObject","inLanguage":"pt-BR","@id":"https:\/\/www.pensarcursos.com.br\/blog\/#\/schema\/logo\/image\/","url":"https:\/\/www.pensarcursos.com.br\/blog\/wp-content\/uploads\/2023\/11\/Nova-Logo-Pensar-Cursos-vertical.png","contentUrl":"https:\/\/www.pensarcursos.com.br\/blog\/wp-content\/uploads\/2023\/11\/Nova-Logo-Pensar-Cursos-vertical.png","width":1393,"height":1001,"caption":"Pensar Cursos"},"image":{"@id":"https:\/\/www.pensarcursos.com.br\/blog\/#\/schema\/logo\/image\/"},"sameAs":["https:\/\/www.facebook.com\/pensarcursos\/","https:\/\/instagram.com.br\/pensarcursos"],"description":"Pensar Cursos \u00e9 uma empresa especializada em oferecer cursos de alta qualidade voltados para o desenvolvimento profissional e acad\u00eamico. Com uma ampla gama de op\u00e7\u00f5es de treinamento, oferecemos conte\u00fados atualizados, ministrados por especialistas da \u00e1rea, para capacitar indiv\u00edduos e equipes a atingirem seus objetivos. Nossa miss\u00e3o \u00e9 proporcionar uma educa\u00e7\u00e3o transformadora, acess\u00edvel e personalizada para cada aluno, seja em cursos presenciais ou online. Com uma abordagem inovadora, buscamos adaptar os nossos programas de ensino \u00e0s necessidades do mercado, criando solu\u00e7\u00f5es que atendem aos desafios e exig\u00eancias do mundo corporativo e acad\u00eamico. Nossos cursos incluem desde forma\u00e7\u00f5es t\u00e9cnicas at\u00e9 habilidades essenciais, como lideran\u00e7a, gest\u00e3o e desenvolvimento pessoal.","email":"contato@pensarcursos.com.br","legalName":"Sena Servi\u00e7os de Informa\u00e7\u00e3o Online LTDA","foundingDate":"2013-04-18","vatID":"17956217000172","numberOfEmployees":{"@type":"QuantitativeValue","minValue":"11","maxValue":"50"},"publishingPrinciples":"https:\/\/www.pensarcursos.com.br\/blog\/principios-de-publicacao\/","ownershipFundingInfo":"https:\/\/www.pensarcursos.com.br\/blog\/informacoes-de-propriedade-financiamento\/","actionableFeedbackPolicy":"https:\/\/www.pensarcursos.com.br\/blog\/politica-de-feedback-acionavel\/","correctionsPolicy":"https:\/\/www.pensarcursos.com.br\/blog\/politica-de-correcoes\/","ethicsPolicy":"https:\/\/www.pensarcursos.com.br\/blog\/politica-de-etica\/"},{"@type":"Person","@id":"https:\/\/www.pensarcursos.com.br\/blog\/#\/schema\/person\/e133b19d62595d6ab0c12f3e5436a7bb","name":"Gorete Costa","image":{"@type":"ImageObject","inLanguage":"pt-BR","@id":"https:\/\/secure.gravatar.com\/avatar\/8cb99f142e1cb1312d8c202378c20dc4f7210145acc22805481f4a3f47ce9b6f?s=96&d=mm&r=g","url":"https:\/\/secure.gravatar.com\/avatar\/8cb99f142e1cb1312d8c202378c20dc4f7210145acc22805481f4a3f47ce9b6f?s=96&d=mm&r=g","contentUrl":"https:\/\/secure.gravatar.com\/avatar\/8cb99f142e1cb1312d8c202378c20dc4f7210145acc22805481f4a3f47ce9b6f?s=96&d=mm&r=g","caption":"Gorete Costa"},"description":"Graduada em Servi\u00e7o Social pela Universidade do Norte do Paran\u00e1 (Unopar), Gorete Costa \u00e9 especialista em comunica\u00e7\u00e3o, atuando como radialista em programas jornal\u00edsticos e de entretenimento, al\u00e9m de produ\u00e7\u00e3o e revis\u00e3o de textos informativos para sites e blogs.","sameAs":["https:\/\/www.facebook.com\/profile.php?id=61550018262414"],"url":"https:\/\/www.pensarcursos.com.br\/blog\/author\/gorete\/"}]}},"_links":{"self":[{"href":"https:\/\/www.pensarcursos.com.br\/blog\/wp-json\/wp\/v2\/posts\/87201","targetHints":{"allow":["GET"]}}],"collection":[{"href":"https:\/\/www.pensarcursos.com.br\/blog\/wp-json\/wp\/v2\/posts"}],"about":[{"href":"https:\/\/www.pensarcursos.com.br\/blog\/wp-json\/wp\/v2\/types\/post"}],"author":[{"embeddable":true,"href":"https:\/\/www.pensarcursos.com.br\/blog\/wp-json\/wp\/v2\/users\/17"}],"replies":[{"embeddable":true,"href":"https:\/\/www.pensarcursos.com.br\/blog\/wp-json\/wp\/v2\/comments?post=87201"}],"version-history":[{"count":0,"href":"https:\/\/www.pensarcursos.com.br\/blog\/wp-json\/wp\/v2\/posts\/87201\/revisions"}],"wp:featuredmedia":[{"embeddable":true,"href":"https:\/\/www.pensarcursos.com.br\/blog\/wp-json\/wp\/v2\/media\/87209"}],"wp:attachment":[{"href":"https:\/\/www.pensarcursos.com.br\/blog\/wp-json\/wp\/v2\/media?parent=87201"}],"wp:term":[{"taxonomy":"category","embeddable":true,"href":"https:\/\/www.pensarcursos.com.br\/blog\/wp-json\/wp\/v2\/categories?post=87201"},{"taxonomy":"post_tag","embeddable":true,"href":"https:\/\/www.pensarcursos.com.br\/blog\/wp-json\/wp\/v2\/tags?post=87201"}],"curies":[{"name":"wp","href":"https:\/\/api.w.org\/{rel}","templated":true}]}}