{"id":86891,"date":"2025-01-25T07:09:18","date_gmt":"2025-01-25T10:09:18","guid":{"rendered":"https:\/\/www.pensarcursos.com.br\/blog\/?p=86891"},"modified":"2025-04-25T08:21:28","modified_gmt":"2025-04-25T11:21:28","slug":"processo-seletivo-de-nivel-medio-abre-novas-vagas-para-guarda-patrimonial-municipal-e-educador-social","status":"publish","type":"post","link":"https:\/\/www.pensarcursos.com.br\/blog\/processo-seletivo-de-nivel-medio-abre-novas-vagas-para-guarda-patrimonial-municipal-e-educador-social\/","title":{"rendered":"Processo Seletivo de N\u00cdVEL M\u00c9DIO abre NOVAS VAGAS para Guarda Patrimonial Municipal e Educador Social"},"content":{"rendered":"<p>A Prefeitura Municipal anunciou a abertura de inscri\u00e7\u00f5es para dois novos processos seletivos destinados a preencher vagas para profissionais de n\u00edvel m\u00e9dio. Esta iniciativa busca n\u00e3o apenas suprir a demanda imediata por novos servidores, mas tamb\u00e9m estabelecer um cadastro reserva, garantindo a reposi\u00e7\u00e3o de profissionais conforme as necessidades futuras do munic\u00edpio.<\/p>\n<p>As oportunidades dispon\u00edveis s\u00e3o para os cargos de Guarda Patrimonial Municipal e Educador Social, ambos fundamentais para a seguran\u00e7a e o desenvolvimento <a href=\"https:\/\/assistencialismonoticias.com.br\/bolsa-familia\/\">social<\/a> da comunidade local. Al\u00e9m de estabilidade, os aprovados contar\u00e3o com sal\u00e1rios que variam entr<strong>e R$ 2.090,20 e R$ 2.403,73, <\/strong>oferecendo uma excelente oportunidade de ingresso no setor p\u00fablico. Quer saber mais? Continue na leitura!<\/p>\n<h2>Detalhes dos processos seletivos<\/h2>\n<h3>Vagas dispon\u00edveis<\/h3>\n<p>O <a href=\"https:\/\/www.pensarcursos.com.br\/blog\/ultimos-dias-para-se-inscrever-no-processo-seletivo-para-o-cargo-de-motorista\/\">processo seletivo<\/a> da prefeitura contempla duas vagas imediatas, sendo uma para cada cargo mencionado. Al\u00e9m disso, h\u00e1 a forma\u00e7\u00e3o de cadastro reserva, o que amplia as possibilidades para os candidatos interessados em ingressar no servi\u00e7o p\u00fablico municipal.<\/p>\n<h3>Editais e cargos<\/h3>\n<p>Foram publicados dois editais distintos para este processo seletivo:<\/p>\n<ol class=\"!whitespace-normal list-decimal ml-5\">\n<li class=\"pb-1\"><a href=\"https:\/\/www.pensarcursos.com.br\/blog\/wp-content\/uploads\/2025\/01\/guarda.pdf\" target=\"_blank\" rel=\"noopener\">Edital N\u00ba 004\/2025<\/a>: Voltado para a sele\u00e7\u00e3o de Guarda Patrimonial Municipal, com uma vaga dispon\u00edvel.<\/li>\n<li class=\"pb-1\"><a href=\"https:\/\/www.pensarcursos.com.br\/blog\/wp-content\/uploads\/2025\/01\/0555.pdf\">Edital N\u00ba 005\/2025<\/a>: Direcionado \u00e0 contrata\u00e7\u00e3o de Educador Social, tamb\u00e9m com uma vaga aberta.<\/li>\n<\/ol>\n<h3>Jornada de trabalho e remunera\u00e7\u00e3o<\/h3>\n<p>Os profissionais selecionados dever\u00e3o cumprir uma jornada de trabalho de <strong>40 horas semanais.<\/strong> Em alguns casos, pode ser necess\u00e1rio trabalhar em regime de escala de revezamento, dependendo das necessidades do cargo e do setor. Quanto \u00e0 remunera\u00e7\u00e3o, os sal\u00e1rios oferecidos variam entre <strong>R$ 2.090,20 e R$ 2.403,73<\/strong> mensais.<\/p>\n<h2>Processo de inscri\u00e7\u00e3o<\/h2>\n<h3>Per\u00edodo de inscri\u00e7\u00f5es<\/h3>\n<p>As inscri\u00e7\u00f5es para ambos os <a href=\"https:\/\/www.pensarcursos.com.br\/blog\/processo-seletivo-no-rs-abre-vagas-para-os-niveis-medio-e-superior-salarios-chegam-a-r-5-35933-2\/\">processos seletivos<\/a> da prefeitura de Campos Novos, no estado de Santa Catarina (SC), est\u00e3o abertas desde o dia 20 de janeiro de 2025 e poder\u00e3o ser feitas <strong>at\u00e9 10 de fevereiro de 2025.<\/strong><\/p>\n<h3>Modalidade de inscri\u00e7\u00e3o<\/h3>\n<p>Diferentemente de muitos processos seletivos que optam por inscri\u00e7\u00f5es online, a prefeitura municipal determinou que as inscri\u00e7\u00f5es devem ser realizadas presencialmente.<\/p>\n<h3>Local e hor\u00e1rio<\/h3>\n<p>Os candidatos devem se dirigir ao Agiliza Campos Novos, localizado na Rua Benjamim Colla, 289, no Bairro Senhor Bom Jesus, Campos Novos, Santa Catarina. O atendimento para inscri\u00e7\u00f5es acontece em dois per\u00edodos:<\/p>\n<ul class=\"!whitespace-normal list-disc ml-5\">\n<li class=\"pb-1\">Manh\u00e3: das 8h \u00e0s 11h30<\/li>\n<li class=\"pb-1\">Tarde: das 13h30 \u00e0s 17h<\/li>\n<\/ul>\n<p>\u00c9 importante que os interessados se programem para comparecer dentro destes hor\u00e1rios, evitando imprevistos que possam comprometer sua participa\u00e7\u00e3o no processo seletivo.<\/p>\n<h2>M\u00e9todos de avalia\u00e7\u00e3o<\/h2>\n<h3>Guarda Patrimonial Municipal<\/h3>\n<p>Para o cargo de Guarda Patrimonial Municipal, o processo de sele\u00e7\u00e3o ter\u00e1 mais fases, incluindo as seguintes etapas:<\/p>\n<ol class=\"!whitespace-normal list-decimal ml-5\">\n<li class=\"pb-1\">Avalia\u00e7\u00e3o psicol\u00f3gica<\/li>\n<li class=\"pb-1\">Exame toxicol\u00f3gico<\/li>\n<li class=\"pb-1\">Investiga\u00e7\u00e3o social<\/li>\n<li class=\"pb-1\">Teste de aptid\u00e3o f\u00edsica<\/li>\n<\/ol>\n<p>Estas etapas visam assegurar que o candidato selecionado possua n\u00e3o apenas as habilidades t\u00e9cnicas necess\u00e1rias, mas tamb\u00e9m o perfil psicol\u00f3gico e f\u00edsico adequado para as demandas da fun\u00e7\u00e3o.<\/p>\n<h3>Educador social<\/h3>\n<p>J\u00e1 para o cargo de Educador Social, o <a href=\"https:\/\/www.pensarcursos.com.br\/blog\/universidade-abre-processo-seletivo-com-110-vagas-salarios-de-ate-r-4-96704-mais-auxilio-alimentacao-de-r-1-00000-auxilio-transporte-e-outros\/\">processo seletivo<\/a> ser\u00e1 baseado em:<\/p>\n<ul class=\"!whitespace-normal list-disc ml-5\">\n<li class=\"pb-1\">An\u00e1lise de t\u00edtulos<\/li>\n<\/ul>\n<p>Esta metodologia permite avaliar a forma\u00e7\u00e3o acad\u00eamica e a experi\u00eancia profissional dos candidatos, valorizando aqueles que investiram em sua capacita\u00e7\u00e3o e possuem hist\u00f3rico relevante na \u00e1rea.<\/p>\n<figure id=\"attachment_86896\" aria-describedby=\"caption-attachment-86896\" style=\"width: 820px\" class=\"wp-caption aligncenter\"><img decoding=\"async\" class=\"wp-image-86896\" title=\"concurso\" src=\"https:\/\/www.pensarcursos.com.br\/blog\/wp-content\/uploads\/2025\/01\/concurso9-22.jpg\" alt=\"Mulher com blusa amarela se preparando para o processo seletivo da prefeitura municipal. \" width=\"820\" height=\"470\" srcset=\"https:\/\/www.pensarcursos.com.br\/blog\/wp-content\/uploads\/2025\/01\/concurso9-22.jpg 1275w, https:\/\/www.pensarcursos.com.br\/blog\/wp-content\/uploads\/2025\/01\/concurso9-22-300x172.jpg 300w, https:\/\/www.pensarcursos.com.br\/blog\/wp-content\/uploads\/2025\/01\/concurso9-22-1024x587.jpg 1024w, https:\/\/www.pensarcursos.com.br\/blog\/wp-content\/uploads\/2025\/01\/concurso9-22-768x440.jpg 768w, https:\/\/www.pensarcursos.com.br\/blog\/wp-content\/uploads\/2025\/01\/concurso9-22-750x430.jpg 750w\" sizes=\"(max-width: 820px) 100vw, 820px\" \/><figcaption id=\"caption-attachment-86896\" class=\"wp-caption-text\">Validade do Processo Seletivo da Prefeitura de Campos Novos, SC. Imagem: Freepik<\/figcaption><\/figure>\n<h2>Dura\u00e7\u00e3o dos contratos<\/h2>\n<h3>Per\u00edodo inicial<\/h3>\n<p>Os contratos resultantes deste processo seletivo ter\u00e3o dura\u00e7\u00e3o inicial de seis meses.<\/p>\n<h3>Possibilidade de prorroga\u00e7\u00e3o<\/h3>\n<p>Existe a possibilidade de prorroga\u00e7\u00e3o dos contratos por, no m\u00e1ximo, mais seis meses. Desta forma, o per\u00edodo total de contrata\u00e7\u00e3o pode chegar a um ano, dependendo do desempenho do profissional e das necessidades da prefeitura.<\/p>\n<h2>Validade do processo seletivo<\/h2>\n<h3>Prazo inicial<\/h3>\n<p><strong>O processo seletivo da Prefeitura de Campos Novos ter\u00e1 validade at\u00e9 31 de dezembro de 2025.<\/strong> Durante este per\u00edodo, a administra\u00e7\u00e3o municipal poder\u00e1 convocar os candidatos aprovados conforme a necessidade e disponibilidade de vagas.<\/p>\n<h3>Extens\u00e3o da validade<\/h3>\n<p>H\u00e1 a possibilidade de prorroga\u00e7\u00e3o da validade do processo seletivo por, no m\u00e1ximo, mais 12 meses. Esta extens\u00e3o permite que a prefeitura continue utilizando a lista de aprovados por um per\u00edodo mais longo, evitando a necessidade de realizar novos processos seletivos em curto prazo.<\/p>\n","protected":false},"excerpt":{"rendered":"<p>A Prefeitura Municipal anunciou a abertura de inscri\u00e7\u00f5es para dois novos processos seletivos destinados a preencher vagas para profissionais de n\u00edvel m\u00e9dio. Esta iniciativa busca n\u00e3o apenas suprir a demanda imediata por novos servidores, mas tamb\u00e9m estabelecer um cadastro reserva, garantindo a reposi\u00e7\u00e3o de profissionais conforme as necessidades futuras do munic\u00edpio. As oportunidades dispon\u00edveis s\u00e3o [&hellip;]<\/p>\n","protected":false},"author":17,"featured_media":86892,"comment_status":"open","ping_status":"closed","sticky":false,"template":"","format":"standard","meta":{"jnews-multi-image_gallery":[],"jnews_single_post":[],"jnews_primary_category":[],"jnews_social_meta":[],"jnews_override_counter":[],"footnotes":""},"categories":[29],"tags":[24898,24896,24897],"class_list":["post-86891","post","type-post","status-publish","format-standard","has-post-thumbnail","hentry","category-concursos","tag-edital-processo-seletivo-da-prefeitura-de-campos-novos-sc","tag-processo-seletivo-da-prefeitura-de-campos-novos-sc","tag-vagas-processo-seletivo-da-prefeitura-de-campos-novos-sc"],"yoast_head":"<!-- This site is optimized with the Yoast SEO Premium plugin v27.4 (Yoast SEO v27.4) - https:\/\/yoast.com\/product\/yoast-seo-premium-wordpress\/ -->\n<title>Processo Seletivo de N\u00cdVEL M\u00c9DIO abre NOVAS VAGAS para Guarda Patrimonial Municipal e Educador Social - Blog Pensar Cursos<\/title>\n<meta name=\"description\" content=\"A Prefeitura Municipal anunciou a abertura de inscri\u00e7\u00f5es para dois novos processos seletivos destinados a preencher vagas para profissionais de n\u00edvel\" \/>\n<meta name=\"robots\" content=\"index, follow, max-snippet:-1, max-image-preview:large, max-video-preview:-1\" \/>\n<link rel=\"canonical\" href=\"https:\/\/www.pensarcursos.com.br\/blog\/processo-seletivo-de-nivel-medio-abre-novas-vagas-para-guarda-patrimonial-municipal-e-educador-social\/\" \/>\n<meta property=\"og:locale\" content=\"pt_BR\" \/>\n<meta property=\"og:type\" content=\"article\" \/>\n<meta property=\"og:title\" content=\"Processo Seletivo de N\u00cdVEL M\u00c9DIO abre NOVAS VAGAS para Guarda Patrimonial Municipal e Educador Social\" \/>\n<meta property=\"og:description\" content=\"A Prefeitura Municipal anunciou a abertura de inscri\u00e7\u00f5es para dois novos processos seletivos destinados a preencher vagas para profissionais de n\u00edvel\" \/>\n<meta property=\"og:url\" content=\"https:\/\/www.pensarcursos.com.br\/blog\/processo-seletivo-de-nivel-medio-abre-novas-vagas-para-guarda-patrimonial-municipal-e-educador-social\/\" \/>\n<meta property=\"og:site_name\" content=\"Blog Pensar Cursos\" \/>\n<meta property=\"article:publisher\" content=\"https:\/\/www.facebook.com\/pensarcursos\/\" \/>\n<meta property=\"article:author\" content=\"https:\/\/www.facebook.com\/profile.php?id=61550018262414\" \/>\n<meta property=\"article:published_time\" content=\"2025-01-25T10:09:18+00:00\" \/>\n<meta property=\"article:modified_time\" content=\"2025-04-25T11:21:28+00:00\" \/>\n<meta property=\"og:image\" content=\"https:\/\/www.pensarcursos.com.br\/blog\/wp-content\/uploads\/2025\/01\/Concurso-P3-14.png\" \/>\n\t<meta property=\"og:image:width\" content=\"1200\" \/>\n\t<meta property=\"og:image:height\" content=\"800\" \/>\n\t<meta property=\"og:image:type\" content=\"image\/png\" \/>\n<meta name=\"author\" content=\"Gorete Costa\" \/>\n<meta name=\"twitter:card\" content=\"summary_large_image\" \/>\n<meta name=\"twitter:label1\" content=\"Escrito por\" \/>\n\t<meta name=\"twitter:data1\" content=\"Gorete Costa\" \/>\n\t<meta name=\"twitter:label2\" content=\"Est. tempo de leitura\" \/>\n\t<meta name=\"twitter:data2\" content=\"4 minutos\" \/>\n<!-- \/ Yoast SEO Premium plugin. -->","yoast_head_json":{"title":"Processo Seletivo de N\u00cdVEL M\u00c9DIO abre NOVAS VAGAS para Guarda Patrimonial Municipal e Educador Social - Blog Pensar Cursos","description":"A Prefeitura Municipal anunciou a abertura de inscri\u00e7\u00f5es para dois novos processos seletivos destinados a preencher vagas para profissionais de n\u00edvel","robots":{"index":"index","follow":"follow","max-snippet":"max-snippet:-1","max-image-preview":"max-image-preview:large","max-video-preview":"max-video-preview:-1"},"canonical":"https:\/\/www.pensarcursos.com.br\/blog\/processo-seletivo-de-nivel-medio-abre-novas-vagas-para-guarda-patrimonial-municipal-e-educador-social\/","og_locale":"pt_BR","og_type":"article","og_title":"Processo Seletivo de N\u00cdVEL M\u00c9DIO abre NOVAS VAGAS para Guarda Patrimonial Municipal e Educador Social","og_description":"A Prefeitura Municipal anunciou a abertura de inscri\u00e7\u00f5es para dois novos processos seletivos destinados a preencher vagas para profissionais de n\u00edvel","og_url":"https:\/\/www.pensarcursos.com.br\/blog\/processo-seletivo-de-nivel-medio-abre-novas-vagas-para-guarda-patrimonial-municipal-e-educador-social\/","og_site_name":"Blog Pensar Cursos","article_publisher":"https:\/\/www.facebook.com\/pensarcursos\/","article_author":"https:\/\/www.facebook.com\/profile.php?id=61550018262414","article_published_time":"2025-01-25T10:09:18+00:00","article_modified_time":"2025-04-25T11:21:28+00:00","og_image":[{"width":1200,"height":800,"url":"https:\/\/www.pensarcursos.com.br\/blog\/wp-content\/uploads\/2025\/01\/Concurso-P3-14.png","type":"image\/png"}],"author":"Gorete Costa","twitter_card":"summary_large_image","twitter_misc":{"Escrito por":"Gorete Costa","Est. tempo de leitura":"4 minutos"},"schema":{"@context":"https:\/\/schema.org","@graph":[{"@type":["Article","BlogPosting"],"@id":"https:\/\/www.pensarcursos.com.br\/blog\/processo-seletivo-de-nivel-medio-abre-novas-vagas-para-guarda-patrimonial-municipal-e-educador-social\/#article","isPartOf":{"@id":"https:\/\/www.pensarcursos.com.br\/blog\/processo-seletivo-de-nivel-medio-abre-novas-vagas-para-guarda-patrimonial-municipal-e-educador-social\/"},"author":{"name":"Gorete Costa","@id":"https:\/\/www.pensarcursos.com.br\/blog\/#\/schema\/person\/e133b19d62595d6ab0c12f3e5436a7bb"},"headline":"Processo Seletivo de N\u00cdVEL M\u00c9DIO abre NOVAS VAGAS para Guarda Patrimonial Municipal e Educador Social","datePublished":"2025-01-25T10:09:18+00:00","dateModified":"2025-04-25T11:21:28+00:00","mainEntityOfPage":{"@id":"https:\/\/www.pensarcursos.com.br\/blog\/processo-seletivo-de-nivel-medio-abre-novas-vagas-para-guarda-patrimonial-municipal-e-educador-social\/"},"wordCount":728,"commentCount":0,"publisher":{"@id":"https:\/\/www.pensarcursos.com.br\/blog\/#organization"},"image":{"@id":"https:\/\/www.pensarcursos.com.br\/blog\/processo-seletivo-de-nivel-medio-abre-novas-vagas-para-guarda-patrimonial-municipal-e-educador-social\/#primaryimage"},"thumbnailUrl":"https:\/\/www.pensarcursos.com.br\/blog\/wp-content\/uploads\/2025\/01\/Concurso-P3-14.png","keywords":["edital processo seletivo da prefeitura de campos novos SC","processo seletivo da prefeitura de campos novos SC","vagas processo seletivo da prefeitura de campos novos SC"],"articleSection":["Concursos P\u00fablicos"],"inLanguage":"pt-BR","potentialAction":[{"@type":"CommentAction","name":"Comment","target":["https:\/\/www.pensarcursos.com.br\/blog\/processo-seletivo-de-nivel-medio-abre-novas-vagas-para-guarda-patrimonial-municipal-e-educador-social\/#respond"]}],"copyrightYear":"2025","copyrightHolder":{"@id":"https:\/\/www.pensarcursos.com.br\/blog\/#organization"}},{"@type":"WebPage","@id":"https:\/\/www.pensarcursos.com.br\/blog\/processo-seletivo-de-nivel-medio-abre-novas-vagas-para-guarda-patrimonial-municipal-e-educador-social\/","url":"https:\/\/www.pensarcursos.com.br\/blog\/processo-seletivo-de-nivel-medio-abre-novas-vagas-para-guarda-patrimonial-municipal-e-educador-social\/","name":"Processo Seletivo de N\u00cdVEL M\u00c9DIO abre NOVAS VAGAS para Guarda Patrimonial Municipal e Educador Social - Blog Pensar Cursos","isPartOf":{"@id":"https:\/\/www.pensarcursos.com.br\/blog\/#website"},"primaryImageOfPage":{"@id":"https:\/\/www.pensarcursos.com.br\/blog\/processo-seletivo-de-nivel-medio-abre-novas-vagas-para-guarda-patrimonial-municipal-e-educador-social\/#primaryimage"},"image":{"@id":"https:\/\/www.pensarcursos.com.br\/blog\/processo-seletivo-de-nivel-medio-abre-novas-vagas-para-guarda-patrimonial-municipal-e-educador-social\/#primaryimage"},"thumbnailUrl":"https:\/\/www.pensarcursos.com.br\/blog\/wp-content\/uploads\/2025\/01\/Concurso-P3-14.png","datePublished":"2025-01-25T10:09:18+00:00","dateModified":"2025-04-25T11:21:28+00:00","description":"A Prefeitura Municipal anunciou a abertura de inscri\u00e7\u00f5es para dois novos processos seletivos destinados a preencher vagas para profissionais de n\u00edvel","breadcrumb":{"@id":"https:\/\/www.pensarcursos.com.br\/blog\/processo-seletivo-de-nivel-medio-abre-novas-vagas-para-guarda-patrimonial-municipal-e-educador-social\/#breadcrumb"},"inLanguage":"pt-BR","potentialAction":[{"@type":"ReadAction","target":["https:\/\/www.pensarcursos.com.br\/blog\/processo-seletivo-de-nivel-medio-abre-novas-vagas-para-guarda-patrimonial-municipal-e-educador-social\/"]}]},{"@type":"ImageObject","inLanguage":"pt-BR","@id":"https:\/\/www.pensarcursos.com.br\/blog\/processo-seletivo-de-nivel-medio-abre-novas-vagas-para-guarda-patrimonial-municipal-e-educador-social\/#primaryimage","url":"https:\/\/www.pensarcursos.com.br\/blog\/wp-content\/uploads\/2025\/01\/Concurso-P3-14.png","contentUrl":"https:\/\/www.pensarcursos.com.br\/blog\/wp-content\/uploads\/2025\/01\/Concurso-P3-14.png","width":1200,"height":800,"caption":"Processo seletivo da prefeitura municipal. Imagem: Pensar Cursos"},{"@type":"BreadcrumbList","@id":"https:\/\/www.pensarcursos.com.br\/blog\/processo-seletivo-de-nivel-medio-abre-novas-vagas-para-guarda-patrimonial-municipal-e-educador-social\/#breadcrumb","itemListElement":[{"@type":"ListItem","position":1,"name":"Home","item":"https:\/\/www.pensarcursos.com.br\/blog\/"},{"@type":"ListItem","position":2,"name":"Processo Seletivo de N\u00cdVEL M\u00c9DIO abre NOVAS VAGAS para Guarda Patrimonial Municipal e Educador Social"}]},{"@type":"WebSite","@id":"https:\/\/www.pensarcursos.com.br\/blog\/#website","url":"https:\/\/www.pensarcursos.com.br\/blog\/","name":"Blog Pensar Cursos","description":"Maior Site de Cursos do Brasil","publisher":{"@id":"https:\/\/www.pensarcursos.com.br\/blog\/#organization"},"alternateName":"Blog Pensar","potentialAction":[{"@type":"SearchAction","target":{"@type":"EntryPoint","urlTemplate":"https:\/\/www.pensarcursos.com.br\/blog\/?s={search_term_string}"},"query-input":{"@type":"PropertyValueSpecification","valueRequired":true,"valueName":"search_term_string"}}],"inLanguage":"pt-BR"},{"@type":"Organization","@id":"https:\/\/www.pensarcursos.com.br\/blog\/#organization","name":"Pensar Cursos","alternateName":"Blog pensar","url":"https:\/\/www.pensarcursos.com.br\/blog\/","logo":{"@type":"ImageObject","inLanguage":"pt-BR","@id":"https:\/\/www.pensarcursos.com.br\/blog\/#\/schema\/logo\/image\/","url":"https:\/\/www.pensarcursos.com.br\/blog\/wp-content\/uploads\/2023\/11\/Nova-Logo-Pensar-Cursos-vertical.png","contentUrl":"https:\/\/www.pensarcursos.com.br\/blog\/wp-content\/uploads\/2023\/11\/Nova-Logo-Pensar-Cursos-vertical.png","width":1393,"height":1001,"caption":"Pensar Cursos"},"image":{"@id":"https:\/\/www.pensarcursos.com.br\/blog\/#\/schema\/logo\/image\/"},"sameAs":["https:\/\/www.facebook.com\/pensarcursos\/","https:\/\/instagram.com.br\/pensarcursos"],"description":"Pensar Cursos \u00e9 uma empresa especializada em oferecer cursos de alta qualidade voltados para o desenvolvimento profissional e acad\u00eamico. Com uma ampla gama de op\u00e7\u00f5es de treinamento, oferecemos conte\u00fados atualizados, ministrados por especialistas da \u00e1rea, para capacitar indiv\u00edduos e equipes a atingirem seus objetivos. Nossa miss\u00e3o \u00e9 proporcionar uma educa\u00e7\u00e3o transformadora, acess\u00edvel e personalizada para cada aluno, seja em cursos presenciais ou online. Com uma abordagem inovadora, buscamos adaptar os nossos programas de ensino \u00e0s necessidades do mercado, criando solu\u00e7\u00f5es que atendem aos desafios e exig\u00eancias do mundo corporativo e acad\u00eamico. Nossos cursos incluem desde forma\u00e7\u00f5es t\u00e9cnicas at\u00e9 habilidades essenciais, como lideran\u00e7a, gest\u00e3o e desenvolvimento pessoal.","email":"contato@pensarcursos.com.br","legalName":"Sena Servi\u00e7os de Informa\u00e7\u00e3o Online LTDA","foundingDate":"2013-04-18","vatID":"17956217000172","numberOfEmployees":{"@type":"QuantitativeValue","minValue":"11","maxValue":"50"},"publishingPrinciples":"https:\/\/www.pensarcursos.com.br\/blog\/principios-de-publicacao\/","ownershipFundingInfo":"https:\/\/www.pensarcursos.com.br\/blog\/informacoes-de-propriedade-financiamento\/","actionableFeedbackPolicy":"https:\/\/www.pensarcursos.com.br\/blog\/politica-de-feedback-acionavel\/","correctionsPolicy":"https:\/\/www.pensarcursos.com.br\/blog\/politica-de-correcoes\/","ethicsPolicy":"https:\/\/www.pensarcursos.com.br\/blog\/politica-de-etica\/"},{"@type":"Person","@id":"https:\/\/www.pensarcursos.com.br\/blog\/#\/schema\/person\/e133b19d62595d6ab0c12f3e5436a7bb","name":"Gorete Costa","image":{"@type":"ImageObject","inLanguage":"pt-BR","@id":"https:\/\/secure.gravatar.com\/avatar\/8cb99f142e1cb1312d8c202378c20dc4f7210145acc22805481f4a3f47ce9b6f?s=96&d=mm&r=g","url":"https:\/\/secure.gravatar.com\/avatar\/8cb99f142e1cb1312d8c202378c20dc4f7210145acc22805481f4a3f47ce9b6f?s=96&d=mm&r=g","contentUrl":"https:\/\/secure.gravatar.com\/avatar\/8cb99f142e1cb1312d8c202378c20dc4f7210145acc22805481f4a3f47ce9b6f?s=96&d=mm&r=g","caption":"Gorete Costa"},"description":"Graduada em Servi\u00e7o Social pela Universidade do Norte do Paran\u00e1 (Unopar), Gorete Costa \u00e9 especialista em comunica\u00e7\u00e3o, atuando como radialista em programas jornal\u00edsticos e de entretenimento, al\u00e9m de produ\u00e7\u00e3o e revis\u00e3o de textos informativos para sites e blogs.","sameAs":["https:\/\/www.facebook.com\/profile.php?id=61550018262414"],"url":"https:\/\/www.pensarcursos.com.br\/blog\/author\/gorete\/"}]}},"_links":{"self":[{"href":"https:\/\/www.pensarcursos.com.br\/blog\/wp-json\/wp\/v2\/posts\/86891","targetHints":{"allow":["GET"]}}],"collection":[{"href":"https:\/\/www.pensarcursos.com.br\/blog\/wp-json\/wp\/v2\/posts"}],"about":[{"href":"https:\/\/www.pensarcursos.com.br\/blog\/wp-json\/wp\/v2\/types\/post"}],"author":[{"embeddable":true,"href":"https:\/\/www.pensarcursos.com.br\/blog\/wp-json\/wp\/v2\/users\/17"}],"replies":[{"embeddable":true,"href":"https:\/\/www.pensarcursos.com.br\/blog\/wp-json\/wp\/v2\/comments?post=86891"}],"version-history":[{"count":0,"href":"https:\/\/www.pensarcursos.com.br\/blog\/wp-json\/wp\/v2\/posts\/86891\/revisions"}],"wp:featuredmedia":[{"embeddable":true,"href":"https:\/\/www.pensarcursos.com.br\/blog\/wp-json\/wp\/v2\/media\/86892"}],"wp:attachment":[{"href":"https:\/\/www.pensarcursos.com.br\/blog\/wp-json\/wp\/v2\/media?parent=86891"}],"wp:term":[{"taxonomy":"category","embeddable":true,"href":"https:\/\/www.pensarcursos.com.br\/blog\/wp-json\/wp\/v2\/categories?post=86891"},{"taxonomy":"post_tag","embeddable":true,"href":"https:\/\/www.pensarcursos.com.br\/blog\/wp-json\/wp\/v2\/tags?post=86891"}],"curies":[{"name":"wp","href":"https:\/\/api.w.org\/{rel}","templated":true}]}}