{"id":86821,"date":"2025-01-21T18:09:35","date_gmt":"2025-01-21T21:09:35","guid":{"rendered":"https:\/\/www.pensarcursos.com.br\/blog\/?p=86821"},"modified":"2025-01-21T23:26:26","modified_gmt":"2025-01-22T02:26:26","slug":"pe-de-meia-libera-primeira-parcela-de-r-1-000-em-fevereiro","status":"publish","type":"post","link":"https:\/\/www.pensarcursos.com.br\/blog\/pe-de-meia-libera-primeira-parcela-de-r-1-000-em-fevereiro\/","title":{"rendered":"P\u00e9-de-Meia libera primeira parcela de R$ 1.000 em fevereiro"},"content":{"rendered":"<p>O Minist\u00e9rio da Educa\u00e7\u00e3o (MEC) anunciou uma not\u00edcia empolgante para estudantes do ensino m\u00e9dio p\u00fablico: o programa P\u00e9-de-Meia come\u00e7ar\u00e1 a liberar seus primeiros pagamentos em fevereiro.<\/p>\n<p>Esta iniciativa visa combater a evas\u00e3o escolar e incentivar o desempenho acad\u00eamico, oferecendo suporte financeiro aos jovens e suas fam\u00edlias. Mas o que exatamente \u00e9 o P\u00e9-de-Meia? Como ele funciona? Descubra todos os detalhes!<\/p>\n<h2>Entendendo o Programa P\u00e9-de-Meia<\/h2>\n<p>O P\u00e9-de-Meia \u00e9 uma a\u00e7\u00e3o do governo federal que busca proporcionar estabilidade econ\u00f4mica \u00e0s fam\u00edlias de baixa renda, ao mesmo tempo em que incentiva a frequ\u00eancia e o desempenho escolar dos estudantes do ensino m\u00e9dio p\u00fablico.<\/p>\n<h3>Objetivos do programa<\/h3>\n<p>O programa tem como principais objetivos:<\/p>\n<ol class=\"!whitespace-normal list-decimal ml-5\">\n<li class=\"pb-1\">Reduzir a evas\u00e3o escolar no ensino m\u00e9dio<\/li>\n<li class=\"pb-1\">Melhorar o desempenho acad\u00eamico dos estudantes<\/li>\n<li class=\"pb-1\">Oferecer suporte financeiro \u00e0s fam\u00edlias de baixa renda<\/li>\n<li class=\"pb-1\">Incentivar a continuidade dos estudos ap\u00f3s o ensino m\u00e9dio<\/li>\n<\/ol>\n<h3>P\u00fablico-alvo<\/h3>\n<p>O P\u00e9-de-Meia \u00e9 direcionado a estudantes matriculados no ensino m\u00e9dio p\u00fablico, com foco especial naqueles que fazem parte de fam\u00edlias benefici\u00e1rias do Cadastro \u00danico para Programas Sociais (Cad\u00danico).<\/p>\n<h2>Estrutura do Programa P\u00e9-de-Meia<\/h2>\n<p>O programa \u00e9 estruturado em tr\u00eas modalidades principais de incentivo, cada uma com suas particularidades e objetivos espec\u00edficos.<\/p>\n<h3>Incentivo mensal<\/h3>\n<ul class=\"!whitespace-normal list-disc ml-5\">\n<li class=\"pb-1\"><strong>Valor<\/strong>: R$ 200<\/li>\n<li class=\"pb-1\"><strong>Frequ\u00eancia<\/strong>: Mensal<\/li>\n<li class=\"pb-1\"><strong>Requisito<\/strong>: Comprova\u00e7\u00e3o de matr\u00edcula e frequ\u00eancia escolar<\/li>\n<li class=\"pb-1\"><strong>Disponibilidade<\/strong>: Pode ser sacado a qualquer momento<\/li>\n<\/ul>\n<h3>B\u00f4nus anual<\/h3>\n<ul class=\"!whitespace-normal list-disc ml-5\">\n<li class=\"pb-1\"><strong>Valor<\/strong>: R$ 1.000<\/li>\n<li class=\"pb-1\"><strong>Frequ\u00eancia<\/strong>: Anual<\/li>\n<li class=\"pb-1\"><strong>Requisito<\/strong>: Conclus\u00e3o do ano letivo<\/li>\n<li class=\"pb-1\"><strong>Disponibilidade<\/strong>: Depositado em uma poupan\u00e7a, acess\u00edvel ap\u00f3s a formatura<\/li>\n<\/ul>\n<h3>B\u00f4nus do Enem<\/h3>\n<ul class=\"!whitespace-normal list-disc ml-5\">\n<li class=\"pb-1\"><strong>Valor<\/strong>: R$ 200<\/li>\n<li class=\"pb-1\"><strong>Frequ\u00eancia<\/strong>: Uma vez<\/li>\n<li class=\"pb-1\"><strong>Crit\u00e9rio:<\/strong> Ter participado do Exame Nacional do Ensino M\u00e9dio (Enem)<\/li>\n<li class=\"pb-1\"><strong>Pagamento:<\/strong> Realizado em fevereiro, juntamente com outras parcelas<\/li>\n<\/ul>\n<h2>Modalidades especiais do Programa<\/h2>\n<p>O <a href=\"https:\/\/www.pensarcursos.com.br\/blog\/e-hoje-pe-de-meia-de-r-1-050-encerra-inscricoes-nesta-terca-21-01\/\" target=\"_blank\" rel=\"noopener\">P\u00e9-de-Meia<\/a> foi projetado para ser inclusivo, atendendo a diferentes perfis de estudantes por meio de modalidades espec\u00edficas.<\/p>\n<h3>Educa\u00e7\u00e3o de Jovens e Adultos (EJA)<\/h3>\n<p>Os estudantes matriculados na Educa\u00e7\u00e3o de Jovens e Adultos (EJA) t\u00eam acesso a incentivos adaptados:<\/p>\n<ul class=\"!whitespace-normal list-disc ml-5\">\n<li class=\"pb-1\"><strong>Incentivo inicial<\/strong>: R$ 200 ao comprovar matr\u00edcula<\/li>\n<li class=\"pb-1\"><strong>Incentivo mensal<\/strong>: R$ 225 pela frequ\u00eancia regular<\/li>\n<li class=\"pb-1\"><strong>Disponibilidade<\/strong>: Ambos podem ser sacados imediatamente<\/li>\n<\/ul>\n<h2>Calend\u00e1rio de pagamento do P\u00e9-de-Meia em fevereiro<\/h2>\n<p>O m\u00eas de fevereiro marca o in\u00edcio oficial dos pagamentos do programa P\u00e9-de-Meia para muitos estudantes.<\/p>\n<h3>Datas importantes<\/h3>\n<ul class=\"!whitespace-normal list-disc ml-5\">\n<li class=\"pb-1\"><strong>Per\u00edodo de pagamento<\/strong>: 20 a 27 de fevereiro<\/li>\n<li class=\"pb-1\"><strong>Benefici\u00e1rios<\/strong>:\n<ul class=\"!whitespace-normal list-disc ml-5\">\n<li class=\"pb-1\">Alunos que conclu\u00edram o primeiro ano do programa receber\u00e3o a parcela de R$ 1.000<\/li>\n<li class=\"pb-1\">Participantes do Enem tamb\u00e9m receber\u00e3o a parcela extra de R$ 200<\/li>\n<\/ul>\n<\/li>\n<\/ul>\n<figure id=\"attachment_86827\" aria-describedby=\"caption-attachment-86827\" style=\"width: 634px\" class=\"wp-caption aligncenter\"><img decoding=\"async\" class=\"wp-image-86827\" title=\"Ag\u00eancia Gov df\" src=\"https:\/\/www.pensarcursos.com.br\/blog\/wp-content\/uploads\/2025\/01\/Agencia-Gov-df.jpeg\" alt=\"presidente do Brasil aprovando o programa para estudantes\" width=\"634\" height=\"377\" srcset=\"https:\/\/www.pensarcursos.com.br\/blog\/wp-content\/uploads\/2025\/01\/Agencia-Gov-df.jpeg 768w, https:\/\/www.pensarcursos.com.br\/blog\/wp-content\/uploads\/2025\/01\/Agencia-Gov-df-300x179.jpeg 300w\" sizes=\"(max-width: 634px) 100vw, 634px\" \/><figcaption id=\"caption-attachment-86827\" class=\"wp-caption-text\">O pagamento de R$ 1000 em fevereiro, ocorrer\u00e3o ente os dias 20 e 27. Imagem: Ag\u00eancia Gov<\/figcaption><\/figure>\n<h2>Processo de inscri\u00e7\u00e3o e elegibilidade<\/h2>\n<p>O <a href=\"https:\/\/www.pensarcursos.com.br\/blog\/quer-se-inscrever-no-pe-de-meia-2025-e-conseguir-bolsa-de-r-1-050-prazo-termina-nesta-terca-21-01\/\" target=\"_blank\" rel=\"noopener\">P\u00e9-de-Meia<\/a> utiliza um sistema eficiente e automatizado para identificar e inscrever os benefici\u00e1rios, tornando o processo simples e acess\u00edvel.<\/p>\n<h3>Crit\u00e9rios de elegibilidade<\/h3>\n<p>Para participar do programa, o estudante deve atender aos seguintes crit\u00e9rios:<\/p>\n<ol class=\"!whitespace-normal list-decimal ml-5\">\n<li class=\"pb-1\">Estar matriculado no ensino m\u00e9dio p\u00fablico<\/li>\n<li class=\"pb-1\">Ser benefici\u00e1rio do Cad\u00danico<\/li>\n<li class=\"pb-1\">Manter frequ\u00eancia escolar regular<\/li>\n<li class=\"pb-1\">Participar das avalia\u00e7\u00f5es nacionais do ensino m\u00e9dio<\/li>\n<\/ol>\n<h3>Processo de inscri\u00e7\u00e3o autom\u00e1tico<\/h3>\n<p>O processo de inscri\u00e7\u00e3o no P\u00e9-de-Meia \u00e9 totalmente automatizado, eliminando a necessidade de inscri\u00e7\u00e3o manual por parte dos estudantes ou suas fam\u00edlias. Veja como funciona:<\/p>\n<ol class=\"!whitespace-normal list-decimal ml-5\">\n<li class=\"pb-1\"><strong>Verifica\u00e7\u00e3o autom\u00e1tica<\/strong>: O MEC cruza os dados do Cad\u00danico com as informa\u00e7\u00f5es das secretarias estaduais de educa\u00e7\u00e3o.<\/li>\n<li class=\"pb-1\"><strong>Sem inscri\u00e7\u00e3o manual<\/strong>: Os estudantes eleg\u00edveis s\u00e3o automaticamente inclu\u00eddos no programa.<\/li>\n<li class=\"pb-1\"><strong>Confirma\u00e7\u00e3o<\/strong>: Os benefici\u00e1rios recebem notifica\u00e7\u00f5es sobre sua inclus\u00e3o no programa.<\/li>\n<\/ol>\n<h2>Calend\u00e1rio de pagamento do P\u00e9-de-Meia em fevereiro<\/h2>\n<p>O m\u00eas de fevereiro marca o in\u00edcio oficial dos pagamentos do programa<a href=\"https:\/\/www.pensarcursos.com.br\/blog\/e-preciso-estar-inscrito-no-cadunico-para-receber-r-1-050-do-pe-de-meia-2025\/\" target=\"_blank\" rel=\"noopener\"> P\u00e9-de-Meia<\/a> para muitos estudantes.<\/p>\n<h3>Datas importantes<\/h3>\n<ul class=\"!whitespace-normal list-disc ml-5\">\n<li class=\"pb-1\"><strong>Per\u00edodo de pagamento<\/strong>: 20 a 27 de fevereiro<\/li>\n<li class=\"pb-1\"><strong>Benefici\u00e1rios<\/strong>:\n<ul class=\"!whitespace-normal list-disc ml-5\">\n<li class=\"pb-1\">Alunos que conclu\u00edram o primeiro ano do programa receber\u00e3o a parcela de R$ 1.000<\/li>\n<li class=\"pb-1\">Participantes do Enem tamb\u00e9m receber\u00e3o a parcela extra de R$ 200<\/li>\n<\/ul>\n<\/li>\n<\/ul>\n","protected":false},"excerpt":{"rendered":"<p>O Minist\u00e9rio da Educa\u00e7\u00e3o (MEC) anunciou uma not\u00edcia empolgante para estudantes do ensino m\u00e9dio p\u00fablico: o programa P\u00e9-de-Meia come\u00e7ar\u00e1 a liberar seus primeiros pagamentos em fevereiro. Esta iniciativa visa combater a evas\u00e3o escolar e incentivar o desempenho acad\u00eamico, oferecendo suporte financeiro aos jovens e suas fam\u00edlias. Mas o que exatamente \u00e9 o P\u00e9-de-Meia? Como ele [&hellip;]<\/p>\n","protected":false},"author":41,"featured_media":86828,"comment_status":"open","ping_status":"closed","sticky":false,"template":"","format":"standard","meta":{"jnews-multi-image_gallery":[],"jnews_single_post":[],"jnews_primary_category":[],"jnews_social_meta":[],"jnews_override_counter":[],"footnotes":""},"categories":[17201],"tags":[24698,24866,24867],"class_list":["post-86821","post","type-post","status-publish","format-standard","has-post-thumbnail","hentry","category-pe-de-meia","tag-calendario-de-pagamento-do-pe-de-meia","tag-calendario-de-pagamento-do-pe-de-meia-em-fevereiro","tag-pagamento-do-pe-de-meia-em-fevereiro"],"yoast_head":"<!-- This site is optimized with the Yoast SEO Premium plugin v27.5 (Yoast SEO v27.5) - https:\/\/yoast.com\/product\/yoast-seo-premium-wordpress\/ -->\n<title>P\u00e9-de-Meia libera primeira parcela de R$ 1.000 em fevereiro - Blog Pensar Cursos<\/title>\n<meta name=\"description\" content=\"O Minist\u00e9rio da Educa\u00e7\u00e3o (MEC) anunciou uma not\u00edcia empolgante para estudantes do ensino m\u00e9dio p\u00fablico: o programa P\u00e9-de-Meia come\u00e7ar\u00e1 a liberar seus\" \/>\n<meta name=\"robots\" content=\"index, follow, max-snippet:-1, max-image-preview:large, max-video-preview:-1\" \/>\n<link rel=\"canonical\" href=\"https:\/\/www.pensarcursos.com.br\/blog\/pe-de-meia-libera-primeira-parcela-de-r-1-000-em-fevereiro\/\" \/>\n<meta property=\"og:locale\" content=\"pt_BR\" \/>\n<meta property=\"og:type\" content=\"article\" \/>\n<meta property=\"og:title\" content=\"P\u00e9-de-Meia libera primeira parcela de R$ 1.000 em fevereiro\" \/>\n<meta property=\"og:description\" content=\"O Minist\u00e9rio da Educa\u00e7\u00e3o (MEC) anunciou uma not\u00edcia empolgante para estudantes do ensino m\u00e9dio p\u00fablico: o programa P\u00e9-de-Meia come\u00e7ar\u00e1 a liberar seus\" \/>\n<meta property=\"og:url\" content=\"https:\/\/www.pensarcursos.com.br\/blog\/pe-de-meia-libera-primeira-parcela-de-r-1-000-em-fevereiro\/\" \/>\n<meta property=\"og:site_name\" content=\"Blog Pensar Cursos\" \/>\n<meta property=\"article:publisher\" content=\"https:\/\/www.facebook.com\/pensarcursos\/\" \/>\n<meta property=\"article:published_time\" content=\"2025-01-21T21:09:35+00:00\" \/>\n<meta property=\"article:modified_time\" content=\"2025-01-22T02:26:26+00:00\" \/>\n<meta property=\"og:image\" content=\"https:\/\/www.pensarcursos.com.br\/blog\/wp-content\/uploads\/2025\/01\/Agencia-Brasil-cla.jpeg\" \/>\n\t<meta property=\"og:image:width\" content=\"1200\" \/>\n\t<meta property=\"og:image:height\" content=\"800\" \/>\n\t<meta property=\"og:image:type\" content=\"image\/jpeg\" \/>\n<meta name=\"author\" content=\"F\u00e1tima Azevedo\" \/>\n<meta name=\"twitter:card\" content=\"summary_large_image\" \/>\n<meta name=\"twitter:label1\" content=\"Escrito por\" \/>\n\t<meta name=\"twitter:data1\" content=\"F\u00e1tima Azevedo\" \/>\n\t<meta name=\"twitter:label2\" content=\"Est. tempo de leitura\" \/>\n\t<meta name=\"twitter:data2\" content=\"3 minutos\" \/>\n<!-- \/ Yoast SEO Premium plugin. -->","yoast_head_json":{"title":"P\u00e9-de-Meia libera primeira parcela de R$ 1.000 em fevereiro - Blog Pensar Cursos","description":"O Minist\u00e9rio da Educa\u00e7\u00e3o (MEC) anunciou uma not\u00edcia empolgante para estudantes do ensino m\u00e9dio p\u00fablico: o programa P\u00e9-de-Meia come\u00e7ar\u00e1 a liberar seus","robots":{"index":"index","follow":"follow","max-snippet":"max-snippet:-1","max-image-preview":"max-image-preview:large","max-video-preview":"max-video-preview:-1"},"canonical":"https:\/\/www.pensarcursos.com.br\/blog\/pe-de-meia-libera-primeira-parcela-de-r-1-000-em-fevereiro\/","og_locale":"pt_BR","og_type":"article","og_title":"P\u00e9-de-Meia libera primeira parcela de R$ 1.000 em fevereiro","og_description":"O Minist\u00e9rio da Educa\u00e7\u00e3o (MEC) anunciou uma not\u00edcia empolgante para estudantes do ensino m\u00e9dio p\u00fablico: o programa P\u00e9-de-Meia come\u00e7ar\u00e1 a liberar seus","og_url":"https:\/\/www.pensarcursos.com.br\/blog\/pe-de-meia-libera-primeira-parcela-de-r-1-000-em-fevereiro\/","og_site_name":"Blog Pensar Cursos","article_publisher":"https:\/\/www.facebook.com\/pensarcursos\/","article_published_time":"2025-01-21T21:09:35+00:00","article_modified_time":"2025-01-22T02:26:26+00:00","og_image":[{"width":1200,"height":800,"url":"https:\/\/www.pensarcursos.com.br\/blog\/wp-content\/uploads\/2025\/01\/Agencia-Brasil-cla.jpeg","type":"image\/jpeg"}],"author":"F\u00e1tima Azevedo","twitter_card":"summary_large_image","twitter_misc":{"Escrito por":"F\u00e1tima Azevedo","Est. tempo de leitura":"3 minutos"},"schema":{"@context":"https:\/\/schema.org","@graph":[{"@type":["Article","BlogPosting"],"@id":"https:\/\/www.pensarcursos.com.br\/blog\/pe-de-meia-libera-primeira-parcela-de-r-1-000-em-fevereiro\/#article","isPartOf":{"@id":"https:\/\/www.pensarcursos.com.br\/blog\/pe-de-meia-libera-primeira-parcela-de-r-1-000-em-fevereiro\/"},"author":{"name":"F\u00e1tima Azevedo","@id":"https:\/\/www.pensarcursos.com.br\/blog\/#\/schema\/person\/827343e4611913410dcf62144b5b2a2d"},"headline":"P\u00e9-de-Meia libera primeira parcela de R$ 1.000 em fevereiro","datePublished":"2025-01-21T21:09:35+00:00","dateModified":"2025-01-22T02:26:26+00:00","mainEntityOfPage":{"@id":"https:\/\/www.pensarcursos.com.br\/blog\/pe-de-meia-libera-primeira-parcela-de-r-1-000-em-fevereiro\/"},"wordCount":691,"commentCount":0,"publisher":{"@id":"https:\/\/www.pensarcursos.com.br\/blog\/#organization"},"image":{"@id":"https:\/\/www.pensarcursos.com.br\/blog\/pe-de-meia-libera-primeira-parcela-de-r-1-000-em-fevereiro\/#primaryimage"},"thumbnailUrl":"https:\/\/www.pensarcursos.com.br\/blog\/wp-content\/uploads\/2025\/01\/Agencia-Brasil-cla.jpeg","keywords":["Calend\u00e1rio de pagamento do P\u00e9-de-Meia","Calend\u00e1rio de pagamento do P\u00e9-de-Meia em fevereiro","pagamento do P\u00e9-de-Meia em fevereiro"],"articleSection":["P\u00e9-de-Meia"],"inLanguage":"pt-BR","potentialAction":[{"@type":"CommentAction","name":"Comment","target":["https:\/\/www.pensarcursos.com.br\/blog\/pe-de-meia-libera-primeira-parcela-de-r-1-000-em-fevereiro\/#respond"]}],"copyrightYear":"2025","copyrightHolder":{"@id":"https:\/\/www.pensarcursos.com.br\/blog\/#organization"}},{"@type":"WebPage","@id":"https:\/\/www.pensarcursos.com.br\/blog\/pe-de-meia-libera-primeira-parcela-de-r-1-000-em-fevereiro\/","url":"https:\/\/www.pensarcursos.com.br\/blog\/pe-de-meia-libera-primeira-parcela-de-r-1-000-em-fevereiro\/","name":"P\u00e9-de-Meia libera primeira parcela de R$ 1.000 em fevereiro - Blog Pensar Cursos","isPartOf":{"@id":"https:\/\/www.pensarcursos.com.br\/blog\/#website"},"primaryImageOfPage":{"@id":"https:\/\/www.pensarcursos.com.br\/blog\/pe-de-meia-libera-primeira-parcela-de-r-1-000-em-fevereiro\/#primaryimage"},"image":{"@id":"https:\/\/www.pensarcursos.com.br\/blog\/pe-de-meia-libera-primeira-parcela-de-r-1-000-em-fevereiro\/#primaryimage"},"thumbnailUrl":"https:\/\/www.pensarcursos.com.br\/blog\/wp-content\/uploads\/2025\/01\/Agencia-Brasil-cla.jpeg","datePublished":"2025-01-21T21:09:35+00:00","dateModified":"2025-01-22T02:26:26+00:00","description":"O Minist\u00e9rio da Educa\u00e7\u00e3o (MEC) anunciou uma not\u00edcia empolgante para estudantes do ensino m\u00e9dio p\u00fablico: o programa P\u00e9-de-Meia come\u00e7ar\u00e1 a liberar seus","breadcrumb":{"@id":"https:\/\/www.pensarcursos.com.br\/blog\/pe-de-meia-libera-primeira-parcela-de-r-1-000-em-fevereiro\/#breadcrumb"},"inLanguage":"pt-BR","potentialAction":[{"@type":"ReadAction","target":["https:\/\/www.pensarcursos.com.br\/blog\/pe-de-meia-libera-primeira-parcela-de-r-1-000-em-fevereiro\/"]}]},{"@type":"ImageObject","inLanguage":"pt-BR","@id":"https:\/\/www.pensarcursos.com.br\/blog\/pe-de-meia-libera-primeira-parcela-de-r-1-000-em-fevereiro\/#primaryimage","url":"https:\/\/www.pensarcursos.com.br\/blog\/wp-content\/uploads\/2025\/01\/Agencia-Brasil-cla.jpeg","contentUrl":"https:\/\/www.pensarcursos.com.br\/blog\/wp-content\/uploads\/2025\/01\/Agencia-Brasil-cla.jpeg","width":1200,"height":800,"caption":"O programa P\u00e9-de-Meia \u00e9 estruturado em tr\u00eas modalidades principais de incentivo. Imagem: Ag\u00eancia Brasil"},{"@type":"BreadcrumbList","@id":"https:\/\/www.pensarcursos.com.br\/blog\/pe-de-meia-libera-primeira-parcela-de-r-1-000-em-fevereiro\/#breadcrumb","itemListElement":[{"@type":"ListItem","position":1,"name":"Home","item":"https:\/\/www.pensarcursos.com.br\/blog\/"},{"@type":"ListItem","position":2,"name":"P\u00e9-de-Meia libera primeira parcela de R$ 1.000 em fevereiro"}]},{"@type":"WebSite","@id":"https:\/\/www.pensarcursos.com.br\/blog\/#website","url":"https:\/\/www.pensarcursos.com.br\/blog\/","name":"Blog Pensar Cursos","description":"Maior Site de Cursos do Brasil","publisher":{"@id":"https:\/\/www.pensarcursos.com.br\/blog\/#organization"},"alternateName":"Blog Pensar","potentialAction":[{"@type":"SearchAction","target":{"@type":"EntryPoint","urlTemplate":"https:\/\/www.pensarcursos.com.br\/blog\/?s={search_term_string}"},"query-input":{"@type":"PropertyValueSpecification","valueRequired":true,"valueName":"search_term_string"}}],"inLanguage":"pt-BR"},{"@type":"Organization","@id":"https:\/\/www.pensarcursos.com.br\/blog\/#organization","name":"Pensar Cursos","alternateName":"Blog pensar","url":"https:\/\/www.pensarcursos.com.br\/blog\/","logo":{"@type":"ImageObject","inLanguage":"pt-BR","@id":"https:\/\/www.pensarcursos.com.br\/blog\/#\/schema\/logo\/image\/","url":"https:\/\/www.pensarcursos.com.br\/blog\/wp-content\/uploads\/2023\/11\/Nova-Logo-Pensar-Cursos-vertical.png","contentUrl":"https:\/\/www.pensarcursos.com.br\/blog\/wp-content\/uploads\/2023\/11\/Nova-Logo-Pensar-Cursos-vertical.png","width":1393,"height":1001,"caption":"Pensar Cursos"},"image":{"@id":"https:\/\/www.pensarcursos.com.br\/blog\/#\/schema\/logo\/image\/"},"sameAs":["https:\/\/www.facebook.com\/pensarcursos\/","https:\/\/instagram.com.br\/pensarcursos"],"description":"Pensar Cursos \u00e9 uma empresa especializada em oferecer cursos de alta qualidade voltados para o desenvolvimento profissional e acad\u00eamico. Com uma ampla gama de op\u00e7\u00f5es de treinamento, oferecemos conte\u00fados atualizados, ministrados por especialistas da \u00e1rea, para capacitar indiv\u00edduos e equipes a atingirem seus objetivos. Nossa miss\u00e3o \u00e9 proporcionar uma educa\u00e7\u00e3o transformadora, acess\u00edvel e personalizada para cada aluno, seja em cursos presenciais ou online. Com uma abordagem inovadora, buscamos adaptar os nossos programas de ensino \u00e0s necessidades do mercado, criando solu\u00e7\u00f5es que atendem aos desafios e exig\u00eancias do mundo corporativo e acad\u00eamico. Nossos cursos incluem desde forma\u00e7\u00f5es t\u00e9cnicas at\u00e9 habilidades essenciais, como lideran\u00e7a, gest\u00e3o e desenvolvimento pessoal.","email":"contato@pensarcursos.com.br","legalName":"Sena Servi\u00e7os de Informa\u00e7\u00e3o Online LTDA","foundingDate":"2013-04-18","vatID":"17956217000172","numberOfEmployees":{"@type":"QuantitativeValue","minValue":"11","maxValue":"50"},"publishingPrinciples":"https:\/\/www.pensarcursos.com.br\/blog\/principios-de-publicacao\/","ownershipFundingInfo":"https:\/\/www.pensarcursos.com.br\/blog\/informacoes-de-propriedade-financiamento\/","actionableFeedbackPolicy":"https:\/\/www.pensarcursos.com.br\/blog\/politica-de-feedback-acionavel\/","correctionsPolicy":"https:\/\/www.pensarcursos.com.br\/blog\/politica-de-correcoes\/","ethicsPolicy":"https:\/\/www.pensarcursos.com.br\/blog\/politica-de-etica\/"},{"@type":"Person","@id":"https:\/\/www.pensarcursos.com.br\/blog\/#\/schema\/person\/827343e4611913410dcf62144b5b2a2d","name":"F\u00e1tima Azevedo","image":{"@type":"ImageObject","inLanguage":"pt-BR","@id":"https:\/\/secure.gravatar.com\/avatar\/ea820c84e212573cc3f119ba576278fe7ad07b69ed7ca0c33223662227bb77ca?s=96&d=mm&r=g","url":"https:\/\/secure.gravatar.com\/avatar\/ea820c84e212573cc3f119ba576278fe7ad07b69ed7ca0c33223662227bb77ca?s=96&d=mm&r=g","contentUrl":"https:\/\/secure.gravatar.com\/avatar\/ea820c84e212573cc3f119ba576278fe7ad07b69ed7ca0c33223662227bb77ca?s=96&d=mm&r=g","caption":"F\u00e1tima Azevedo"},"description":"Graduada em Ci\u00eancias Biol\u00f3gicas. Professora. Redatora grupo Sena Online.","sameAs":["https:\/\/www.linkedin.com\/in\/maria-de-f\u00e1tima-oliveira-da-costa-74a1692a7"],"url":"https:\/\/www.pensarcursos.com.br\/blog\/author\/fatima\/"}]}},"_links":{"self":[{"href":"https:\/\/www.pensarcursos.com.br\/blog\/wp-json\/wp\/v2\/posts\/86821","targetHints":{"allow":["GET"]}}],"collection":[{"href":"https:\/\/www.pensarcursos.com.br\/blog\/wp-json\/wp\/v2\/posts"}],"about":[{"href":"https:\/\/www.pensarcursos.com.br\/blog\/wp-json\/wp\/v2\/types\/post"}],"author":[{"embeddable":true,"href":"https:\/\/www.pensarcursos.com.br\/blog\/wp-json\/wp\/v2\/users\/41"}],"replies":[{"embeddable":true,"href":"https:\/\/www.pensarcursos.com.br\/blog\/wp-json\/wp\/v2\/comments?post=86821"}],"version-history":[{"count":0,"href":"https:\/\/www.pensarcursos.com.br\/blog\/wp-json\/wp\/v2\/posts\/86821\/revisions"}],"wp:featuredmedia":[{"embeddable":true,"href":"https:\/\/www.pensarcursos.com.br\/blog\/wp-json\/wp\/v2\/media\/86828"}],"wp:attachment":[{"href":"https:\/\/www.pensarcursos.com.br\/blog\/wp-json\/wp\/v2\/media?parent=86821"}],"wp:term":[{"taxonomy":"category","embeddable":true,"href":"https:\/\/www.pensarcursos.com.br\/blog\/wp-json\/wp\/v2\/categories?post=86821"},{"taxonomy":"post_tag","embeddable":true,"href":"https:\/\/www.pensarcursos.com.br\/blog\/wp-json\/wp\/v2\/tags?post=86821"}],"curies":[{"name":"wp","href":"https:\/\/api.w.org\/{rel}","templated":true}]}}