{"id":85680,"date":"2025-01-13T22:09:58","date_gmt":"2025-01-14T01:09:58","guid":{"rendered":"https:\/\/www.pensarcursos.com.br\/blog\/?p=85680"},"modified":"2025-01-13T21:12:31","modified_gmt":"2025-01-14T00:12:31","slug":"processo-seletivo-abre-vagas-para-agente-administrativo-guarda-municipal-assistente-social-e-outros-cargos-inscricoes-comecam-hoje-13-01","status":"publish","type":"post","link":"https:\/\/www.pensarcursos.com.br\/blog\/processo-seletivo-abre-vagas-para-agente-administrativo-guarda-municipal-assistente-social-e-outros-cargos-inscricoes-comecam-hoje-13-01\/","title":{"rendered":"Processo Seletivo abre VAGAS para Agente Administrativo, GUARDA MUNICIPAL, Assistente Social e outros cargos &#8211; Inscri\u00e7\u00f5es come\u00e7am HOJE (13\/01)"},"content":{"rendered":"<p>A prefeitura municipal acaba de anunciar uma excelente oportunidade para profissionais de diversas \u00e1reas. Um novo processo seletivo foi aberto, visando preencher<strong> 113 vagas na Secretaria Municipal de Educa\u00e7\u00e3o.<\/strong> Esta not\u00edcia traz esperan\u00e7a para muitos que buscam uma coloca\u00e7\u00e3o no servi\u00e7o p\u00fablico, especialmente no setor educacional.<\/p>\n<p>O edital retificado apresenta uma atualiza\u00e7\u00e3o no quadro de vagas, ampliando as possibilidades para os candidatos interessados. Todos os detalhes, voc\u00ea confere a seguir!<\/p>\n<h2>Vagas dispon\u00edveis<\/h2>\n<p>O <a href=\"https:\/\/www.pensarcursos.com.br\/blog\/processo-seletivo-do-cras-abre-inscricoes-nesta-segunda-feira-13-01\/\">processo seletivo<\/a> da prefeitura oferece um leque diversificado de oportunidades, abrangendo diferentes n\u00edveis de escolaridade e \u00e1reas de atua\u00e7\u00e3o. As 113 vagas est\u00e3o distribu\u00eddas entre diversos cargos, cada um com suas particularidades e requisitos espec\u00edficos. Veja cada uma dessas posi\u00e7\u00f5es:<\/p>\n<h3>Cargos de N\u00edvel Superior<\/h3>\n<ol class=\"!whitespace-normal list-decimal ml-5\">\n<li class=\"pb-1\"><strong>Assistente Social<\/strong>: 1 vaga\n<ul class=\"!whitespace-normal list-disc ml-5\">\n<li class=\"pb-1\">Responsabilidades: Atuar no suporte social aos alunos e fam\u00edlias<\/li>\n<li class=\"pb-1\">Requisitos: Gradua\u00e7\u00e3o em Servi\u00e7o Social e registro no conselho de classe<\/li>\n<\/ul>\n<\/li>\n<li class=\"pb-1\"><strong>Fonoaudi\u00f3logo<\/strong>: 1 vaga\n<ul class=\"!whitespace-normal list-disc ml-5\">\n<li class=\"pb-1\">Responsabilidades: Realizar avalia\u00e7\u00f5es e terapias fonoaudiol\u00f3gicas<\/li>\n<li class=\"pb-1\">Requisitos: Gradua\u00e7\u00e3o em Fonoaudiologia e registro no conselho de classe<\/li>\n<\/ul>\n<\/li>\n<li class=\"pb-1\"><strong>Nutricionista<\/strong>: 1 vaga\n<ul class=\"!whitespace-normal list-disc ml-5\">\n<li class=\"pb-1\">Responsabilidades: Planejar e supervisionar a alimenta\u00e7\u00e3o escolar<\/li>\n<li class=\"pb-1\">Requisitos: Gradua\u00e7\u00e3o em Nutri\u00e7\u00e3o e registro no conselho de classe<\/li>\n<\/ul>\n<\/li>\n<li class=\"pb-1\"><strong>Psic\u00f3logo<\/strong>: 2 vagas\n<ul class=\"!whitespace-normal list-disc ml-5\">\n<li class=\"pb-1\">Responsabilidades: Oferecer suporte psicol\u00f3gico a alunos e equipe escolar<\/li>\n<li class=\"pb-1\">Requisitos: Gradua\u00e7\u00e3o em Psicologia e registro no conselho de classe<\/li>\n<\/ul>\n<\/li>\n<li class=\"pb-1\"><strong>Psicopedagogo<\/strong>: 1 vaga\n<ul class=\"!whitespace-normal list-disc ml-5\">\n<li class=\"pb-1\">Responsabilidades: Auxiliar no processo de ensino-aprendizagem<\/li>\n<li class=\"pb-1\">Requisitos: Gradua\u00e7\u00e3o em Pedagogia com especializa\u00e7\u00e3o em Psicopedagogia<\/li>\n<\/ul>\n<\/li>\n<\/ol>\n<h3>Cargos de N\u00edvel M\u00e9dio<\/h3>\n<ol class=\"!whitespace-normal list-decimal ml-5\">\n<li class=\"pb-1\"><strong>Agente Administrativo<\/strong>: 16 vagas\n<ul class=\"!whitespace-normal list-disc ml-5\">\n<li class=\"pb-1\">Responsabilidades: Realizar tarefas administrativas nas unidades escolares<\/li>\n<li class=\"pb-1\">Requisitos: Ensino M\u00e9dio completo<\/li>\n<\/ul>\n<\/li>\n<li class=\"pb-1\"><strong>Auxiliar de Sala<\/strong>: 3 vagas\n<ul class=\"!whitespace-normal list-disc ml-5\">\n<li class=\"pb-1\">Responsabilidades: Assistir professores nas atividades di\u00e1rias<\/li>\n<li class=\"pb-1\">Requisitos: Ensino M\u00e9dio completo<\/li>\n<\/ul>\n<\/li>\n<li class=\"pb-1\"><strong>Secret\u00e1rio<\/strong>: 6 vagas\n<ul class=\"!whitespace-normal list-disc ml-5\">\n<li class=\"pb-1\">Responsabilidades: Gerenciar documenta\u00e7\u00e3o e processos escolares<\/li>\n<li class=\"pb-1\">Requisitos: Ensino M\u00e9dio completo<\/li>\n<\/ul>\n<\/li>\n<li class=\"pb-1\"><strong>Recepcionista<\/strong>: 1 vaga\n<ul class=\"!whitespace-normal list-disc ml-5\">\n<li class=\"pb-1\">Responsabilidades: Atender ao p\u00fablico e direcionar demandas<\/li>\n<li class=\"pb-1\">Requisitos: Ensino M\u00e9dio completo<\/li>\n<\/ul>\n<\/li>\n<li class=\"pb-1\"><strong>Guarda Municipal<\/strong>: 11 vagas\n<ul class=\"!whitespace-normal list-disc ml-5\">\n<li class=\"pb-1\">Responsabilidades: Zelar pela seguran\u00e7a das unidades escolares<\/li>\n<li class=\"pb-1\">Requisitos: Ensino M\u00e9dio completo<\/li>\n<\/ul>\n<\/li>\n<\/ol>\n<h3>Cargos de N\u00edvel Fundamental<\/h3>\n<ol class=\"!whitespace-normal list-decimal ml-5\">\n<li class=\"pb-1\"><strong>Eletricista<\/strong>: 1 vaga\n<ul class=\"!whitespace-normal list-disc ml-5\">\n<li class=\"pb-1\">Responsabilidades: Realizar manuten\u00e7\u00f5es el\u00e9tricas nas escolas<\/li>\n<li class=\"pb-1\">Requisitos: Ensino Fundamental completo e curso t\u00e9cnico em el\u00e9trica<\/li>\n<\/ul>\n<\/li>\n<li class=\"pb-1\"><strong>Auxiliar de Servi\u00e7os Gerais<\/strong>: 52 vagas\n<ul class=\"!whitespace-normal list-disc ml-5\">\n<li class=\"pb-1\">Responsabilidades: Manter a limpeza e organiza\u00e7\u00e3o das unidades escolares<\/li>\n<li class=\"pb-1\">Requisitos: Ensino Fundamental completo<\/li>\n<\/ul>\n<\/li>\n<li class=\"pb-1\"><strong>Merendeiro<\/strong>: 16 vagas\n<ul class=\"!whitespace-normal list-disc ml-5\">\n<li class=\"pb-1\">Responsabilidades: Preparar e servir a merenda escolar<\/li>\n<li class=\"pb-1\">Requisitos: Ensino Fundamental completo<\/li>\n<\/ul>\n<\/li>\n<li class=\"pb-1\"><strong>Art\u00edfice<\/strong>: 1 vaga\n<ul class=\"!whitespace-normal list-disc ml-5\">\n<li class=\"pb-1\">Responsabilidades: Realizar pequenos reparos e manuten\u00e7\u00f5es<\/li>\n<li class=\"pb-1\">Requisitos: Ensino Fundamental completo<\/li>\n<\/ul>\n<\/li>\n<\/ol>\n<h2>Requisitos gerais para participa\u00e7\u00e3o<\/h2>\n<p>Para participar do <a href=\"https:\/\/www.pensarcursos.com.br\/blog\/inscricoes-abertas-processo-seletivo-abre-vagas-para-os-niveis-medio-e-superior-confira\/\">processo seletivo<\/a> da prefeitura, os candidatos devem atender a uma s\u00e9rie de requisitos gerais, al\u00e9m dos espec\u00edficos para cada cargo. Veja\u00a0 os principais crit\u00e9rios:<\/p>\n<ol class=\"!whitespace-normal list-decimal ml-5\">\n<li class=\"pb-1\"><strong>Escolaridade<\/strong>:\n<ul class=\"!whitespace-normal list-disc ml-5\">\n<li class=\"pb-1\">Conforme o cargo pretendido, o candidato deve possuir ensino fundamental, m\u00e9dio ou superior completo.<\/li>\n<li class=\"pb-1\">Para cargos espec\u00edficos, como Psicopedagogo, pode ser exigida p\u00f3s-gradua\u00e7\u00e3o na \u00e1rea.<\/li>\n<\/ul>\n<\/li>\n<li class=\"pb-1\"><strong>Documenta\u00e7\u00e3o<\/strong>:\n<ul class=\"!whitespace-normal list-disc ml-5\">\n<li class=\"pb-1\">Apresentar documentos de identifica\u00e7\u00e3o v\u00e1lidos.<\/li>\n<li class=\"pb-1\">Estar em dia com as obriga\u00e7\u00f5es eleitorais.<\/li>\n<li class=\"pb-1\">Para candidatos do sexo masculino, estar quite com o servi\u00e7o militar.<\/li>\n<\/ul>\n<\/li>\n<li class=\"pb-1\"><strong>Idade M\u00ednima<\/strong>:\n<ul class=\"!whitespace-normal list-disc ml-5\">\n<li class=\"pb-1\">Ter 18 anos completos na data da contrata\u00e7\u00e3o.<\/li>\n<\/ul>\n<\/li>\n<li class=\"pb-1\"><strong>Aptid\u00e3o F\u00edsica e Mental<\/strong>:\n<ul class=\"!whitespace-normal list-disc ml-5\">\n<li class=\"pb-1\">Possuir aptid\u00e3o f\u00edsica e mental para o exerc\u00edcio das atribui\u00e7\u00f5es do cargo.<\/li>\n<\/ul>\n<\/li>\n<li class=\"pb-1\"><strong>Registro Profissional<\/strong>:\n<ul class=\"!whitespace-normal list-disc ml-5\">\n<li class=\"pb-1\">Para cargos que exigem, como Assistente Social e Psic\u00f3logo, \u00e9 necess\u00e1rio apresentar registro no respectivo conselho de classe.<\/li>\n<\/ul>\n<\/li>\n<li class=\"pb-1\"><strong>Experi\u00eancia Pr\u00e9via<\/strong>:\n<ul class=\"!whitespace-normal list-disc ml-5\">\n<li class=\"pb-1\">Alguns cargos podem exigir experi\u00eancia pr\u00e9via na \u00e1rea, a ser comprovada no momento da contrata\u00e7\u00e3o.<\/li>\n<\/ul>\n<\/li>\n<li class=\"pb-1\"><strong>Resid\u00eancia<\/strong>:\n<ul class=\"!whitespace-normal list-disc ml-5\">\n<li class=\"pb-1\">Preferencialmente, residir no munic\u00edpio ou em localidades pr\u00f3ximas.<\/li>\n<\/ul>\n<\/li>\n<li class=\"pb-1\"><strong>Disponibilidade<\/strong>:\n<ul class=\"!whitespace-normal list-disc ml-5\">\n<li class=\"pb-1\">Ter disponibilidade para cumprir a carga hor\u00e1ria exigida para o cargo.<\/li>\n<\/ul>\n<\/li>\n<li class=\"pb-1\"><strong>Idoneidade Moral<\/strong>:\n<ul class=\"!whitespace-normal list-disc ml-5\">\n<li class=\"pb-1\">Apresentar conduta ilibada, comprovada atrav\u00e9s de certid\u00f5es negativas.<\/li>\n<\/ul>\n<\/li>\n<li class=\"pb-1\"><strong>Conhecimentos Espec\u00edficos<\/strong>:\n<ul class=\"!whitespace-normal list-disc ml-5\">\n<li class=\"pb-1\">Para cargos t\u00e9cnicos, como Eletricista, pode ser exigida comprova\u00e7\u00e3o de cursos espec\u00edficos na \u00e1rea.<\/li>\n<\/ul>\n<\/li>\n<\/ol>\n<h2>Processo de inscri\u00e7\u00e3o<\/h2>\n<p>O processo de inscri\u00e7\u00e3o para o concurso da prefeitura de Careiro da V\u00e1rzea, Amazonas, \u00e9 uma etapa importante para os candidatos interessados em participar da sele\u00e7\u00e3o. \u00c9 importante estar atento aos detalhes e prazos para garantir uma inscri\u00e7\u00e3o bem-sucedida. Veja abaixo as principais informa\u00e7\u00f5es:<\/p>\n<h3>Per\u00edodo de inscri\u00e7\u00f5es<\/h3>\n<ul class=\"!whitespace-normal list-disc ml-5\">\n<li class=\"pb-1\"><strong>Data de In\u00edcio<\/strong>: 13 de janeiro de 2025<\/li>\n<li class=\"pb-1\"><strong>Data de T\u00e9rmino<\/strong>: 28 de janeiro de 2025<\/li>\n<li class=\"pb-1\"><strong>Hor\u00e1rio<\/strong>: Das 8h \u00e0s 14h (hor\u00e1rio local)<\/li>\n<\/ul>\n<h3>Local de inscri\u00e7\u00e3o<\/h3>\n<p>As inscri\u00e7\u00f5es ser\u00e3o realizadas exclusivamente de forma presencial, no seguinte endere\u00e7o:<\/p>\n<ul class=\"!whitespace-normal list-disc ml-5\">\n<li class=\"pb-1\">Rua Marechal Rondon, s\/n &#8211; Centro<\/li>\n<li class=\"pb-1\">Setor: Biblioteca do Munic\u00edpio<\/li>\n<li class=\"pb-1\">Cidade: Careiro da V\u00e1rzea &#8211; AM<\/li>\n<\/ul>\n<h3>Documentos necess\u00e1rios<\/h3>\n<p>Para efetuar a inscri\u00e7\u00e3o, o candidato dever\u00e1 apresentar:<\/p>\n<ol class=\"!whitespace-normal list-decimal ml-5\">\n<li class=\"pb-1\">Documento de identidade original com foto<\/li>\n<li class=\"pb-1\">CPF<\/li>\n<li class=\"pb-1\">Comprovante de resid\u00eancia atualizado<\/li>\n<li class=\"pb-1\">Comprovante de escolaridade conforme exig\u00eancia do cargo<\/li>\n<li class=\"pb-1\">Curr\u00edculo atualizado<\/li>\n<li class=\"pb-1\">Documentos comprobat\u00f3rios de t\u00edtulos e experi\u00eancias (para a an\u00e1lise curricular)<\/li>\n<\/ol>\n<h3>Procedimentos de inscri\u00e7\u00e3o<\/h3>\n<ol class=\"!whitespace-normal list-decimal ml-5\">\n<li class=\"pb-1\">Comparecer ao local de inscri\u00e7\u00e3o dentro do per\u00edodo e hor\u00e1rio estabelecidos<\/li>\n<li class=\"pb-1\">Preencher o formul\u00e1rio de inscri\u00e7\u00e3o fornecido no local<\/li>\n<li class=\"pb-1\">Anexar todos os documentos necess\u00e1rios<\/li>\n<li class=\"pb-1\">Receber o comprovante de inscri\u00e7\u00e3o<\/li>\n<\/ol>\n<h3>Observa\u00e7\u00f5es importantes<\/h3>\n<ul class=\"!whitespace-normal list-disc ml-5\">\n<li class=\"pb-1\">N\u00e3o ser\u00e3o aceitas inscri\u00e7\u00f5es fora do prazo ou por outros meios que n\u00e3o o presencial<\/li>\n<li class=\"pb-1\">\u00c9 responsabilidade do candidato verificar se todos os documentos est\u00e3o corretos e leg\u00edveis<\/li>\n<li class=\"pb-1\">Inscri\u00e7\u00f5es com documenta\u00e7\u00e3o incompleta ou incorreta poder\u00e3o ser indeferidas<\/li>\n<li class=\"pb-1\">Recomenda-se chegar com anteced\u00eancia para evitar filas e poss\u00edveis contratempos<\/li>\n<\/ul>\n<h3>Confirma\u00e7\u00e3o da inscri\u00e7\u00e3o<\/h3>\n<p>Ap\u00f3s a entrega da documenta\u00e7\u00e3o, o candidato receber\u00e1 um comprovante de inscri\u00e7\u00e3o, que dever\u00e1 ser guardado para futuras consultas e comprova\u00e7\u00f5es.<\/p>\n<p>Seguindo atentamente estas orienta\u00e7\u00f5es, os candidatos estar\u00e3o aptos a realizar sua inscri\u00e7\u00e3o de forma correta, garantindo sua participa\u00e7\u00e3o no processo seletivo da Prefeitura de Careiro da V\u00e1rzea.<\/p>\n<h2>Etapas do processo seletivo<\/h2>\n<p>A sele\u00e7\u00e3o da da prefeitura de Careiro da V\u00e1rzea ser\u00e1 realizada atrav\u00e9s de etapas espec\u00edficas, conforme detalhado abaixo:<\/p>\n<h3>1. An\u00e1lise de curr\u00edculo<\/h3>\n<p>A primeira etapa do processo seletivo consiste na an\u00e1lise dos curr\u00edculos dos candidatos. Esta fase \u00e9 eliminat\u00f3ria e classificat\u00f3ria, onde ser\u00e3o avaliados:<\/p>\n<ul class=\"!whitespace-normal list-disc ml-5\">\n<li class=\"pb-1\">Forma\u00e7\u00e3o acad\u00eamica<\/li>\n<li class=\"pb-1\">Experi\u00eancia profissional relevante para o cargo<\/li>\n<li class=\"pb-1\">Cursos de aperfei\u00e7oamento e especializa\u00e7\u00f5es<\/li>\n<li class=\"pb-1\">Habilidades e compet\u00eancias espec\u00edficas<\/li>\n<\/ul>\n<p>Os curr\u00edculos ser\u00e3o pontuados de acordo com crit\u00e9rios pr\u00e9-estabelecidos no edital, considerando a relev\u00e2ncia das experi\u00eancias e qualifica\u00e7\u00f5es para cada cargo.<\/p>\n<figure id=\"attachment_85687\" aria-describedby=\"caption-attachment-85687\" style=\"width: 1024px\" class=\"wp-caption aligncenter\"><img decoding=\"async\" class=\"wp-image-85687 size-large\" title=\"concurso\" src=\"https:\/\/www.pensarcursos.com.br\/blog\/wp-content\/uploads\/2025\/01\/concurso13-9-1024x687.png\" alt=\"A sele\u00e7\u00e3o ser\u00e1 feita atrav\u00e9s de an\u00e1lise de curr\u00edculos e avalia\u00e7\u00e3o de t\u00edtulos.\" width=\"1024\" height=\"687\" srcset=\"https:\/\/www.pensarcursos.com.br\/blog\/wp-content\/uploads\/2025\/01\/concurso13-9-1024x687.png 1024w, https:\/\/www.pensarcursos.com.br\/blog\/wp-content\/uploads\/2025\/01\/concurso13-9-300x201.png 300w, https:\/\/www.pensarcursos.com.br\/blog\/wp-content\/uploads\/2025\/01\/concurso13-9-768x515.png 768w, https:\/\/www.pensarcursos.com.br\/blog\/wp-content\/uploads\/2025\/01\/concurso13-9.png 1366w\" sizes=\"(max-width: 1024px) 100vw, 1024px\" \/><figcaption id=\"caption-attachment-85687\" class=\"wp-caption-text\">A sele\u00e7\u00e3o ser\u00e1 feita atrav\u00e9s de an\u00e1lise de curr\u00edculos e avalia\u00e7\u00e3o de t\u00edtulos. Imagem: Freepik<\/figcaption><\/figure>\n<h3>2. Avalia\u00e7\u00e3o de t\u00edtulos<\/h3>\n<p>Nesta etapa, tamb\u00e9m de car\u00e1ter eliminat\u00f3rio e classificat\u00f3rio, ser\u00e3o analisados os t\u00edtulos apresentados pelos candidatos. Ser\u00e3o considerados:<\/p>\n<ul class=\"!whitespace-normal list-disc ml-5\">\n<li class=\"pb-1\">Diplomas de gradua\u00e7\u00e3o (para cargos de n\u00edvel superior)<\/li>\n<li class=\"pb-1\">Certificados de p\u00f3s-gradua\u00e7\u00e3o, mestrado e doutorado<\/li>\n<li class=\"pb-1\">Certifica\u00e7\u00f5es profissionais relevantes para a \u00e1rea<\/li>\n<li class=\"pb-1\">Participa\u00e7\u00e3o em congressos, semin\u00e1rios e workshops relacionados ao cargo<\/li>\n<\/ul>\n<p>A pontua\u00e7\u00e3o ser\u00e1 atribu\u00edda conforme a tabela de valora\u00e7\u00e3o de t\u00edtulos dispon\u00edvel no edital do concurso.<\/p>\n<h2>Remunera\u00e7\u00e3o e benef\u00edcios<\/h2>\n<p>Um dos aspectos mais relevantes para quem busca uma oportunidade no servi\u00e7o p\u00fablico \u00e9 a quest\u00e3o salarial e os benef\u00edcios oferecidos. A remunera\u00e7\u00e3o mensal para os cargos oferecidos varia de acordo com o n\u00edvel de escolaridade e as responsabilidades de cada fun\u00e7\u00e3o:<\/p>\n<ul class=\"!whitespace-normal list-disc ml-5\">\n<li class=\"pb-1\"><strong>Sal\u00e1rio M\u00ednimo<\/strong>: R$ 1.518,00<\/li>\n<li class=\"pb-1\"><strong>Sal\u00e1rio M\u00e1ximo<\/strong>: R$ 3.799,00<\/li>\n<\/ul>\n<h3>Jornada de trabalho<\/h3>\n<p>A carga hor\u00e1ria semanal varia de acordo com o cargo:<\/p>\n<ul class=\"!whitespace-normal list-disc ml-5\">\n<li class=\"pb-1\"><strong>Cargos de 30 horas semanais<\/strong>: Principalmente para fun\u00e7\u00f5es t\u00e9cnicas e especializadas.<\/li>\n<li class=\"pb-1\"><strong>Cargos de 40 horas semanais<\/strong>: Para a maioria das fun\u00e7\u00f5es administrativas e operacionais.<\/li>\n<\/ul>\n<h2>Prazo de validade do processo seletivo<\/h2>\n<p>O processo seletivo da Prefeitura de Careiro da V\u00e1rzea tem caracter\u00edsticas espec\u00edficas quanto \u00e0 sua dura\u00e7\u00e3o e possibilidade de prorroga\u00e7\u00e3o. \u00c9 fundamental que os candidatos estejam cientes dessas informa\u00e7\u00f5es para planejar adequadamente sua participa\u00e7\u00e3o e expectativas em rela\u00e7\u00e3o ao concurso.<\/p>\n<h3>Dura\u00e7\u00e3o inicial<\/h3>\n<p>O prazo de validade inicial do <a href=\"https:\/\/www.pensarcursos.com.br\/blog\/processo-seletivo-com-800-vagas-e-salarios-de-ate-r-4-37645-inscricoes-de-13-a-14-01\/\">processo seletivo<\/a> \u00e9 de:<\/p>\n<ul class=\"!whitespace-normal list-disc ml-5\">\n<li class=\"pb-1\"><strong>Dois anos<\/strong><\/li>\n<\/ul>\n<p>Este per\u00edodo come\u00e7a a contar a partir da data de homologa\u00e7\u00e3o do resultado final do concurso.<\/p>\n<h3>Possibilidade de prorroga\u00e7\u00e3o<\/h3>\n<p>Conforme previsto no <a href=\"https:\/\/www.pensarcursos.com.br\/blog\/wp-content\/uploads\/2025\/01\/AM-1.pdf\" target=\"_blank\" rel=\"noopener\">edital<\/a>, existe a possibilidade de prorroga\u00e7\u00e3o do prazo de validade do processo seletivo. Esta prorroga\u00e7\u00e3o:<\/p>\n<ul class=\"!whitespace-normal list-disc ml-5\">\n<li class=\"pb-1\">Pode ser realizada uma \u00fanica vez<\/li>\n<li class=\"pb-1\">Tem dura\u00e7\u00e3o m\u00e1xima igual ao prazo inicial (ou seja, mais dois anos)<\/li>\n<li class=\"pb-1\">Depende de decis\u00e3o da administra\u00e7\u00e3o municipal, conforme necessidade e interesse p\u00fablico<\/li>\n<\/ul>\n","protected":false},"excerpt":{"rendered":"<p>A prefeitura municipal acaba de anunciar uma excelente oportunidade para profissionais de diversas \u00e1reas. Um novo processo seletivo foi aberto, visando preencher 113 vagas na Secretaria Municipal de Educa\u00e7\u00e3o. Esta not\u00edcia traz esperan\u00e7a para muitos que buscam uma coloca\u00e7\u00e3o no servi\u00e7o p\u00fablico, especialmente no setor educacional. O edital retificado apresenta uma atualiza\u00e7\u00e3o no quadro de [&hellip;]<\/p>\n","protected":false},"author":17,"featured_media":85681,"comment_status":"open","ping_status":"closed","sticky":false,"template":"","format":"standard","meta":{"jnews-multi-image_gallery":[],"jnews_single_post":[],"jnews_primary_category":[],"jnews_social_meta":[],"jnews_override_counter":[],"footnotes":""},"categories":[29,17244],"tags":[24526,24528,24529,24527],"class_list":["post-85680","post","type-post","status-publish","format-standard","has-post-thumbnail","hentry","category-concursos","category-guarda-municipal","tag-concurso-da-prefeitura-de-careiro-da-varzea-am","tag-edital-concurso-da-prefeitura-de-careiro-da-varzea-am","tag-inscricoes-concurso-da-prefeitura-de-careiro-da-varzea-am","tag-vagas-concurso-da-prefeitura-de-careiro-da-varzea-am"],"yoast_head":"<!-- This site is optimized with the Yoast SEO Premium plugin v27.4 (Yoast SEO v27.4) - https:\/\/yoast.com\/product\/yoast-seo-premium-wordpress\/ -->\n<title>Processo Seletivo abre VAGAS para Agente Administrativo, GUARDA MUNICIPAL, Assistente Social e outros cargos - Inscri\u00e7\u00f5es come\u00e7am HOJE (13\/01) - Blog Pensar Cursos<\/title>\n<meta name=\"description\" content=\"A prefeitura municipal acaba de anunciar uma excelente oportunidade para profissionais de diversas \u00e1reas. Um novo processo seletivo foi aberto, visando\" \/>\n<meta name=\"robots\" content=\"index, follow, max-snippet:-1, max-image-preview:large, max-video-preview:-1\" \/>\n<link rel=\"canonical\" href=\"https:\/\/www.pensarcursos.com.br\/blog\/processo-seletivo-abre-vagas-para-agente-administrativo-guarda-municipal-assistente-social-e-outros-cargos-inscricoes-comecam-hoje-13-01\/\" \/>\n<meta property=\"og:locale\" content=\"pt_BR\" \/>\n<meta property=\"og:type\" content=\"article\" \/>\n<meta property=\"og:title\" content=\"Processo Seletivo abre VAGAS para Agente Administrativo, GUARDA MUNICIPAL, Assistente Social e outros cargos - Inscri\u00e7\u00f5es come\u00e7am HOJE (13\/01)\" \/>\n<meta property=\"og:description\" content=\"A prefeitura municipal acaba de anunciar uma excelente oportunidade para profissionais de diversas \u00e1reas. Um novo processo seletivo foi aberto, visando\" \/>\n<meta property=\"og:url\" content=\"https:\/\/www.pensarcursos.com.br\/blog\/processo-seletivo-abre-vagas-para-agente-administrativo-guarda-municipal-assistente-social-e-outros-cargos-inscricoes-comecam-hoje-13-01\/\" \/>\n<meta property=\"og:site_name\" content=\"Blog Pensar Cursos\" \/>\n<meta property=\"article:publisher\" content=\"https:\/\/www.facebook.com\/pensarcursos\/\" \/>\n<meta property=\"article:author\" content=\"https:\/\/www.facebook.com\/profile.php?id=61550018262414\" \/>\n<meta property=\"article:published_time\" content=\"2025-01-14T01:09:58+00:00\" \/>\n<meta property=\"og:image\" content=\"https:\/\/www.pensarcursos.com.br\/blog\/wp-content\/uploads\/2025\/01\/guarda-oficial-3.png\" \/>\n\t<meta property=\"og:image:width\" content=\"1300\" \/>\n\t<meta property=\"og:image:height\" content=\"862\" \/>\n\t<meta property=\"og:image:type\" content=\"image\/png\" \/>\n<meta name=\"author\" content=\"Gorete Costa\" \/>\n<meta name=\"twitter:card\" content=\"summary_large_image\" \/>\n<meta name=\"twitter:label1\" content=\"Escrito por\" \/>\n\t<meta name=\"twitter:data1\" content=\"Gorete Costa\" \/>\n\t<meta name=\"twitter:label2\" content=\"Est. tempo de leitura\" \/>\n\t<meta name=\"twitter:data2\" content=\"7 minutos\" \/>\n<!-- \/ Yoast SEO Premium plugin. -->","yoast_head_json":{"title":"Processo Seletivo abre VAGAS para Agente Administrativo, GUARDA MUNICIPAL, Assistente Social e outros cargos - Inscri\u00e7\u00f5es come\u00e7am HOJE (13\/01) - Blog Pensar Cursos","description":"A prefeitura municipal acaba de anunciar uma excelente oportunidade para profissionais de diversas \u00e1reas. Um novo processo seletivo foi aberto, visando","robots":{"index":"index","follow":"follow","max-snippet":"max-snippet:-1","max-image-preview":"max-image-preview:large","max-video-preview":"max-video-preview:-1"},"canonical":"https:\/\/www.pensarcursos.com.br\/blog\/processo-seletivo-abre-vagas-para-agente-administrativo-guarda-municipal-assistente-social-e-outros-cargos-inscricoes-comecam-hoje-13-01\/","og_locale":"pt_BR","og_type":"article","og_title":"Processo Seletivo abre VAGAS para Agente Administrativo, GUARDA MUNICIPAL, Assistente Social e outros cargos - Inscri\u00e7\u00f5es come\u00e7am HOJE (13\/01)","og_description":"A prefeitura municipal acaba de anunciar uma excelente oportunidade para profissionais de diversas \u00e1reas. Um novo processo seletivo foi aberto, visando","og_url":"https:\/\/www.pensarcursos.com.br\/blog\/processo-seletivo-abre-vagas-para-agente-administrativo-guarda-municipal-assistente-social-e-outros-cargos-inscricoes-comecam-hoje-13-01\/","og_site_name":"Blog Pensar Cursos","article_publisher":"https:\/\/www.facebook.com\/pensarcursos\/","article_author":"https:\/\/www.facebook.com\/profile.php?id=61550018262414","article_published_time":"2025-01-14T01:09:58+00:00","og_image":[{"width":1300,"height":862,"url":"https:\/\/www.pensarcursos.com.br\/blog\/wp-content\/uploads\/2025\/01\/guarda-oficial-3.png","type":"image\/png"}],"author":"Gorete Costa","twitter_card":"summary_large_image","twitter_misc":{"Escrito por":"Gorete Costa","Est. tempo de leitura":"7 minutos"},"schema":{"@context":"https:\/\/schema.org","@graph":[{"@type":["Article","BlogPosting"],"@id":"https:\/\/www.pensarcursos.com.br\/blog\/processo-seletivo-abre-vagas-para-agente-administrativo-guarda-municipal-assistente-social-e-outros-cargos-inscricoes-comecam-hoje-13-01\/#article","isPartOf":{"@id":"https:\/\/www.pensarcursos.com.br\/blog\/processo-seletivo-abre-vagas-para-agente-administrativo-guarda-municipal-assistente-social-e-outros-cargos-inscricoes-comecam-hoje-13-01\/"},"author":{"name":"Gorete Costa","@id":"https:\/\/www.pensarcursos.com.br\/blog\/#\/schema\/person\/e133b19d62595d6ab0c12f3e5436a7bb"},"headline":"Processo Seletivo abre VAGAS para Agente Administrativo, GUARDA MUNICIPAL, Assistente Social e outros cargos &#8211; Inscri\u00e7\u00f5es come\u00e7am HOJE (13\/01)","datePublished":"2025-01-14T01:09:58+00:00","mainEntityOfPage":{"@id":"https:\/\/www.pensarcursos.com.br\/blog\/processo-seletivo-abre-vagas-para-agente-administrativo-guarda-municipal-assistente-social-e-outros-cargos-inscricoes-comecam-hoje-13-01\/"},"wordCount":1441,"commentCount":0,"publisher":{"@id":"https:\/\/www.pensarcursos.com.br\/blog\/#organization"},"image":{"@id":"https:\/\/www.pensarcursos.com.br\/blog\/processo-seletivo-abre-vagas-para-agente-administrativo-guarda-municipal-assistente-social-e-outros-cargos-inscricoes-comecam-hoje-13-01\/#primaryimage"},"thumbnailUrl":"https:\/\/www.pensarcursos.com.br\/blog\/wp-content\/uploads\/2025\/01\/guarda-oficial-3.png","keywords":["concurso da prefeitura de Careiro da V\u00e1rzea - AM","edital concurso da prefeitura de Careiro da V\u00e1rzea - AM","inscri\u00e7\u00f5es concurso da prefeitura de Careiro da V\u00e1rzea - AM","vagas concurso da prefeitura de Careiro da V\u00e1rzea - AM"],"articleSection":["Concursos P\u00fablicos","Guarda Municipal"],"inLanguage":"pt-BR","potentialAction":[{"@type":"CommentAction","name":"Comment","target":["https:\/\/www.pensarcursos.com.br\/blog\/processo-seletivo-abre-vagas-para-agente-administrativo-guarda-municipal-assistente-social-e-outros-cargos-inscricoes-comecam-hoje-13-01\/#respond"]}],"copyrightYear":"2025","copyrightHolder":{"@id":"https:\/\/www.pensarcursos.com.br\/blog\/#organization"}},{"@type":"WebPage","@id":"https:\/\/www.pensarcursos.com.br\/blog\/processo-seletivo-abre-vagas-para-agente-administrativo-guarda-municipal-assistente-social-e-outros-cargos-inscricoes-comecam-hoje-13-01\/","url":"https:\/\/www.pensarcursos.com.br\/blog\/processo-seletivo-abre-vagas-para-agente-administrativo-guarda-municipal-assistente-social-e-outros-cargos-inscricoes-comecam-hoje-13-01\/","name":"Processo Seletivo abre VAGAS para Agente Administrativo, GUARDA MUNICIPAL, Assistente Social e outros cargos - Inscri\u00e7\u00f5es come\u00e7am HOJE (13\/01) - Blog Pensar Cursos","isPartOf":{"@id":"https:\/\/www.pensarcursos.com.br\/blog\/#website"},"primaryImageOfPage":{"@id":"https:\/\/www.pensarcursos.com.br\/blog\/processo-seletivo-abre-vagas-para-agente-administrativo-guarda-municipal-assistente-social-e-outros-cargos-inscricoes-comecam-hoje-13-01\/#primaryimage"},"image":{"@id":"https:\/\/www.pensarcursos.com.br\/blog\/processo-seletivo-abre-vagas-para-agente-administrativo-guarda-municipal-assistente-social-e-outros-cargos-inscricoes-comecam-hoje-13-01\/#primaryimage"},"thumbnailUrl":"https:\/\/www.pensarcursos.com.br\/blog\/wp-content\/uploads\/2025\/01\/guarda-oficial-3.png","datePublished":"2025-01-14T01:09:58+00:00","description":"A prefeitura municipal acaba de anunciar uma excelente oportunidade para profissionais de diversas \u00e1reas. Um novo processo seletivo foi aberto, visando","breadcrumb":{"@id":"https:\/\/www.pensarcursos.com.br\/blog\/processo-seletivo-abre-vagas-para-agente-administrativo-guarda-municipal-assistente-social-e-outros-cargos-inscricoes-comecam-hoje-13-01\/#breadcrumb"},"inLanguage":"pt-BR","potentialAction":[{"@type":"ReadAction","target":["https:\/\/www.pensarcursos.com.br\/blog\/processo-seletivo-abre-vagas-para-agente-administrativo-guarda-municipal-assistente-social-e-outros-cargos-inscricoes-comecam-hoje-13-01\/"]}]},{"@type":"ImageObject","inLanguage":"pt-BR","@id":"https:\/\/www.pensarcursos.com.br\/blog\/processo-seletivo-abre-vagas-para-agente-administrativo-guarda-municipal-assistente-social-e-outros-cargos-inscricoes-comecam-hoje-13-01\/#primaryimage","url":"https:\/\/www.pensarcursos.com.br\/blog\/wp-content\/uploads\/2025\/01\/guarda-oficial-3.png","contentUrl":"https:\/\/www.pensarcursos.com.br\/blog\/wp-content\/uploads\/2025\/01\/guarda-oficial-3.png","width":1300,"height":862,"caption":"Concurso da Prefeitura. Imagem: Governo Federal"},{"@type":"BreadcrumbList","@id":"https:\/\/www.pensarcursos.com.br\/blog\/processo-seletivo-abre-vagas-para-agente-administrativo-guarda-municipal-assistente-social-e-outros-cargos-inscricoes-comecam-hoje-13-01\/#breadcrumb","itemListElement":[{"@type":"ListItem","position":1,"name":"Home","item":"https:\/\/www.pensarcursos.com.br\/blog\/"},{"@type":"ListItem","position":2,"name":"Processo Seletivo abre VAGAS para Agente Administrativo, GUARDA MUNICIPAL, Assistente Social e outros cargos &#8211; Inscri\u00e7\u00f5es come\u00e7am HOJE (13\/01)"}]},{"@type":"WebSite","@id":"https:\/\/www.pensarcursos.com.br\/blog\/#website","url":"https:\/\/www.pensarcursos.com.br\/blog\/","name":"Blog Pensar Cursos","description":"Maior Site de Cursos do Brasil","publisher":{"@id":"https:\/\/www.pensarcursos.com.br\/blog\/#organization"},"alternateName":"Blog Pensar","potentialAction":[{"@type":"SearchAction","target":{"@type":"EntryPoint","urlTemplate":"https:\/\/www.pensarcursos.com.br\/blog\/?s={search_term_string}"},"query-input":{"@type":"PropertyValueSpecification","valueRequired":true,"valueName":"search_term_string"}}],"inLanguage":"pt-BR"},{"@type":"Organization","@id":"https:\/\/www.pensarcursos.com.br\/blog\/#organization","name":"Pensar Cursos","alternateName":"Blog pensar","url":"https:\/\/www.pensarcursos.com.br\/blog\/","logo":{"@type":"ImageObject","inLanguage":"pt-BR","@id":"https:\/\/www.pensarcursos.com.br\/blog\/#\/schema\/logo\/image\/","url":"https:\/\/www.pensarcursos.com.br\/blog\/wp-content\/uploads\/2023\/11\/Nova-Logo-Pensar-Cursos-vertical.png","contentUrl":"https:\/\/www.pensarcursos.com.br\/blog\/wp-content\/uploads\/2023\/11\/Nova-Logo-Pensar-Cursos-vertical.png","width":1393,"height":1001,"caption":"Pensar Cursos"},"image":{"@id":"https:\/\/www.pensarcursos.com.br\/blog\/#\/schema\/logo\/image\/"},"sameAs":["https:\/\/www.facebook.com\/pensarcursos\/","https:\/\/instagram.com.br\/pensarcursos"],"description":"Pensar Cursos \u00e9 uma empresa especializada em oferecer cursos de alta qualidade voltados para o desenvolvimento profissional e acad\u00eamico. Com uma ampla gama de op\u00e7\u00f5es de treinamento, oferecemos conte\u00fados atualizados, ministrados por especialistas da \u00e1rea, para capacitar indiv\u00edduos e equipes a atingirem seus objetivos. Nossa miss\u00e3o \u00e9 proporcionar uma educa\u00e7\u00e3o transformadora, acess\u00edvel e personalizada para cada aluno, seja em cursos presenciais ou online. Com uma abordagem inovadora, buscamos adaptar os nossos programas de ensino \u00e0s necessidades do mercado, criando solu\u00e7\u00f5es que atendem aos desafios e exig\u00eancias do mundo corporativo e acad\u00eamico. Nossos cursos incluem desde forma\u00e7\u00f5es t\u00e9cnicas at\u00e9 habilidades essenciais, como lideran\u00e7a, gest\u00e3o e desenvolvimento pessoal.","email":"contato@pensarcursos.com.br","legalName":"Sena Servi\u00e7os de Informa\u00e7\u00e3o Online LTDA","foundingDate":"2013-04-18","vatID":"17956217000172","numberOfEmployees":{"@type":"QuantitativeValue","minValue":"11","maxValue":"50"},"publishingPrinciples":"https:\/\/www.pensarcursos.com.br\/blog\/principios-de-publicacao\/","ownershipFundingInfo":"https:\/\/www.pensarcursos.com.br\/blog\/informacoes-de-propriedade-financiamento\/","actionableFeedbackPolicy":"https:\/\/www.pensarcursos.com.br\/blog\/politica-de-feedback-acionavel\/","correctionsPolicy":"https:\/\/www.pensarcursos.com.br\/blog\/politica-de-correcoes\/","ethicsPolicy":"https:\/\/www.pensarcursos.com.br\/blog\/politica-de-etica\/"},{"@type":"Person","@id":"https:\/\/www.pensarcursos.com.br\/blog\/#\/schema\/person\/e133b19d62595d6ab0c12f3e5436a7bb","name":"Gorete Costa","image":{"@type":"ImageObject","inLanguage":"pt-BR","@id":"https:\/\/secure.gravatar.com\/avatar\/8cb99f142e1cb1312d8c202378c20dc4f7210145acc22805481f4a3f47ce9b6f?s=96&d=mm&r=g","url":"https:\/\/secure.gravatar.com\/avatar\/8cb99f142e1cb1312d8c202378c20dc4f7210145acc22805481f4a3f47ce9b6f?s=96&d=mm&r=g","contentUrl":"https:\/\/secure.gravatar.com\/avatar\/8cb99f142e1cb1312d8c202378c20dc4f7210145acc22805481f4a3f47ce9b6f?s=96&d=mm&r=g","caption":"Gorete Costa"},"description":"Graduada em Servi\u00e7o Social pela Universidade do Norte do Paran\u00e1 (Unopar), Gorete Costa \u00e9 especialista em comunica\u00e7\u00e3o, atuando como radialista em programas jornal\u00edsticos e de entretenimento, al\u00e9m de produ\u00e7\u00e3o e revis\u00e3o de textos informativos para sites e blogs.","sameAs":["https:\/\/www.facebook.com\/profile.php?id=61550018262414"],"url":"https:\/\/www.pensarcursos.com.br\/blog\/author\/gorete\/"}]}},"_links":{"self":[{"href":"https:\/\/www.pensarcursos.com.br\/blog\/wp-json\/wp\/v2\/posts\/85680","targetHints":{"allow":["GET"]}}],"collection":[{"href":"https:\/\/www.pensarcursos.com.br\/blog\/wp-json\/wp\/v2\/posts"}],"about":[{"href":"https:\/\/www.pensarcursos.com.br\/blog\/wp-json\/wp\/v2\/types\/post"}],"author":[{"embeddable":true,"href":"https:\/\/www.pensarcursos.com.br\/blog\/wp-json\/wp\/v2\/users\/17"}],"replies":[{"embeddable":true,"href":"https:\/\/www.pensarcursos.com.br\/blog\/wp-json\/wp\/v2\/comments?post=85680"}],"version-history":[{"count":0,"href":"https:\/\/www.pensarcursos.com.br\/blog\/wp-json\/wp\/v2\/posts\/85680\/revisions"}],"wp:featuredmedia":[{"embeddable":true,"href":"https:\/\/www.pensarcursos.com.br\/blog\/wp-json\/wp\/v2\/media\/85681"}],"wp:attachment":[{"href":"https:\/\/www.pensarcursos.com.br\/blog\/wp-json\/wp\/v2\/media?parent=85680"}],"wp:term":[{"taxonomy":"category","embeddable":true,"href":"https:\/\/www.pensarcursos.com.br\/blog\/wp-json\/wp\/v2\/categories?post=85680"},{"taxonomy":"post_tag","embeddable":true,"href":"https:\/\/www.pensarcursos.com.br\/blog\/wp-json\/wp\/v2\/tags?post=85680"}],"curies":[{"name":"wp","href":"https:\/\/api.w.org\/{rel}","templated":true}]}}