{"id":85669,"date":"2025-01-13T19:09:26","date_gmt":"2025-01-13T22:09:26","guid":{"rendered":"https:\/\/www.pensarcursos.com.br\/blog\/?p=85669"},"modified":"2025-01-13T08:19:25","modified_gmt":"2025-01-13T11:19:25","slug":"comunicado-oficial-dos-correios-tudo-que-voce-precisa-saber-agora","status":"publish","type":"post","link":"https:\/\/www.pensarcursos.com.br\/blog\/comunicado-oficial-dos-correios-tudo-que-voce-precisa-saber-agora\/","title":{"rendered":"Comunicado oficial dos Correios: tudo que voc\u00ea precisa saber agora!"},"content":{"rendered":"<p>Os Correios, empresa estatal brasileira de servi\u00e7os postais, anunciaram uma s\u00e9rie de mudan\u00e7as significativas em sua estrutura operacional. Essas altera\u00e7\u00f5es t\u00eam gerado discuss\u00f5es e preocupa\u00e7\u00f5es entre funcion\u00e1rios, clientes e observadores do setor. Esta mat\u00e9ria apresenta uma an\u00e1lise do comunicado oficial dos Correios, explorando suas implica\u00e7\u00f5es e o contexto mais amplo em que essas decis\u00f5es est\u00e3o sendo tomadas.<\/p>\n<p>A estatal, que h\u00e1 muito tempo desempenha um papel importante na infraestrutura de comunica\u00e7\u00f5es do Brasil, enfrenta desafios financeiros e operacionais que motivaram essas mudan\u00e7as. Entre as medidas anunciadas, destaca-se o fechamento de diversas unidades, uma decis\u00e3o que tem provocado rea\u00e7\u00f5es diversas de diferentes setores da sociedade. Veja os detalhes desta medida a seguir!<\/p>\n<h2>Detalhes do comunicado oficial<\/h2>\n<p>O comunicado oficial dos <a href=\"https:\/\/www.pensarcursos.com.br\/blog\/resultado-do-concurso-correios-deve-ser-divulgado\/\">Correios<\/a>, divulgado recentemente, traz informa\u00e7\u00f5es cruciais sobre as mudan\u00e7as estruturais que a empresa est\u00e1 implementando. O ponto central desse an\u00fancio \u00e9 o fechamento de 38 unidades das ag\u00eancias conhecidas como Correios Empresa (CEM). Essa decis\u00e3o, tomada ap\u00f3s um estudo interno realizado em outubro, visa otimizar os recursos da empresa e melhorar sua viabilidade econ\u00f4mica.<\/p>\n<p>Al\u00e9m do fechamento dessas unidades, o comunicado tamb\u00e9m menciona a redu\u00e7\u00e3o do tamanho de outras 19 ag\u00eancias das 49 que permanecer\u00e3o ativas. Essas ag\u00eancias CEM s\u00e3o respons\u00e1veis pelo atendimento a empresas e oferecem servi\u00e7os personalizados, que agora deixar\u00e3o de existir em sua forma atual.<\/p>\n<p>\u00c9 importante notar que essas mudan\u00e7as n\u00e3o afetam todas as ag\u00eancias dos Correios, mas sim um segmento espec\u00edfico voltado para o atendimento empresarial. O comunicado enfatiza que a decis\u00e3o foi baseada em uma an\u00e1lise cuidadosa da viabilidade econ\u00f4mica dessas unidades.<\/p>\n<p>Veja o <a href=\"https:\/\/www.pensarcursos.com.br\/blog\/wp-content\/uploads\/2025\/01\/RELATORIO-TECNICO-FECHAMENTO-DE-AGENCIAS.pdf\" target=\"_blank\" rel=\"noopener\">an\u00fancio<\/a> do fechamento.<\/p>\n<p>A empresa estima que o fechamento dessas ag\u00eancias resultar\u00e1 em uma economia de aproximadamente R$ 8 milh\u00f5es. Esse valor \u00e9 significativo, considerando os desafios financeiros que os Correios v\u00eam enfrentando nos \u00faltimos anos.<\/p>\n<p>O comunicado tamb\u00e9m aborda a quest\u00e3o do atendimento aos clientes afetados por essas mudan\u00e7as. Embora n\u00e3o forne\u00e7a detalhes espec\u00edficos, a empresa assegura que est\u00e1 trabalhando em solu\u00e7\u00f5es para garantir a continuidade dos servi\u00e7os aos seus clientes corporativos.<\/p>\n<h2>Raz\u00f5es por tr\u00e1s do fechamento de ag\u00eancias<\/h2>\n<p>A decis\u00e3o de fechar 38 unidades das ag\u00eancias <a href=\"https:\/\/www.pensarcursos.com.br\/blog\/vfquando-sai-o-resultado-do-concurso-correios\/\">Correios<\/a> Empresa n\u00e3o foi tomada de forma repentina. Existem v\u00e1rias raz\u00f5es subjacentes a essa medida, todas visando a sustentabilidade financeira e operacional da empresa estatal.<\/p>\n<p>Em primeiro lugar, o estudo interno realizado em outubro apontou para a baixa viabilidade econ\u00f4mica dessas unidades espec\u00edficas. Isso significa que os custos de manuten\u00e7\u00e3o e opera\u00e7\u00e3o dessas ag\u00eancias superavam as receitas geradas, criando um cen\u00e1rio insustent\u00e1vel a longo prazo.<\/p>\n<p>Al\u00e9m disso, a empresa enfrenta desafios financeiros mais amplos. Os Correios, como muitas outras empresas do setor postal em todo o mundo, t\u00eam lutado para se adaptar \u00e0s mudan\u00e7as no mercado de comunica\u00e7\u00f5es e entregas. A digitaliza\u00e7\u00e3o de muitos servi\u00e7os tradicionalmente oferecidos pelos correios tem impactado significativamente as receitas da empresa.<\/p>\n<p>Outro fator importante \u00e9 a necessidade de moderniza\u00e7\u00e3o e otimiza\u00e7\u00e3o dos processos. O fechamento dessas unidades pode ser visto como parte de um esfor\u00e7o maior para racionalizar as opera\u00e7\u00f5es e concentrar recursos em \u00e1reas mais rent\u00e1veis e estrat\u00e9gicas.<\/p>\n<p>A atual gest\u00e3o dos Correios tamb\u00e9m citou decis\u00f5es tomadas pela administra\u00e7\u00e3o anterior como parte do contexto para essas mudan\u00e7as. Segundo o comunicado, as ag\u00eancias Correios Empresas foram criadas pela gest\u00e3o anterior, e a avalia\u00e7\u00e3o atual \u00e9 de que n\u00e3o estavam apresentando os resultados esperados.<\/p>\n<p>\u00c9 importante notar que essa decis\u00e3o se insere em um contexto mais amplo de reestrutura\u00e7\u00e3o e busca por efici\u00eancia nas empresas estatais brasileiras. O governo federal tem pressionado por maior efici\u00eancia e redu\u00e7\u00e3o de custos em v\u00e1rias empresas p\u00fablicas.<\/p>\n<figure id=\"attachment_85676\" aria-describedby=\"caption-attachment-85676\" style=\"width: 782px\" class=\"wp-caption aligncenter\"><img decoding=\"async\" class=\"wp-image-85676 \" title=\"Fechamento de ag\u00eancias dos Correios.\" src=\"https:\/\/www.pensarcursos.com.br\/blog\/wp-content\/uploads\/2025\/01\/correioss-1024x613.png\" alt=\"Fechamento de ag\u00eancias dos Correios.\" width=\"782\" height=\"468\" srcset=\"https:\/\/www.pensarcursos.com.br\/blog\/wp-content\/uploads\/2025\/01\/correioss-1024x613.png 1024w, https:\/\/www.pensarcursos.com.br\/blog\/wp-content\/uploads\/2025\/01\/correioss-300x180.png 300w, https:\/\/www.pensarcursos.com.br\/blog\/wp-content\/uploads\/2025\/01\/correioss-768x460.png 768w, https:\/\/www.pensarcursos.com.br\/blog\/wp-content\/uploads\/2025\/01\/correioss.png 1228w\" sizes=\"(max-width: 782px) 100vw, 782px\" \/><figcaption id=\"caption-attachment-85676\" class=\"wp-caption-text\">Fechamento de ag\u00eancias dos Correios. Imagem: Ag\u00eancia Brasil<\/figcaption><\/figure>\n<h2>Impacto nas opera\u00e7\u00f5es dos Correios<\/h2>\n<p>O<strong> fechamento de 38 unidades das ag\u00eancias Correios<\/strong>\u00a0ter\u00e1 um impacto significativo nas opera\u00e7\u00f5es da estatal. Essas mudan\u00e7as afetar\u00e3o n\u00e3o apenas a estrutura f\u00edsica da empresa, mas tamb\u00e9m sua capacidade de atendimento e a natureza dos servi\u00e7os oferecidos.<\/p>\n<p>Em primeiro lugar, a redu\u00e7\u00e3o no n\u00famero de ag\u00eancias especializadas no atendimento a empresas pode levar a uma reestrutura\u00e7\u00e3o dos servi\u00e7os corporativos oferecidos pelos <a href=\"https:\/\/www.pensarcursos.com.br\/blog\/perdi-nos-correios-e-agora-confira-outras-opcoes-de-concursos\/\">Correios<\/a>. \u00c9 prov\u00e1vel que a empresa busque alternativas para continuar atendendo seus clientes empresariais, possivelmente atrav\u00e9s de canais digitais ou integrando esses servi\u00e7os \u00e0s ag\u00eancias regulares.<\/p>\n<p>Al\u00e9m disso, essa mudan\u00e7a pode resultar em uma redistribui\u00e7\u00e3o da carga de trabalho entre as ag\u00eancias remanescentes. As 49 unidades que permanecer\u00e3o ativas, incluindo as 19 que ter\u00e3o seu tamanho reduzido, provavelmente absorver\u00e3o parte da demanda das ag\u00eancias fechadas.<\/p>\n<p>Do ponto de vista operacional, o fechamento dessas unidades pode levar a uma otimiza\u00e7\u00e3o dos processos log\u00edsticos. Com menos pontos de atendimento especializados, os Correios podem reorganizar suas rotas de entrega e coleta, potencialmente aumentando a efici\u00eancia.<\/p>\n<h2>Ag\u00eancias CEM<\/h2>\n<p>Entretanto, \u00e9 importante considerar o poss\u00edvel impacto na qualidade do atendimento. As ag\u00eancias CEM ofereciam servi\u00e7os personalizados que agora podem n\u00e3o estar mais dispon\u00edveis na mesma forma. Isso pode exigir que os Correios desenvolvam novas estrat\u00e9gias para manter a satisfa\u00e7\u00e3o de seus clientes corporativos.<\/p>\n<p>Do ponto de vista financeiro, embora o fechamento dessas unidades vise uma economia de R$ 8 milh\u00f5es, \u00e9 fundamental monitorar se essa economia se traduzir\u00e1 em uma melhoria efetiva na sa\u00fade financeira da empresa a longo prazo.<\/p>\n","protected":false},"excerpt":{"rendered":"<p>Os Correios, empresa estatal brasileira de servi\u00e7os postais, anunciaram uma s\u00e9rie de mudan\u00e7as significativas em sua estrutura operacional. Essas altera\u00e7\u00f5es t\u00eam gerado discuss\u00f5es e preocupa\u00e7\u00f5es entre funcion\u00e1rios, clientes e observadores do setor. Esta mat\u00e9ria apresenta uma an\u00e1lise do comunicado oficial dos Correios, explorando suas implica\u00e7\u00f5es e o contexto mais amplo em que essas decis\u00f5es est\u00e3o [&hellip;]<\/p>\n","protected":false},"author":17,"featured_media":85675,"comment_status":"open","ping_status":"closed","sticky":false,"template":"","format":"standard","meta":{"jnews-multi-image_gallery":[],"jnews_single_post":[],"jnews_primary_category":[],"jnews_social_meta":[],"jnews_override_counter":[],"footnotes":""},"categories":[1628],"tags":[24522,3393,24521],"class_list":["post-85669","post","type-post","status-publish","format-standard","has-post-thumbnail","hentry","category-atualidades","tag-agencias-dos-fechamento-de-agencias-dos-correios","tag-correios","tag-fechamento-de-agencias-dos-correios"],"yoast_head":"<!-- This site is optimized with the Yoast SEO Premium plugin v27.4 (Yoast SEO v27.4) - https:\/\/yoast.com\/product\/yoast-seo-premium-wordpress\/ -->\n<title>Comunicado oficial dos Correios: tudo que voc\u00ea precisa saber agora! - Blog Pensar Cursos<\/title>\n<meta name=\"description\" content=\"Os Correios, empresa estatal brasileira de servi\u00e7os postais, anunciaram uma s\u00e9rie de mudan\u00e7as significativas em sua estrutura operacional. Essas\" \/>\n<meta name=\"robots\" content=\"index, follow, max-snippet:-1, max-image-preview:large, max-video-preview:-1\" \/>\n<link rel=\"canonical\" href=\"https:\/\/www.pensarcursos.com.br\/blog\/comunicado-oficial-dos-correios-tudo-que-voce-precisa-saber-agora\/\" \/>\n<meta property=\"og:locale\" content=\"pt_BR\" \/>\n<meta property=\"og:type\" content=\"article\" \/>\n<meta property=\"og:title\" content=\"Comunicado oficial dos Correios: tudo que voc\u00ea precisa saber agora!\" \/>\n<meta property=\"og:description\" content=\"Os Correios, empresa estatal brasileira de servi\u00e7os postais, anunciaram uma s\u00e9rie de mudan\u00e7as significativas em sua estrutura operacional. Essas\" \/>\n<meta property=\"og:url\" content=\"https:\/\/www.pensarcursos.com.br\/blog\/comunicado-oficial-dos-correios-tudo-que-voce-precisa-saber-agora\/\" \/>\n<meta property=\"og:site_name\" content=\"Blog Pensar Cursos\" \/>\n<meta property=\"article:publisher\" content=\"https:\/\/www.facebook.com\/pensarcursos\/\" \/>\n<meta property=\"article:author\" content=\"https:\/\/www.facebook.com\/profile.php?id=61550018262414\" \/>\n<meta property=\"article:published_time\" content=\"2025-01-13T22:09:26+00:00\" \/>\n<meta property=\"og:image\" content=\"https:\/\/www.pensarcursos.com.br\/blog\/wp-content\/uploads\/2025\/01\/Correios-Agencia-Brasil.jpeg\" \/>\n\t<meta property=\"og:image:width\" content=\"1500\" \/>\n\t<meta property=\"og:image:height\" content=\"1000\" \/>\n\t<meta property=\"og:image:type\" content=\"image\/jpeg\" \/>\n<meta name=\"author\" content=\"Gorete Costa\" \/>\n<meta name=\"twitter:card\" content=\"summary_large_image\" \/>\n<meta name=\"twitter:label1\" content=\"Escrito por\" \/>\n\t<meta name=\"twitter:data1\" content=\"Gorete Costa\" \/>\n\t<meta name=\"twitter:label2\" content=\"Est. tempo de leitura\" \/>\n\t<meta name=\"twitter:data2\" content=\"5 minutos\" \/>\n<!-- \/ Yoast SEO Premium plugin. -->","yoast_head_json":{"title":"Comunicado oficial dos Correios: tudo que voc\u00ea precisa saber agora! - Blog Pensar Cursos","description":"Os Correios, empresa estatal brasileira de servi\u00e7os postais, anunciaram uma s\u00e9rie de mudan\u00e7as significativas em sua estrutura operacional. Essas","robots":{"index":"index","follow":"follow","max-snippet":"max-snippet:-1","max-image-preview":"max-image-preview:large","max-video-preview":"max-video-preview:-1"},"canonical":"https:\/\/www.pensarcursos.com.br\/blog\/comunicado-oficial-dos-correios-tudo-que-voce-precisa-saber-agora\/","og_locale":"pt_BR","og_type":"article","og_title":"Comunicado oficial dos Correios: tudo que voc\u00ea precisa saber agora!","og_description":"Os Correios, empresa estatal brasileira de servi\u00e7os postais, anunciaram uma s\u00e9rie de mudan\u00e7as significativas em sua estrutura operacional. Essas","og_url":"https:\/\/www.pensarcursos.com.br\/blog\/comunicado-oficial-dos-correios-tudo-que-voce-precisa-saber-agora\/","og_site_name":"Blog Pensar Cursos","article_publisher":"https:\/\/www.facebook.com\/pensarcursos\/","article_author":"https:\/\/www.facebook.com\/profile.php?id=61550018262414","article_published_time":"2025-01-13T22:09:26+00:00","og_image":[{"width":1500,"height":1000,"url":"https:\/\/www.pensarcursos.com.br\/blog\/wp-content\/uploads\/2025\/01\/Correios-Agencia-Brasil.jpeg","type":"image\/jpeg"}],"author":"Gorete Costa","twitter_card":"summary_large_image","twitter_misc":{"Escrito por":"Gorete Costa","Est. tempo de leitura":"5 minutos"},"schema":{"@context":"https:\/\/schema.org","@graph":[{"@type":["Article","BlogPosting"],"@id":"https:\/\/www.pensarcursos.com.br\/blog\/comunicado-oficial-dos-correios-tudo-que-voce-precisa-saber-agora\/#article","isPartOf":{"@id":"https:\/\/www.pensarcursos.com.br\/blog\/comunicado-oficial-dos-correios-tudo-que-voce-precisa-saber-agora\/"},"author":{"name":"Gorete Costa","@id":"https:\/\/www.pensarcursos.com.br\/blog\/#\/schema\/person\/e133b19d62595d6ab0c12f3e5436a7bb"},"headline":"Comunicado oficial dos Correios: tudo que voc\u00ea precisa saber agora!","datePublished":"2025-01-13T22:09:26+00:00","mainEntityOfPage":{"@id":"https:\/\/www.pensarcursos.com.br\/blog\/comunicado-oficial-dos-correios-tudo-que-voce-precisa-saber-agora\/"},"wordCount":980,"commentCount":1,"publisher":{"@id":"https:\/\/www.pensarcursos.com.br\/blog\/#organization"},"image":{"@id":"https:\/\/www.pensarcursos.com.br\/blog\/comunicado-oficial-dos-correios-tudo-que-voce-precisa-saber-agora\/#primaryimage"},"thumbnailUrl":"https:\/\/www.pensarcursos.com.br\/blog\/wp-content\/uploads\/2025\/01\/Correios-Agencia-Brasil.jpeg","keywords":["ag\u00eancias dos fechamento de ag\u00eancias dos Correios","Correios","fechamento de ag\u00eancias dos Correios"],"articleSection":["Atualidades"],"inLanguage":"pt-BR","potentialAction":[{"@type":"CommentAction","name":"Comment","target":["https:\/\/www.pensarcursos.com.br\/blog\/comunicado-oficial-dos-correios-tudo-que-voce-precisa-saber-agora\/#respond"]}],"copyrightYear":"2025","copyrightHolder":{"@id":"https:\/\/www.pensarcursos.com.br\/blog\/#organization"}},{"@type":"WebPage","@id":"https:\/\/www.pensarcursos.com.br\/blog\/comunicado-oficial-dos-correios-tudo-que-voce-precisa-saber-agora\/","url":"https:\/\/www.pensarcursos.com.br\/blog\/comunicado-oficial-dos-correios-tudo-que-voce-precisa-saber-agora\/","name":"Comunicado oficial dos Correios: tudo que voc\u00ea precisa saber agora! - Blog Pensar Cursos","isPartOf":{"@id":"https:\/\/www.pensarcursos.com.br\/blog\/#website"},"primaryImageOfPage":{"@id":"https:\/\/www.pensarcursos.com.br\/blog\/comunicado-oficial-dos-correios-tudo-que-voce-precisa-saber-agora\/#primaryimage"},"image":{"@id":"https:\/\/www.pensarcursos.com.br\/blog\/comunicado-oficial-dos-correios-tudo-que-voce-precisa-saber-agora\/#primaryimage"},"thumbnailUrl":"https:\/\/www.pensarcursos.com.br\/blog\/wp-content\/uploads\/2025\/01\/Correios-Agencia-Brasil.jpeg","datePublished":"2025-01-13T22:09:26+00:00","description":"Os Correios, empresa estatal brasileira de servi\u00e7os postais, anunciaram uma s\u00e9rie de mudan\u00e7as significativas em sua estrutura operacional. Essas","breadcrumb":{"@id":"https:\/\/www.pensarcursos.com.br\/blog\/comunicado-oficial-dos-correios-tudo-que-voce-precisa-saber-agora\/#breadcrumb"},"inLanguage":"pt-BR","potentialAction":[{"@type":"ReadAction","target":["https:\/\/www.pensarcursos.com.br\/blog\/comunicado-oficial-dos-correios-tudo-que-voce-precisa-saber-agora\/"]}]},{"@type":"ImageObject","inLanguage":"pt-BR","@id":"https:\/\/www.pensarcursos.com.br\/blog\/comunicado-oficial-dos-correios-tudo-que-voce-precisa-saber-agora\/#primaryimage","url":"https:\/\/www.pensarcursos.com.br\/blog\/wp-content\/uploads\/2025\/01\/Correios-Agencia-Brasil.jpeg","contentUrl":"https:\/\/www.pensarcursos.com.br\/blog\/wp-content\/uploads\/2025\/01\/Correios-Agencia-Brasil.jpeg","width":1500,"height":1000,"caption":"Comunicado dos Correios. Imagem: Ag\u00eancia Brasil"},{"@type":"BreadcrumbList","@id":"https:\/\/www.pensarcursos.com.br\/blog\/comunicado-oficial-dos-correios-tudo-que-voce-precisa-saber-agora\/#breadcrumb","itemListElement":[{"@type":"ListItem","position":1,"name":"Home","item":"https:\/\/www.pensarcursos.com.br\/blog\/"},{"@type":"ListItem","position":2,"name":"Comunicado oficial dos Correios: tudo que voc\u00ea precisa saber agora!"}]},{"@type":"WebSite","@id":"https:\/\/www.pensarcursos.com.br\/blog\/#website","url":"https:\/\/www.pensarcursos.com.br\/blog\/","name":"Blog Pensar Cursos","description":"Maior Site de Cursos do Brasil","publisher":{"@id":"https:\/\/www.pensarcursos.com.br\/blog\/#organization"},"alternateName":"Blog Pensar","potentialAction":[{"@type":"SearchAction","target":{"@type":"EntryPoint","urlTemplate":"https:\/\/www.pensarcursos.com.br\/blog\/?s={search_term_string}"},"query-input":{"@type":"PropertyValueSpecification","valueRequired":true,"valueName":"search_term_string"}}],"inLanguage":"pt-BR"},{"@type":"Organization","@id":"https:\/\/www.pensarcursos.com.br\/blog\/#organization","name":"Pensar Cursos","alternateName":"Blog pensar","url":"https:\/\/www.pensarcursos.com.br\/blog\/","logo":{"@type":"ImageObject","inLanguage":"pt-BR","@id":"https:\/\/www.pensarcursos.com.br\/blog\/#\/schema\/logo\/image\/","url":"https:\/\/www.pensarcursos.com.br\/blog\/wp-content\/uploads\/2023\/11\/Nova-Logo-Pensar-Cursos-vertical.png","contentUrl":"https:\/\/www.pensarcursos.com.br\/blog\/wp-content\/uploads\/2023\/11\/Nova-Logo-Pensar-Cursos-vertical.png","width":1393,"height":1001,"caption":"Pensar Cursos"},"image":{"@id":"https:\/\/www.pensarcursos.com.br\/blog\/#\/schema\/logo\/image\/"},"sameAs":["https:\/\/www.facebook.com\/pensarcursos\/","https:\/\/instagram.com.br\/pensarcursos"],"description":"Pensar Cursos \u00e9 uma empresa especializada em oferecer cursos de alta qualidade voltados para o desenvolvimento profissional e acad\u00eamico. Com uma ampla gama de op\u00e7\u00f5es de treinamento, oferecemos conte\u00fados atualizados, ministrados por especialistas da \u00e1rea, para capacitar indiv\u00edduos e equipes a atingirem seus objetivos. Nossa miss\u00e3o \u00e9 proporcionar uma educa\u00e7\u00e3o transformadora, acess\u00edvel e personalizada para cada aluno, seja em cursos presenciais ou online. Com uma abordagem inovadora, buscamos adaptar os nossos programas de ensino \u00e0s necessidades do mercado, criando solu\u00e7\u00f5es que atendem aos desafios e exig\u00eancias do mundo corporativo e acad\u00eamico. Nossos cursos incluem desde forma\u00e7\u00f5es t\u00e9cnicas at\u00e9 habilidades essenciais, como lideran\u00e7a, gest\u00e3o e desenvolvimento pessoal.","email":"contato@pensarcursos.com.br","legalName":"Sena Servi\u00e7os de Informa\u00e7\u00e3o Online LTDA","foundingDate":"2013-04-18","vatID":"17956217000172","numberOfEmployees":{"@type":"QuantitativeValue","minValue":"11","maxValue":"50"},"publishingPrinciples":"https:\/\/www.pensarcursos.com.br\/blog\/principios-de-publicacao\/","ownershipFundingInfo":"https:\/\/www.pensarcursos.com.br\/blog\/informacoes-de-propriedade-financiamento\/","actionableFeedbackPolicy":"https:\/\/www.pensarcursos.com.br\/blog\/politica-de-feedback-acionavel\/","correctionsPolicy":"https:\/\/www.pensarcursos.com.br\/blog\/politica-de-correcoes\/","ethicsPolicy":"https:\/\/www.pensarcursos.com.br\/blog\/politica-de-etica\/"},{"@type":"Person","@id":"https:\/\/www.pensarcursos.com.br\/blog\/#\/schema\/person\/e133b19d62595d6ab0c12f3e5436a7bb","name":"Gorete Costa","image":{"@type":"ImageObject","inLanguage":"pt-BR","@id":"https:\/\/secure.gravatar.com\/avatar\/8cb99f142e1cb1312d8c202378c20dc4f7210145acc22805481f4a3f47ce9b6f?s=96&d=mm&r=g","url":"https:\/\/secure.gravatar.com\/avatar\/8cb99f142e1cb1312d8c202378c20dc4f7210145acc22805481f4a3f47ce9b6f?s=96&d=mm&r=g","contentUrl":"https:\/\/secure.gravatar.com\/avatar\/8cb99f142e1cb1312d8c202378c20dc4f7210145acc22805481f4a3f47ce9b6f?s=96&d=mm&r=g","caption":"Gorete Costa"},"description":"Graduada em Servi\u00e7o Social pela Universidade do Norte do Paran\u00e1 (Unopar), Gorete Costa \u00e9 especialista em comunica\u00e7\u00e3o, atuando como radialista em programas jornal\u00edsticos e de entretenimento, al\u00e9m de produ\u00e7\u00e3o e revis\u00e3o de textos informativos para sites e blogs.","sameAs":["https:\/\/www.facebook.com\/profile.php?id=61550018262414"],"url":"https:\/\/www.pensarcursos.com.br\/blog\/author\/gorete\/"}]}},"_links":{"self":[{"href":"https:\/\/www.pensarcursos.com.br\/blog\/wp-json\/wp\/v2\/posts\/85669","targetHints":{"allow":["GET"]}}],"collection":[{"href":"https:\/\/www.pensarcursos.com.br\/blog\/wp-json\/wp\/v2\/posts"}],"about":[{"href":"https:\/\/www.pensarcursos.com.br\/blog\/wp-json\/wp\/v2\/types\/post"}],"author":[{"embeddable":true,"href":"https:\/\/www.pensarcursos.com.br\/blog\/wp-json\/wp\/v2\/users\/17"}],"replies":[{"embeddable":true,"href":"https:\/\/www.pensarcursos.com.br\/blog\/wp-json\/wp\/v2\/comments?post=85669"}],"version-history":[{"count":0,"href":"https:\/\/www.pensarcursos.com.br\/blog\/wp-json\/wp\/v2\/posts\/85669\/revisions"}],"wp:featuredmedia":[{"embeddable":true,"href":"https:\/\/www.pensarcursos.com.br\/blog\/wp-json\/wp\/v2\/media\/85675"}],"wp:attachment":[{"href":"https:\/\/www.pensarcursos.com.br\/blog\/wp-json\/wp\/v2\/media?parent=85669"}],"wp:term":[{"taxonomy":"category","embeddable":true,"href":"https:\/\/www.pensarcursos.com.br\/blog\/wp-json\/wp\/v2\/categories?post=85669"},{"taxonomy":"post_tag","embeddable":true,"href":"https:\/\/www.pensarcursos.com.br\/blog\/wp-json\/wp\/v2\/tags?post=85669"}],"curies":[{"name":"wp","href":"https:\/\/api.w.org\/{rel}","templated":true}]}}