{"id":85665,"date":"2025-01-13T20:09:56","date_gmt":"2025-01-13T23:09:56","guid":{"rendered":"https:\/\/www.pensarcursos.com.br\/blog\/?p=85665"},"modified":"2025-01-13T07:55:00","modified_gmt":"2025-01-13T10:55:00","slug":"inscricoes-do-concurso-da-embrapa-terminam-nesta-terca-14-iniciais-de-ate-r-12-81461","status":"publish","type":"post","link":"https:\/\/www.pensarcursos.com.br\/blog\/inscricoes-do-concurso-da-embrapa-terminam-nesta-terca-14-iniciais-de-ate-r-12-81461\/","title":{"rendered":"Inscri\u00e7\u00f5es do concurso da Embrapa terminam nesta ter\u00e7a, 14; iniciais de at\u00e9 R$ 12.814,61"},"content":{"rendered":"<p>O prazo para inscri\u00e7\u00f5es no aguardado concurso da Empresa Brasileira de Pesquisa Agropecu\u00e1ria (Embrapa) est\u00e1 chegando ao fim. Os interessados t\u00eam at\u00e9 <strong>esta ter\u00e7a-feira, 14 de janeiro,<\/strong> para garantir sua participa\u00e7\u00e3o neste\u00a0 edital que oferece <strong>mais de mil vagas<\/strong> em todo o territ\u00f3rio nacional. Com sal\u00e1rios iniciais que podem chegar a<strong> R$ 12.814,61<\/strong>, esta \u00e9 uma oportunidade \u00fanica para profissionais de diversas \u00e1reas ingressarem em uma das institui\u00e7\u00f5es mais respeitadas do setor agropecu\u00e1rio brasileiro. A seguir voc\u00ea confere todos os detalhes do edital.<\/p>\n<h2>Concurso da Embrapa<\/h2>\n<p>O concurso da Embrapa de 2024 representa um marco significativo na hist\u00f3ria da institui\u00e7\u00e3o. Ap\u00f3s mais de uma d\u00e9cada sem um certame de abrang\u00eancia nacional, a empresa abre suas portas para novos talentos, visando fortalecer seu quadro de pessoal e impulsionar a pesquisa e o desenvolvimento no setor agropecu\u00e1rio brasileiro.<\/p>\n<p>A oferta de <strong>1.027 vagas<\/strong> distribu\u00eddas em diferentes cargos e n\u00edveis de escolaridade demonstra o compromisso da Embrapa com a diversidade e a inclus\u00e3o. Desde posi\u00e7\u00f5es que requerem ensino fundamental incompleto at\u00e9 aquelas que exigem mestrado, o concurso abrange um amplo espectro de oportunidades profissionais.<\/p>\n<p>A distribui\u00e7\u00e3o geogr\u00e1fica das vagas tamb\u00e9m merece destaque. Com oportunidades em todas as regi\u00f5es do pa\u00eds, o concurso da Embrapa n\u00e3o apenas oferece chances de emprego, mas tamb\u00e9m contribui para o desenvolvimento regional, levando expertise e inova\u00e7\u00e3o para diversas localidades do Brasil.<\/p>\n<p>Al\u00e9m disso, a inclus\u00e3o de \u00e1reas de atua\u00e7\u00e3o emergentes, como biologia sint\u00e9tica, ci\u00eancia de dados e nanotecnologia, evidencia o alinhamento da Embrapa com as tend\u00eancias mais recentes do setor, preparando-se para enfrentar os desafios futuros da agricultura e pecu\u00e1ria brasileiras.<\/p>\n<h2>Detalhamento das vagas e cargos oferecidos<\/h2>\n<p>O concurso da Embrapa apresenta uma variedade de oportunidades, atendendo a diferentes perfis profissionais e n\u00edveis de forma\u00e7\u00e3o. As 1.027 vagas est\u00e3o distribu\u00eddas entre quatro cargos principais: Pesquisador, Analista, T\u00e9cnico e Assistente. Cada um desses cargos possui requisitos espec\u00edficos e oferece remunera\u00e7\u00f5es distintas.<\/p>\n<h3>Pesquisador<\/h3>\n<p>Para o cargo de Pesquisador, s\u00e3o oferecidas 319 vagas. Este \u00e9 o cargo que exige a maior qualifica\u00e7\u00e3o, sendo necess\u00e1rio mestrado em \u00e1reas espec\u00edficas. A remunera\u00e7\u00e3o inicial para esta posi\u00e7\u00e3o \u00e9 a mais alta do concurso, chegando a<strong> R$ 12.814,61<\/strong>.<\/p>\n<h3>Analista<\/h3>\n<p>O cargo de Analista conta com o maior n\u00famero de vagas: 404. Para concorrer a estas posi\u00e7\u00f5es, \u00e9 necess\u00e1rio ter n\u00edvel superior nas \u00e1reas determinadas no edital. O sal\u00e1rio inicial para Analistas \u00e9 de<strong> R$ 10.921,33. <\/strong>Estes profissionais atuam em diversas frentes, desde o suporte t\u00e9cnico-cient\u00edfico at\u00e9 \u00e1reas administrativas e de gest\u00e3o.<\/p>\n<h3>T\u00e9cnico<\/h3>\n<p>Para o cargo de T\u00e9cnico, s\u00e3o disponibilizadas 242 vagas. O requisito m\u00ednimo \u00e9 o n\u00edvel m\u00e9dio ou t\u00e9cnico, dependendo da especialidade. A remunera\u00e7\u00e3o inicial para este cargo \u00e9 de <strong>R$ 5.556,81.<\/strong> Os t\u00e9cnicos desempenham fun\u00e7\u00f5es de apoio essenciais nas atividades de pesquisa e desenvolvimento da Embrapa.<\/p>\n<h3>Assistente<\/h3>\n<p>Por fim, o cargo de Assistente oferece 62 vagas. Este \u00e9 o cargo com menor exig\u00eancia de escolaridade, requerendo apenas o n\u00edvel fundamental incompleto (no m\u00ednimo 5\u00ba ano). O sal\u00e1rio inicial para Assistentes \u00e9 de<strong> R$ 2.186,19<\/strong>. Estes profissionais s\u00e3o fundamentais para o suporte operacional das atividades da empresa.<\/p>\n<p>\u00c9 importante ressaltar que, al\u00e9m das vagas de ampla concorr\u00eancia, o concurso reserva cotas para pessoas com defici\u00eancia (PCD) e para pessoas pretas ou pardas (PPP), promovendo assim a diversidade e a inclus\u00e3o no ambiente de trabalho da Embrapa.<\/p>\n<h2>\u00c1reas de atua\u00e7\u00e3o e especialidades<\/h2>\n<p>O concurso da Embrapa abrange uma ampla gama de \u00e1reas de atua\u00e7\u00e3o e especialidades, refletindo a diversidade e complexidade do trabalho realizado pela institui\u00e7\u00e3o. As oportunidades s\u00e3o divididas em 189 \u00e1reas e sub\u00e1reas, chamadas de &#8220;op\u00e7\u00f5es&#8221; no edital.<\/p>\n<h3>\u00c1reas Tradicionais<\/h3>\n<p>Entre as \u00e1reas j\u00e1 consolidadas na Embrapa, destaca-se:<\/p>\n<ul class=\"!whitespace-normal list-disc ml-5\">\n<li class=\"pb-1\">Advocacia<\/li>\n<li class=\"pb-1\">Desenvolvimento humano<\/li>\n<li class=\"pb-1\">Entomologia<\/li>\n<li class=\"pb-1\">Recursos florestais<\/li>\n<li class=\"pb-1\">Transfer\u00eancia de tecnologia<\/li>\n<li class=\"pb-1\">Pedologia<\/li>\n<li class=\"pb-1\">Melhoramento gen\u00e9tico<\/li>\n<\/ul>\n<p>Estas \u00e1reas representam o core da atua\u00e7\u00e3o da Embrapa e continuam sendo fundamentais para o desenvolvimento do setor agropecu\u00e1rio brasileiro.<\/p>\n<h3>\u00c1reas Emergentes<\/h3>\n<p>Al\u00e9m das \u00e1reas tradicionais, o concurso tamb\u00e9m contempla especialidades que ganharam relev\u00e2ncia na \u00faltima d\u00e9cada, como:<\/p>\n<ul class=\"!whitespace-normal list-disc ml-5\">\n<li class=\"pb-1\">Biologia sint\u00e9tica e ci\u00eancias \u00f4micas<\/li>\n<li class=\"pb-1\">Ci\u00eancia de dados<\/li>\n<li class=\"pb-1\">Instrumenta\u00e7\u00e3o em fot\u00f4nica<\/li>\n<li class=\"pb-1\">Nanotecnologia<\/li>\n<li class=\"pb-1\">Inova\u00e7\u00e3o social<\/li>\n<li class=\"pb-1\">Governan\u00e7a sustent\u00e1vel (ESG)<\/li>\n<\/ul>\n<p>A inclus\u00e3o destas \u00e1reas demonstra o compromisso da Embrapa em se manter na vanguarda da pesquisa agropecu\u00e1ria, incorporando novas tecnologias e abordagens em seu trabalho.<\/p>\n<h3>Distribui\u00e7\u00e3o Geogr\u00e1fica<\/h3>\n<p>As vagas est\u00e3o distribu\u00eddas entre a sede da empresa, em Bras\u00edlia (DF), e as 43 unidades espalhadas pelo pa\u00eds. Esta distribui\u00e7\u00e3o geogr\u00e1fica oferece aos candidatos a oportunidade de atuar em diferentes regi\u00f5es, contribuindo para o desenvolvimento local e regional.<\/p>\n<p>\u00c9 importante notar que, no momento da inscri\u00e7\u00e3o, os candidatos devem escolher o cargo e a localidade em que desejam trabalhar. No entanto, existe a possibilidade de serem convocados para qualquer unidade da Embrapa com vagas dispon\u00edveis, o que requer flexibilidade por parte dos aprovados.<\/p>\n<h2>Processo de inscri\u00e7\u00e3o e taxas<\/h2>\n<p>O processo de inscri\u00e7\u00e3o para o concurso da Embrapa foi projetado para ser acess\u00edvel e inclusivo, permitindo que candidatos de todo o pa\u00eds possam participar. As inscri\u00e7\u00f5es s\u00e3o realizadas exclusivamente via internet, atrav\u00e9s do site do <a href=\"https:\/\/www.cebraspe.org.br\/concursos\/EMBRAPA_24\" target=\"_blank\" rel=\"noopener\">Centro Brasileiro de Pesquisa em Avalia\u00e7\u00e3o e Sele\u00e7\u00e3o e de Promo\u00e7\u00e3o de Eventos (Cebraspe)<\/a>, a banca organizadora do certame.<\/p>\n<h3>Prazos e procedimentos<\/h3>\n<p>O per\u00edodo de inscri\u00e7\u00f5es, que inicialmente se encerraria em 7 de janeiro, foi prorrogado <strong>at\u00e9 \u00e0s 18h desta ter\u00e7a-feira, 14 de janeiro de 2025<\/strong>.<\/p>\n<p>Para se inscrever, o candidato deve acessar o site do Cebraspe, preencher o formul\u00e1rio de inscri\u00e7\u00e3o com seus dados pessoais e escolher o cargo e a localidade desejados. \u00c9 fundamental que todas as informa\u00e7\u00f5es sejam preenchidas corretamente para evitar problemas futuros.<\/p>\n<h3>Taxas de inscri\u00e7\u00e3o<\/h3>\n<p>As taxas de inscri\u00e7\u00e3o variam de acordo com o cargo escolhido:<\/p>\n<ul class=\"!whitespace-normal list-disc ml-5\">\n<li class=\"pb-1\">Pesquisador: R$ 170<\/li>\n<li class=\"pb-1\">Analista: R$ 150<\/li>\n<li class=\"pb-1\">T\u00e9cnico: R$ 80<\/li>\n<li class=\"pb-1\">Assistente: R$ 60<\/li>\n<\/ul>\n<p>O pagamento da taxa deve ser efetuado at\u00e9 o dia 27 de janeiro de 2025, conforme as instru\u00e7\u00f5es fornecidas no site de inscri\u00e7\u00e3o.<\/p>\n<h3>Isen\u00e7\u00e3o da taxa<\/h3>\n<p>O \u00a0<a href=\"https:\/\/www.pensarcursos.com.br\/blog\/wp-content\/uploads\/2024\/12\/embrapa.pdf\" target=\"_blank\" rel=\"noopener\">edital<\/a> prev\u00ea a possibilidade de isen\u00e7\u00e3o da taxa de inscri\u00e7\u00e3o para candidatos que se enquadrem em determinadas condi\u00e7\u00f5es. Podem solicitar a isen\u00e7\u00e3o:<\/p>\n<ul class=\"!whitespace-normal list-disc ml-5\">\n<li class=\"pb-1\">Candidatos doadores de medula \u00f3ssea em entidades reconhecidas pelo Minist\u00e9rio da Saude<\/li>\n<li class=\"pb-1\">Inscritos no Cadastro \u00danico para Programas Sociais do Governo Federal (Cad\u00danico)<\/li>\n<\/ul>\n<p>A solicita\u00e7\u00e3o de isen\u00e7\u00e3o deve ser feita durante todo o per\u00edodo de inscri\u00e7\u00f5es, seguindo os procedimentos estabelecidos no edital.<\/p>\n<h3>Confirma\u00e7\u00e3o da inscri\u00e7\u00e3o<\/h3>\n<p>Ap\u00f3s o pagamento da taxa ou a aprova\u00e7\u00e3o do pedido de isen\u00e7\u00e3o, o candidato deve acompanhar a confirma\u00e7\u00e3o de sua inscri\u00e7\u00e3o atrav\u00e9s do site do Cebraspe. \u00c9 importante verificar se todos os dados est\u00e3o corretos e, em caso de qualquer diverg\u00eancia, entrar em contato com a organiza\u00e7\u00e3o do concurso dentro do prazo estipulado.<\/p>\n<h2>Etapas do concurso Embrapa<\/h2>\n<p>As etapas do <a href=\"https:\/\/www.pensarcursos.com.br\/blog\/concurso-embrapa-para-2024-mais-de-mil-vagas-com-salarios-de-ate-r12-814-serao-ofertadas\/\">concurso Embrapa<\/a> variam de acordo com o cargo pretendido, incluindo provas objetivas, discursivas, pr\u00e1ticas e avalia\u00e7\u00e3o de t\u00edtulos.<\/p>\n<h3>Provas objetivas<\/h3>\n<p>As provas objetivas s\u00e3o realizadas para todos os cargos e t\u00eam car\u00e1ter tanto eliminat\u00f3rio quanto classificat\u00f3rio. Elas avaliam conhecimentos gerais, adicionais e espec\u00edficos de cada \u00e1rea de atua\u00e7\u00e3o. O conte\u00fado completo est\u00e1 dispon\u00edvel no anexo X do edital.<\/p>\n<h3>Provas discursivas<\/h3>\n<p>Para o cargo de Pesquisador e algumas especialidades do cargo de Analista, ser\u00e1 aplicada uma prova discursiva. Esta fase tem como objetivo avaliar a habilidade de express\u00e3o escrita e o dom\u00ednio do conte\u00fado abordado.<\/p>\n<h3>Defesa de memorial e apresenta\u00e7\u00e3o de projeto de pesquisa<\/h3>\n<p>Exclusivamente para o cargo de Pesquisador, haver\u00e1 uma etapa de defesa de memorial e apresenta\u00e7\u00e3o de projeto de pesquisa. Esta fase, de car\u00e1ter classificat\u00f3rio, oferece aos candidatos a oportunidade de demonstrar sua experi\u00eancia e suas propostas para a \u00e1rea de atua\u00e7\u00e3o escolhida.<\/p>\n<h3>Prova pr\u00e1tica<\/h3>\n<p>Algumas especialidades dos cargos de T\u00e9cnico e Assistente exigem uma prova pr\u00e1tica. Nessa etapa, s\u00e3o avaliadas as habilidades espec\u00edficas necess\u00e1rias para o exerc\u00edcio das fun\u00e7\u00f5es do cargo.<\/p>\n<h3>Avalia\u00e7\u00e3o de t\u00edtulos<\/h3>\n<p>Para o cargo de Pesquisador, ser\u00e1 realizada uma avalia\u00e7\u00e3o de t\u00edtulos, levando em conta a forma\u00e7\u00e3o acad\u00eamica e a experi\u00eancia profissional dos candidatos.<\/p>\n<h3>Datas e locais das provas<\/h3>\n<p>As provas objetivas e discursivas est\u00e3o agendadas para o dia 23 de mar\u00e7o de 2025. Elas ocorrer\u00e3o em todas as capitais do pa\u00eds e nas cidades com unidades da Embrapa.<\/p>\n<h3><img decoding=\"async\" class=\"wp-image-85667 size-large\" style=\"font-weight: bold; font-size: 16px;\" title=\"As provas do concurso da Embrapa ser\u00e3o aplicadas em 23 de mar\u00e7o de 2025.\" src=\"https:\/\/www.pensarcursos.com.br\/blog\/wp-content\/uploads\/2025\/01\/concurso12-4-1024x681.png\" alt=\"As provas do concurso da Embrapa ser\u00e3o aplicadas em 23 de mar\u00e7o de 2025.\" width=\"1024\" height=\"681\" srcset=\"https:\/\/www.pensarcursos.com.br\/blog\/wp-content\/uploads\/2025\/01\/concurso12-4-1024x681.png 1024w, https:\/\/www.pensarcursos.com.br\/blog\/wp-content\/uploads\/2025\/01\/concurso12-4-300x199.png 300w, https:\/\/www.pensarcursos.com.br\/blog\/wp-content\/uploads\/2025\/01\/concurso12-4-768x511.png 768w, https:\/\/www.pensarcursos.com.br\/blog\/wp-content\/uploads\/2025\/01\/concurso12-4.png 1220w\" sizes=\"(max-width: 1024px) 100vw, 1024px\" \/><\/h3>\n<p>As provas do concurso da Embrapa ser\u00e3o aplicadas em 23 de mar\u00e7o de 2025. Imagem: FreepikOs locais espec\u00edficos de aplica\u00e7\u00e3o das provas ser\u00e3o divulgados no site do Cebraspe em 7 de mar\u00e7o de 2025.<\/p>\n<p>As cidades de aplica\u00e7\u00e3o das provas j\u00e1 foram divulgadas e est\u00e3o dispon\u00edveis no <a href=\"https:\/\/www.pensarcursos.com.br\/blog\/wp-content\/uploads\/2025\/01\/anexo-III-locais-aplicacao-fases.pdf\" target=\"_blank\" rel=\"noopener\">anexo III do edital<\/a>.<\/p>\n<h2>Benef\u00edcios e vantagens de trabalhar na Embrapa<\/h2>\n<p>Al\u00e9m dos sal\u00e1rios, a <a href=\"https:\/\/www.pensarcursos.com.br\/blog\/edital-do-concurso-embrapa-esta-em-fase-final-de-elaboracao-1-027-vagas\/\">Embrapa<\/a> oferece um pacote de benef\u00edcios que torna a carreira na institui\u00e7\u00e3o ainda mais concorrida. Estes benef\u00edcios visam proporcionar qualidade de vida e seguran\u00e7a aos seus colaboradores.<\/p>\n<h3>Assist\u00eancia m\u00e9dica<\/h3>\n<p>A empresa disponibiliza um plano de assist\u00eancia m\u00e9dica para o empregado e seus dependentes. Este benef\u00edcio \u00e9 mantido com recursos da Embrapa e dos empregados, garantindo acesso a tratamentos m\u00e9dico-hospitalares de qualidade.<\/p>\n<h3>Seguro de vida<\/h3>\n<p>Todos os empregados s\u00e3o cobertos por um seguro de vida em grupo e acidentes pessoais. O pr\u00eamio \u00e9 custeado em partes iguais pela empresa e pelos empregados.<\/p>\n<h3>Aux\u00edlio alimenta\u00e7\u00e3o\/refei\u00e7\u00e3o<\/h3>\n<p>A Embrapa fornece aux\u00edlio alimenta\u00e7\u00e3o ou refei\u00e7\u00e3o, que pode ser na forma de refei\u00e7\u00e3o em restaurante pr\u00f3prio ou contratado, ou atrav\u00e9s de vales refei\u00e7\u00e3o\/alimenta\u00e7\u00e3o.<\/p>\n<h3>Previd\u00eancia complementar<\/h3>\n<p>A empresa contribui para a Funda\u00e7\u00e3o de Seguridade Social (CERES), em contrapartida \u00e0 contribui\u00e7\u00e3o do empregado, visando a suplementa\u00e7\u00e3o das presta\u00e7\u00f5es previdenci\u00e1rias.<\/p>\n<h3>Aux\u00edlios adicionais<\/h3>\n<ul class=\"!whitespace-normal list-disc ml-5\">\n<li class=\"pb-1\">Aux\u00edlio Pr\u00e9-Escola para filhos de 0 a 7 anos<\/li>\n<li class=\"pb-1\">Aux\u00edlio para filhos com defici\u00eancia mental<\/li>\n<li class=\"pb-1\">Adicional por Tempo de Servi\u00e7o (quinqu\u00eanios)<\/li>\n<li class=\"pb-1\">Adicional de Titularidade para p\u00f3s-graduados<\/li>\n<\/ul>\n<h3>Complementa\u00e7\u00e3o pecuni\u00e1ria<\/h3>\n<p>Empregados que trabalham em determinadas regi\u00f5es do pa\u00eds (como Amaz\u00f4nia e Pantanal) recebem uma complementa\u00e7\u00e3o pecuni\u00e1ria correspondente a 25% do sal\u00e1rio-base.<\/p>\n<h2>Dicas para o dia da prova<\/h2>\n<p>O dia da prova \u00e9 fundamental no processo seletivo, e uma boa prepara\u00e7\u00e3o pode fazer toda a diferen\u00e7a. Aqui est\u00e3o algumas dicas importantes para os candidatos:<\/p>\n<ol class=\"!whitespace-normal list-decimal ml-5\">\n<li class=\"pb-1\"><strong>Chegue com anteced\u00eancia<\/strong>: Planeje chegar ao local da prova com pelo menos uma hora de anteced\u00eancia. Isso evita imprevistos e reduz o estresse.<\/li>\n<li class=\"pb-1\"><strong>Documenta\u00e7\u00e3o<\/strong>: N\u00e3o esque\u00e7a de levar o documento de identidade original com foto e o comprovante de inscri\u00e7\u00e3o.<\/li>\n<li class=\"pb-1\"><strong>Material permitido<\/strong>: Leve apenas o necess\u00e1rio e permitido: caneta esferogr\u00e1fica de tinta preta fabricada em material transparente, l\u00e1pis, borracha e \u00e1gua.<\/li>\n<li class=\"pb-1\"><strong>Alimenta\u00e7\u00e3o<\/strong>: Leve um lanche leve e \u00e1gua. As provas s\u00e3o longas e \u00e9 importante manter-se hidratado e com energia.<\/li>\n<li class=\"pb-1\"><strong>Vestu\u00e1rio confort\u00e1vel<\/strong>: Use roupas confort\u00e1veis e leve um casaco, pois a temperatura das salas pode variar.<\/li>\n<li class=\"pb-1\"><strong>Gerenciamento do tempo<\/strong>: Distribua bem o tempo entre as quest\u00f5es. N\u00e3o perca muito tempo em uma \u00fanica quest\u00e3o dif\u00edcil.<\/li>\n<li class=\"pb-1\"><strong>Leia atentamente as instru\u00e7\u00f5es<\/strong>: Antes de come\u00e7ar a responder, leia cuidadosamente todas as instru\u00e7\u00f5es da prova.<\/li>\n<li class=\"pb-1\"><strong>Marque as respostas com aten\u00e7\u00e3o<\/strong>: No cart\u00e3o de respostas, preencha completamente os campos, sem ultrapassar os limites.<\/li>\n<li class=\"pb-1\"><strong>Revise suas respostas<\/strong>: Se sobrar tempo, revise suas respostas, especialmente nas quest\u00f5es que voc\u00ea teve d\u00favida.<\/li>\n<li class=\"pb-1\"><strong>Mantenha a calma<\/strong>: Respire fundo e mantenha a tranquilidade. Lembre-se de que voc\u00ea se preparou para este momento.<\/li>\n<\/ol>\n","protected":false},"excerpt":{"rendered":"<p>O prazo para inscri\u00e7\u00f5es no aguardado concurso da Empresa Brasileira de Pesquisa Agropecu\u00e1ria (Embrapa) est\u00e1 chegando ao fim. Os interessados t\u00eam at\u00e9 esta ter\u00e7a-feira, 14 de janeiro, para garantir sua participa\u00e7\u00e3o neste\u00a0 edital que oferece mais de mil vagas em todo o territ\u00f3rio nacional. Com sal\u00e1rios iniciais que podem chegar a R$ 12.814,61, esta \u00e9 [&hellip;]<\/p>\n","protected":false},"author":17,"featured_media":59398,"comment_status":"open","ping_status":"closed","sticky":false,"template":"","format":"standard","meta":{"jnews-multi-image_gallery":[],"jnews_single_post":[],"jnews_primary_category":[],"jnews_social_meta":[],"jnews_override_counter":[],"footnotes":""},"categories":[29],"tags":[11848,23312,24520],"class_list":["post-85665","post","type-post","status-publish","format-standard","has-post-thumbnail","hentry","category-concursos","tag-concurso-da-embrapa","tag-edital-concurso-da-embrapa","tag-inscricoes-concurso-da-embrapa"],"yoast_head":"<!-- This site is optimized with the Yoast SEO Premium plugin v27.4 (Yoast SEO v27.4) - https:\/\/yoast.com\/product\/yoast-seo-premium-wordpress\/ -->\n<title>Inscri\u00e7\u00f5es do concurso da Embrapa terminam nesta ter\u00e7a, 14; iniciais de at\u00e9 R$ 12.814,61 - Blog Pensar Cursos<\/title>\n<meta name=\"description\" content=\"O prazo para inscri\u00e7\u00f5es no aguardado concurso da Empresa Brasileira de Pesquisa Agropecu\u00e1ria (Embrapa) est\u00e1 chegando ao fim. Os interessados t\u00eam at\u00e9 esta\" \/>\n<meta name=\"robots\" content=\"index, follow, max-snippet:-1, max-image-preview:large, max-video-preview:-1\" \/>\n<link rel=\"canonical\" href=\"https:\/\/www.pensarcursos.com.br\/blog\/inscricoes-do-concurso-da-embrapa-terminam-nesta-terca-14-iniciais-de-ate-r-12-81461\/\" \/>\n<meta property=\"og:locale\" content=\"pt_BR\" \/>\n<meta property=\"og:type\" content=\"article\" \/>\n<meta property=\"og:title\" content=\"Inscri\u00e7\u00f5es do concurso da Embrapa terminam nesta ter\u00e7a, 14; iniciais de at\u00e9 R$ 12.814,61\" \/>\n<meta property=\"og:description\" content=\"O prazo para inscri\u00e7\u00f5es no aguardado concurso da Empresa Brasileira de Pesquisa Agropecu\u00e1ria (Embrapa) est\u00e1 chegando ao fim. Os interessados t\u00eam at\u00e9 esta\" \/>\n<meta property=\"og:url\" content=\"https:\/\/www.pensarcursos.com.br\/blog\/inscricoes-do-concurso-da-embrapa-terminam-nesta-terca-14-iniciais-de-ate-r-12-81461\/\" \/>\n<meta property=\"og:site_name\" content=\"Blog Pensar Cursos\" \/>\n<meta property=\"article:publisher\" content=\"https:\/\/www.facebook.com\/pensarcursos\/\" \/>\n<meta property=\"article:author\" content=\"https:\/\/www.facebook.com\/profile.php?id=61550018262414\" \/>\n<meta property=\"article:published_time\" content=\"2025-01-13T23:09:56+00:00\" \/>\n<meta property=\"og:image\" content=\"https:\/\/www.pensarcursos.com.br\/blog\/wp-content\/uploads\/2024\/07\/embrapa.jpg\" \/>\n\t<meta property=\"og:image:width\" content=\"1333\" \/>\n\t<meta property=\"og:image:height\" content=\"800\" \/>\n\t<meta property=\"og:image:type\" content=\"image\/jpeg\" \/>\n<meta name=\"author\" content=\"Gorete Costa\" \/>\n<meta name=\"twitter:card\" content=\"summary_large_image\" \/>\n<meta name=\"twitter:label1\" content=\"Escrito por\" \/>\n\t<meta name=\"twitter:data1\" content=\"Gorete Costa\" \/>\n\t<meta name=\"twitter:label2\" content=\"Est. tempo de leitura\" \/>\n\t<meta name=\"twitter:data2\" content=\"10 minutos\" \/>\n<!-- \/ Yoast SEO Premium plugin. -->","yoast_head_json":{"title":"Inscri\u00e7\u00f5es do concurso da Embrapa terminam nesta ter\u00e7a, 14; iniciais de at\u00e9 R$ 12.814,61 - Blog Pensar Cursos","description":"O prazo para inscri\u00e7\u00f5es no aguardado concurso da Empresa Brasileira de Pesquisa Agropecu\u00e1ria (Embrapa) est\u00e1 chegando ao fim. Os interessados t\u00eam at\u00e9 esta","robots":{"index":"index","follow":"follow","max-snippet":"max-snippet:-1","max-image-preview":"max-image-preview:large","max-video-preview":"max-video-preview:-1"},"canonical":"https:\/\/www.pensarcursos.com.br\/blog\/inscricoes-do-concurso-da-embrapa-terminam-nesta-terca-14-iniciais-de-ate-r-12-81461\/","og_locale":"pt_BR","og_type":"article","og_title":"Inscri\u00e7\u00f5es do concurso da Embrapa terminam nesta ter\u00e7a, 14; iniciais de at\u00e9 R$ 12.814,61","og_description":"O prazo para inscri\u00e7\u00f5es no aguardado concurso da Empresa Brasileira de Pesquisa Agropecu\u00e1ria (Embrapa) est\u00e1 chegando ao fim. Os interessados t\u00eam at\u00e9 esta","og_url":"https:\/\/www.pensarcursos.com.br\/blog\/inscricoes-do-concurso-da-embrapa-terminam-nesta-terca-14-iniciais-de-ate-r-12-81461\/","og_site_name":"Blog Pensar Cursos","article_publisher":"https:\/\/www.facebook.com\/pensarcursos\/","article_author":"https:\/\/www.facebook.com\/profile.php?id=61550018262414","article_published_time":"2025-01-13T23:09:56+00:00","og_image":[{"width":1333,"height":800,"url":"https:\/\/www.pensarcursos.com.br\/blog\/wp-content\/uploads\/2024\/07\/embrapa.jpg","type":"image\/jpeg"}],"author":"Gorete Costa","twitter_card":"summary_large_image","twitter_misc":{"Escrito por":"Gorete Costa","Est. tempo de leitura":"10 minutos"},"schema":{"@context":"https:\/\/schema.org","@graph":[{"@type":["Article","BlogPosting"],"@id":"https:\/\/www.pensarcursos.com.br\/blog\/inscricoes-do-concurso-da-embrapa-terminam-nesta-terca-14-iniciais-de-ate-r-12-81461\/#article","isPartOf":{"@id":"https:\/\/www.pensarcursos.com.br\/blog\/inscricoes-do-concurso-da-embrapa-terminam-nesta-terca-14-iniciais-de-ate-r-12-81461\/"},"author":{"name":"Gorete Costa","@id":"https:\/\/www.pensarcursos.com.br\/blog\/#\/schema\/person\/e133b19d62595d6ab0c12f3e5436a7bb"},"headline":"Inscri\u00e7\u00f5es do concurso da Embrapa terminam nesta ter\u00e7a, 14; iniciais de at\u00e9 R$ 12.814,61","datePublished":"2025-01-13T23:09:56+00:00","mainEntityOfPage":{"@id":"https:\/\/www.pensarcursos.com.br\/blog\/inscricoes-do-concurso-da-embrapa-terminam-nesta-terca-14-iniciais-de-ate-r-12-81461\/"},"wordCount":2025,"commentCount":0,"publisher":{"@id":"https:\/\/www.pensarcursos.com.br\/blog\/#organization"},"image":{"@id":"https:\/\/www.pensarcursos.com.br\/blog\/inscricoes-do-concurso-da-embrapa-terminam-nesta-terca-14-iniciais-de-ate-r-12-81461\/#primaryimage"},"thumbnailUrl":"https:\/\/www.pensarcursos.com.br\/blog\/wp-content\/uploads\/2024\/07\/embrapa.jpg","keywords":["concurso da embrapa","edital concurso da Embrapa","inscri\u00e7\u00f5es concurso da Embrapa"],"articleSection":["Concursos P\u00fablicos"],"inLanguage":"pt-BR","potentialAction":[{"@type":"CommentAction","name":"Comment","target":["https:\/\/www.pensarcursos.com.br\/blog\/inscricoes-do-concurso-da-embrapa-terminam-nesta-terca-14-iniciais-de-ate-r-12-81461\/#respond"]}],"copyrightYear":"2025","copyrightHolder":{"@id":"https:\/\/www.pensarcursos.com.br\/blog\/#organization"}},{"@type":"WebPage","@id":"https:\/\/www.pensarcursos.com.br\/blog\/inscricoes-do-concurso-da-embrapa-terminam-nesta-terca-14-iniciais-de-ate-r-12-81461\/","url":"https:\/\/www.pensarcursos.com.br\/blog\/inscricoes-do-concurso-da-embrapa-terminam-nesta-terca-14-iniciais-de-ate-r-12-81461\/","name":"Inscri\u00e7\u00f5es do concurso da Embrapa terminam nesta ter\u00e7a, 14; iniciais de at\u00e9 R$ 12.814,61 - Blog Pensar Cursos","isPartOf":{"@id":"https:\/\/www.pensarcursos.com.br\/blog\/#website"},"primaryImageOfPage":{"@id":"https:\/\/www.pensarcursos.com.br\/blog\/inscricoes-do-concurso-da-embrapa-terminam-nesta-terca-14-iniciais-de-ate-r-12-81461\/#primaryimage"},"image":{"@id":"https:\/\/www.pensarcursos.com.br\/blog\/inscricoes-do-concurso-da-embrapa-terminam-nesta-terca-14-iniciais-de-ate-r-12-81461\/#primaryimage"},"thumbnailUrl":"https:\/\/www.pensarcursos.com.br\/blog\/wp-content\/uploads\/2024\/07\/embrapa.jpg","datePublished":"2025-01-13T23:09:56+00:00","description":"O prazo para inscri\u00e7\u00f5es no aguardado concurso da Empresa Brasileira de Pesquisa Agropecu\u00e1ria (Embrapa) est\u00e1 chegando ao fim. Os interessados t\u00eam at\u00e9 esta","breadcrumb":{"@id":"https:\/\/www.pensarcursos.com.br\/blog\/inscricoes-do-concurso-da-embrapa-terminam-nesta-terca-14-iniciais-de-ate-r-12-81461\/#breadcrumb"},"inLanguage":"pt-BR","potentialAction":[{"@type":"ReadAction","target":["https:\/\/www.pensarcursos.com.br\/blog\/inscricoes-do-concurso-da-embrapa-terminam-nesta-terca-14-iniciais-de-ate-r-12-81461\/"]}]},{"@type":"ImageObject","inLanguage":"pt-BR","@id":"https:\/\/www.pensarcursos.com.br\/blog\/inscricoes-do-concurso-da-embrapa-terminam-nesta-terca-14-iniciais-de-ate-r-12-81461\/#primaryimage","url":"https:\/\/www.pensarcursos.com.br\/blog\/wp-content\/uploads\/2024\/07\/embrapa.jpg","contentUrl":"https:\/\/www.pensarcursos.com.br\/blog\/wp-content\/uploads\/2024\/07\/embrapa.jpg","width":1333,"height":800,"caption":"Detalhe do concurso da Embrapa. Imagem: Portal Gov.Br"},{"@type":"BreadcrumbList","@id":"https:\/\/www.pensarcursos.com.br\/blog\/inscricoes-do-concurso-da-embrapa-terminam-nesta-terca-14-iniciais-de-ate-r-12-81461\/#breadcrumb","itemListElement":[{"@type":"ListItem","position":1,"name":"Home","item":"https:\/\/www.pensarcursos.com.br\/blog\/"},{"@type":"ListItem","position":2,"name":"Inscri\u00e7\u00f5es do concurso da Embrapa terminam nesta ter\u00e7a, 14; iniciais de at\u00e9 R$ 12.814,61"}]},{"@type":"WebSite","@id":"https:\/\/www.pensarcursos.com.br\/blog\/#website","url":"https:\/\/www.pensarcursos.com.br\/blog\/","name":"Blog Pensar Cursos","description":"Maior Site de Cursos do Brasil","publisher":{"@id":"https:\/\/www.pensarcursos.com.br\/blog\/#organization"},"alternateName":"Blog Pensar","potentialAction":[{"@type":"SearchAction","target":{"@type":"EntryPoint","urlTemplate":"https:\/\/www.pensarcursos.com.br\/blog\/?s={search_term_string}"},"query-input":{"@type":"PropertyValueSpecification","valueRequired":true,"valueName":"search_term_string"}}],"inLanguage":"pt-BR"},{"@type":"Organization","@id":"https:\/\/www.pensarcursos.com.br\/blog\/#organization","name":"Pensar Cursos","alternateName":"Blog pensar","url":"https:\/\/www.pensarcursos.com.br\/blog\/","logo":{"@type":"ImageObject","inLanguage":"pt-BR","@id":"https:\/\/www.pensarcursos.com.br\/blog\/#\/schema\/logo\/image\/","url":"https:\/\/www.pensarcursos.com.br\/blog\/wp-content\/uploads\/2023\/11\/Nova-Logo-Pensar-Cursos-vertical.png","contentUrl":"https:\/\/www.pensarcursos.com.br\/blog\/wp-content\/uploads\/2023\/11\/Nova-Logo-Pensar-Cursos-vertical.png","width":1393,"height":1001,"caption":"Pensar Cursos"},"image":{"@id":"https:\/\/www.pensarcursos.com.br\/blog\/#\/schema\/logo\/image\/"},"sameAs":["https:\/\/www.facebook.com\/pensarcursos\/","https:\/\/instagram.com.br\/pensarcursos"],"description":"Pensar Cursos \u00e9 uma empresa especializada em oferecer cursos de alta qualidade voltados para o desenvolvimento profissional e acad\u00eamico. Com uma ampla gama de op\u00e7\u00f5es de treinamento, oferecemos conte\u00fados atualizados, ministrados por especialistas da \u00e1rea, para capacitar indiv\u00edduos e equipes a atingirem seus objetivos. Nossa miss\u00e3o \u00e9 proporcionar uma educa\u00e7\u00e3o transformadora, acess\u00edvel e personalizada para cada aluno, seja em cursos presenciais ou online. Com uma abordagem inovadora, buscamos adaptar os nossos programas de ensino \u00e0s necessidades do mercado, criando solu\u00e7\u00f5es que atendem aos desafios e exig\u00eancias do mundo corporativo e acad\u00eamico. Nossos cursos incluem desde forma\u00e7\u00f5es t\u00e9cnicas at\u00e9 habilidades essenciais, como lideran\u00e7a, gest\u00e3o e desenvolvimento pessoal.","email":"contato@pensarcursos.com.br","legalName":"Sena Servi\u00e7os de Informa\u00e7\u00e3o Online LTDA","foundingDate":"2013-04-18","vatID":"17956217000172","numberOfEmployees":{"@type":"QuantitativeValue","minValue":"11","maxValue":"50"},"publishingPrinciples":"https:\/\/www.pensarcursos.com.br\/blog\/principios-de-publicacao\/","ownershipFundingInfo":"https:\/\/www.pensarcursos.com.br\/blog\/informacoes-de-propriedade-financiamento\/","actionableFeedbackPolicy":"https:\/\/www.pensarcursos.com.br\/blog\/politica-de-feedback-acionavel\/","correctionsPolicy":"https:\/\/www.pensarcursos.com.br\/blog\/politica-de-correcoes\/","ethicsPolicy":"https:\/\/www.pensarcursos.com.br\/blog\/politica-de-etica\/"},{"@type":"Person","@id":"https:\/\/www.pensarcursos.com.br\/blog\/#\/schema\/person\/e133b19d62595d6ab0c12f3e5436a7bb","name":"Gorete Costa","image":{"@type":"ImageObject","inLanguage":"pt-BR","@id":"https:\/\/secure.gravatar.com\/avatar\/8cb99f142e1cb1312d8c202378c20dc4f7210145acc22805481f4a3f47ce9b6f?s=96&d=mm&r=g","url":"https:\/\/secure.gravatar.com\/avatar\/8cb99f142e1cb1312d8c202378c20dc4f7210145acc22805481f4a3f47ce9b6f?s=96&d=mm&r=g","contentUrl":"https:\/\/secure.gravatar.com\/avatar\/8cb99f142e1cb1312d8c202378c20dc4f7210145acc22805481f4a3f47ce9b6f?s=96&d=mm&r=g","caption":"Gorete Costa"},"description":"Graduada em Servi\u00e7o Social pela Universidade do Norte do Paran\u00e1 (Unopar), Gorete Costa \u00e9 especialista em comunica\u00e7\u00e3o, atuando como radialista em programas jornal\u00edsticos e de entretenimento, al\u00e9m de produ\u00e7\u00e3o e revis\u00e3o de textos informativos para sites e blogs.","sameAs":["https:\/\/www.facebook.com\/profile.php?id=61550018262414"],"url":"https:\/\/www.pensarcursos.com.br\/blog\/author\/gorete\/"}]}},"_links":{"self":[{"href":"https:\/\/www.pensarcursos.com.br\/blog\/wp-json\/wp\/v2\/posts\/85665","targetHints":{"allow":["GET"]}}],"collection":[{"href":"https:\/\/www.pensarcursos.com.br\/blog\/wp-json\/wp\/v2\/posts"}],"about":[{"href":"https:\/\/www.pensarcursos.com.br\/blog\/wp-json\/wp\/v2\/types\/post"}],"author":[{"embeddable":true,"href":"https:\/\/www.pensarcursos.com.br\/blog\/wp-json\/wp\/v2\/users\/17"}],"replies":[{"embeddable":true,"href":"https:\/\/www.pensarcursos.com.br\/blog\/wp-json\/wp\/v2\/comments?post=85665"}],"version-history":[{"count":0,"href":"https:\/\/www.pensarcursos.com.br\/blog\/wp-json\/wp\/v2\/posts\/85665\/revisions"}],"wp:featuredmedia":[{"embeddable":true,"href":"https:\/\/www.pensarcursos.com.br\/blog\/wp-json\/wp\/v2\/media\/59398"}],"wp:attachment":[{"href":"https:\/\/www.pensarcursos.com.br\/blog\/wp-json\/wp\/v2\/media?parent=85665"}],"wp:term":[{"taxonomy":"category","embeddable":true,"href":"https:\/\/www.pensarcursos.com.br\/blog\/wp-json\/wp\/v2\/categories?post=85665"},{"taxonomy":"post_tag","embeddable":true,"href":"https:\/\/www.pensarcursos.com.br\/blog\/wp-json\/wp\/v2\/tags?post=85665"}],"curies":[{"name":"wp","href":"https:\/\/api.w.org\/{rel}","templated":true}]}}