{"id":85653,"date":"2025-01-13T18:09:49","date_gmt":"2025-01-13T21:09:49","guid":{"rendered":"https:\/\/www.pensarcursos.com.br\/blog\/?p=85653"},"modified":"2025-01-13T21:15:11","modified_gmt":"2025-01-14T00:15:11","slug":"inscricoes-de-processo-seletivo-para-agente-administrativo-fiscal-motorista-mecanico-e-outros-cargos-comecam-nesta-segunda-13-01","status":"publish","type":"post","link":"https:\/\/www.pensarcursos.com.br\/blog\/inscricoes-de-processo-seletivo-para-agente-administrativo-fiscal-motorista-mecanico-e-outros-cargos-comecam-nesta-segunda-13-01\/","title":{"rendered":"Inscri\u00e7\u00f5es de Processo Seletivo para Agente Administrativo, Fiscal, Motorista, Mec\u00e2nico e outros CARGOS come\u00e7am nesta segunda (13\/01)"},"content":{"rendered":"<p>A prefeitura anunciou a abertura de um novo processo seletivo que promete movimentar a regi\u00e3o. Com 35 vagas dispon\u00edveis e a forma\u00e7\u00e3o de cadastro reserva, o certame oferece oportunidades para candidatos com diferentes n\u00edveis de escolaridade, <strong>desde o fundamental incompleto at\u00e9 o superior completo.<\/strong> Esta iniciativa representa uma excelente chance para quem busca estabilidade e crescimento profissional no servi\u00e7o p\u00fablico municipal.<\/p>\n<p>O processo seletivo abrange uma variedade de cargos, atendendo \u00e0s diversas necessidades da administra\u00e7\u00e3o municipal. Entre as posi\u00e7\u00f5es ofertadas, destacam-se oportunidades para Agente Administrativo I, Agente de Servi\u00e7o P\u00fablico com especialidades em Pedreiro e Mec\u00e2nico, Fiscal de Obras, Fiscal de Posturas Municipais, Fiscal Tribut\u00e1rio e Motorista I. A seguir, veja os detalhes do edital.<\/p>\n<h2>Detalhes das vagas e remunera\u00e7\u00e3o<\/h2>\n<p>O processo seletivo da prefeitura apresenta um quadro diversificado de oportunidades, distribu\u00eddas da seguinte forma:<\/p>\n<ul class=\"!whitespace-normal list-disc ml-5\">\n<li class=\"pb-1\">Agente Administrativo I: 8 vagas<\/li>\n<li class=\"pb-1\">Agente de Servi\u00e7o P\u00fablico &#8211; Pedreiro: 5 vagas<\/li>\n<li class=\"pb-1\">Agente de Servi\u00e7o P\u00fablico I: 6 vagas<\/li>\n<li class=\"pb-1\">Agente de Servi\u00e7o P\u00fablico &#8211; Mec\u00e2nico: 2 vagas<\/li>\n<li class=\"pb-1\">Fiscal de Obras: 2 vagas<\/li>\n<li class=\"pb-1\">Fiscal de Posturas Municipais: 2 vagas<\/li>\n<li class=\"pb-1\">Fiscal Tribut\u00e1rio: 2 vagas<\/li>\n<li class=\"pb-1\">Motorista I: 8 vagas<\/li>\n<\/ul>\n<p>A remunera\u00e7\u00e3o oferecida pela prefeitura \u00e9 um aspecto de destaque da sele\u00e7\u00e3o. Os sal\u00e1rios variam de <strong>R$ 1.518,00 a R$ 2.524,35<\/strong>, dependendo do cargo e da complexidade das fun\u00e7\u00f5es a serem desempenhadas.<\/p>\n<h2>Requisitos e atribui\u00e7\u00f5es dos cargos<\/h2>\n<p>Cada cargo dispon\u00edvel no <a href=\"https:\/\/www.pensarcursos.com.br\/blog\/processo-seletivo-do-cras-abre-inscricoes-nesta-segunda-feira-13-01\/\">processo seletivo<\/a>\u00a0da prefeitura possui requisitos espec\u00edficos e atribui\u00e7\u00f5es distintas. \u00c9 fundamental que os candidatos estejam cientes dessas informa\u00e7\u00f5es antes de se inscreverem no processo seletivo. Veja alguns detalhes sobre os principais cargos ofertados:<\/p>\n<h3>Agente Administrativo I<\/h3>\n<ul class=\"!whitespace-normal list-disc ml-5\">\n<li class=\"pb-1\"><strong>Requisitos:<\/strong>\u00a0Ensino m\u00e9dio completo<\/li>\n<li class=\"pb-1\"><strong>Atribui\u00e7\u00f5es:<\/strong>\u00a0Executar tarefas administrativas, como atendimento ao p\u00fablico, organiza\u00e7\u00e3o de documentos, elabora\u00e7\u00e3o de relat\u00f3rios e apoio \u00e0s diversas secretarias municipais.<\/li>\n<\/ul>\n<h3>Agente de Servi\u00e7o P\u00fablico &#8211; Pedreiro<\/h3>\n<ul class=\"!whitespace-normal list-disc ml-5\">\n<li class=\"pb-1\"><strong>Requisitos:<\/strong>\u00a0Ensino fundamental incompleto e experi\u00eancia comprovada na fun\u00e7\u00e3o<\/li>\n<li class=\"pb-1\"><strong>Atribui\u00e7\u00f5es:<\/strong>\u00a0Realizar trabalhos de alvenaria, concreto e outros materiais, guiando-se por desenhos, esquemas e especifica\u00e7\u00f5es, utilizando processos e instrumentos pertinentes ao of\u00edcio para construir, reformar ou reparar pr\u00e9dios e obras similares.<\/li>\n<\/ul>\n<h3>Fiscal de Obras<\/h3>\n<ul class=\"!whitespace-normal list-disc ml-5\">\n<li class=\"pb-1\"><strong>Requisitos:<\/strong>\u00a0Ensino m\u00e9dio completo e conhecimentos espec\u00edficos na \u00e1rea de constru\u00e7\u00e3o civil<\/li>\n<li class=\"pb-1\"><strong>Atribui\u00e7\u00f5es:<\/strong>\u00a0Fiscalizar obras p\u00fablicas e particulares, conferindo projetos e documenta\u00e7\u00f5es, realizando vistorias e garantindo o cumprimento das normas e legisla\u00e7\u00f5es vigentes.<\/li>\n<\/ul>\n<h3>Motorista I<\/h3>\n<ul class=\"!whitespace-normal list-disc ml-5\">\n<li class=\"pb-1\"><strong>Requisitos:<\/strong>\u00a0Ensino fundamental completo e Carteira Nacional de Habilita\u00e7\u00e3o na categoria adequada<\/li>\n<li class=\"pb-1\"><strong>Atribui\u00e7\u00f5es:<\/strong>\u00a0Conduzir ve\u00edculos oficiais para transporte de passageiros e cargas, zelando pela seguran\u00e7a e cumprindo as normas de tr\u00e2nsito.<\/li>\n<\/ul>\n<p>\u00c9 importante que os candidatos leiam atentamente o <a href=\"https:\/\/www.pensarcursos.com.br\/blog\/wp-content\/uploads\/2025\/01\/nh.pdf\" target=\"_blank\" rel=\"noopener\">edital<\/a> do processo seletivo para obter informa\u00e7\u00f5es detalhadas sobre os requisitos e atribui\u00e7\u00f5es de cada cargo, bem como sobre as especificidades das provas e do concurso como um todo.<\/p>\n<h2>Processo de inscri\u00e7\u00e3o<\/h2>\n<p>As inscri\u00e7\u00f5es est\u00e3o desde \u00e0s <strong>08h do dia 13 de janeiro de 2025 e se estender\u00e3o at\u00e9 as 23h59 do dia 23 de janeiro de 2025<\/strong>, proporcionando um intervalo de tempo consider\u00e1vel para que os interessados possam se organizar e efetuar sua inscri\u00e7\u00e3o com tranquilidade.<\/p>\n<p>Para se inscrever, os candidatos devem acessar o site oficial da <a href=\"https:\/\/portal.imperioconcursos.com.br\/edital\/index\/abertos\" target=\"_blank\" rel=\"noopener\">Imp\u00e9rio Concursos<\/a>, empresa respons\u00e1vel pela organiza\u00e7\u00e3o do certame. O processo de inscri\u00e7\u00e3o \u00e9 realizado inteiramente online, o que facilita o acesso e permite que candidatos de diferentes localidades possam participar sem a necessidade de deslocamento f\u00edsico nesta etapa inicial.<\/p>\n<p>A taxa de inscri\u00e7\u00e3o \u00e9 um aspecto importante a ser considerado pelos candidatos. Os valores variam de R$ 40,00 a R$ 70,00, dependendo do n\u00edvel de escolaridade exigido para o cargo pretendido.<\/p>\n<h2>Isen\u00e7\u00e3o da taxa de inscri\u00e7\u00e3o<\/h2>\n<p>Reconhecendo a import\u00e2ncia de garantir oportunidades iguais a todos os cidad\u00e3os, a Prefeitura de Novo Horizonte, no estado de S\u00e3o Paulo, oferece a possibilidade de isen\u00e7\u00e3o da taxa de inscri\u00e7\u00e3o para candidatos que se enquadrem em determinados crit\u00e9rios socioecon\u00f4micos. O per\u00edodo para solicitar a isen\u00e7\u00e3o da taxa est\u00e1 programado para os dias <strong>13 e 14 de janeiro de 2025<\/strong>.<\/p>\n<p>Os interessados em solicitar a isen\u00e7\u00e3o devem ficar atentos aos requisitos e \u00e0 documenta\u00e7\u00e3o necess\u00e1ria para comprovar sua condi\u00e7\u00e3o. Geralmente, as categorias que podem ser contempladas com a isen\u00e7\u00e3o incluem:<\/p>\n<ul class=\"!whitespace-normal list-disc ml-5\">\n<li class=\"pb-1\">Candidatos inscritos no Cadastro \u00danico para Programas Sociais do Governo Federal (Cad\u00danico)<\/li>\n<li class=\"pb-1\">Doadores de sangue<\/li>\n<li class=\"pb-1\">Desempregados<\/li>\n<li class=\"pb-1\">Pessoas com defici\u00eancia<\/li>\n<\/ul>\n<p>\u00c9 fundamental que os candidatos que se enquadrem nessas categorias re\u00fanam a documenta\u00e7\u00e3o comprobat\u00f3ria e submetam o pedido de isen\u00e7\u00e3o dentro do prazo estipulado. A an\u00e1lise dos pedidos ser\u00e1 realizada pela comiss\u00e3o organizadora do concurso, e o resultado ser\u00e1 divulgado em tempo h\u00e1bil para que, em caso de indeferimento, o candidato ainda possa efetuar o pagamento da taxa e garantir sua participa\u00e7\u00e3o no processo seletivo.<\/p>\n<h2>Etapas do processo seletivo<\/h2>\n<p>As etapas do <a href=\"https:\/\/www.pensarcursos.com.br\/blog\/veja-como-se-inscrever-no-novo-processo-seletivo-para-o-cargo-de-agente-comunitario-de-saude\/\">processo seletivo<\/a> da Prefeitura de Novo Horizonte foram\u00a0 planejadas para garantir a sele\u00e7\u00e3o dos profissionais mais qualificados para cada cargo. Veja as principais fases do concurso:<\/p>\n<h3>Prova Objetiva<\/h3>\n<p>A prova objetiva \u00e9 a etapa inicial e eliminat\u00f3ria do processo seletivo. Est\u00e1 prevista para acontecer no dia<strong> 9 de fevereiro de 2025.<\/strong> Esta fase \u00e9 comum a todos os cargos e visa avaliar os conhecimentos te\u00f3ricos dos candidatos em diversas \u00e1reas, incluindo:<\/p>\n<ul class=\"!whitespace-normal list-disc ml-5\">\n<li class=\"pb-1\">L\u00edngua Portuguesa<\/li>\n<li class=\"pb-1\">Matem\u00e1tica<\/li>\n<li class=\"pb-1\">Conhecimentos Gerais<\/li>\n<li class=\"pb-1\">Conhecimentos Espec\u00edficos relacionados ao cargo pretendido<\/li>\n<\/ul>\n<figure id=\"attachment_85658\" aria-describedby=\"caption-attachment-85658\" style=\"width: 1024px\" class=\"wp-caption aligncenter\"><img decoding=\"async\" class=\"wp-image-85658 size-large\" title=\"As provas do processo seletivo ser\u00e3o aplicadas em 9 de fevereiro de 2025.\" src=\"https:\/\/www.pensarcursos.com.br\/blog\/wp-content\/uploads\/2025\/01\/concurso13-8-1024x687.png\" alt=\"As provas do processo seletivo ser\u00e3o aplicadas em 9 de fevereiro de 2025.\" width=\"1024\" height=\"687\" srcset=\"https:\/\/www.pensarcursos.com.br\/blog\/wp-content\/uploads\/2025\/01\/concurso13-8-1024x687.png 1024w, https:\/\/www.pensarcursos.com.br\/blog\/wp-content\/uploads\/2025\/01\/concurso13-8-300x201.png 300w, https:\/\/www.pensarcursos.com.br\/blog\/wp-content\/uploads\/2025\/01\/concurso13-8-768x515.png 768w, https:\/\/www.pensarcursos.com.br\/blog\/wp-content\/uploads\/2025\/01\/concurso13-8.png 1366w\" sizes=\"(max-width: 1024px) 100vw, 1024px\" \/><figcaption id=\"caption-attachment-85658\" class=\"wp-caption-text\">As provas do processo seletivo ser\u00e3o aplicadas em 9 de fevereiro de 2025. Imagem: Freepik<\/figcaption><\/figure>\n<p>A prova objetiva geralmente \u00e9 composta por quest\u00f5es de m\u00faltipla escolha, abrangendo o conte\u00fado program\u00e1tico detalhado no edital do concurso. \u00c9 fundamental que os candidatos se preparem adequadamente, estudando todos os t\u00f3picos mencionados no edital e realizando simulados para se familiarizarem com o formato da prova.<\/p>\n<h3>Prova Pr\u00e1tica<\/h3>\n<p>Para alguns cargos espec\u00edficos, principalmente aqueles que exigem habilidades t\u00e9cnicas ou operacionais, haver\u00e1 uma etapa adicional de prova pr\u00e1tica. Esta fase \u00e9 particularmente relevante para cargos como:<\/p>\n<ul class=\"!whitespace-normal list-disc ml-5\">\n<li class=\"pb-1\">Agente de Servi\u00e7o P\u00fablico &#8211; Pedreiro<\/li>\n<li class=\"pb-1\">Agente de Servi\u00e7o P\u00fablico &#8211; Mec\u00e2nico<\/li>\n<li class=\"pb-1\">Motorista I<\/li>\n<\/ul>\n<p>A prova pr\u00e1tica tem como objetivo avaliar as habilidades pr\u00e1ticas dos candidatos, sua capacidade de executar tarefas relacionadas ao cargo e o dom\u00ednio de t\u00e9cnicas e procedimentos espec\u00edficos da fun\u00e7\u00e3o.<\/p>\n<h2>Validade do\u00a0 concurso<\/h2>\n<p>O <a href=\"https:\/\/www.pensarcursos.com.br\/blog\/processo-seletivo-abre-vagas-para-os-niveis-fundamental-medio-e-superior-com-salarios-de-ate-r-14-56251\/\">processo seletivo<\/a>\u00a0da Prefeitura de Novo Horizonte ter\u00e1 validade de dois anos, contados a partir da data de homologa\u00e7\u00e3o do resultado final. Este prazo pode ser prorrogado por igual per\u00edodo, a crit\u00e9rio da administra\u00e7\u00e3o municipal.<\/p>\n<p>Durante o per\u00edodo de validade do concurso, os candidatos aprovados que n\u00e3o foram imediatamente nomeados permanecem em um cadastro de reserva. Eles podem ser convocados para assumir o cargo caso surjam novas vagas ou ocorram desist\u00eancias entre os candidatos inicialmente nomeados<\/p>\n","protected":false},"excerpt":{"rendered":"<p>A prefeitura anunciou a abertura de um novo processo seletivo que promete movimentar a regi\u00e3o. Com 35 vagas dispon\u00edveis e a forma\u00e7\u00e3o de cadastro reserva, o certame oferece oportunidades para candidatos com diferentes n\u00edveis de escolaridade, desde o fundamental incompleto at\u00e9 o superior completo. Esta iniciativa representa uma excelente chance para quem busca estabilidade e [&hellip;]<\/p>\n","protected":false},"author":17,"featured_media":85655,"comment_status":"open","ping_status":"closed","sticky":false,"template":"","format":"standard","meta":{"jnews-multi-image_gallery":[],"jnews_single_post":[],"jnews_primary_category":[],"jnews_social_meta":[],"jnews_override_counter":[],"footnotes":""},"categories":[29],"tags":[24517,24519,24518],"class_list":["post-85653","post","type-post","status-publish","format-standard","has-post-thumbnail","hentry","category-concursos","tag-concurso-da-prefeitura-de-novo-horizonte-sp","tag-inscricoes-concurso-da-prefeitura-de-novo-horizonte-sp","tag-vagasconcurso-da-prefeitura-de-novo-horizonte-sp"],"yoast_head":"<!-- This site is optimized with the Yoast SEO Premium plugin v27.4 (Yoast SEO v27.4) - https:\/\/yoast.com\/product\/yoast-seo-premium-wordpress\/ -->\n<title>Inscri\u00e7\u00f5es de Processo Seletivo para Agente Administrativo, Fiscal, Motorista, Mec\u00e2nico e outros CARGOS come\u00e7am nesta segunda (13\/01) - Blog Pensar Cursos<\/title>\n<meta name=\"description\" content=\"A prefeitura anunciou a abertura de um novo processo seletivo que promete movimentar a regi\u00e3o. Com 35 vagas dispon\u00edveis e a forma\u00e7\u00e3o de cadastro reserva,\" \/>\n<meta name=\"robots\" content=\"index, follow, max-snippet:-1, max-image-preview:large, max-video-preview:-1\" \/>\n<link rel=\"canonical\" href=\"https:\/\/www.pensarcursos.com.br\/blog\/inscricoes-de-processo-seletivo-para-agente-administrativo-fiscal-motorista-mecanico-e-outros-cargos-comecam-nesta-segunda-13-01\/\" \/>\n<meta property=\"og:locale\" content=\"pt_BR\" \/>\n<meta property=\"og:type\" content=\"article\" \/>\n<meta property=\"og:title\" content=\"Inscri\u00e7\u00f5es de Processo Seletivo para Agente Administrativo, Fiscal, Motorista, Mec\u00e2nico e outros CARGOS come\u00e7am nesta segunda (13\/01)\" \/>\n<meta property=\"og:description\" content=\"A prefeitura anunciou a abertura de um novo processo seletivo que promete movimentar a regi\u00e3o. Com 35 vagas dispon\u00edveis e a forma\u00e7\u00e3o de cadastro reserva,\" \/>\n<meta property=\"og:url\" content=\"https:\/\/www.pensarcursos.com.br\/blog\/inscricoes-de-processo-seletivo-para-agente-administrativo-fiscal-motorista-mecanico-e-outros-cargos-comecam-nesta-segunda-13-01\/\" \/>\n<meta property=\"og:site_name\" content=\"Blog Pensar Cursos\" \/>\n<meta property=\"article:publisher\" content=\"https:\/\/www.facebook.com\/pensarcursos\/\" \/>\n<meta property=\"article:author\" content=\"https:\/\/www.facebook.com\/profile.php?id=61550018262414\" \/>\n<meta property=\"article:published_time\" content=\"2025-01-13T21:09:49+00:00\" \/>\n<meta property=\"article:modified_time\" content=\"2025-01-14T00:15:11+00:00\" \/>\n<meta property=\"og:image\" content=\"https:\/\/www.pensarcursos.com.br\/blog\/wp-content\/uploads\/2025\/01\/concurso9-12.jpg\" \/>\n\t<meta property=\"og:image:width\" content=\"1275\" \/>\n\t<meta property=\"og:image:height\" content=\"731\" \/>\n\t<meta property=\"og:image:type\" content=\"image\/jpeg\" \/>\n<meta name=\"author\" content=\"Gorete Costa\" \/>\n<meta name=\"twitter:card\" content=\"summary_large_image\" \/>\n<meta name=\"twitter:label1\" content=\"Escrito por\" \/>\n\t<meta name=\"twitter:data1\" content=\"Gorete Costa\" \/>\n\t<meta name=\"twitter:label2\" content=\"Est. tempo de leitura\" \/>\n\t<meta name=\"twitter:data2\" content=\"6 minutos\" \/>\n<!-- \/ Yoast SEO Premium plugin. -->","yoast_head_json":{"title":"Inscri\u00e7\u00f5es de Processo Seletivo para Agente Administrativo, Fiscal, Motorista, Mec\u00e2nico e outros CARGOS come\u00e7am nesta segunda (13\/01) - Blog Pensar Cursos","description":"A prefeitura anunciou a abertura de um novo processo seletivo que promete movimentar a regi\u00e3o. Com 35 vagas dispon\u00edveis e a forma\u00e7\u00e3o de cadastro reserva,","robots":{"index":"index","follow":"follow","max-snippet":"max-snippet:-1","max-image-preview":"max-image-preview:large","max-video-preview":"max-video-preview:-1"},"canonical":"https:\/\/www.pensarcursos.com.br\/blog\/inscricoes-de-processo-seletivo-para-agente-administrativo-fiscal-motorista-mecanico-e-outros-cargos-comecam-nesta-segunda-13-01\/","og_locale":"pt_BR","og_type":"article","og_title":"Inscri\u00e7\u00f5es de Processo Seletivo para Agente Administrativo, Fiscal, Motorista, Mec\u00e2nico e outros CARGOS come\u00e7am nesta segunda (13\/01)","og_description":"A prefeitura anunciou a abertura de um novo processo seletivo que promete movimentar a regi\u00e3o. Com 35 vagas dispon\u00edveis e a forma\u00e7\u00e3o de cadastro reserva,","og_url":"https:\/\/www.pensarcursos.com.br\/blog\/inscricoes-de-processo-seletivo-para-agente-administrativo-fiscal-motorista-mecanico-e-outros-cargos-comecam-nesta-segunda-13-01\/","og_site_name":"Blog Pensar Cursos","article_publisher":"https:\/\/www.facebook.com\/pensarcursos\/","article_author":"https:\/\/www.facebook.com\/profile.php?id=61550018262414","article_published_time":"2025-01-13T21:09:49+00:00","article_modified_time":"2025-01-14T00:15:11+00:00","og_image":[{"width":1275,"height":731,"url":"https:\/\/www.pensarcursos.com.br\/blog\/wp-content\/uploads\/2025\/01\/concurso9-12.jpg","type":"image\/jpeg"}],"author":"Gorete Costa","twitter_card":"summary_large_image","twitter_misc":{"Escrito por":"Gorete Costa","Est. tempo de leitura":"6 minutos"},"schema":{"@context":"https:\/\/schema.org","@graph":[{"@type":["Article","BlogPosting"],"@id":"https:\/\/www.pensarcursos.com.br\/blog\/inscricoes-de-processo-seletivo-para-agente-administrativo-fiscal-motorista-mecanico-e-outros-cargos-comecam-nesta-segunda-13-01\/#article","isPartOf":{"@id":"https:\/\/www.pensarcursos.com.br\/blog\/inscricoes-de-processo-seletivo-para-agente-administrativo-fiscal-motorista-mecanico-e-outros-cargos-comecam-nesta-segunda-13-01\/"},"author":{"name":"Gorete Costa","@id":"https:\/\/www.pensarcursos.com.br\/blog\/#\/schema\/person\/e133b19d62595d6ab0c12f3e5436a7bb"},"headline":"Inscri\u00e7\u00f5es de Processo Seletivo para Agente Administrativo, Fiscal, Motorista, Mec\u00e2nico e outros CARGOS come\u00e7am nesta segunda (13\/01)","datePublished":"2025-01-13T21:09:49+00:00","dateModified":"2025-01-14T00:15:11+00:00","mainEntityOfPage":{"@id":"https:\/\/www.pensarcursos.com.br\/blog\/inscricoes-de-processo-seletivo-para-agente-administrativo-fiscal-motorista-mecanico-e-outros-cargos-comecam-nesta-segunda-13-01\/"},"wordCount":1169,"commentCount":0,"publisher":{"@id":"https:\/\/www.pensarcursos.com.br\/blog\/#organization"},"image":{"@id":"https:\/\/www.pensarcursos.com.br\/blog\/inscricoes-de-processo-seletivo-para-agente-administrativo-fiscal-motorista-mecanico-e-outros-cargos-comecam-nesta-segunda-13-01\/#primaryimage"},"thumbnailUrl":"https:\/\/www.pensarcursos.com.br\/blog\/wp-content\/uploads\/2025\/01\/concurso9-12.jpg","keywords":["concurso da prefeitura de novo horizonte sp","inscri\u00e7\u00f5es concurso da prefeitura de novo horizonte sp","vagasconcurso da prefeitura de novo horizonte sp"],"articleSection":["Concursos P\u00fablicos"],"inLanguage":"pt-BR","potentialAction":[{"@type":"CommentAction","name":"Comment","target":["https:\/\/www.pensarcursos.com.br\/blog\/inscricoes-de-processo-seletivo-para-agente-administrativo-fiscal-motorista-mecanico-e-outros-cargos-comecam-nesta-segunda-13-01\/#respond"]}],"copyrightYear":"2025","copyrightHolder":{"@id":"https:\/\/www.pensarcursos.com.br\/blog\/#organization"}},{"@type":"WebPage","@id":"https:\/\/www.pensarcursos.com.br\/blog\/inscricoes-de-processo-seletivo-para-agente-administrativo-fiscal-motorista-mecanico-e-outros-cargos-comecam-nesta-segunda-13-01\/","url":"https:\/\/www.pensarcursos.com.br\/blog\/inscricoes-de-processo-seletivo-para-agente-administrativo-fiscal-motorista-mecanico-e-outros-cargos-comecam-nesta-segunda-13-01\/","name":"Inscri\u00e7\u00f5es de Processo Seletivo para Agente Administrativo, Fiscal, Motorista, Mec\u00e2nico e outros CARGOS come\u00e7am nesta segunda (13\/01) - Blog Pensar Cursos","isPartOf":{"@id":"https:\/\/www.pensarcursos.com.br\/blog\/#website"},"primaryImageOfPage":{"@id":"https:\/\/www.pensarcursos.com.br\/blog\/inscricoes-de-processo-seletivo-para-agente-administrativo-fiscal-motorista-mecanico-e-outros-cargos-comecam-nesta-segunda-13-01\/#primaryimage"},"image":{"@id":"https:\/\/www.pensarcursos.com.br\/blog\/inscricoes-de-processo-seletivo-para-agente-administrativo-fiscal-motorista-mecanico-e-outros-cargos-comecam-nesta-segunda-13-01\/#primaryimage"},"thumbnailUrl":"https:\/\/www.pensarcursos.com.br\/blog\/wp-content\/uploads\/2025\/01\/concurso9-12.jpg","datePublished":"2025-01-13T21:09:49+00:00","dateModified":"2025-01-14T00:15:11+00:00","description":"A prefeitura anunciou a abertura de um novo processo seletivo que promete movimentar a regi\u00e3o. Com 35 vagas dispon\u00edveis e a forma\u00e7\u00e3o de cadastro reserva,","breadcrumb":{"@id":"https:\/\/www.pensarcursos.com.br\/blog\/inscricoes-de-processo-seletivo-para-agente-administrativo-fiscal-motorista-mecanico-e-outros-cargos-comecam-nesta-segunda-13-01\/#breadcrumb"},"inLanguage":"pt-BR","potentialAction":[{"@type":"ReadAction","target":["https:\/\/www.pensarcursos.com.br\/blog\/inscricoes-de-processo-seletivo-para-agente-administrativo-fiscal-motorista-mecanico-e-outros-cargos-comecam-nesta-segunda-13-01\/"]}]},{"@type":"ImageObject","inLanguage":"pt-BR","@id":"https:\/\/www.pensarcursos.com.br\/blog\/inscricoes-de-processo-seletivo-para-agente-administrativo-fiscal-motorista-mecanico-e-outros-cargos-comecam-nesta-segunda-13-01\/#primaryimage","url":"https:\/\/www.pensarcursos.com.br\/blog\/wp-content\/uploads\/2025\/01\/concurso9-12.jpg","contentUrl":"https:\/\/www.pensarcursos.com.br\/blog\/wp-content\/uploads\/2025\/01\/concurso9-12.jpg","width":1275,"height":731,"caption":"Concurso da prefeitura. Imagem: Freepik"},{"@type":"BreadcrumbList","@id":"https:\/\/www.pensarcursos.com.br\/blog\/inscricoes-de-processo-seletivo-para-agente-administrativo-fiscal-motorista-mecanico-e-outros-cargos-comecam-nesta-segunda-13-01\/#breadcrumb","itemListElement":[{"@type":"ListItem","position":1,"name":"Home","item":"https:\/\/www.pensarcursos.com.br\/blog\/"},{"@type":"ListItem","position":2,"name":"Inscri\u00e7\u00f5es de Processo Seletivo para Agente Administrativo, Fiscal, Motorista, Mec\u00e2nico e outros CARGOS come\u00e7am nesta segunda (13\/01)"}]},{"@type":"WebSite","@id":"https:\/\/www.pensarcursos.com.br\/blog\/#website","url":"https:\/\/www.pensarcursos.com.br\/blog\/","name":"Blog Pensar Cursos","description":"Maior Site de Cursos do Brasil","publisher":{"@id":"https:\/\/www.pensarcursos.com.br\/blog\/#organization"},"alternateName":"Blog Pensar","potentialAction":[{"@type":"SearchAction","target":{"@type":"EntryPoint","urlTemplate":"https:\/\/www.pensarcursos.com.br\/blog\/?s={search_term_string}"},"query-input":{"@type":"PropertyValueSpecification","valueRequired":true,"valueName":"search_term_string"}}],"inLanguage":"pt-BR"},{"@type":"Organization","@id":"https:\/\/www.pensarcursos.com.br\/blog\/#organization","name":"Pensar Cursos","alternateName":"Blog pensar","url":"https:\/\/www.pensarcursos.com.br\/blog\/","logo":{"@type":"ImageObject","inLanguage":"pt-BR","@id":"https:\/\/www.pensarcursos.com.br\/blog\/#\/schema\/logo\/image\/","url":"https:\/\/www.pensarcursos.com.br\/blog\/wp-content\/uploads\/2023\/11\/Nova-Logo-Pensar-Cursos-vertical.png","contentUrl":"https:\/\/www.pensarcursos.com.br\/blog\/wp-content\/uploads\/2023\/11\/Nova-Logo-Pensar-Cursos-vertical.png","width":1393,"height":1001,"caption":"Pensar Cursos"},"image":{"@id":"https:\/\/www.pensarcursos.com.br\/blog\/#\/schema\/logo\/image\/"},"sameAs":["https:\/\/www.facebook.com\/pensarcursos\/","https:\/\/instagram.com.br\/pensarcursos"],"description":"Pensar Cursos \u00e9 uma empresa especializada em oferecer cursos de alta qualidade voltados para o desenvolvimento profissional e acad\u00eamico. Com uma ampla gama de op\u00e7\u00f5es de treinamento, oferecemos conte\u00fados atualizados, ministrados por especialistas da \u00e1rea, para capacitar indiv\u00edduos e equipes a atingirem seus objetivos. Nossa miss\u00e3o \u00e9 proporcionar uma educa\u00e7\u00e3o transformadora, acess\u00edvel e personalizada para cada aluno, seja em cursos presenciais ou online. Com uma abordagem inovadora, buscamos adaptar os nossos programas de ensino \u00e0s necessidades do mercado, criando solu\u00e7\u00f5es que atendem aos desafios e exig\u00eancias do mundo corporativo e acad\u00eamico. Nossos cursos incluem desde forma\u00e7\u00f5es t\u00e9cnicas at\u00e9 habilidades essenciais, como lideran\u00e7a, gest\u00e3o e desenvolvimento pessoal.","email":"contato@pensarcursos.com.br","legalName":"Sena Servi\u00e7os de Informa\u00e7\u00e3o Online LTDA","foundingDate":"2013-04-18","vatID":"17956217000172","numberOfEmployees":{"@type":"QuantitativeValue","minValue":"11","maxValue":"50"},"publishingPrinciples":"https:\/\/www.pensarcursos.com.br\/blog\/principios-de-publicacao\/","ownershipFundingInfo":"https:\/\/www.pensarcursos.com.br\/blog\/informacoes-de-propriedade-financiamento\/","actionableFeedbackPolicy":"https:\/\/www.pensarcursos.com.br\/blog\/politica-de-feedback-acionavel\/","correctionsPolicy":"https:\/\/www.pensarcursos.com.br\/blog\/politica-de-correcoes\/","ethicsPolicy":"https:\/\/www.pensarcursos.com.br\/blog\/politica-de-etica\/"},{"@type":"Person","@id":"https:\/\/www.pensarcursos.com.br\/blog\/#\/schema\/person\/e133b19d62595d6ab0c12f3e5436a7bb","name":"Gorete Costa","image":{"@type":"ImageObject","inLanguage":"pt-BR","@id":"https:\/\/secure.gravatar.com\/avatar\/8cb99f142e1cb1312d8c202378c20dc4f7210145acc22805481f4a3f47ce9b6f?s=96&d=mm&r=g","url":"https:\/\/secure.gravatar.com\/avatar\/8cb99f142e1cb1312d8c202378c20dc4f7210145acc22805481f4a3f47ce9b6f?s=96&d=mm&r=g","contentUrl":"https:\/\/secure.gravatar.com\/avatar\/8cb99f142e1cb1312d8c202378c20dc4f7210145acc22805481f4a3f47ce9b6f?s=96&d=mm&r=g","caption":"Gorete Costa"},"description":"Graduada em Servi\u00e7o Social pela Universidade do Norte do Paran\u00e1 (Unopar), Gorete Costa \u00e9 especialista em comunica\u00e7\u00e3o, atuando como radialista em programas jornal\u00edsticos e de entretenimento, al\u00e9m de produ\u00e7\u00e3o e revis\u00e3o de textos informativos para sites e blogs.","sameAs":["https:\/\/www.facebook.com\/profile.php?id=61550018262414"],"url":"https:\/\/www.pensarcursos.com.br\/blog\/author\/gorete\/"}]}},"_links":{"self":[{"href":"https:\/\/www.pensarcursos.com.br\/blog\/wp-json\/wp\/v2\/posts\/85653","targetHints":{"allow":["GET"]}}],"collection":[{"href":"https:\/\/www.pensarcursos.com.br\/blog\/wp-json\/wp\/v2\/posts"}],"about":[{"href":"https:\/\/www.pensarcursos.com.br\/blog\/wp-json\/wp\/v2\/types\/post"}],"author":[{"embeddable":true,"href":"https:\/\/www.pensarcursos.com.br\/blog\/wp-json\/wp\/v2\/users\/17"}],"replies":[{"embeddable":true,"href":"https:\/\/www.pensarcursos.com.br\/blog\/wp-json\/wp\/v2\/comments?post=85653"}],"version-history":[{"count":0,"href":"https:\/\/www.pensarcursos.com.br\/blog\/wp-json\/wp\/v2\/posts\/85653\/revisions"}],"wp:featuredmedia":[{"embeddable":true,"href":"https:\/\/www.pensarcursos.com.br\/blog\/wp-json\/wp\/v2\/media\/85655"}],"wp:attachment":[{"href":"https:\/\/www.pensarcursos.com.br\/blog\/wp-json\/wp\/v2\/media?parent=85653"}],"wp:term":[{"taxonomy":"category","embeddable":true,"href":"https:\/\/www.pensarcursos.com.br\/blog\/wp-json\/wp\/v2\/categories?post=85653"},{"taxonomy":"post_tag","embeddable":true,"href":"https:\/\/www.pensarcursos.com.br\/blog\/wp-json\/wp\/v2\/tags?post=85653"}],"curies":[{"name":"wp","href":"https:\/\/api.w.org\/{rel}","templated":true}]}}