{"id":85464,"date":"2025-01-11T10:09:48","date_gmt":"2025-01-11T13:09:48","guid":{"rendered":"https:\/\/www.pensarcursos.com.br\/blog\/?p=85464"},"modified":"2025-01-11T05:23:12","modified_gmt":"2025-01-11T08:23:12","slug":"processo-seletivo-abre-vagas-para-os-niveis-fundamental-medio-e-superior-com-salarios-de-ate-r-14-56251","status":"publish","type":"post","link":"https:\/\/www.pensarcursos.com.br\/blog\/processo-seletivo-abre-vagas-para-os-niveis-fundamental-medio-e-superior-com-salarios-de-ate-r-14-56251\/","title":{"rendered":"Processo Seletivo abre VAGAS para os n\u00edveis fundamental, m\u00e9dio e superior com sal\u00e1rios de at\u00e9 R$ 14.562,51"},"content":{"rendered":"<p>Voc\u00ea est\u00e1 em busca de uma oportunidade profissional promissora? Um novo processo seletivo acaba de ser anunciado, oferecendo vagas para diversos n\u00edveis de escolaridade e com remunera\u00e7\u00f5es atrativas. Quer saber mais sobre essa chance de ingressar no servi\u00e7o p\u00fablico? Continue lendo e descubra todos os detalhes desse certame que pode mudar sua carreira!<\/p>\n<h2>Vis\u00e3o geral do Processo Seletivo<\/h2>\n<p>Uma prefeitura municipal recentemente divulgou a abertura de dois processos seletivos que visam preencher<strong> 20 vagas efetivas<\/strong>, al\u00e9m de formar cadastro reserva. As oportunidades contemplam candidatos com n\u00edveis fundamental, m\u00e9dio e superior, seja em andamento ou j\u00e1 conclu\u00eddo.<\/p>\n<p>Al\u00e9m da variedade de cargos, os sal\u00e1rios oferecidos chegam a <strong>R$ 14.562,51<\/strong>. Isso mesmo, voc\u00ea n\u00e3o leu errado! \u00c9 uma chance \u00fanica para quem busca estabilidade financeira e crescimento profissional.<\/p>\n<h2>Cargos dispon\u00edveis<\/h2>\n<p>A diversidade de vagas \u00e9 um dos pontos altos deste processo seletivo. H\u00e1 oportunidades para profissionais de diversas \u00e1reas, desde a sa\u00fade at\u00e9 a educa\u00e7\u00e3o. Confira a tabela abaixo com os cargos dispon\u00edveis e o n\u00famero de vagas para cada um:<\/p>\n<table>\n<thead>\n<tr>\n<th>Cargo<\/th>\n<th>N\u00famero de Vagas<\/th>\n<\/tr>\n<\/thead>\n<tbody>\n<tr>\n<td>Assistente Social<\/td>\n<td>1<\/td>\n<\/tr>\n<tr>\n<td>Enfermeiro<\/td>\n<td>1<\/td>\n<\/tr>\n<tr>\n<td>Farmac\u00eautico<\/td>\n<td>1<\/td>\n<\/tr>\n<tr>\n<td>Fisioterapeuta<\/td>\n<td>1<\/td>\n<\/tr>\n<tr>\n<td>Fonoaudi\u00f3logo<\/td>\n<td>CR*<\/td>\n<\/tr>\n<tr>\n<td>M\u00e9dico &#8211; Cl\u00ednico Geral<\/td>\n<td>2<\/td>\n<\/tr>\n<tr>\n<td>M\u00e9dico &#8211; Ginecologista<\/td>\n<td>2<\/td>\n<\/tr>\n<tr>\n<td>M\u00e9dico &#8211; Pediatra<\/td>\n<td>1<\/td>\n<\/tr>\n<tr>\n<td>Nutricionista<\/td>\n<td>1<\/td>\n<\/tr>\n<tr>\n<td>Odont\u00f3logo<\/td>\n<td>1<\/td>\n<\/tr>\n<tr>\n<td>Psic\u00f3logo<\/td>\n<td>2<\/td>\n<\/tr>\n<tr>\n<td>T\u00e9cnico em Enfermagem<\/td>\n<td>4<\/td>\n<\/tr>\n<tr>\n<td>Agente Comunit\u00e1rio de Sa\u00fade<\/td>\n<td>3<\/td>\n<\/tr>\n<\/tbody>\n<\/table>\n<p>*CR: Cadastro Reserva<\/p>\n<p>Al\u00e9m desses, h\u00e1 vagas para professores em diversas disciplinas, tanto para profissionais habilitados quanto para n\u00e3o habilitados. As \u00e1reas incluem Educa\u00e7\u00e3o Infantil, S\u00e9ries Iniciais do Ensino Fundamental, Artes, Ci\u00eancias, Educa\u00e7\u00e3o F\u00edsica, Geografia, Hist\u00f3ria, Ingl\u00eas, L\u00edngua Portuguesa, Matem\u00e1tica e Inform\u00e1tica.<\/p>\n<p>Editais:\u00a0<a href=\"https:\/\/www.pensarcursos.com.br\/blog\/wp-content\/uploads\/2025\/01\/001-25.pdf\">EDITAL 001-25<\/a>; <a href=\"https:\/\/www.pensarcursos.com.br\/blog\/wp-content\/uploads\/2025\/01\/EDITAL-002-2025.pdf\">EDITAL 002\/2025<\/a><\/p>\n<h2>Requisitos e inscri\u00e7\u00f5es<\/h2>\n<p>Para se candidatar ao processo seletivo, \u00e9 necess\u00e1rio apresentar comprova\u00e7\u00e3o do n\u00edvel de escolaridade correspondente ao cargo pretendido. Ademais, \u00e9 fundamental atender aos demais requisitos especificados no edital.<\/p>\n<p>As inscri\u00e7\u00f5es ser\u00e3o realizadas exclusivamente pelo site do <a href=\"https:\/\/institutofucap.selecao.net.br\/\" target=\"_blank\" rel=\"noopener\">Instituto Fucap<\/a>, no per\u00edodo de <strong>10 de janeiro a 2 de fevereiro de 2025<\/strong>. O valor da taxa de inscri\u00e7\u00e3o varia entre R$ 80,00 e R$ 100,00, dependendo do cargo escolhido.<\/p>\n<p>Boa not\u00edcia para quem est\u00e1 com o or\u00e7amento apertado: h\u00e1 possibilidade de solicitar isen\u00e7\u00e3o da taxa de inscri\u00e7\u00e3o. Os interessados devem fazer o requerimento at\u00e9 o dia 20 de janeiro de 2025. N\u00e3o perca essa chance de economizar!<\/p>\n<h2>Etapas de sele\u00e7\u00e3o<\/h2>\n<p>O<a href=\"https:\/\/www.pensarcursos.com.br\/blog\/processo-seletivo-abre-mais-de-2-500-vagas-com-salarios-de-ate-r-6-33512-inscricoes-ate-segunda-feira-13-01\/\" target=\"_blank\" rel=\"noopener\"> processo seletivo<\/a> ser\u00e1 composto por duas etapas principais:<\/p>\n<ol class=\"!whitespace-normal list-decimal ml-5\">\n<li class=\"pb-1\">Prova Escrita Objetiva: Todos os candidatos, independentemente do cargo, realizar\u00e3o esta avalia\u00e7\u00e3o. A data prevista para a aplica\u00e7\u00e3o da prova \u00e9 <strong>8 de fevereiro de 2025<\/strong>.<\/li>\n<li class=\"pb-1\">Prova de T\u00edtulos: Esta etapa ser\u00e1 aplicada apenas para cargos espec\u00edficos. \u00c9 uma oportunidade para os candidatos com forma\u00e7\u00e3o adicional somarem pontos extras.<\/li>\n<\/ol>\n<figure id=\"attachment_85465\" aria-describedby=\"caption-attachment-85465\" style=\"width: 849px\" class=\"wp-caption aligncenter\"><img decoding=\"async\" class=\"wp-image-85465 \" title=\"Sem t\u00edtulo\" src=\"https:\/\/www.pensarcursos.com.br\/blog\/wp-content\/uploads\/2025\/01\/Sem-titulo-5-1024x642.png\" alt=\"Al\u00e9m da prova objetiva, h\u00e1 avalia\u00e7\u00e3o e t\u00edtulos para alguns cargos. Imagem: Freepik\" width=\"849\" height=\"532\" srcset=\"https:\/\/www.pensarcursos.com.br\/blog\/wp-content\/uploads\/2025\/01\/Sem-titulo-5-1024x642.png 1024w, https:\/\/www.pensarcursos.com.br\/blog\/wp-content\/uploads\/2025\/01\/Sem-titulo-5-300x188.png 300w, https:\/\/www.pensarcursos.com.br\/blog\/wp-content\/uploads\/2025\/01\/Sem-titulo-5-768x481.png 768w, https:\/\/www.pensarcursos.com.br\/blog\/wp-content\/uploads\/2025\/01\/Sem-titulo-5.png 1200w\" sizes=\"(max-width: 849px) 100vw, 849px\" \/><figcaption id=\"caption-attachment-85465\" class=\"wp-caption-text\">Al\u00e9m da prova objetiva, h\u00e1 avalia\u00e7\u00e3o e t\u00edtulos para alguns cargos. Imagem: Freepik<\/figcaption><\/figure>\n<h2>Remunera\u00e7\u00e3o e jornada de trabalho<\/h2>\n<p>Um dos pontos deste <a href=\"https:\/\/www.pensarcursos.com.br\/blog\/ultimas-horas-para-se-inscrever-no-processo-seletivo-do-icmbio\/\" target=\"_blank\" rel=\"noopener\">processo seletivo<\/a> \u00e9, sem d\u00favida, a remunera\u00e7\u00e3o oferecida. Os sal\u00e1rios variam de <strong>R$ 735,72 a R$ 14.562,51<\/strong>, dependendo do cargo e da carga hor\u00e1ria.<\/p>\n<p>Falando em carga hor\u00e1ria, os profissionais contratados dever\u00e3o cumprir jornadas que variam de 10 a 40 horas semanais. \u00c9 importante considerar esse fator ao escolher o cargo para o qual voc\u00ea ir\u00e1 se candidatar.<\/p>\n<h2>Validade do Processo Seletivo<\/h2>\n<p>Voc\u00ea sabia que, ao ser aprovado neste processo seletivo, sua chance de ser chamado n\u00e3o se limita apenas aos primeiros meses? O Processo Seletivo da Prefeitura Municipal de Praia Grande &#8211; SC ter\u00e1 validade de um ano, contado a partir da data de publica\u00e7\u00e3o do resultado definitivo.<\/p>\n<p>Mas n\u00e3o para por a\u00ed! Existe a possibilidade de prorroga\u00e7\u00e3o por mais um ano, caso seja do interesse da administra\u00e7\u00e3o municipal. Isso significa que sua aprova\u00e7\u00e3o pode render frutos por at\u00e9 dois anos!<\/p>\n<h2>Dicas para se preparar<\/h2>\n<p>Agora que voc\u00ea conhece os detalhes deste processo seletivo, que tal algumas dicas para aumentar suas chances de aprova\u00e7\u00e3o?<\/p>\n<ol class=\"!whitespace-normal list-decimal ml-5\">\n<li class=\"pb-1\">Estude o edital minuciosamente: Conhe\u00e7a todos os detalhes do processo, desde as etapas at\u00e9 o conte\u00fado program\u00e1tico.<\/li>\n<li class=\"pb-1\">Elabore um plano de estudos: Organize seu tempo de forma eficiente, priorizando as mat\u00e9rias com maior peso.<\/li>\n<li class=\"pb-1\">Pratique com quest\u00f5es anteriores: Familiarize-se com o estilo das perguntas frequentemente utilizadas em processos seletivos similares.<\/li>\n<li class=\"pb-1\">Cuide da sua sa\u00fade: Mantenha uma rotina equilibrada, com alimenta\u00e7\u00e3o saud\u00e1vel e exerc\u00edcios f\u00edsicos.<\/li>\n<li class=\"pb-1\">Prepare seus documentos com anteced\u00eancia: Evite correrias de \u00faltima hora reunindo toda a documenta\u00e7\u00e3o necess\u00e1ria para a inscri\u00e7\u00e3o e poss\u00edvel convoca\u00e7\u00e3o.<\/li>\n<\/ol>\n<div class=\"jeg_video_container jeg_video_content\"><iframe title=\"Concursos p\u00fablicos 2025: Confira as oportunidades previstas no Par\u00e1\" width=\"500\" height=\"281\" src=\"https:\/\/www.youtube.com\/embed\/Ljw-zu32ArU?feature=oembed\" frameborder=\"0\" allow=\"accelerometer; autoplay; clipboard-write; encrypted-media; gyroscope; picture-in-picture; web-share\" referrerpolicy=\"strict-origin-when-cross-origin\" allowfullscreen><\/iframe><\/div>\n","protected":false},"excerpt":{"rendered":"<p>Voc\u00ea est\u00e1 em busca de uma oportunidade profissional promissora? Um novo processo seletivo acaba de ser anunciado, oferecendo vagas para diversos n\u00edveis de escolaridade e com remunera\u00e7\u00f5es atrativas. Quer saber mais sobre essa chance de ingressar no servi\u00e7o p\u00fablico? Continue lendo e descubra todos os detalhes desse certame que pode mudar sua carreira! Vis\u00e3o geral [&hellip;]<\/p>\n","protected":false},"author":41,"featured_media":85466,"comment_status":"open","ping_status":"closed","sticky":false,"template":"","format":"standard","meta":{"jnews-multi-image_gallery":[],"jnews_single_post":[],"jnews_primary_category":[],"jnews_social_meta":[],"jnews_override_counter":[],"footnotes":""},"categories":[17672],"tags":[24477,24478],"class_list":["post-85464","post","type-post","status-publish","format-standard","has-post-thumbnail","hentry","category-concursos-previstos","tag-processo-seletivo-da-prefeitura-municipal-de-praia-grande-sc","tag-vagas-na-prefeitura-municipal-de-praia-grande-sc"],"yoast_head":"<!-- This site is optimized with the Yoast SEO Premium plugin v27.4 (Yoast SEO v27.4) - https:\/\/yoast.com\/product\/yoast-seo-premium-wordpress\/ -->\n<title>Processo Seletivo abre VAGAS para os n\u00edveis fundamental, m\u00e9dio e superior com sal\u00e1rios de at\u00e9 R$ 14.562,51 - Blog Pensar Cursos<\/title>\n<meta name=\"description\" content=\"Voc\u00ea est\u00e1 em busca de uma oportunidade profissional promissora? Um novo processo seletivo acaba de ser anunciado, oferecendo vagas para diversos n\u00edveis de\" \/>\n<meta name=\"robots\" content=\"index, follow, max-snippet:-1, max-image-preview:large, max-video-preview:-1\" \/>\n<link rel=\"canonical\" href=\"https:\/\/www.pensarcursos.com.br\/blog\/processo-seletivo-abre-vagas-para-os-niveis-fundamental-medio-e-superior-com-salarios-de-ate-r-14-56251\/\" \/>\n<meta property=\"og:locale\" content=\"pt_BR\" \/>\n<meta property=\"og:type\" content=\"article\" \/>\n<meta property=\"og:title\" content=\"Processo Seletivo abre VAGAS para os n\u00edveis fundamental, m\u00e9dio e superior com sal\u00e1rios de at\u00e9 R$ 14.562,51\" \/>\n<meta property=\"og:description\" content=\"Voc\u00ea est\u00e1 em busca de uma oportunidade profissional promissora? Um novo processo seletivo acaba de ser anunciado, oferecendo vagas para diversos n\u00edveis de\" \/>\n<meta property=\"og:url\" content=\"https:\/\/www.pensarcursos.com.br\/blog\/processo-seletivo-abre-vagas-para-os-niveis-fundamental-medio-e-superior-com-salarios-de-ate-r-14-56251\/\" \/>\n<meta property=\"og:site_name\" content=\"Blog Pensar Cursos\" \/>\n<meta property=\"article:publisher\" content=\"https:\/\/www.facebook.com\/pensarcursos\/\" \/>\n<meta property=\"article:published_time\" content=\"2025-01-11T13:09:48+00:00\" \/>\n<meta property=\"og:image\" content=\"https:\/\/www.pensarcursos.com.br\/blog\/wp-content\/uploads\/2025\/01\/202-6.jpg\" \/>\n\t<meta property=\"og:image:width\" content=\"1200\" \/>\n\t<meta property=\"og:image:height\" content=\"800\" \/>\n\t<meta property=\"og:image:type\" content=\"image\/jpeg\" \/>\n<meta name=\"author\" content=\"F\u00e1tima Azevedo\" \/>\n<meta name=\"twitter:card\" content=\"summary_large_image\" \/>\n<meta name=\"twitter:label1\" content=\"Escrito por\" \/>\n\t<meta name=\"twitter:data1\" content=\"F\u00e1tima Azevedo\" \/>\n\t<meta name=\"twitter:label2\" content=\"Est. tempo de leitura\" \/>\n\t<meta name=\"twitter:data2\" content=\"4 minutos\" \/>\n<!-- \/ Yoast SEO Premium plugin. -->","yoast_head_json":{"title":"Processo Seletivo abre VAGAS para os n\u00edveis fundamental, m\u00e9dio e superior com sal\u00e1rios de at\u00e9 R$ 14.562,51 - Blog Pensar Cursos","description":"Voc\u00ea est\u00e1 em busca de uma oportunidade profissional promissora? Um novo processo seletivo acaba de ser anunciado, oferecendo vagas para diversos n\u00edveis de","robots":{"index":"index","follow":"follow","max-snippet":"max-snippet:-1","max-image-preview":"max-image-preview:large","max-video-preview":"max-video-preview:-1"},"canonical":"https:\/\/www.pensarcursos.com.br\/blog\/processo-seletivo-abre-vagas-para-os-niveis-fundamental-medio-e-superior-com-salarios-de-ate-r-14-56251\/","og_locale":"pt_BR","og_type":"article","og_title":"Processo Seletivo abre VAGAS para os n\u00edveis fundamental, m\u00e9dio e superior com sal\u00e1rios de at\u00e9 R$ 14.562,51","og_description":"Voc\u00ea est\u00e1 em busca de uma oportunidade profissional promissora? Um novo processo seletivo acaba de ser anunciado, oferecendo vagas para diversos n\u00edveis de","og_url":"https:\/\/www.pensarcursos.com.br\/blog\/processo-seletivo-abre-vagas-para-os-niveis-fundamental-medio-e-superior-com-salarios-de-ate-r-14-56251\/","og_site_name":"Blog Pensar Cursos","article_publisher":"https:\/\/www.facebook.com\/pensarcursos\/","article_published_time":"2025-01-11T13:09:48+00:00","og_image":[{"width":1200,"height":800,"url":"https:\/\/www.pensarcursos.com.br\/blog\/wp-content\/uploads\/2025\/01\/202-6.jpg","type":"image\/jpeg"}],"author":"F\u00e1tima Azevedo","twitter_card":"summary_large_image","twitter_misc":{"Escrito por":"F\u00e1tima Azevedo","Est. tempo de leitura":"4 minutos"},"schema":{"@context":"https:\/\/schema.org","@graph":[{"@type":["Article","BlogPosting"],"@id":"https:\/\/www.pensarcursos.com.br\/blog\/processo-seletivo-abre-vagas-para-os-niveis-fundamental-medio-e-superior-com-salarios-de-ate-r-14-56251\/#article","isPartOf":{"@id":"https:\/\/www.pensarcursos.com.br\/blog\/processo-seletivo-abre-vagas-para-os-niveis-fundamental-medio-e-superior-com-salarios-de-ate-r-14-56251\/"},"author":{"name":"F\u00e1tima Azevedo","@id":"https:\/\/www.pensarcursos.com.br\/blog\/#\/schema\/person\/827343e4611913410dcf62144b5b2a2d"},"headline":"Processo Seletivo abre VAGAS para os n\u00edveis fundamental, m\u00e9dio e superior com sal\u00e1rios de at\u00e9 R$ 14.562,51","datePublished":"2025-01-11T13:09:48+00:00","mainEntityOfPage":{"@id":"https:\/\/www.pensarcursos.com.br\/blog\/processo-seletivo-abre-vagas-para-os-niveis-fundamental-medio-e-superior-com-salarios-de-ate-r-14-56251\/"},"wordCount":794,"commentCount":0,"publisher":{"@id":"https:\/\/www.pensarcursos.com.br\/blog\/#organization"},"image":{"@id":"https:\/\/www.pensarcursos.com.br\/blog\/processo-seletivo-abre-vagas-para-os-niveis-fundamental-medio-e-superior-com-salarios-de-ate-r-14-56251\/#primaryimage"},"thumbnailUrl":"https:\/\/www.pensarcursos.com.br\/blog\/wp-content\/uploads\/2025\/01\/202-6.jpg","keywords":["Processo Seletivo da Prefeitura Municipal de Praia Grande - SC","Vagas na Prefeitura Municipal de Praia Grande - SC"],"articleSection":["Concursos Previstos"],"inLanguage":"pt-BR","potentialAction":[{"@type":"CommentAction","name":"Comment","target":["https:\/\/www.pensarcursos.com.br\/blog\/processo-seletivo-abre-vagas-para-os-niveis-fundamental-medio-e-superior-com-salarios-de-ate-r-14-56251\/#respond"]}],"copyrightYear":"2025","copyrightHolder":{"@id":"https:\/\/www.pensarcursos.com.br\/blog\/#organization"}},{"@type":"WebPage","@id":"https:\/\/www.pensarcursos.com.br\/blog\/processo-seletivo-abre-vagas-para-os-niveis-fundamental-medio-e-superior-com-salarios-de-ate-r-14-56251\/","url":"https:\/\/www.pensarcursos.com.br\/blog\/processo-seletivo-abre-vagas-para-os-niveis-fundamental-medio-e-superior-com-salarios-de-ate-r-14-56251\/","name":"Processo Seletivo abre VAGAS para os n\u00edveis fundamental, m\u00e9dio e superior com sal\u00e1rios de at\u00e9 R$ 14.562,51 - Blog Pensar Cursos","isPartOf":{"@id":"https:\/\/www.pensarcursos.com.br\/blog\/#website"},"primaryImageOfPage":{"@id":"https:\/\/www.pensarcursos.com.br\/blog\/processo-seletivo-abre-vagas-para-os-niveis-fundamental-medio-e-superior-com-salarios-de-ate-r-14-56251\/#primaryimage"},"image":{"@id":"https:\/\/www.pensarcursos.com.br\/blog\/processo-seletivo-abre-vagas-para-os-niveis-fundamental-medio-e-superior-com-salarios-de-ate-r-14-56251\/#primaryimage"},"thumbnailUrl":"https:\/\/www.pensarcursos.com.br\/blog\/wp-content\/uploads\/2025\/01\/202-6.jpg","datePublished":"2025-01-11T13:09:48+00:00","description":"Voc\u00ea est\u00e1 em busca de uma oportunidade profissional promissora? Um novo processo seletivo acaba de ser anunciado, oferecendo vagas para diversos n\u00edveis de","breadcrumb":{"@id":"https:\/\/www.pensarcursos.com.br\/blog\/processo-seletivo-abre-vagas-para-os-niveis-fundamental-medio-e-superior-com-salarios-de-ate-r-14-56251\/#breadcrumb"},"inLanguage":"pt-BR","potentialAction":[{"@type":"ReadAction","target":["https:\/\/www.pensarcursos.com.br\/blog\/processo-seletivo-abre-vagas-para-os-niveis-fundamental-medio-e-superior-com-salarios-de-ate-r-14-56251\/"]}]},{"@type":"ImageObject","inLanguage":"pt-BR","@id":"https:\/\/www.pensarcursos.com.br\/blog\/processo-seletivo-abre-vagas-para-os-niveis-fundamental-medio-e-superior-com-salarios-de-ate-r-14-56251\/#primaryimage","url":"https:\/\/www.pensarcursos.com.br\/blog\/wp-content\/uploads\/2025\/01\/202-6.jpg","contentUrl":"https:\/\/www.pensarcursos.com.br\/blog\/wp-content\/uploads\/2025\/01\/202-6.jpg","width":1200,"height":800,"caption":"A sele\u00e7\u00e3o prev\u00ea prova escrita objetiva para todos os cargos, prevista para o dia 8 de fevereiro de 2025. Imagem: Freepik"},{"@type":"BreadcrumbList","@id":"https:\/\/www.pensarcursos.com.br\/blog\/processo-seletivo-abre-vagas-para-os-niveis-fundamental-medio-e-superior-com-salarios-de-ate-r-14-56251\/#breadcrumb","itemListElement":[{"@type":"ListItem","position":1,"name":"Home","item":"https:\/\/www.pensarcursos.com.br\/blog\/"},{"@type":"ListItem","position":2,"name":"Processo Seletivo abre VAGAS para os n\u00edveis fundamental, m\u00e9dio e superior com sal\u00e1rios de at\u00e9 R$ 14.562,51"}]},{"@type":"WebSite","@id":"https:\/\/www.pensarcursos.com.br\/blog\/#website","url":"https:\/\/www.pensarcursos.com.br\/blog\/","name":"Blog Pensar Cursos","description":"Maior Site de Cursos do Brasil","publisher":{"@id":"https:\/\/www.pensarcursos.com.br\/blog\/#organization"},"alternateName":"Blog Pensar","potentialAction":[{"@type":"SearchAction","target":{"@type":"EntryPoint","urlTemplate":"https:\/\/www.pensarcursos.com.br\/blog\/?s={search_term_string}"},"query-input":{"@type":"PropertyValueSpecification","valueRequired":true,"valueName":"search_term_string"}}],"inLanguage":"pt-BR"},{"@type":"Organization","@id":"https:\/\/www.pensarcursos.com.br\/blog\/#organization","name":"Pensar Cursos","alternateName":"Blog pensar","url":"https:\/\/www.pensarcursos.com.br\/blog\/","logo":{"@type":"ImageObject","inLanguage":"pt-BR","@id":"https:\/\/www.pensarcursos.com.br\/blog\/#\/schema\/logo\/image\/","url":"https:\/\/www.pensarcursos.com.br\/blog\/wp-content\/uploads\/2023\/11\/Nova-Logo-Pensar-Cursos-vertical.png","contentUrl":"https:\/\/www.pensarcursos.com.br\/blog\/wp-content\/uploads\/2023\/11\/Nova-Logo-Pensar-Cursos-vertical.png","width":1393,"height":1001,"caption":"Pensar Cursos"},"image":{"@id":"https:\/\/www.pensarcursos.com.br\/blog\/#\/schema\/logo\/image\/"},"sameAs":["https:\/\/www.facebook.com\/pensarcursos\/","https:\/\/instagram.com.br\/pensarcursos"],"description":"Pensar Cursos \u00e9 uma empresa especializada em oferecer cursos de alta qualidade voltados para o desenvolvimento profissional e acad\u00eamico. Com uma ampla gama de op\u00e7\u00f5es de treinamento, oferecemos conte\u00fados atualizados, ministrados por especialistas da \u00e1rea, para capacitar indiv\u00edduos e equipes a atingirem seus objetivos. Nossa miss\u00e3o \u00e9 proporcionar uma educa\u00e7\u00e3o transformadora, acess\u00edvel e personalizada para cada aluno, seja em cursos presenciais ou online. Com uma abordagem inovadora, buscamos adaptar os nossos programas de ensino \u00e0s necessidades do mercado, criando solu\u00e7\u00f5es que atendem aos desafios e exig\u00eancias do mundo corporativo e acad\u00eamico. Nossos cursos incluem desde forma\u00e7\u00f5es t\u00e9cnicas at\u00e9 habilidades essenciais, como lideran\u00e7a, gest\u00e3o e desenvolvimento pessoal.","email":"contato@pensarcursos.com.br","legalName":"Sena Servi\u00e7os de Informa\u00e7\u00e3o Online LTDA","foundingDate":"2013-04-18","vatID":"17956217000172","numberOfEmployees":{"@type":"QuantitativeValue","minValue":"11","maxValue":"50"},"publishingPrinciples":"https:\/\/www.pensarcursos.com.br\/blog\/principios-de-publicacao\/","ownershipFundingInfo":"https:\/\/www.pensarcursos.com.br\/blog\/informacoes-de-propriedade-financiamento\/","actionableFeedbackPolicy":"https:\/\/www.pensarcursos.com.br\/blog\/politica-de-feedback-acionavel\/","correctionsPolicy":"https:\/\/www.pensarcursos.com.br\/blog\/politica-de-correcoes\/","ethicsPolicy":"https:\/\/www.pensarcursos.com.br\/blog\/politica-de-etica\/"},{"@type":"Person","@id":"https:\/\/www.pensarcursos.com.br\/blog\/#\/schema\/person\/827343e4611913410dcf62144b5b2a2d","name":"F\u00e1tima Azevedo","image":{"@type":"ImageObject","inLanguage":"pt-BR","@id":"https:\/\/secure.gravatar.com\/avatar\/ea820c84e212573cc3f119ba576278fe7ad07b69ed7ca0c33223662227bb77ca?s=96&d=mm&r=g","url":"https:\/\/secure.gravatar.com\/avatar\/ea820c84e212573cc3f119ba576278fe7ad07b69ed7ca0c33223662227bb77ca?s=96&d=mm&r=g","contentUrl":"https:\/\/secure.gravatar.com\/avatar\/ea820c84e212573cc3f119ba576278fe7ad07b69ed7ca0c33223662227bb77ca?s=96&d=mm&r=g","caption":"F\u00e1tima Azevedo"},"description":"Graduada em Ci\u00eancias Biol\u00f3gicas. Professora. Redatora grupo Sena Online.","sameAs":["https:\/\/www.linkedin.com\/in\/maria-de-f\u00e1tima-oliveira-da-costa-74a1692a7"],"url":"https:\/\/www.pensarcursos.com.br\/blog\/author\/fatima\/"}]}},"_links":{"self":[{"href":"https:\/\/www.pensarcursos.com.br\/blog\/wp-json\/wp\/v2\/posts\/85464","targetHints":{"allow":["GET"]}}],"collection":[{"href":"https:\/\/www.pensarcursos.com.br\/blog\/wp-json\/wp\/v2\/posts"}],"about":[{"href":"https:\/\/www.pensarcursos.com.br\/blog\/wp-json\/wp\/v2\/types\/post"}],"author":[{"embeddable":true,"href":"https:\/\/www.pensarcursos.com.br\/blog\/wp-json\/wp\/v2\/users\/41"}],"replies":[{"embeddable":true,"href":"https:\/\/www.pensarcursos.com.br\/blog\/wp-json\/wp\/v2\/comments?post=85464"}],"version-history":[{"count":0,"href":"https:\/\/www.pensarcursos.com.br\/blog\/wp-json\/wp\/v2\/posts\/85464\/revisions"}],"wp:featuredmedia":[{"embeddable":true,"href":"https:\/\/www.pensarcursos.com.br\/blog\/wp-json\/wp\/v2\/media\/85466"}],"wp:attachment":[{"href":"https:\/\/www.pensarcursos.com.br\/blog\/wp-json\/wp\/v2\/media?parent=85464"}],"wp:term":[{"taxonomy":"category","embeddable":true,"href":"https:\/\/www.pensarcursos.com.br\/blog\/wp-json\/wp\/v2\/categories?post=85464"},{"taxonomy":"post_tag","embeddable":true,"href":"https:\/\/www.pensarcursos.com.br\/blog\/wp-json\/wp\/v2\/tags?post=85464"}],"curies":[{"name":"wp","href":"https:\/\/api.w.org\/{rel}","templated":true}]}}