{"id":84983,"date":"2025-01-08T14:49:54","date_gmt":"2025-01-08T17:49:54","guid":{"rendered":"https:\/\/www.pensarcursos.com.br\/blog\/?p=84983"},"modified":"2025-04-24T16:41:18","modified_gmt":"2025-04-24T19:41:18","slug":"concurso-mpu-lancado-edital-com-152-vagas-disponiveis-e-salarios-de-ate-r139-mil","status":"publish","type":"post","link":"https:\/\/www.pensarcursos.com.br\/blog\/concurso-mpu-lancado-edital-com-152-vagas-disponiveis-e-salarios-de-ate-r139-mil\/","title":{"rendered":"Concurso MPU: lan\u00e7ado edital com 152 vagas dispon\u00edveis e sal\u00e1rios de at\u00e9 R$13,9 MIL"},"content":{"rendered":"<p>O Minist\u00e9rio P\u00fablico da Uni\u00e3o<strong> (MPU)<\/strong> acaba de lan\u00e7ar um dos concursos mais aguardados do ano. Com<strong> 152 vagas<\/strong> de n\u00edvel superior e remunera\u00e7\u00f5es que chegam a <strong>R$13.994,78,<\/strong> o certame promete atrair milhares de candidatos em busca de estabilidade e crescimento profissional. Veja a seguir as principais informa\u00e7\u00f5es detalhadas sobre o <strong>concurso MPU<\/strong>, abordando desde as vagas dispon\u00edveis at\u00e9 as etapas do processo de sele\u00e7\u00e3o.<\/p>\n<h2>Panorama geral do Concurso MPU<\/h2>\n<p>O <a href=\"https:\/\/www.pensarcursos.com.br\/blog\/novo-concurso-da-camara-municipal-com-salario-de-r-3-89320-veja-como-se-inscrever\/\">concurso<\/a> MPU 2025 oferece oportunidades para as carreiras de t\u00e9cnicos e analistas, com uma distribui\u00e7\u00e3o de vagas que contempla diversas especialidades. A sele\u00e7\u00e3o tem abrang\u00eancia nacional, mas com concorr\u00eancia regionalizada, permitindo que os candidatos escolham o estado onde desejam atuar.<\/p>\n<h3>Distribui\u00e7\u00e3o das vagas<\/h3>\n<p>As 152 vagas est\u00e3o distribu\u00eddas entre os cargos de t\u00e9cnico e analista, com reserva de 20% para candidatos negros e 10% para pessoas com defici\u00eancia.<\/p>\n<h3>Remunera\u00e7\u00e3o e benef\u00edcios<\/h3>\n<p>Os aprovados no <a href=\"https:\/\/www.pensarcursos.com.br\/blog\/contagem-regressiva-concurso-com-vagas-para-todos-os-niveis-e-salarios-de-ate-r56-mil-encerra-inscricoes-quarta-08\/\">concurso<\/a> MPU podem esperar as seguintes remunera\u00e7\u00f5es:<\/p>\n<ul class=\"!whitespace-normal list-disc ml-5\">\n<li class=\"pb-1\">T\u00e9cnicos: at\u00e9 R$ 8.046,84<\/li>\n<li class=\"pb-1\">Analistas: at\u00e9 R$ 13.994,78<\/li>\n<\/ul>\n<p>Al\u00e9m dos sal\u00e1rios, os servidores do MPU contam com benef\u00edcios adicionais, como aux\u00edlio-alimenta\u00e7\u00e3o, aux\u00edlio-transporte e plano de sa\u00fade.<\/p>\n<h2>Especialidades contempladas<\/h2>\n<p>O edital do <a href=\"https:\/\/www.pensarcursos.com.br\/blog\/concurso-para-os-cargos-de-contador-auxiliar-administrativo-e-auxiliar-de-servicos-gerais-ja-esta-com-inscricoes-abertas-salarios-de-ate-r-3-55000\/\">concurso<\/a> MPU apresenta uma variedade de especialidades para os cargos de t\u00e9cnico e analista, atendendo \u00e0s diversas necessidades do \u00f3rg\u00e3o.<\/p>\n<h3>T\u00e9cnicos do MPU<\/h3>\n<p>As \u00e1reas dispon\u00edveis para t\u00e9cnicos incluem:<\/p>\n<ul class=\"!whitespace-normal list-disc ml-5\">\n<li class=\"pb-1\">Administra\u00e7\u00e3o<\/li>\n<li class=\"pb-1\">Inform\u00e1tica<\/li>\n<li class=\"pb-1\">Sa\u00fade Bucal<\/li>\n<li class=\"pb-1\">Seguran\u00e7a Institucional e Transporte<\/li>\n<\/ul>\n<h3>Analistas do MPU<\/h3>\n<p>Para os analistas, as especialidades s\u00e3o ainda mais diversificadas:<\/p>\n<ul class=\"!whitespace-normal list-disc ml-5\">\n<li class=\"pb-1\">Direito<\/li>\n<li class=\"pb-1\">Arquitetura<\/li>\n<li class=\"pb-1\">Engenharia Civil<\/li>\n<li class=\"pb-1\">Estat\u00edstica<\/li>\n<li class=\"pb-1\">Tecnologia da Informa\u00e7\u00e3o<\/li>\n<li class=\"pb-1\">Contabilidade<\/li>\n<li class=\"pb-1\">Gest\u00e3o P\u00fablica<\/li>\n<li class=\"pb-1\">Comunica\u00e7\u00e3o Social<\/li>\n<li class=\"pb-1\">Servi\u00e7o Social<\/li>\n<li class=\"pb-1\">Sa\u00fade (Enfermagem, Fisioterapia, Psicologia)<\/li>\n<\/ul>\n<figure id=\"attachment_84985\" aria-describedby=\"caption-attachment-84985\" style=\"width: 1380px\" class=\"wp-caption alignnone\"><img decoding=\"async\" class=\"wp-image-84985 size-full\" title=\"Concurso ()\" src=\"https:\/\/www.pensarcursos.com.br\/blog\/wp-content\/uploads\/2025\/01\/Concurso-2.jpg\" alt=\"Concurso MPU. Imagem: Freepik\" width=\"1380\" height=\"920\" srcset=\"https:\/\/www.pensarcursos.com.br\/blog\/wp-content\/uploads\/2025\/01\/Concurso-2.jpg 1380w, https:\/\/www.pensarcursos.com.br\/blog\/wp-content\/uploads\/2025\/01\/Concurso-2-300x200.jpg 300w, https:\/\/www.pensarcursos.com.br\/blog\/wp-content\/uploads\/2025\/01\/Concurso-2-1024x683.jpg 1024w, https:\/\/www.pensarcursos.com.br\/blog\/wp-content\/uploads\/2025\/01\/Concurso-2-768x512.jpg 768w\" sizes=\"(max-width: 1380px) 100vw, 1380px\" \/><figcaption id=\"caption-attachment-84985\" class=\"wp-caption-text\">Concurso MPU. Imagem: Freepik<\/figcaption><\/figure>\n<h2>Processo de inscri\u00e7\u00e3o<\/h2>\n<p>As inscri\u00e7\u00f5es para o concurso MPU 2025 ser\u00e3o realizadas exclusivamente pela internet, atrav\u00e9s do <a href=\"https:\/\/conhecimento.fgv.br\/concursos\/mpu2025\" target=\"_blank\" rel=\"noopener\">site da Funda\u00e7\u00e3o Get\u00falio Vargas (FGV)<\/a>, banca organizadora do certame.<\/p>\n<h3>Per\u00edodo e taxas<\/h3>\n<ul class=\"!whitespace-normal list-disc ml-5\">\n<li class=\"pb-1\">In\u00edcio das inscri\u00e7\u00f5es: 13 de janeiro de 2025, \u00e0s 16h<\/li>\n<li class=\"pb-1\">T\u00e9rmino das inscri\u00e7\u00f5es: 27 de fevereiro de 2025, \u00e0s 16h<\/li>\n<li class=\"pb-1\">Taxa para t\u00e9cnicos: R$ 95,00<\/li>\n<li class=\"pb-1\">Taxa para analistas: R$ 120,00<\/li>\n<\/ul>\n<p>O prazo para pagamento da taxa de inscri\u00e7\u00e3o se estende <strong>at\u00e9 28 de fevereiro<\/strong> de 2025.<\/p>\n<h3>Isen\u00e7\u00e3o da taxa<\/h3>\n<p>Candidatos que se enquadram em situa\u00e7\u00e3o de baixa renda, inscritos no Cadastro \u00danico para Programas Sociais do Governo Federal (Cad\u00danico), e doadores de medula \u00f3ssea t\u00eam direito \u00e0 isen\u00e7\u00e3o da taxa de inscri\u00e7\u00e3o. O per\u00edodo para solicitar a isen\u00e7\u00e3o \u00e9 de <strong>13 a 15 de janeiro<\/strong> de 2025, tamb\u00e9m atrav\u00e9s do site da FGV.<\/p>\n<h2>Etapas do concurso<\/h2>\n<p>O processo de sele\u00e7\u00e3o do concurso MPU 2025 ser\u00e1 composto por diferentes etapas, variando de acordo com o cargo pretendido.<\/p>\n<h3>Provas objetivas e discursivas<\/h3>\n<p>As provas est\u00e3o agendadas para<strong> 4 de maio<\/strong> de 2025, ocorrendo em todas as capitais brasileiras e no Distrito Federal. Os hor\u00e1rios de aplica\u00e7\u00e3o ser\u00e3o:<\/p>\n<ul class=\"!whitespace-normal list-disc ml-5\">\n<li class=\"pb-1\">Analistas: das 8h \u00e0s 12h30<\/li>\n<li class=\"pb-1\">T\u00e9cnicos: das 15h \u00e0s 19h30<\/li>\n<\/ul>\n<p>A prova objetiva ser\u00e1 composta por 80 quest\u00f5es, divididas em dois m\u00f3dulos:<\/p>\n<ul class=\"!whitespace-normal list-disc ml-5\">\n<li class=\"pb-1\">M\u00f3dulo I (Conhecimentos Gerais): 50 quest\u00f5es<\/li>\n<li class=\"pb-1\">M\u00f3dulo II (Conhecimentos Espec\u00edficos): 30 quest\u00f5es<\/li>\n<\/ul>\n<p>A prova discursiva, aplicada para todos os cargos exceto policial institucional, consistir\u00e1 em uma reda\u00e7\u00e3o dissertativo-argumentativa de 20 a 30 linhas, valendo at\u00e9 40 pontos.<\/p>\n<h3>Crit\u00e9rios de aprova\u00e7\u00e3o<\/h3>\n<p>Para ser aprovado, o candidato dever\u00e1:<\/p>\n<ol class=\"!whitespace-normal list-decimal ml-5\">\n<li class=\"pb-1\">Acertar no m\u00ednimo 50% das quest\u00f5es de Conhecimentos Gerais<\/li>\n<li class=\"pb-1\">Acertar no m\u00ednimo 50% das quest\u00f5es de Conhecimentos Espec\u00edficos<\/li>\n<li class=\"pb-1\">Obter nota igual ou superior a 20 pontos na prova discursiva<\/li>\n<\/ol>\n<h3>Etapas espec\u00edficas para Policial Institucional<\/h3>\n<p>Os candidatos ao cargo de policial institucional do MPU ter\u00e3o etapas adicionais:<\/p>\n<ol class=\"!whitespace-normal list-decimal ml-5\">\n<li class=\"pb-1\">Teste de Aptid\u00e3o F\u00edsica (TAF)<\/li>\n<li class=\"pb-1\">Exame M\u00e9dico<\/li>\n<li class=\"pb-1\">Curso de Forma\u00e7\u00e3o<\/li>\n<\/ol>\n<p>Estas etapas substituem a prova discursiva para este cargo espec\u00edfico.<\/p>\n<h2>Validade do concurso<\/h2>\n<p>O concurso MPU 2025 ter\u00e1 validade inicial de dois anos, podendo ser prorrogado por igual per\u00edodo, totalizando at\u00e9 quatro anos. Durante este prazo, o \u00f3rg\u00e3o poder\u00e1 convocar os aprovados conforme a necessidade e disponibilidade de vagas.<\/p>\n<h2>Prepara\u00e7\u00e3o para o concurso<\/h2>\n<p>Considerando a alta competitividade do concurso MPU, \u00e9 essencial que os candidatos iniciem sua prepara\u00e7\u00e3o o quanto antes. Algumas dicas importantes incluem:<\/p>\n<ol class=\"!whitespace-normal list-decimal ml-5\">\n<li class=\"pb-1\">Estudar o <a href=\"https:\/\/www.in.gov.br\/web\/dou\/-\/edital-n-1-de-6-de-janeiro-de-2025-606059731\" target=\"_blank\" rel=\"noopener\">edital<\/a> detalhadamente<\/li>\n<li class=\"pb-1\">Elaborar um cronograma de estudos<\/li>\n<li class=\"pb-1\">Utilizar materiais espec\u00edficos para concursos<\/li>\n<li class=\"pb-1\">Resolver quest\u00f5es de provas anteriores<\/li>\n<li class=\"pb-1\">Praticar reda\u00e7\u00e3o regularmente<\/li>\n<li class=\"pb-1\">Manter-se informado sobre atualidades relacionadas ao<\/li>\n<\/ol>\n<div class=\"jeg_video_container jeg_video_content\"><iframe title=\"Concursos p\u00fablicos 2025: Confira as oportunidades previstas no Par\u00e1\" width=\"500\" height=\"281\" src=\"https:\/\/www.youtube.com\/embed\/Ljw-zu32ArU?feature=oembed\" frameborder=\"0\" allow=\"accelerometer; autoplay; clipboard-write; encrypted-media; gyroscope; picture-in-picture; web-share\" referrerpolicy=\"strict-origin-when-cross-origin\" allowfullscreen><\/iframe><\/div>\n","protected":false},"excerpt":{"rendered":"<p>O Minist\u00e9rio P\u00fablico da Uni\u00e3o (MPU) acaba de lan\u00e7ar um dos concursos mais aguardados do ano. Com 152 vagas de n\u00edvel superior e remunera\u00e7\u00f5es que chegam a R$13.994,78, o certame promete atrair milhares de candidatos em busca de estabilidade e crescimento profissional. Veja a seguir as principais informa\u00e7\u00f5es detalhadas sobre o concurso MPU, abordando desde [&hellip;]<\/p>\n","protected":false},"author":40,"featured_media":84986,"comment_status":"open","ping_status":"closed","sticky":false,"template":"","format":"standard","meta":{"jnews-multi-image_gallery":[],"jnews_single_post":[],"jnews_primary_category":[],"jnews_social_meta":[],"jnews_override_counter":[],"footnotes":""},"categories":[29],"tags":[18357,24329,24330],"class_list":["post-84983","post","type-post","status-publish","format-standard","has-post-thumbnail","hentry","category-concursos","tag-concurso-mpu","tag-edital-do-concurso-mpu","tag-inscricoes-para-o-concurso-mpu"],"yoast_head":"<!-- This site is optimized with the Yoast SEO Premium plugin v27.4 (Yoast SEO v27.4) - https:\/\/yoast.com\/product\/yoast-seo-premium-wordpress\/ -->\n<title>Concurso MPU: lan\u00e7ado edital com 152 vagas dispon\u00edveis e sal\u00e1rios de at\u00e9 R$13,9 MIL - Blog Pensar Cursos<\/title>\n<meta name=\"description\" content=\"O Minist\u00e9rio P\u00fablico da Uni\u00e3o (MPU) acaba de lan\u00e7ar um dos concursos mais aguardados do ano. Com 152 vagas de n\u00edvel superior e remunera\u00e7\u00f5es que chegam a\" \/>\n<meta name=\"robots\" content=\"index, follow, max-snippet:-1, max-image-preview:large, max-video-preview:-1\" \/>\n<link rel=\"canonical\" href=\"https:\/\/www.pensarcursos.com.br\/blog\/concurso-mpu-lancado-edital-com-152-vagas-disponiveis-e-salarios-de-ate-r139-mil\/\" \/>\n<meta property=\"og:locale\" content=\"pt_BR\" \/>\n<meta property=\"og:type\" content=\"article\" \/>\n<meta property=\"og:title\" content=\"Concurso MPU: lan\u00e7ado edital com 152 vagas dispon\u00edveis e sal\u00e1rios de at\u00e9 R$13,9 MIL\" \/>\n<meta property=\"og:description\" content=\"O Minist\u00e9rio P\u00fablico da Uni\u00e3o (MPU) acaba de lan\u00e7ar um dos concursos mais aguardados do ano. Com 152 vagas de n\u00edvel superior e remunera\u00e7\u00f5es que chegam a\" \/>\n<meta property=\"og:url\" content=\"https:\/\/www.pensarcursos.com.br\/blog\/concurso-mpu-lancado-edital-com-152-vagas-disponiveis-e-salarios-de-ate-r139-mil\/\" \/>\n<meta property=\"og:site_name\" content=\"Blog Pensar Cursos\" \/>\n<meta property=\"article:publisher\" content=\"https:\/\/www.facebook.com\/pensarcursos\/\" \/>\n<meta property=\"article:published_time\" content=\"2025-01-08T17:49:54+00:00\" \/>\n<meta property=\"article:modified_time\" content=\"2025-04-24T19:41:18+00:00\" \/>\n<meta property=\"og:image\" content=\"https:\/\/www.pensarcursos.com.br\/blog\/wp-content\/uploads\/2025\/01\/MPU-Agencia.webp\" \/>\n\t<meta property=\"og:image:width\" content=\"1170\" \/>\n\t<meta property=\"og:image:height\" content=\"700\" \/>\n\t<meta property=\"og:image:type\" content=\"image\/webp\" \/>\n<meta name=\"author\" content=\"Lara Lorrane\" \/>\n<meta name=\"twitter:card\" content=\"summary_large_image\" \/>\n<meta name=\"twitter:label1\" content=\"Escrito por\" \/>\n\t<meta name=\"twitter:data1\" content=\"Lara Lorrane\" \/>\n\t<meta name=\"twitter:label2\" content=\"Est. tempo de leitura\" \/>\n\t<meta name=\"twitter:data2\" content=\"4 minutos\" \/>\n<!-- \/ Yoast SEO Premium plugin. -->","yoast_head_json":{"title":"Concurso MPU: lan\u00e7ado edital com 152 vagas dispon\u00edveis e sal\u00e1rios de at\u00e9 R$13,9 MIL - Blog Pensar Cursos","description":"O Minist\u00e9rio P\u00fablico da Uni\u00e3o (MPU) acaba de lan\u00e7ar um dos concursos mais aguardados do ano. Com 152 vagas de n\u00edvel superior e remunera\u00e7\u00f5es que chegam a","robots":{"index":"index","follow":"follow","max-snippet":"max-snippet:-1","max-image-preview":"max-image-preview:large","max-video-preview":"max-video-preview:-1"},"canonical":"https:\/\/www.pensarcursos.com.br\/blog\/concurso-mpu-lancado-edital-com-152-vagas-disponiveis-e-salarios-de-ate-r139-mil\/","og_locale":"pt_BR","og_type":"article","og_title":"Concurso MPU: lan\u00e7ado edital com 152 vagas dispon\u00edveis e sal\u00e1rios de at\u00e9 R$13,9 MIL","og_description":"O Minist\u00e9rio P\u00fablico da Uni\u00e3o (MPU) acaba de lan\u00e7ar um dos concursos mais aguardados do ano. Com 152 vagas de n\u00edvel superior e remunera\u00e7\u00f5es que chegam a","og_url":"https:\/\/www.pensarcursos.com.br\/blog\/concurso-mpu-lancado-edital-com-152-vagas-disponiveis-e-salarios-de-ate-r139-mil\/","og_site_name":"Blog Pensar Cursos","article_publisher":"https:\/\/www.facebook.com\/pensarcursos\/","article_published_time":"2025-01-08T17:49:54+00:00","article_modified_time":"2025-04-24T19:41:18+00:00","og_image":[{"width":1170,"height":700,"url":"https:\/\/www.pensarcursos.com.br\/blog\/wp-content\/uploads\/2025\/01\/MPU-Agencia.webp","type":"image\/webp"}],"author":"Lara Lorrane","twitter_card":"summary_large_image","twitter_misc":{"Escrito por":"Lara Lorrane","Est. tempo de leitura":"4 minutos"},"schema":{"@context":"https:\/\/schema.org","@graph":[{"@type":["Article","BlogPosting"],"@id":"https:\/\/www.pensarcursos.com.br\/blog\/concurso-mpu-lancado-edital-com-152-vagas-disponiveis-e-salarios-de-ate-r139-mil\/#article","isPartOf":{"@id":"https:\/\/www.pensarcursos.com.br\/blog\/concurso-mpu-lancado-edital-com-152-vagas-disponiveis-e-salarios-de-ate-r139-mil\/"},"author":{"name":"Lara Lorrane","@id":"https:\/\/www.pensarcursos.com.br\/blog\/#\/schema\/person\/376c48e3b507a6a35670b83640abbc15"},"headline":"Concurso MPU: lan\u00e7ado edital com 152 vagas dispon\u00edveis e sal\u00e1rios de at\u00e9 R$13,9 MIL","datePublished":"2025-01-08T17:49:54+00:00","dateModified":"2025-04-24T19:41:18+00:00","mainEntityOfPage":{"@id":"https:\/\/www.pensarcursos.com.br\/blog\/concurso-mpu-lancado-edital-com-152-vagas-disponiveis-e-salarios-de-ate-r139-mil\/"},"wordCount":770,"commentCount":0,"publisher":{"@id":"https:\/\/www.pensarcursos.com.br\/blog\/#organization"},"image":{"@id":"https:\/\/www.pensarcursos.com.br\/blog\/concurso-mpu-lancado-edital-com-152-vagas-disponiveis-e-salarios-de-ate-r139-mil\/#primaryimage"},"thumbnailUrl":"https:\/\/www.pensarcursos.com.br\/blog\/wp-content\/uploads\/2025\/01\/MPU-Agencia.webp","keywords":["Concurso MPU","Edital do Concurso MPU","Inscri\u00e7\u00f5es para o Concurso MPU"],"articleSection":["Concursos P\u00fablicos"],"inLanguage":"pt-BR","potentialAction":[{"@type":"CommentAction","name":"Comment","target":["https:\/\/www.pensarcursos.com.br\/blog\/concurso-mpu-lancado-edital-com-152-vagas-disponiveis-e-salarios-de-ate-r139-mil\/#respond"]}],"copyrightYear":"2025","copyrightHolder":{"@id":"https:\/\/www.pensarcursos.com.br\/blog\/#organization"}},{"@type":"WebPage","@id":"https:\/\/www.pensarcursos.com.br\/blog\/concurso-mpu-lancado-edital-com-152-vagas-disponiveis-e-salarios-de-ate-r139-mil\/","url":"https:\/\/www.pensarcursos.com.br\/blog\/concurso-mpu-lancado-edital-com-152-vagas-disponiveis-e-salarios-de-ate-r139-mil\/","name":"Concurso MPU: lan\u00e7ado edital com 152 vagas dispon\u00edveis e sal\u00e1rios de at\u00e9 R$13,9 MIL - Blog Pensar Cursos","isPartOf":{"@id":"https:\/\/www.pensarcursos.com.br\/blog\/#website"},"primaryImageOfPage":{"@id":"https:\/\/www.pensarcursos.com.br\/blog\/concurso-mpu-lancado-edital-com-152-vagas-disponiveis-e-salarios-de-ate-r139-mil\/#primaryimage"},"image":{"@id":"https:\/\/www.pensarcursos.com.br\/blog\/concurso-mpu-lancado-edital-com-152-vagas-disponiveis-e-salarios-de-ate-r139-mil\/#primaryimage"},"thumbnailUrl":"https:\/\/www.pensarcursos.com.br\/blog\/wp-content\/uploads\/2025\/01\/MPU-Agencia.webp","datePublished":"2025-01-08T17:49:54+00:00","dateModified":"2025-04-24T19:41:18+00:00","description":"O Minist\u00e9rio P\u00fablico da Uni\u00e3o (MPU) acaba de lan\u00e7ar um dos concursos mais aguardados do ano. Com 152 vagas de n\u00edvel superior e remunera\u00e7\u00f5es que chegam a","breadcrumb":{"@id":"https:\/\/www.pensarcursos.com.br\/blog\/concurso-mpu-lancado-edital-com-152-vagas-disponiveis-e-salarios-de-ate-r139-mil\/#breadcrumb"},"inLanguage":"pt-BR","potentialAction":[{"@type":"ReadAction","target":["https:\/\/www.pensarcursos.com.br\/blog\/concurso-mpu-lancado-edital-com-152-vagas-disponiveis-e-salarios-de-ate-r139-mil\/"]}]},{"@type":"ImageObject","inLanguage":"pt-BR","@id":"https:\/\/www.pensarcursos.com.br\/blog\/concurso-mpu-lancado-edital-com-152-vagas-disponiveis-e-salarios-de-ate-r139-mil\/#primaryimage","url":"https:\/\/www.pensarcursos.com.br\/blog\/wp-content\/uploads\/2025\/01\/MPU-Agencia.webp","contentUrl":"https:\/\/www.pensarcursos.com.br\/blog\/wp-content\/uploads\/2025\/01\/MPU-Agencia.webp","width":1170,"height":700,"caption":"Edital divulgado do Concurso MPU! Imagem: Ag\u00eancia Brasil"},{"@type":"BreadcrumbList","@id":"https:\/\/www.pensarcursos.com.br\/blog\/concurso-mpu-lancado-edital-com-152-vagas-disponiveis-e-salarios-de-ate-r139-mil\/#breadcrumb","itemListElement":[{"@type":"ListItem","position":1,"name":"Home","item":"https:\/\/www.pensarcursos.com.br\/blog\/"},{"@type":"ListItem","position":2,"name":"Concurso MPU: lan\u00e7ado edital com 152 vagas dispon\u00edveis e sal\u00e1rios de at\u00e9 R$13,9 MIL"}]},{"@type":"WebSite","@id":"https:\/\/www.pensarcursos.com.br\/blog\/#website","url":"https:\/\/www.pensarcursos.com.br\/blog\/","name":"Blog Pensar Cursos","description":"Maior Site de Cursos do Brasil","publisher":{"@id":"https:\/\/www.pensarcursos.com.br\/blog\/#organization"},"alternateName":"Blog Pensar","potentialAction":[{"@type":"SearchAction","target":{"@type":"EntryPoint","urlTemplate":"https:\/\/www.pensarcursos.com.br\/blog\/?s={search_term_string}"},"query-input":{"@type":"PropertyValueSpecification","valueRequired":true,"valueName":"search_term_string"}}],"inLanguage":"pt-BR"},{"@type":"Organization","@id":"https:\/\/www.pensarcursos.com.br\/blog\/#organization","name":"Pensar Cursos","alternateName":"Blog pensar","url":"https:\/\/www.pensarcursos.com.br\/blog\/","logo":{"@type":"ImageObject","inLanguage":"pt-BR","@id":"https:\/\/www.pensarcursos.com.br\/blog\/#\/schema\/logo\/image\/","url":"https:\/\/www.pensarcursos.com.br\/blog\/wp-content\/uploads\/2023\/11\/Nova-Logo-Pensar-Cursos-vertical.png","contentUrl":"https:\/\/www.pensarcursos.com.br\/blog\/wp-content\/uploads\/2023\/11\/Nova-Logo-Pensar-Cursos-vertical.png","width":1393,"height":1001,"caption":"Pensar Cursos"},"image":{"@id":"https:\/\/www.pensarcursos.com.br\/blog\/#\/schema\/logo\/image\/"},"sameAs":["https:\/\/www.facebook.com\/pensarcursos\/","https:\/\/instagram.com.br\/pensarcursos"],"description":"Pensar Cursos \u00e9 uma empresa especializada em oferecer cursos de alta qualidade voltados para o desenvolvimento profissional e acad\u00eamico. Com uma ampla gama de op\u00e7\u00f5es de treinamento, oferecemos conte\u00fados atualizados, ministrados por especialistas da \u00e1rea, para capacitar indiv\u00edduos e equipes a atingirem seus objetivos. Nossa miss\u00e3o \u00e9 proporcionar uma educa\u00e7\u00e3o transformadora, acess\u00edvel e personalizada para cada aluno, seja em cursos presenciais ou online. Com uma abordagem inovadora, buscamos adaptar os nossos programas de ensino \u00e0s necessidades do mercado, criando solu\u00e7\u00f5es que atendem aos desafios e exig\u00eancias do mundo corporativo e acad\u00eamico. Nossos cursos incluem desde forma\u00e7\u00f5es t\u00e9cnicas at\u00e9 habilidades essenciais, como lideran\u00e7a, gest\u00e3o e desenvolvimento pessoal.","email":"contato@pensarcursos.com.br","legalName":"Sena Servi\u00e7os de Informa\u00e7\u00e3o Online LTDA","foundingDate":"2013-04-18","vatID":"17956217000172","numberOfEmployees":{"@type":"QuantitativeValue","minValue":"11","maxValue":"50"},"publishingPrinciples":"https:\/\/www.pensarcursos.com.br\/blog\/principios-de-publicacao\/","ownershipFundingInfo":"https:\/\/www.pensarcursos.com.br\/blog\/informacoes-de-propriedade-financiamento\/","actionableFeedbackPolicy":"https:\/\/www.pensarcursos.com.br\/blog\/politica-de-feedback-acionavel\/","correctionsPolicy":"https:\/\/www.pensarcursos.com.br\/blog\/politica-de-correcoes\/","ethicsPolicy":"https:\/\/www.pensarcursos.com.br\/blog\/politica-de-etica\/"},{"@type":"Person","@id":"https:\/\/www.pensarcursos.com.br\/blog\/#\/schema\/person\/376c48e3b507a6a35670b83640abbc15","name":"Lara Lorrane","image":{"@type":"ImageObject","inLanguage":"pt-BR","@id":"https:\/\/secure.gravatar.com\/avatar\/6f99ca37a376ca617f201a1d9a56d0f6b3da26743246f75561ea942f26ef9275?s=96&d=mm&r=g","url":"https:\/\/secure.gravatar.com\/avatar\/6f99ca37a376ca617f201a1d9a56d0f6b3da26743246f75561ea942f26ef9275?s=96&d=mm&r=g","contentUrl":"https:\/\/secure.gravatar.com\/avatar\/6f99ca37a376ca617f201a1d9a56d0f6b3da26743246f75561ea942f26ef9275?s=96&d=mm&r=g","caption":"Lara Lorrane"},"description":"Graduada em Pedagogia e especialista de conte\u00fados relacionados a empregos e concursos do grupo Sena Online. Atua como revisora e pautista.","sameAs":["https:\/\/www.linkedin.com\/in\/laralorrane16\/"],"url":"https:\/\/www.pensarcursos.com.br\/blog\/author\/lara2\/"}]}},"_links":{"self":[{"href":"https:\/\/www.pensarcursos.com.br\/blog\/wp-json\/wp\/v2\/posts\/84983","targetHints":{"allow":["GET"]}}],"collection":[{"href":"https:\/\/www.pensarcursos.com.br\/blog\/wp-json\/wp\/v2\/posts"}],"about":[{"href":"https:\/\/www.pensarcursos.com.br\/blog\/wp-json\/wp\/v2\/types\/post"}],"author":[{"embeddable":true,"href":"https:\/\/www.pensarcursos.com.br\/blog\/wp-json\/wp\/v2\/users\/40"}],"replies":[{"embeddable":true,"href":"https:\/\/www.pensarcursos.com.br\/blog\/wp-json\/wp\/v2\/comments?post=84983"}],"version-history":[{"count":0,"href":"https:\/\/www.pensarcursos.com.br\/blog\/wp-json\/wp\/v2\/posts\/84983\/revisions"}],"wp:featuredmedia":[{"embeddable":true,"href":"https:\/\/www.pensarcursos.com.br\/blog\/wp-json\/wp\/v2\/media\/84986"}],"wp:attachment":[{"href":"https:\/\/www.pensarcursos.com.br\/blog\/wp-json\/wp\/v2\/media?parent=84983"}],"wp:term":[{"taxonomy":"category","embeddable":true,"href":"https:\/\/www.pensarcursos.com.br\/blog\/wp-json\/wp\/v2\/categories?post=84983"},{"taxonomy":"post_tag","embeddable":true,"href":"https:\/\/www.pensarcursos.com.br\/blog\/wp-json\/wp\/v2\/tags?post=84983"}],"curies":[{"name":"wp","href":"https:\/\/api.w.org\/{rel}","templated":true}]}}