{"id":84982,"date":"2025-01-08T12:09:56","date_gmt":"2025-01-08T15:09:56","guid":{"rendered":"https:\/\/www.pensarcursos.com.br\/blog\/?p=84982"},"modified":"2025-05-08T10:37:14","modified_gmt":"2025-05-08T13:37:14","slug":"auxilio-extraordinario-pescador","status":"publish","type":"post","link":"https:\/\/www.pensarcursos.com.br\/blog\/auxilio-extraordinario-pescador\/","title":{"rendered":"Quais CPFs poder\u00e3o receber R$ 2.824 da CAIXA nesta quarta (08), quinta (09) e sexta (10)?"},"content":{"rendered":"<p>Voc\u00ea est\u00e1 ansioso para saber se seu CPF est\u00e1 na lista dos benefici\u00e1rios que receber\u00e3o R$ 2.824 da Caixa Econ\u00f4mica Federal nos pr\u00f3ximos dias? Fique tranquilo, pois ser\u00e1 apresentada todas as informa\u00e7\u00f5es que voc\u00ea precisa!<\/p>\n<p>Saiba os detalhes desse pagamento especial, quem tem direito e como acess\u00e1-lo. Prepare-se para descobrir se voc\u00ea \u00e9 um dos sortudos que poder\u00e3o contar com esse aux\u00edlio financeiro.<\/p>\n<h2>O que \u00e9 o aux\u00edlio?<\/h2>\n<p>O pagamento em quest\u00e3o \u00e9 oficialmente denominado <a href=\"https:\/\/www.pensarcursos.com.br\/blog\/ultima-parcela-do-auxilio-extraordinario-sera-paga-hoje-08-veja-quem-recebe-r-2-640\/\" target=\"_blank\" rel=\"noopener\">Aux\u00edlio Extraordin\u00e1rio<\/a>. Esse benef\u00edcio foi institu\u00eddo pela Medida Provis\u00f3ria n.\u00ba 1.277\/2024, demonstrando a natureza emergencial da situa\u00e7\u00e3o. Mas o que torna esse aux\u00edlio t\u00e3o especial?<\/p>\n<p>Em primeiro lugar, trata-se de uma parcela \u00fanica no valor de<strong> R$ 2.824<\/strong>. Isso significa que o benefici\u00e1rio receber\u00e1 o montante integral de uma s\u00f3 vez, sem a necessidade de aguardar parcelas mensais. Al\u00e9m disso, o pagamento ser\u00e1 realizado diretamente na conta dos benefici\u00e1rios, facilitando o acesso ao recurso.<\/p>\n<p>Outro ponto importante \u00e9 que o <strong>Aux\u00edlio Extraordin\u00e1rio<\/strong> pode ser acessado atrav\u00e9s do aplicativo Caixa Tem. Essa facilidade permite que os benefici\u00e1rios movimentem o valor recebido de forma pr\u00e1tica e segura, diretamente pelo smartphone.<\/p>\n<h2>Entenda o contexto do pagamento<\/h2>\n<p>Antes de conhecer os detalhes sobre quem receber\u00e1 o pagamento, \u00e9 importante compreender o contexto dessa a\u00e7\u00e3o. O governo federal, em parceria com a Caixa Econ\u00f4mica Federal, est\u00e1 implementando uma medida de apoio financeiro para um grupo espec\u00edfico de cidad\u00e3os. Mas quem s\u00e3o essas pessoas e por que est\u00e3o recebendo esse valor?<\/p>\n<p>A resposta est\u00e1 relacionada a um evento clim\u00e1tico que afetou a regi\u00e3o Norte do pa\u00eds. Pescadores artesanais que residem em munic\u00edpios reconhecidos em situa\u00e7\u00e3o de emerg\u00eancia devido \u00e0 seca ou estiagem est\u00e3o no centro dessa iniciativa.<\/p>\n<h2>Quem tem direito ao benef\u00edcio?<\/h2>\n<p>Agora que ficou entendido o contexto, veja quem exatamente pode receber esse pagamento. O benef\u00edcio \u00e9 destinado a pescadores que j\u00e1 s\u00e3o contemplados pelo Seguro-Desemprego do Pescador Artesanal, tamb\u00e9m conhecido como Seguro-Defeso. No entanto, existem alguns crit\u00e9rios adicionais que precisam ser atendidos:<\/p>\n<ol class=\"!whitespace-normal list-decimal ml-5\">\n<li class=\"pb-1\">Residir em munic\u00edpios da Regi\u00e3o Norte reconhecidos em situa\u00e7\u00e3o de emerg\u00eancia por seca ou estiagem.<\/li>\n<li class=\"pb-1\">Receber o Seguro-Defeso at\u00e9 o dia 29 de novembro de 2024<\/li>\n<li class=\"pb-1\">N\u00e3o ter sido beneficiado por outras iniciativas de aux\u00edlio semelhantes<\/li>\n<\/ol>\n<p>\u00c9 importante ressaltar que nem todos os pescadores que recebem o Seguro-Defeso ser\u00e3o automaticamente eleg\u00edveis para esse pagamento adicional. A situa\u00e7\u00e3o espec\u00edfica do munic\u00edpio de resid\u00eancia \u00e9 um fator determinante.<\/p>\n<h2>Calend\u00e1rio de pagamento: quando voc\u00ea receber\u00e1?<\/h2>\n<p>Agora que j\u00e1 foi esclarecido quem tem direito e o que \u00e9 o<a href=\"https:\/\/www.pensarcursos.com.br\/blog\/mais-uma-parcela-do-auxilio-extraordinario-e-paga-hoje-07-veja-quem-recebe\/\" target=\"_blank\" rel=\"noopener\"> Aux\u00edlio Extraordin\u00e1rio<\/a>, entenda: quando o dinheiro estar\u00e1 dispon\u00edvel? A Caixa Econ\u00f4mica Federal estabeleceu um calend\u00e1rio de pagamento escalonado, baseado no \u00faltimo d\u00edgito do CPF dos benefici\u00e1rios. Confira as datas:<\/p>\n<ul class=\"!whitespace-normal list-disc ml-5\">\n<li class=\"pb-1\">Quarta-feira (08\/01\/2025): CPFs com final 4 e 5<\/li>\n<li class=\"pb-1\">Quinta-feira (09\/01\/2025): CPFs com final 6 e 7<\/li>\n<li class=\"pb-1\">Sexta-feira (10\/01\/2025): CPFs com final 8 e 9<\/li>\n<\/ul>\n<p>\u00c9 importante lembrar que os pagamentos para CPFs com finais 0, 1, 2 e 3 j\u00e1 ter\u00e3o sido realizados nos dias anteriores. Portanto, se o seu CPF termina em um desses n\u00fameros e voc\u00ea \u00e9 eleg\u00edvel, o pagamento j\u00e1 deve estar dispon\u00edvel.<\/p>\n<h2>Como acessar o benef\u00edcio?<\/h2>\n<p>Voc\u00ea descobriu que seu CPF est\u00e1 na lista dos benefici\u00e1rios e a data de pagamento est\u00e1 chegando. Mas como fazer para acessar o dinheiro? Existem algumas op\u00e7\u00f5es dispon\u00edveis:<\/p>\n<ol class=\"!whitespace-normal list-decimal ml-5\">\n<li class=\"pb-1\">Aplicativo Caixa Tem: A forma mais pr\u00e1tica de movimentar o valor \u00e9 atrav\u00e9s deste app. Voc\u00ea pode realizar pagamentos de contas, transfer\u00eancias e at\u00e9 mesmo compras com o cart\u00e3o virtual.<\/li>\n<li class=\"pb-1\">Ag\u00eancias da Caixa: Se preferir, \u00e9 poss\u00edvel ir at\u00e9 uma ag\u00eancia para sacar o dinheiro. Neste caso, \u00e9 importante respeitar o calend\u00e1rio de libera\u00e7\u00e3o para evitar aglomera\u00e7\u00f5es.<\/li>\n<li class=\"pb-1\">Consulta online: Antes de tudo, voc\u00ea pode verificar a libera\u00e7\u00e3o do benef\u00edcio atrav\u00e9s do Portal do Cidad\u00e3o.<\/li>\n<\/ol>\n<p>Lembre-se de que, independentemente da forma escolhida para acessar o benef\u00edcio, \u00e9 fundamental ter em m\u00e3os seus documentos de identifica\u00e7\u00e3o.<\/p>\n<figure id=\"attachment_84990\" aria-describedby=\"caption-attachment-84990\" style=\"width: 741px\" class=\"wp-caption aligncenter\"><img decoding=\"async\" class=\"wp-image-84990 \" title=\"CaixaTem\" src=\"https:\/\/www.pensarcursos.com.br\/blog\/wp-content\/uploads\/2025\/01\/CaixaTem2-4-1-1024x683.png\" alt=\"O benef\u00edcio \u00e9 pago em uma parcela \u00fanica no valor de R$ 2.824. Imagem: Pensar Cursos\" width=\"741\" height=\"494\" srcset=\"https:\/\/www.pensarcursos.com.br\/blog\/wp-content\/uploads\/2025\/01\/CaixaTem2-4-1-1024x683.png 1024w, https:\/\/www.pensarcursos.com.br\/blog\/wp-content\/uploads\/2025\/01\/CaixaTem2-4-1-300x200.png 300w, https:\/\/www.pensarcursos.com.br\/blog\/wp-content\/uploads\/2025\/01\/CaixaTem2-4-1-768x512.png 768w, https:\/\/www.pensarcursos.com.br\/blog\/wp-content\/uploads\/2025\/01\/CaixaTem2-4-1.png 1200w\" sizes=\"(max-width: 741px) 100vw, 741px\" \/><figcaption id=\"caption-attachment-84990\" class=\"wp-caption-text\">O benef\u00edcio \u00e9 pago em uma parcela \u00fanica no valor de R$ 2.824. Imagem: Pensar Cursos<\/figcaption><\/figure>\n<h2>Munic\u00edpios abrangidos pelo Aux\u00edlio Extraordin\u00e1rio<\/h2>\n<p>O <a href=\"https:\/\/www.pensarcursos.com.br\/blog\/auxilio-extraordinario-do-governo-no-valor-de-r-2-640-sera-pago-esta-semana-confira-quem-recebe\/\" target=\"_blank\" rel=\"noopener\">Aux\u00edlio Extraordin\u00e1rio<\/a> Pescador n\u00e3o se aplica a todos os munic\u00edpios da Regi\u00e3o Norte. Apenas aqueles reconhecidos em situa\u00e7\u00e3o de emerg\u00eancia por seca ou estiagem est\u00e3o inclu\u00eddos. Mas quais s\u00e3o essas cidades? Vamos listar por estado:<\/p>\n<h3>Amap\u00e1<\/h3>\n<p>Amap\u00e1, Cal\u00e7oene, Cutias, Ferreira Gomes, Itaubal, Laranjal do Jari, Macap\u00e1, Mazag\u00e3o, Oiapoque, Pedra Branca do Amapari, Porto Grande, Pracu\u00faba, Santana, Serra do Navio, Tartarugalzinho, Vit\u00f3ria do Jari.<\/p>\n<h3>Amazonas<\/h3>\n<p>Autazes, Barreirinha, Boca do Acre, Boa Vista do Ramos, Codaj\u00e1s, Itapiranga, Nhamund\u00e1, Nova Olinda do Norte, Novo Air\u00e3o, S\u00e3o Gabriel da Cachoeira, S\u00e3o Sebasti\u00e3o do Uatum\u00e3, Vit\u00f3ria do Jari.<\/p>\n<h3>Par\u00e1<\/h3>\n<p>Acar\u00e1, Almeirim, Anaj\u00e1s, Anapu, Altamira, Bagre, Bai\u00e3o, Belterra, Bom Jesus do Tocantins, Breu Branco, Camet\u00e1, Capit\u00e3o Po\u00e7o, Chaves, Conc\u00f3rdia do Par\u00e1, Curralinho, Faro, Ipixuna do Par\u00e1, Itaituba, Mocajuba, Nova Esperan\u00e7a do Piri\u00e1, Novo Repartimento, Oeiras do Par\u00e1, Our\u00e9m, Pacaj\u00e1, Ponta de Pedras, Rio Maria, Santa Cruz do Arari, Santa Luzia do Par\u00e1, S\u00e3o Geraldo do Araguaia, S\u00e3o Sebasti\u00e3o da Boa Vista, Senador Jos\u00e9 Porf\u00edrio, Tucuru\u00ed, Vit\u00f3ria do Xingu, Xinguara.<\/p>\n<p>Se voc\u00ea reside em um desses munic\u00edpios e atende aos demais crit\u00e9rios, \u00e9 prov\u00e1vel que esteja eleg\u00edvel para receber o Aux\u00edlio Extraordin\u00e1rio.<\/p>\n<h2>Como verificar se voc\u00ea tem direito ao Aux\u00edlio Extraordin\u00e1rio?<\/h2>\n<p>Ainda n\u00e3o tem certeza se est\u00e1 na lista de benefici\u00e1rios? Saiba como verificar:<\/p>\n<ol class=\"!whitespace-normal list-decimal ml-5\">\n<li class=\"pb-1\">Consulte o Portal do Cidad\u00e3o: Neste site, voc\u00ea pode inserir seus dados e verificar se seu nome consta na lista de benefici\u00e1rios.<\/li>\n<li class=\"pb-1\">Entre em contato com o Minist\u00e9rio da Pesca e Aquicultura: Atrav\u00e9s do e-mail voc\u00ea pode obter informa\u00e7\u00f5es detalhadas sobre sua situa\u00e7\u00e3o.<\/li>\n<li class=\"pb-1\">Verifique seu cadastro no Seguro-Defeso: Como o Aux\u00edlio Extraordin\u00e1rio est\u00e1 vinculado a este benef\u00edcio, \u00e9 importante confirmar se seu cadastro est\u00e1 atualizado e ativo.<\/li>\n<li class=\"pb-1\">Confira a situa\u00e7\u00e3o do seu munic\u00edpio: Certifique-se de que sua cidade est\u00e1 entre as reconhecidas em situa\u00e7\u00e3o de emerg\u00eancia por seca ou estiagem.<\/li>\n<\/ol>\n<p>Lembre-se de que atender a todos os crit\u00e9rios \u00e9 fundamental para receber o Aux\u00edlio Extraordin\u00e1rio.<\/p>\n","protected":false},"excerpt":{"rendered":"<p>Voc\u00ea est\u00e1 ansioso para saber se seu CPF est\u00e1 na lista dos benefici\u00e1rios que receber\u00e3o R$ 2.824 da Caixa Econ\u00f4mica Federal nos pr\u00f3ximos dias? Fique tranquilo, pois ser\u00e1 apresentada todas as informa\u00e7\u00f5es que voc\u00ea precisa! Saiba os detalhes desse pagamento especial, quem tem direito e como acess\u00e1-lo. Prepare-se para descobrir se voc\u00ea \u00e9 um dos [&hellip;]<\/p>\n","protected":false},"author":41,"featured_media":84989,"comment_status":"open","ping_status":"closed","sticky":false,"template":"","format":"standard","meta":{"jnews-multi-image_gallery":[],"jnews_single_post":[],"jnews_primary_category":[],"jnews_social_meta":[],"jnews_override_counter":[],"footnotes":""},"categories":[1657],"tags":[24291,24290],"class_list":["post-84982","post","type-post","status-publish","format-standard","has-post-thumbnail","hentry","category-beneficios-sociais","tag-amazonas-amapa-e-para-sao-contemplados-pelo-auxilio-extraordinario-pescador","tag-auxilio-extraordinario-pescador"],"yoast_head":"<!-- This site is optimized with the Yoast SEO Premium plugin v27.4 (Yoast SEO v27.4) - https:\/\/yoast.com\/product\/yoast-seo-premium-wordpress\/ -->\n<title>Quais CPFs poder\u00e3o receber R$ 2.824 da CAIXA nesta quarta (08), quinta (09) e sexta (10)? - Blog Pensar Cursos<\/title>\n<meta name=\"description\" content=\"Voc\u00ea est\u00e1 ansioso para saber se seu CPF est\u00e1 na lista dos benefici\u00e1rios que receber\u00e3o R$ 2.824 da Caixa Econ\u00f4mica Federal nos pr\u00f3ximos dias? Fique\" \/>\n<meta name=\"robots\" content=\"index, follow, max-snippet:-1, max-image-preview:large, max-video-preview:-1\" \/>\n<link rel=\"canonical\" href=\"https:\/\/www.pensarcursos.com.br\/blog\/auxilio-extraordinario-pescador\/\" \/>\n<meta property=\"og:locale\" content=\"pt_BR\" \/>\n<meta property=\"og:type\" content=\"article\" \/>\n<meta property=\"og:title\" content=\"Quais CPFs poder\u00e3o receber R$ 2.824 da CAIXA nesta quarta (08), quinta (09) e sexta (10)?\" \/>\n<meta property=\"og:description\" content=\"Voc\u00ea est\u00e1 ansioso para saber se seu CPF est\u00e1 na lista dos benefici\u00e1rios que receber\u00e3o R$ 2.824 da Caixa Econ\u00f4mica Federal nos pr\u00f3ximos dias? Fique\" \/>\n<meta property=\"og:url\" content=\"https:\/\/www.pensarcursos.com.br\/blog\/auxilio-extraordinario-pescador\/\" \/>\n<meta property=\"og:site_name\" content=\"Blog Pensar Cursos\" \/>\n<meta property=\"article:publisher\" content=\"https:\/\/www.facebook.com\/pensarcursos\/\" \/>\n<meta property=\"article:published_time\" content=\"2025-01-08T15:09:56+00:00\" \/>\n<meta property=\"article:modified_time\" content=\"2025-05-08T13:37:14+00:00\" \/>\n<meta property=\"og:image\" content=\"https:\/\/www.pensarcursos.com.br\/blog\/wp-content\/uploads\/2025\/01\/Caixa3-1024x683-1.png\" \/>\n\t<meta property=\"og:image:width\" content=\"1024\" \/>\n\t<meta property=\"og:image:height\" content=\"683\" \/>\n\t<meta property=\"og:image:type\" content=\"image\/png\" \/>\n<meta name=\"author\" content=\"F\u00e1tima Azevedo\" \/>\n<meta name=\"twitter:card\" content=\"summary_large_image\" \/>\n<meta name=\"twitter:label1\" content=\"Escrito por\" \/>\n\t<meta name=\"twitter:data1\" content=\"F\u00e1tima Azevedo\" \/>\n\t<meta name=\"twitter:label2\" content=\"Est. tempo de leitura\" \/>\n\t<meta name=\"twitter:data2\" content=\"5 minutos\" \/>\n<!-- \/ Yoast SEO Premium plugin. -->","yoast_head_json":{"title":"Quais CPFs poder\u00e3o receber R$ 2.824 da CAIXA nesta quarta (08), quinta (09) e sexta (10)? - Blog Pensar Cursos","description":"Voc\u00ea est\u00e1 ansioso para saber se seu CPF est\u00e1 na lista dos benefici\u00e1rios que receber\u00e3o R$ 2.824 da Caixa Econ\u00f4mica Federal nos pr\u00f3ximos dias? Fique","robots":{"index":"index","follow":"follow","max-snippet":"max-snippet:-1","max-image-preview":"max-image-preview:large","max-video-preview":"max-video-preview:-1"},"canonical":"https:\/\/www.pensarcursos.com.br\/blog\/auxilio-extraordinario-pescador\/","og_locale":"pt_BR","og_type":"article","og_title":"Quais CPFs poder\u00e3o receber R$ 2.824 da CAIXA nesta quarta (08), quinta (09) e sexta (10)?","og_description":"Voc\u00ea est\u00e1 ansioso para saber se seu CPF est\u00e1 na lista dos benefici\u00e1rios que receber\u00e3o R$ 2.824 da Caixa Econ\u00f4mica Federal nos pr\u00f3ximos dias? Fique","og_url":"https:\/\/www.pensarcursos.com.br\/blog\/auxilio-extraordinario-pescador\/","og_site_name":"Blog Pensar Cursos","article_publisher":"https:\/\/www.facebook.com\/pensarcursos\/","article_published_time":"2025-01-08T15:09:56+00:00","article_modified_time":"2025-05-08T13:37:14+00:00","og_image":[{"width":1024,"height":683,"url":"https:\/\/www.pensarcursos.com.br\/blog\/wp-content\/uploads\/2025\/01\/Caixa3-1024x683-1.png","type":"image\/png"}],"author":"F\u00e1tima Azevedo","twitter_card":"summary_large_image","twitter_misc":{"Escrito por":"F\u00e1tima Azevedo","Est. tempo de leitura":"5 minutos"},"schema":{"@context":"https:\/\/schema.org","@graph":[{"@type":["Article","BlogPosting"],"@id":"https:\/\/www.pensarcursos.com.br\/blog\/auxilio-extraordinario-pescador\/#article","isPartOf":{"@id":"https:\/\/www.pensarcursos.com.br\/blog\/auxilio-extraordinario-pescador\/"},"author":{"name":"F\u00e1tima Azevedo","@id":"https:\/\/www.pensarcursos.com.br\/blog\/#\/schema\/person\/827343e4611913410dcf62144b5b2a2d"},"headline":"Quais CPFs poder\u00e3o receber R$ 2.824 da CAIXA nesta quarta (08), quinta (09) e sexta (10)?","datePublished":"2025-01-08T15:09:56+00:00","dateModified":"2025-05-08T13:37:14+00:00","mainEntityOfPage":{"@id":"https:\/\/www.pensarcursos.com.br\/blog\/auxilio-extraordinario-pescador\/"},"wordCount":1095,"commentCount":0,"publisher":{"@id":"https:\/\/www.pensarcursos.com.br\/blog\/#organization"},"image":{"@id":"https:\/\/www.pensarcursos.com.br\/blog\/auxilio-extraordinario-pescador\/#primaryimage"},"thumbnailUrl":"https:\/\/www.pensarcursos.com.br\/blog\/wp-content\/uploads\/2025\/01\/Caixa3-1024x683-1.png","keywords":["Amazonas Amap\u00e1 e Par\u00e1 s\u00e3o contemplados pelo Aux\u00edlio Extraordin\u00e1rio Pescador","Aux\u00edlio Extraordin\u00e1rio Pescador"],"articleSection":["Benef\u00edcios Sociais"],"inLanguage":"pt-BR","potentialAction":[{"@type":"CommentAction","name":"Comment","target":["https:\/\/www.pensarcursos.com.br\/blog\/auxilio-extraordinario-pescador\/#respond"]}],"copyrightYear":"2025","copyrightHolder":{"@id":"https:\/\/www.pensarcursos.com.br\/blog\/#organization"}},{"@type":"WebPage","@id":"https:\/\/www.pensarcursos.com.br\/blog\/auxilio-extraordinario-pescador\/","url":"https:\/\/www.pensarcursos.com.br\/blog\/auxilio-extraordinario-pescador\/","name":"Quais CPFs poder\u00e3o receber R$ 2.824 da CAIXA nesta quarta (08), quinta (09) e sexta (10)? - Blog Pensar Cursos","isPartOf":{"@id":"https:\/\/www.pensarcursos.com.br\/blog\/#website"},"primaryImageOfPage":{"@id":"https:\/\/www.pensarcursos.com.br\/blog\/auxilio-extraordinario-pescador\/#primaryimage"},"image":{"@id":"https:\/\/www.pensarcursos.com.br\/blog\/auxilio-extraordinario-pescador\/#primaryimage"},"thumbnailUrl":"https:\/\/www.pensarcursos.com.br\/blog\/wp-content\/uploads\/2025\/01\/Caixa3-1024x683-1.png","datePublished":"2025-01-08T15:09:56+00:00","dateModified":"2025-05-08T13:37:14+00:00","description":"Voc\u00ea est\u00e1 ansioso para saber se seu CPF est\u00e1 na lista dos benefici\u00e1rios que receber\u00e3o R$ 2.824 da Caixa Econ\u00f4mica Federal nos pr\u00f3ximos dias? Fique","breadcrumb":{"@id":"https:\/\/www.pensarcursos.com.br\/blog\/auxilio-extraordinario-pescador\/#breadcrumb"},"inLanguage":"pt-BR","potentialAction":[{"@type":"ReadAction","target":["https:\/\/www.pensarcursos.com.br\/blog\/auxilio-extraordinario-pescador\/"]}]},{"@type":"ImageObject","inLanguage":"pt-BR","@id":"https:\/\/www.pensarcursos.com.br\/blog\/auxilio-extraordinario-pescador\/#primaryimage","url":"https:\/\/www.pensarcursos.com.br\/blog\/wp-content\/uploads\/2025\/01\/Caixa3-1024x683-1.png","contentUrl":"https:\/\/www.pensarcursos.com.br\/blog\/wp-content\/uploads\/2025\/01\/Caixa3-1024x683-1.png","width":1024,"height":683,"caption":"A Caixa Econ\u00f4mica Federal estabeleceu um calend\u00e1rio de pagamento escalonado, baseado no \u00faltimo d\u00edgito do CPF dos benefici\u00e1rios. Imagem: Pensar Cursos"},{"@type":"BreadcrumbList","@id":"https:\/\/www.pensarcursos.com.br\/blog\/auxilio-extraordinario-pescador\/#breadcrumb","itemListElement":[{"@type":"ListItem","position":1,"name":"Home","item":"https:\/\/www.pensarcursos.com.br\/blog\/"},{"@type":"ListItem","position":2,"name":"Quais CPFs poder\u00e3o receber R$ 2.824 da CAIXA nesta quarta (08), quinta (09) e sexta (10)?"}]},{"@type":"WebSite","@id":"https:\/\/www.pensarcursos.com.br\/blog\/#website","url":"https:\/\/www.pensarcursos.com.br\/blog\/","name":"Blog Pensar Cursos","description":"Maior Site de Cursos do Brasil","publisher":{"@id":"https:\/\/www.pensarcursos.com.br\/blog\/#organization"},"alternateName":"Blog Pensar","potentialAction":[{"@type":"SearchAction","target":{"@type":"EntryPoint","urlTemplate":"https:\/\/www.pensarcursos.com.br\/blog\/?s={search_term_string}"},"query-input":{"@type":"PropertyValueSpecification","valueRequired":true,"valueName":"search_term_string"}}],"inLanguage":"pt-BR"},{"@type":"Organization","@id":"https:\/\/www.pensarcursos.com.br\/blog\/#organization","name":"Pensar Cursos","alternateName":"Blog pensar","url":"https:\/\/www.pensarcursos.com.br\/blog\/","logo":{"@type":"ImageObject","inLanguage":"pt-BR","@id":"https:\/\/www.pensarcursos.com.br\/blog\/#\/schema\/logo\/image\/","url":"https:\/\/www.pensarcursos.com.br\/blog\/wp-content\/uploads\/2023\/11\/Nova-Logo-Pensar-Cursos-vertical.png","contentUrl":"https:\/\/www.pensarcursos.com.br\/blog\/wp-content\/uploads\/2023\/11\/Nova-Logo-Pensar-Cursos-vertical.png","width":1393,"height":1001,"caption":"Pensar Cursos"},"image":{"@id":"https:\/\/www.pensarcursos.com.br\/blog\/#\/schema\/logo\/image\/"},"sameAs":["https:\/\/www.facebook.com\/pensarcursos\/","https:\/\/instagram.com.br\/pensarcursos"],"description":"Pensar Cursos \u00e9 uma empresa especializada em oferecer cursos de alta qualidade voltados para o desenvolvimento profissional e acad\u00eamico. Com uma ampla gama de op\u00e7\u00f5es de treinamento, oferecemos conte\u00fados atualizados, ministrados por especialistas da \u00e1rea, para capacitar indiv\u00edduos e equipes a atingirem seus objetivos. Nossa miss\u00e3o \u00e9 proporcionar uma educa\u00e7\u00e3o transformadora, acess\u00edvel e personalizada para cada aluno, seja em cursos presenciais ou online. Com uma abordagem inovadora, buscamos adaptar os nossos programas de ensino \u00e0s necessidades do mercado, criando solu\u00e7\u00f5es que atendem aos desafios e exig\u00eancias do mundo corporativo e acad\u00eamico. Nossos cursos incluem desde forma\u00e7\u00f5es t\u00e9cnicas at\u00e9 habilidades essenciais, como lideran\u00e7a, gest\u00e3o e desenvolvimento pessoal.","email":"contato@pensarcursos.com.br","legalName":"Sena Servi\u00e7os de Informa\u00e7\u00e3o Online LTDA","foundingDate":"2013-04-18","vatID":"17956217000172","numberOfEmployees":{"@type":"QuantitativeValue","minValue":"11","maxValue":"50"},"publishingPrinciples":"https:\/\/www.pensarcursos.com.br\/blog\/principios-de-publicacao\/","ownershipFundingInfo":"https:\/\/www.pensarcursos.com.br\/blog\/informacoes-de-propriedade-financiamento\/","actionableFeedbackPolicy":"https:\/\/www.pensarcursos.com.br\/blog\/politica-de-feedback-acionavel\/","correctionsPolicy":"https:\/\/www.pensarcursos.com.br\/blog\/politica-de-correcoes\/","ethicsPolicy":"https:\/\/www.pensarcursos.com.br\/blog\/politica-de-etica\/"},{"@type":"Person","@id":"https:\/\/www.pensarcursos.com.br\/blog\/#\/schema\/person\/827343e4611913410dcf62144b5b2a2d","name":"F\u00e1tima Azevedo","image":{"@type":"ImageObject","inLanguage":"pt-BR","@id":"https:\/\/secure.gravatar.com\/avatar\/ea820c84e212573cc3f119ba576278fe7ad07b69ed7ca0c33223662227bb77ca?s=96&d=mm&r=g","url":"https:\/\/secure.gravatar.com\/avatar\/ea820c84e212573cc3f119ba576278fe7ad07b69ed7ca0c33223662227bb77ca?s=96&d=mm&r=g","contentUrl":"https:\/\/secure.gravatar.com\/avatar\/ea820c84e212573cc3f119ba576278fe7ad07b69ed7ca0c33223662227bb77ca?s=96&d=mm&r=g","caption":"F\u00e1tima Azevedo"},"description":"Graduada em Ci\u00eancias Biol\u00f3gicas. Professora. Redatora grupo Sena Online.","sameAs":["https:\/\/www.linkedin.com\/in\/maria-de-f\u00e1tima-oliveira-da-costa-74a1692a7"],"url":"https:\/\/www.pensarcursos.com.br\/blog\/author\/fatima\/"}]}},"_links":{"self":[{"href":"https:\/\/www.pensarcursos.com.br\/blog\/wp-json\/wp\/v2\/posts\/84982","targetHints":{"allow":["GET"]}}],"collection":[{"href":"https:\/\/www.pensarcursos.com.br\/blog\/wp-json\/wp\/v2\/posts"}],"about":[{"href":"https:\/\/www.pensarcursos.com.br\/blog\/wp-json\/wp\/v2\/types\/post"}],"author":[{"embeddable":true,"href":"https:\/\/www.pensarcursos.com.br\/blog\/wp-json\/wp\/v2\/users\/41"}],"replies":[{"embeddable":true,"href":"https:\/\/www.pensarcursos.com.br\/blog\/wp-json\/wp\/v2\/comments?post=84982"}],"version-history":[{"count":0,"href":"https:\/\/www.pensarcursos.com.br\/blog\/wp-json\/wp\/v2\/posts\/84982\/revisions"}],"wp:featuredmedia":[{"embeddable":true,"href":"https:\/\/www.pensarcursos.com.br\/blog\/wp-json\/wp\/v2\/media\/84989"}],"wp:attachment":[{"href":"https:\/\/www.pensarcursos.com.br\/blog\/wp-json\/wp\/v2\/media?parent=84982"}],"wp:term":[{"taxonomy":"category","embeddable":true,"href":"https:\/\/www.pensarcursos.com.br\/blog\/wp-json\/wp\/v2\/categories?post=84982"},{"taxonomy":"post_tag","embeddable":true,"href":"https:\/\/www.pensarcursos.com.br\/blog\/wp-json\/wp\/v2\/tags?post=84982"}],"curies":[{"name":"wp","href":"https:\/\/api.w.org\/{rel}","templated":true}]}}