{"id":84770,"date":"2025-01-06T17:39:56","date_gmt":"2025-01-06T20:39:56","guid":{"rendered":"https:\/\/www.pensarcursos.com.br\/blog\/?p=84770"},"modified":"2025-01-06T12:41:06","modified_gmt":"2025-01-06T15:41:06","slug":"e-amanha-inscricoes-do-concurso-iphan-terminam-nesta-terca-07-01-iniciais-de-ate-r-9-04700-mais-beneficios","status":"publish","type":"post","link":"https:\/\/www.pensarcursos.com.br\/blog\/e-amanha-inscricoes-do-concurso-iphan-terminam-nesta-terca-07-01-iniciais-de-ate-r-9-04700-mais-beneficios\/","title":{"rendered":"\u00c9 AMANH\u00c3! Inscri\u00e7\u00f5es do concurso IPHAN terminam nesta ter\u00e7a (07\/01) &#8211; Iniciais de at\u00e9 R$ 9.047,00 mais benef\u00edcios"},"content":{"rendered":"<p>Aten\u00e7\u00e3o, candidatos! O prazo para se inscrever no aguardado concurso do Instituto do Patrim\u00f4nio Hist\u00f3rico e Art\u00edstico Nacional (IPHAN) e<strong>st\u00e1 chegando ao fim<\/strong>. As inscri\u00e7\u00f5es se encerram amanh\u00e3,<strong> ter\u00e7a-feira, dia 7 de janeiro de 2025.<\/strong> Esta \u00e9 uma oportunidade imperd\u00edvel para profissionais que desejam atuar na preserva\u00e7\u00e3o do patrim\u00f4nio cultural brasileiro, com remunera\u00e7\u00f5es iniciais\u00a0 de at\u00e9 R$ 9.047,00, al\u00e9m de benef\u00edcios adicionais.<\/p>\n<p>O IPHAN, autarquia federal vinculada ao Minist\u00e9rio do Turismo, desempenha um papel importante na conserva\u00e7\u00e3o e valoriza\u00e7\u00e3o do patrim\u00f4nio hist\u00f3rico, art\u00edstico e paisag\u00edstico do Brasil. Este certame visa preencher <strong>31 vagas de n\u00edvel superior em diversas especialidades<\/strong>, oferecendo aos candidatos aprovados a chance de contribuir significativamente para a prote\u00e7\u00e3o da rica heran\u00e7a cultural do pa\u00eds. Veja todos os detalhes a seguir!<\/p>\n<h2>Concurso IPHAN 2025<\/h2>\n<p>O <a href=\"https:\/\/www.pensarcursos.com.br\/blog\/boa-noticia-novo-concurso-guarda-municipal-tera-400-vagas\/\">concurso<\/a> IPHAN 2025 \u00e9 uma sele\u00e7\u00e3o p\u00fablica organizada pela Funda\u00e7\u00e3o Getulio Vargas (FGV), que busca preencher 31 vagas de n\u00edvel superior em diferentes \u00e1reas de atua\u00e7\u00e3o. As oportunidades est\u00e3o distribu\u00eddas entre diversos cargos, cada um com suas especificidades e requisitos pr\u00f3prios.<\/p>\n<p>Os sal\u00e1rios iniciais variam de<strong> R$ 6.681,70 a R$ 9.047,00,<\/strong> dependendo do cargo escolhido. Al\u00e9m da remunera\u00e7\u00e3o base, os aprovados ter\u00e3o direito a benef\u00edcios como aux\u00edlio-alimenta\u00e7\u00e3o no valor de R$ 1.000,00, assist\u00eancia pr\u00e9-escolar para filhos de at\u00e9 6 anos no valor de R$ 484,90 e aux\u00edlio-transporte.<\/p>\n<p>As inscri\u00e7\u00f5es podem <strong>ser realizadas at\u00e9 o dia 7 de janeiro de 2025,<\/strong> exclusivamente pelo site da banca organizadora, a <a href=\"https:\/\/conhecimento.fgv.br\/concursos\/iphan24\" target=\"_blank\" rel=\"noopener\">FGV<\/a>. A taxa de inscri\u00e7\u00e3o \u00e9 de R$ 110,00, e o pagamento do boleto deve ser efetuado at\u00e9 o dia 8 de janeiro de 2025.<\/p>\n<h2>Cargos e vagas dispon\u00edveis<\/h2>\n<p>De acordo com o <a href=\"https:\/\/www.pensarcursos.com.br\/blog\/wp-content\/uploads\/2025\/01\/minuta-edital-iphan-20241130_02_12_2024.pdf\" target=\"_blank\" rel=\"noopener\">edital<\/a>, o concurso IPHAN oferece oportunidades em diversas \u00e1reas de atua\u00e7\u00e3o. Confira a distribui\u00e7\u00e3o das vagas:<\/p>\n<ol class=\"!whitespace-normal list-decimal ml-5\">\n<li class=\"pb-1\">Analista Ambiental: 5 vagas (4 para ampla concorr\u00eancia, 1 para candidatos negros)<\/li>\n<li class=\"pb-1\">Antropologia: 2 vagas (ampla concorr\u00eancia)<\/li>\n<li class=\"pb-1\">Arqueologia: 15 vagas (11 para ampla concorr\u00eancia, 3 para candidatos negros, 1 para pessoas com defici\u00eancia)<\/li>\n<li class=\"pb-1\">Arquitetura e Urbanismo: 2 vagas (ampla concorr\u00eancia)<\/li>\n<li class=\"pb-1\">Educa\u00e7\u00e3o Patrimonial: 2 vagas (ampla concorr\u00eancia)<\/li>\n<li class=\"pb-1\">Geoprocessamento de Dados: 5 vagas (4 para ampla concorr\u00eancia, 1 para candidatos negros)<\/li>\n<\/ol>\n<p>\u00c9 importante ressaltar que cada cargo possui requisitos espec\u00edficos de forma\u00e7\u00e3o acad\u00eamica e, em alguns casos, registro no conselho de classe correspondente.<\/p>\n<h2>Etapas do concurso IPHAN<\/h2>\n<p>O <a href=\"https:\/\/www.pensarcursos.com.br\/blog\/ultimos-dias-para-se-inscrever-no-concurso-guarda-municipal-com-209-vagas-e-salarios-de-r-4-85828\/\">concurso<\/a> IPHAN ser\u00e1 composto por duas etapas principais:<\/p>\n<ol class=\"!whitespace-normal list-decimal ml-5\">\n<li class=\"pb-1\">Prova Objetiva (car\u00e1ter eliminat\u00f3rio e classificat\u00f3rio)<\/li>\n<li class=\"pb-1\">Prova de T\u00edtulos (car\u00e1ter classificat\u00f3rio)<\/li>\n<\/ol>\n<h3>Prova objetiva<\/h3>\n<p>A prova objetiva est\u00e1 programada para ocorrer no dia <strong>23 de fevereiro de 2025,<\/strong> em Bras\u00edlia, no per\u00edodo vespertino. Os candidatos ser\u00e3o avaliados por meio de 80 quest\u00f5es de m\u00faltipla escolha, divididas em dois m\u00f3dulos:<\/p>\n<p>M\u00f3dulo I &#8211; Conhecimentos Gerais (40 quest\u00f5es):<\/p>\n<ul class=\"!whitespace-normal list-disc ml-5\">\n<li class=\"pb-1\">L\u00edngua Portuguesa: 10 quest\u00f5es<\/li>\n<li class=\"pb-1\">Fundamentos da Preserva\u00e7\u00e3o do Patrim\u00f4nio Cultural: 10 quest\u00f5es<\/li>\n<li class=\"pb-1\">Legisla\u00e7\u00e3o aplicada ao Licenciamento Ambiental: 10 quest\u00f5es<\/li>\n<li class=\"pb-1\">Atualidades: 5 quest\u00f5es<\/li>\n<li class=\"pb-1\">Direito Administrativo: 5 quest\u00f5es<\/li>\n<\/ul>\n<p>M\u00f3dulo II &#8211; Conhecimentos Espec\u00edficos (40 quest\u00f5es):<\/p>\n<ul class=\"!whitespace-normal list-disc ml-5\">\n<li class=\"pb-1\">Legisla\u00e7\u00e3o Espec\u00edfica da \u00c1rea: 5 quest\u00f5es<\/li>\n<li class=\"pb-1\">Conhecimentos Espec\u00edficos da \u00c1rea: 35 quest\u00f5es<\/li>\n<\/ul>\n<h3>Prova de t\u00edtulos<\/h3>\n<p>A etapa de avalia\u00e7\u00e3o de t\u00edtulos tem car\u00e1ter classificat\u00f3rio e ser\u00e1 aplicada apenas aos candidatos aprovados na prova objetiva. A pontua\u00e7\u00e3o ser\u00e1 atribu\u00edda da seguinte forma:<\/p>\n<ul class=\"!whitespace-normal list-disc ml-5\">\n<li class=\"pb-1\">P\u00f3s-gradua\u00e7\u00e3o lato sensu (m\u00ednimo 360h): 0,5 ponto por t\u00edtulo (m\u00e1ximo 1 ponto)<\/li>\n<li class=\"pb-1\">Mestrado na \u00e1rea do cargo: 0,75 ponto por t\u00edtulo (m\u00e1ximo 1,5 pontos)<\/li>\n<li class=\"pb-1\">Doutorado na \u00e1rea do cargo: 1,25 ponto por t\u00edtulo (m\u00e1ximo 2,5 pontos)<\/li>\n<\/ul>\n<h2>Como se inscrever?<\/h2>\n<p>Para participar do <a href=\"https:\/\/www.pensarcursos.com.br\/blog\/novo-concurso-guarda-municipal-deve-ofertar-ate-500-vagas\/\">concurso<\/a> IPHAN, siga os passos abaixo:<\/p>\n<ol class=\"!whitespace-normal list-decimal ml-5\">\n<li class=\"pb-1\">Acesse o site oficial da <a href=\"https:\/\/conhecimento.fgv.br\/concursos\/iphan24\" target=\"_blank\" rel=\"noopener\">FGV<\/a> (banca organizadora)<\/li>\n<li class=\"pb-1\">Localize o link para o concurso IPHAN 2025<\/li>\n<li class=\"pb-1\">Preencha o formul\u00e1rio de inscri\u00e7\u00e3o com seus dados pessoais<\/li>\n<li class=\"pb-1\">Escolha o cargo desejado<\/li>\n<li class=\"pb-1\">Gere o boleto de pagamento da taxa de inscri\u00e7\u00e3o (R$ 110,00)<\/li>\n<li class=\"pb-1\">Efetue o pagamento at\u00e9 o dia 8 de janeiro de 2025<\/li>\n<\/ol>\n<p>Lembre-se de que as inscri\u00e7\u00f5es se encerram amanh\u00e3, dia 7 de janeiro de 2025. N\u00e3o deixe para a \u00faltima hora e garanta sua participa\u00e7\u00e3o neste importante processo seletivo!<\/p>\n<figure id=\"attachment_84772\" aria-describedby=\"caption-attachment-84772\" style=\"width: 742px\" class=\"wp-caption aligncenter\"><img decoding=\"async\" class=\"wp-image-84772 \" title=\"Concurso IPHAN\" src=\"https:\/\/www.pensarcursos.com.br\/blog\/wp-content\/uploads\/2025\/01\/iphan-1024x613.webp\" alt=\"Concurso IPHAN\" width=\"742\" height=\"444\" srcset=\"https:\/\/www.pensarcursos.com.br\/blog\/wp-content\/uploads\/2025\/01\/iphan-1024x613.webp 1024w, https:\/\/www.pensarcursos.com.br\/blog\/wp-content\/uploads\/2025\/01\/iphan-300x179.webp 300w, https:\/\/www.pensarcursos.com.br\/blog\/wp-content\/uploads\/2025\/01\/iphan-768x459.webp 768w, https:\/\/www.pensarcursos.com.br\/blog\/wp-content\/uploads\/2025\/01\/iphan.webp 1170w\" sizes=\"(max-width: 742px) 100vw, 742px\" \/><figcaption id=\"caption-attachment-84772\" class=\"wp-caption-text\">Concurso IPHAN. Imagem: Acervo IPHAN<\/figcaption><\/figure>\n<h2>Prepara\u00e7\u00e3o para o concurso<\/h2>\n<p>Para aumentar suas chances de aprova\u00e7\u00e3o no concurso IPHAN, \u00e9 fundamental adotar uma estrat\u00e9gia de estudos eficiente. Confira algumas dicas:<\/p>\n<ol class=\"!whitespace-normal list-decimal ml-5\">\n<li class=\"pb-1\">Analise cuidadosamente o edital e o conte\u00fado program\u00e1tico<\/li>\n<li class=\"pb-1\">Elabore um cronograma de estudos, priorizando as disciplinas com maior peso<\/li>\n<li class=\"pb-1\">Utilize materiais de estudo atualizados e espec\u00edficos para o concurso<\/li>\n<li class=\"pb-1\">Pratique com quest\u00f5es de concursos anteriores e simulados<\/li>\n<li class=\"pb-1\">Mantenha-se informado sobre atualidades relacionadas ao patrim\u00f4nio cultural brasileiro<\/li>\n<li class=\"pb-1\">Dedique tempo extra para as disciplinas espec\u00edficas do cargo escolhido<\/li>\n<\/ol>\n<h2>Import\u00e2ncia do IPHAN para o Brasil<\/h2>\n<p>O Instituto do Patrim\u00f4nio Hist\u00f3rico e Art\u00edstico Nacional desempenha um papel fundamental na preserva\u00e7\u00e3o da identidade cultural brasileira. Suas principais atribui\u00e7\u00f5es incluem:<\/p>\n<ul class=\"!whitespace-normal list-disc ml-5\">\n<li class=\"pb-1\">Identifica\u00e7\u00e3o, documenta\u00e7\u00e3o e prote\u00e7\u00e3o de bens culturais<\/li>\n<li class=\"pb-1\">Fiscaliza\u00e7\u00e3o e conserva\u00e7\u00e3o de monumentos hist\u00f3ricos<\/li>\n<li class=\"pb-1\">Promo\u00e7\u00e3o de pol\u00edticas de educa\u00e7\u00e3o patrimonial<\/li>\n<li class=\"pb-1\">Gest\u00e3o de museus e s\u00edtios arqueol\u00f3gicos<\/li>\n<li class=\"pb-1\">Fomento \u00e0 pesquisa e divulga\u00e7\u00e3o do patrim\u00f4nio cultural<\/li>\n<\/ul>\n<p>Ao ingressar no IPHAN, voc\u00ea ter\u00e1 a oportunidade de contribuir diretamente para a salvaguarda da rica heran\u00e7a cultural do Brasil, participando de projetos e a\u00e7\u00f5es que impactam positivamente a sociedade.<\/p>\n<h2>Dicas para o dia da prova<\/h2>\n<p>Para ter um bom desempenho no dia da prova objetiva, lembre-se de:<\/p>\n<ol class=\"!whitespace-normal list-decimal ml-5\">\n<li class=\"pb-1\">Chegar com anteced\u00eancia ao local de prova<\/li>\n<li class=\"pb-1\">Levar documento de identifica\u00e7\u00e3o original com foto e caneta esferogr\u00e1fica azul ou preta<\/li>\n<li class=\"pb-1\">Ler atentamente as instru\u00e7\u00f5es antes de iniciar a prova<\/li>\n<li class=\"pb-1\">Administrar bem o tempo, priorizando as quest\u00f5es que voc\u00ea domina melhor<\/li>\n<li class=\"pb-1\">Revisar suas respostas, se houver tempo dispon\u00edvel<\/li>\n<li class=\"pb-1\">Manter a calma e a concentra\u00e7\u00e3o durante todo o exame<\/li>\n<\/ol>\n","protected":false},"excerpt":{"rendered":"<p>Aten\u00e7\u00e3o, candidatos! O prazo para se inscrever no aguardado concurso do Instituto do Patrim\u00f4nio Hist\u00f3rico e Art\u00edstico Nacional (IPHAN) est\u00e1 chegando ao fim. As inscri\u00e7\u00f5es se encerram amanh\u00e3, ter\u00e7a-feira, dia 7 de janeiro de 2025. Esta \u00e9 uma oportunidade imperd\u00edvel para profissionais que desejam atuar na preserva\u00e7\u00e3o do patrim\u00f4nio cultural brasileiro, com remunera\u00e7\u00f5es iniciais\u00a0 de [&hellip;]<\/p>\n","protected":false},"author":41,"featured_media":84771,"comment_status":"open","ping_status":"closed","sticky":false,"template":"","format":"standard","meta":{"jnews-multi-image_gallery":[],"jnews_single_post":[],"jnews_primary_category":[],"jnews_social_meta":[],"jnews_override_counter":[],"footnotes":""},"categories":[29],"tags":[24272,24274,24273],"class_list":["post-84770","post","type-post","status-publish","format-standard","has-post-thumbnail","hentry","category-concursos","tag-concurso-iphan","tag-edital-concurso-iphan","tag-inscricoes-concurso-iphan"],"yoast_head":"<!-- This site is optimized with the Yoast SEO Premium plugin v27.4 (Yoast SEO v27.4) - https:\/\/yoast.com\/product\/yoast-seo-premium-wordpress\/ -->\n<title>\u00c9 AMANH\u00c3! Inscri\u00e7\u00f5es do concurso IPHAN terminam nesta ter\u00e7a (07\/01) - Iniciais de at\u00e9 R$ 9.047,00 mais benef\u00edcios - Blog Pensar Cursos<\/title>\n<meta name=\"description\" content=\"Aten\u00e7\u00e3o, candidatos! O prazo para se inscrever no aguardado concurso do Instituto do Patrim\u00f4nio Hist\u00f3rico e Art\u00edstico Nacional (IPHAN) est\u00e1 chegando ao\" \/>\n<meta name=\"robots\" content=\"index, follow, max-snippet:-1, max-image-preview:large, max-video-preview:-1\" \/>\n<link rel=\"canonical\" href=\"https:\/\/www.pensarcursos.com.br\/blog\/e-amanha-inscricoes-do-concurso-iphan-terminam-nesta-terca-07-01-iniciais-de-ate-r-9-04700-mais-beneficios\/\" \/>\n<meta property=\"og:locale\" content=\"pt_BR\" \/>\n<meta property=\"og:type\" content=\"article\" \/>\n<meta property=\"og:title\" content=\"\u00c9 AMANH\u00c3! Inscri\u00e7\u00f5es do concurso IPHAN terminam nesta ter\u00e7a (07\/01) - Iniciais de at\u00e9 R$ 9.047,00 mais benef\u00edcios\" \/>\n<meta property=\"og:description\" content=\"Aten\u00e7\u00e3o, candidatos! O prazo para se inscrever no aguardado concurso do Instituto do Patrim\u00f4nio Hist\u00f3rico e Art\u00edstico Nacional (IPHAN) est\u00e1 chegando ao\" \/>\n<meta property=\"og:url\" content=\"https:\/\/www.pensarcursos.com.br\/blog\/e-amanha-inscricoes-do-concurso-iphan-terminam-nesta-terca-07-01-iniciais-de-ate-r-9-04700-mais-beneficios\/\" \/>\n<meta property=\"og:site_name\" content=\"Blog Pensar Cursos\" \/>\n<meta property=\"article:publisher\" content=\"https:\/\/www.facebook.com\/pensarcursos\/\" \/>\n<meta property=\"article:published_time\" content=\"2025-01-06T20:39:56+00:00\" \/>\n<meta property=\"og:image\" content=\"https:\/\/www.pensarcursos.com.br\/blog\/wp-content\/uploads\/2025\/01\/Concurso-Pub-2.png\" \/>\n\t<meta property=\"og:image:width\" content=\"1200\" \/>\n\t<meta property=\"og:image:height\" content=\"800\" \/>\n\t<meta property=\"og:image:type\" content=\"image\/png\" \/>\n<meta name=\"author\" content=\"F\u00e1tima Azevedo\" \/>\n<meta name=\"twitter:card\" content=\"summary_large_image\" \/>\n<meta name=\"twitter:label1\" content=\"Escrito por\" \/>\n\t<meta name=\"twitter:data1\" content=\"F\u00e1tima Azevedo\" \/>\n\t<meta name=\"twitter:label2\" content=\"Est. tempo de leitura\" \/>\n\t<meta name=\"twitter:data2\" content=\"5 minutos\" \/>\n<!-- \/ Yoast SEO Premium plugin. -->","yoast_head_json":{"title":"\u00c9 AMANH\u00c3! Inscri\u00e7\u00f5es do concurso IPHAN terminam nesta ter\u00e7a (07\/01) - Iniciais de at\u00e9 R$ 9.047,00 mais benef\u00edcios - Blog Pensar Cursos","description":"Aten\u00e7\u00e3o, candidatos! O prazo para se inscrever no aguardado concurso do Instituto do Patrim\u00f4nio Hist\u00f3rico e Art\u00edstico Nacional (IPHAN) est\u00e1 chegando ao","robots":{"index":"index","follow":"follow","max-snippet":"max-snippet:-1","max-image-preview":"max-image-preview:large","max-video-preview":"max-video-preview:-1"},"canonical":"https:\/\/www.pensarcursos.com.br\/blog\/e-amanha-inscricoes-do-concurso-iphan-terminam-nesta-terca-07-01-iniciais-de-ate-r-9-04700-mais-beneficios\/","og_locale":"pt_BR","og_type":"article","og_title":"\u00c9 AMANH\u00c3! Inscri\u00e7\u00f5es do concurso IPHAN terminam nesta ter\u00e7a (07\/01) - Iniciais de at\u00e9 R$ 9.047,00 mais benef\u00edcios","og_description":"Aten\u00e7\u00e3o, candidatos! O prazo para se inscrever no aguardado concurso do Instituto do Patrim\u00f4nio Hist\u00f3rico e Art\u00edstico Nacional (IPHAN) est\u00e1 chegando ao","og_url":"https:\/\/www.pensarcursos.com.br\/blog\/e-amanha-inscricoes-do-concurso-iphan-terminam-nesta-terca-07-01-iniciais-de-ate-r-9-04700-mais-beneficios\/","og_site_name":"Blog Pensar Cursos","article_publisher":"https:\/\/www.facebook.com\/pensarcursos\/","article_published_time":"2025-01-06T20:39:56+00:00","og_image":[{"width":1200,"height":800,"url":"https:\/\/www.pensarcursos.com.br\/blog\/wp-content\/uploads\/2025\/01\/Concurso-Pub-2.png","type":"image\/png"}],"author":"F\u00e1tima Azevedo","twitter_card":"summary_large_image","twitter_misc":{"Escrito por":"F\u00e1tima Azevedo","Est. tempo de leitura":"5 minutos"},"schema":{"@context":"https:\/\/schema.org","@graph":[{"@type":["Article","BlogPosting"],"@id":"https:\/\/www.pensarcursos.com.br\/blog\/e-amanha-inscricoes-do-concurso-iphan-terminam-nesta-terca-07-01-iniciais-de-ate-r-9-04700-mais-beneficios\/#article","isPartOf":{"@id":"https:\/\/www.pensarcursos.com.br\/blog\/e-amanha-inscricoes-do-concurso-iphan-terminam-nesta-terca-07-01-iniciais-de-ate-r-9-04700-mais-beneficios\/"},"author":{"name":"F\u00e1tima Azevedo","@id":"https:\/\/www.pensarcursos.com.br\/blog\/#\/schema\/person\/827343e4611913410dcf62144b5b2a2d"},"headline":"\u00c9 AMANH\u00c3! Inscri\u00e7\u00f5es do concurso IPHAN terminam nesta ter\u00e7a (07\/01) &#8211; Iniciais de at\u00e9 R$ 9.047,00 mais benef\u00edcios","datePublished":"2025-01-06T20:39:56+00:00","mainEntityOfPage":{"@id":"https:\/\/www.pensarcursos.com.br\/blog\/e-amanha-inscricoes-do-concurso-iphan-terminam-nesta-terca-07-01-iniciais-de-ate-r-9-04700-mais-beneficios\/"},"wordCount":997,"commentCount":0,"publisher":{"@id":"https:\/\/www.pensarcursos.com.br\/blog\/#organization"},"image":{"@id":"https:\/\/www.pensarcursos.com.br\/blog\/e-amanha-inscricoes-do-concurso-iphan-terminam-nesta-terca-07-01-iniciais-de-ate-r-9-04700-mais-beneficios\/#primaryimage"},"thumbnailUrl":"https:\/\/www.pensarcursos.com.br\/blog\/wp-content\/uploads\/2025\/01\/Concurso-Pub-2.png","keywords":["concurso IPHAN","edital concurso IPHAN","inscri\u00e7\u00f5es concurso IPHAN"],"articleSection":["Concursos P\u00fablicos"],"inLanguage":"pt-BR","potentialAction":[{"@type":"CommentAction","name":"Comment","target":["https:\/\/www.pensarcursos.com.br\/blog\/e-amanha-inscricoes-do-concurso-iphan-terminam-nesta-terca-07-01-iniciais-de-ate-r-9-04700-mais-beneficios\/#respond"]}],"copyrightYear":"2025","copyrightHolder":{"@id":"https:\/\/www.pensarcursos.com.br\/blog\/#organization"}},{"@type":"WebPage","@id":"https:\/\/www.pensarcursos.com.br\/blog\/e-amanha-inscricoes-do-concurso-iphan-terminam-nesta-terca-07-01-iniciais-de-ate-r-9-04700-mais-beneficios\/","url":"https:\/\/www.pensarcursos.com.br\/blog\/e-amanha-inscricoes-do-concurso-iphan-terminam-nesta-terca-07-01-iniciais-de-ate-r-9-04700-mais-beneficios\/","name":"\u00c9 AMANH\u00c3! Inscri\u00e7\u00f5es do concurso IPHAN terminam nesta ter\u00e7a (07\/01) - Iniciais de at\u00e9 R$ 9.047,00 mais benef\u00edcios - Blog Pensar Cursos","isPartOf":{"@id":"https:\/\/www.pensarcursos.com.br\/blog\/#website"},"primaryImageOfPage":{"@id":"https:\/\/www.pensarcursos.com.br\/blog\/e-amanha-inscricoes-do-concurso-iphan-terminam-nesta-terca-07-01-iniciais-de-ate-r-9-04700-mais-beneficios\/#primaryimage"},"image":{"@id":"https:\/\/www.pensarcursos.com.br\/blog\/e-amanha-inscricoes-do-concurso-iphan-terminam-nesta-terca-07-01-iniciais-de-ate-r-9-04700-mais-beneficios\/#primaryimage"},"thumbnailUrl":"https:\/\/www.pensarcursos.com.br\/blog\/wp-content\/uploads\/2025\/01\/Concurso-Pub-2.png","datePublished":"2025-01-06T20:39:56+00:00","description":"Aten\u00e7\u00e3o, candidatos! O prazo para se inscrever no aguardado concurso do Instituto do Patrim\u00f4nio Hist\u00f3rico e Art\u00edstico Nacional (IPHAN) est\u00e1 chegando ao","breadcrumb":{"@id":"https:\/\/www.pensarcursos.com.br\/blog\/e-amanha-inscricoes-do-concurso-iphan-terminam-nesta-terca-07-01-iniciais-de-ate-r-9-04700-mais-beneficios\/#breadcrumb"},"inLanguage":"pt-BR","potentialAction":[{"@type":"ReadAction","target":["https:\/\/www.pensarcursos.com.br\/blog\/e-amanha-inscricoes-do-concurso-iphan-terminam-nesta-terca-07-01-iniciais-de-ate-r-9-04700-mais-beneficios\/"]}]},{"@type":"ImageObject","inLanguage":"pt-BR","@id":"https:\/\/www.pensarcursos.com.br\/blog\/e-amanha-inscricoes-do-concurso-iphan-terminam-nesta-terca-07-01-iniciais-de-ate-r-9-04700-mais-beneficios\/#primaryimage","url":"https:\/\/www.pensarcursos.com.br\/blog\/wp-content\/uploads\/2025\/01\/Concurso-Pub-2.png","contentUrl":"https:\/\/www.pensarcursos.com.br\/blog\/wp-content\/uploads\/2025\/01\/Concurso-Pub-2.png","width":1200,"height":800,"caption":"Concurso IPHAN. Imagem: Pensar Cursos"},{"@type":"BreadcrumbList","@id":"https:\/\/www.pensarcursos.com.br\/blog\/e-amanha-inscricoes-do-concurso-iphan-terminam-nesta-terca-07-01-iniciais-de-ate-r-9-04700-mais-beneficios\/#breadcrumb","itemListElement":[{"@type":"ListItem","position":1,"name":"Home","item":"https:\/\/www.pensarcursos.com.br\/blog\/"},{"@type":"ListItem","position":2,"name":"\u00c9 AMANH\u00c3! Inscri\u00e7\u00f5es do concurso IPHAN terminam nesta ter\u00e7a (07\/01) &#8211; Iniciais de at\u00e9 R$ 9.047,00 mais benef\u00edcios"}]},{"@type":"WebSite","@id":"https:\/\/www.pensarcursos.com.br\/blog\/#website","url":"https:\/\/www.pensarcursos.com.br\/blog\/","name":"Blog Pensar Cursos","description":"Maior Site de Cursos do Brasil","publisher":{"@id":"https:\/\/www.pensarcursos.com.br\/blog\/#organization"},"alternateName":"Blog Pensar","potentialAction":[{"@type":"SearchAction","target":{"@type":"EntryPoint","urlTemplate":"https:\/\/www.pensarcursos.com.br\/blog\/?s={search_term_string}"},"query-input":{"@type":"PropertyValueSpecification","valueRequired":true,"valueName":"search_term_string"}}],"inLanguage":"pt-BR"},{"@type":"Organization","@id":"https:\/\/www.pensarcursos.com.br\/blog\/#organization","name":"Pensar Cursos","alternateName":"Blog pensar","url":"https:\/\/www.pensarcursos.com.br\/blog\/","logo":{"@type":"ImageObject","inLanguage":"pt-BR","@id":"https:\/\/www.pensarcursos.com.br\/blog\/#\/schema\/logo\/image\/","url":"https:\/\/www.pensarcursos.com.br\/blog\/wp-content\/uploads\/2023\/11\/Nova-Logo-Pensar-Cursos-vertical.png","contentUrl":"https:\/\/www.pensarcursos.com.br\/blog\/wp-content\/uploads\/2023\/11\/Nova-Logo-Pensar-Cursos-vertical.png","width":1393,"height":1001,"caption":"Pensar Cursos"},"image":{"@id":"https:\/\/www.pensarcursos.com.br\/blog\/#\/schema\/logo\/image\/"},"sameAs":["https:\/\/www.facebook.com\/pensarcursos\/","https:\/\/instagram.com.br\/pensarcursos"],"description":"Pensar Cursos \u00e9 uma empresa especializada em oferecer cursos de alta qualidade voltados para o desenvolvimento profissional e acad\u00eamico. Com uma ampla gama de op\u00e7\u00f5es de treinamento, oferecemos conte\u00fados atualizados, ministrados por especialistas da \u00e1rea, para capacitar indiv\u00edduos e equipes a atingirem seus objetivos. Nossa miss\u00e3o \u00e9 proporcionar uma educa\u00e7\u00e3o transformadora, acess\u00edvel e personalizada para cada aluno, seja em cursos presenciais ou online. Com uma abordagem inovadora, buscamos adaptar os nossos programas de ensino \u00e0s necessidades do mercado, criando solu\u00e7\u00f5es que atendem aos desafios e exig\u00eancias do mundo corporativo e acad\u00eamico. Nossos cursos incluem desde forma\u00e7\u00f5es t\u00e9cnicas at\u00e9 habilidades essenciais, como lideran\u00e7a, gest\u00e3o e desenvolvimento pessoal.","email":"contato@pensarcursos.com.br","legalName":"Sena Servi\u00e7os de Informa\u00e7\u00e3o Online LTDA","foundingDate":"2013-04-18","vatID":"17956217000172","numberOfEmployees":{"@type":"QuantitativeValue","minValue":"11","maxValue":"50"},"publishingPrinciples":"https:\/\/www.pensarcursos.com.br\/blog\/principios-de-publicacao\/","ownershipFundingInfo":"https:\/\/www.pensarcursos.com.br\/blog\/informacoes-de-propriedade-financiamento\/","actionableFeedbackPolicy":"https:\/\/www.pensarcursos.com.br\/blog\/politica-de-feedback-acionavel\/","correctionsPolicy":"https:\/\/www.pensarcursos.com.br\/blog\/politica-de-correcoes\/","ethicsPolicy":"https:\/\/www.pensarcursos.com.br\/blog\/politica-de-etica\/"},{"@type":"Person","@id":"https:\/\/www.pensarcursos.com.br\/blog\/#\/schema\/person\/827343e4611913410dcf62144b5b2a2d","name":"F\u00e1tima Azevedo","image":{"@type":"ImageObject","inLanguage":"pt-BR","@id":"https:\/\/secure.gravatar.com\/avatar\/ea820c84e212573cc3f119ba576278fe7ad07b69ed7ca0c33223662227bb77ca?s=96&d=mm&r=g","url":"https:\/\/secure.gravatar.com\/avatar\/ea820c84e212573cc3f119ba576278fe7ad07b69ed7ca0c33223662227bb77ca?s=96&d=mm&r=g","contentUrl":"https:\/\/secure.gravatar.com\/avatar\/ea820c84e212573cc3f119ba576278fe7ad07b69ed7ca0c33223662227bb77ca?s=96&d=mm&r=g","caption":"F\u00e1tima Azevedo"},"description":"Graduada em Ci\u00eancias Biol\u00f3gicas. Professora. Redatora grupo Sena Online.","sameAs":["https:\/\/www.linkedin.com\/in\/maria-de-f\u00e1tima-oliveira-da-costa-74a1692a7"],"url":"https:\/\/www.pensarcursos.com.br\/blog\/author\/fatima\/"}]}},"_links":{"self":[{"href":"https:\/\/www.pensarcursos.com.br\/blog\/wp-json\/wp\/v2\/posts\/84770","targetHints":{"allow":["GET"]}}],"collection":[{"href":"https:\/\/www.pensarcursos.com.br\/blog\/wp-json\/wp\/v2\/posts"}],"about":[{"href":"https:\/\/www.pensarcursos.com.br\/blog\/wp-json\/wp\/v2\/types\/post"}],"author":[{"embeddable":true,"href":"https:\/\/www.pensarcursos.com.br\/blog\/wp-json\/wp\/v2\/users\/41"}],"replies":[{"embeddable":true,"href":"https:\/\/www.pensarcursos.com.br\/blog\/wp-json\/wp\/v2\/comments?post=84770"}],"version-history":[{"count":0,"href":"https:\/\/www.pensarcursos.com.br\/blog\/wp-json\/wp\/v2\/posts\/84770\/revisions"}],"wp:featuredmedia":[{"embeddable":true,"href":"https:\/\/www.pensarcursos.com.br\/blog\/wp-json\/wp\/v2\/media\/84771"}],"wp:attachment":[{"href":"https:\/\/www.pensarcursos.com.br\/blog\/wp-json\/wp\/v2\/media?parent=84770"}],"wp:term":[{"taxonomy":"category","embeddable":true,"href":"https:\/\/www.pensarcursos.com.br\/blog\/wp-json\/wp\/v2\/categories?post=84770"},{"taxonomy":"post_tag","embeddable":true,"href":"https:\/\/www.pensarcursos.com.br\/blog\/wp-json\/wp\/v2\/tags?post=84770"}],"curies":[{"name":"wp","href":"https:\/\/api.w.org\/{rel}","templated":true}]}}