{"id":84741,"date":"2025-01-06T22:09:10","date_gmt":"2025-01-07T01:09:10","guid":{"rendered":"https:\/\/www.pensarcursos.com.br\/blog\/?p=84741"},"modified":"2025-01-06T10:06:06","modified_gmt":"2025-01-06T13:06:06","slug":"por-que-meu-filho-reclama-tanto-entenda-as-razoes-e-saiba-como-agir","status":"publish","type":"post","link":"https:\/\/www.pensarcursos.com.br\/blog\/por-que-meu-filho-reclama-tanto-entenda-as-razoes-e-saiba-como-agir\/","title":{"rendered":"&#8220;Por que meu filho reclama tanto?&#8221;: Entenda as raz\u00f5es e saiba como agir"},"content":{"rendered":"<p>Voc\u00ea j\u00e1 se perguntou por que seu filho parece reclamar de tudo? Desde a hora de dormir at\u00e9 a comida no prato, as queixas constantes podem deixar qualquer pai ou m\u00e3e exausto. Mas n\u00e3o se preocupe, voc\u00ea n\u00e3o est\u00e1 sozinho nessa jornada. Esta \u00e9 uma atitude mais comum do que o que se possa imaginar. A seguir, vamos explorar as raz\u00f5es por tr\u00e1s desse comportamento e descobrir estrat\u00e9gias eficazes para lidar com a situa\u00e7\u00e3o.<\/p>\n<h2>O desenvolvimento infantil e as reclama\u00e7\u00f5es<\/h2>\n<p style=\"text-align: left;\">As reclama\u00e7\u00f5es fazem parte do <a href=\"https:\/\/www.pensarcursos.com.br\/blog\/desenvolvimento-da-redacao\/\">desenvolvimento<\/a> natural das crian\u00e7as. \u00c0 medida que crescem, elas come\u00e7am a expressar suas opini\u00f5es e desejos de maneiras nem sempre agrad\u00e1veis aos adultos. Entender essa fase \u00e9 importante para lidar com ela de forma adequada.<\/p>\n<h3>A idade das queixas<\/h3>\n<p>Por volta dos 2 anos e meio, as crian\u00e7as entram em uma fase em que as reclama\u00e7\u00f5es se tornam mais frequentes. Isso ocorre porque elas est\u00e3o desenvolvendo sua autonomia e aprendendo a expressar suas vontades. \u00c9 importante lembrar que esse comportamento n\u00e3o \u00e9 uma tentativa deliberada de irritar os pais, mas sim uma etapa natural do crescimento.<\/p>\n<h3>O papel das emo\u00e7\u00f5es<\/h3>\n<p>As reclama\u00e7\u00f5es muitas vezes s\u00e3o uma forma de express\u00e3o emocional. As crian\u00e7as ainda est\u00e3o aprendendo a lidar com suas emo\u00e7\u00f5es e podem n\u00e3o ter as ferramentas necess\u00e1rias para express\u00e1-las de maneira mais apropriada. Portanto, \u00e9 fundamental ensinar-lhes a identificar e nomear seus sentimentos.<\/p>\n<h2>Por que as crian\u00e7as reclamam constantemente?<\/h2>\n<p>Existem v\u00e1rias raz\u00f5es pelas quais as crian\u00e7as podem adotar um <a href=\"https:\/\/www.pensarcursos.com.br\/blog\/seu-parceiro-e-um-tesouro-confira-estes-9-comportamentos-validados-pela-psicologia\/\">comportamento<\/a> queixoso. Compreender essas motiva\u00e7\u00f5es pode ajudar os pais a abordar o problema de maneira mais eficaz.<\/p>\n<h3>Busca por aten\u00e7\u00e3o<\/h3>\n<p>Muitas vezes, as reclama\u00e7\u00f5es s\u00e3o uma forma de chamar a aten\u00e7\u00e3o dos pais. Se a crian\u00e7a percebe que reclamar \u00e9 uma maneira eficaz de obter aten\u00e7\u00e3o, ela pode adotar esse comportamento com mais frequ\u00eancia.<\/p>\n<h3>Estrat\u00e9gia de negocia\u00e7\u00e3o<\/h3>\n<p>As crian\u00e7as podem usar as reclama\u00e7\u00f5es como uma forma de negociar ou tentar mudar as decis\u00f5es dos adultos. Se essa t\u00e1tica funcionar algumas vezes, elas podem continuar a utiliz\u00e1-la.<\/p>\n<h3>Dificuldade em expressar necessidades<\/h3>\n<p>Para muitas crian\u00e7as, especialmente as mais novas, reclamar pode ser a \u00fanica forma que conhecem de expressar suas necessidades ou desconfortos. Elas ainda n\u00e3o desenvolveram um vocabul\u00e1rio emocional adequado para comunicar seus sentimentos de maneira mais clara.<\/p>\n<h2>O impacto do ambiente familiar<\/h2>\n<p>O ambiente em que a crian\u00e7a cresce tem um papel significativo em seu comportamento. Os filhos que reclamam de tudo podem estar refletindo padr\u00f5es observados em casa.<\/p>\n<h3>O exemplo dos adultos<\/h3>\n<p>As crian\u00e7as aprendem muito por imita\u00e7\u00e3o. Se os adultos ao seu redor reclamam frequentemente, \u00e9 natural que elas adotem esse comportamento. Portanto, \u00e9 importante que os pais estejam atentos \u00e0s suas pr\u00f3prias atitudes.<\/p>\n<h3>A import\u00e2ncia das regras e limites<\/h3>\n<p>Um ambiente familiar com regras claras e consistentes pode ajudar a reduzir as reclama\u00e7\u00f5es. Quando as crian\u00e7as sabem o que esperar e quais s\u00e3o os limites, elas tendem a protestar menos.<\/p>\n<h2>Estrat\u00e9gias para lidar com as reclama\u00e7\u00f5es<\/h2>\n<p>Agora que entendemos melhor as raz\u00f5es por tr\u00e1s das reclama\u00e7\u00f5es constantes, vamos explorar algumas estrat\u00e9gias eficazes para lidar com essa situa\u00e7\u00e3o.<\/p>\n<h3>Mantenha a calma<\/h3>\n<p>\u00c9 fundamental que os pais mantenham a <a href=\"https:\/\/www.pensarcursos.com.br\/blog\/descubra-a-frase-que-as-pessoas-mais-equilibradas-usam-para-manter-a-calma-em-debates-acalorados\/\">calma<\/a>\u00a0diante das reclama\u00e7\u00f5es. Reagir com irrita\u00e7\u00e3o ou frustra\u00e7\u00e3o pode apenas intensificar o comportamento da crian\u00e7a. Respire fundo e tente abordar a situa\u00e7\u00e3o com tranquilidade.<\/p>\n<h3>Ou\u00e7a atentamente<\/h3>\n<p>Muitas vezes, por tr\u00e1s de uma reclama\u00e7\u00e3o, h\u00e1 uma necessidade real que precisa ser atendida. Tente ouvir atentamente o que seu filho est\u00e1 dizendo e tente entender o que realmente est\u00e1 incomodando-o.<\/p>\n<h3>Ensine formas alternativas de express\u00e3o<\/h3>\n<p>Ajude seu filho a encontrar maneiras mais positivas de expressar seus sentimentos e necessidades. Ensine-o a usar &#8220;eu&#8221; em suas frases, como &#8220;Eu n\u00e3o gosto disso&#8221; em vez de &#8220;Isso \u00e9 horr\u00edvel&#8221;.<\/p>\n<h2>A import\u00e2ncia da comunica\u00e7\u00e3o efetiva<\/h2>\n<p>Uma comunica\u00e7\u00e3o clara e efetiva entre pais e filhos pode reduzir significativamente o n\u00famero de reclama\u00e7\u00f5es. Vamos explorar algumas t\u00e9cnicas para melhorar essa comunica\u00e7\u00e3o.<\/p>\n<h3>Use uma linguagem positiva<\/h3>\n<p>Em vez de focar no que a crian\u00e7a n\u00e3o deve fazer, tente usar uma linguagem positiva que enfatize o comportamento desejado. Por exemplo, em vez de dizer &#8220;Pare de reclamar&#8221;, tente &#8220;Vamos pensar em algo bom sobre essa situa\u00e7\u00e3o&#8221;.<\/p>\n<h3>Estabele\u00e7a expectativas claras<\/h3>\n<p>Comunique claramente suas expectativas \u00e0 crian\u00e7a. Quando ela sabe o que \u00e9 esperado dela, h\u00e1 menos espa\u00e7o para reclama\u00e7\u00f5es e protestos.<\/p>\n<h3>Ofere\u00e7a escolhas limitadas<\/h3>\n<p>Dar \u00e0 crian\u00e7a algumas op\u00e7\u00f5es pode ajud\u00e1-la a sentir que tem controle sobre a situa\u00e7\u00e3o, reduzindo assim a necessidade de reclamar. No entanto, certifique-se de que todas as op\u00e7\u00f5es oferecidas sejam aceit\u00e1veis para voc\u00ea.<\/p>\n<h2>O papel das emo\u00e7\u00f5es no comportamento infantil<\/h2>\n<p>Compreender e gerenciar as emo\u00e7\u00f5es \u00e9 uma habilidade determinante que as crian\u00e7as precisam desenvolver. Os filhos que reclamam de tudo muitas vezes est\u00e3o lutando com suas emo\u00e7\u00f5es.<\/p>\n<h3>Ensine sobre emo\u00e7\u00f5es<\/h3>\n<p>Ajude seu filho a identificar e nomear suas emo\u00e7\u00f5es. Isso pode ser feito atrav\u00e9s de livros, jogos ou simplesmente conversando sobre como eles se sentem em diferentes situa\u00e7\u00f5es.<\/p>\n<h3>Valide os sentimentos da crian\u00e7a<\/h3>\n<p>Mesmo que voc\u00ea n\u00e3o concorde com a reclama\u00e7\u00e3o, \u00e9 importante validar os sentimentos por tr\u00e1s dela. Diga algo como &#8220;Entendo que voc\u00ea est\u00e1 frustrado&#8221; antes de abordar o problema em si.<\/p>\n<h3>Promova a autorregula\u00e7\u00e3o emocional<\/h3>\n<p>Ensine t\u00e9cnicas de autorregula\u00e7\u00e3o emocional, como respira\u00e7\u00e3o profunda ou contar at\u00e9 dez quando estiverem chateados. Isso pode ajudar a crian\u00e7a a lidar melhor com suas emo\u00e7\u00f5es sem recorrer a reclama\u00e7\u00f5es constantes.<\/p>\n<h2>A import\u00e2ncia do refor\u00e7o positivo<\/h2>\n<p>O refor\u00e7o positivo pode ser uma ferramenta poderosa para reduzir as reclama\u00e7\u00f5es e promover comportamentos mais positivos.<\/p>\n<h3>Elogie o comportamento desejado<\/h3>\n<p>Quando seu filho expressa suas necessidades ou desejos de maneira apropriada, n\u00e3o se esque\u00e7a de elogiar. Isso incentiva a repeti\u00e7\u00e3o do comportamento positivo.<\/p>\n<h3>Use sistemas de recompensa<\/h3>\n<p>Considere implementar um sistema de recompensas para incentivar comportamentos positivos. Isso pode ser t\u00e3o simples quanto um quadro de adesivos ou uma atividade especial no fim de semana.<\/p>\n<h3>Foque nas solu\u00e7\u00f5es<\/h3>\n<p>Quando surgir um problema, incentive seu filho a pensar em solu\u00e7\u00f5es em vez de apenas reclamar. Isso promove habilidades de resolu\u00e7\u00e3o de problemas e reduz a depend\u00eancia das queixas.<\/p>\n<h2>O papel do t\u00e9dio nas reclama\u00e7\u00f5es infantis<\/h2>\n<p>Muitas vezes, as reclama\u00e7\u00f5es surgem quando as crian\u00e7as est\u00e3o entediadas. Abordar o t\u00e9dio pode ser uma maneira eficaz de reduzir as queixas constantes.<\/p>\n<h3>Incentive a criatividade<\/h3>\n<p>Proporcione oportunidades para que seu filho seja criativo. Isso pode incluir atividades art\u00edsticas, jogos imaginativos ou projetos de constru\u00e7\u00e3o.<\/p>\n<h3>Promova o brincar livre<\/h3>\n<p>O tempo para brincar livremente \u00e9 essencial para o desenvolvimento infantil. Isso permite que as crian\u00e7as explorem seus interesses e desenvolvam habilidades de forma natural.<\/p>\n<h3>Limite o tempo de tela<\/h3>\n<p>Embora a tecnologia possa ser educativa, o excesso de tempo de tela pode levar ao t\u00e9dio e \u00e0 irritabilidade. Estabele\u00e7a limites claros para o uso de dispositivos eletr\u00f4nicos.<\/p>\n<h2>A import\u00e2ncia da rotina<\/h2>\n<p>Uma rotina consistente pode ajudar a reduzir as reclama\u00e7\u00f5es, pois cria previsibilidade e seguran\u00e7a para a crian\u00e7a.<\/p>\n<h3>Estabele\u00e7a uma rotina di\u00e1ria<\/h3>\n<p>Crie uma rotina di\u00e1ria que inclua hor\u00e1rios para refei\u00e7\u00f5es, tarefas, brincadeiras e sono. Isso ajuda a crian\u00e7a a saber o que esperar ao longo do dia.<\/p>\n<h3>Prepare a crian\u00e7a para transi\u00e7\u00f5es<\/h3>\n<p>As transi\u00e7\u00f5es entre atividades podem ser dif\u00edceis para algumas crian\u00e7as. Avise com anteced\u00eancia sobre mudan\u00e7as na rotina para ajudar seu filho a se preparar mentalmente.<\/p>\n<h3>Seja consistente<\/h3>\n<p>Mantenha a consist\u00eancia na aplica\u00e7\u00e3o das regras e rotinas. Isso ajuda a crian\u00e7a a entender que as reclama\u00e7\u00f5es n\u00e3o v\u00e3o mudar as expectativas estabelecidas.<\/p>\n<h2>O papel da alimenta\u00e7\u00e3o e do sono<\/h2>\n<p>A alimenta\u00e7\u00e3o adequada e o sono suficiente s\u00e3o fundamentais para o bem-estar emocional das crian\u00e7as. Filhos que reclamam de tudo podem estar reagindo a necessidades f\u00edsicas n\u00e3o atendidas.<\/p>\n<h3>Garanta uma alimenta\u00e7\u00e3o balanceada<\/h3>\n<p>Uma dieta equilibrada pode ajudar a estabilizar o humor da crian\u00e7a. Evite alimentos com alto teor de a\u00e7\u00facar, que podem causar picos de energia seguidos de irritabilidade.<\/p>\n<h3>Estabele\u00e7a uma rotina de sono<\/h3>\n<p>Um sono adequado \u00e9 importante para o equil\u00edbrio emocional. Estabele\u00e7a uma rotina de sono consistente e certifique-se de que seu filho est\u00e1 dormindo o suficiente para sua idade.<\/p>\n<h3>Esteja atento a alergias alimentares<\/h3>\n<p>Algumas crian\u00e7as podem ficar irritadi\u00e7as devido a alergias ou sensibilidades alimentares n\u00e3o diagnosticadas. Se suspeitar disso, consulte um pediatra.<\/p>\n<figure id=\"attachment_60095\" aria-describedby=\"caption-attachment-60095\" style=\"width: 855px\" class=\"wp-caption aligncenter\"><img decoding=\"async\" class=\"wp-image-60095 \" title=\"O segredo dos pais bem-sucedidos: 5 regras para filhos fortes e confiantes!\" src=\"https:\/\/www.pensarcursos.com.br\/blog\/wp-content\/uploads\/2024\/08\/conversa-filho-adolescente-960x540-1-1024x576.jpg\" alt=\"O segredo dos pais bem-sucedidos: 5 regras para filhos fortes e confiantes!\" width=\"855\" height=\"481\" srcset=\"https:\/\/www.pensarcursos.com.br\/blog\/wp-content\/uploads\/2024\/08\/conversa-filho-adolescente-960x540-1-1024x576.jpg 1024w, https:\/\/www.pensarcursos.com.br\/blog\/wp-content\/uploads\/2024\/08\/conversa-filho-adolescente-960x540-1-300x169.jpg 300w, https:\/\/www.pensarcursos.com.br\/blog\/wp-content\/uploads\/2024\/08\/conversa-filho-adolescente-960x540-1-768x432.jpg 768w, https:\/\/www.pensarcursos.com.br\/blog\/wp-content\/uploads\/2024\/08\/conversa-filho-adolescente-960x540-1.jpg 1248w\" sizes=\"(max-width: 855px) 100vw, 855px\" \/><figcaption id=\"caption-attachment-60095\" class=\"wp-caption-text\">Relacionamento entre pais e filhos. Imagem: Bigstock<\/figcaption><\/figure>\n<h2>Quando buscar ajuda profissional<\/h2>\n<p>Embora as reclama\u00e7\u00f5es sejam comuns na inf\u00e2ncia, em alguns casos podem indicar problemas mais s\u00e9rios que requerem aten\u00e7\u00e3o profissional.<\/p>\n<h3>Sinais de alerta<\/h3>\n<p>Fique atento a sinais como reclama\u00e7\u00f5es excessivas que interferem na vida di\u00e1ria, mudan\u00e7as repentinas de comportamento ou sintomas f\u00edsicos recorrentes sem causa aparente.<\/p>\n<h3>Considere a terapia infantil<\/h3>\n<p>Se as estrat\u00e9gias em casa n\u00e3o estiverem funcionando, considere buscar a ajuda de um terapeuta infantil. Eles podem fornecer ferramentas adicionais para lidar com as reclama\u00e7\u00f5es.<\/p>\n<h3>Avalia\u00e7\u00e3o m\u00e9dica<\/h3>\n<p>Em alguns casos, problemas de sa\u00fade podem estar por tr\u00e1s das reclama\u00e7\u00f5es constantes. Uma avalia\u00e7\u00e3o m\u00e9dica completa pode ajudar a descartar quaisquer problemas f\u00edsicos subjacentes.<\/p>\n","protected":false},"excerpt":{"rendered":"<p>Voc\u00ea j\u00e1 se perguntou por que seu filho parece reclamar de tudo? Desde a hora de dormir at\u00e9 a comida no prato, as queixas constantes podem deixar qualquer pai ou m\u00e3e exausto. Mas n\u00e3o se preocupe, voc\u00ea n\u00e3o est\u00e1 sozinho nessa jornada. Esta \u00e9 uma atitude mais comum do que o que se possa imaginar. [&hellip;]<\/p>\n","protected":false},"author":17,"featured_media":84742,"comment_status":"open","ping_status":"closed","sticky":false,"template":"","format":"standard","meta":{"jnews-multi-image_gallery":[],"jnews_single_post":[],"jnews_primary_category":[],"jnews_social_meta":[],"jnews_override_counter":[],"footnotes":""},"categories":[1947],"tags":[24267,24269,24268],"class_list":["post-84741","post","type-post","status-publish","format-standard","has-post-thumbnail","hentry","category-curiosidades","tag-criancas-que-reclamam-de-tudo","tag-criancas-que-reclamam-de-tudo-psicologia","tag-criancas-reclamonas"],"yoast_head":"<!-- This site is optimized with the Yoast SEO Premium plugin v27.4 (Yoast SEO v27.4) - https:\/\/yoast.com\/product\/yoast-seo-premium-wordpress\/ -->\n<title>&quot;Por que meu filho reclama tanto?&quot;: Entenda as raz\u00f5es e saiba como agir - Blog Pensar Cursos<\/title>\n<meta name=\"description\" content=\"Voc\u00ea j\u00e1 se perguntou por que seu filho parece reclamar de tudo? Desde a hora de dormir at\u00e9 a comida no prato, as queixas constantes podem deixar qualquer\" \/>\n<meta name=\"robots\" content=\"index, follow, max-snippet:-1, max-image-preview:large, max-video-preview:-1\" \/>\n<link rel=\"canonical\" href=\"https:\/\/www.pensarcursos.com.br\/blog\/por-que-meu-filho-reclama-tanto-entenda-as-razoes-e-saiba-como-agir\/\" \/>\n<meta property=\"og:locale\" content=\"pt_BR\" \/>\n<meta property=\"og:type\" content=\"article\" \/>\n<meta property=\"og:title\" content=\"&quot;Por que meu filho reclama tanto?&quot;: Entenda as raz\u00f5es e saiba como agir\" \/>\n<meta property=\"og:description\" content=\"Voc\u00ea j\u00e1 se perguntou por que seu filho parece reclamar de tudo? Desde a hora de dormir at\u00e9 a comida no prato, as queixas constantes podem deixar qualquer\" \/>\n<meta property=\"og:url\" content=\"https:\/\/www.pensarcursos.com.br\/blog\/por-que-meu-filho-reclama-tanto-entenda-as-razoes-e-saiba-como-agir\/\" \/>\n<meta property=\"og:site_name\" content=\"Blog Pensar Cursos\" \/>\n<meta property=\"article:publisher\" content=\"https:\/\/www.facebook.com\/pensarcursos\/\" \/>\n<meta property=\"article:author\" content=\"https:\/\/www.facebook.com\/profile.php?id=61550018262414\" \/>\n<meta property=\"article:published_time\" content=\"2025-01-07T01:09:10+00:00\" \/>\n<meta property=\"og:image\" content=\"https:\/\/www.pensarcursos.com.br\/blog\/wp-content\/uploads\/2025\/01\/mother-with-headache-couch.jpg\" \/>\n\t<meta property=\"og:image:width\" content=\"2000\" \/>\n\t<meta property=\"og:image:height\" content=\"1333\" \/>\n\t<meta property=\"og:image:type\" content=\"image\/jpeg\" \/>\n<meta name=\"author\" content=\"Gorete Costa\" \/>\n<meta name=\"twitter:card\" content=\"summary_large_image\" \/>\n<meta name=\"twitter:label1\" content=\"Escrito por\" \/>\n\t<meta name=\"twitter:data1\" content=\"Gorete Costa\" \/>\n\t<meta name=\"twitter:label2\" content=\"Est. tempo de leitura\" \/>\n\t<meta name=\"twitter:data2\" content=\"8 minutos\" \/>\n<!-- \/ Yoast SEO Premium plugin. -->","yoast_head_json":{"title":"\"Por que meu filho reclama tanto?\": Entenda as raz\u00f5es e saiba como agir - Blog Pensar Cursos","description":"Voc\u00ea j\u00e1 se perguntou por que seu filho parece reclamar de tudo? Desde a hora de dormir at\u00e9 a comida no prato, as queixas constantes podem deixar qualquer","robots":{"index":"index","follow":"follow","max-snippet":"max-snippet:-1","max-image-preview":"max-image-preview:large","max-video-preview":"max-video-preview:-1"},"canonical":"https:\/\/www.pensarcursos.com.br\/blog\/por-que-meu-filho-reclama-tanto-entenda-as-razoes-e-saiba-como-agir\/","og_locale":"pt_BR","og_type":"article","og_title":"\"Por que meu filho reclama tanto?\": Entenda as raz\u00f5es e saiba como agir","og_description":"Voc\u00ea j\u00e1 se perguntou por que seu filho parece reclamar de tudo? Desde a hora de dormir at\u00e9 a comida no prato, as queixas constantes podem deixar qualquer","og_url":"https:\/\/www.pensarcursos.com.br\/blog\/por-que-meu-filho-reclama-tanto-entenda-as-razoes-e-saiba-como-agir\/","og_site_name":"Blog Pensar Cursos","article_publisher":"https:\/\/www.facebook.com\/pensarcursos\/","article_author":"https:\/\/www.facebook.com\/profile.php?id=61550018262414","article_published_time":"2025-01-07T01:09:10+00:00","og_image":[{"width":2000,"height":1333,"url":"https:\/\/www.pensarcursos.com.br\/blog\/wp-content\/uploads\/2025\/01\/mother-with-headache-couch.jpg","type":"image\/jpeg"}],"author":"Gorete Costa","twitter_card":"summary_large_image","twitter_misc":{"Escrito por":"Gorete Costa","Est. tempo de leitura":"8 minutos"},"schema":{"@context":"https:\/\/schema.org","@graph":[{"@type":["Article","BlogPosting"],"@id":"https:\/\/www.pensarcursos.com.br\/blog\/por-que-meu-filho-reclama-tanto-entenda-as-razoes-e-saiba-como-agir\/#article","isPartOf":{"@id":"https:\/\/www.pensarcursos.com.br\/blog\/por-que-meu-filho-reclama-tanto-entenda-as-razoes-e-saiba-como-agir\/"},"author":{"name":"Gorete Costa","@id":"https:\/\/www.pensarcursos.com.br\/blog\/#\/schema\/person\/e133b19d62595d6ab0c12f3e5436a7bb"},"headline":"&#8220;Por que meu filho reclama tanto?&#8221;: Entenda as raz\u00f5es e saiba como agir","datePublished":"2025-01-07T01:09:10+00:00","mainEntityOfPage":{"@id":"https:\/\/www.pensarcursos.com.br\/blog\/por-que-meu-filho-reclama-tanto-entenda-as-razoes-e-saiba-como-agir\/"},"wordCount":1648,"commentCount":0,"publisher":{"@id":"https:\/\/www.pensarcursos.com.br\/blog\/#organization"},"image":{"@id":"https:\/\/www.pensarcursos.com.br\/blog\/por-que-meu-filho-reclama-tanto-entenda-as-razoes-e-saiba-como-agir\/#primaryimage"},"thumbnailUrl":"https:\/\/www.pensarcursos.com.br\/blog\/wp-content\/uploads\/2025\/01\/mother-with-headache-couch.jpg","keywords":["crian\u00e7as que reclamam de tudo","crian\u00e7as que reclamam de tudo psicologia","crian\u00e7as reclamonas"],"articleSection":["Curiosidades"],"inLanguage":"pt-BR","potentialAction":[{"@type":"CommentAction","name":"Comment","target":["https:\/\/www.pensarcursos.com.br\/blog\/por-que-meu-filho-reclama-tanto-entenda-as-razoes-e-saiba-como-agir\/#respond"]}],"copyrightYear":"2025","copyrightHolder":{"@id":"https:\/\/www.pensarcursos.com.br\/blog\/#organization"}},{"@type":"WebPage","@id":"https:\/\/www.pensarcursos.com.br\/blog\/por-que-meu-filho-reclama-tanto-entenda-as-razoes-e-saiba-como-agir\/","url":"https:\/\/www.pensarcursos.com.br\/blog\/por-que-meu-filho-reclama-tanto-entenda-as-razoes-e-saiba-como-agir\/","name":"\"Por que meu filho reclama tanto?\": Entenda as raz\u00f5es e saiba como agir - Blog Pensar Cursos","isPartOf":{"@id":"https:\/\/www.pensarcursos.com.br\/blog\/#website"},"primaryImageOfPage":{"@id":"https:\/\/www.pensarcursos.com.br\/blog\/por-que-meu-filho-reclama-tanto-entenda-as-razoes-e-saiba-como-agir\/#primaryimage"},"image":{"@id":"https:\/\/www.pensarcursos.com.br\/blog\/por-que-meu-filho-reclama-tanto-entenda-as-razoes-e-saiba-como-agir\/#primaryimage"},"thumbnailUrl":"https:\/\/www.pensarcursos.com.br\/blog\/wp-content\/uploads\/2025\/01\/mother-with-headache-couch.jpg","datePublished":"2025-01-07T01:09:10+00:00","description":"Voc\u00ea j\u00e1 se perguntou por que seu filho parece reclamar de tudo? Desde a hora de dormir at\u00e9 a comida no prato, as queixas constantes podem deixar qualquer","breadcrumb":{"@id":"https:\/\/www.pensarcursos.com.br\/blog\/por-que-meu-filho-reclama-tanto-entenda-as-razoes-e-saiba-como-agir\/#breadcrumb"},"inLanguage":"pt-BR","potentialAction":[{"@type":"ReadAction","target":["https:\/\/www.pensarcursos.com.br\/blog\/por-que-meu-filho-reclama-tanto-entenda-as-razoes-e-saiba-como-agir\/"]}]},{"@type":"ImageObject","inLanguage":"pt-BR","@id":"https:\/\/www.pensarcursos.com.br\/blog\/por-que-meu-filho-reclama-tanto-entenda-as-razoes-e-saiba-como-agir\/#primaryimage","url":"https:\/\/www.pensarcursos.com.br\/blog\/wp-content\/uploads\/2025\/01\/mother-with-headache-couch.jpg","contentUrl":"https:\/\/www.pensarcursos.com.br\/blog\/wp-content\/uploads\/2025\/01\/mother-with-headache-couch.jpg","width":2000,"height":1333,"caption":"Filhos que reclamam de tudo. Imagem: Freepik"},{"@type":"BreadcrumbList","@id":"https:\/\/www.pensarcursos.com.br\/blog\/por-que-meu-filho-reclama-tanto-entenda-as-razoes-e-saiba-como-agir\/#breadcrumb","itemListElement":[{"@type":"ListItem","position":1,"name":"Home","item":"https:\/\/www.pensarcursos.com.br\/blog\/"},{"@type":"ListItem","position":2,"name":"&#8220;Por que meu filho reclama tanto?&#8221;: Entenda as raz\u00f5es e saiba como agir"}]},{"@type":"WebSite","@id":"https:\/\/www.pensarcursos.com.br\/blog\/#website","url":"https:\/\/www.pensarcursos.com.br\/blog\/","name":"Blog Pensar Cursos","description":"Maior Site de Cursos do Brasil","publisher":{"@id":"https:\/\/www.pensarcursos.com.br\/blog\/#organization"},"alternateName":"Blog Pensar","potentialAction":[{"@type":"SearchAction","target":{"@type":"EntryPoint","urlTemplate":"https:\/\/www.pensarcursos.com.br\/blog\/?s={search_term_string}"},"query-input":{"@type":"PropertyValueSpecification","valueRequired":true,"valueName":"search_term_string"}}],"inLanguage":"pt-BR"},{"@type":"Organization","@id":"https:\/\/www.pensarcursos.com.br\/blog\/#organization","name":"Pensar Cursos","alternateName":"Blog pensar","url":"https:\/\/www.pensarcursos.com.br\/blog\/","logo":{"@type":"ImageObject","inLanguage":"pt-BR","@id":"https:\/\/www.pensarcursos.com.br\/blog\/#\/schema\/logo\/image\/","url":"https:\/\/www.pensarcursos.com.br\/blog\/wp-content\/uploads\/2023\/11\/Nova-Logo-Pensar-Cursos-vertical.png","contentUrl":"https:\/\/www.pensarcursos.com.br\/blog\/wp-content\/uploads\/2023\/11\/Nova-Logo-Pensar-Cursos-vertical.png","width":1393,"height":1001,"caption":"Pensar Cursos"},"image":{"@id":"https:\/\/www.pensarcursos.com.br\/blog\/#\/schema\/logo\/image\/"},"sameAs":["https:\/\/www.facebook.com\/pensarcursos\/","https:\/\/instagram.com.br\/pensarcursos"],"description":"Pensar Cursos \u00e9 uma empresa especializada em oferecer cursos de alta qualidade voltados para o desenvolvimento profissional e acad\u00eamico. Com uma ampla gama de op\u00e7\u00f5es de treinamento, oferecemos conte\u00fados atualizados, ministrados por especialistas da \u00e1rea, para capacitar indiv\u00edduos e equipes a atingirem seus objetivos. Nossa miss\u00e3o \u00e9 proporcionar uma educa\u00e7\u00e3o transformadora, acess\u00edvel e personalizada para cada aluno, seja em cursos presenciais ou online. Com uma abordagem inovadora, buscamos adaptar os nossos programas de ensino \u00e0s necessidades do mercado, criando solu\u00e7\u00f5es que atendem aos desafios e exig\u00eancias do mundo corporativo e acad\u00eamico. Nossos cursos incluem desde forma\u00e7\u00f5es t\u00e9cnicas at\u00e9 habilidades essenciais, como lideran\u00e7a, gest\u00e3o e desenvolvimento pessoal.","email":"contato@pensarcursos.com.br","legalName":"Sena Servi\u00e7os de Informa\u00e7\u00e3o Online LTDA","foundingDate":"2013-04-18","vatID":"17956217000172","numberOfEmployees":{"@type":"QuantitativeValue","minValue":"11","maxValue":"50"},"publishingPrinciples":"https:\/\/www.pensarcursos.com.br\/blog\/principios-de-publicacao\/","ownershipFundingInfo":"https:\/\/www.pensarcursos.com.br\/blog\/informacoes-de-propriedade-financiamento\/","actionableFeedbackPolicy":"https:\/\/www.pensarcursos.com.br\/blog\/politica-de-feedback-acionavel\/","correctionsPolicy":"https:\/\/www.pensarcursos.com.br\/blog\/politica-de-correcoes\/","ethicsPolicy":"https:\/\/www.pensarcursos.com.br\/blog\/politica-de-etica\/"},{"@type":"Person","@id":"https:\/\/www.pensarcursos.com.br\/blog\/#\/schema\/person\/e133b19d62595d6ab0c12f3e5436a7bb","name":"Gorete Costa","image":{"@type":"ImageObject","inLanguage":"pt-BR","@id":"https:\/\/secure.gravatar.com\/avatar\/8cb99f142e1cb1312d8c202378c20dc4f7210145acc22805481f4a3f47ce9b6f?s=96&d=mm&r=g","url":"https:\/\/secure.gravatar.com\/avatar\/8cb99f142e1cb1312d8c202378c20dc4f7210145acc22805481f4a3f47ce9b6f?s=96&d=mm&r=g","contentUrl":"https:\/\/secure.gravatar.com\/avatar\/8cb99f142e1cb1312d8c202378c20dc4f7210145acc22805481f4a3f47ce9b6f?s=96&d=mm&r=g","caption":"Gorete Costa"},"description":"Graduada em Servi\u00e7o Social pela Universidade do Norte do Paran\u00e1 (Unopar), Gorete Costa \u00e9 especialista em comunica\u00e7\u00e3o, atuando como radialista em programas jornal\u00edsticos e de entretenimento, al\u00e9m de produ\u00e7\u00e3o e revis\u00e3o de textos informativos para sites e blogs.","sameAs":["https:\/\/www.facebook.com\/profile.php?id=61550018262414"],"url":"https:\/\/www.pensarcursos.com.br\/blog\/author\/gorete\/"}]}},"_links":{"self":[{"href":"https:\/\/www.pensarcursos.com.br\/blog\/wp-json\/wp\/v2\/posts\/84741","targetHints":{"allow":["GET"]}}],"collection":[{"href":"https:\/\/www.pensarcursos.com.br\/blog\/wp-json\/wp\/v2\/posts"}],"about":[{"href":"https:\/\/www.pensarcursos.com.br\/blog\/wp-json\/wp\/v2\/types\/post"}],"author":[{"embeddable":true,"href":"https:\/\/www.pensarcursos.com.br\/blog\/wp-json\/wp\/v2\/users\/17"}],"replies":[{"embeddable":true,"href":"https:\/\/www.pensarcursos.com.br\/blog\/wp-json\/wp\/v2\/comments?post=84741"}],"version-history":[{"count":0,"href":"https:\/\/www.pensarcursos.com.br\/blog\/wp-json\/wp\/v2\/posts\/84741\/revisions"}],"wp:featuredmedia":[{"embeddable":true,"href":"https:\/\/www.pensarcursos.com.br\/blog\/wp-json\/wp\/v2\/media\/84742"}],"wp:attachment":[{"href":"https:\/\/www.pensarcursos.com.br\/blog\/wp-json\/wp\/v2\/media?parent=84741"}],"wp:term":[{"taxonomy":"category","embeddable":true,"href":"https:\/\/www.pensarcursos.com.br\/blog\/wp-json\/wp\/v2\/categories?post=84741"},{"taxonomy":"post_tag","embeddable":true,"href":"https:\/\/www.pensarcursos.com.br\/blog\/wp-json\/wp\/v2\/tags?post=84741"}],"curies":[{"name":"wp","href":"https:\/\/api.w.org\/{rel}","templated":true}]}}