{"id":84655,"date":"2025-01-08T19:24:47","date_gmt":"2025-01-08T22:24:47","guid":{"rendered":"https:\/\/www.pensarcursos.com.br\/blog\/?p=84655"},"modified":"2025-01-08T15:27:37","modified_gmt":"2025-01-08T18:27:37","slug":"desafio-visual-encontre-a-face-oculta-na-imagem","status":"publish","type":"post","link":"https:\/\/www.pensarcursos.com.br\/blog\/desafio-visual-encontre-a-face-oculta-na-imagem\/","title":{"rendered":"Desafio visual: encontre a face oculta na imagem!"},"content":{"rendered":"<p>Os desafios de <strong><a href=\"https:\/\/www.pensarcursos.com.br\/blog\/identifique-o-erro-na-imagem-e-prove-que-tem-um-alto-qi\/\" target=\"_blank\" rel=\"noopener\">ilus\u00e3o de \u00f3tica<\/a><\/strong> t\u00eam sido um sucesso na internet, atraindo tanto curiosos quanto os apaixonados por testes de imagens. Essas imagens n\u00e3o apenas confundem os olhos, mas tamb\u00e9m testam sua habilidade de observa\u00e7\u00e3o e percep\u00e7\u00e3o anal\u00edtica. Hoje, trazemos para voc\u00ea um <strong>desafio<\/strong>: encontrar o rosto oculto em uma imagem aparentemente comum.<\/p>\n<h2><strong>Encontre o rosto na imagem<\/strong><\/h2>\n<p>A <strong><a href=\"https:\/\/www.pensarcursos.com.br\/blog\/encontre-um-sino-habilmente-escondido-entre-as-chaves-consegue\/\" target=\"_blank\" rel=\"noopener\">imagem<\/a> <\/strong>retrata um p\u00f4ster vintage com tr\u00eas figuras humanas caminhando. Duas delas est\u00e3o segurando guarda-chuvas, e h\u00e1 texto promocional na parte superior e inferior destacando cal\u00e7ados da &#8220;Brown &amp; Co&#8217;s Shoes&#8221;. A ilustra\u00e7\u00e3o, aparentemente comum, cont\u00e9m um desafio visual: h\u00e1 um rosto oculto camuflado entre os elementos da cena.<\/p>\n<p>Convido voc\u00ea a observar atentamente a imagem e tentar localizar o rosto escondido. Ele est\u00e1 habilmente integrado ao design, o que torna a tarefa um verdadeiro teste para suas habilidades de observa\u00e7\u00e3o. Ser\u00e1 que voc\u00ea consegue encontr\u00e1-lo em 5 segundos? Aceite o desafio e descubra!<\/p>\n<figure id=\"attachment_84658\" aria-describedby=\"caption-attachment-84658\" style=\"width: 500px\" class=\"wp-caption aligncenter\"><img decoding=\"async\" class=\"size-full wp-image-84658\" title=\"desafio visual do rosto oculto\" src=\"https:\/\/www.pensarcursos.com.br\/blog\/wp-content\/uploads\/2025\/01\/desafio-visual-do-rosto-oculto.jpg\" alt=\"Desafio visual do rosto oculto. Fonte: Jagran Josh.\" width=\"500\" height=\"750\" srcset=\"https:\/\/www.pensarcursos.com.br\/blog\/wp-content\/uploads\/2025\/01\/desafio-visual-do-rosto-oculto.jpg 500w, https:\/\/www.pensarcursos.com.br\/blog\/wp-content\/uploads\/2025\/01\/desafio-visual-do-rosto-oculto-200x300.jpg 200w\" sizes=\"(max-width: 500px) 100vw, 500px\" \/><figcaption id=\"caption-attachment-84658\" class=\"wp-caption-text\">Desafio visual do rosto oculto. Fonte: Jagran Josh.<\/figcaption><\/figure>\n<h3><strong>Dicas para resolver o desafio<\/strong><\/h3>\n<p>Aqui est\u00e3o algumas dicas para ajud\u00e1-lo a <strong><a href=\"https:\/\/www.pensarcursos.com.br\/blog\/consegue-identificar-o-mirtilo-diferente-entre-varios-outros\/\" target=\"_blank\" rel=\"noopener\">encontrar<\/a> <\/strong>o rosto oculto na imagem:<\/p>\n<ol>\n<li><strong>Observe os detalhes do cen\u00e1rio<\/strong><br \/>\nExamine com cuidado os elementos ao redor das figuras, como os guarda-chuvas e as roupas. O rosto pode estar integrado ao fundo ou aos objetos.<\/li>\n<li><strong>Foque no texto e nos contornos<\/strong><br \/>\n\u00c0s vezes, o rosto oculto est\u00e1 disfar\u00e7ado no desenho das letras ou dos detalhes da ilustra\u00e7\u00e3o, como as sombras ou as linhas.<\/li>\n<li><strong>Vire a imagem de cabe\u00e7a para baixo<\/strong><br \/>\nEssa perspectiva pode facilitar a identifica\u00e7\u00e3o do rosto escondido, j\u00e1 que o c\u00e9rebro processa as informa\u00e7\u00f5es de forma diferente.<\/li>\n<li><strong>Preste aten\u00e7\u00e3o \u00e0s linhas e formas incomuns<\/strong><br \/>\nOlhe para curvas ou padr\u00f5es que destoam do restante da imagem, especialmente em \u00e1reas como os guarda-chuvas e as silhuetas.<\/li>\n<li><strong>Concentre-se nos elementos principais<\/strong><br \/>\nEmbora a imagem tenha muitos detalhes, o rosto geralmente est\u00e1 camuflado nos pontos de maior destaque.<\/li>\n<\/ol>\n<h2><strong>Resposta do desafio visual<\/strong><\/h2>\n<p>Ainda sem encontrar o rosto oculto? Confira a resposta na imagem abaixo!<\/p>\n<figure id=\"attachment_84657\" aria-describedby=\"caption-attachment-84657\" style=\"width: 500px\" class=\"wp-caption aligncenter\"><img decoding=\"async\" class=\"size-full wp-image-84657\" title=\"resposta de onde esta o rosto oculto\" src=\"https:\/\/www.pensarcursos.com.br\/blog\/wp-content\/uploads\/2025\/01\/resposta-de-onde-esta-o-rosto-oculto.jpg\" alt=\"Resposta de onde est\u00e1 o rosto oculto na imagem. Fonte: Jagran Josh.\" width=\"500\" height=\"750\" srcset=\"https:\/\/www.pensarcursos.com.br\/blog\/wp-content\/uploads\/2025\/01\/resposta-de-onde-esta-o-rosto-oculto.jpg 500w, https:\/\/www.pensarcursos.com.br\/blog\/wp-content\/uploads\/2025\/01\/resposta-de-onde-esta-o-rosto-oculto-200x300.jpg 200w\" sizes=\"(max-width: 500px) 100vw, 500px\" \/><figcaption id=\"caption-attachment-84657\" class=\"wp-caption-text\">Resposta de onde est\u00e1 o rosto oculto na imagem. Fonte: Jagran Josh.<\/figcaption><\/figure>\n","protected":false},"excerpt":{"rendered":"<p>Os desafios de ilus\u00e3o de \u00f3tica t\u00eam sido um sucesso na internet, atraindo tanto curiosos quanto os apaixonados por testes de imagens. Essas imagens n\u00e3o apenas confundem os olhos, mas tamb\u00e9m testam sua habilidade de observa\u00e7\u00e3o e percep\u00e7\u00e3o anal\u00edtica. Hoje, trazemos para voc\u00ea um desafio: encontrar o rosto oculto em uma imagem aparentemente comum. Encontre [&hellip;]<\/p>\n","protected":false},"author":13,"featured_media":84656,"comment_status":"open","ping_status":"closed","sticky":false,"template":"","format":"standard","meta":{"jnews-multi-image_gallery":[],"jnews_single_post":[],"jnews_primary_category":[],"jnews_social_meta":[],"jnews_override_counter":[],"footnotes":""},"categories":[23322],"tags":[1685,1464,1978],"class_list":["post-84655","post","type-post","status-publish","format-standard","has-post-thumbnail","hentry","category-teste-de-qi","tag-desafio","tag-desafio-visual","tag-teste-visual"],"yoast_head":"<!-- This site is optimized with the Yoast SEO Premium plugin v27.4 (Yoast SEO v27.4) - https:\/\/yoast.com\/product\/yoast-seo-premium-wordpress\/ -->\n<title>Desafio visual: encontre a face oculta na imagem! - Blog Pensar Cursos<\/title>\n<meta name=\"description\" content=\"Os desafios de ilus\u00e3o de \u00f3tica t\u00eam sido um sucesso na internet, atraindo tanto curiosos quanto os apaixonados por testes de imagens. Essas imagens n\u00e3o\" \/>\n<meta name=\"robots\" content=\"index, follow, max-snippet:-1, max-image-preview:large, max-video-preview:-1\" \/>\n<link rel=\"canonical\" href=\"https:\/\/www.pensarcursos.com.br\/blog\/desafio-visual-encontre-a-face-oculta-na-imagem\/\" \/>\n<meta property=\"og:locale\" content=\"pt_BR\" \/>\n<meta property=\"og:type\" content=\"article\" \/>\n<meta property=\"og:title\" content=\"Desafio visual: encontre a face oculta na imagem!\" \/>\n<meta property=\"og:description\" content=\"Os desafios de ilus\u00e3o de \u00f3tica t\u00eam sido um sucesso na internet, atraindo tanto curiosos quanto os apaixonados por testes de imagens. Essas imagens n\u00e3o\" \/>\n<meta property=\"og:url\" content=\"https:\/\/www.pensarcursos.com.br\/blog\/desafio-visual-encontre-a-face-oculta-na-imagem\/\" \/>\n<meta property=\"og:site_name\" content=\"Blog Pensar Cursos\" \/>\n<meta property=\"article:publisher\" content=\"https:\/\/www.facebook.com\/pensarcursos\/\" \/>\n<meta property=\"article:author\" content=\"https:\/\/www.facebook.com\/julia.koerich.39\" \/>\n<meta property=\"article:published_time\" content=\"2025-01-08T22:24:47+00:00\" \/>\n<meta property=\"og:image\" content=\"https:\/\/www.pensarcursos.com.br\/blog\/wp-content\/uploads\/2025\/01\/desafio-visual-do-rosto-oculto.png\" \/>\n\t<meta property=\"og:image:width\" content=\"1200\" \/>\n\t<meta property=\"og:image:height\" content=\"800\" \/>\n\t<meta property=\"og:image:type\" content=\"image\/png\" \/>\n<meta name=\"author\" content=\"Julia Koerich\" \/>\n<meta name=\"twitter:card\" content=\"summary_large_image\" \/>\n<meta name=\"twitter:label1\" content=\"Escrito por\" \/>\n\t<meta name=\"twitter:data1\" content=\"Julia Koerich\" \/>\n\t<meta name=\"twitter:label2\" content=\"Est. tempo de leitura\" \/>\n\t<meta name=\"twitter:data2\" content=\"2 minutos\" \/>\n<!-- \/ Yoast SEO Premium plugin. -->","yoast_head_json":{"title":"Desafio visual: encontre a face oculta na imagem! - Blog Pensar Cursos","description":"Os desafios de ilus\u00e3o de \u00f3tica t\u00eam sido um sucesso na internet, atraindo tanto curiosos quanto os apaixonados por testes de imagens. Essas imagens n\u00e3o","robots":{"index":"index","follow":"follow","max-snippet":"max-snippet:-1","max-image-preview":"max-image-preview:large","max-video-preview":"max-video-preview:-1"},"canonical":"https:\/\/www.pensarcursos.com.br\/blog\/desafio-visual-encontre-a-face-oculta-na-imagem\/","og_locale":"pt_BR","og_type":"article","og_title":"Desafio visual: encontre a face oculta na imagem!","og_description":"Os desafios de ilus\u00e3o de \u00f3tica t\u00eam sido um sucesso na internet, atraindo tanto curiosos quanto os apaixonados por testes de imagens. Essas imagens n\u00e3o","og_url":"https:\/\/www.pensarcursos.com.br\/blog\/desafio-visual-encontre-a-face-oculta-na-imagem\/","og_site_name":"Blog Pensar Cursos","article_publisher":"https:\/\/www.facebook.com\/pensarcursos\/","article_author":"https:\/\/www.facebook.com\/julia.koerich.39","article_published_time":"2025-01-08T22:24:47+00:00","og_image":[{"width":1200,"height":800,"url":"https:\/\/www.pensarcursos.com.br\/blog\/wp-content\/uploads\/2025\/01\/desafio-visual-do-rosto-oculto.png","type":"image\/png"}],"author":"Julia Koerich","twitter_card":"summary_large_image","twitter_misc":{"Escrito por":"Julia Koerich","Est. tempo de leitura":"2 minutos"},"schema":{"@context":"https:\/\/schema.org","@graph":[{"@type":["Article","BlogPosting"],"@id":"https:\/\/www.pensarcursos.com.br\/blog\/desafio-visual-encontre-a-face-oculta-na-imagem\/#article","isPartOf":{"@id":"https:\/\/www.pensarcursos.com.br\/blog\/desafio-visual-encontre-a-face-oculta-na-imagem\/"},"author":{"name":"Julia Koerich","@id":"https:\/\/www.pensarcursos.com.br\/blog\/#\/schema\/person\/488f02c6a8789bf91624f246e1087f54"},"headline":"Desafio visual: encontre a face oculta na imagem!","datePublished":"2025-01-08T22:24:47+00:00","mainEntityOfPage":{"@id":"https:\/\/www.pensarcursos.com.br\/blog\/desafio-visual-encontre-a-face-oculta-na-imagem\/"},"wordCount":387,"commentCount":0,"publisher":{"@id":"https:\/\/www.pensarcursos.com.br\/blog\/#organization"},"image":{"@id":"https:\/\/www.pensarcursos.com.br\/blog\/desafio-visual-encontre-a-face-oculta-na-imagem\/#primaryimage"},"thumbnailUrl":"https:\/\/www.pensarcursos.com.br\/blog\/wp-content\/uploads\/2025\/01\/desafio-visual-do-rosto-oculto.png","keywords":["Desafio","desafio visual","teste visual"],"articleSection":["Teste de QI"],"inLanguage":"pt-BR","potentialAction":[{"@type":"CommentAction","name":"Comment","target":["https:\/\/www.pensarcursos.com.br\/blog\/desafio-visual-encontre-a-face-oculta-na-imagem\/#respond"]}],"copyrightYear":"2025","copyrightHolder":{"@id":"https:\/\/www.pensarcursos.com.br\/blog\/#organization"}},{"@type":"WebPage","@id":"https:\/\/www.pensarcursos.com.br\/blog\/desafio-visual-encontre-a-face-oculta-na-imagem\/","url":"https:\/\/www.pensarcursos.com.br\/blog\/desafio-visual-encontre-a-face-oculta-na-imagem\/","name":"Desafio visual: encontre a face oculta na imagem! - Blog Pensar Cursos","isPartOf":{"@id":"https:\/\/www.pensarcursos.com.br\/blog\/#website"},"primaryImageOfPage":{"@id":"https:\/\/www.pensarcursos.com.br\/blog\/desafio-visual-encontre-a-face-oculta-na-imagem\/#primaryimage"},"image":{"@id":"https:\/\/www.pensarcursos.com.br\/blog\/desafio-visual-encontre-a-face-oculta-na-imagem\/#primaryimage"},"thumbnailUrl":"https:\/\/www.pensarcursos.com.br\/blog\/wp-content\/uploads\/2025\/01\/desafio-visual-do-rosto-oculto.png","datePublished":"2025-01-08T22:24:47+00:00","description":"Os desafios de ilus\u00e3o de \u00f3tica t\u00eam sido um sucesso na internet, atraindo tanto curiosos quanto os apaixonados por testes de imagens. Essas imagens n\u00e3o","breadcrumb":{"@id":"https:\/\/www.pensarcursos.com.br\/blog\/desafio-visual-encontre-a-face-oculta-na-imagem\/#breadcrumb"},"inLanguage":"pt-BR","potentialAction":[{"@type":"ReadAction","target":["https:\/\/www.pensarcursos.com.br\/blog\/desafio-visual-encontre-a-face-oculta-na-imagem\/"]}]},{"@type":"ImageObject","inLanguage":"pt-BR","@id":"https:\/\/www.pensarcursos.com.br\/blog\/desafio-visual-encontre-a-face-oculta-na-imagem\/#primaryimage","url":"https:\/\/www.pensarcursos.com.br\/blog\/wp-content\/uploads\/2025\/01\/desafio-visual-do-rosto-oculto.png","contentUrl":"https:\/\/www.pensarcursos.com.br\/blog\/wp-content\/uploads\/2025\/01\/desafio-visual-do-rosto-oculto.png","width":1200,"height":800,"caption":"Desafio visual do rosto oculto. Fonte: Jagran Josh."},{"@type":"BreadcrumbList","@id":"https:\/\/www.pensarcursos.com.br\/blog\/desafio-visual-encontre-a-face-oculta-na-imagem\/#breadcrumb","itemListElement":[{"@type":"ListItem","position":1,"name":"Home","item":"https:\/\/www.pensarcursos.com.br\/blog\/"},{"@type":"ListItem","position":2,"name":"Desafio visual: encontre a face oculta na imagem!"}]},{"@type":"WebSite","@id":"https:\/\/www.pensarcursos.com.br\/blog\/#website","url":"https:\/\/www.pensarcursos.com.br\/blog\/","name":"Blog Pensar Cursos","description":"Maior Site de Cursos do Brasil","publisher":{"@id":"https:\/\/www.pensarcursos.com.br\/blog\/#organization"},"alternateName":"Blog Pensar","potentialAction":[{"@type":"SearchAction","target":{"@type":"EntryPoint","urlTemplate":"https:\/\/www.pensarcursos.com.br\/blog\/?s={search_term_string}"},"query-input":{"@type":"PropertyValueSpecification","valueRequired":true,"valueName":"search_term_string"}}],"inLanguage":"pt-BR"},{"@type":"Organization","@id":"https:\/\/www.pensarcursos.com.br\/blog\/#organization","name":"Pensar Cursos","alternateName":"Blog pensar","url":"https:\/\/www.pensarcursos.com.br\/blog\/","logo":{"@type":"ImageObject","inLanguage":"pt-BR","@id":"https:\/\/www.pensarcursos.com.br\/blog\/#\/schema\/logo\/image\/","url":"https:\/\/www.pensarcursos.com.br\/blog\/wp-content\/uploads\/2023\/11\/Nova-Logo-Pensar-Cursos-vertical.png","contentUrl":"https:\/\/www.pensarcursos.com.br\/blog\/wp-content\/uploads\/2023\/11\/Nova-Logo-Pensar-Cursos-vertical.png","width":1393,"height":1001,"caption":"Pensar Cursos"},"image":{"@id":"https:\/\/www.pensarcursos.com.br\/blog\/#\/schema\/logo\/image\/"},"sameAs":["https:\/\/www.facebook.com\/pensarcursos\/","https:\/\/instagram.com.br\/pensarcursos"],"description":"Pensar Cursos \u00e9 uma empresa especializada em oferecer cursos de alta qualidade voltados para o desenvolvimento profissional e acad\u00eamico. Com uma ampla gama de op\u00e7\u00f5es de treinamento, oferecemos conte\u00fados atualizados, ministrados por especialistas da \u00e1rea, para capacitar indiv\u00edduos e equipes a atingirem seus objetivos. Nossa miss\u00e3o \u00e9 proporcionar uma educa\u00e7\u00e3o transformadora, acess\u00edvel e personalizada para cada aluno, seja em cursos presenciais ou online. Com uma abordagem inovadora, buscamos adaptar os nossos programas de ensino \u00e0s necessidades do mercado, criando solu\u00e7\u00f5es que atendem aos desafios e exig\u00eancias do mundo corporativo e acad\u00eamico. Nossos cursos incluem desde forma\u00e7\u00f5es t\u00e9cnicas at\u00e9 habilidades essenciais, como lideran\u00e7a, gest\u00e3o e desenvolvimento pessoal.","email":"contato@pensarcursos.com.br","legalName":"Sena Servi\u00e7os de Informa\u00e7\u00e3o Online LTDA","foundingDate":"2013-04-18","vatID":"17956217000172","numberOfEmployees":{"@type":"QuantitativeValue","minValue":"11","maxValue":"50"},"publishingPrinciples":"https:\/\/www.pensarcursos.com.br\/blog\/principios-de-publicacao\/","ownershipFundingInfo":"https:\/\/www.pensarcursos.com.br\/blog\/informacoes-de-propriedade-financiamento\/","actionableFeedbackPolicy":"https:\/\/www.pensarcursos.com.br\/blog\/politica-de-feedback-acionavel\/","correctionsPolicy":"https:\/\/www.pensarcursos.com.br\/blog\/politica-de-correcoes\/","ethicsPolicy":"https:\/\/www.pensarcursos.com.br\/blog\/politica-de-etica\/"},{"@type":"Person","@id":"https:\/\/www.pensarcursos.com.br\/blog\/#\/schema\/person\/488f02c6a8789bf91624f246e1087f54","name":"Julia Koerich","image":{"@type":"ImageObject","inLanguage":"pt-BR","@id":"https:\/\/secure.gravatar.com\/avatar\/e2c74e498d61f83af52fb247a0fa8bf30283598a08bd3fb3137d2aed86153e19?s=96&d=mm&r=g","url":"https:\/\/secure.gravatar.com\/avatar\/e2c74e498d61f83af52fb247a0fa8bf30283598a08bd3fb3137d2aed86153e19?s=96&d=mm&r=g","contentUrl":"https:\/\/secure.gravatar.com\/avatar\/e2c74e498d61f83af52fb247a0fa8bf30283598a08bd3fb3137d2aed86153e19?s=96&d=mm&r=g","caption":"Julia Koerich"},"description":"Julia \u00e9 uma redatora de conte\u00fado criativa e vers\u00e1til, com mais de cinco anos de experi\u00eancia em escrita para blogs. Ela tem uma habilidade \u00fanica para adaptar seu estilo de escrita a diferentes p\u00fablicos e temas. Ela \u00e9 especialista em criar artigos detalhados e bem pesquisados, garantindo que cada pe\u00e7a seja informativa e atraente.","sameAs":["https:\/\/www.facebook.com\/julia.koerich.39"],"url":"https:\/\/www.pensarcursos.com.br\/blog\/author\/julia\/"}]}},"_links":{"self":[{"href":"https:\/\/www.pensarcursos.com.br\/blog\/wp-json\/wp\/v2\/posts\/84655","targetHints":{"allow":["GET"]}}],"collection":[{"href":"https:\/\/www.pensarcursos.com.br\/blog\/wp-json\/wp\/v2\/posts"}],"about":[{"href":"https:\/\/www.pensarcursos.com.br\/blog\/wp-json\/wp\/v2\/types\/post"}],"author":[{"embeddable":true,"href":"https:\/\/www.pensarcursos.com.br\/blog\/wp-json\/wp\/v2\/users\/13"}],"replies":[{"embeddable":true,"href":"https:\/\/www.pensarcursos.com.br\/blog\/wp-json\/wp\/v2\/comments?post=84655"}],"version-history":[{"count":0,"href":"https:\/\/www.pensarcursos.com.br\/blog\/wp-json\/wp\/v2\/posts\/84655\/revisions"}],"wp:featuredmedia":[{"embeddable":true,"href":"https:\/\/www.pensarcursos.com.br\/blog\/wp-json\/wp\/v2\/media\/84656"}],"wp:attachment":[{"href":"https:\/\/www.pensarcursos.com.br\/blog\/wp-json\/wp\/v2\/media?parent=84655"}],"wp:term":[{"taxonomy":"category","embeddable":true,"href":"https:\/\/www.pensarcursos.com.br\/blog\/wp-json\/wp\/v2\/categories?post=84655"},{"taxonomy":"post_tag","embeddable":true,"href":"https:\/\/www.pensarcursos.com.br\/blog\/wp-json\/wp\/v2\/tags?post=84655"}],"curies":[{"name":"wp","href":"https:\/\/api.w.org\/{rel}","templated":true}]}}