{"id":84637,"date":"2025-01-06T15:03:57","date_gmt":"2025-01-06T18:03:57","guid":{"rendered":"https:\/\/www.pensarcursos.com.br\/blog\/?p=84637"},"modified":"2025-01-05T17:53:07","modified_gmt":"2025-01-05T20:53:07","slug":"desafio-visual-encontre-o-panda-entre-os-bonecos","status":"publish","type":"post","link":"https:\/\/www.pensarcursos.com.br\/blog\/desafio-visual-encontre-o-panda-entre-os-bonecos\/","title":{"rendered":"Desafio visual: encontre o panda entre os bonecos!"},"content":{"rendered":"<p><strong><a href=\"https:\/\/www.pensarcursos.com.br\/blog\/encontre-a-foca-entre-os-pinguins-consegue\/\" target=\"_blank\" rel=\"noopener\">Quebra-cabe\u00e7as<\/a><\/strong> de imagens s\u00e3o conhecidos por estimular a mente e melhorar habilidades cognitivas, como aten\u00e7\u00e3o e percep\u00e7\u00e3o visual. Este <strong>desafio<\/strong> \u00e9 um excelente exemplo disso. Escondido entre uma multid\u00e3o de bonecos de neve alegres, est\u00e1 um panda furtivo, aguardando para ser descoberto.<\/p>\n<h2><strong>Encontre o panda entre os bonecos de neve<\/strong><\/h2>\n<p>A <strong><a href=\"https:\/\/www.pensarcursos.com.br\/blog\/consegue-encontrar-o-rato-neste-desafio-visual\/\" target=\"_blank\" rel=\"noopener\">imagem<\/a> <\/strong>acima apresenta uma multid\u00e3o de bonecos de neve, todos alegres e enfeitados com adere\u00e7os variados, como chap\u00e9us, cachec\u00f3is e gravatas. Apesar de parecer uma simples reuni\u00e3o festiva de bonecos, h\u00e1 um elemento especial escondido na cena: um panda disfar\u00e7ado entre os bonecos.<\/p>\n<p>Convidamos voc\u00ea a testar suas habilidades de observa\u00e7\u00e3o e encontrar o panda camuflado entre os personagens. Ser\u00e1 que voc\u00ea consegue localiz\u00e1-lo rapidamente? Este \u00e9 um desafio divertido que exige aten\u00e7\u00e3o aos detalhes e foco para identificar o intruso nessa paisagem de bonecos de neve. Boa sorte na busca!<\/p>\n<figure id=\"attachment_84640\" aria-describedby=\"caption-attachment-84640\" style=\"width: 676px\" class=\"wp-caption aligncenter\"><img decoding=\"async\" class=\"size-full wp-image-84640\" title=\"desafio visual do panda\" src=\"https:\/\/www.pensarcursos.com.br\/blog\/wp-content\/uploads\/2025\/01\/desafio-visual-do-panda.jpg\" alt=\"Desafio visual do panda. Fonte: Jagran Josh.\" width=\"676\" height=\"675\" srcset=\"https:\/\/www.pensarcursos.com.br\/blog\/wp-content\/uploads\/2025\/01\/desafio-visual-do-panda.jpg 676w, https:\/\/www.pensarcursos.com.br\/blog\/wp-content\/uploads\/2025\/01\/desafio-visual-do-panda-300x300.jpg 300w, https:\/\/www.pensarcursos.com.br\/blog\/wp-content\/uploads\/2025\/01\/desafio-visual-do-panda-150x150.jpg 150w\" sizes=\"(max-width: 676px) 100vw, 676px\" \/><figcaption id=\"caption-attachment-84640\" class=\"wp-caption-text\">Desafio visual do panda. Fonte: Jagran Josh.<\/figcaption><\/figure>\n<h3><strong>Dicas para encontrar o panda<\/strong><\/h3>\n<p>Aqui est\u00e3o algumas dicas para ajudar voc\u00ea a encontrar o panda <strong><a href=\"https:\/\/www.pensarcursos.com.br\/blog\/encontre-o-caracol-neste-desafio-5-s\/\" target=\"_blank\" rel=\"noopener\">escondido<\/a> <\/strong>entre os bonecos de neve:<\/p>\n<ul>\n<li><strong>Comece analisando os olhos<\/strong>: O panda tem olhos pretos bem diferentes dos dos bonecos de neve. Foque nas express\u00f5es e procure por algo que pare\u00e7a fora do padr\u00e3o.<\/li>\n<li><strong>Procure por manchas pretas<\/strong>: O panda se destaca pelas manchas pretas ao redor dos olhos. Verifique os detalhes mais sutis no meio da multid\u00e3o.<\/li>\n<li><strong>Preste aten\u00e7\u00e3o \u00e0s extremidades da imagem<\/strong>: O panda pode estar escondido em locais menos \u00f3bvios, como os cantos ou bordas da imagem.<\/li>\n<li><strong>Divida a imagem em se\u00e7\u00f5es menores<\/strong>: Escolha \u00e1reas espec\u00edficas para observar com mais calma e aumente suas chances de identificar o panda rapidamente.<\/li>\n<li><strong>Quebre o padr\u00e3o visual<\/strong>: Bonecos de neve t\u00eam caracter\u00edsticas similares, como nariz de cenoura e chap\u00e9us. O panda ser\u00e1 o elemento que &#8220;quebra&#8221; esse padr\u00e3o.<\/li>\n<\/ul>\n<h2><strong>Resposta do desafio visual do panda<\/strong><\/h2>\n<p>Ainda sem \u00eaxito? Confira a resposta abaixo!<\/p>\n<figure id=\"attachment_84639\" aria-describedby=\"caption-attachment-84639\" style=\"width: 695px\" class=\"wp-caption aligncenter\"><img decoding=\"async\" class=\"size-full wp-image-84639\" title=\"resposta do desafio visual do panda entre os bonecos de neve\" src=\"https:\/\/www.pensarcursos.com.br\/blog\/wp-content\/uploads\/2025\/01\/resposta-do-desafio-visual-do-panda-entre-os-bonecos-de-neve.jpg\" alt=\"Resposta do desafio visual do panda entre os bonecos de neve. Fonte: Jagran Josh.\" width=\"695\" height=\"675\" srcset=\"https:\/\/www.pensarcursos.com.br\/blog\/wp-content\/uploads\/2025\/01\/resposta-do-desafio-visual-do-panda-entre-os-bonecos-de-neve.jpg 695w, https:\/\/www.pensarcursos.com.br\/blog\/wp-content\/uploads\/2025\/01\/resposta-do-desafio-visual-do-panda-entre-os-bonecos-de-neve-300x291.jpg 300w\" sizes=\"(max-width: 695px) 100vw, 695px\" \/><figcaption id=\"caption-attachment-84639\" class=\"wp-caption-text\">Resposta do desafio visual do panda entre os bonecos de neve. Fonte: Jagran Josh.<\/figcaption><\/figure>\n","protected":false},"excerpt":{"rendered":"<p>Quebra-cabe\u00e7as de imagens s\u00e3o conhecidos por estimular a mente e melhorar habilidades cognitivas, como aten\u00e7\u00e3o e percep\u00e7\u00e3o visual. Este desafio \u00e9 um excelente exemplo disso. Escondido entre uma multid\u00e3o de bonecos de neve alegres, est\u00e1 um panda furtivo, aguardando para ser descoberto. Encontre o panda entre os bonecos de neve A imagem acima apresenta uma [&hellip;]<\/p>\n","protected":false},"author":13,"featured_media":84638,"comment_status":"open","ping_status":"closed","sticky":false,"template":"","format":"standard","meta":{"jnews-multi-image_gallery":[],"jnews_single_post":[],"jnews_primary_category":[],"jnews_social_meta":[],"jnews_override_counter":[],"footnotes":""},"categories":[23322],"tags":[1685,1464,1978],"class_list":["post-84637","post","type-post","status-publish","format-standard","has-post-thumbnail","hentry","category-teste-de-qi","tag-desafio","tag-desafio-visual","tag-teste-visual"],"yoast_head":"<!-- This site is optimized with the Yoast SEO Premium plugin v27.4 (Yoast SEO v27.4) - https:\/\/yoast.com\/product\/yoast-seo-premium-wordpress\/ -->\n<title>Desafio visual: encontre o panda entre os bonecos! - Blog Pensar Cursos<\/title>\n<meta name=\"description\" content=\"Quebra-cabe\u00e7as de imagens s\u00e3o conhecidos por estimular a mente e melhorar habilidades cognitivas, como aten\u00e7\u00e3o e percep\u00e7\u00e3o visual. Este desafio \u00e9 um\" \/>\n<meta name=\"robots\" content=\"index, follow, max-snippet:-1, max-image-preview:large, max-video-preview:-1\" \/>\n<link rel=\"canonical\" href=\"https:\/\/www.pensarcursos.com.br\/blog\/desafio-visual-encontre-o-panda-entre-os-bonecos\/\" \/>\n<meta property=\"og:locale\" content=\"pt_BR\" \/>\n<meta property=\"og:type\" content=\"article\" \/>\n<meta property=\"og:title\" content=\"Desafio visual: encontre o panda entre os bonecos!\" \/>\n<meta property=\"og:description\" content=\"Quebra-cabe\u00e7as de imagens s\u00e3o conhecidos por estimular a mente e melhorar habilidades cognitivas, como aten\u00e7\u00e3o e percep\u00e7\u00e3o visual. Este desafio \u00e9 um\" \/>\n<meta property=\"og:url\" content=\"https:\/\/www.pensarcursos.com.br\/blog\/desafio-visual-encontre-o-panda-entre-os-bonecos\/\" \/>\n<meta property=\"og:site_name\" content=\"Blog Pensar Cursos\" \/>\n<meta property=\"article:publisher\" content=\"https:\/\/www.facebook.com\/pensarcursos\/\" \/>\n<meta property=\"article:author\" content=\"https:\/\/www.facebook.com\/julia.koerich.39\" \/>\n<meta property=\"article:published_time\" content=\"2025-01-06T18:03:57+00:00\" \/>\n<meta property=\"og:image\" content=\"https:\/\/www.pensarcursos.com.br\/blog\/wp-content\/uploads\/2025\/01\/desafio-visual-do-panda.png\" \/>\n\t<meta property=\"og:image:width\" content=\"1200\" \/>\n\t<meta property=\"og:image:height\" content=\"800\" \/>\n\t<meta property=\"og:image:type\" content=\"image\/png\" \/>\n<meta name=\"author\" content=\"Julia Koerich\" \/>\n<meta name=\"twitter:card\" content=\"summary_large_image\" \/>\n<meta name=\"twitter:label1\" content=\"Escrito por\" \/>\n\t<meta name=\"twitter:data1\" content=\"Julia Koerich\" \/>\n\t<meta name=\"twitter:label2\" content=\"Est. tempo de leitura\" \/>\n\t<meta name=\"twitter:data2\" content=\"2 minutos\" \/>\n<!-- \/ Yoast SEO Premium plugin. -->","yoast_head_json":{"title":"Desafio visual: encontre o panda entre os bonecos! - Blog Pensar Cursos","description":"Quebra-cabe\u00e7as de imagens s\u00e3o conhecidos por estimular a mente e melhorar habilidades cognitivas, como aten\u00e7\u00e3o e percep\u00e7\u00e3o visual. Este desafio \u00e9 um","robots":{"index":"index","follow":"follow","max-snippet":"max-snippet:-1","max-image-preview":"max-image-preview:large","max-video-preview":"max-video-preview:-1"},"canonical":"https:\/\/www.pensarcursos.com.br\/blog\/desafio-visual-encontre-o-panda-entre-os-bonecos\/","og_locale":"pt_BR","og_type":"article","og_title":"Desafio visual: encontre o panda entre os bonecos!","og_description":"Quebra-cabe\u00e7as de imagens s\u00e3o conhecidos por estimular a mente e melhorar habilidades cognitivas, como aten\u00e7\u00e3o e percep\u00e7\u00e3o visual. Este desafio \u00e9 um","og_url":"https:\/\/www.pensarcursos.com.br\/blog\/desafio-visual-encontre-o-panda-entre-os-bonecos\/","og_site_name":"Blog Pensar Cursos","article_publisher":"https:\/\/www.facebook.com\/pensarcursos\/","article_author":"https:\/\/www.facebook.com\/julia.koerich.39","article_published_time":"2025-01-06T18:03:57+00:00","og_image":[{"width":1200,"height":800,"url":"https:\/\/www.pensarcursos.com.br\/blog\/wp-content\/uploads\/2025\/01\/desafio-visual-do-panda.png","type":"image\/png"}],"author":"Julia Koerich","twitter_card":"summary_large_image","twitter_misc":{"Escrito por":"Julia Koerich","Est. tempo de leitura":"2 minutos"},"schema":{"@context":"https:\/\/schema.org","@graph":[{"@type":["Article","BlogPosting"],"@id":"https:\/\/www.pensarcursos.com.br\/blog\/desafio-visual-encontre-o-panda-entre-os-bonecos\/#article","isPartOf":{"@id":"https:\/\/www.pensarcursos.com.br\/blog\/desafio-visual-encontre-o-panda-entre-os-bonecos\/"},"author":{"name":"Julia Koerich","@id":"https:\/\/www.pensarcursos.com.br\/blog\/#\/schema\/person\/488f02c6a8789bf91624f246e1087f54"},"headline":"Desafio visual: encontre o panda entre os bonecos!","datePublished":"2025-01-06T18:03:57+00:00","mainEntityOfPage":{"@id":"https:\/\/www.pensarcursos.com.br\/blog\/desafio-visual-encontre-o-panda-entre-os-bonecos\/"},"wordCount":367,"commentCount":0,"publisher":{"@id":"https:\/\/www.pensarcursos.com.br\/blog\/#organization"},"image":{"@id":"https:\/\/www.pensarcursos.com.br\/blog\/desafio-visual-encontre-o-panda-entre-os-bonecos\/#primaryimage"},"thumbnailUrl":"https:\/\/www.pensarcursos.com.br\/blog\/wp-content\/uploads\/2025\/01\/desafio-visual-do-panda.png","keywords":["Desafio","desafio visual","teste visual"],"articleSection":["Teste de QI"],"inLanguage":"pt-BR","potentialAction":[{"@type":"CommentAction","name":"Comment","target":["https:\/\/www.pensarcursos.com.br\/blog\/desafio-visual-encontre-o-panda-entre-os-bonecos\/#respond"]}],"copyrightYear":"2025","copyrightHolder":{"@id":"https:\/\/www.pensarcursos.com.br\/blog\/#organization"}},{"@type":"WebPage","@id":"https:\/\/www.pensarcursos.com.br\/blog\/desafio-visual-encontre-o-panda-entre-os-bonecos\/","url":"https:\/\/www.pensarcursos.com.br\/blog\/desafio-visual-encontre-o-panda-entre-os-bonecos\/","name":"Desafio visual: encontre o panda entre os bonecos! - Blog Pensar Cursos","isPartOf":{"@id":"https:\/\/www.pensarcursos.com.br\/blog\/#website"},"primaryImageOfPage":{"@id":"https:\/\/www.pensarcursos.com.br\/blog\/desafio-visual-encontre-o-panda-entre-os-bonecos\/#primaryimage"},"image":{"@id":"https:\/\/www.pensarcursos.com.br\/blog\/desafio-visual-encontre-o-panda-entre-os-bonecos\/#primaryimage"},"thumbnailUrl":"https:\/\/www.pensarcursos.com.br\/blog\/wp-content\/uploads\/2025\/01\/desafio-visual-do-panda.png","datePublished":"2025-01-06T18:03:57+00:00","description":"Quebra-cabe\u00e7as de imagens s\u00e3o conhecidos por estimular a mente e melhorar habilidades cognitivas, como aten\u00e7\u00e3o e percep\u00e7\u00e3o visual. Este desafio \u00e9 um","breadcrumb":{"@id":"https:\/\/www.pensarcursos.com.br\/blog\/desafio-visual-encontre-o-panda-entre-os-bonecos\/#breadcrumb"},"inLanguage":"pt-BR","potentialAction":[{"@type":"ReadAction","target":["https:\/\/www.pensarcursos.com.br\/blog\/desafio-visual-encontre-o-panda-entre-os-bonecos\/"]}]},{"@type":"ImageObject","inLanguage":"pt-BR","@id":"https:\/\/www.pensarcursos.com.br\/blog\/desafio-visual-encontre-o-panda-entre-os-bonecos\/#primaryimage","url":"https:\/\/www.pensarcursos.com.br\/blog\/wp-content\/uploads\/2025\/01\/desafio-visual-do-panda.png","contentUrl":"https:\/\/www.pensarcursos.com.br\/blog\/wp-content\/uploads\/2025\/01\/desafio-visual-do-panda.png","width":1200,"height":800,"caption":"Desafio visual do panda. Fonte: Jagran Josh."},{"@type":"BreadcrumbList","@id":"https:\/\/www.pensarcursos.com.br\/blog\/desafio-visual-encontre-o-panda-entre-os-bonecos\/#breadcrumb","itemListElement":[{"@type":"ListItem","position":1,"name":"Home","item":"https:\/\/www.pensarcursos.com.br\/blog\/"},{"@type":"ListItem","position":2,"name":"Desafio visual: encontre o panda entre os bonecos!"}]},{"@type":"WebSite","@id":"https:\/\/www.pensarcursos.com.br\/blog\/#website","url":"https:\/\/www.pensarcursos.com.br\/blog\/","name":"Blog Pensar Cursos","description":"Maior Site de Cursos do Brasil","publisher":{"@id":"https:\/\/www.pensarcursos.com.br\/blog\/#organization"},"alternateName":"Blog Pensar","potentialAction":[{"@type":"SearchAction","target":{"@type":"EntryPoint","urlTemplate":"https:\/\/www.pensarcursos.com.br\/blog\/?s={search_term_string}"},"query-input":{"@type":"PropertyValueSpecification","valueRequired":true,"valueName":"search_term_string"}}],"inLanguage":"pt-BR"},{"@type":"Organization","@id":"https:\/\/www.pensarcursos.com.br\/blog\/#organization","name":"Pensar Cursos","alternateName":"Blog pensar","url":"https:\/\/www.pensarcursos.com.br\/blog\/","logo":{"@type":"ImageObject","inLanguage":"pt-BR","@id":"https:\/\/www.pensarcursos.com.br\/blog\/#\/schema\/logo\/image\/","url":"https:\/\/www.pensarcursos.com.br\/blog\/wp-content\/uploads\/2023\/11\/Nova-Logo-Pensar-Cursos-vertical.png","contentUrl":"https:\/\/www.pensarcursos.com.br\/blog\/wp-content\/uploads\/2023\/11\/Nova-Logo-Pensar-Cursos-vertical.png","width":1393,"height":1001,"caption":"Pensar Cursos"},"image":{"@id":"https:\/\/www.pensarcursos.com.br\/blog\/#\/schema\/logo\/image\/"},"sameAs":["https:\/\/www.facebook.com\/pensarcursos\/","https:\/\/instagram.com.br\/pensarcursos"],"description":"Pensar Cursos \u00e9 uma empresa especializada em oferecer cursos de alta qualidade voltados para o desenvolvimento profissional e acad\u00eamico. Com uma ampla gama de op\u00e7\u00f5es de treinamento, oferecemos conte\u00fados atualizados, ministrados por especialistas da \u00e1rea, para capacitar indiv\u00edduos e equipes a atingirem seus objetivos. Nossa miss\u00e3o \u00e9 proporcionar uma educa\u00e7\u00e3o transformadora, acess\u00edvel e personalizada para cada aluno, seja em cursos presenciais ou online. Com uma abordagem inovadora, buscamos adaptar os nossos programas de ensino \u00e0s necessidades do mercado, criando solu\u00e7\u00f5es que atendem aos desafios e exig\u00eancias do mundo corporativo e acad\u00eamico. Nossos cursos incluem desde forma\u00e7\u00f5es t\u00e9cnicas at\u00e9 habilidades essenciais, como lideran\u00e7a, gest\u00e3o e desenvolvimento pessoal.","email":"contato@pensarcursos.com.br","legalName":"Sena Servi\u00e7os de Informa\u00e7\u00e3o Online LTDA","foundingDate":"2013-04-18","vatID":"17956217000172","numberOfEmployees":{"@type":"QuantitativeValue","minValue":"11","maxValue":"50"},"publishingPrinciples":"https:\/\/www.pensarcursos.com.br\/blog\/principios-de-publicacao\/","ownershipFundingInfo":"https:\/\/www.pensarcursos.com.br\/blog\/informacoes-de-propriedade-financiamento\/","actionableFeedbackPolicy":"https:\/\/www.pensarcursos.com.br\/blog\/politica-de-feedback-acionavel\/","correctionsPolicy":"https:\/\/www.pensarcursos.com.br\/blog\/politica-de-correcoes\/","ethicsPolicy":"https:\/\/www.pensarcursos.com.br\/blog\/politica-de-etica\/"},{"@type":"Person","@id":"https:\/\/www.pensarcursos.com.br\/blog\/#\/schema\/person\/488f02c6a8789bf91624f246e1087f54","name":"Julia Koerich","image":{"@type":"ImageObject","inLanguage":"pt-BR","@id":"https:\/\/secure.gravatar.com\/avatar\/e2c74e498d61f83af52fb247a0fa8bf30283598a08bd3fb3137d2aed86153e19?s=96&d=mm&r=g","url":"https:\/\/secure.gravatar.com\/avatar\/e2c74e498d61f83af52fb247a0fa8bf30283598a08bd3fb3137d2aed86153e19?s=96&d=mm&r=g","contentUrl":"https:\/\/secure.gravatar.com\/avatar\/e2c74e498d61f83af52fb247a0fa8bf30283598a08bd3fb3137d2aed86153e19?s=96&d=mm&r=g","caption":"Julia Koerich"},"description":"Julia \u00e9 uma redatora de conte\u00fado criativa e vers\u00e1til, com mais de cinco anos de experi\u00eancia em escrita para blogs. Ela tem uma habilidade \u00fanica para adaptar seu estilo de escrita a diferentes p\u00fablicos e temas. Ela \u00e9 especialista em criar artigos detalhados e bem pesquisados, garantindo que cada pe\u00e7a seja informativa e atraente.","sameAs":["https:\/\/www.facebook.com\/julia.koerich.39"],"url":"https:\/\/www.pensarcursos.com.br\/blog\/author\/julia\/"}]}},"_links":{"self":[{"href":"https:\/\/www.pensarcursos.com.br\/blog\/wp-json\/wp\/v2\/posts\/84637","targetHints":{"allow":["GET"]}}],"collection":[{"href":"https:\/\/www.pensarcursos.com.br\/blog\/wp-json\/wp\/v2\/posts"}],"about":[{"href":"https:\/\/www.pensarcursos.com.br\/blog\/wp-json\/wp\/v2\/types\/post"}],"author":[{"embeddable":true,"href":"https:\/\/www.pensarcursos.com.br\/blog\/wp-json\/wp\/v2\/users\/13"}],"replies":[{"embeddable":true,"href":"https:\/\/www.pensarcursos.com.br\/blog\/wp-json\/wp\/v2\/comments?post=84637"}],"version-history":[{"count":0,"href":"https:\/\/www.pensarcursos.com.br\/blog\/wp-json\/wp\/v2\/posts\/84637\/revisions"}],"wp:featuredmedia":[{"embeddable":true,"href":"https:\/\/www.pensarcursos.com.br\/blog\/wp-json\/wp\/v2\/media\/84638"}],"wp:attachment":[{"href":"https:\/\/www.pensarcursos.com.br\/blog\/wp-json\/wp\/v2\/media?parent=84637"}],"wp:term":[{"taxonomy":"category","embeddable":true,"href":"https:\/\/www.pensarcursos.com.br\/blog\/wp-json\/wp\/v2\/categories?post=84637"},{"taxonomy":"post_tag","embeddable":true,"href":"https:\/\/www.pensarcursos.com.br\/blog\/wp-json\/wp\/v2\/tags?post=84637"}],"curies":[{"name":"wp","href":"https:\/\/api.w.org\/{rel}","templated":true}]}}