{"id":83115,"date":"2024-12-23T22:03:24","date_gmt":"2024-12-24T01:03:24","guid":{"rendered":"https:\/\/www.pensarcursos.com.br\/blog\/?p=83115"},"modified":"2024-12-23T16:17:43","modified_gmt":"2024-12-23T19:17:43","slug":"desafio-visual-encontre-o-elfo-nesta-imagem","status":"publish","type":"post","link":"https:\/\/www.pensarcursos.com.br\/blog\/desafio-visual-encontre-o-elfo-nesta-imagem\/","title":{"rendered":"Desafio visual: encontre o elfo nesta imagem!"},"content":{"rendered":"<p>Procurar objetos ocultos \u00e9 uma maneira envolvente de testar sua intelig\u00eancia e aten\u00e7\u00e3o aos detalhes. Neste <strong><a href=\"https:\/\/www.pensarcursos.com.br\/blog\/desafio-visual-consegue-descobrir-qual-a-imagem-diferente\/\" target=\"_blank\" rel=\"noopener\">quebra-cabe\u00e7a<\/a><\/strong>, o <strong>desafio<\/strong> \u00e9 localizar o elfo escondido em meio a uma floresta de pinheiros. Para tornar o teste ainda mais emocionante, o tempo limite para completar a tarefa \u00e9 de apenas 5 segundos.<\/p>\n<h2><strong>Encontre o elfo na imagem<\/strong><\/h2>\n<p>A <strong><a href=\"https:\/\/www.pensarcursos.com.br\/blog\/desafio-visual-consegue-encontrar-o-peixe-diferente-na-imagem\/\" target=\"_blank\" rel=\"noopener\">imagem<\/a> <\/strong>mostra uma floresta cheia de \u00e1rvores de Natal decoradas, com detalhes de luzes e enfeites coloridos. Ao fundo, h\u00e1 um c\u00e9u noturno com uma lua cheia amarela e estrelas brilhantes, criando um clima festivo e acolhedor. As \u00e1rvores est\u00e3o espalhadas de maneira aparentemente aleat\u00f3ria, formando caminhos de neve que atravessam a paisagem.<\/p>\n<p>Em algum lugar nesta cena detalhada e encantadora, um pequeno elfo est\u00e1 escondido, aguardando para ser encontrado. Concentre-se nos detalhes e preste aten\u00e7\u00e3o \u00e0s \u00e1reas pr\u00f3ximas das \u00e1rvores e aos caminhos para tentar localiz\u00e1-lo. Ser\u00e1 que voc\u00ea consegue encontrar o elfo escondido rapidamente? Teste suas habilidades de observa\u00e7\u00e3o!<\/p>\n<figure id=\"attachment_83118\" aria-describedby=\"caption-attachment-83118\" style=\"width: 797px\" class=\"wp-caption aligncenter\"><img decoding=\"async\" class=\"size-full wp-image-83118\" title=\"desafio visual encontre o elfo\" src=\"https:\/\/www.pensarcursos.com.br\/blog\/wp-content\/uploads\/2024\/12\/desafio-visual-encontre-o-elfo.jpg\" alt=\"Desafio visual - encontre o elfo entre os pinheiros. Fonte: Jagran Josh.\" width=\"797\" height=\"722\" srcset=\"https:\/\/www.pensarcursos.com.br\/blog\/wp-content\/uploads\/2024\/12\/desafio-visual-encontre-o-elfo.jpg 797w, https:\/\/www.pensarcursos.com.br\/blog\/wp-content\/uploads\/2024\/12\/desafio-visual-encontre-o-elfo-300x272.jpg 300w, https:\/\/www.pensarcursos.com.br\/blog\/wp-content\/uploads\/2024\/12\/desafio-visual-encontre-o-elfo-768x696.jpg 768w\" sizes=\"(max-width: 797px) 100vw, 797px\" \/><figcaption id=\"caption-attachment-83118\" class=\"wp-caption-text\">Desafio visual &#8211; encontre o elfo entre os pinheiros. Fonte: Jagran Josh.<\/figcaption><\/figure>\n<h3><strong>Dicas para encontrar o elfo<\/strong><\/h3>\n<p>Aqui est\u00e3o algumas dicas para ajudar voc\u00ea a <strong><a href=\"https:\/\/www.pensarcursos.com.br\/blog\/desafio-visual-consegue-encontrar-o-gato-escondido-na-imagem\/\" target=\"_blank\" rel=\"noopener\">encontrar<\/a> <\/strong>o elfo escondido na imagem:<\/p>\n<ol>\n<li><strong>Observe perto das \u00e1rvores brancas<\/strong>: O elfo pode estar pr\u00f3ximo \u00e0s \u00e1rvores que n\u00e3o t\u00eam muitos enfeites ou que s\u00e3o completamente brancas.<\/li>\n<li><strong>Foque nos caminhos<\/strong>: O elfo pode estar camuflado ao longo dos caminhos de neve que cortam a floresta.<\/li>\n<li><strong>Procure por algo diferente<\/strong>: O elfo provavelmente tem um elemento que o distingue, como um chap\u00e9u ou uma cor que se destaca do verde das \u00e1rvores e do branco da neve.<\/li>\n<li><strong>Comece no lado direito da imagem<\/strong>: Ele pode estar escondido em uma \u00e1rea mais perif\u00e9rica.<\/li>\n<\/ol>\n<p>Boa sorte na busca! Olhe com aten\u00e7\u00e3o e divirta-se!<\/p>\n<h2><strong>Resposta do desafio visual<\/strong><\/h2>\n<p>Caso n\u00e3o tenha conseguido encontrar o elfo, ele est\u00e1 localizado \u00e0 direita da imagem, parcialmente atr\u00e1s de um dos pinheiros. Esse posicionamento estrat\u00e9gico dificulta sua identifica\u00e7\u00e3o em um primeiro olhar. Confira a imagem abaixo!<\/p>\n<figure id=\"attachment_83117\" aria-describedby=\"caption-attachment-83117\" style=\"width: 800px\" class=\"wp-caption aligncenter\"><img decoding=\"async\" class=\"size-full wp-image-83117\" title=\"resposta de onde esta o elfo\" src=\"https:\/\/www.pensarcursos.com.br\/blog\/wp-content\/uploads\/2024\/12\/resposta-de-onde-esta-o-elfo.jpg\" alt=\"Resposta de onde est\u00e1 o elfo. Fonte: Jagran Josh.\" width=\"800\" height=\"729\" srcset=\"https:\/\/www.pensarcursos.com.br\/blog\/wp-content\/uploads\/2024\/12\/resposta-de-onde-esta-o-elfo.jpg 800w, https:\/\/www.pensarcursos.com.br\/blog\/wp-content\/uploads\/2024\/12\/resposta-de-onde-esta-o-elfo-300x273.jpg 300w, https:\/\/www.pensarcursos.com.br\/blog\/wp-content\/uploads\/2024\/12\/resposta-de-onde-esta-o-elfo-768x700.jpg 768w\" sizes=\"(max-width: 800px) 100vw, 800px\" \/><figcaption id=\"caption-attachment-83117\" class=\"wp-caption-text\">Resposta de onde est\u00e1 o elfo. Fonte: Jagran Josh.<\/figcaption><\/figure>\n","protected":false},"excerpt":{"rendered":"<p>Procurar objetos ocultos \u00e9 uma maneira envolvente de testar sua intelig\u00eancia e aten\u00e7\u00e3o aos detalhes. Neste quebra-cabe\u00e7a, o desafio \u00e9 localizar o elfo escondido em meio a uma floresta de pinheiros. Para tornar o teste ainda mais emocionante, o tempo limite para completar a tarefa \u00e9 de apenas 5 segundos. Encontre o elfo na imagem [&hellip;]<\/p>\n","protected":false},"author":13,"featured_media":83116,"comment_status":"open","ping_status":"closed","sticky":false,"template":"","format":"standard","meta":{"jnews-multi-image_gallery":[],"jnews_single_post":[],"jnews_primary_category":[],"jnews_social_meta":[],"jnews_override_counter":[],"footnotes":""},"categories":[23322],"tags":[1685,1464,1613],"class_list":["post-83115","post","type-post","status-publish","format-standard","has-post-thumbnail","hentry","category-teste-de-qi","tag-desafio","tag-desafio-visual","tag-teste"],"yoast_head":"<!-- This site is optimized with the Yoast SEO Premium plugin v27.4 (Yoast SEO v27.4) - https:\/\/yoast.com\/product\/yoast-seo-premium-wordpress\/ -->\n<title>Desafio visual: encontre o elfo nesta imagem! - Blog Pensar Cursos<\/title>\n<meta name=\"description\" content=\"Procurar objetos ocultos \u00e9 uma maneira envolvente de testar sua intelig\u00eancia e aten\u00e7\u00e3o aos detalhes. Neste quebra-cabe\u00e7a, o desafio \u00e9 localizar o elfo\" \/>\n<meta name=\"robots\" content=\"index, follow, max-snippet:-1, max-image-preview:large, max-video-preview:-1\" \/>\n<link rel=\"canonical\" href=\"https:\/\/www.pensarcursos.com.br\/blog\/desafio-visual-encontre-o-elfo-nesta-imagem\/\" \/>\n<meta property=\"og:locale\" content=\"pt_BR\" \/>\n<meta property=\"og:type\" content=\"article\" \/>\n<meta property=\"og:title\" content=\"Desafio visual: encontre o elfo nesta imagem!\" \/>\n<meta property=\"og:description\" content=\"Procurar objetos ocultos \u00e9 uma maneira envolvente de testar sua intelig\u00eancia e aten\u00e7\u00e3o aos detalhes. Neste quebra-cabe\u00e7a, o desafio \u00e9 localizar o elfo\" \/>\n<meta property=\"og:url\" content=\"https:\/\/www.pensarcursos.com.br\/blog\/desafio-visual-encontre-o-elfo-nesta-imagem\/\" \/>\n<meta property=\"og:site_name\" content=\"Blog Pensar Cursos\" \/>\n<meta property=\"article:publisher\" content=\"https:\/\/www.facebook.com\/pensarcursos\/\" \/>\n<meta property=\"article:author\" content=\"https:\/\/www.facebook.com\/julia.koerich.39\" \/>\n<meta property=\"article:published_time\" content=\"2024-12-24T01:03:24+00:00\" \/>\n<meta property=\"og:image\" content=\"https:\/\/www.pensarcursos.com.br\/blog\/wp-content\/uploads\/2024\/12\/desafio-visual-encontre-o-elfo.png\" \/>\n\t<meta property=\"og:image:width\" content=\"1200\" \/>\n\t<meta property=\"og:image:height\" content=\"800\" \/>\n\t<meta property=\"og:image:type\" content=\"image\/png\" \/>\n<meta name=\"author\" content=\"Julia Koerich\" \/>\n<meta name=\"twitter:card\" content=\"summary_large_image\" \/>\n<meta name=\"twitter:label1\" content=\"Escrito por\" \/>\n\t<meta name=\"twitter:data1\" content=\"Julia Koerich\" \/>\n\t<meta name=\"twitter:label2\" content=\"Est. tempo de leitura\" \/>\n\t<meta name=\"twitter:data2\" content=\"2 minutos\" \/>\n<!-- \/ Yoast SEO Premium plugin. -->","yoast_head_json":{"title":"Desafio visual: encontre o elfo nesta imagem! - Blog Pensar Cursos","description":"Procurar objetos ocultos \u00e9 uma maneira envolvente de testar sua intelig\u00eancia e aten\u00e7\u00e3o aos detalhes. Neste quebra-cabe\u00e7a, o desafio \u00e9 localizar o elfo","robots":{"index":"index","follow":"follow","max-snippet":"max-snippet:-1","max-image-preview":"max-image-preview:large","max-video-preview":"max-video-preview:-1"},"canonical":"https:\/\/www.pensarcursos.com.br\/blog\/desafio-visual-encontre-o-elfo-nesta-imagem\/","og_locale":"pt_BR","og_type":"article","og_title":"Desafio visual: encontre o elfo nesta imagem!","og_description":"Procurar objetos ocultos \u00e9 uma maneira envolvente de testar sua intelig\u00eancia e aten\u00e7\u00e3o aos detalhes. Neste quebra-cabe\u00e7a, o desafio \u00e9 localizar o elfo","og_url":"https:\/\/www.pensarcursos.com.br\/blog\/desafio-visual-encontre-o-elfo-nesta-imagem\/","og_site_name":"Blog Pensar Cursos","article_publisher":"https:\/\/www.facebook.com\/pensarcursos\/","article_author":"https:\/\/www.facebook.com\/julia.koerich.39","article_published_time":"2024-12-24T01:03:24+00:00","og_image":[{"width":1200,"height":800,"url":"https:\/\/www.pensarcursos.com.br\/blog\/wp-content\/uploads\/2024\/12\/desafio-visual-encontre-o-elfo.png","type":"image\/png"}],"author":"Julia Koerich","twitter_card":"summary_large_image","twitter_misc":{"Escrito por":"Julia Koerich","Est. tempo de leitura":"2 minutos"},"schema":{"@context":"https:\/\/schema.org","@graph":[{"@type":["Article","BlogPosting"],"@id":"https:\/\/www.pensarcursos.com.br\/blog\/desafio-visual-encontre-o-elfo-nesta-imagem\/#article","isPartOf":{"@id":"https:\/\/www.pensarcursos.com.br\/blog\/desafio-visual-encontre-o-elfo-nesta-imagem\/"},"author":{"name":"Julia Koerich","@id":"https:\/\/www.pensarcursos.com.br\/blog\/#\/schema\/person\/488f02c6a8789bf91624f246e1087f54"},"headline":"Desafio visual: encontre o elfo nesta imagem!","datePublished":"2024-12-24T01:03:24+00:00","mainEntityOfPage":{"@id":"https:\/\/www.pensarcursos.com.br\/blog\/desafio-visual-encontre-o-elfo-nesta-imagem\/"},"wordCount":368,"commentCount":0,"publisher":{"@id":"https:\/\/www.pensarcursos.com.br\/blog\/#organization"},"image":{"@id":"https:\/\/www.pensarcursos.com.br\/blog\/desafio-visual-encontre-o-elfo-nesta-imagem\/#primaryimage"},"thumbnailUrl":"https:\/\/www.pensarcursos.com.br\/blog\/wp-content\/uploads\/2024\/12\/desafio-visual-encontre-o-elfo.png","keywords":["Desafio","desafio visual","Teste"],"articleSection":["Teste de QI"],"inLanguage":"pt-BR","potentialAction":[{"@type":"CommentAction","name":"Comment","target":["https:\/\/www.pensarcursos.com.br\/blog\/desafio-visual-encontre-o-elfo-nesta-imagem\/#respond"]}],"copyrightYear":"2024","copyrightHolder":{"@id":"https:\/\/www.pensarcursos.com.br\/blog\/#organization"}},{"@type":"WebPage","@id":"https:\/\/www.pensarcursos.com.br\/blog\/desafio-visual-encontre-o-elfo-nesta-imagem\/","url":"https:\/\/www.pensarcursos.com.br\/blog\/desafio-visual-encontre-o-elfo-nesta-imagem\/","name":"Desafio visual: encontre o elfo nesta imagem! - Blog Pensar Cursos","isPartOf":{"@id":"https:\/\/www.pensarcursos.com.br\/blog\/#website"},"primaryImageOfPage":{"@id":"https:\/\/www.pensarcursos.com.br\/blog\/desafio-visual-encontre-o-elfo-nesta-imagem\/#primaryimage"},"image":{"@id":"https:\/\/www.pensarcursos.com.br\/blog\/desafio-visual-encontre-o-elfo-nesta-imagem\/#primaryimage"},"thumbnailUrl":"https:\/\/www.pensarcursos.com.br\/blog\/wp-content\/uploads\/2024\/12\/desafio-visual-encontre-o-elfo.png","datePublished":"2024-12-24T01:03:24+00:00","description":"Procurar objetos ocultos \u00e9 uma maneira envolvente de testar sua intelig\u00eancia e aten\u00e7\u00e3o aos detalhes. Neste quebra-cabe\u00e7a, o desafio \u00e9 localizar o elfo","breadcrumb":{"@id":"https:\/\/www.pensarcursos.com.br\/blog\/desafio-visual-encontre-o-elfo-nesta-imagem\/#breadcrumb"},"inLanguage":"pt-BR","potentialAction":[{"@type":"ReadAction","target":["https:\/\/www.pensarcursos.com.br\/blog\/desafio-visual-encontre-o-elfo-nesta-imagem\/"]}]},{"@type":"ImageObject","inLanguage":"pt-BR","@id":"https:\/\/www.pensarcursos.com.br\/blog\/desafio-visual-encontre-o-elfo-nesta-imagem\/#primaryimage","url":"https:\/\/www.pensarcursos.com.br\/blog\/wp-content\/uploads\/2024\/12\/desafio-visual-encontre-o-elfo.png","contentUrl":"https:\/\/www.pensarcursos.com.br\/blog\/wp-content\/uploads\/2024\/12\/desafio-visual-encontre-o-elfo.png","width":1200,"height":800,"caption":"Desafio visual - encontre o elfo entre os pinheiros. Fonte: Jagran Josh."},{"@type":"BreadcrumbList","@id":"https:\/\/www.pensarcursos.com.br\/blog\/desafio-visual-encontre-o-elfo-nesta-imagem\/#breadcrumb","itemListElement":[{"@type":"ListItem","position":1,"name":"Home","item":"https:\/\/www.pensarcursos.com.br\/blog\/"},{"@type":"ListItem","position":2,"name":"Desafio visual: encontre o elfo nesta imagem!"}]},{"@type":"WebSite","@id":"https:\/\/www.pensarcursos.com.br\/blog\/#website","url":"https:\/\/www.pensarcursos.com.br\/blog\/","name":"Blog Pensar Cursos","description":"Maior Site de Cursos do Brasil","publisher":{"@id":"https:\/\/www.pensarcursos.com.br\/blog\/#organization"},"alternateName":"Blog Pensar","potentialAction":[{"@type":"SearchAction","target":{"@type":"EntryPoint","urlTemplate":"https:\/\/www.pensarcursos.com.br\/blog\/?s={search_term_string}"},"query-input":{"@type":"PropertyValueSpecification","valueRequired":true,"valueName":"search_term_string"}}],"inLanguage":"pt-BR"},{"@type":"Organization","@id":"https:\/\/www.pensarcursos.com.br\/blog\/#organization","name":"Pensar Cursos","alternateName":"Blog pensar","url":"https:\/\/www.pensarcursos.com.br\/blog\/","logo":{"@type":"ImageObject","inLanguage":"pt-BR","@id":"https:\/\/www.pensarcursos.com.br\/blog\/#\/schema\/logo\/image\/","url":"https:\/\/www.pensarcursos.com.br\/blog\/wp-content\/uploads\/2023\/11\/Nova-Logo-Pensar-Cursos-vertical.png","contentUrl":"https:\/\/www.pensarcursos.com.br\/blog\/wp-content\/uploads\/2023\/11\/Nova-Logo-Pensar-Cursos-vertical.png","width":1393,"height":1001,"caption":"Pensar Cursos"},"image":{"@id":"https:\/\/www.pensarcursos.com.br\/blog\/#\/schema\/logo\/image\/"},"sameAs":["https:\/\/www.facebook.com\/pensarcursos\/","https:\/\/instagram.com.br\/pensarcursos"],"description":"Pensar Cursos \u00e9 uma empresa especializada em oferecer cursos de alta qualidade voltados para o desenvolvimento profissional e acad\u00eamico. Com uma ampla gama de op\u00e7\u00f5es de treinamento, oferecemos conte\u00fados atualizados, ministrados por especialistas da \u00e1rea, para capacitar indiv\u00edduos e equipes a atingirem seus objetivos. Nossa miss\u00e3o \u00e9 proporcionar uma educa\u00e7\u00e3o transformadora, acess\u00edvel e personalizada para cada aluno, seja em cursos presenciais ou online. Com uma abordagem inovadora, buscamos adaptar os nossos programas de ensino \u00e0s necessidades do mercado, criando solu\u00e7\u00f5es que atendem aos desafios e exig\u00eancias do mundo corporativo e acad\u00eamico. Nossos cursos incluem desde forma\u00e7\u00f5es t\u00e9cnicas at\u00e9 habilidades essenciais, como lideran\u00e7a, gest\u00e3o e desenvolvimento pessoal.","email":"contato@pensarcursos.com.br","legalName":"Sena Servi\u00e7os de Informa\u00e7\u00e3o Online LTDA","foundingDate":"2013-04-18","vatID":"17956217000172","numberOfEmployees":{"@type":"QuantitativeValue","minValue":"11","maxValue":"50"},"publishingPrinciples":"https:\/\/www.pensarcursos.com.br\/blog\/principios-de-publicacao\/","ownershipFundingInfo":"https:\/\/www.pensarcursos.com.br\/blog\/informacoes-de-propriedade-financiamento\/","actionableFeedbackPolicy":"https:\/\/www.pensarcursos.com.br\/blog\/politica-de-feedback-acionavel\/","correctionsPolicy":"https:\/\/www.pensarcursos.com.br\/blog\/politica-de-correcoes\/","ethicsPolicy":"https:\/\/www.pensarcursos.com.br\/blog\/politica-de-etica\/"},{"@type":"Person","@id":"https:\/\/www.pensarcursos.com.br\/blog\/#\/schema\/person\/488f02c6a8789bf91624f246e1087f54","name":"Julia Koerich","image":{"@type":"ImageObject","inLanguage":"pt-BR","@id":"https:\/\/secure.gravatar.com\/avatar\/e2c74e498d61f83af52fb247a0fa8bf30283598a08bd3fb3137d2aed86153e19?s=96&d=mm&r=g","url":"https:\/\/secure.gravatar.com\/avatar\/e2c74e498d61f83af52fb247a0fa8bf30283598a08bd3fb3137d2aed86153e19?s=96&d=mm&r=g","contentUrl":"https:\/\/secure.gravatar.com\/avatar\/e2c74e498d61f83af52fb247a0fa8bf30283598a08bd3fb3137d2aed86153e19?s=96&d=mm&r=g","caption":"Julia Koerich"},"description":"Julia \u00e9 uma redatora de conte\u00fado criativa e vers\u00e1til, com mais de cinco anos de experi\u00eancia em escrita para blogs. Ela tem uma habilidade \u00fanica para adaptar seu estilo de escrita a diferentes p\u00fablicos e temas. Ela \u00e9 especialista em criar artigos detalhados e bem pesquisados, garantindo que cada pe\u00e7a seja informativa e atraente.","sameAs":["https:\/\/www.facebook.com\/julia.koerich.39"],"url":"https:\/\/www.pensarcursos.com.br\/blog\/author\/julia\/"}]}},"_links":{"self":[{"href":"https:\/\/www.pensarcursos.com.br\/blog\/wp-json\/wp\/v2\/posts\/83115","targetHints":{"allow":["GET"]}}],"collection":[{"href":"https:\/\/www.pensarcursos.com.br\/blog\/wp-json\/wp\/v2\/posts"}],"about":[{"href":"https:\/\/www.pensarcursos.com.br\/blog\/wp-json\/wp\/v2\/types\/post"}],"author":[{"embeddable":true,"href":"https:\/\/www.pensarcursos.com.br\/blog\/wp-json\/wp\/v2\/users\/13"}],"replies":[{"embeddable":true,"href":"https:\/\/www.pensarcursos.com.br\/blog\/wp-json\/wp\/v2\/comments?post=83115"}],"version-history":[{"count":0,"href":"https:\/\/www.pensarcursos.com.br\/blog\/wp-json\/wp\/v2\/posts\/83115\/revisions"}],"wp:featuredmedia":[{"embeddable":true,"href":"https:\/\/www.pensarcursos.com.br\/blog\/wp-json\/wp\/v2\/media\/83116"}],"wp:attachment":[{"href":"https:\/\/www.pensarcursos.com.br\/blog\/wp-json\/wp\/v2\/media?parent=83115"}],"wp:term":[{"taxonomy":"category","embeddable":true,"href":"https:\/\/www.pensarcursos.com.br\/blog\/wp-json\/wp\/v2\/categories?post=83115"},{"taxonomy":"post_tag","embeddable":true,"href":"https:\/\/www.pensarcursos.com.br\/blog\/wp-json\/wp\/v2\/tags?post=83115"}],"curies":[{"name":"wp","href":"https:\/\/api.w.org\/{rel}","templated":true}]}}