{"id":82907,"date":"2024-12-21T22:09:19","date_gmt":"2024-12-22T01:09:19","guid":{"rendered":"https:\/\/www.pensarcursos.com.br\/blog\/?p=82907"},"modified":"2026-03-18T08:06:56","modified_gmt":"2026-03-18T11:06:56","slug":"novo-concurso-oferece-50-vagas-para-docentes-confira-o-edital","status":"publish","type":"post","link":"https:\/\/www.pensarcursos.com.br\/blog\/novo-concurso-oferece-50-vagas-para-docentes-confira-o-edital\/","title":{"rendered":"Novo concurso oferece 50 vagas para docentes; confira o edital"},"content":{"rendered":"<p>A Prefeitura de Alegre, no Esp\u00edrito Santo, acaba de lan\u00e7ar o edital para um <strong>novo processo seletivo<\/strong> voltado \u00e0 contrata\u00e7\u00e3o de <strong>50 professores<\/strong> em regime tempor\u00e1rio. As vagas abrangem diferentes \u00e1reas da educa\u00e7\u00e3o e buscam profissionais qualificados para atuar na rede municipal de ensino. Este processo seletivo representa uma \u00f3tima oportunidade para quem deseja contribuir para a educa\u00e7\u00e3o local e atuar em um ambiente escolar.<\/p>\n<p>Se voc\u00ea \u00e9 da \u00e1rea educacional e est\u00e1 em busca de uma coloca\u00e7\u00e3o, continue lendo para conhecer todos os detalhes sobre o edital, as vagas, os requisitos e as etapas do <a href=\"https:\/\/www.pensarcursos.com.br\/blog\/concurso-da-policia-militar-encerra-inscricoes-no-proximo-domingo-22-2-700-vagas-e-salario-de-r-4-85221\/\">concurso<\/a>.<\/p>\n<h2>\u00c1reas de atua\u00e7\u00e3o e distribui\u00e7\u00e3o das vagas<\/h2>\n<p>O edital disponibiliza <strong>50 vagas tempor\u00e1rias<\/strong>, que est\u00e3o distribu\u00eddas entre diversas \u00e1reas de atua\u00e7\u00e3o. Confira como essas <a href=\"https:\/\/www.pensarcursos.com.br\/blog\/concurso-camara-municipal-oferta-vagas-de-nivel-medio-com-salario-de-r-4-22400\/\">vagas<\/a> se organizam:<\/p>\n<ul>\n<li>Educa\u00e7\u00e3o Infantil (0 a 5 anos): 22 vagas<\/li>\n<li>Ensino Fundamental (1\u00ba ao 5\u00ba ano): 21 vagas<\/li>\n<li>Educa\u00e7\u00e3o Especial: 3 vagas<\/li>\n<li>Educa\u00e7\u00e3o F\u00edsica: 4 vagas<\/li>\n<\/ul>\n<p>As <a href=\"https:\/\/www.pensarcursos.com.br\/blog\/concurso-abre-vagas-para-guarda-municipal-e-agente-de-transito\/\">vagas<\/a> contemplam diferentes \u00e1reas de especializa\u00e7\u00e3o, permitindo que os candidatos escolham a que mais se adequa \u00e0 sua forma\u00e7\u00e3o. Todas as vagas exigem, no m\u00ednimo, licenciatura plena, sendo que algumas \u00e1reas requerem p\u00f3s-gradua\u00e7\u00e3o espec\u00edfica.<\/p>\n<p>Al\u00e9m disso, os professores selecionados ter\u00e3o uma <strong>carga hor\u00e1ria de 25 horas semanais<\/strong>, com remunera\u00e7\u00e3o inicial de <strong>R$ 2.862,85<\/strong>.<\/p>\n<h2>Quem pode participar?<\/h2>\n<p>Para participar deste <a href=\"https:\/\/www.pensarcursos.com.br\/blog\/processo-seletivo-com-vagas-para-fonoaudiologo-operador-de-maquina-e-tecnico-em-enfermagem-abre-inscricoes-em-19-12-salario-de-ate-r-3-89470\/\">processo seletivo<\/a>, \u00e9 necess\u00e1rio atender a uma s\u00e9rie de requisitos. O edital exige que os candidatos:<\/p>\n<ol>\n<li>Sejam brasileiros natos ou naturalizados.<\/li>\n<li>Possuam idade m\u00ednima de 18 anos na data da convoca\u00e7\u00e3o.<\/li>\n<li>Tenham licenciatura plena na \u00e1rea para a qual est\u00e3o se candidatando.<\/li>\n<li>Apresentem qualifica\u00e7\u00e3o e experi\u00eancia profissional comprovada, conforme o cargo.<\/li>\n<li>Estejam em dia com as obriga\u00e7\u00f5es eleitorais e, no caso de candidatos do sexo masculino, com o servi\u00e7o militar.<\/li>\n<li>N\u00e3o tenham condena\u00e7\u00f5es criminais transitadas em julgado.<\/li>\n<\/ol>\n<p>Ademais, \u00e9 indispens\u00e1vel que os candidatos atendam \u00e0s exig\u00eancias de n\u00e3o acumula\u00e7\u00e3o de cargos p\u00fablicos, conforme a Constitui\u00e7\u00e3o Federal.<\/p>\n<h2>Detalhes sobre as inscri\u00e7\u00f5es<\/h2>\n<p>As inscri\u00e7\u00f5es ser\u00e3o realizadas exclusivamente online, garantindo maior agilidade e transpar\u00eancia no processo. Os interessados devem acessar o site oficial da Prefeitura de Alegre entre as <strong>7h do dia 2 de janeiro de 2025 e as 23h59 do dia 3 de janeiro de 2025<\/strong>.<\/p>\n<p>Antes de realizar a inscri\u00e7\u00e3o, o candidato deve:<\/p>\n<ul>\n<li>Ler cuidadosamente o edital completo.<\/li>\n<li>Certificar-se de que atende a todos os requisitos exigidos.<\/li>\n<li>Preencher o formul\u00e1rio de inscri\u00e7\u00e3o corretamente.<\/li>\n<\/ul>\n<p>\u00c9 importante destacar que a inscri\u00e7\u00e3o \u00e9 <strong>gratuita<\/strong>. No entanto, erros no preenchimento ou informa\u00e7\u00f5es incompat\u00edveis podem resultar na elimina\u00e7\u00e3o do candidato.<\/p>\n<h2>Etapas do processo seletivo<\/h2>\n<p>O <a href=\"https:\/\/www.pensarcursos.com.br\/blog\/vagas-no-samu-processo-seletivo-abre-inscricoes-nesta-terca-feira-17-12\/\">processo seletivo<\/a> ser\u00e1 realizado em <strong>tr\u00eas etapas principais<\/strong>. Confira como funcionar\u00e1 cada fase:<\/p>\n<ol>\n<li><strong>Inscri\u00e7\u00e3o e an\u00e1lise documental:<\/strong><br \/>\nDurante essa etapa, o candidato preenche o formul\u00e1rio online e insere os documentos comprobat\u00f3rios. \u00c9 fundamental que todas as informa\u00e7\u00f5es estejam corretas e completas para evitar a desclassifica\u00e7\u00e3o.<\/li>\n<li><strong>Avalia\u00e7\u00e3o de t\u00edtulos e tempo de servi\u00e7o:<\/strong><br \/>\nNesta fase, os candidatos receber\u00e3o pontos com base na sua experi\u00eancia profissional e qualifica\u00e7\u00e3o acad\u00eamica. Por exemplo, p\u00f3s-gradua\u00e7\u00f5es, como especializa\u00e7\u00f5es, mestrados ou doutorados, s\u00e3o crit\u00e9rios que contam pontos, assim como o tempo de atua\u00e7\u00e3o como docente.<\/li>\n<li><strong>Formaliza\u00e7\u00e3o do contrato:<\/strong><br \/>\nOs candidatos aprovados ser\u00e3o convocados para assinatura do contrato e in\u00edcio das atividades, de acordo com as necessidades da Secretaria Executiva de Educa\u00e7\u00e3o de Alegre.<\/li>\n<\/ol>\n<figure id=\"attachment_82914\" aria-describedby=\"caption-attachment-82914\" style=\"width: 720px\" class=\"wp-caption aligncenter\"><img decoding=\"async\" class=\"wp-image-82914 \" title=\"Processo Seletivo da Prefeitura.\" src=\"https:\/\/www.pensarcursos.com.br\/blog\/wp-content\/uploads\/2024\/12\/concurso13-15-1024x687.png\" alt=\"Processo Seletivo da Prefeitura.\" width=\"720\" height=\"483\" srcset=\"https:\/\/www.pensarcursos.com.br\/blog\/wp-content\/uploads\/2024\/12\/concurso13-15-1024x687.png 1024w, https:\/\/www.pensarcursos.com.br\/blog\/wp-content\/uploads\/2024\/12\/concurso13-15-300x201.png 300w, https:\/\/www.pensarcursos.com.br\/blog\/wp-content\/uploads\/2024\/12\/concurso13-15-768x515.png 768w, https:\/\/www.pensarcursos.com.br\/blog\/wp-content\/uploads\/2024\/12\/concurso13-15.png 1366w\" sizes=\"(max-width: 720px) 100vw, 720px\" \/><figcaption id=\"caption-attachment-82914\" class=\"wp-caption-text\">Processo Seletivo da Prefeitura. Imagem: Freepik<\/figcaption><\/figure>\n<p>O <a href=\"https:\/\/www.pensarcursos.com.br\/blog\/wp-content\/uploads\/2024\/12\/EDITAL-No-008-2024-SEAD-SEED.pdf\" target=\"_blank\" rel=\"noopener\">edital<\/a> tamb\u00e9m detalha os crit\u00e9rios de desempate, que priorizam a maior idade e a pontua\u00e7\u00e3o obtida nas categorias de experi\u00eancia e qualifica\u00e7\u00e3o.<\/p>\n<h2>Documentos obrigat\u00f3rios<\/h2>\n<p>Os candidatos aprovados e convocados dever\u00e3o apresentar a documenta\u00e7\u00e3o exigida no edital. Esses documentos incluem:<\/p>\n<ul>\n<li>Documento de identidade (RG e CPF).<\/li>\n<li>Diploma ou certificado de conclus\u00e3o da licenciatura.<\/li>\n<li>Comprovante de regularidade com as obriga\u00e7\u00f5es eleitorais.<\/li>\n<li>Certificado de quita\u00e7\u00e3o do servi\u00e7o militar (para homens).<\/li>\n<li>Certid\u00f5es negativas de antecedentes criminais.<\/li>\n<li>Comprovantes de experi\u00eancia profissional e t\u00edtulos acad\u00eamicos.<\/li>\n<\/ul>\n<p>Al\u00e9m disso, podem ser solicitados outros documentos, como declara\u00e7\u00f5es de v\u00ednculo empregat\u00edcio anterior e atestados de sa\u00fade ocupacional.<\/p>\n<h2>Validade do contrato e condi\u00e7\u00f5es<\/h2>\n<p>Os contratos ser\u00e3o firmados em regime tempor\u00e1rio e ter\u00e3o validade inicial de <strong>12 meses<\/strong>, podendo ser prorrogados por mais 12 meses, caso necess\u00e1rio.<\/p>\n<p>O edital destaca que a n\u00e3o observ\u00e2ncia das condi\u00e7\u00f5es estabelecidas, como aus\u00eancia frequente ou falta de participa\u00e7\u00e3o em reuni\u00f5es pedag\u00f3gicas, pode resultar no encerramento do contrato antes do prazo final.<\/p>\n","protected":false},"excerpt":{"rendered":"<p>A Prefeitura de Alegre, no Esp\u00edrito Santo, acaba de lan\u00e7ar o edital para um novo processo seletivo voltado \u00e0 contrata\u00e7\u00e3o de 50 professores em regime tempor\u00e1rio. As vagas abrangem diferentes \u00e1reas da educa\u00e7\u00e3o e buscam profissionais qualificados para atuar na rede municipal de ensino. Este processo seletivo representa uma \u00f3tima oportunidade para quem deseja contribuir [&hellip;]<\/p>\n","protected":false},"author":17,"featured_media":82912,"comment_status":"open","ping_status":"closed","sticky":false,"template":"","format":"standard","meta":{"jnews-multi-image_gallery":[],"jnews_single_post":[],"jnews_primary_category":[],"jnews_social_meta":[],"jnews_override_counter":[],"footnotes":""},"categories":[29],"tags":[23826,23828,23827,23829],"class_list":["post-82907","post","type-post","status-publish","format-standard","has-post-thumbnail","hentry","category-concursos","tag-concurso-da-prefeitura-de-alegre-es","tag-edital-concurso-da-prefeitura-de-alegre-es","tag-inscricoes-concurso-da-prefeitura-de-alegre-es","tag-vagas-concurso-da-prefeitura-de-alegre-es"],"yoast_head":"<!-- This site is optimized with the Yoast SEO Premium plugin v27.4 (Yoast SEO v27.4) - https:\/\/yoast.com\/product\/yoast-seo-premium-wordpress\/ -->\n<title>Novo concurso oferece 50 vagas para docentes; confira o edital - Blog Pensar Cursos<\/title>\n<meta name=\"description\" content=\"A Prefeitura de Alegre, no Esp\u00edrito Santo, acaba de lan\u00e7ar o edital para um novo processo seletivo voltado \u00e0 contrata\u00e7\u00e3o de 50 professores em regime\" \/>\n<meta name=\"robots\" content=\"index, follow, max-snippet:-1, max-image-preview:large, max-video-preview:-1\" \/>\n<link rel=\"canonical\" href=\"https:\/\/www.pensarcursos.com.br\/blog\/novo-concurso-oferece-50-vagas-para-docentes-confira-o-edital\/\" \/>\n<meta property=\"og:locale\" content=\"pt_BR\" \/>\n<meta property=\"og:type\" content=\"article\" \/>\n<meta property=\"og:title\" content=\"Novo concurso oferece 50 vagas para docentes; confira o edital\" \/>\n<meta property=\"og:description\" content=\"A Prefeitura de Alegre, no Esp\u00edrito Santo, acaba de lan\u00e7ar o edital para um novo processo seletivo voltado \u00e0 contrata\u00e7\u00e3o de 50 professores em regime\" \/>\n<meta property=\"og:url\" content=\"https:\/\/www.pensarcursos.com.br\/blog\/novo-concurso-oferece-50-vagas-para-docentes-confira-o-edital\/\" \/>\n<meta property=\"og:site_name\" content=\"Blog Pensar Cursos\" \/>\n<meta property=\"article:publisher\" content=\"https:\/\/www.facebook.com\/pensarcursos\/\" \/>\n<meta property=\"article:author\" content=\"https:\/\/www.facebook.com\/profile.php?id=61550018262414\" \/>\n<meta property=\"article:published_time\" content=\"2024-12-22T01:09:19+00:00\" \/>\n<meta property=\"article:modified_time\" content=\"2026-03-18T11:06:56+00:00\" \/>\n<meta property=\"og:image\" content=\"https:\/\/www.pensarcursos.com.br\/blog\/wp-content\/uploads\/2024\/12\/concurso9-4.jpg\" \/>\n\t<meta property=\"og:image:width\" content=\"1275\" \/>\n\t<meta property=\"og:image:height\" content=\"731\" \/>\n\t<meta property=\"og:image:type\" content=\"image\/jpeg\" \/>\n<meta name=\"author\" content=\"Gorete Costa\" \/>\n<meta name=\"twitter:card\" content=\"summary_large_image\" \/>\n<meta name=\"twitter:label1\" content=\"Escrito por\" \/>\n\t<meta name=\"twitter:data1\" content=\"Gorete Costa\" \/>\n\t<meta name=\"twitter:label2\" content=\"Est. tempo de leitura\" \/>\n\t<meta name=\"twitter:data2\" content=\"4 minutos\" \/>\n<!-- \/ Yoast SEO Premium plugin. -->","yoast_head_json":{"title":"Novo concurso oferece 50 vagas para docentes; confira o edital - Blog Pensar Cursos","description":"A Prefeitura de Alegre, no Esp\u00edrito Santo, acaba de lan\u00e7ar o edital para um novo processo seletivo voltado \u00e0 contrata\u00e7\u00e3o de 50 professores em regime","robots":{"index":"index","follow":"follow","max-snippet":"max-snippet:-1","max-image-preview":"max-image-preview:large","max-video-preview":"max-video-preview:-1"},"canonical":"https:\/\/www.pensarcursos.com.br\/blog\/novo-concurso-oferece-50-vagas-para-docentes-confira-o-edital\/","og_locale":"pt_BR","og_type":"article","og_title":"Novo concurso oferece 50 vagas para docentes; confira o edital","og_description":"A Prefeitura de Alegre, no Esp\u00edrito Santo, acaba de lan\u00e7ar o edital para um novo processo seletivo voltado \u00e0 contrata\u00e7\u00e3o de 50 professores em regime","og_url":"https:\/\/www.pensarcursos.com.br\/blog\/novo-concurso-oferece-50-vagas-para-docentes-confira-o-edital\/","og_site_name":"Blog Pensar Cursos","article_publisher":"https:\/\/www.facebook.com\/pensarcursos\/","article_author":"https:\/\/www.facebook.com\/profile.php?id=61550018262414","article_published_time":"2024-12-22T01:09:19+00:00","article_modified_time":"2026-03-18T11:06:56+00:00","og_image":[{"width":1275,"height":731,"url":"https:\/\/www.pensarcursos.com.br\/blog\/wp-content\/uploads\/2024\/12\/concurso9-4.jpg","type":"image\/jpeg"}],"author":"Gorete Costa","twitter_card":"summary_large_image","twitter_misc":{"Escrito por":"Gorete Costa","Est. tempo de leitura":"4 minutos"},"schema":{"@context":"https:\/\/schema.org","@graph":[{"@type":["Article","BlogPosting"],"@id":"https:\/\/www.pensarcursos.com.br\/blog\/novo-concurso-oferece-50-vagas-para-docentes-confira-o-edital\/#article","isPartOf":{"@id":"https:\/\/www.pensarcursos.com.br\/blog\/novo-concurso-oferece-50-vagas-para-docentes-confira-o-edital\/"},"author":{"name":"Gorete Costa","@id":"https:\/\/www.pensarcursos.com.br\/blog\/#\/schema\/person\/e133b19d62595d6ab0c12f3e5436a7bb"},"headline":"Novo concurso oferece 50 vagas para docentes; confira o edital","datePublished":"2024-12-22T01:09:19+00:00","dateModified":"2026-03-18T11:06:56+00:00","mainEntityOfPage":{"@id":"https:\/\/www.pensarcursos.com.br\/blog\/novo-concurso-oferece-50-vagas-para-docentes-confira-o-edital\/"},"wordCount":786,"commentCount":0,"publisher":{"@id":"https:\/\/www.pensarcursos.com.br\/blog\/#organization"},"image":{"@id":"https:\/\/www.pensarcursos.com.br\/blog\/novo-concurso-oferece-50-vagas-para-docentes-confira-o-edital\/#primaryimage"},"thumbnailUrl":"https:\/\/www.pensarcursos.com.br\/blog\/wp-content\/uploads\/2024\/12\/concurso9-4.jpg","keywords":["concurso da prefeitura de alegre ES","edital concurso da prefeitura de alegre ES","inscri\u00e7\u00f5es concurso da prefeitura de alegre ES","vagas concurso da prefeitura de alegre ES"],"articleSection":["Concursos P\u00fablicos"],"inLanguage":"pt-BR","potentialAction":[{"@type":"CommentAction","name":"Comment","target":["https:\/\/www.pensarcursos.com.br\/blog\/novo-concurso-oferece-50-vagas-para-docentes-confira-o-edital\/#respond"]}],"copyrightYear":"2024","copyrightHolder":{"@id":"https:\/\/www.pensarcursos.com.br\/blog\/#organization"}},{"@type":"WebPage","@id":"https:\/\/www.pensarcursos.com.br\/blog\/novo-concurso-oferece-50-vagas-para-docentes-confira-o-edital\/","url":"https:\/\/www.pensarcursos.com.br\/blog\/novo-concurso-oferece-50-vagas-para-docentes-confira-o-edital\/","name":"Novo concurso oferece 50 vagas para docentes; confira o edital - Blog Pensar Cursos","isPartOf":{"@id":"https:\/\/www.pensarcursos.com.br\/blog\/#website"},"primaryImageOfPage":{"@id":"https:\/\/www.pensarcursos.com.br\/blog\/novo-concurso-oferece-50-vagas-para-docentes-confira-o-edital\/#primaryimage"},"image":{"@id":"https:\/\/www.pensarcursos.com.br\/blog\/novo-concurso-oferece-50-vagas-para-docentes-confira-o-edital\/#primaryimage"},"thumbnailUrl":"https:\/\/www.pensarcursos.com.br\/blog\/wp-content\/uploads\/2024\/12\/concurso9-4.jpg","datePublished":"2024-12-22T01:09:19+00:00","dateModified":"2026-03-18T11:06:56+00:00","description":"A Prefeitura de Alegre, no Esp\u00edrito Santo, acaba de lan\u00e7ar o edital para um novo processo seletivo voltado \u00e0 contrata\u00e7\u00e3o de 50 professores em regime","breadcrumb":{"@id":"https:\/\/www.pensarcursos.com.br\/blog\/novo-concurso-oferece-50-vagas-para-docentes-confira-o-edital\/#breadcrumb"},"inLanguage":"pt-BR","potentialAction":[{"@type":"ReadAction","target":["https:\/\/www.pensarcursos.com.br\/blog\/novo-concurso-oferece-50-vagas-para-docentes-confira-o-edital\/"]}]},{"@type":"ImageObject","inLanguage":"pt-BR","@id":"https:\/\/www.pensarcursos.com.br\/blog\/novo-concurso-oferece-50-vagas-para-docentes-confira-o-edital\/#primaryimage","url":"https:\/\/www.pensarcursos.com.br\/blog\/wp-content\/uploads\/2024\/12\/concurso9-4.jpg","contentUrl":"https:\/\/www.pensarcursos.com.br\/blog\/wp-content\/uploads\/2024\/12\/concurso9-4.jpg","width":1275,"height":731,"caption":"Processo Seletivo Prefeitura de Alegre, ES. Imagem: Freepik"},{"@type":"BreadcrumbList","@id":"https:\/\/www.pensarcursos.com.br\/blog\/novo-concurso-oferece-50-vagas-para-docentes-confira-o-edital\/#breadcrumb","itemListElement":[{"@type":"ListItem","position":1,"name":"Home","item":"https:\/\/www.pensarcursos.com.br\/blog\/"},{"@type":"ListItem","position":2,"name":"Novo concurso oferece 50 vagas para docentes; confira o edital"}]},{"@type":"WebSite","@id":"https:\/\/www.pensarcursos.com.br\/blog\/#website","url":"https:\/\/www.pensarcursos.com.br\/blog\/","name":"Blog Pensar Cursos","description":"Maior Site de Cursos do Brasil","publisher":{"@id":"https:\/\/www.pensarcursos.com.br\/blog\/#organization"},"alternateName":"Blog Pensar","potentialAction":[{"@type":"SearchAction","target":{"@type":"EntryPoint","urlTemplate":"https:\/\/www.pensarcursos.com.br\/blog\/?s={search_term_string}"},"query-input":{"@type":"PropertyValueSpecification","valueRequired":true,"valueName":"search_term_string"}}],"inLanguage":"pt-BR"},{"@type":"Organization","@id":"https:\/\/www.pensarcursos.com.br\/blog\/#organization","name":"Pensar Cursos","alternateName":"Blog pensar","url":"https:\/\/www.pensarcursos.com.br\/blog\/","logo":{"@type":"ImageObject","inLanguage":"pt-BR","@id":"https:\/\/www.pensarcursos.com.br\/blog\/#\/schema\/logo\/image\/","url":"https:\/\/www.pensarcursos.com.br\/blog\/wp-content\/uploads\/2023\/11\/Nova-Logo-Pensar-Cursos-vertical.png","contentUrl":"https:\/\/www.pensarcursos.com.br\/blog\/wp-content\/uploads\/2023\/11\/Nova-Logo-Pensar-Cursos-vertical.png","width":1393,"height":1001,"caption":"Pensar Cursos"},"image":{"@id":"https:\/\/www.pensarcursos.com.br\/blog\/#\/schema\/logo\/image\/"},"sameAs":["https:\/\/www.facebook.com\/pensarcursos\/","https:\/\/instagram.com.br\/pensarcursos"],"description":"Pensar Cursos \u00e9 uma empresa especializada em oferecer cursos de alta qualidade voltados para o desenvolvimento profissional e acad\u00eamico. Com uma ampla gama de op\u00e7\u00f5es de treinamento, oferecemos conte\u00fados atualizados, ministrados por especialistas da \u00e1rea, para capacitar indiv\u00edduos e equipes a atingirem seus objetivos. Nossa miss\u00e3o \u00e9 proporcionar uma educa\u00e7\u00e3o transformadora, acess\u00edvel e personalizada para cada aluno, seja em cursos presenciais ou online. Com uma abordagem inovadora, buscamos adaptar os nossos programas de ensino \u00e0s necessidades do mercado, criando solu\u00e7\u00f5es que atendem aos desafios e exig\u00eancias do mundo corporativo e acad\u00eamico. Nossos cursos incluem desde forma\u00e7\u00f5es t\u00e9cnicas at\u00e9 habilidades essenciais, como lideran\u00e7a, gest\u00e3o e desenvolvimento pessoal.","email":"contato@pensarcursos.com.br","legalName":"Sena Servi\u00e7os de Informa\u00e7\u00e3o Online LTDA","foundingDate":"2013-04-18","vatID":"17956217000172","numberOfEmployees":{"@type":"QuantitativeValue","minValue":"11","maxValue":"50"},"publishingPrinciples":"https:\/\/www.pensarcursos.com.br\/blog\/principios-de-publicacao\/","ownershipFundingInfo":"https:\/\/www.pensarcursos.com.br\/blog\/informacoes-de-propriedade-financiamento\/","actionableFeedbackPolicy":"https:\/\/www.pensarcursos.com.br\/blog\/politica-de-feedback-acionavel\/","correctionsPolicy":"https:\/\/www.pensarcursos.com.br\/blog\/politica-de-correcoes\/","ethicsPolicy":"https:\/\/www.pensarcursos.com.br\/blog\/politica-de-etica\/"},{"@type":"Person","@id":"https:\/\/www.pensarcursos.com.br\/blog\/#\/schema\/person\/e133b19d62595d6ab0c12f3e5436a7bb","name":"Gorete Costa","image":{"@type":"ImageObject","inLanguage":"pt-BR","@id":"https:\/\/secure.gravatar.com\/avatar\/8cb99f142e1cb1312d8c202378c20dc4f7210145acc22805481f4a3f47ce9b6f?s=96&d=mm&r=g","url":"https:\/\/secure.gravatar.com\/avatar\/8cb99f142e1cb1312d8c202378c20dc4f7210145acc22805481f4a3f47ce9b6f?s=96&d=mm&r=g","contentUrl":"https:\/\/secure.gravatar.com\/avatar\/8cb99f142e1cb1312d8c202378c20dc4f7210145acc22805481f4a3f47ce9b6f?s=96&d=mm&r=g","caption":"Gorete Costa"},"description":"Graduada em Servi\u00e7o Social pela Universidade do Norte do Paran\u00e1 (Unopar), Gorete Costa \u00e9 especialista em comunica\u00e7\u00e3o, atuando como radialista em programas jornal\u00edsticos e de entretenimento, al\u00e9m de produ\u00e7\u00e3o e revis\u00e3o de textos informativos para sites e blogs.","sameAs":["https:\/\/www.facebook.com\/profile.php?id=61550018262414"],"url":"https:\/\/www.pensarcursos.com.br\/blog\/author\/gorete\/"}]}},"_links":{"self":[{"href":"https:\/\/www.pensarcursos.com.br\/blog\/wp-json\/wp\/v2\/posts\/82907","targetHints":{"allow":["GET"]}}],"collection":[{"href":"https:\/\/www.pensarcursos.com.br\/blog\/wp-json\/wp\/v2\/posts"}],"about":[{"href":"https:\/\/www.pensarcursos.com.br\/blog\/wp-json\/wp\/v2\/types\/post"}],"author":[{"embeddable":true,"href":"https:\/\/www.pensarcursos.com.br\/blog\/wp-json\/wp\/v2\/users\/17"}],"replies":[{"embeddable":true,"href":"https:\/\/www.pensarcursos.com.br\/blog\/wp-json\/wp\/v2\/comments?post=82907"}],"version-history":[{"count":0,"href":"https:\/\/www.pensarcursos.com.br\/blog\/wp-json\/wp\/v2\/posts\/82907\/revisions"}],"wp:featuredmedia":[{"embeddable":true,"href":"https:\/\/www.pensarcursos.com.br\/blog\/wp-json\/wp\/v2\/media\/82912"}],"wp:attachment":[{"href":"https:\/\/www.pensarcursos.com.br\/blog\/wp-json\/wp\/v2\/media?parent=82907"}],"wp:term":[{"taxonomy":"category","embeddable":true,"href":"https:\/\/www.pensarcursos.com.br\/blog\/wp-json\/wp\/v2\/categories?post=82907"},{"taxonomy":"post_tag","embeddable":true,"href":"https:\/\/www.pensarcursos.com.br\/blog\/wp-json\/wp\/v2\/tags?post=82907"}],"curies":[{"name":"wp","href":"https:\/\/api.w.org\/{rel}","templated":true}]}}