{"id":79460,"date":"2024-11-26T10:02:21","date_gmt":"2024-11-26T13:02:21","guid":{"rendered":"https:\/\/www.pensarcursos.com.br\/blog\/?p=79460"},"modified":"2025-02-24T09:25:07","modified_gmt":"2025-02-24T12:25:07","slug":"concurso-ibge-edital-de-selecao","status":"publish","type":"post","link":"https:\/\/www.pensarcursos.com.br\/blog\/concurso-ibge-edital-de-selecao\/","title":{"rendered":"Aten\u00e7\u00e3o: IBGE anuncia concurso para preenchimento de 30 vagas"},"content":{"rendered":"<p>O edital n\u00ba 5\/2024 do Concurso IBGE foi publicado no Di\u00e1rio Oficial da Uni\u00e3o (DOU), marcando o in\u00edcio de um processo seletivo. As informa\u00e7\u00f5es preliminares j\u00e1 est\u00e3o dispon\u00edveis, fazendo com que os candidatos se preparem, embora o documento completo ainda n\u00e3o tenha sido divulgado no site oficial do instituto.<\/p>\n<p>A pr\u00f3pria Funda\u00e7\u00e3o IBGE est\u00e1 encarregada da organiza\u00e7\u00e3o deste processo seletivo. Esta abordagem interna permite um maior controle sobre todas as etapas do processo, desde a elabora\u00e7\u00e3o do edital at\u00e9 a sele\u00e7\u00e3o final dos candidatos.<\/p>\n<p>As vagas est\u00e3o distribu\u00eddas em 10 munic\u00edpios brasileiros, abrangendo sete estados nas regi\u00f5es Sudeste, Centro-Oeste e Sul do pa\u00eds. Esta distribui\u00e7\u00e3o geogr\u00e1fica ampla reflete o esfor\u00e7o do IBGE em fortalecer sua presen\u00e7a em diferentes \u00e1reas do territ\u00f3rio nacional, garantindo uma cobertura mais abrangente para suas pesquisas e atividades.<\/p>\n<h2>Cargo e Requisitos do Concurso IBGE<\/h2>\n<p>Todas as 30 vagas s\u00e3o para o cargo de <strong>Agente de Pesquisas e Mapeamento<\/strong>. Embora os requisitos detalhados ainda n\u00e3o tenham sido divulgados no edital oficial, esta fun\u00e7\u00e3o costuma exigir <strong>n\u00edvel m\u00e9dio de escolaridade<\/strong>.<\/p>\n<h3>Remunera\u00e7\u00e3o e Benef\u00edcios<\/h3>\n<p>De acordo com o documento disponibilizado no DOU, os selecionados receber\u00e3o um sal\u00e1rio mensal de<strong> R$ 2.676,24<\/strong>, al\u00e9m de benef\u00edcios adicionais que incluem:<\/p>\n<ul class=\"!whitespace-normal list-disc ml-5\">\n<li class=\"pb-1\"><strong>Aux\u00edlio-alimenta\u00e7\u00e3o no valor de R$ 1.000,00<\/strong><\/li>\n<li class=\"pb-1\"><strong>Aux\u00edlio-transporte<\/strong><\/li>\n<li class=\"pb-1\"><strong>Aux\u00edlio pr\u00e9-escolar<\/strong><\/li>\n<\/ul>\n<h3>Dura\u00e7\u00e3o do Contrato<\/h3>\n<p>O contrato inicial ter\u00e1 dura\u00e7\u00e3o de um ano, com a possibilidade de prorroga\u00e7\u00e3o por at\u00e9 tr\u00eas anos. Esta flexibilidade na dura\u00e7\u00e3o do contrato pode ser vantajosa tanto para o <a href=\"https:\/\/www.pensarcursos.com.br\/blog\/vai-ter-concurso-ibge-de-nivel-medio-em-2025-saiba-todas-as-informacoes-aqui\/\" target=\"_blank\" rel=\"noopener\">IBGE<\/a> quanto para os profissionais selecionados, permitindo uma avalia\u00e7\u00e3o cont\u00ednua do desempenho e das necessidades do instituto.<\/p>\n<h2>Locais de Trabalho<\/h2>\n<p>Os profissionais contratados ser\u00e3o alocados em diferentes estados:<\/p>\n<ul class=\"!whitespace-normal list-decimal ml-5\">\n<li class=\"pb-1\">Esp\u00edrito Santo<\/li>\n<li class=\"pb-1\">Mato Grosso<\/li>\n<li class=\"pb-1\">Minas Gerais<\/li>\n<li class=\"pb-1\">Paran\u00e1<\/li>\n<li class=\"pb-1\">Rio Grande do Sul<\/li>\n<li class=\"pb-1\">Santa Catarina<\/li>\n<li class=\"pb-1\">S\u00e3o Paulo<\/li>\n<\/ul>\n<p>Esta distribui\u00e7\u00e3o geogr\u00e1fica oferece <a href=\"https:\/\/www.pensarcursos.com.br\/blog\/rendimento-moedas-5-centavos\/\" target=\"_blank\" rel=\"noopener\">oportunidades<\/a> para candidatos de diferentes regi\u00f5es do pa\u00eds, contribuindo para a diversidade da equipe do IBGE e para o desenvolvimento local das \u00e1reas onde os profissionais ser\u00e3o alocados.<\/p>\n<h2>Processo de Inscri\u00e7\u00e3o do Concurso IBGE<\/h2>\n<p>O processo de inscri\u00e7\u00e3o para este processo seletivo do IBGE tem algumas particularidades que os candidatos devem observar atentamente.<\/p>\n<h3>Per\u00edodo de Inscri\u00e7\u00f5es<\/h3>\n<p>As inscri\u00e7\u00f5es dever\u00e3o ser realizadas entre os dias<strong> 25 e 29 de novembro de 2024<\/strong>.<\/p>\n<h3>M\u00e9todo de Inscri\u00e7\u00e3o<\/h3>\n<p>Diferentemente de muitos processos seletivos modernos que utilizam plataformas online, <strong>as inscri\u00e7\u00f5es<\/strong> para este processo do IBGE<strong> ser\u00e3o realizadas de maneira presencial<\/strong>.<\/p>\n<h3>Documenta\u00e7\u00e3o Necess\u00e1ria<\/h3>\n<p>Para se inscrever, os candidatos dever\u00e3o:<\/p>\n<ul class=\"!whitespace-normal list-decimal ml-5\">\n<li class=\"pb-1\"><strong>Preencher e assinar a ficha de candidatura<\/strong><\/li>\n<li class=\"pb-1\"><strong>Reunir a documenta\u00e7\u00e3o comprobat\u00f3ria necess\u00e1ria<\/strong><\/li>\n<li class=\"pb-1\"><strong>Entregar estes documentos em um dos postos de atendimento designados<\/strong><\/li>\n<\/ul>\n<p>\u00c9 fundamental que os candidatos verifiquem cuidadosamente quais documentos ser\u00e3o exigidos e os preparem com anteced\u00eancia para evitar problemas no momento da inscri\u00e7\u00e3o.<\/p>\n<h3>Gratuidade da Inscri\u00e7\u00e3o<\/h3>\n<p>Um ponto positivo deste concurso \u00e9 que <strong>n\u00e3o ser\u00e1 cobrada nenhuma taxa de inscri\u00e7\u00e3o<\/strong>. Esta decis\u00e3o do IBGE torna o processo mais acess\u00edvel, permitindo que um maior n\u00famero de candidatos possa participar sem barreiras financeiras.<\/p>\n<h2>Etapas do Processo Seletivo<\/h2>\n<p>Embora os detalhes completos ainda n\u00e3o tenham sido divulgados, \u00e9 poss\u00edvel fazer algumas infer\u00eancias baseadas em processos seletivos anteriores do IBGE. Para mais informa\u00e7\u00f5es, acesso o <a href=\"https:\/\/www.pensarcursos.com.br\/blog\/wp-content\/uploads\/2024\/11\/extrato-ibge-1.pdf\" target=\"_blank\" rel=\"noopener\">extrato do edital.<\/a><\/p>\n<h3>Avalia\u00e7\u00e3o de T\u00edtulos<\/h3>\n<p>\u00c9 prov\u00e1vel que o processo seletivo siga o modelo de editais anteriores, consistindo em uma etapa \u00fanica de avalia\u00e7\u00e3o de t\u00edtulos. Neste tipo de avalia\u00e7\u00e3o, os candidatos s\u00e3o classificados com base em seus diplomas e certificados de forma\u00e7\u00e3o acad\u00eamica.<\/p>\n<h3>Import\u00e2ncia da Forma\u00e7\u00e3o Acad\u00eamica<\/h3>\n<p>Caso este modelo seja confirmado, os candidatos que possuem forma\u00e7\u00e3o acad\u00eamica mais avan\u00e7ada ou cursos espec\u00edficos relacionados \u00e0 \u00e1rea de atua\u00e7\u00e3o do IBGE podem ter vantagem no processo de sele\u00e7\u00e3o. Isso ressalta a import\u00e2ncia do investimento cont\u00ednuo em educa\u00e7\u00e3o e capacita\u00e7\u00e3o profissional.<\/p>\n<h3>Poss\u00edveis Crit\u00e9rios de Avalia\u00e7\u00e3o<\/h3>\n<p>Embora os crit\u00e9rios espec\u00edficos ainda n\u00e3o tenham sido divulgados, \u00e9 poss\u00edvel que a avalia\u00e7\u00e3o considere aspectos como:<\/p>\n<ul class=\"!whitespace-normal list-disc ml-5\">\n<li class=\"pb-1\">N\u00edvel de escolaridade (gradua\u00e7\u00e3o, p\u00f3s-gradua\u00e7\u00e3o, mestrado, doutorado)<\/li>\n<li class=\"pb-1\">Cursos t\u00e9cnicos ou de especializa\u00e7\u00e3o relevantes para a fun\u00e7\u00e3o<\/li>\n<li class=\"pb-1\">Experi\u00eancia profissional pr\u00e9via em \u00e1reas relacionadas<\/li>\n<\/ul>\n<p>\u00c9 importante que os candidatos estejam preparados para apresentar documenta\u00e7\u00e3o comprobat\u00f3ria de todas as suas qualifica\u00e7\u00f5es e experi\u00eancias relevantes.<\/p>\n<figure id=\"attachment_79464\" aria-describedby=\"caption-attachment-79464\" style=\"width: 1446px\" class=\"wp-caption aligncenter\"><img decoding=\"async\" class=\"wp-image-79464 size-full\" title=\"ibge\" src=\"https:\/\/www.pensarcursos.com.br\/blog\/wp-content\/uploads\/2024\/11\/ibge.jpg\" alt=\"ibge\" width=\"1446\" height=\"900\" srcset=\"https:\/\/www.pensarcursos.com.br\/blog\/wp-content\/uploads\/2024\/11\/ibge.jpg 1446w, https:\/\/www.pensarcursos.com.br\/blog\/wp-content\/uploads\/2024\/11\/ibge-300x187.jpg 300w, https:\/\/www.pensarcursos.com.br\/blog\/wp-content\/uploads\/2024\/11\/ibge-1024x637.jpg 1024w, https:\/\/www.pensarcursos.com.br\/blog\/wp-content\/uploads\/2024\/11\/ibge-768x478.jpg 768w\" sizes=\"(max-width: 1446px) 100vw, 1446px\" \/><figcaption id=\"caption-attachment-79464\" class=\"wp-caption-text\">Edital IBGE \/ Fonte: IBGE<\/figcaption><\/figure>\n<h2>Perspectivas Futuras<\/h2>\n<p>Este processo seletivo do IBGE n\u00e3o apenas oferece oportunidades imediatas, mas tamb\u00e9m pode abrir portas para o futuro.<\/p>\n<h3>Carreira no IBGE<\/h3>\n<p>Embora as vagas sejam tempor\u00e1rias, a experi\u00eancia adquirida pode ser valiosa para:<\/p>\n<ol class=\"!whitespace-normal list-decimal ml-5\">\n<li class=\"pb-1\">Futuros processos seletivos do pr\u00f3prio IBGE<\/li>\n<li class=\"pb-1\">Oportunidades em outras institui\u00e7\u00f5es governamentais<\/li>\n<li class=\"pb-1\">Desenvolvimento de uma carreira na \u00e1rea de pesquisa e estat\u00edstica<\/li>\n<\/ol>\n<h3>Impacto na Carreira Profissional<\/h3>\n<p>Trabalhar no IBGE, mesmo que temporariamente, pode:<\/p>\n<ol class=\"!whitespace-normal list-decimal ml-5\">\n<li class=\"pb-1\">Enriquecer significativamente o curr\u00edculo do profissional<\/li>\n<li class=\"pb-1\">Proporcionar networking valioso no setor p\u00fablico e acad\u00eamico<\/li>\n<li class=\"pb-1\">Desenvolver habilidades altamente valorizadas no mercado de trabalho<\/li>\n<\/ol>\n<h3>Contribui\u00e7\u00e3o para o Desenvolvimento Nacional<\/h3>\n<p>Os profissionais selecionados ter\u00e3o a oportunidade de:<\/p>\n<ol class=\"!whitespace-normal list-decimal ml-5\">\n<li class=\"pb-1\">Participar de projetos de relev\u00e2ncia nacional<\/li>\n<li class=\"pb-1\">Contribuir para a produ\u00e7\u00e3o de dados essenciais para o planejamento do pa\u00eds<\/li>\n<li class=\"pb-1\">Fazer parte de uma institui\u00e7\u00e3o respeitada internacionalmente por sua excel\u00eancia em pesquisa<\/li>\n<\/ol>\n<h2>Publica\u00e7\u00e3o do Edital Completo<\/h2>\n<p>O edital completo do processo seletivo do IBGE n\u00ba 5\/2024 ser\u00e1 divulgado em breve no site oficial da institui\u00e7\u00e3o. \u00c9 fundamental que os candidatos:<\/p>\n<ol class=\"!whitespace-normal list-decimal ml-5\">\n<li class=\"pb-1\">Acompanhem regularmente o site do instituto<\/li>\n<li class=\"pb-1\">Leiam atentamente todo o conte\u00fado do edital<\/li>\n<li class=\"pb-1\">Anotem datas importantes e requisitos espec\u00edficos<\/li>\n<\/ol>\n","protected":false},"excerpt":{"rendered":"<p>O edital n\u00ba 5\/2024 do Concurso IBGE foi publicado no Di\u00e1rio Oficial da Uni\u00e3o (DOU), marcando o in\u00edcio de um processo seletivo. As informa\u00e7\u00f5es preliminares j\u00e1 est\u00e3o dispon\u00edveis, fazendo com que os candidatos se preparem, embora o documento completo ainda n\u00e3o tenha sido divulgado no site oficial do instituto. A pr\u00f3pria Funda\u00e7\u00e3o IBGE est\u00e1 encarregada [&hellip;]<\/p>\n","protected":false},"author":47,"featured_media":79466,"comment_status":"open","ping_status":"closed","sticky":false,"template":"","format":"standard","meta":{"jnews-multi-image_gallery":[],"jnews_single_post":[],"jnews_primary_category":[],"jnews_social_meta":[],"jnews_override_counter":[],"footnotes":""},"categories":[22],"tags":[22940,22939,17590],"class_list":["post-79460","post","type-post","status-publish","format-standard","has-post-thumbnail","hentry","category-noticias","tag-edital-do-ibge","tag-inscricoes-para-processo-seletivo","tag-processo-seletivo-ibge"],"yoast_head":"<!-- This site is optimized with the Yoast SEO Premium plugin v27.4 (Yoast SEO v27.4) - https:\/\/yoast.com\/product\/yoast-seo-premium-wordpress\/ -->\n<title>Aten\u00e7\u00e3o: IBGE anuncia concurso para preenchimento de 30 vagas - Blog Pensar Cursos<\/title>\n<meta name=\"description\" content=\"O edital n\u00ba 5\/2024 do Concurso IBGE foi publicado no Di\u00e1rio Oficial da Uni\u00e3o (DOU), marcando o in\u00edcio de um processo seletivo. As informa\u00e7\u00f5es preliminares\" \/>\n<meta name=\"robots\" content=\"index, follow, max-snippet:-1, max-image-preview:large, max-video-preview:-1\" \/>\n<link rel=\"canonical\" href=\"https:\/\/www.pensarcursos.com.br\/blog\/concurso-ibge-edital-de-selecao\/\" \/>\n<meta property=\"og:locale\" content=\"pt_BR\" \/>\n<meta property=\"og:type\" content=\"article\" \/>\n<meta property=\"og:title\" content=\"Aten\u00e7\u00e3o: IBGE anuncia concurso para preenchimento de 30 vagas\" \/>\n<meta property=\"og:description\" content=\"O edital n\u00ba 5\/2024 do Concurso IBGE foi publicado no Di\u00e1rio Oficial da Uni\u00e3o (DOU), marcando o in\u00edcio de um processo seletivo. As informa\u00e7\u00f5es preliminares\" \/>\n<meta property=\"og:url\" content=\"https:\/\/www.pensarcursos.com.br\/blog\/concurso-ibge-edital-de-selecao\/\" \/>\n<meta property=\"og:site_name\" content=\"Blog Pensar Cursos\" \/>\n<meta property=\"article:publisher\" content=\"https:\/\/www.facebook.com\/pensarcursos\/\" \/>\n<meta property=\"article:published_time\" content=\"2024-11-26T13:02:21+00:00\" \/>\n<meta property=\"article:modified_time\" content=\"2025-02-24T12:25:07+00:00\" \/>\n<meta property=\"og:image\" content=\"https:\/\/www.pensarcursos.com.br\/blog\/wp-content\/uploads\/2024\/11\/Edital-IBGE-scaled.jpg\" \/>\n\t<meta property=\"og:image:width\" content=\"2560\" \/>\n\t<meta property=\"og:image:height\" content=\"1707\" \/>\n\t<meta property=\"og:image:type\" content=\"image\/jpeg\" \/>\n<meta name=\"author\" content=\"Larah Almeida\" \/>\n<meta name=\"twitter:card\" content=\"summary_large_image\" \/>\n<meta name=\"twitter:label1\" content=\"Escrito por\" \/>\n\t<meta name=\"twitter:data1\" content=\"Larah Almeida\" \/>\n\t<meta name=\"twitter:label2\" content=\"Est. tempo de leitura\" \/>\n\t<meta name=\"twitter:data2\" content=\"5 minutos\" \/>\n<!-- \/ Yoast SEO Premium plugin. -->","yoast_head_json":{"title":"Aten\u00e7\u00e3o: IBGE anuncia concurso para preenchimento de 30 vagas - Blog Pensar Cursos","description":"O edital n\u00ba 5\/2024 do Concurso IBGE foi publicado no Di\u00e1rio Oficial da Uni\u00e3o (DOU), marcando o in\u00edcio de um processo seletivo. As informa\u00e7\u00f5es preliminares","robots":{"index":"index","follow":"follow","max-snippet":"max-snippet:-1","max-image-preview":"max-image-preview:large","max-video-preview":"max-video-preview:-1"},"canonical":"https:\/\/www.pensarcursos.com.br\/blog\/concurso-ibge-edital-de-selecao\/","og_locale":"pt_BR","og_type":"article","og_title":"Aten\u00e7\u00e3o: IBGE anuncia concurso para preenchimento de 30 vagas","og_description":"O edital n\u00ba 5\/2024 do Concurso IBGE foi publicado no Di\u00e1rio Oficial da Uni\u00e3o (DOU), marcando o in\u00edcio de um processo seletivo. As informa\u00e7\u00f5es preliminares","og_url":"https:\/\/www.pensarcursos.com.br\/blog\/concurso-ibge-edital-de-selecao\/","og_site_name":"Blog Pensar Cursos","article_publisher":"https:\/\/www.facebook.com\/pensarcursos\/","article_published_time":"2024-11-26T13:02:21+00:00","article_modified_time":"2025-02-24T12:25:07+00:00","og_image":[{"width":2560,"height":1707,"url":"https:\/\/www.pensarcursos.com.br\/blog\/wp-content\/uploads\/2024\/11\/Edital-IBGE-scaled.jpg","type":"image\/jpeg"}],"author":"Larah Almeida","twitter_card":"summary_large_image","twitter_misc":{"Escrito por":"Larah Almeida","Est. tempo de leitura":"5 minutos"},"schema":{"@context":"https:\/\/schema.org","@graph":[{"@type":["Article","BlogPosting"],"@id":"https:\/\/www.pensarcursos.com.br\/blog\/concurso-ibge-edital-de-selecao\/#article","isPartOf":{"@id":"https:\/\/www.pensarcursos.com.br\/blog\/concurso-ibge-edital-de-selecao\/"},"author":{"name":"Larah Almeida","@id":"https:\/\/www.pensarcursos.com.br\/blog\/#\/schema\/person\/efaa2ebf796a0b86f3f3a80f9740a382"},"headline":"Aten\u00e7\u00e3o: IBGE anuncia concurso para preenchimento de 30 vagas","datePublished":"2024-11-26T13:02:21+00:00","dateModified":"2025-02-24T12:25:07+00:00","mainEntityOfPage":{"@id":"https:\/\/www.pensarcursos.com.br\/blog\/concurso-ibge-edital-de-selecao\/"},"wordCount":983,"commentCount":0,"publisher":{"@id":"https:\/\/www.pensarcursos.com.br\/blog\/#organization"},"image":{"@id":"https:\/\/www.pensarcursos.com.br\/blog\/concurso-ibge-edital-de-selecao\/#primaryimage"},"thumbnailUrl":"https:\/\/www.pensarcursos.com.br\/blog\/wp-content\/uploads\/2024\/11\/Edital-IBGE-scaled.jpg","keywords":["edital do IBGE","inscri\u00e7\u00f5es para processo seletivo","Processo Seletivo IBGE"],"articleSection":["Not\u00edcias"],"inLanguage":"pt-BR","potentialAction":[{"@type":"CommentAction","name":"Comment","target":["https:\/\/www.pensarcursos.com.br\/blog\/concurso-ibge-edital-de-selecao\/#respond"]}],"copyrightYear":"2024","copyrightHolder":{"@id":"https:\/\/www.pensarcursos.com.br\/blog\/#organization"}},{"@type":"WebPage","@id":"https:\/\/www.pensarcursos.com.br\/blog\/concurso-ibge-edital-de-selecao\/","url":"https:\/\/www.pensarcursos.com.br\/blog\/concurso-ibge-edital-de-selecao\/","name":"Aten\u00e7\u00e3o: IBGE anuncia concurso para preenchimento de 30 vagas - Blog Pensar Cursos","isPartOf":{"@id":"https:\/\/www.pensarcursos.com.br\/blog\/#website"},"primaryImageOfPage":{"@id":"https:\/\/www.pensarcursos.com.br\/blog\/concurso-ibge-edital-de-selecao\/#primaryimage"},"image":{"@id":"https:\/\/www.pensarcursos.com.br\/blog\/concurso-ibge-edital-de-selecao\/#primaryimage"},"thumbnailUrl":"https:\/\/www.pensarcursos.com.br\/blog\/wp-content\/uploads\/2024\/11\/Edital-IBGE-scaled.jpg","datePublished":"2024-11-26T13:02:21+00:00","dateModified":"2025-02-24T12:25:07+00:00","description":"O edital n\u00ba 5\/2024 do Concurso IBGE foi publicado no Di\u00e1rio Oficial da Uni\u00e3o (DOU), marcando o in\u00edcio de um processo seletivo. As informa\u00e7\u00f5es preliminares","breadcrumb":{"@id":"https:\/\/www.pensarcursos.com.br\/blog\/concurso-ibge-edital-de-selecao\/#breadcrumb"},"inLanguage":"pt-BR","potentialAction":[{"@type":"ReadAction","target":["https:\/\/www.pensarcursos.com.br\/blog\/concurso-ibge-edital-de-selecao\/"]}]},{"@type":"ImageObject","inLanguage":"pt-BR","@id":"https:\/\/www.pensarcursos.com.br\/blog\/concurso-ibge-edital-de-selecao\/#primaryimage","url":"https:\/\/www.pensarcursos.com.br\/blog\/wp-content\/uploads\/2024\/11\/Edital-IBGE-scaled.jpg","contentUrl":"https:\/\/www.pensarcursos.com.br\/blog\/wp-content\/uploads\/2024\/11\/Edital-IBGE-scaled.jpg","width":2560,"height":1707,"caption":"Concurso IBGE \/ Fonte: Freepik"},{"@type":"BreadcrumbList","@id":"https:\/\/www.pensarcursos.com.br\/blog\/concurso-ibge-edital-de-selecao\/#breadcrumb","itemListElement":[{"@type":"ListItem","position":1,"name":"Home","item":"https:\/\/www.pensarcursos.com.br\/blog\/"},{"@type":"ListItem","position":2,"name":"Aten\u00e7\u00e3o: IBGE anuncia concurso para preenchimento de 30 vagas"}]},{"@type":"WebSite","@id":"https:\/\/www.pensarcursos.com.br\/blog\/#website","url":"https:\/\/www.pensarcursos.com.br\/blog\/","name":"Blog Pensar Cursos","description":"Maior Site de Cursos do Brasil","publisher":{"@id":"https:\/\/www.pensarcursos.com.br\/blog\/#organization"},"alternateName":"Blog Pensar","potentialAction":[{"@type":"SearchAction","target":{"@type":"EntryPoint","urlTemplate":"https:\/\/www.pensarcursos.com.br\/blog\/?s={search_term_string}"},"query-input":{"@type":"PropertyValueSpecification","valueRequired":true,"valueName":"search_term_string"}}],"inLanguage":"pt-BR"},{"@type":"Organization","@id":"https:\/\/www.pensarcursos.com.br\/blog\/#organization","name":"Pensar Cursos","alternateName":"Blog pensar","url":"https:\/\/www.pensarcursos.com.br\/blog\/","logo":{"@type":"ImageObject","inLanguage":"pt-BR","@id":"https:\/\/www.pensarcursos.com.br\/blog\/#\/schema\/logo\/image\/","url":"https:\/\/www.pensarcursos.com.br\/blog\/wp-content\/uploads\/2023\/11\/Nova-Logo-Pensar-Cursos-vertical.png","contentUrl":"https:\/\/www.pensarcursos.com.br\/blog\/wp-content\/uploads\/2023\/11\/Nova-Logo-Pensar-Cursos-vertical.png","width":1393,"height":1001,"caption":"Pensar Cursos"},"image":{"@id":"https:\/\/www.pensarcursos.com.br\/blog\/#\/schema\/logo\/image\/"},"sameAs":["https:\/\/www.facebook.com\/pensarcursos\/","https:\/\/instagram.com.br\/pensarcursos"],"description":"Pensar Cursos \u00e9 uma empresa especializada em oferecer cursos de alta qualidade voltados para o desenvolvimento profissional e acad\u00eamico. Com uma ampla gama de op\u00e7\u00f5es de treinamento, oferecemos conte\u00fados atualizados, ministrados por especialistas da \u00e1rea, para capacitar indiv\u00edduos e equipes a atingirem seus objetivos. Nossa miss\u00e3o \u00e9 proporcionar uma educa\u00e7\u00e3o transformadora, acess\u00edvel e personalizada para cada aluno, seja em cursos presenciais ou online. Com uma abordagem inovadora, buscamos adaptar os nossos programas de ensino \u00e0s necessidades do mercado, criando solu\u00e7\u00f5es que atendem aos desafios e exig\u00eancias do mundo corporativo e acad\u00eamico. Nossos cursos incluem desde forma\u00e7\u00f5es t\u00e9cnicas at\u00e9 habilidades essenciais, como lideran\u00e7a, gest\u00e3o e desenvolvimento pessoal.","email":"contato@pensarcursos.com.br","legalName":"Sena Servi\u00e7os de Informa\u00e7\u00e3o Online LTDA","foundingDate":"2013-04-18","vatID":"17956217000172","numberOfEmployees":{"@type":"QuantitativeValue","minValue":"11","maxValue":"50"},"publishingPrinciples":"https:\/\/www.pensarcursos.com.br\/blog\/principios-de-publicacao\/","ownershipFundingInfo":"https:\/\/www.pensarcursos.com.br\/blog\/informacoes-de-propriedade-financiamento\/","actionableFeedbackPolicy":"https:\/\/www.pensarcursos.com.br\/blog\/politica-de-feedback-acionavel\/","correctionsPolicy":"https:\/\/www.pensarcursos.com.br\/blog\/politica-de-correcoes\/","ethicsPolicy":"https:\/\/www.pensarcursos.com.br\/blog\/politica-de-etica\/"},{"@type":"Person","@id":"https:\/\/www.pensarcursos.com.br\/blog\/#\/schema\/person\/efaa2ebf796a0b86f3f3a80f9740a382","name":"Larah Almeida","image":{"@type":"ImageObject","inLanguage":"pt-BR","@id":"https:\/\/secure.gravatar.com\/avatar\/f9ef02e108630a532439cc4002e12a5ee7c7758712140dcb33f524a0c22997b9?s=96&d=mm&r=g","url":"https:\/\/secure.gravatar.com\/avatar\/f9ef02e108630a532439cc4002e12a5ee7c7758712140dcb33f524a0c22997b9?s=96&d=mm&r=g","contentUrl":"https:\/\/secure.gravatar.com\/avatar\/f9ef02e108630a532439cc4002e12a5ee7c7758712140dcb33f524a0c22997b9?s=96&d=mm&r=g","caption":"Larah Almeida"},"description":"Graduada em Direito. Redatora do Grupo Sena Online","url":"https:\/\/www.pensarcursos.com.br\/blog\/author\/larah\/"}]}},"_links":{"self":[{"href":"https:\/\/www.pensarcursos.com.br\/blog\/wp-json\/wp\/v2\/posts\/79460","targetHints":{"allow":["GET"]}}],"collection":[{"href":"https:\/\/www.pensarcursos.com.br\/blog\/wp-json\/wp\/v2\/posts"}],"about":[{"href":"https:\/\/www.pensarcursos.com.br\/blog\/wp-json\/wp\/v2\/types\/post"}],"author":[{"embeddable":true,"href":"https:\/\/www.pensarcursos.com.br\/blog\/wp-json\/wp\/v2\/users\/47"}],"replies":[{"embeddable":true,"href":"https:\/\/www.pensarcursos.com.br\/blog\/wp-json\/wp\/v2\/comments?post=79460"}],"version-history":[{"count":0,"href":"https:\/\/www.pensarcursos.com.br\/blog\/wp-json\/wp\/v2\/posts\/79460\/revisions"}],"wp:featuredmedia":[{"embeddable":true,"href":"https:\/\/www.pensarcursos.com.br\/blog\/wp-json\/wp\/v2\/media\/79466"}],"wp:attachment":[{"href":"https:\/\/www.pensarcursos.com.br\/blog\/wp-json\/wp\/v2\/media?parent=79460"}],"wp:term":[{"taxonomy":"category","embeddable":true,"href":"https:\/\/www.pensarcursos.com.br\/blog\/wp-json\/wp\/v2\/categories?post=79460"},{"taxonomy":"post_tag","embeddable":true,"href":"https:\/\/www.pensarcursos.com.br\/blog\/wp-json\/wp\/v2\/tags?post=79460"}],"curies":[{"name":"wp","href":"https:\/\/api.w.org\/{rel}","templated":true}]}}