{"id":79381,"date":"2024-11-26T09:15:31","date_gmt":"2024-11-26T12:15:31","guid":{"rendered":"https:\/\/www.pensarcursos.com.br\/blog\/?p=79381"},"modified":"2024-11-25T16:30:17","modified_gmt":"2024-11-25T19:30:17","slug":"usar-demais-e-de-mais","status":"publish","type":"post","link":"https:\/\/www.pensarcursos.com.br\/blog\/usar-demais-e-de-mais\/","title":{"rendered":"Portugu\u00eas em cheque \u2013 quando usar demais e de mais?"},"content":{"rendered":"<div class=\"flex max-w-full flex-col flex-grow\">\n<div class=\"min-h-8 text-message flex w-full flex-col items-end gap-2 whitespace-normal break-words [.text-message+&amp;]:mt-5\" dir=\"auto\" data-message-author-role=\"assistant\" data-message-id=\"40dccda2-eadf-4a10-b5c1-041464cc20d2\" data-message-model-slug=\"gpt-4o\">\n<div class=\"flex w-full flex-col gap-1 empty:hidden first:pt-[3px]\">\n<div class=\"markdown prose w-full break-words dark:prose-invert light\">\n<p>Na l\u00edngua portuguesa, \u00e9 comum surgirem d\u00favidas sobre palavras ou <a href=\"https:\/\/www.pensarcursos.com.br\/blog\/guia-de-expressoes-idiomaticas\/\" target=\"_blank\" rel=\"noopener\">express\u00f5es<\/a> que parecem semelhantes, mas t\u00eam significados bem diferentes. Um exemplo cl\u00e1ssico \u00e9 o uso de <em>demais<\/em> e <em>de mais<\/em>. Embora possam soar iguais, essas formas t\u00eam fun\u00e7\u00f5es distintas na gram\u00e1tica e no contexto das frases. Neste artigo, vamos esclarecer quando usar cada uma, com exemplos pr\u00e1ticos para ajud\u00e1-lo a evitar erros comuns e aprimorar sua escrita. Afinal, entender essas diferen\u00e7as \u00e9 essencial para quem busca comunicar-se com clareza e precis\u00e3o!<\/p>\n<\/div>\n<\/div>\n<\/div>\n<\/div>\n<p><strong>Leia tamb\u00e9m: <a href=\"https:\/\/www.pensarcursos.com.br\/blog\/e-senao-ou-se-nao\/\" target=\"_blank\" rel=\"noopener\">Portugu\u00eas em cheque \u2013 \u00e9 sen\u00e3o ou se n\u00e3o?<\/a><\/strong><\/p>\n<h2><strong>Usar demais e de mais<\/strong><\/h2>\n<p>As express\u00f5es <strong>&#8220;demais&#8221;<\/strong> (escrita junta) e <strong>&#8220;de mais&#8221;<\/strong> (escrita separada) s\u00e3o ambas corretas na l\u00edngua portuguesa, mas possuem usos e significados distintos, que devem ser aplicados de acordo com o contexto da frase. Compreender essas diferen\u00e7as \u00e9 essencial para evitar confus\u00f5es e garantir uma comunica\u00e7\u00e3o clara e precisa.<\/p>\n<p>A palavra <strong>&#8220;demais&#8221;<\/strong> \u00e9 usada para indicar intensidade ou excesso. Pode ser substitu\u00edda por termos como &#8220;muito&#8221;, &#8220;em exagero&#8221; ou ainda referir-se a &#8220;os outros&#8221; ou &#8220;os restantes&#8221;. Um exemplo seria: <em>&#8220;Aquele lugar \u00e9 lindo demais!&#8221;<\/em> Nesse caso, o uso refor\u00e7a a ideia de algo extremamente belo.<\/p>\n<p>Por outro lado, <strong>&#8220;de mais&#8221;<\/strong> aparece para indicar quantidade, significando algo que est\u00e1 &#8220;a mais&#8221; ou &#8220;excedente&#8221;. \u00c9 frequentemente usado para expressar neutralidade ou aus\u00eancia de algo especial. Por exemplo: <em>&#8220;Aquele vestido n\u00e3o tinha nada de mais.&#8221;<\/em> Aqui, a constru\u00e7\u00e3o sugere que o vestido n\u00e3o possu\u00eda nenhum diferencial significativo.<\/p>\n<p>Ao compreender essas distin\u00e7\u00f5es, voc\u00ea ter\u00e1 mais seguran\u00e7a para usar as formas de maneira correta e adequada em qualquer situa\u00e7\u00e3o.<\/p>\n<p>No portugu\u00eas, \u00e9 comum encontrar d\u00favidas relacionadas a <a href=\"https:\/\/www.pensarcursos.com.br\/blog\/voce-escreve-certo-8-palavras-com-nova-grafia-que-muitos-erram\/\" target=\"_blank\" rel=\"noopener\">palavras<\/a> ou express\u00f5es que, apesar de parecidas, possuem significados e usos completamente diferentes. Um exemplo t\u00edpico \u00e9 a diferen\u00e7a entre <em>demais<\/em>, <em>de mais<\/em> e at\u00e9 <em>ademais<\/em>. Entender como cada uma dessas formas deve ser usada n\u00e3o apenas enriquece sua comunica\u00e7\u00e3o, mas tamb\u00e9m evita mal-entendidos. Vamos explorar as regras, sentidos e exemplos pr\u00e1ticos para esclarecer essas d\u00favidas.<\/p>\n<h3><strong>O Uso de Demais<\/strong><\/h3>\n<ol>\n<li><strong>Como adv\u00e9rbio de intensidade<\/strong><br \/>\nA palavra <em>demais<\/em> \u00e9 frequentemente empregada para indicar exagero ou intensidade, funcionando como um adv\u00e9rbio que refor\u00e7a a ideia de &#8220;muito&#8221; ou &#8220;em excesso&#8221;.<\/li>\n<\/ol>\n<p><strong>Exemplos:<\/strong><\/p>\n<ul>\n<li>Ele serviu demais.<\/li>\n<li>Levantaram-se tarde demais.<\/li>\n<li>Isto \u00e9 bom demais!<\/li>\n<li>Voc\u00ea \u00e9 incr\u00edvel demais!<\/li>\n<\/ul>\n<ol start=\"2\">\n<li><strong>Como pronome indefinido<\/strong><br \/>\nAl\u00e9m de adv\u00e9rbio, <em>demais<\/em> tamb\u00e9m pode ser um pronome indefinido. Nesse caso, carrega o sentido de &#8220;os outros&#8221; ou &#8220;os que restaram&#8221;.<\/li>\n<\/ol>\n<p><strong>Exemplos:<\/strong><\/p>\n<ul>\n<li>Coube aos demais absorver aquele acontecimento.<\/li>\n<li>Quanto aos demais, que se acostumem \u00e0s novas regras.<\/li>\n<li>Os demais funcion\u00e1rios decidiram n\u00e3o aderir \u00e0 greve.<\/li>\n<\/ul>\n<h3><strong>O uso de &#8220;de mais&#8221;<\/strong><\/h3>\n<p>Por outro lado, <em>de mais<\/em> \u00e9 uma locu\u00e7\u00e3o adverbial que significa &#8220;a mais&#8221; e aparece em contextos que contrastam com <em>de menos<\/em>.<\/p>\n<p><strong>Exemplos:<\/strong><\/p>\n<ul>\n<li>N\u00e3o vejo nada de mais nessa situa\u00e7\u00e3o.<\/li>\n<li>Uns falam de mais, outros falam de menos.<\/li>\n<li>Conhecimento nunca \u00e9 de mais!<\/li>\n<\/ul>\n<figure id=\"attachment_41399\" aria-describedby=\"caption-attachment-41399\" style=\"width: 2560px\" class=\"wp-caption aligncenter\"><img decoding=\"async\" class=\"size-full wp-image-41399\" title=\"Portugu\u00eas em cheque \u2013 quando usar demais e de mais? (Foto: Unsplash).\" src=\"https:\/\/www.pensarcursos.com.br\/blog\/wp-content\/uploads\/2024\/04\/towfiqu-barbhuiya-oZuBNC-6E2s-unsplash-scaled.jpg\" alt=\"Portugu\u00eas em cheque \u2013 quando usar demais e de mais? (Foto: Unsplash).\" width=\"2560\" height=\"1708\" srcset=\"https:\/\/www.pensarcursos.com.br\/blog\/wp-content\/uploads\/2024\/04\/towfiqu-barbhuiya-oZuBNC-6E2s-unsplash-scaled.jpg 2560w, https:\/\/www.pensarcursos.com.br\/blog\/wp-content\/uploads\/2024\/04\/towfiqu-barbhuiya-oZuBNC-6E2s-unsplash-300x200.jpg 300w, https:\/\/www.pensarcursos.com.br\/blog\/wp-content\/uploads\/2024\/04\/towfiqu-barbhuiya-oZuBNC-6E2s-unsplash-1024x683.jpg 1024w, https:\/\/www.pensarcursos.com.br\/blog\/wp-content\/uploads\/2024\/04\/towfiqu-barbhuiya-oZuBNC-6E2s-unsplash-768x512.jpg 768w, https:\/\/www.pensarcursos.com.br\/blog\/wp-content\/uploads\/2024\/04\/towfiqu-barbhuiya-oZuBNC-6E2s-unsplash-1536x1025.jpg 1536w, https:\/\/www.pensarcursos.com.br\/blog\/wp-content\/uploads\/2024\/04\/towfiqu-barbhuiya-oZuBNC-6E2s-unsplash-2048x1367.jpg 2048w\" sizes=\"(max-width: 2560px) 100vw, 2560px\" \/><figcaption id=\"caption-attachment-41399\" class=\"wp-caption-text\">Portugu\u00eas em cheque \u2013 quando usar demais e de mais? (Foto: Unsplash).<\/figcaption><\/figure>\n<h3><strong>E o que \u00e9 &#8220;ademais&#8221;?<\/strong><\/h3>\n<p><em>Ademais<\/em> \u00e9 um adv\u00e9rbio de inclus\u00e3o, usado para introduzir uma ideia adicional ou refor\u00e7ar um argumento. Equivale a express\u00f5es como &#8220;al\u00e9m disso&#8221; ou &#8220;por outro lado&#8221;.<\/p>\n<p><strong>Exemplos:<\/strong><\/p>\n<ul>\n<li>Voc\u00ea deveria sair agora porque o tempo est\u00e1 bom. Ademais, pode n\u00e3o ter outra oportunidade amanh\u00e3.<\/li>\n<li>N\u00e3o tem com o que se preocupar; ademais, estou aqui para ajud\u00e1-lo.<\/li>\n<li>Fui mal atendida! Ademais, estava cheia de dores de cabe\u00e7a.<\/li>\n<\/ul>\n<p><strong style=\"color: inherit;font-family: inherit;font-size: 24px\">Conclus\u00e3o<\/strong><\/p>\n<p>Embora pare\u00e7am semelhantes, <em>demais<\/em>, <em>de mais<\/em> e <em>ademais<\/em> t\u00eam usos bem distintos e s\u00e3o aplicados em contextos espec\u00edficos. Saber diferenci\u00e1-los \u00e9 essencial para escrever com precis\u00e3o e clareza, a fim de n\u00e3o passar a mensagem errada ao leitor. Sendo assim, sempre que surgir uma d\u00favida, volte aos exemplos e analise o sentido da <a href=\"https:\/\/www.pensarcursos.com.br\/blog\/7-frases-redundantes\/\" target=\"_blank\" rel=\"nofollow noopener\">frase<\/a> para fazer a escolha certa. Nesse caso, n\u00e3o ter\u00e1 erro!<\/p>\n","protected":false},"excerpt":{"rendered":"<p>Veja a diferen\u00e7a entre &#8220;demais&#8221; e &#8220;de mais&#8221; no portugu\u00eas e aprenda quando usar cada um corretamente. Evite erros comuns e melhore sua escrita com exemplos claros e explica\u00e7\u00f5es detalhadas.<\/p>\n","protected":false},"author":35,"featured_media":41399,"comment_status":"open","ping_status":"closed","sticky":false,"template":"","format":"standard","meta":{"jnews-multi-image_gallery":[],"jnews_single_post":[],"jnews_primary_category":[],"jnews_social_meta":[],"jnews_override_counter":[],"footnotes":""},"categories":[27,12044],"tags":[360,14763,609,12833],"class_list":["post-79381","post","type-post","status-publish","format-standard","has-post-thumbnail","hentry","category-dicas","category-portugues","tag-curiosidades","tag-duvidas-de-portugues","tag-lingua-portuguesa","tag-semantica"],"yoast_head":"<!-- This site is optimized with the Yoast SEO Premium plugin v27.4 (Yoast SEO v27.4) - https:\/\/yoast.com\/product\/yoast-seo-premium-wordpress\/ -->\n<title>Portugu\u00eas em cheque \u2013 quando usar demais e de mais? - Blog Pensar Cursos<\/title>\n<meta name=\"description\" content=\"Veja a diferen\u00e7a entre &quot;demais&quot; e &quot;de mais&quot; no portugu\u00eas e aprenda quando usar cada um corretamente. Evite erros comuns e melhore sua escrita com exemplos claros e explica\u00e7\u00f5es detalhadas.\" \/>\n<meta name=\"robots\" content=\"index, follow, max-snippet:-1, max-image-preview:large, max-video-preview:-1\" \/>\n<link rel=\"canonical\" href=\"https:\/\/www.pensarcursos.com.br\/blog\/usar-demais-e-de-mais\/\" \/>\n<meta property=\"og:locale\" content=\"pt_BR\" \/>\n<meta property=\"og:type\" content=\"article\" \/>\n<meta property=\"og:title\" content=\"Portugu\u00eas em cheque \u2013 quando usar demais e de mais?\" \/>\n<meta property=\"og:description\" content=\"Veja a diferen\u00e7a entre &quot;demais&quot; e &quot;de mais&quot; no portugu\u00eas e aprenda quando usar cada um corretamente. Evite erros comuns e melhore sua escrita com exemplos claros e explica\u00e7\u00f5es detalhadas.\" \/>\n<meta property=\"og:url\" content=\"https:\/\/www.pensarcursos.com.br\/blog\/usar-demais-e-de-mais\/\" \/>\n<meta property=\"og:site_name\" content=\"Blog Pensar Cursos\" \/>\n<meta property=\"article:publisher\" content=\"https:\/\/www.facebook.com\/pensarcursos\/\" \/>\n<meta property=\"article:published_time\" content=\"2024-11-26T12:15:31+00:00\" \/>\n<meta property=\"og:image\" content=\"https:\/\/www.pensarcursos.com.br\/blog\/wp-content\/uploads\/2024\/04\/towfiqu-barbhuiya-oZuBNC-6E2s-unsplash-scaled.jpg\" \/>\n\t<meta property=\"og:image:width\" content=\"2560\" \/>\n\t<meta property=\"og:image:height\" content=\"1708\" \/>\n\t<meta property=\"og:image:type\" content=\"image\/jpeg\" \/>\n<meta name=\"author\" content=\"Mycarla Oliveira\" \/>\n<meta name=\"twitter:card\" content=\"summary_large_image\" \/>\n<meta name=\"twitter:label1\" content=\"Escrito por\" \/>\n\t<meta name=\"twitter:data1\" content=\"Mycarla Oliveira\" \/>\n\t<meta name=\"twitter:label2\" content=\"Est. tempo de leitura\" \/>\n\t<meta name=\"twitter:data2\" content=\"3 minutos\" \/>\n<!-- \/ Yoast SEO Premium plugin. -->","yoast_head_json":{"title":"Portugu\u00eas em cheque \u2013 quando usar demais e de mais? - Blog Pensar Cursos","description":"Veja a diferen\u00e7a entre \"demais\" e \"de mais\" no portugu\u00eas e aprenda quando usar cada um corretamente. Evite erros comuns e melhore sua escrita com exemplos claros e explica\u00e7\u00f5es detalhadas.","robots":{"index":"index","follow":"follow","max-snippet":"max-snippet:-1","max-image-preview":"max-image-preview:large","max-video-preview":"max-video-preview:-1"},"canonical":"https:\/\/www.pensarcursos.com.br\/blog\/usar-demais-e-de-mais\/","og_locale":"pt_BR","og_type":"article","og_title":"Portugu\u00eas em cheque \u2013 quando usar demais e de mais?","og_description":"Veja a diferen\u00e7a entre \"demais\" e \"de mais\" no portugu\u00eas e aprenda quando usar cada um corretamente. Evite erros comuns e melhore sua escrita com exemplos claros e explica\u00e7\u00f5es detalhadas.","og_url":"https:\/\/www.pensarcursos.com.br\/blog\/usar-demais-e-de-mais\/","og_site_name":"Blog Pensar Cursos","article_publisher":"https:\/\/www.facebook.com\/pensarcursos\/","article_published_time":"2024-11-26T12:15:31+00:00","og_image":[{"width":2560,"height":1708,"url":"https:\/\/www.pensarcursos.com.br\/blog\/wp-content\/uploads\/2024\/04\/towfiqu-barbhuiya-oZuBNC-6E2s-unsplash-scaled.jpg","type":"image\/jpeg"}],"author":"Mycarla Oliveira","twitter_card":"summary_large_image","twitter_misc":{"Escrito por":"Mycarla Oliveira","Est. tempo de leitura":"3 minutos"},"schema":{"@context":"https:\/\/schema.org","@graph":[{"@type":["Article","BlogPosting"],"@id":"https:\/\/www.pensarcursos.com.br\/blog\/usar-demais-e-de-mais\/#article","isPartOf":{"@id":"https:\/\/www.pensarcursos.com.br\/blog\/usar-demais-e-de-mais\/"},"author":{"name":"Mycarla Oliveira","@id":"https:\/\/www.pensarcursos.com.br\/blog\/#\/schema\/person\/08c090c2735ba16d5c02ecf702d5b9f0"},"headline":"Portugu\u00eas em cheque \u2013 quando usar demais e de mais?","datePublished":"2024-11-26T12:15:31+00:00","mainEntityOfPage":{"@id":"https:\/\/www.pensarcursos.com.br\/blog\/usar-demais-e-de-mais\/"},"wordCount":686,"commentCount":0,"publisher":{"@id":"https:\/\/www.pensarcursos.com.br\/blog\/#organization"},"image":{"@id":"https:\/\/www.pensarcursos.com.br\/blog\/usar-demais-e-de-mais\/#primaryimage"},"thumbnailUrl":"https:\/\/www.pensarcursos.com.br\/blog\/wp-content\/uploads\/2024\/04\/towfiqu-barbhuiya-oZuBNC-6E2s-unsplash-scaled.jpg","keywords":["Curiosidades","d\u00favidas de portugu\u00eas","L\u00edngua Portuguesa","Sem\u00e2ntica"],"articleSection":["Dicas","Portugu\u00eas"],"inLanguage":"pt-BR","potentialAction":[{"@type":"CommentAction","name":"Comment","target":["https:\/\/www.pensarcursos.com.br\/blog\/usar-demais-e-de-mais\/#respond"]}],"copyrightYear":"2024","copyrightHolder":{"@id":"https:\/\/www.pensarcursos.com.br\/blog\/#organization"}},{"@type":"WebPage","@id":"https:\/\/www.pensarcursos.com.br\/blog\/usar-demais-e-de-mais\/","url":"https:\/\/www.pensarcursos.com.br\/blog\/usar-demais-e-de-mais\/","name":"Portugu\u00eas em cheque \u2013 quando usar demais e de mais? - Blog Pensar Cursos","isPartOf":{"@id":"https:\/\/www.pensarcursos.com.br\/blog\/#website"},"primaryImageOfPage":{"@id":"https:\/\/www.pensarcursos.com.br\/blog\/usar-demais-e-de-mais\/#primaryimage"},"image":{"@id":"https:\/\/www.pensarcursos.com.br\/blog\/usar-demais-e-de-mais\/#primaryimage"},"thumbnailUrl":"https:\/\/www.pensarcursos.com.br\/blog\/wp-content\/uploads\/2024\/04\/towfiqu-barbhuiya-oZuBNC-6E2s-unsplash-scaled.jpg","datePublished":"2024-11-26T12:15:31+00:00","description":"Veja a diferen\u00e7a entre \"demais\" e \"de mais\" no portugu\u00eas e aprenda quando usar cada um corretamente. Evite erros comuns e melhore sua escrita com exemplos claros e explica\u00e7\u00f5es detalhadas.","breadcrumb":{"@id":"https:\/\/www.pensarcursos.com.br\/blog\/usar-demais-e-de-mais\/#breadcrumb"},"inLanguage":"pt-BR","potentialAction":[{"@type":"ReadAction","target":["https:\/\/www.pensarcursos.com.br\/blog\/usar-demais-e-de-mais\/"]}]},{"@type":"ImageObject","inLanguage":"pt-BR","@id":"https:\/\/www.pensarcursos.com.br\/blog\/usar-demais-e-de-mais\/#primaryimage","url":"https:\/\/www.pensarcursos.com.br\/blog\/wp-content\/uploads\/2024\/04\/towfiqu-barbhuiya-oZuBNC-6E2s-unsplash-scaled.jpg","contentUrl":"https:\/\/www.pensarcursos.com.br\/blog\/wp-content\/uploads\/2024\/04\/towfiqu-barbhuiya-oZuBNC-6E2s-unsplash-scaled.jpg","width":2560,"height":1708,"caption":"Cuidado com eles: conhe\u00e7a os que s\u00e3o falsos sin\u00f4nimos e como n\u00e3o confundi-los. Imagem: Unsplash"},{"@type":"BreadcrumbList","@id":"https:\/\/www.pensarcursos.com.br\/blog\/usar-demais-e-de-mais\/#breadcrumb","itemListElement":[{"@type":"ListItem","position":1,"name":"Home","item":"https:\/\/www.pensarcursos.com.br\/blog\/"},{"@type":"ListItem","position":2,"name":"Portugu\u00eas em cheque \u2013 quando usar demais e de mais?"}]},{"@type":"WebSite","@id":"https:\/\/www.pensarcursos.com.br\/blog\/#website","url":"https:\/\/www.pensarcursos.com.br\/blog\/","name":"Blog Pensar Cursos","description":"Maior Site de Cursos do Brasil","publisher":{"@id":"https:\/\/www.pensarcursos.com.br\/blog\/#organization"},"alternateName":"Blog Pensar","potentialAction":[{"@type":"SearchAction","target":{"@type":"EntryPoint","urlTemplate":"https:\/\/www.pensarcursos.com.br\/blog\/?s={search_term_string}"},"query-input":{"@type":"PropertyValueSpecification","valueRequired":true,"valueName":"search_term_string"}}],"inLanguage":"pt-BR"},{"@type":"Organization","@id":"https:\/\/www.pensarcursos.com.br\/blog\/#organization","name":"Pensar Cursos","alternateName":"Blog pensar","url":"https:\/\/www.pensarcursos.com.br\/blog\/","logo":{"@type":"ImageObject","inLanguage":"pt-BR","@id":"https:\/\/www.pensarcursos.com.br\/blog\/#\/schema\/logo\/image\/","url":"https:\/\/www.pensarcursos.com.br\/blog\/wp-content\/uploads\/2023\/11\/Nova-Logo-Pensar-Cursos-vertical.png","contentUrl":"https:\/\/www.pensarcursos.com.br\/blog\/wp-content\/uploads\/2023\/11\/Nova-Logo-Pensar-Cursos-vertical.png","width":1393,"height":1001,"caption":"Pensar Cursos"},"image":{"@id":"https:\/\/www.pensarcursos.com.br\/blog\/#\/schema\/logo\/image\/"},"sameAs":["https:\/\/www.facebook.com\/pensarcursos\/","https:\/\/instagram.com.br\/pensarcursos"],"description":"Pensar Cursos \u00e9 uma empresa especializada em oferecer cursos de alta qualidade voltados para o desenvolvimento profissional e acad\u00eamico. Com uma ampla gama de op\u00e7\u00f5es de treinamento, oferecemos conte\u00fados atualizados, ministrados por especialistas da \u00e1rea, para capacitar indiv\u00edduos e equipes a atingirem seus objetivos. Nossa miss\u00e3o \u00e9 proporcionar uma educa\u00e7\u00e3o transformadora, acess\u00edvel e personalizada para cada aluno, seja em cursos presenciais ou online. Com uma abordagem inovadora, buscamos adaptar os nossos programas de ensino \u00e0s necessidades do mercado, criando solu\u00e7\u00f5es que atendem aos desafios e exig\u00eancias do mundo corporativo e acad\u00eamico. Nossos cursos incluem desde forma\u00e7\u00f5es t\u00e9cnicas at\u00e9 habilidades essenciais, como lideran\u00e7a, gest\u00e3o e desenvolvimento pessoal.","email":"contato@pensarcursos.com.br","legalName":"Sena Servi\u00e7os de Informa\u00e7\u00e3o Online LTDA","foundingDate":"2013-04-18","vatID":"17956217000172","numberOfEmployees":{"@type":"QuantitativeValue","minValue":"11","maxValue":"50"},"publishingPrinciples":"https:\/\/www.pensarcursos.com.br\/blog\/principios-de-publicacao\/","ownershipFundingInfo":"https:\/\/www.pensarcursos.com.br\/blog\/informacoes-de-propriedade-financiamento\/","actionableFeedbackPolicy":"https:\/\/www.pensarcursos.com.br\/blog\/politica-de-feedback-acionavel\/","correctionsPolicy":"https:\/\/www.pensarcursos.com.br\/blog\/politica-de-correcoes\/","ethicsPolicy":"https:\/\/www.pensarcursos.com.br\/blog\/politica-de-etica\/"},{"@type":"Person","@id":"https:\/\/www.pensarcursos.com.br\/blog\/#\/schema\/person\/08c090c2735ba16d5c02ecf702d5b9f0","name":"Mycarla Oliveira","image":{"@type":"ImageObject","inLanguage":"pt-BR","@id":"https:\/\/secure.gravatar.com\/avatar\/eeada09a97955c1a68c5280dd5ad49314a30e113f5323286583dfcd4f387cffd?s=96&d=mm&r=g","url":"https:\/\/secure.gravatar.com\/avatar\/eeada09a97955c1a68c5280dd5ad49314a30e113f5323286583dfcd4f387cffd?s=96&d=mm&r=g","contentUrl":"https:\/\/secure.gravatar.com\/avatar\/eeada09a97955c1a68c5280dd5ad49314a30e113f5323286583dfcd4f387cffd?s=96&d=mm&r=g","caption":"Mycarla Oliveira"},"description":"Formada em Letras \u2013 L\u00edngua Portuguesa e Literaturas pela UFRN desde 2021, atuo como escritora de contos e de romances h\u00e1 mais de uma d\u00e9cada e, por isso, tamb\u00e9m trabalho como ghostwriter. Sempre lado a lado com a escrita, estou presente no ramo de revis\u00e3o, reda\u00e7\u00e3o e edi\u00e7\u00e3o de textos.","url":"https:\/\/www.pensarcursos.com.br\/blog\/author\/mycarla\/"}]}},"_links":{"self":[{"href":"https:\/\/www.pensarcursos.com.br\/blog\/wp-json\/wp\/v2\/posts\/79381","targetHints":{"allow":["GET"]}}],"collection":[{"href":"https:\/\/www.pensarcursos.com.br\/blog\/wp-json\/wp\/v2\/posts"}],"about":[{"href":"https:\/\/www.pensarcursos.com.br\/blog\/wp-json\/wp\/v2\/types\/post"}],"author":[{"embeddable":true,"href":"https:\/\/www.pensarcursos.com.br\/blog\/wp-json\/wp\/v2\/users\/35"}],"replies":[{"embeddable":true,"href":"https:\/\/www.pensarcursos.com.br\/blog\/wp-json\/wp\/v2\/comments?post=79381"}],"version-history":[{"count":0,"href":"https:\/\/www.pensarcursos.com.br\/blog\/wp-json\/wp\/v2\/posts\/79381\/revisions"}],"wp:featuredmedia":[{"embeddable":true,"href":"https:\/\/www.pensarcursos.com.br\/blog\/wp-json\/wp\/v2\/media\/41399"}],"wp:attachment":[{"href":"https:\/\/www.pensarcursos.com.br\/blog\/wp-json\/wp\/v2\/media?parent=79381"}],"wp:term":[{"taxonomy":"category","embeddable":true,"href":"https:\/\/www.pensarcursos.com.br\/blog\/wp-json\/wp\/v2\/categories?post=79381"},{"taxonomy":"post_tag","embeddable":true,"href":"https:\/\/www.pensarcursos.com.br\/blog\/wp-json\/wp\/v2\/tags?post=79381"}],"curies":[{"name":"wp","href":"https:\/\/api.w.org\/{rel}","templated":true}]}}