{"id":78156,"date":"2024-11-24T12:09:02","date_gmt":"2024-11-24T15:09:02","guid":{"rendered":"https:\/\/www.pensarcursos.com.br\/blog\/?p=78156"},"modified":"2024-11-22T22:17:30","modified_gmt":"2024-11-23T01:17:30","slug":"desafio-visual-qual-janela-e-a-maior-na-imagem","status":"publish","type":"post","link":"https:\/\/www.pensarcursos.com.br\/blog\/desafio-visual-qual-janela-e-a-maior-na-imagem\/","title":{"rendered":"Desafio visual: qual janela \u00e9 a maior na imagem?"},"content":{"rendered":"<p>As <strong><a href=\"https:\/\/www.pensarcursos.com.br\/blog\/teste-de-visao-da-vovo\/\" target=\"_blank\" rel=\"noopener\">ilus\u00f5es de \u00f3tica<\/a><\/strong> s\u00e3o mais do que simples imagens confusas: elas desafiam a maneira como nosso c\u00e9rebro processa formas, propor\u00e7\u00f5es e perspectivas. Neste <strong>desafio visual<\/strong>, voc\u00ea ver\u00e1 duas janelas colocadas lado a lado. A sua miss\u00e3o? Descobrir qual delas \u00e9 maior ou se elas t\u00eam exatamente o mesmo tamanho.<\/p>\n<h2><strong>Desafio visual das janelas<\/strong><\/h2>\n<p>A <a href=\"https:\/\/www.pensarcursos.com.br\/blog\/teste-de-concentracao-da-floresta\/\" target=\"_blank\" rel=\"noopener\">imagem<\/a> mostra uma casa amarela com duas janelas, uma marcada como &#8220;A&#8221; \u00e0 esquerda e outra como &#8220;B&#8221; \u00e0 direita. Ambas as janelas t\u00eam um design semelhante, com vidros azuis e cortinas internas. A janela &#8220;A&#8221; est\u00e1 adornada com uma caixa de flores na parte inferior, enquanto a janela &#8220;B&#8221; est\u00e1 decorada com dois vasos de plantas grandes ao lado. A perspectiva da imagem faz parecer que as janelas t\u00eam tamanhos diferentes, mas isso pode ser apenas um truque visual.<\/p>\n<p>Qual das janelas \u00e9 maior? A da esquerda (A), a da direita (B) ou elas t\u00eam o mesmo tamanho? Preste muita aten\u00e7\u00e3o aos detalhes e \u00e0 perspectiva da imagem. Tente resolver o <strong><a href=\"https:\/\/www.pensarcursos.com.br\/blog\/encontre-a-estrela-do-mar-em-apenas-9-segundos-consegue\/\" target=\"_blank\" rel=\"noopener\">enigma<\/a> <\/strong>em menos de 5 segundos! Voc\u00ea consegue descobrir?<\/p>\n<figure id=\"attachment_78165\" aria-describedby=\"caption-attachment-78165\" style=\"width: 1200px\" class=\"wp-caption alignnone\"><img decoding=\"async\" class=\"size-full wp-image-78165\" title=\"desafio visual qual janela e maior\" src=\"https:\/\/www.pensarcursos.com.br\/blog\/wp-content\/uploads\/2024\/11\/desafio-visual-qual-janela-e-maior.jpg\" alt=\"Desafio visual: qual janela \u00e9 a maior. Fonte: Jagran Josh.\" width=\"1200\" height=\"675\" srcset=\"https:\/\/www.pensarcursos.com.br\/blog\/wp-content\/uploads\/2024\/11\/desafio-visual-qual-janela-e-maior.jpg 1200w, https:\/\/www.pensarcursos.com.br\/blog\/wp-content\/uploads\/2024\/11\/desafio-visual-qual-janela-e-maior-300x169.jpg 300w, https:\/\/www.pensarcursos.com.br\/blog\/wp-content\/uploads\/2024\/11\/desafio-visual-qual-janela-e-maior-1024x576.jpg 1024w, https:\/\/www.pensarcursos.com.br\/blog\/wp-content\/uploads\/2024\/11\/desafio-visual-qual-janela-e-maior-768x432.jpg 768w\" sizes=\"(max-width: 1200px) 100vw, 1200px\" \/><figcaption id=\"caption-attachment-78165\" class=\"wp-caption-text\">Desafio visual: qual janela \u00e9 a maior. Fonte: Jagran Josh.<\/figcaption><\/figure>\n<h3><strong>Dicas para resolver o desafio<\/strong><\/h3>\n<p>Aqui est\u00e3o algumas dicas para descobrir qual das janelas \u00e9 maior na imagem:<\/p>\n<ol>\n<li><strong>Ignore a perspectiva da imagem<\/strong>: Como as janelas est\u00e3o posicionadas pode dar a ilus\u00e3o de que uma \u00e9 maior do que a outra. Concentre-se apenas nas propor\u00e7\u00f5es das janelas, sem ser influenciado pelo \u00e2ngulo.<\/li>\n<li><strong>Compare os elementos internos<\/strong>: Observe os vidros e as divis\u00f5es das janelas. Eles podem ser bons indicadores do tamanho real, j\u00e1 que os elementos decorativos (como as plantas ou a caixa de flores) podem enganar a percep\u00e7\u00e3o.<\/li>\n<li><strong>Use as bordas como refer\u00eancia<\/strong>: Olhe com aten\u00e7\u00e3o para as molduras das janelas. Elas s\u00e3o iguais em largura e altura? Pequenas diferen\u00e7as podem dar pistas importantes.<\/li>\n<\/ol>\n<h2><strong>Resposta do desafio visual<\/strong><\/h2>\n<p>Se voc\u00ea observou bem, a resposta \u00e9 que <strong>as duas janelas t\u00eam exatamente o mesmo tamanho<\/strong>. Esta ilus\u00e3o usa perspectiva e posicionamento para enganar sua percep\u00e7\u00e3o, fazendo com que uma janela pare\u00e7a maior \u00e0 primeira vista.<\/p>\n<figure id=\"attachment_78164\" aria-describedby=\"caption-attachment-78164\" style=\"width: 1040px\" class=\"wp-caption aligncenter\"><img decoding=\"async\" class=\"size-full wp-image-78164\" title=\"resposta do desafio visual das janelas\" src=\"https:\/\/www.pensarcursos.com.br\/blog\/wp-content\/uploads\/2024\/11\/resposta-do-desafio-visual-das-janelas.jpg\" alt=\"Resposta do desafio visual das janelas. Fonte: Jagran Josh.\" width=\"1040\" height=\"519\" srcset=\"https:\/\/www.pensarcursos.com.br\/blog\/wp-content\/uploads\/2024\/11\/resposta-do-desafio-visual-das-janelas.jpg 1040w, https:\/\/www.pensarcursos.com.br\/blog\/wp-content\/uploads\/2024\/11\/resposta-do-desafio-visual-das-janelas-300x150.jpg 300w, https:\/\/www.pensarcursos.com.br\/blog\/wp-content\/uploads\/2024\/11\/resposta-do-desafio-visual-das-janelas-1024x511.jpg 1024w, https:\/\/www.pensarcursos.com.br\/blog\/wp-content\/uploads\/2024\/11\/resposta-do-desafio-visual-das-janelas-768x383.jpg 768w\" sizes=\"(max-width: 1040px) 100vw, 1040px\" \/><figcaption id=\"caption-attachment-78164\" class=\"wp-caption-text\">Resposta do desafio visual das janelas. Fonte: Jagran Josh.<\/figcaption><\/figure>\n","protected":false},"excerpt":{"rendered":"<p>As ilus\u00f5es de \u00f3tica s\u00e3o mais do que simples imagens confusas: elas desafiam a maneira como nosso c\u00e9rebro processa formas, propor\u00e7\u00f5es e perspectivas. Neste desafio visual, voc\u00ea ver\u00e1 duas janelas colocadas lado a lado. A sua miss\u00e3o? Descobrir qual delas \u00e9 maior ou se elas t\u00eam exatamente o mesmo tamanho. Desafio visual das janelas A [&hellip;]<\/p>\n","protected":false},"author":13,"featured_media":78165,"comment_status":"open","ping_status":"closed","sticky":false,"template":"","format":"standard","meta":{"jnews-multi-image_gallery":[],"jnews_single_post":[],"jnews_primary_category":[],"jnews_social_meta":[],"jnews_override_counter":[],"footnotes":""},"categories":[1947],"tags":[1464,1499,1978],"class_list":["post-78156","post","type-post","status-publish","format-standard","has-post-thumbnail","hentry","category-curiosidades","tag-desafio-visual","tag-ilusao-de-otica","tag-teste-visual"],"yoast_head":"<!-- This site is optimized with the Yoast SEO Premium plugin v27.4 (Yoast SEO v27.4) - https:\/\/yoast.com\/product\/yoast-seo-premium-wordpress\/ -->\n<title>Desafio visual: qual janela \u00e9 a maior na imagem? - Blog Pensar Cursos<\/title>\n<meta name=\"description\" content=\"As ilus\u00f5es de \u00f3tica s\u00e3o mais do que simples imagens confusas: elas desafiam a maneira como nosso c\u00e9rebro processa formas, propor\u00e7\u00f5es e perspectivas. Neste\" \/>\n<meta name=\"robots\" content=\"index, follow, max-snippet:-1, max-image-preview:large, max-video-preview:-1\" \/>\n<link rel=\"canonical\" href=\"https:\/\/www.pensarcursos.com.br\/blog\/desafio-visual-qual-janela-e-a-maior-na-imagem\/\" \/>\n<meta property=\"og:locale\" content=\"pt_BR\" \/>\n<meta property=\"og:type\" content=\"article\" \/>\n<meta property=\"og:title\" content=\"Desafio visual: qual janela \u00e9 a maior na imagem?\" \/>\n<meta property=\"og:description\" content=\"As ilus\u00f5es de \u00f3tica s\u00e3o mais do que simples imagens confusas: elas desafiam a maneira como nosso c\u00e9rebro processa formas, propor\u00e7\u00f5es e perspectivas. Neste\" \/>\n<meta property=\"og:url\" content=\"https:\/\/www.pensarcursos.com.br\/blog\/desafio-visual-qual-janela-e-a-maior-na-imagem\/\" \/>\n<meta property=\"og:site_name\" content=\"Blog Pensar Cursos\" \/>\n<meta property=\"article:publisher\" content=\"https:\/\/www.facebook.com\/pensarcursos\/\" \/>\n<meta property=\"article:author\" content=\"https:\/\/www.facebook.com\/julia.koerich.39\" \/>\n<meta property=\"article:published_time\" content=\"2024-11-24T15:09:02+00:00\" \/>\n<meta property=\"og:image\" content=\"https:\/\/www.pensarcursos.com.br\/blog\/wp-content\/uploads\/2024\/11\/desafio-visual-qual-janela-e-maior.jpg\" \/>\n\t<meta property=\"og:image:width\" content=\"1200\" \/>\n\t<meta property=\"og:image:height\" content=\"675\" \/>\n\t<meta property=\"og:image:type\" content=\"image\/jpeg\" \/>\n<meta name=\"author\" content=\"Julia Koerich\" \/>\n<meta name=\"twitter:card\" content=\"summary_large_image\" \/>\n<meta name=\"twitter:label1\" content=\"Escrito por\" \/>\n\t<meta name=\"twitter:data1\" content=\"Julia Koerich\" \/>\n\t<meta name=\"twitter:label2\" content=\"Est. tempo de leitura\" \/>\n\t<meta name=\"twitter:data2\" content=\"2 minutos\" \/>\n<!-- \/ Yoast SEO Premium plugin. -->","yoast_head_json":{"title":"Desafio visual: qual janela \u00e9 a maior na imagem? - Blog Pensar Cursos","description":"As ilus\u00f5es de \u00f3tica s\u00e3o mais do que simples imagens confusas: elas desafiam a maneira como nosso c\u00e9rebro processa formas, propor\u00e7\u00f5es e perspectivas. Neste","robots":{"index":"index","follow":"follow","max-snippet":"max-snippet:-1","max-image-preview":"max-image-preview:large","max-video-preview":"max-video-preview:-1"},"canonical":"https:\/\/www.pensarcursos.com.br\/blog\/desafio-visual-qual-janela-e-a-maior-na-imagem\/","og_locale":"pt_BR","og_type":"article","og_title":"Desafio visual: qual janela \u00e9 a maior na imagem?","og_description":"As ilus\u00f5es de \u00f3tica s\u00e3o mais do que simples imagens confusas: elas desafiam a maneira como nosso c\u00e9rebro processa formas, propor\u00e7\u00f5es e perspectivas. Neste","og_url":"https:\/\/www.pensarcursos.com.br\/blog\/desafio-visual-qual-janela-e-a-maior-na-imagem\/","og_site_name":"Blog Pensar Cursos","article_publisher":"https:\/\/www.facebook.com\/pensarcursos\/","article_author":"https:\/\/www.facebook.com\/julia.koerich.39","article_published_time":"2024-11-24T15:09:02+00:00","og_image":[{"width":1200,"height":675,"url":"https:\/\/www.pensarcursos.com.br\/blog\/wp-content\/uploads\/2024\/11\/desafio-visual-qual-janela-e-maior.jpg","type":"image\/jpeg"}],"author":"Julia Koerich","twitter_card":"summary_large_image","twitter_misc":{"Escrito por":"Julia Koerich","Est. tempo de leitura":"2 minutos"},"schema":{"@context":"https:\/\/schema.org","@graph":[{"@type":["Article","BlogPosting"],"@id":"https:\/\/www.pensarcursos.com.br\/blog\/desafio-visual-qual-janela-e-a-maior-na-imagem\/#article","isPartOf":{"@id":"https:\/\/www.pensarcursos.com.br\/blog\/desafio-visual-qual-janela-e-a-maior-na-imagem\/"},"author":{"name":"Julia Koerich","@id":"https:\/\/www.pensarcursos.com.br\/blog\/#\/schema\/person\/488f02c6a8789bf91624f246e1087f54"},"headline":"Desafio visual: qual janela \u00e9 a maior na imagem?","datePublished":"2024-11-24T15:09:02+00:00","mainEntityOfPage":{"@id":"https:\/\/www.pensarcursos.com.br\/blog\/desafio-visual-qual-janela-e-a-maior-na-imagem\/"},"wordCount":385,"commentCount":0,"publisher":{"@id":"https:\/\/www.pensarcursos.com.br\/blog\/#organization"},"image":{"@id":"https:\/\/www.pensarcursos.com.br\/blog\/desafio-visual-qual-janela-e-a-maior-na-imagem\/#primaryimage"},"thumbnailUrl":"https:\/\/www.pensarcursos.com.br\/blog\/wp-content\/uploads\/2024\/11\/desafio-visual-qual-janela-e-maior.jpg","keywords":["desafio visual","ilus\u00e3o de \u00f3tica","teste visual"],"articleSection":["Curiosidades"],"inLanguage":"pt-BR","potentialAction":[{"@type":"CommentAction","name":"Comment","target":["https:\/\/www.pensarcursos.com.br\/blog\/desafio-visual-qual-janela-e-a-maior-na-imagem\/#respond"]}],"copyrightYear":"2024","copyrightHolder":{"@id":"https:\/\/www.pensarcursos.com.br\/blog\/#organization"}},{"@type":"WebPage","@id":"https:\/\/www.pensarcursos.com.br\/blog\/desafio-visual-qual-janela-e-a-maior-na-imagem\/","url":"https:\/\/www.pensarcursos.com.br\/blog\/desafio-visual-qual-janela-e-a-maior-na-imagem\/","name":"Desafio visual: qual janela \u00e9 a maior na imagem? - Blog Pensar Cursos","isPartOf":{"@id":"https:\/\/www.pensarcursos.com.br\/blog\/#website"},"primaryImageOfPage":{"@id":"https:\/\/www.pensarcursos.com.br\/blog\/desafio-visual-qual-janela-e-a-maior-na-imagem\/#primaryimage"},"image":{"@id":"https:\/\/www.pensarcursos.com.br\/blog\/desafio-visual-qual-janela-e-a-maior-na-imagem\/#primaryimage"},"thumbnailUrl":"https:\/\/www.pensarcursos.com.br\/blog\/wp-content\/uploads\/2024\/11\/desafio-visual-qual-janela-e-maior.jpg","datePublished":"2024-11-24T15:09:02+00:00","description":"As ilus\u00f5es de \u00f3tica s\u00e3o mais do que simples imagens confusas: elas desafiam a maneira como nosso c\u00e9rebro processa formas, propor\u00e7\u00f5es e perspectivas. Neste","breadcrumb":{"@id":"https:\/\/www.pensarcursos.com.br\/blog\/desafio-visual-qual-janela-e-a-maior-na-imagem\/#breadcrumb"},"inLanguage":"pt-BR","potentialAction":[{"@type":"ReadAction","target":["https:\/\/www.pensarcursos.com.br\/blog\/desafio-visual-qual-janela-e-a-maior-na-imagem\/"]}]},{"@type":"ImageObject","inLanguage":"pt-BR","@id":"https:\/\/www.pensarcursos.com.br\/blog\/desafio-visual-qual-janela-e-a-maior-na-imagem\/#primaryimage","url":"https:\/\/www.pensarcursos.com.br\/blog\/wp-content\/uploads\/2024\/11\/desafio-visual-qual-janela-e-maior.jpg","contentUrl":"https:\/\/www.pensarcursos.com.br\/blog\/wp-content\/uploads\/2024\/11\/desafio-visual-qual-janela-e-maior.jpg","width":1200,"height":675,"caption":"Desafio visual: qual janela \u00e9 a maior. Fonte: Jagran Josh."},{"@type":"BreadcrumbList","@id":"https:\/\/www.pensarcursos.com.br\/blog\/desafio-visual-qual-janela-e-a-maior-na-imagem\/#breadcrumb","itemListElement":[{"@type":"ListItem","position":1,"name":"Home","item":"https:\/\/www.pensarcursos.com.br\/blog\/"},{"@type":"ListItem","position":2,"name":"Desafio visual: qual janela \u00e9 a maior na imagem?"}]},{"@type":"WebSite","@id":"https:\/\/www.pensarcursos.com.br\/blog\/#website","url":"https:\/\/www.pensarcursos.com.br\/blog\/","name":"Blog Pensar Cursos","description":"Maior Site de Cursos do Brasil","publisher":{"@id":"https:\/\/www.pensarcursos.com.br\/blog\/#organization"},"alternateName":"Blog Pensar","potentialAction":[{"@type":"SearchAction","target":{"@type":"EntryPoint","urlTemplate":"https:\/\/www.pensarcursos.com.br\/blog\/?s={search_term_string}"},"query-input":{"@type":"PropertyValueSpecification","valueRequired":true,"valueName":"search_term_string"}}],"inLanguage":"pt-BR"},{"@type":"Organization","@id":"https:\/\/www.pensarcursos.com.br\/blog\/#organization","name":"Pensar Cursos","alternateName":"Blog pensar","url":"https:\/\/www.pensarcursos.com.br\/blog\/","logo":{"@type":"ImageObject","inLanguage":"pt-BR","@id":"https:\/\/www.pensarcursos.com.br\/blog\/#\/schema\/logo\/image\/","url":"https:\/\/www.pensarcursos.com.br\/blog\/wp-content\/uploads\/2023\/11\/Nova-Logo-Pensar-Cursos-vertical.png","contentUrl":"https:\/\/www.pensarcursos.com.br\/blog\/wp-content\/uploads\/2023\/11\/Nova-Logo-Pensar-Cursos-vertical.png","width":1393,"height":1001,"caption":"Pensar Cursos"},"image":{"@id":"https:\/\/www.pensarcursos.com.br\/blog\/#\/schema\/logo\/image\/"},"sameAs":["https:\/\/www.facebook.com\/pensarcursos\/","https:\/\/instagram.com.br\/pensarcursos"],"description":"Pensar Cursos \u00e9 uma empresa especializada em oferecer cursos de alta qualidade voltados para o desenvolvimento profissional e acad\u00eamico. Com uma ampla gama de op\u00e7\u00f5es de treinamento, oferecemos conte\u00fados atualizados, ministrados por especialistas da \u00e1rea, para capacitar indiv\u00edduos e equipes a atingirem seus objetivos. Nossa miss\u00e3o \u00e9 proporcionar uma educa\u00e7\u00e3o transformadora, acess\u00edvel e personalizada para cada aluno, seja em cursos presenciais ou online. Com uma abordagem inovadora, buscamos adaptar os nossos programas de ensino \u00e0s necessidades do mercado, criando solu\u00e7\u00f5es que atendem aos desafios e exig\u00eancias do mundo corporativo e acad\u00eamico. Nossos cursos incluem desde forma\u00e7\u00f5es t\u00e9cnicas at\u00e9 habilidades essenciais, como lideran\u00e7a, gest\u00e3o e desenvolvimento pessoal.","email":"contato@pensarcursos.com.br","legalName":"Sena Servi\u00e7os de Informa\u00e7\u00e3o Online LTDA","foundingDate":"2013-04-18","vatID":"17956217000172","numberOfEmployees":{"@type":"QuantitativeValue","minValue":"11","maxValue":"50"},"publishingPrinciples":"https:\/\/www.pensarcursos.com.br\/blog\/principios-de-publicacao\/","ownershipFundingInfo":"https:\/\/www.pensarcursos.com.br\/blog\/informacoes-de-propriedade-financiamento\/","actionableFeedbackPolicy":"https:\/\/www.pensarcursos.com.br\/blog\/politica-de-feedback-acionavel\/","correctionsPolicy":"https:\/\/www.pensarcursos.com.br\/blog\/politica-de-correcoes\/","ethicsPolicy":"https:\/\/www.pensarcursos.com.br\/blog\/politica-de-etica\/"},{"@type":"Person","@id":"https:\/\/www.pensarcursos.com.br\/blog\/#\/schema\/person\/488f02c6a8789bf91624f246e1087f54","name":"Julia Koerich","image":{"@type":"ImageObject","inLanguage":"pt-BR","@id":"https:\/\/secure.gravatar.com\/avatar\/e2c74e498d61f83af52fb247a0fa8bf30283598a08bd3fb3137d2aed86153e19?s=96&d=mm&r=g","url":"https:\/\/secure.gravatar.com\/avatar\/e2c74e498d61f83af52fb247a0fa8bf30283598a08bd3fb3137d2aed86153e19?s=96&d=mm&r=g","contentUrl":"https:\/\/secure.gravatar.com\/avatar\/e2c74e498d61f83af52fb247a0fa8bf30283598a08bd3fb3137d2aed86153e19?s=96&d=mm&r=g","caption":"Julia Koerich"},"description":"Julia \u00e9 uma redatora de conte\u00fado criativa e vers\u00e1til, com mais de cinco anos de experi\u00eancia em escrita para blogs. Ela tem uma habilidade \u00fanica para adaptar seu estilo de escrita a diferentes p\u00fablicos e temas. Ela \u00e9 especialista em criar artigos detalhados e bem pesquisados, garantindo que cada pe\u00e7a seja informativa e atraente.","sameAs":["https:\/\/www.facebook.com\/julia.koerich.39"],"url":"https:\/\/www.pensarcursos.com.br\/blog\/author\/julia\/"}]}},"_links":{"self":[{"href":"https:\/\/www.pensarcursos.com.br\/blog\/wp-json\/wp\/v2\/posts\/78156","targetHints":{"allow":["GET"]}}],"collection":[{"href":"https:\/\/www.pensarcursos.com.br\/blog\/wp-json\/wp\/v2\/posts"}],"about":[{"href":"https:\/\/www.pensarcursos.com.br\/blog\/wp-json\/wp\/v2\/types\/post"}],"author":[{"embeddable":true,"href":"https:\/\/www.pensarcursos.com.br\/blog\/wp-json\/wp\/v2\/users\/13"}],"replies":[{"embeddable":true,"href":"https:\/\/www.pensarcursos.com.br\/blog\/wp-json\/wp\/v2\/comments?post=78156"}],"version-history":[{"count":0,"href":"https:\/\/www.pensarcursos.com.br\/blog\/wp-json\/wp\/v2\/posts\/78156\/revisions"}],"wp:featuredmedia":[{"embeddable":true,"href":"https:\/\/www.pensarcursos.com.br\/blog\/wp-json\/wp\/v2\/media\/78165"}],"wp:attachment":[{"href":"https:\/\/www.pensarcursos.com.br\/blog\/wp-json\/wp\/v2\/media?parent=78156"}],"wp:term":[{"taxonomy":"category","embeddable":true,"href":"https:\/\/www.pensarcursos.com.br\/blog\/wp-json\/wp\/v2\/categories?post=78156"},{"taxonomy":"post_tag","embeddable":true,"href":"https:\/\/www.pensarcursos.com.br\/blog\/wp-json\/wp\/v2\/tags?post=78156"}],"curies":[{"name":"wp","href":"https:\/\/api.w.org\/{rel}","templated":true}]}}