{"id":78031,"date":"2024-11-15T08:50:26","date_gmt":"2024-11-15T11:50:26","guid":{"rendered":"https:\/\/www.pensarcursos.com.br\/blog\/?p=78031"},"modified":"2024-11-14T13:56:38","modified_gmt":"2024-11-14T16:56:38","slug":"que-agradeco-quem-agradeco","status":"publish","type":"post","link":"https:\/\/www.pensarcursos.com.br\/blog\/que-agradeco-quem-agradeco\/","title":{"rendered":"Afinal, como \u00e9? \u201ceu que agrade\u00e7o\u201d vs. \u201ceu quem agrade\u00e7o\u201d \u2013 descubra a verdade"},"content":{"rendered":"<p>\u00c9 comum surgir uma d\u00favida sobre a forma correta de se expressar entre &#8220;eu que agrade\u00e7o&#8221; e &#8220;eu quem agrade\u00e7o&#8221;, especialmente quando queremos responder educadamente a algu\u00e9m. Apesar de ambas as <a href=\"https:\/\/www.pensarcursos.com.br\/blog\/origem-das-expressoes-parte-ii\/\" target=\"_blank\" rel=\"noopener\">express\u00f5es<\/a> serem usadas no dia a dia, apenas uma delas est\u00e1 em conformidade com a norma culta da l\u00edngua portuguesa.<\/p>\n<p><strong>Leia tamb\u00e9m<\/strong>: <a href=\"https:\/\/www.pensarcursos.com.br\/blog\/o-texto-expositivo\/\" target=\"_blank\" rel=\"noopener\"><strong>Texto expositivo \u2013 defini\u00e7\u00e3o, caracter\u00edsticas e quando usar<\/strong><\/a><\/p>\n<p>Neste artigo, vamos explorar a gram\u00e1tica por tr\u00e1s dessas estruturas, entender as diferen\u00e7as entre \u201cque\u201d e \u201cquem\u201d como pronomes relativos e esclarecer qual forma \u00e9 a correta em diferentes contextos.<\/p>\n<h2><strong>Eu que agrade\u00e7o vs. eu quem agrade\u00e7o<\/strong><\/h2>\n<div class=\"flex max-w-full flex-col flex-grow\">\n<div class=\"min-h-8 text-message flex w-full flex-col items-end gap-2 whitespace-normal break-words [.text-message+&amp;]:mt-5\" dir=\"auto\" data-message-author-role=\"assistant\" data-message-id=\"56f92b50-fb58-4bd7-8663-d444e7ece196\" data-message-model-slug=\"gpt-4o\">\n<div class=\"flex w-full flex-col gap-1 empty:hidden first:pt-[3px]\">\n<div class=\"markdown prose w-full break-words dark:prose-invert light\">\n<p>As express\u00f5es &#8220;eu que agrade\u00e7o&#8221; e &#8220;eu quem agrade\u00e7o&#8221; s\u00e3o ambas corretas na norma culta da l\u00edngua portuguesa. A escolha entre elas depende de uma quest\u00e3o de estilo e \u00eanfase. O gram\u00e1tico Domingos Paschoal Cegalla aponta que os pronomes &#8220;que&#8221; e &#8220;quem&#8221;, nesse contexto, funcionam como part\u00edculas de realce, ou seja, elementos expletivos que servem para dar mais \u00eanfase \u00e0 frase, sem alterar seu significado essencial.<\/p>\n<p>Ao usarmos &#8220;eu que agrade\u00e7o&#8221; ou &#8220;eu quem agrade\u00e7o&#8221;, estamos apenas acrescentando uma dose de destaque ao ato de agradecer. Se retir\u00e1ssemos esses <a href=\"https:\/\/www.pensarcursos.com.br\/blog\/quais-sao-os-pronomes-pessoais-da-lingua-espanhola\/\" target=\"_blank\" rel=\"noopener\">pronomes<\/a>, a estrutura b\u00e1sica e o sentido da frase permaneceriam: &#8220;eu agrade\u00e7o&#8221;. Apesar de ambas as constru\u00e7\u00f5es serem aceitas, a forma com &#8220;que&#8221; \u00e9 mais comum em situa\u00e7\u00f5es formais e informais, sendo amplamente preferida entre falantes de portugu\u00eas: &#8220;eu que agrade\u00e7o sua aten\u00e7\u00e3o&#8221;; &#8220;eu que agrade\u00e7o a gentileza&#8221;; ou &#8220;eu que agrade\u00e7o o empenho de todos no projeto&#8221;.<\/p>\n<p>Essas express\u00f5es s\u00e3o frequentemente usadas em respostas a um agradecimento anterior, sinalizando uma reciprocidade de gentileza. Veja um exemplo pr\u00e1tico:<\/p>\n<ul>\n<li>Pessoa 1: &#8220;Agrade\u00e7o imensamente pelo seu apoio ao longo do projeto.&#8221;<\/li>\n<li>Pessoa 2: &#8220;Eu que agrade\u00e7o a chance de contribuir com uma equipe t\u00e3o dedicada.&#8221;<\/li>\n<\/ul>\n<p>Assim, tanto &#8220;eu que agrade\u00e7o&#8221; quanto &#8220;eu quem agrade\u00e7o&#8221; est\u00e3o corretas e eficazes para expressar gratid\u00e3o de forma enf\u00e1tica e rec\u00edproca, com uma leve prefer\u00eancia de uso para a primeira.<\/p>\n<h4><strong>Entenda as diferen\u00e7as<\/strong><\/h4>\n<p>Ao se deparar com express\u00f5es como \u201ceu que agrade\u00e7o\u201d e \u201ceu quem agrade\u00e7o\u201d, muitos se perguntam qual forma est\u00e1 de acordo com a norma culta da l\u00edngua portuguesa. Nesses contextos, os pronomes \u201cque\u201d e \u201cquem\u201d atuam como pronomes relativos, ou seja, eles retomam um termo substantivo que os antecede, exigindo uma concord\u00e2ncia adequada.<\/p>\n<h3><strong>Concord\u00e2ncia com o pronome relativo \u201cque\u201d<\/strong><\/h3>\n<p>Quando usamos o pronome relativo \u201cque\u201d, a concord\u00e2ncia deve sempre acompanhar o substantivo ou pronome que o antecede. Assim, o verbo ajusta-se ao sujeito mencionado anteriormente. Exemplos:<\/p>\n<ul>\n<li><em>Fui eu que agradeci o carinho da fam\u00edlia.<\/em><\/li>\n<li><em>Foram n\u00f3s que agradecemos os presentes que eles nos deram.<\/em><\/li>\n<li><em>Foram eles que agradeceram a aten\u00e7\u00e3o de todos.<\/em><\/li>\n<li><em>Foi ela que agradeceu as flores que recebeu do marido.<\/em><\/li>\n<\/ul>\n<p>Como explica o gram\u00e1tico Evanildo Bechara em sua obra &#8220;Moderna Gram\u00e1tica Portuguesa&#8221;, \u00e9 obrigat\u00f3rio que o verbo concorde com o sujeito antecedente em estruturas como \u201csou eu que,\u201d \u201c\u00e9s tu que,\u201d \u201cfoste tu que\u201d e afins. Portanto, a concord\u00e2ncia com \u201cque\u201d \u00e9 sempre realizada com o sujeito antecedente.<\/p>\n<h3><strong>Concord\u00e2ncia com o pronome relativo \u201cquem\u201d<\/strong><\/h3>\n<p>O pronome \u201cquem\u201d oferece mais flexibilidade e permite dupla concord\u00e2ncia, como detalha tamb\u00e9m Bechara. Nessas constru\u00e7\u00f5es, h\u00e1 duas possibilidades:<\/p>\n<ul>\n<li><strong>Concord\u00e2ncia com o pronome antecedente<\/strong>: aqui, o verbo concorda diretamente com o sujeito que precede o \u201cquem,\u201d da mesma forma como ocorre com o pronome \u201cque.\u201d Exemplos:\n<ul>\n<li><em>Fui eu quem agradeci o carinho da fam\u00edlia.<\/em><\/li>\n<li><em>Foram n\u00f3s quem agradecemos os presentes que eles nos deram.<\/em><\/li>\n<li><em>Foram eles quem agradeceram a aten\u00e7\u00e3o de todos.<\/em><\/li>\n<\/ul>\n<\/li>\n<li><strong>Concord\u00e2ncia com o pronome \u201cquem\u201d<\/strong>: Neste caso, o verbo permanece na 3\u00aa pessoa do singular, concordando diretamente com \u201cquem\u201d:\n<ul>\n<li><em>Fui eu quem agradeceu o carinho da fam\u00edlia.<\/em><\/li>\n<li><em>Foram n\u00f3s quem agradeceu os presentes que eles nos deram.<\/em><\/li>\n<li><em>Foram eles quem agradeceu a aten\u00e7\u00e3o de todos.<\/em><\/li>\n<\/ul>\n<\/li>\n<\/ul>\n<p>Em resumo, enquanto o uso do pronome \u201cque\u201d exige <a href=\"https:\/\/www.pensarcursos.com.br\/blog\/concordancia-com-a-maioria-veja-quais-sao-as-principais-regras\/\" target=\"_blank\" rel=\"nofollow noopener\">concord\u00e2ncia<\/a> com o sujeito antecedente, \u201cquem\u201d oferece flexibilidade, podendo seguir tanto o sujeito antecedente quanto permanecer na 3\u00aa pessoa do singular.<\/p>\n<h3><strong>B\u00f4nus<\/strong><\/h3>\n<p>Por fim, \u00e9 importante destacar, conforme explica Fernando Pestana em &#8220;A Gram\u00e1tica para Concursos P\u00fablicos&#8221;, que, &#8220;se no lugar do pronome reto houver outra palavra, a concord\u00e2ncia verbal deve ser feita obrigatoriamente com o termo &#8216;quem&#8217;.&#8221; Isso significa que em constru\u00e7\u00f5es desse tipo, o verbo concorda n\u00e3o com o sujeito anterior, mas com o pronome &#8220;quem&#8221;. Um exemplo claro \u00e9 a frase: <em>foram as meninas da limpeza quem fez sucesso.<\/em> Nesse caso, o verbo &#8220;fez&#8221; permanece no singular, acompanhando o pronome &#8220;quem&#8221;, n\u00e3o o sujeito plural &#8220;meninas&#8221;.<\/p>\n<\/div>\n<\/div>\n<\/div>\n<\/div>\n","protected":false},"excerpt":{"rendered":"<p>Saiba qual \u00e9 a forma correta entre \u201ceu que agrade\u00e7o\u201d e \u201ceu quem agrade\u00e7o\u201d e aprenda a usar cada express\u00e3o de acordo com a norma culta da l\u00edngua portuguesa.<\/p>\n","protected":false},"author":35,"featured_media":37760,"comment_status":"open","ping_status":"closed","sticky":false,"template":"","format":"standard","meta":{"jnews-multi-image_gallery":[],"jnews_single_post":[],"jnews_primary_category":[],"jnews_social_meta":[],"jnews_override_counter":[],"footnotes":""},"categories":[27,12044],"tags":[14763,533,609,10397],"class_list":["post-78031","post","type-post","status-publish","format-standard","has-post-thumbnail","hentry","category-dicas","category-portugues","tag-duvidas-de-portugues","tag-gramatica","tag-lingua-portuguesa","tag-ortografia"],"yoast_head":"<!-- This site is optimized with the Yoast SEO Premium plugin v27.4 (Yoast SEO v27.4) - https:\/\/yoast.com\/product\/yoast-seo-premium-wordpress\/ -->\n<title>Afinal, como \u00e9? \u201ceu que agrade\u00e7o\u201d vs. \u201ceu quem agrade\u00e7o\u201d \u2013 descubra a verdade - Blog Pensar Cursos<\/title>\n<meta name=\"description\" content=\"Saiba qual \u00e9 a forma correta entre \u201ceu que agrade\u00e7o\u201d e \u201ceu quem agrade\u00e7o\u201d e aprenda a usar cada express\u00e3o de acordo com a norma culta da l\u00edngua portuguesa.\" \/>\n<meta name=\"robots\" content=\"index, follow, max-snippet:-1, max-image-preview:large, max-video-preview:-1\" \/>\n<link rel=\"canonical\" href=\"https:\/\/www.pensarcursos.com.br\/blog\/que-agradeco-quem-agradeco\/\" \/>\n<meta property=\"og:locale\" content=\"pt_BR\" \/>\n<meta property=\"og:type\" content=\"article\" \/>\n<meta property=\"og:title\" content=\"Afinal, como \u00e9? \u201ceu que agrade\u00e7o\u201d vs. \u201ceu quem agrade\u00e7o\u201d \u2013 descubra a verdade\" \/>\n<meta property=\"og:description\" content=\"Saiba qual \u00e9 a forma correta entre \u201ceu que agrade\u00e7o\u201d e \u201ceu quem agrade\u00e7o\u201d e aprenda a usar cada express\u00e3o de acordo com a norma culta da l\u00edngua portuguesa.\" \/>\n<meta property=\"og:url\" content=\"https:\/\/www.pensarcursos.com.br\/blog\/que-agradeco-quem-agradeco\/\" \/>\n<meta property=\"og:site_name\" content=\"Blog Pensar Cursos\" \/>\n<meta property=\"article:publisher\" content=\"https:\/\/www.facebook.com\/pensarcursos\/\" \/>\n<meta property=\"article:published_time\" content=\"2024-11-15T11:50:26+00:00\" \/>\n<meta property=\"og:image\" content=\"https:\/\/www.pensarcursos.com.br\/blog\/wp-content\/uploads\/2024\/04\/annika-gordon-cZISY8ai2iA-unsplash-scaled.jpg\" \/>\n\t<meta property=\"og:image:width\" content=\"2560\" \/>\n\t<meta property=\"og:image:height\" content=\"1829\" \/>\n\t<meta property=\"og:image:type\" content=\"image\/jpeg\" \/>\n<meta name=\"author\" content=\"Mycarla Oliveira\" \/>\n<meta name=\"twitter:card\" content=\"summary_large_image\" \/>\n<meta name=\"twitter:label1\" content=\"Escrito por\" \/>\n\t<meta name=\"twitter:data1\" content=\"Mycarla Oliveira\" \/>\n\t<meta name=\"twitter:label2\" content=\"Est. tempo de leitura\" \/>\n\t<meta name=\"twitter:data2\" content=\"4 minutos\" \/>\n<!-- \/ Yoast SEO Premium plugin. -->","yoast_head_json":{"title":"Afinal, como \u00e9? \u201ceu que agrade\u00e7o\u201d vs. \u201ceu quem agrade\u00e7o\u201d \u2013 descubra a verdade - Blog Pensar Cursos","description":"Saiba qual \u00e9 a forma correta entre \u201ceu que agrade\u00e7o\u201d e \u201ceu quem agrade\u00e7o\u201d e aprenda a usar cada express\u00e3o de acordo com a norma culta da l\u00edngua portuguesa.","robots":{"index":"index","follow":"follow","max-snippet":"max-snippet:-1","max-image-preview":"max-image-preview:large","max-video-preview":"max-video-preview:-1"},"canonical":"https:\/\/www.pensarcursos.com.br\/blog\/que-agradeco-quem-agradeco\/","og_locale":"pt_BR","og_type":"article","og_title":"Afinal, como \u00e9? \u201ceu que agrade\u00e7o\u201d vs. \u201ceu quem agrade\u00e7o\u201d \u2013 descubra a verdade","og_description":"Saiba qual \u00e9 a forma correta entre \u201ceu que agrade\u00e7o\u201d e \u201ceu quem agrade\u00e7o\u201d e aprenda a usar cada express\u00e3o de acordo com a norma culta da l\u00edngua portuguesa.","og_url":"https:\/\/www.pensarcursos.com.br\/blog\/que-agradeco-quem-agradeco\/","og_site_name":"Blog Pensar Cursos","article_publisher":"https:\/\/www.facebook.com\/pensarcursos\/","article_published_time":"2024-11-15T11:50:26+00:00","og_image":[{"width":2560,"height":1829,"url":"https:\/\/www.pensarcursos.com.br\/blog\/wp-content\/uploads\/2024\/04\/annika-gordon-cZISY8ai2iA-unsplash-scaled.jpg","type":"image\/jpeg"}],"author":"Mycarla Oliveira","twitter_card":"summary_large_image","twitter_misc":{"Escrito por":"Mycarla Oliveira","Est. tempo de leitura":"4 minutos"},"schema":{"@context":"https:\/\/schema.org","@graph":[{"@type":["Article","BlogPosting"],"@id":"https:\/\/www.pensarcursos.com.br\/blog\/que-agradeco-quem-agradeco\/#article","isPartOf":{"@id":"https:\/\/www.pensarcursos.com.br\/blog\/que-agradeco-quem-agradeco\/"},"author":{"name":"Mycarla Oliveira","@id":"https:\/\/www.pensarcursos.com.br\/blog\/#\/schema\/person\/08c090c2735ba16d5c02ecf702d5b9f0"},"headline":"Afinal, como \u00e9? \u201ceu que agrade\u00e7o\u201d vs. \u201ceu quem agrade\u00e7o\u201d \u2013 descubra a verdade","datePublished":"2024-11-15T11:50:26+00:00","mainEntityOfPage":{"@id":"https:\/\/www.pensarcursos.com.br\/blog\/que-agradeco-quem-agradeco\/"},"wordCount":817,"commentCount":0,"publisher":{"@id":"https:\/\/www.pensarcursos.com.br\/blog\/#organization"},"image":{"@id":"https:\/\/www.pensarcursos.com.br\/blog\/que-agradeco-quem-agradeco\/#primaryimage"},"thumbnailUrl":"https:\/\/www.pensarcursos.com.br\/blog\/wp-content\/uploads\/2024\/04\/annika-gordon-cZISY8ai2iA-unsplash-scaled.jpg","keywords":["d\u00favidas de portugu\u00eas","Gram\u00e1tica","L\u00edngua Portuguesa","ortografia"],"articleSection":["Dicas","Portugu\u00eas"],"inLanguage":"pt-BR","potentialAction":[{"@type":"CommentAction","name":"Comment","target":["https:\/\/www.pensarcursos.com.br\/blog\/que-agradeco-quem-agradeco\/#respond"]}],"copyrightYear":"2024","copyrightHolder":{"@id":"https:\/\/www.pensarcursos.com.br\/blog\/#organization"}},{"@type":"WebPage","@id":"https:\/\/www.pensarcursos.com.br\/blog\/que-agradeco-quem-agradeco\/","url":"https:\/\/www.pensarcursos.com.br\/blog\/que-agradeco-quem-agradeco\/","name":"Afinal, como \u00e9? \u201ceu que agrade\u00e7o\u201d vs. \u201ceu quem agrade\u00e7o\u201d \u2013 descubra a verdade - Blog Pensar Cursos","isPartOf":{"@id":"https:\/\/www.pensarcursos.com.br\/blog\/#website"},"primaryImageOfPage":{"@id":"https:\/\/www.pensarcursos.com.br\/blog\/que-agradeco-quem-agradeco\/#primaryimage"},"image":{"@id":"https:\/\/www.pensarcursos.com.br\/blog\/que-agradeco-quem-agradeco\/#primaryimage"},"thumbnailUrl":"https:\/\/www.pensarcursos.com.br\/blog\/wp-content\/uploads\/2024\/04\/annika-gordon-cZISY8ai2iA-unsplash-scaled.jpg","datePublished":"2024-11-15T11:50:26+00:00","description":"Saiba qual \u00e9 a forma correta entre \u201ceu que agrade\u00e7o\u201d e \u201ceu quem agrade\u00e7o\u201d e aprenda a usar cada express\u00e3o de acordo com a norma culta da l\u00edngua portuguesa.","breadcrumb":{"@id":"https:\/\/www.pensarcursos.com.br\/blog\/que-agradeco-quem-agradeco\/#breadcrumb"},"inLanguage":"pt-BR","potentialAction":[{"@type":"ReadAction","target":["https:\/\/www.pensarcursos.com.br\/blog\/que-agradeco-quem-agradeco\/"]}]},{"@type":"ImageObject","inLanguage":"pt-BR","@id":"https:\/\/www.pensarcursos.com.br\/blog\/que-agradeco-quem-agradeco\/#primaryimage","url":"https:\/\/www.pensarcursos.com.br\/blog\/wp-content\/uploads\/2024\/04\/annika-gordon-cZISY8ai2iA-unsplash-scaled.jpg","contentUrl":"https:\/\/www.pensarcursos.com.br\/blog\/wp-content\/uploads\/2024\/04\/annika-gordon-cZISY8ai2iA-unsplash-scaled.jpg","width":2560,"height":1829,"caption":"25 palavras superdif\u00edceis e seus significados \u2013 parte II (Foto: Unsplash)."},{"@type":"BreadcrumbList","@id":"https:\/\/www.pensarcursos.com.br\/blog\/que-agradeco-quem-agradeco\/#breadcrumb","itemListElement":[{"@type":"ListItem","position":1,"name":"Home","item":"https:\/\/www.pensarcursos.com.br\/blog\/"},{"@type":"ListItem","position":2,"name":"Afinal, como \u00e9? \u201ceu que agrade\u00e7o\u201d vs. \u201ceu quem agrade\u00e7o\u201d \u2013 descubra a verdade"}]},{"@type":"WebSite","@id":"https:\/\/www.pensarcursos.com.br\/blog\/#website","url":"https:\/\/www.pensarcursos.com.br\/blog\/","name":"Blog Pensar Cursos","description":"Maior Site de Cursos do Brasil","publisher":{"@id":"https:\/\/www.pensarcursos.com.br\/blog\/#organization"},"alternateName":"Blog Pensar","potentialAction":[{"@type":"SearchAction","target":{"@type":"EntryPoint","urlTemplate":"https:\/\/www.pensarcursos.com.br\/blog\/?s={search_term_string}"},"query-input":{"@type":"PropertyValueSpecification","valueRequired":true,"valueName":"search_term_string"}}],"inLanguage":"pt-BR"},{"@type":"Organization","@id":"https:\/\/www.pensarcursos.com.br\/blog\/#organization","name":"Pensar Cursos","alternateName":"Blog pensar","url":"https:\/\/www.pensarcursos.com.br\/blog\/","logo":{"@type":"ImageObject","inLanguage":"pt-BR","@id":"https:\/\/www.pensarcursos.com.br\/blog\/#\/schema\/logo\/image\/","url":"https:\/\/www.pensarcursos.com.br\/blog\/wp-content\/uploads\/2023\/11\/Nova-Logo-Pensar-Cursos-vertical.png","contentUrl":"https:\/\/www.pensarcursos.com.br\/blog\/wp-content\/uploads\/2023\/11\/Nova-Logo-Pensar-Cursos-vertical.png","width":1393,"height":1001,"caption":"Pensar Cursos"},"image":{"@id":"https:\/\/www.pensarcursos.com.br\/blog\/#\/schema\/logo\/image\/"},"sameAs":["https:\/\/www.facebook.com\/pensarcursos\/","https:\/\/instagram.com.br\/pensarcursos"],"description":"Pensar Cursos \u00e9 uma empresa especializada em oferecer cursos de alta qualidade voltados para o desenvolvimento profissional e acad\u00eamico. Com uma ampla gama de op\u00e7\u00f5es de treinamento, oferecemos conte\u00fados atualizados, ministrados por especialistas da \u00e1rea, para capacitar indiv\u00edduos e equipes a atingirem seus objetivos. Nossa miss\u00e3o \u00e9 proporcionar uma educa\u00e7\u00e3o transformadora, acess\u00edvel e personalizada para cada aluno, seja em cursos presenciais ou online. Com uma abordagem inovadora, buscamos adaptar os nossos programas de ensino \u00e0s necessidades do mercado, criando solu\u00e7\u00f5es que atendem aos desafios e exig\u00eancias do mundo corporativo e acad\u00eamico. Nossos cursos incluem desde forma\u00e7\u00f5es t\u00e9cnicas at\u00e9 habilidades essenciais, como lideran\u00e7a, gest\u00e3o e desenvolvimento pessoal.","email":"contato@pensarcursos.com.br","legalName":"Sena Servi\u00e7os de Informa\u00e7\u00e3o Online LTDA","foundingDate":"2013-04-18","vatID":"17956217000172","numberOfEmployees":{"@type":"QuantitativeValue","minValue":"11","maxValue":"50"},"publishingPrinciples":"https:\/\/www.pensarcursos.com.br\/blog\/principios-de-publicacao\/","ownershipFundingInfo":"https:\/\/www.pensarcursos.com.br\/blog\/informacoes-de-propriedade-financiamento\/","actionableFeedbackPolicy":"https:\/\/www.pensarcursos.com.br\/blog\/politica-de-feedback-acionavel\/","correctionsPolicy":"https:\/\/www.pensarcursos.com.br\/blog\/politica-de-correcoes\/","ethicsPolicy":"https:\/\/www.pensarcursos.com.br\/blog\/politica-de-etica\/"},{"@type":"Person","@id":"https:\/\/www.pensarcursos.com.br\/blog\/#\/schema\/person\/08c090c2735ba16d5c02ecf702d5b9f0","name":"Mycarla Oliveira","image":{"@type":"ImageObject","inLanguage":"pt-BR","@id":"https:\/\/secure.gravatar.com\/avatar\/eeada09a97955c1a68c5280dd5ad49314a30e113f5323286583dfcd4f387cffd?s=96&d=mm&r=g","url":"https:\/\/secure.gravatar.com\/avatar\/eeada09a97955c1a68c5280dd5ad49314a30e113f5323286583dfcd4f387cffd?s=96&d=mm&r=g","contentUrl":"https:\/\/secure.gravatar.com\/avatar\/eeada09a97955c1a68c5280dd5ad49314a30e113f5323286583dfcd4f387cffd?s=96&d=mm&r=g","caption":"Mycarla Oliveira"},"description":"Formada em Letras \u2013 L\u00edngua Portuguesa e Literaturas pela UFRN desde 2021, atuo como escritora de contos e de romances h\u00e1 mais de uma d\u00e9cada e, por isso, tamb\u00e9m trabalho como ghostwriter. Sempre lado a lado com a escrita, estou presente no ramo de revis\u00e3o, reda\u00e7\u00e3o e edi\u00e7\u00e3o de textos.","url":"https:\/\/www.pensarcursos.com.br\/blog\/author\/mycarla\/"}]}},"_links":{"self":[{"href":"https:\/\/www.pensarcursos.com.br\/blog\/wp-json\/wp\/v2\/posts\/78031","targetHints":{"allow":["GET"]}}],"collection":[{"href":"https:\/\/www.pensarcursos.com.br\/blog\/wp-json\/wp\/v2\/posts"}],"about":[{"href":"https:\/\/www.pensarcursos.com.br\/blog\/wp-json\/wp\/v2\/types\/post"}],"author":[{"embeddable":true,"href":"https:\/\/www.pensarcursos.com.br\/blog\/wp-json\/wp\/v2\/users\/35"}],"replies":[{"embeddable":true,"href":"https:\/\/www.pensarcursos.com.br\/blog\/wp-json\/wp\/v2\/comments?post=78031"}],"version-history":[{"count":0,"href":"https:\/\/www.pensarcursos.com.br\/blog\/wp-json\/wp\/v2\/posts\/78031\/revisions"}],"wp:featuredmedia":[{"embeddable":true,"href":"https:\/\/www.pensarcursos.com.br\/blog\/wp-json\/wp\/v2\/media\/37760"}],"wp:attachment":[{"href":"https:\/\/www.pensarcursos.com.br\/blog\/wp-json\/wp\/v2\/media?parent=78031"}],"wp:term":[{"taxonomy":"category","embeddable":true,"href":"https:\/\/www.pensarcursos.com.br\/blog\/wp-json\/wp\/v2\/categories?post=78031"},{"taxonomy":"post_tag","embeddable":true,"href":"https:\/\/www.pensarcursos.com.br\/blog\/wp-json\/wp\/v2\/tags?post=78031"}],"curies":[{"name":"wp","href":"https:\/\/api.w.org\/{rel}","templated":true}]}}