{"id":77700,"date":"2024-11-13T08:09:33","date_gmt":"2024-11-13T11:09:33","guid":{"rendered":"https:\/\/www.pensarcursos.com.br\/blog\/?p=77700"},"modified":"2024-11-12T13:08:09","modified_gmt":"2024-11-12T16:08:09","slug":"a-cima-ou-acima","status":"publish","type":"post","link":"https:\/\/www.pensarcursos.com.br\/blog\/a-cima-ou-acima\/","title":{"rendered":"D\u00favidas de Portugu\u00eas: a cima ou acima?"},"content":{"rendered":"<p>A l\u00edngua portuguesa apresenta v\u00e1rias palavras e express\u00f5es que soam parecidas, mas possuem significados diferentes. Um exemplo comum \u00e9 a diferen\u00e7a entre \u201cacima\u201d e \u201ca cima\u201d. Ambas existem no idioma e s\u00e3o hom\u00f3fonas, ou seja, t\u00eam o mesmo som. No entanto, seus usos s\u00e3o distintos e \u00e9 importante saber quando usar cada uma. A seguir, voc\u00ea ir\u00e1 descobrir de forma clara e objetiva as diferen\u00e7as e o uso adequado de \u201cacima\u201d e \u201ca cima\u201d.<\/p>\n<h2>Diferen\u00e7a entre \u201cacima\u201d e \u201ca cima\u201d<\/h2>\n<p>Em primeiro lugar, \u00e9 fundamental entender a distin\u00e7\u00e3o entre \u201cacima\u201d e \u201ca cima\u201d. A palavra \u201cacima\u201d \u00e9 um adv\u00e9rbio de lugar. Em contrapartida, a express\u00e3o \u201ca cima\u201d \u00e9 formada pelo artigo feminino \u201ca\u201d e pelo substantivo \u201ccima\u201d, que significa \u201ctopo\u201d ou \u201cparte superior\u201d de algo.<\/p>\n<h2>Quando usar \u201cacima\u201d?<\/h2>\n<p>A palavra \u201cacima\u201d funciona como um adv\u00e9rbio de lugar e indica uma posi\u00e7\u00e3o superior em rela\u00e7\u00e3o a algo. Assim, usa-se \u201cacima\u201d para falar da posi\u00e7\u00e3o de um objeto, pessoa ou qualquer elemento em um espa\u00e7o. Por exemplo:<\/p>\n<ul>\n<li>\u201cVeja! Um p\u00e1ssaro est\u00e1 voando acima do telhado.\u201d<\/li>\n<\/ul>\n<p>Nesse caso, \u201cacima\u201d especifica onde o p\u00e1ssaro est\u00e1 em rela\u00e7\u00e3o ao telhado. Al\u00e9m disso, como adv\u00e9rbio, \u201cacima\u201d \u00e9 uma palavra invari\u00e1vel. Isso significa que ela n\u00e3o muda de forma para concordar em g\u00eanero, n\u00famero ou grau com outras palavras.<\/p>\n<p>Considere os exemplos a seguir:<\/p>\n<ul>\n<li>\u201cA sacola est\u00e1 acima da mesa.\u201d<\/li>\n<li>\u201cAs caixas est\u00e3o acima das estantes.\u201d<\/li>\n<\/ul>\n<p>Em ambos os casos, \u201cacima\u201d permanece igual, sem qualquer flex\u00e3o. Essa caracter\u00edstica \u00e9 uma das principais diferen\u00e7as em rela\u00e7\u00e3o \u00e0 express\u00e3o \u201ca cima\u201d, que veremos adiante. Outra caracter\u00edstica do adv\u00e9rbio \u201cacima\u201d \u00e9 seu contraste direto com o adv\u00e9rbio \u201cabaixo\u201d, que indica uma posi\u00e7\u00e3o inferior:<\/p>\n<ul>\n<li>\u201cEle est\u00e1 um n\u00edvel acima na gradua\u00e7\u00e3o de artes marciais.\u201d<\/li>\n<li>\u201cEla est\u00e1 um n\u00edvel abaixo na gradua\u00e7\u00e3o de artes marciais.\u201d<\/li>\n<\/ul>\n<p>Ou seja, \u201cacima\u201d e \u201cabaixo\u201d s\u00e3o opostos e ajudam a localizar a posi\u00e7\u00e3o de algo em um contexto espacial.<\/p>\n<h3>Exemplos de uso de \u201cacima\u201d<\/h3>\n<p>Al\u00e9m disso, vale ressaltar alguns exemplos para ilustrar o uso adequado de \u201cacima\u201d. Observe:<\/p>\n<ul>\n<li>\u201cOs quadros est\u00e3o pendurados acima da cabeceira da cama.\u201d<\/li>\n<li>\u201cO sol aparece acima das nuvens ao amanhecer.\u201d<\/li>\n<li>\u201cA vista da janela \u00e9 ainda mais bonita acima do segundo andar.\u201d<\/li>\n<\/ul>\n<p>Essas frases mostram como o adv\u00e9rbio \u201cacima\u201d \u00e9 utilizado para indicar uma posi\u00e7\u00e3o superior em diferentes contextos.<\/p>\n<h2>Quando usar \u201ca cima\u201d?<\/h2>\n<p>Por outro lado, a <a href=\"https:\/\/www.pensarcursos.com.br\/blog\/expressao-parabens\/\">express\u00e3o<\/a> \u201ca cima\u201d \u00e9 menos comum e pode gerar algumas <a href=\"https:\/\/www.pensarcursos.com.br\/blog\/duvidas-de-portugues-nojento-ou-nogento\/\">d\u00favidas<\/a>. \u201cA cima\u201d \u00e9 composta pelo artigo \u201ca\u201d e pelo substantivo feminino \u201ccima\u201d. Geralmente, usa-se \u201ca cima\u201d para falar do topo ou da parte mais alta de um objeto, como uma montanha, uma \u00e1rvore ou qualquer elemento com uma parte superior.<\/p>\n<p>Por exemplo:<\/p>\n<ul>\n<li>\u201cA cima da montanha est\u00e1 coberta de neve.\u201d<\/li>\n<li>\u201cA cima dessa \u00e1rvore \u00e9 cheia de flores.\u201d<\/li>\n<\/ul>\n<p>Nesses casos, \u201ca cima\u201d refere-se ao topo ou \u00e0 parte mais alta. \u00c9 poss\u00edvel substituir \u201ccima\u201d por \u201ctopo\u201d, que \u00e9 um de seus sin\u00f4nimos. Outros sin\u00f4nimos incluem \u201ccume\u201d e \u201cparte superior\u201d.<\/p>\n<p>Al\u00e9m disso, o substantivo \u201ccima\u201d pode aparecer com flex\u00e3o de n\u00famero, concordando com o substantivo ao qual se refere. Por exemplo:<\/p>\n<ul>\n<li>\u201cAs cimas das montanhas s\u00e3o vis\u00edveis de longe.\u201d<\/li>\n<li>\u201cA cima da igreja \u00e9 ornamentada com detalhes de arte sacra.\u201d<\/li>\n<\/ul>\n<p>Essas frases demonstram que \u201ca cima\u201d pode concordar com o substantivo ao qual se refere, diferentemente do adv\u00e9rbio \u201cacima\u201d, que \u00e9 invari\u00e1vel.<\/p>\n<figure id=\"attachment_77706\" aria-describedby=\"caption-attachment-77706\" style=\"width: 572px\" class=\"wp-caption aligncenter\"><img decoding=\"async\" class=\"wp-image-77706 \" src=\"https:\/\/www.pensarcursos.com.br\/blog\/wp-content\/uploads\/2024\/11\/32393-1024x683.jpg\" alt=\"Como usar a cima e acima de forma correta?\" width=\"572\" height=\"381\" srcset=\"https:\/\/www.pensarcursos.com.br\/blog\/wp-content\/uploads\/2024\/11\/32393-1024x683.jpg 1024w, https:\/\/www.pensarcursos.com.br\/blog\/wp-content\/uploads\/2024\/11\/32393-300x200.jpg 300w, https:\/\/www.pensarcursos.com.br\/blog\/wp-content\/uploads\/2024\/11\/32393-768x512.jpg 768w, https:\/\/www.pensarcursos.com.br\/blog\/wp-content\/uploads\/2024\/11\/32393.jpg 1500w\" sizes=\"(max-width: 572px) 100vw, 572px\" \/><figcaption id=\"caption-attachment-77706\" class=\"wp-caption-text\">Como usar a cima e acima de forma correta? Imagem: Freepik<\/figcaption><\/figure>\n<h2>Exemplos pr\u00e1ticos de substitui\u00e7\u00e3o<\/h2>\n<p>Por fim, para confirmar o uso <a href=\"https:\/\/www.pensarcursos.com.br\/blog\/focar-os-estudos\/\">correto<\/a>, voc\u00ea pode substituir \u201ccima\u201d por \u201ctopo\u201d e verificar se a frase faz sentido. Por exemplo:<\/p>\n<ul>\n<li>\u201cA cima da estante estava empoeirada.\u201d \u2192 \u201cO topo da estante estava empoeirado.\u201d<\/li>\n<li>\u201cEla olhou para a cima da colina e viu o p\u00f4r do sol.\u201d \u2192 \u201cEla olhou para o topo da colina e viu o p\u00f4r do sol.\u201d<\/li>\n<\/ul>\n<p>Essa substitui\u00e7\u00e3o \u00e9 \u00fatil para assegurar que \u201ca cima\u201d est\u00e1 sendo usado de forma correta, indicando o topo ou a parte superior de algo.<\/p>\n","protected":false},"excerpt":{"rendered":"<p>A l\u00edngua portuguesa apresenta v\u00e1rias palavras e express\u00f5es que soam parecidas, mas possuem significados diferentes. Um exemplo comum \u00e9 a diferen\u00e7a entre \u201cacima\u201d e \u201ca cima\u201d. Ambas existem no idioma e s\u00e3o hom\u00f3fonas, ou seja, t\u00eam o mesmo som. No entanto, seus usos s\u00e3o distintos e \u00e9 importante saber quando usar cada uma. A seguir, [&hellip;]<\/p>\n","protected":false},"author":41,"featured_media":77705,"comment_status":"open","ping_status":"closed","sticky":false,"template":"","format":"standard","meta":{"jnews-multi-image_gallery":[],"jnews_single_post":[],"jnews_primary_category":[],"jnews_social_meta":[],"jnews_override_counter":[],"footnotes":""},"categories":[27,12044],"tags":[22564,22563,22562],"class_list":["post-77700","post","type-post","status-publish","format-standard","has-post-thumbnail","hentry","category-dicas","category-portugues","tag-acima-esta-certo","tag-em-cima-esta-acerto","tag-em-cima-ou-acima"],"yoast_head":"<!-- This site is optimized with the Yoast SEO Premium plugin v27.5 (Yoast SEO v27.5) - https:\/\/yoast.com\/product\/yoast-seo-premium-wordpress\/ -->\n<title>D\u00favidas de Portugu\u00eas: a cima ou acima? - Blog Pensar Cursos<\/title>\n<meta name=\"description\" content=\"A l\u00edngua portuguesa apresenta v\u00e1rias palavras e express\u00f5es que soam parecidas, mas possuem significados diferentes. Um exemplo comum \u00e9 a diferen\u00e7a entre\" \/>\n<meta name=\"robots\" content=\"index, follow, max-snippet:-1, max-image-preview:large, max-video-preview:-1\" \/>\n<link rel=\"canonical\" href=\"https:\/\/www.pensarcursos.com.br\/blog\/a-cima-ou-acima\/\" \/>\n<meta property=\"og:locale\" content=\"pt_BR\" \/>\n<meta property=\"og:type\" content=\"article\" \/>\n<meta property=\"og:title\" content=\"D\u00favidas de Portugu\u00eas: a cima ou acima?\" \/>\n<meta property=\"og:description\" content=\"A l\u00edngua portuguesa apresenta v\u00e1rias palavras e express\u00f5es que soam parecidas, mas possuem significados diferentes. Um exemplo comum \u00e9 a diferen\u00e7a entre\" \/>\n<meta property=\"og:url\" content=\"https:\/\/www.pensarcursos.com.br\/blog\/a-cima-ou-acima\/\" \/>\n<meta property=\"og:site_name\" content=\"Blog Pensar Cursos\" \/>\n<meta property=\"article:publisher\" content=\"https:\/\/www.facebook.com\/pensarcursos\/\" \/>\n<meta property=\"article:published_time\" content=\"2024-11-13T11:09:33+00:00\" \/>\n<meta property=\"og:image\" content=\"https:\/\/www.pensarcursos.com.br\/blog\/wp-content\/uploads\/2024\/11\/sure-if-it-is-right-direction-scaled.jpg\" \/>\n\t<meta property=\"og:image:width\" content=\"2560\" \/>\n\t<meta property=\"og:image:height\" content=\"1707\" \/>\n\t<meta property=\"og:image:type\" content=\"image\/jpeg\" \/>\n<meta name=\"author\" content=\"F\u00e1tima Azevedo\" \/>\n<meta name=\"twitter:card\" content=\"summary_large_image\" \/>\n<meta name=\"twitter:label1\" content=\"Escrito por\" \/>\n\t<meta name=\"twitter:data1\" content=\"F\u00e1tima Azevedo\" \/>\n\t<meta name=\"twitter:label2\" content=\"Est. tempo de leitura\" \/>\n\t<meta name=\"twitter:data2\" content=\"3 minutos\" \/>\n<!-- \/ Yoast SEO Premium plugin. -->","yoast_head_json":{"title":"D\u00favidas de Portugu\u00eas: a cima ou acima? - Blog Pensar Cursos","description":"A l\u00edngua portuguesa apresenta v\u00e1rias palavras e express\u00f5es que soam parecidas, mas possuem significados diferentes. Um exemplo comum \u00e9 a diferen\u00e7a entre","robots":{"index":"index","follow":"follow","max-snippet":"max-snippet:-1","max-image-preview":"max-image-preview:large","max-video-preview":"max-video-preview:-1"},"canonical":"https:\/\/www.pensarcursos.com.br\/blog\/a-cima-ou-acima\/","og_locale":"pt_BR","og_type":"article","og_title":"D\u00favidas de Portugu\u00eas: a cima ou acima?","og_description":"A l\u00edngua portuguesa apresenta v\u00e1rias palavras e express\u00f5es que soam parecidas, mas possuem significados diferentes. Um exemplo comum \u00e9 a diferen\u00e7a entre","og_url":"https:\/\/www.pensarcursos.com.br\/blog\/a-cima-ou-acima\/","og_site_name":"Blog Pensar Cursos","article_publisher":"https:\/\/www.facebook.com\/pensarcursos\/","article_published_time":"2024-11-13T11:09:33+00:00","og_image":[{"width":2560,"height":1707,"url":"https:\/\/www.pensarcursos.com.br\/blog\/wp-content\/uploads\/2024\/11\/sure-if-it-is-right-direction-scaled.jpg","type":"image\/jpeg"}],"author":"F\u00e1tima Azevedo","twitter_card":"summary_large_image","twitter_misc":{"Escrito por":"F\u00e1tima Azevedo","Est. tempo de leitura":"3 minutos"},"schema":{"@context":"https:\/\/schema.org","@graph":[{"@type":["Article","BlogPosting"],"@id":"https:\/\/www.pensarcursos.com.br\/blog\/a-cima-ou-acima\/#article","isPartOf":{"@id":"https:\/\/www.pensarcursos.com.br\/blog\/a-cima-ou-acima\/"},"author":{"name":"F\u00e1tima Azevedo","@id":"https:\/\/www.pensarcursos.com.br\/blog\/#\/schema\/person\/827343e4611913410dcf62144b5b2a2d"},"headline":"D\u00favidas de Portugu\u00eas: a cima ou acima?","datePublished":"2024-11-13T11:09:33+00:00","mainEntityOfPage":{"@id":"https:\/\/www.pensarcursos.com.br\/blog\/a-cima-ou-acima\/"},"wordCount":706,"commentCount":0,"publisher":{"@id":"https:\/\/www.pensarcursos.com.br\/blog\/#organization"},"image":{"@id":"https:\/\/www.pensarcursos.com.br\/blog\/a-cima-ou-acima\/#primaryimage"},"thumbnailUrl":"https:\/\/www.pensarcursos.com.br\/blog\/wp-content\/uploads\/2024\/11\/sure-if-it-is-right-direction-scaled.jpg","keywords":["acima est\u00e1 certo","em cima est\u00e1 acerto","em cima ou acima"],"articleSection":["Dicas","Portugu\u00eas"],"inLanguage":"pt-BR","potentialAction":[{"@type":"CommentAction","name":"Comment","target":["https:\/\/www.pensarcursos.com.br\/blog\/a-cima-ou-acima\/#respond"]}],"copyrightYear":"2024","copyrightHolder":{"@id":"https:\/\/www.pensarcursos.com.br\/blog\/#organization"}},{"@type":"WebPage","@id":"https:\/\/www.pensarcursos.com.br\/blog\/a-cima-ou-acima\/","url":"https:\/\/www.pensarcursos.com.br\/blog\/a-cima-ou-acima\/","name":"D\u00favidas de Portugu\u00eas: a cima ou acima? - Blog Pensar Cursos","isPartOf":{"@id":"https:\/\/www.pensarcursos.com.br\/blog\/#website"},"primaryImageOfPage":{"@id":"https:\/\/www.pensarcursos.com.br\/blog\/a-cima-ou-acima\/#primaryimage"},"image":{"@id":"https:\/\/www.pensarcursos.com.br\/blog\/a-cima-ou-acima\/#primaryimage"},"thumbnailUrl":"https:\/\/www.pensarcursos.com.br\/blog\/wp-content\/uploads\/2024\/11\/sure-if-it-is-right-direction-scaled.jpg","datePublished":"2024-11-13T11:09:33+00:00","description":"A l\u00edngua portuguesa apresenta v\u00e1rias palavras e express\u00f5es que soam parecidas, mas possuem significados diferentes. Um exemplo comum \u00e9 a diferen\u00e7a entre","breadcrumb":{"@id":"https:\/\/www.pensarcursos.com.br\/blog\/a-cima-ou-acima\/#breadcrumb"},"inLanguage":"pt-BR","potentialAction":[{"@type":"ReadAction","target":["https:\/\/www.pensarcursos.com.br\/blog\/a-cima-ou-acima\/"]}]},{"@type":"ImageObject","inLanguage":"pt-BR","@id":"https:\/\/www.pensarcursos.com.br\/blog\/a-cima-ou-acima\/#primaryimage","url":"https:\/\/www.pensarcursos.com.br\/blog\/wp-content\/uploads\/2024\/11\/sure-if-it-is-right-direction-scaled.jpg","contentUrl":"https:\/\/www.pensarcursos.com.br\/blog\/wp-content\/uploads\/2024\/11\/sure-if-it-is-right-direction-scaled.jpg","width":2560,"height":1707,"caption":"Entenda estes termos por meio de substitui\u00e7\u00f5es. Imagem: Freepik"},{"@type":"BreadcrumbList","@id":"https:\/\/www.pensarcursos.com.br\/blog\/a-cima-ou-acima\/#breadcrumb","itemListElement":[{"@type":"ListItem","position":1,"name":"Home","item":"https:\/\/www.pensarcursos.com.br\/blog\/"},{"@type":"ListItem","position":2,"name":"D\u00favidas de Portugu\u00eas: a cima ou acima?"}]},{"@type":"WebSite","@id":"https:\/\/www.pensarcursos.com.br\/blog\/#website","url":"https:\/\/www.pensarcursos.com.br\/blog\/","name":"Blog Pensar Cursos","description":"Maior Site de Cursos do Brasil","publisher":{"@id":"https:\/\/www.pensarcursos.com.br\/blog\/#organization"},"alternateName":"Blog Pensar","potentialAction":[{"@type":"SearchAction","target":{"@type":"EntryPoint","urlTemplate":"https:\/\/www.pensarcursos.com.br\/blog\/?s={search_term_string}"},"query-input":{"@type":"PropertyValueSpecification","valueRequired":true,"valueName":"search_term_string"}}],"inLanguage":"pt-BR"},{"@type":"Organization","@id":"https:\/\/www.pensarcursos.com.br\/blog\/#organization","name":"Pensar Cursos","alternateName":"Blog pensar","url":"https:\/\/www.pensarcursos.com.br\/blog\/","logo":{"@type":"ImageObject","inLanguage":"pt-BR","@id":"https:\/\/www.pensarcursos.com.br\/blog\/#\/schema\/logo\/image\/","url":"https:\/\/www.pensarcursos.com.br\/blog\/wp-content\/uploads\/2023\/11\/Nova-Logo-Pensar-Cursos-vertical.png","contentUrl":"https:\/\/www.pensarcursos.com.br\/blog\/wp-content\/uploads\/2023\/11\/Nova-Logo-Pensar-Cursos-vertical.png","width":1393,"height":1001,"caption":"Pensar Cursos"},"image":{"@id":"https:\/\/www.pensarcursos.com.br\/blog\/#\/schema\/logo\/image\/"},"sameAs":["https:\/\/www.facebook.com\/pensarcursos\/","https:\/\/instagram.com.br\/pensarcursos"],"description":"Pensar Cursos \u00e9 uma empresa especializada em oferecer cursos de alta qualidade voltados para o desenvolvimento profissional e acad\u00eamico. Com uma ampla gama de op\u00e7\u00f5es de treinamento, oferecemos conte\u00fados atualizados, ministrados por especialistas da \u00e1rea, para capacitar indiv\u00edduos e equipes a atingirem seus objetivos. Nossa miss\u00e3o \u00e9 proporcionar uma educa\u00e7\u00e3o transformadora, acess\u00edvel e personalizada para cada aluno, seja em cursos presenciais ou online. Com uma abordagem inovadora, buscamos adaptar os nossos programas de ensino \u00e0s necessidades do mercado, criando solu\u00e7\u00f5es que atendem aos desafios e exig\u00eancias do mundo corporativo e acad\u00eamico. Nossos cursos incluem desde forma\u00e7\u00f5es t\u00e9cnicas at\u00e9 habilidades essenciais, como lideran\u00e7a, gest\u00e3o e desenvolvimento pessoal.","email":"contato@pensarcursos.com.br","legalName":"Sena Servi\u00e7os de Informa\u00e7\u00e3o Online LTDA","foundingDate":"2013-04-18","vatID":"17956217000172","numberOfEmployees":{"@type":"QuantitativeValue","minValue":"11","maxValue":"50"},"publishingPrinciples":"https:\/\/www.pensarcursos.com.br\/blog\/principios-de-publicacao\/","ownershipFundingInfo":"https:\/\/www.pensarcursos.com.br\/blog\/informacoes-de-propriedade-financiamento\/","actionableFeedbackPolicy":"https:\/\/www.pensarcursos.com.br\/blog\/politica-de-feedback-acionavel\/","correctionsPolicy":"https:\/\/www.pensarcursos.com.br\/blog\/politica-de-correcoes\/","ethicsPolicy":"https:\/\/www.pensarcursos.com.br\/blog\/politica-de-etica\/"},{"@type":"Person","@id":"https:\/\/www.pensarcursos.com.br\/blog\/#\/schema\/person\/827343e4611913410dcf62144b5b2a2d","name":"F\u00e1tima Azevedo","image":{"@type":"ImageObject","inLanguage":"pt-BR","@id":"https:\/\/secure.gravatar.com\/avatar\/ea820c84e212573cc3f119ba576278fe7ad07b69ed7ca0c33223662227bb77ca?s=96&d=mm&r=g","url":"https:\/\/secure.gravatar.com\/avatar\/ea820c84e212573cc3f119ba576278fe7ad07b69ed7ca0c33223662227bb77ca?s=96&d=mm&r=g","contentUrl":"https:\/\/secure.gravatar.com\/avatar\/ea820c84e212573cc3f119ba576278fe7ad07b69ed7ca0c33223662227bb77ca?s=96&d=mm&r=g","caption":"F\u00e1tima Azevedo"},"description":"Graduada em Ci\u00eancias Biol\u00f3gicas. Professora. Redatora grupo Sena Online.","sameAs":["https:\/\/www.linkedin.com\/in\/maria-de-f\u00e1tima-oliveira-da-costa-74a1692a7"],"url":"https:\/\/www.pensarcursos.com.br\/blog\/author\/fatima\/"}]}},"_links":{"self":[{"href":"https:\/\/www.pensarcursos.com.br\/blog\/wp-json\/wp\/v2\/posts\/77700","targetHints":{"allow":["GET"]}}],"collection":[{"href":"https:\/\/www.pensarcursos.com.br\/blog\/wp-json\/wp\/v2\/posts"}],"about":[{"href":"https:\/\/www.pensarcursos.com.br\/blog\/wp-json\/wp\/v2\/types\/post"}],"author":[{"embeddable":true,"href":"https:\/\/www.pensarcursos.com.br\/blog\/wp-json\/wp\/v2\/users\/41"}],"replies":[{"embeddable":true,"href":"https:\/\/www.pensarcursos.com.br\/blog\/wp-json\/wp\/v2\/comments?post=77700"}],"version-history":[{"count":0,"href":"https:\/\/www.pensarcursos.com.br\/blog\/wp-json\/wp\/v2\/posts\/77700\/revisions"}],"wp:featuredmedia":[{"embeddable":true,"href":"https:\/\/www.pensarcursos.com.br\/blog\/wp-json\/wp\/v2\/media\/77705"}],"wp:attachment":[{"href":"https:\/\/www.pensarcursos.com.br\/blog\/wp-json\/wp\/v2\/media?parent=77700"}],"wp:term":[{"taxonomy":"category","embeddable":true,"href":"https:\/\/www.pensarcursos.com.br\/blog\/wp-json\/wp\/v2\/categories?post=77700"},{"taxonomy":"post_tag","embeddable":true,"href":"https:\/\/www.pensarcursos.com.br\/blog\/wp-json\/wp\/v2\/tags?post=77700"}],"curies":[{"name":"wp","href":"https:\/\/api.w.org\/{rel}","templated":true}]}}