{"id":77479,"date":"2024-11-15T08:09:06","date_gmt":"2024-11-15T11:09:06","guid":{"rendered":"https:\/\/www.pensarcursos.com.br\/blog\/?p=77479"},"modified":"2024-11-11T10:21:38","modified_gmt":"2024-11-11T13:21:38","slug":"e-hoje-15-11-processo-seletivo-com-200-vagas-encerra-suas-inscricoes","status":"publish","type":"post","link":"https:\/\/www.pensarcursos.com.br\/blog\/e-hoje-15-11-processo-seletivo-com-200-vagas-encerra-suas-inscricoes\/","title":{"rendered":"\u00c9 HOJE (15\/11)! Processo Seletivo com 200 vagas encerra suas inscri\u00e7\u00f5es"},"content":{"rendered":"<p>O<strong> processo seletivo<\/strong> promovido pela Prefeitura, visando o preenchimento de <strong>200 vagas<\/strong> para Assistente Educacional Inclusivo, <strong>chega ao seu prazo final de inscri\u00e7\u00f5es nesta sexta-feira, 15 de novembro<\/strong> de 2024. Esta oportunidade tem gerado grande expectativa entre os candidatos que almejam contribuir para a educa\u00e7\u00e3o inclusiva no munic\u00edpio.<\/p>\n<p>O certame, fruto da colabora\u00e7\u00e3o entre as Secretarias Municipais de Gest\u00e3o e de Educa\u00e7\u00e3o, representa um marco significativo para a rede de ensino local, refor\u00e7ando o compromisso da administra\u00e7\u00e3o p\u00fablica com a qualidade e a inclus\u00e3o no ambiente escolar. A iniciativa n\u00e3o apenas promete fortalecer o quadro de profissionais dedicados \u00e0 educa\u00e7\u00e3o especial, mas tamb\u00e9m evidencia a import\u00e2ncia crescente atribu\u00edda \u00e0 inclus\u00e3o no cen\u00e1rio educacional brasileiro.<\/p>\n<h2>Detalhes do Processo Seletivo<\/h2>\n<p>O <a href=\"https:\/\/www.pensarcursos.com.br\/blog\/icmbio-publica-novo-edital-de-processo-seletivo-inscricoes-em-breve\/\">processo seletivo<\/a> em quest\u00e3o destaca-se por suas caracter\u00edsticas peculiares e pela relev\u00e2ncia do cargo oferecido. Veja a seguir, os principais aspectos que tornam esta sele\u00e7\u00e3o um evento de destaque no calend\u00e1rio de oportunidades profissionais da regi\u00e3o:<\/p>\n<h3>Cargo e vagas oferecidas<\/h3>\n<p>A sele\u00e7\u00e3o visa preencher 200 posi\u00e7\u00f5es para o cargo de Assistente Educacional Inclusivo. Esta fun\u00e7\u00e3o \u00e9 fundamental para o suporte e desenvolvimento de alunos com necessidades educacionais especiais, promovendo um ambiente de aprendizagem mais equitativo e acolhedor.<\/p>\n<h3>Requisitos para participa\u00e7\u00e3o<\/h3>\n<p>Para concorrer \u00e0s vagas, os candidatos devem possuir forma\u00e7\u00e3o espec\u00edfica, atendendo a um dos seguintes crit\u00e9rios:<\/p>\n<ul class=\"!whitespace-normal list-disc ml-5\">\n<li class=\"pb-1\">Conclus\u00e3o do curso de Magist\u00e9rio<\/li>\n<li class=\"pb-1\">Forma\u00e7\u00e3o em Normal M\u00e9dio (Curso T\u00e9cnico Profissionalizante)<\/li>\n<\/ul>\n<p>Estes requisitos garantem que os futuros profissionais tenham uma base s\u00f3lida de conhecimentos pedag\u00f3gicos, essenciais para o desempenho eficaz da fun\u00e7\u00e3o.<\/p>\n<h3>Carga hor\u00e1ria de trabalho e remunera\u00e7\u00e3o<\/h3>\n<p>Os profissionais selecionados atuar\u00e3o em uma carga hor\u00e1ria de trabalho de 40 horas semanais. Como contrapartida ao seu empenho e dedica\u00e7\u00e3o, receber\u00e3o uma remunera\u00e7\u00e3o mensal de R$ 2.500,00.<\/p>\n<h2>M\u00e9todo de avalia\u00e7\u00e3o<\/h2>\n<p>A metodologia escolhida para avaliar os candidatos neste <a href=\"https:\/\/www.pensarcursos.com.br\/blog\/icmbio-abre-inscricoes-para-3-novos-processos-seletivos-salarios-beneficios\/\">processo seletivo<\/a> foi cuidadosamente selecionada para identificar os profissionais mais aptos para a fun\u00e7\u00e3o. Entenda como ser\u00e1 realizada a sele\u00e7\u00e3o:<\/p>\n<h3>Prova de t\u00edtulos<\/h3>\n<p>A classifica\u00e7\u00e3o dos candidatos ser\u00e1 baseada exclusivamente na an\u00e1lise de t\u00edtulos. Este m\u00e9todo valoriza a forma\u00e7\u00e3o acad\u00eamica e a experi\u00eancia profissional dos participantes, elementos fundamentais para o desempenho eficaz na fun\u00e7\u00e3o de Assistente Educacional Inclusivo.<\/p>\n<h3>Crit\u00e9rios de avalia\u00e7\u00e3o<\/h3>\n<p>Embora os detalhes espec\u00edficos dos crit\u00e9rios de avalia\u00e7\u00e3o n\u00e3o tenham sido divulgados, \u00e9 prov\u00e1vel que sejam considerados aspectos como:<\/p>\n<ul class=\"!whitespace-normal list-disc ml-5\">\n<li class=\"pb-1\">N\u00edvel de forma\u00e7\u00e3o acad\u00eamica<\/li>\n<li class=\"pb-1\">Cursos de especializa\u00e7\u00e3o na \u00e1rea de educa\u00e7\u00e3o inclusiva<\/li>\n<li class=\"pb-1\">Experi\u00eancia pr\u00e9via em fun\u00e7\u00f5es similares<\/li>\n<li class=\"pb-1\">Participa\u00e7\u00e3o em projetos e iniciativas relacionados \u00e0 inclus\u00e3o escolar<\/li>\n<\/ul>\n<h3>Import\u00e2ncia da documenta\u00e7\u00e3o comprobat\u00f3ria<\/h3>\n<p>\u00c9 essencial que os candidatos apresentem toda a documenta\u00e7\u00e3o necess\u00e1ria para comprovar seus t\u00edtulos e experi\u00eancias. A falta de comprova\u00e7\u00e3o adequada pode resultar na n\u00e3o contabiliza\u00e7\u00e3o de pontos importantes para a classifica\u00e7\u00e3o.<\/p>\n<figure id=\"attachment_77497\" aria-describedby=\"caption-attachment-77497\" style=\"width: 1380px\" class=\"wp-caption alignnone\"><img decoding=\"async\" class=\"wp-image-77497 size-full\" title=\"Concurso\" src=\"https:\/\/www.pensarcursos.com.br\/blog\/wp-content\/uploads\/2024\/11\/Concurso-1.jpg\" alt=\"Processo Seletivo - Imagem: Freepik\" width=\"1380\" height=\"920\" srcset=\"https:\/\/www.pensarcursos.com.br\/blog\/wp-content\/uploads\/2024\/11\/Concurso-1.jpg 1380w, https:\/\/www.pensarcursos.com.br\/blog\/wp-content\/uploads\/2024\/11\/Concurso-1-300x200.jpg 300w, https:\/\/www.pensarcursos.com.br\/blog\/wp-content\/uploads\/2024\/11\/Concurso-1-1024x683.jpg 1024w, https:\/\/www.pensarcursos.com.br\/blog\/wp-content\/uploads\/2024\/11\/Concurso-1-768x512.jpg 768w\" sizes=\"(max-width: 1380px) 100vw, 1380px\" \/><figcaption id=\"caption-attachment-77497\" class=\"wp-caption-text\">Processo Seletivo &#8211; Imagem: Freepik<\/figcaption><\/figure>\n<h2>Processo de inscri\u00e7\u00e3o<\/h2>\n<p>O procedimento para se candidatar a uma das vagas no Processo Seletivo da Prefeitura de Campo Grande, localizada no Mato Grosso do Sul, foi cuidadosamente planejado. Confira os detalhes essenciais sobre o processo de inscri\u00e7\u00e3o:<\/p>\n<h3>Per\u00edodo de inscri\u00e7\u00f5es<\/h3>\n<p>As inscri\u00e7\u00f5es tiveram in\u00edcio em 8 de novembro de 2024 e <strong>se encerram hoje, 15 de novembro<\/strong> de 2024. \u00c9 fundamental que os interessados estejam atentos ao prazo, evitando perder esta oportunidade.<\/p>\n<h3>Modalidade de inscri\u00e7\u00e3o<\/h3>\n<p>Todo o processo de inscri\u00e7\u00e3o ocorre de forma online. O <a href=\"https:\/\/www.campogrande.ms.gov.br\/seges\/processoseletivo\/\" target=\"_blank\" rel=\"noopener\">site oficial<\/a> do Munic\u00edpio de Campo Grande \u00e9 a plataforma exclusiva para a realiza\u00e7\u00e3o das inscri\u00e7\u00f5es.<\/p>\n<h3>Documenta\u00e7\u00e3o necess\u00e1ria<\/h3>\n<p>Al\u00e9m do preenchimento do formul\u00e1rio online, os candidatos devem enviar a documenta\u00e7\u00e3o requerida para o e-mail\u00a0<a class=\"text-n-purple-1000\" href=\"mailto:inclusivoreserva.semed@gmail.com\" target=\"_blank\" rel=\"noopener\">inclusivoreserva.semed@gmail.com<\/a>. \u00c9 fundamental que todos os documentos solicitados sejam enviados dentro do prazo estipulado.<\/p>\n<h3>Gratuidade da inscri\u00e7\u00e3o<\/h3>\n<p>Um aspecto not\u00e1vel deste processo seletivo \u00e9 a aus\u00eancia de taxa de inscri\u00e7\u00e3o. Esta medida visa democratizar o acesso \u00e0 sele\u00e7\u00e3o, permitindo que um n\u00famero maior de profissionais qualificados possa participar. Para mais informa\u00e7\u00f5es, confira o <a href=\"https:\/\/www.pensarcursos.com.br\/blog\/wp-content\/uploads\/2024\/11\/edital_de_abertura_n_19_2024-1.pdf\" target=\"_blank\" rel=\"noopener\">edital<\/a> completo.<\/p>\n<h2>Validade do Processo Seletivo<\/h2>\n<p>Um aspecto importante a ser considerado pelos candidatos \u00e9 o prazo de validade deste processo seletivo. Compreender este per\u00edodo \u00e9 necess\u00e1rio para planejar futuras <a href=\"https:\/\/www.pensarcursos.com.br\/blog\/concurso-mp-rj-2024-confira-os-cargos-confirmados-e-oportunidades-2\/\" target=\"_blank\" rel=\"noopener\">oportunidades<\/a> profissionais:<\/p>\n<h3>Dura\u00e7\u00e3o da validade<\/h3>\n<p>O prazo de validade do processo seletivo \u00e9 de dois anos, contados a partir da data de homologa\u00e7\u00e3o do resultado final. Esta informa\u00e7\u00e3o ser\u00e1 publicada no Di\u00e1rio Oficial do Munic\u00edpio de Campo Grande.<\/p>\n<h3>Possibilidade de prorroga\u00e7\u00e3o<\/h3>\n<p>Embora n\u00e3o mencionado explicitamente, \u00e9 comum que processos seletivos desta natureza possam ser prorrogados por igual per\u00edodo, dependendo das necessidades da administra\u00e7\u00e3o municipal e do desempenho do processo.<\/p>\n","protected":false},"excerpt":{"rendered":"<p>O processo seletivo promovido pela Prefeitura, visando o preenchimento de 200 vagas para Assistente Educacional Inclusivo, chega ao seu prazo final de inscri\u00e7\u00f5es nesta sexta-feira, 15 de novembro de 2024. Esta oportunidade tem gerado grande expectativa entre os candidatos que almejam contribuir para a educa\u00e7\u00e3o inclusiva no munic\u00edpio. O certame, fruto da colabora\u00e7\u00e3o entre as [&hellip;]<\/p>\n","protected":false},"author":40,"featured_media":77500,"comment_status":"open","ping_status":"closed","sticky":false,"template":"","format":"standard","meta":{"jnews-multi-image_gallery":[],"jnews_single_post":[],"jnews_primary_category":[],"jnews_social_meta":[],"jnews_override_counter":[],"footnotes":""},"categories":[29],"tags":[22508,22507],"class_list":["post-77479","post","type-post","status-publish","format-standard","has-post-thumbnail","hentry","category-concursos","tag-inscricoes-para-o-processo-seletivo-da-prefeitura-de-campo-grande","tag-processo-seletivo-da-prefeitura-de-campo-grande"],"yoast_head":"<!-- This site is optimized with the Yoast SEO Premium plugin v27.4 (Yoast SEO v27.4) - https:\/\/yoast.com\/product\/yoast-seo-premium-wordpress\/ -->\n<title>\u00c9 HOJE (15\/11)! Processo Seletivo com 200 vagas encerra suas inscri\u00e7\u00f5es - Blog Pensar Cursos<\/title>\n<meta name=\"description\" content=\"O processo seletivo promovido pela Prefeitura, visando o preenchimento de 200 vagas para Assistente Educacional Inclusivo, chega ao seu prazo final de\" \/>\n<meta name=\"robots\" content=\"index, follow, max-snippet:-1, max-image-preview:large, max-video-preview:-1\" \/>\n<link rel=\"canonical\" href=\"https:\/\/www.pensarcursos.com.br\/blog\/e-hoje-15-11-processo-seletivo-com-200-vagas-encerra-suas-inscricoes\/\" \/>\n<meta property=\"og:locale\" content=\"pt_BR\" \/>\n<meta property=\"og:type\" content=\"article\" \/>\n<meta property=\"og:title\" content=\"\u00c9 HOJE (15\/11)! Processo Seletivo com 200 vagas encerra suas inscri\u00e7\u00f5es\" \/>\n<meta property=\"og:description\" content=\"O processo seletivo promovido pela Prefeitura, visando o preenchimento de 200 vagas para Assistente Educacional Inclusivo, chega ao seu prazo final de\" \/>\n<meta property=\"og:url\" content=\"https:\/\/www.pensarcursos.com.br\/blog\/e-hoje-15-11-processo-seletivo-com-200-vagas-encerra-suas-inscricoes\/\" \/>\n<meta property=\"og:site_name\" content=\"Blog Pensar Cursos\" \/>\n<meta property=\"article:publisher\" content=\"https:\/\/www.facebook.com\/pensarcursos\/\" \/>\n<meta property=\"article:published_time\" content=\"2024-11-15T11:09:06+00:00\" \/>\n<meta property=\"og:image\" content=\"https:\/\/www.pensarcursos.com.br\/blog\/wp-content\/uploads\/2024\/11\/Concurso-Pub-1-2.png\" \/>\n\t<meta property=\"og:image:width\" content=\"1200\" \/>\n\t<meta property=\"og:image:height\" content=\"800\" \/>\n\t<meta property=\"og:image:type\" content=\"image\/png\" \/>\n<meta name=\"author\" content=\"Lara Lorrane\" \/>\n<meta name=\"twitter:card\" content=\"summary_large_image\" \/>\n<meta name=\"twitter:label1\" content=\"Escrito por\" \/>\n\t<meta name=\"twitter:data1\" content=\"Lara Lorrane\" \/>\n\t<meta name=\"twitter:label2\" content=\"Est. tempo de leitura\" \/>\n\t<meta name=\"twitter:data2\" content=\"4 minutos\" \/>\n<!-- \/ Yoast SEO Premium plugin. -->","yoast_head_json":{"title":"\u00c9 HOJE (15\/11)! Processo Seletivo com 200 vagas encerra suas inscri\u00e7\u00f5es - Blog Pensar Cursos","description":"O processo seletivo promovido pela Prefeitura, visando o preenchimento de 200 vagas para Assistente Educacional Inclusivo, chega ao seu prazo final de","robots":{"index":"index","follow":"follow","max-snippet":"max-snippet:-1","max-image-preview":"max-image-preview:large","max-video-preview":"max-video-preview:-1"},"canonical":"https:\/\/www.pensarcursos.com.br\/blog\/e-hoje-15-11-processo-seletivo-com-200-vagas-encerra-suas-inscricoes\/","og_locale":"pt_BR","og_type":"article","og_title":"\u00c9 HOJE (15\/11)! Processo Seletivo com 200 vagas encerra suas inscri\u00e7\u00f5es","og_description":"O processo seletivo promovido pela Prefeitura, visando o preenchimento de 200 vagas para Assistente Educacional Inclusivo, chega ao seu prazo final de","og_url":"https:\/\/www.pensarcursos.com.br\/blog\/e-hoje-15-11-processo-seletivo-com-200-vagas-encerra-suas-inscricoes\/","og_site_name":"Blog Pensar Cursos","article_publisher":"https:\/\/www.facebook.com\/pensarcursos\/","article_published_time":"2024-11-15T11:09:06+00:00","og_image":[{"width":1200,"height":800,"url":"https:\/\/www.pensarcursos.com.br\/blog\/wp-content\/uploads\/2024\/11\/Concurso-Pub-1-2.png","type":"image\/png"}],"author":"Lara Lorrane","twitter_card":"summary_large_image","twitter_misc":{"Escrito por":"Lara Lorrane","Est. tempo de leitura":"4 minutos"},"schema":{"@context":"https:\/\/schema.org","@graph":[{"@type":["Article","BlogPosting"],"@id":"https:\/\/www.pensarcursos.com.br\/blog\/e-hoje-15-11-processo-seletivo-com-200-vagas-encerra-suas-inscricoes\/#article","isPartOf":{"@id":"https:\/\/www.pensarcursos.com.br\/blog\/e-hoje-15-11-processo-seletivo-com-200-vagas-encerra-suas-inscricoes\/"},"author":{"name":"Lara Lorrane","@id":"https:\/\/www.pensarcursos.com.br\/blog\/#\/schema\/person\/376c48e3b507a6a35670b83640abbc15"},"headline":"\u00c9 HOJE (15\/11)! Processo Seletivo com 200 vagas encerra suas inscri\u00e7\u00f5es","datePublished":"2024-11-15T11:09:06+00:00","mainEntityOfPage":{"@id":"https:\/\/www.pensarcursos.com.br\/blog\/e-hoje-15-11-processo-seletivo-com-200-vagas-encerra-suas-inscricoes\/"},"wordCount":826,"commentCount":0,"publisher":{"@id":"https:\/\/www.pensarcursos.com.br\/blog\/#organization"},"image":{"@id":"https:\/\/www.pensarcursos.com.br\/blog\/e-hoje-15-11-processo-seletivo-com-200-vagas-encerra-suas-inscricoes\/#primaryimage"},"thumbnailUrl":"https:\/\/www.pensarcursos.com.br\/blog\/wp-content\/uploads\/2024\/11\/Concurso-Pub-1-2.png","keywords":["inscri\u00e7\u00f5es para o Processo Seletivo da Prefeitura de Campo Grande","Processo Seletivo da Prefeitura de Campo Grande"],"articleSection":["Concursos P\u00fablicos"],"inLanguage":"pt-BR","potentialAction":[{"@type":"CommentAction","name":"Comment","target":["https:\/\/www.pensarcursos.com.br\/blog\/e-hoje-15-11-processo-seletivo-com-200-vagas-encerra-suas-inscricoes\/#respond"]}],"copyrightYear":"2024","copyrightHolder":{"@id":"https:\/\/www.pensarcursos.com.br\/blog\/#organization"}},{"@type":"WebPage","@id":"https:\/\/www.pensarcursos.com.br\/blog\/e-hoje-15-11-processo-seletivo-com-200-vagas-encerra-suas-inscricoes\/","url":"https:\/\/www.pensarcursos.com.br\/blog\/e-hoje-15-11-processo-seletivo-com-200-vagas-encerra-suas-inscricoes\/","name":"\u00c9 HOJE (15\/11)! Processo Seletivo com 200 vagas encerra suas inscri\u00e7\u00f5es - Blog Pensar Cursos","isPartOf":{"@id":"https:\/\/www.pensarcursos.com.br\/blog\/#website"},"primaryImageOfPage":{"@id":"https:\/\/www.pensarcursos.com.br\/blog\/e-hoje-15-11-processo-seletivo-com-200-vagas-encerra-suas-inscricoes\/#primaryimage"},"image":{"@id":"https:\/\/www.pensarcursos.com.br\/blog\/e-hoje-15-11-processo-seletivo-com-200-vagas-encerra-suas-inscricoes\/#primaryimage"},"thumbnailUrl":"https:\/\/www.pensarcursos.com.br\/blog\/wp-content\/uploads\/2024\/11\/Concurso-Pub-1-2.png","datePublished":"2024-11-15T11:09:06+00:00","description":"O processo seletivo promovido pela Prefeitura, visando o preenchimento de 200 vagas para Assistente Educacional Inclusivo, chega ao seu prazo final de","breadcrumb":{"@id":"https:\/\/www.pensarcursos.com.br\/blog\/e-hoje-15-11-processo-seletivo-com-200-vagas-encerra-suas-inscricoes\/#breadcrumb"},"inLanguage":"pt-BR","potentialAction":[{"@type":"ReadAction","target":["https:\/\/www.pensarcursos.com.br\/blog\/e-hoje-15-11-processo-seletivo-com-200-vagas-encerra-suas-inscricoes\/"]}]},{"@type":"ImageObject","inLanguage":"pt-BR","@id":"https:\/\/www.pensarcursos.com.br\/blog\/e-hoje-15-11-processo-seletivo-com-200-vagas-encerra-suas-inscricoes\/#primaryimage","url":"https:\/\/www.pensarcursos.com.br\/blog\/wp-content\/uploads\/2024\/11\/Concurso-Pub-1-2.png","contentUrl":"https:\/\/www.pensarcursos.com.br\/blog\/wp-content\/uploads\/2024\/11\/Concurso-Pub-1-2.png","width":1200,"height":800,"caption":"\u00daltimas horas para se inscrever no Processo Seletivo! Imagem: Pensar Cursos"},{"@type":"BreadcrumbList","@id":"https:\/\/www.pensarcursos.com.br\/blog\/e-hoje-15-11-processo-seletivo-com-200-vagas-encerra-suas-inscricoes\/#breadcrumb","itemListElement":[{"@type":"ListItem","position":1,"name":"Home","item":"https:\/\/www.pensarcursos.com.br\/blog\/"},{"@type":"ListItem","position":2,"name":"\u00c9 HOJE (15\/11)! Processo Seletivo com 200 vagas encerra suas inscri\u00e7\u00f5es"}]},{"@type":"WebSite","@id":"https:\/\/www.pensarcursos.com.br\/blog\/#website","url":"https:\/\/www.pensarcursos.com.br\/blog\/","name":"Blog Pensar Cursos","description":"Maior Site de Cursos do Brasil","publisher":{"@id":"https:\/\/www.pensarcursos.com.br\/blog\/#organization"},"alternateName":"Blog Pensar","potentialAction":[{"@type":"SearchAction","target":{"@type":"EntryPoint","urlTemplate":"https:\/\/www.pensarcursos.com.br\/blog\/?s={search_term_string}"},"query-input":{"@type":"PropertyValueSpecification","valueRequired":true,"valueName":"search_term_string"}}],"inLanguage":"pt-BR"},{"@type":"Organization","@id":"https:\/\/www.pensarcursos.com.br\/blog\/#organization","name":"Pensar Cursos","alternateName":"Blog pensar","url":"https:\/\/www.pensarcursos.com.br\/blog\/","logo":{"@type":"ImageObject","inLanguage":"pt-BR","@id":"https:\/\/www.pensarcursos.com.br\/blog\/#\/schema\/logo\/image\/","url":"https:\/\/www.pensarcursos.com.br\/blog\/wp-content\/uploads\/2023\/11\/Nova-Logo-Pensar-Cursos-vertical.png","contentUrl":"https:\/\/www.pensarcursos.com.br\/blog\/wp-content\/uploads\/2023\/11\/Nova-Logo-Pensar-Cursos-vertical.png","width":1393,"height":1001,"caption":"Pensar Cursos"},"image":{"@id":"https:\/\/www.pensarcursos.com.br\/blog\/#\/schema\/logo\/image\/"},"sameAs":["https:\/\/www.facebook.com\/pensarcursos\/","https:\/\/instagram.com.br\/pensarcursos"],"description":"Pensar Cursos \u00e9 uma empresa especializada em oferecer cursos de alta qualidade voltados para o desenvolvimento profissional e acad\u00eamico. Com uma ampla gama de op\u00e7\u00f5es de treinamento, oferecemos conte\u00fados atualizados, ministrados por especialistas da \u00e1rea, para capacitar indiv\u00edduos e equipes a atingirem seus objetivos. Nossa miss\u00e3o \u00e9 proporcionar uma educa\u00e7\u00e3o transformadora, acess\u00edvel e personalizada para cada aluno, seja em cursos presenciais ou online. Com uma abordagem inovadora, buscamos adaptar os nossos programas de ensino \u00e0s necessidades do mercado, criando solu\u00e7\u00f5es que atendem aos desafios e exig\u00eancias do mundo corporativo e acad\u00eamico. Nossos cursos incluem desde forma\u00e7\u00f5es t\u00e9cnicas at\u00e9 habilidades essenciais, como lideran\u00e7a, gest\u00e3o e desenvolvimento pessoal.","email":"contato@pensarcursos.com.br","legalName":"Sena Servi\u00e7os de Informa\u00e7\u00e3o Online LTDA","foundingDate":"2013-04-18","vatID":"17956217000172","numberOfEmployees":{"@type":"QuantitativeValue","minValue":"11","maxValue":"50"},"publishingPrinciples":"https:\/\/www.pensarcursos.com.br\/blog\/principios-de-publicacao\/","ownershipFundingInfo":"https:\/\/www.pensarcursos.com.br\/blog\/informacoes-de-propriedade-financiamento\/","actionableFeedbackPolicy":"https:\/\/www.pensarcursos.com.br\/blog\/politica-de-feedback-acionavel\/","correctionsPolicy":"https:\/\/www.pensarcursos.com.br\/blog\/politica-de-correcoes\/","ethicsPolicy":"https:\/\/www.pensarcursos.com.br\/blog\/politica-de-etica\/"},{"@type":"Person","@id":"https:\/\/www.pensarcursos.com.br\/blog\/#\/schema\/person\/376c48e3b507a6a35670b83640abbc15","name":"Lara Lorrane","image":{"@type":"ImageObject","inLanguage":"pt-BR","@id":"https:\/\/secure.gravatar.com\/avatar\/6f99ca37a376ca617f201a1d9a56d0f6b3da26743246f75561ea942f26ef9275?s=96&d=mm&r=g","url":"https:\/\/secure.gravatar.com\/avatar\/6f99ca37a376ca617f201a1d9a56d0f6b3da26743246f75561ea942f26ef9275?s=96&d=mm&r=g","contentUrl":"https:\/\/secure.gravatar.com\/avatar\/6f99ca37a376ca617f201a1d9a56d0f6b3da26743246f75561ea942f26ef9275?s=96&d=mm&r=g","caption":"Lara Lorrane"},"description":"Graduada em Pedagogia e especialista de conte\u00fados relacionados a empregos e concursos do grupo Sena Online. Atua como revisora e pautista.","sameAs":["https:\/\/www.linkedin.com\/in\/laralorrane16\/"],"url":"https:\/\/www.pensarcursos.com.br\/blog\/author\/lara2\/"}]}},"_links":{"self":[{"href":"https:\/\/www.pensarcursos.com.br\/blog\/wp-json\/wp\/v2\/posts\/77479","targetHints":{"allow":["GET"]}}],"collection":[{"href":"https:\/\/www.pensarcursos.com.br\/blog\/wp-json\/wp\/v2\/posts"}],"about":[{"href":"https:\/\/www.pensarcursos.com.br\/blog\/wp-json\/wp\/v2\/types\/post"}],"author":[{"embeddable":true,"href":"https:\/\/www.pensarcursos.com.br\/blog\/wp-json\/wp\/v2\/users\/40"}],"replies":[{"embeddable":true,"href":"https:\/\/www.pensarcursos.com.br\/blog\/wp-json\/wp\/v2\/comments?post=77479"}],"version-history":[{"count":0,"href":"https:\/\/www.pensarcursos.com.br\/blog\/wp-json\/wp\/v2\/posts\/77479\/revisions"}],"wp:featuredmedia":[{"embeddable":true,"href":"https:\/\/www.pensarcursos.com.br\/blog\/wp-json\/wp\/v2\/media\/77500"}],"wp:attachment":[{"href":"https:\/\/www.pensarcursos.com.br\/blog\/wp-json\/wp\/v2\/media?parent=77479"}],"wp:term":[{"taxonomy":"category","embeddable":true,"href":"https:\/\/www.pensarcursos.com.br\/blog\/wp-json\/wp\/v2\/categories?post=77479"},{"taxonomy":"post_tag","embeddable":true,"href":"https:\/\/www.pensarcursos.com.br\/blog\/wp-json\/wp\/v2\/tags?post=77479"}],"curies":[{"name":"wp","href":"https:\/\/api.w.org\/{rel}","templated":true}]}}