{"id":77232,"date":"2024-11-08T15:09:00","date_gmt":"2024-11-08T18:09:00","guid":{"rendered":"https:\/\/www.pensarcursos.com.br\/blog\/?p=77232"},"modified":"2024-11-08T06:14:57","modified_gmt":"2024-11-08T09:14:57","slug":"icmbio-publica-novo-edital-de-processo-seletivo-inscricoes-em-breve","status":"publish","type":"post","link":"https:\/\/www.pensarcursos.com.br\/blog\/icmbio-publica-novo-edital-de-processo-seletivo-inscricoes-em-breve\/","title":{"rendered":"ICMBio publica NOVO edital de processo seletivo &#8211; Inscri\u00e7\u00f5es em breve!"},"content":{"rendered":"<div class=\"flex-shrink-0 flex flex-col relative items-end\">\n<div>\n<div class=\"pt-0\">\n<div class=\"gizmo-bot-avatar flex h-8 w-8 items-center justify-center overflow-hidden rounded-full\"><\/div>\n<\/div>\n<\/div>\n<\/div>\n<div class=\"group\/conversation-turn relative flex w-full min-w-0 flex-col agent-turn\">\n<div class=\"flex-col gap-1 md:gap-3\">\n<div class=\"flex max-w-full flex-col flex-grow\">\n<div class=\"min-h-8 text-message flex w-full flex-col items-end gap-2 whitespace-normal break-words [.text-message+&amp;]:mt-5\" dir=\"auto\" data-message-author-role=\"assistant\" data-message-id=\"dc60afdc-3252-445b-913a-77c002bb8693\" data-message-model-slug=\"gpt-4o\">\n<div class=\"flex w-full flex-col gap-1 empty:hidden first:pt-[3px]\">\n<div class=\"markdown prose w-full break-words dark:prose-invert light\">\n<p>O Instituto Chico Mendes de Conserva\u00e7\u00e3o da Biodiversidade (ICMBio) anunciou um novo edital de processo seletivo simplificado. A sele\u00e7\u00e3o visa contratar agentes tempor\u00e1rios ambientais para atuar na gest\u00e3o de unidades de conserva\u00e7\u00e3o. Esta \u00e9 uma oportunidade para quem deseja trabalhar diretamente com a preserva\u00e7\u00e3o ambiental em uma das \u00e1reas mais ricas em biodiversidade do Brasil. Confira os principais detalhes do edital, os requisitos e as datas de inscri\u00e7\u00e3o para participar.<\/p>\n<h2>Vagas e local de trabalho<\/h2>\n<p>O edital especifica a abertura de duas <a href=\"https:\/\/www.pensarcursos.com.br\/blog\/icmbio-abre-inscricoes-para-o-novo-processo-seletivo-salarios-beneficios\/\">vagas<\/a> para o cargo de agente tempor\u00e1rio ambiental, n\u00edvel I, na \u00e1rea tem\u00e1tica de Gest\u00e3o de Unidade de Conserva\u00e7\u00e3o. Os aprovados atuar\u00e3o na Base de Apoio do Parque Nacional (PARNA) do Alto Cariri, localizada em Monte Alegre, Bahia. O contrato tem dura\u00e7\u00e3o de 24 meses, com a possibilidade de renova\u00e7\u00e3o conforme a necessidade da administra\u00e7\u00e3o.<\/p>\n<p>Al\u00e9m das duas vagas dispon\u00edveis, o edital prev\u00ea a forma\u00e7\u00e3o de um cadastro reserva com at\u00e9 seis vezes o n\u00famero de vagas iniciais. Isso significa que, mesmo que todas as vagas sejam preenchidas, ainda existe a possibilidade de chamada futura dos demais candidatos aprovados, caso novas oportunidades surjam.<\/p>\n<h2>Requisitos e remunera\u00e7\u00e3o<\/h2>\n<p>Para se candidatar, \u00e9 necess\u00e1rio ter ensino fundamental incompleto, conforme descrito no edital. Os aprovados receber\u00e3o uma remunera\u00e7\u00e3o mensal equivalente a um sal\u00e1rio m\u00ednimo (R$ 1.412,00), al\u00e9m de aux\u00edlios legais, que podem incluir benef\u00edcios adicionais estabelecidos pelo ICMBio.<\/p>\n<p>Entre os requisitos, os candidatos tamb\u00e9m devem estar dispon\u00edveis para viagens a trabalho, caso necess\u00e1rio, e declarar essa disponibilidade no ato da inscri\u00e7\u00e3o. A experi\u00eancia pr\u00e9via em fun\u00e7\u00f5es similares ou em unidades de conserva\u00e7\u00e3o tamb\u00e9m pode ser um diferencial na etapa de an\u00e1lise curricular.<\/p>\n<h2>Principais atividades do cargo<\/h2>\n<p>Os agentes tempor\u00e1rios ambientais ter\u00e3o responsabilidades espec\u00edficas relacionadas \u00e0 gest\u00e3o e conserva\u00e7\u00e3o ambiental. Entre as principais atividades, incluem-se:<\/p>\n<ul>\n<li><strong>Monitoramento patrimonial:<\/strong> Esse trabalho envolve a observa\u00e7\u00e3o de bens e pessoas, garantindo a seguran\u00e7a do patrim\u00f4nio p\u00fablico. Em caso de incidentes, o agente deve comunicar imediatamente \u00e0 chefia respons\u00e1vel.<\/li>\n<li><strong>Apoio administrativo e operacional:<\/strong> Os agentes tamb\u00e9m atuar\u00e3o como suporte em atividades administrativas e operacionais, ajudando os t\u00e9cnicos e analistas no desenvolvimento das tarefas di\u00e1rias.<\/li>\n<li><strong>Atendimento ao p\u00fablico:<\/strong> O agente dever\u00e1 realizar o controle de acesso e recep\u00e7\u00e3o dos visitantes da unidade de conserva\u00e7\u00e3o, garantindo um atendimento de qualidade.<\/li>\n<li><strong>Outras atividades:<\/strong> A fun\u00e7\u00e3o pode incluir tarefas auxiliares, como organiza\u00e7\u00e3o de documentos e verifica\u00e7\u00e3o de correspond\u00eancias para encaminhamento interno.<\/li>\n<\/ul>\n<figure id=\"attachment_77234\" aria-describedby=\"caption-attachment-77234\" style=\"width: 702px\" class=\"wp-caption aligncenter\"><img decoding=\"async\" class=\"wp-image-77234 \" title=\"Concurso\" src=\"https:\/\/www.pensarcursos.com.br\/blog\/wp-content\/uploads\/2024\/11\/Concurso3-5-1024x683.jpg\" alt=\"O processo seletivo do ICMBio conta com duas etapas principais: an\u00e1lise curricular e entrevista.\" width=\"702\" height=\"468\" srcset=\"https:\/\/www.pensarcursos.com.br\/blog\/wp-content\/uploads\/2024\/11\/Concurso3-5-1024x683.jpg 1024w, https:\/\/www.pensarcursos.com.br\/blog\/wp-content\/uploads\/2024\/11\/Concurso3-5-300x200.jpg 300w, https:\/\/www.pensarcursos.com.br\/blog\/wp-content\/uploads\/2024\/11\/Concurso3-5-768x512.jpg 768w, https:\/\/www.pensarcursos.com.br\/blog\/wp-content\/uploads\/2024\/11\/Concurso3-5.jpg 1380w\" sizes=\"(max-width: 702px) 100vw, 702px\" \/><figcaption id=\"caption-attachment-77234\" class=\"wp-caption-text\">O processo seletivo do ICMBio conta com duas etapas principais: an\u00e1lise curricular e entrevista. Imagem: Freepik<\/figcaption><\/figure>\n<h2>Como se inscrever no processo seletivo?<\/h2>\n<p>Para participar, os candidatos devem realizar a inscri\u00e7\u00e3o de forma presencial na Base de Apoio do PARNA do Alto Cariri, em Monte Alegre, Bahia. As inscri\u00e7\u00f5es estar\u00e3o abertas<strong> nos dias 13 e 14 de novembro de 2024<\/strong>, das 8h \u00e0s 12h e das 13h \u00e0s 17h. O endere\u00e7o para inscri\u00e7\u00e3o presencial \u00e9 Rua Raul Batista, 175, Povoado de Monte Alegre, Guaratinga\/BA.<\/p>\n<p>Al\u00e9m da op\u00e7\u00e3o presencial, o edital permite a inscri\u00e7\u00e3o via e-mail. Para isso, os candidatos devem enviar a documenta\u00e7\u00e3o solicitada para o e-mail: <a rel=\"noopener\">parna_altocariri@icmbio.gov.br<\/a>. \u00c9 importante que toda a documenta\u00e7\u00e3o esteja completa, pois a aus\u00eancia de algum documento pode resultar na desclassifica\u00e7\u00e3o do candidato.<\/p>\n<h2>Etapas do processo seletivo<\/h2>\n<p>O <a href=\"https:\/\/www.pensarcursos.com.br\/blog\/e-amanha-processo-seletivo-do-icmbio-abre-inscricoes-nesta-quinta-07-11\/\">processo seletivo<\/a> do ICMBio conta com duas etapas principais:<\/p>\n<ol>\n<li><strong>An\u00e1lise Curricular<\/strong> &#8211; Nesta primeira fase, o ICMBio avaliar\u00e1 os crit\u00e9rios como cursos, experi\u00eancia profissional e forma\u00e7\u00e3o acad\u00eamica dos candidatos. O objetivo \u00e9 selecionar os candidatos com maior afinidade com as fun\u00e7\u00f5es do cargo.<\/li>\n<li><strong>Entrevista<\/strong> &#8211; Os candidatos aprovados na an\u00e1lise curricular passar\u00e3o por uma entrevista. Esta etapa serve para avaliar aspectos al\u00e9m do curr\u00edculo, como habilidades de comunica\u00e7\u00e3o e alinhamento com as atividades da fun\u00e7\u00e3o. A entrevista poder\u00e1 ser realizada presencialmente ou em formato virtual, conforme cronograma divulgado pelo ICMBio.<\/li>\n<\/ol>\n<h2>Documentos necess\u00e1rios<\/h2>\n<p>No ato da inscri\u00e7\u00e3o, os candidatos devem apresentar uma s\u00e9rie de documentos, como identidade, CPF, comprovante de escolaridade e certid\u00f5es de antecedentes criminais. Os documentos originais devem ser levados para confer\u00eancia, e c\u00f3pias devem ser entregues. No caso de inscri\u00e7\u00e3o por e-mail, os documentos originais devem ser apresentados no momento da contrata\u00e7\u00e3o.<\/p>\n<p>Entre os documentos obrigat\u00f3rios, incluem-se:<\/p>\n<ul>\n<li>Identidade (RG) e CPF;<\/li>\n<li>Comprovante de resid\u00eancia;<\/li>\n<li>Certid\u00e3o de antecedentes criminais;<\/li>\n<li>Atestado m\u00e9dico comprovando a aptid\u00e3o f\u00edsica para o trabalho.<\/li>\n<\/ul>\n<h2>Resultados e validade do processo<\/h2>\n<p>O ICMBio divulgar\u00e1 todos os resultados na Base de Apoio do PARNA do Alto Cariri, bem como no site oficial do instituto. A previs\u00e3o \u00e9 que o resultado final seja anunciado em 10 de dezembro de 2024, com convoca\u00e7\u00f5es e assinatura de contratos at\u00e9 o dia 15 de dezembro de 2024.<\/p>\n<p>O <a href=\"https:\/\/www.pensarcursos.com.br\/blog\/icmbio-abre-inscricoes-para-o-novo-processo-seletivo-salarios-beneficios\/\">processo seletivo<\/a> ter\u00e1 validade de um ano, com a possibilidade de prorroga\u00e7\u00e3o por mais 12 meses, dependendo da conveni\u00eancia administrativa de acordo com o <a href=\"https:\/\/www.pensarcursos.com.br\/blog\/wp-content\/uploads\/2024\/11\/edital-icmbio-1.pdf\" target=\"_blank\" rel=\"noopener\">edital<\/a>.<\/p>\n<\/div>\n<\/div>\n<\/div>\n<\/div>\n<\/div>\n<\/div>\n","protected":false},"excerpt":{"rendered":"<p>O Instituto Chico Mendes de Conserva\u00e7\u00e3o da Biodiversidade (ICMBio) anunciou um novo edital de processo seletivo simplificado. A sele\u00e7\u00e3o visa contratar agentes tempor\u00e1rios ambientais para atuar na gest\u00e3o de unidades de conserva\u00e7\u00e3o. Esta \u00e9 uma oportunidade para quem deseja trabalhar diretamente com a preserva\u00e7\u00e3o ambiental em uma das \u00e1reas mais ricas em biodiversidade do Brasil. [&hellip;]<\/p>\n","protected":false},"author":17,"featured_media":73628,"comment_status":"open","ping_status":"closed","sticky":false,"template":"","format":"standard","meta":{"jnews-multi-image_gallery":[],"jnews_single_post":[],"jnews_primary_category":[],"jnews_social_meta":[],"jnews_override_counter":[],"footnotes":""},"categories":[29],"tags":[22437,22436,22435],"class_list":["post-77232","post","type-post","status-publish","format-standard","has-post-thumbnail","hentry","category-concursos","tag-edital-processo-seletivo-icmbio-monte-alegre","tag-inscricoes-processo-seletivo-icmbio-monte-alegre","tag-processo-seletivo-icmbio-monte-alegre"],"yoast_head":"<!-- This site is optimized with the Yoast SEO Premium plugin v27.4 (Yoast SEO v27.4) - https:\/\/yoast.com\/product\/yoast-seo-premium-wordpress\/ -->\n<title>ICMBio publica NOVO edital de processo seletivo - Inscri\u00e7\u00f5es em breve! - Blog Pensar Cursos<\/title>\n<meta name=\"description\" content=\"O Instituto Chico Mendes de Conserva\u00e7\u00e3o da Biodiversidade (ICMBio) anunciou um novo edital de processo seletivo simplificado. A sele\u00e7\u00e3o visa contratar\" \/>\n<meta name=\"robots\" content=\"index, follow, max-snippet:-1, max-image-preview:large, max-video-preview:-1\" \/>\n<link rel=\"canonical\" href=\"https:\/\/www.pensarcursos.com.br\/blog\/icmbio-publica-novo-edital-de-processo-seletivo-inscricoes-em-breve\/\" \/>\n<meta property=\"og:locale\" content=\"pt_BR\" \/>\n<meta property=\"og:type\" content=\"article\" \/>\n<meta property=\"og:title\" content=\"ICMBio publica NOVO edital de processo seletivo - Inscri\u00e7\u00f5es em breve!\" \/>\n<meta property=\"og:description\" content=\"O Instituto Chico Mendes de Conserva\u00e7\u00e3o da Biodiversidade (ICMBio) anunciou um novo edital de processo seletivo simplificado. A sele\u00e7\u00e3o visa contratar\" \/>\n<meta property=\"og:url\" content=\"https:\/\/www.pensarcursos.com.br\/blog\/icmbio-publica-novo-edital-de-processo-seletivo-inscricoes-em-breve\/\" \/>\n<meta property=\"og:site_name\" content=\"Blog Pensar Cursos\" \/>\n<meta property=\"article:publisher\" content=\"https:\/\/www.facebook.com\/pensarcursos\/\" \/>\n<meta property=\"article:author\" content=\"https:\/\/www.facebook.com\/profile.php?id=61550018262414\" \/>\n<meta property=\"article:published_time\" content=\"2024-11-08T18:09:00+00:00\" \/>\n<meta property=\"og:image\" content=\"https:\/\/www.pensarcursos.com.br\/blog\/wp-content\/uploads\/2024\/10\/icmbio.png\" \/>\n\t<meta property=\"og:image:width\" content=\"1269\" \/>\n\t<meta property=\"og:image:height\" content=\"800\" \/>\n\t<meta property=\"og:image:type\" content=\"image\/png\" \/>\n<meta name=\"author\" content=\"Gorete Costa\" \/>\n<meta name=\"twitter:card\" content=\"summary_large_image\" \/>\n<meta name=\"twitter:label1\" content=\"Escrito por\" \/>\n\t<meta name=\"twitter:data1\" content=\"Gorete Costa\" \/>\n\t<meta name=\"twitter:label2\" content=\"Est. tempo de leitura\" \/>\n\t<meta name=\"twitter:data2\" content=\"4 minutos\" \/>\n<!-- \/ Yoast SEO Premium plugin. -->","yoast_head_json":{"title":"ICMBio publica NOVO edital de processo seletivo - Inscri\u00e7\u00f5es em breve! - Blog Pensar Cursos","description":"O Instituto Chico Mendes de Conserva\u00e7\u00e3o da Biodiversidade (ICMBio) anunciou um novo edital de processo seletivo simplificado. A sele\u00e7\u00e3o visa contratar","robots":{"index":"index","follow":"follow","max-snippet":"max-snippet:-1","max-image-preview":"max-image-preview:large","max-video-preview":"max-video-preview:-1"},"canonical":"https:\/\/www.pensarcursos.com.br\/blog\/icmbio-publica-novo-edital-de-processo-seletivo-inscricoes-em-breve\/","og_locale":"pt_BR","og_type":"article","og_title":"ICMBio publica NOVO edital de processo seletivo - Inscri\u00e7\u00f5es em breve!","og_description":"O Instituto Chico Mendes de Conserva\u00e7\u00e3o da Biodiversidade (ICMBio) anunciou um novo edital de processo seletivo simplificado. A sele\u00e7\u00e3o visa contratar","og_url":"https:\/\/www.pensarcursos.com.br\/blog\/icmbio-publica-novo-edital-de-processo-seletivo-inscricoes-em-breve\/","og_site_name":"Blog Pensar Cursos","article_publisher":"https:\/\/www.facebook.com\/pensarcursos\/","article_author":"https:\/\/www.facebook.com\/profile.php?id=61550018262414","article_published_time":"2024-11-08T18:09:00+00:00","og_image":[{"width":1269,"height":800,"url":"https:\/\/www.pensarcursos.com.br\/blog\/wp-content\/uploads\/2024\/10\/icmbio.png","type":"image\/png"}],"author":"Gorete Costa","twitter_card":"summary_large_image","twitter_misc":{"Escrito por":"Gorete Costa","Est. tempo de leitura":"4 minutos"},"schema":{"@context":"https:\/\/schema.org","@graph":[{"@type":["Article","BlogPosting"],"@id":"https:\/\/www.pensarcursos.com.br\/blog\/icmbio-publica-novo-edital-de-processo-seletivo-inscricoes-em-breve\/#article","isPartOf":{"@id":"https:\/\/www.pensarcursos.com.br\/blog\/icmbio-publica-novo-edital-de-processo-seletivo-inscricoes-em-breve\/"},"author":{"name":"Gorete Costa","@id":"https:\/\/www.pensarcursos.com.br\/blog\/#\/schema\/person\/e133b19d62595d6ab0c12f3e5436a7bb"},"headline":"ICMBio publica NOVO edital de processo seletivo &#8211; Inscri\u00e7\u00f5es em breve!","datePublished":"2024-11-08T18:09:00+00:00","mainEntityOfPage":{"@id":"https:\/\/www.pensarcursos.com.br\/blog\/icmbio-publica-novo-edital-de-processo-seletivo-inscricoes-em-breve\/"},"wordCount":880,"commentCount":0,"publisher":{"@id":"https:\/\/www.pensarcursos.com.br\/blog\/#organization"},"image":{"@id":"https:\/\/www.pensarcursos.com.br\/blog\/icmbio-publica-novo-edital-de-processo-seletivo-inscricoes-em-breve\/#primaryimage"},"thumbnailUrl":"https:\/\/www.pensarcursos.com.br\/blog\/wp-content\/uploads\/2024\/10\/icmbio.png","keywords":["edital processo seletivo ICMBio monte alegre","inscri\u00e7\u00f5es processo seletivo ICMBio monte alegre","processo seletivo ICMBio monte alegre"],"articleSection":["Concursos P\u00fablicos"],"inLanguage":"pt-BR","potentialAction":[{"@type":"CommentAction","name":"Comment","target":["https:\/\/www.pensarcursos.com.br\/blog\/icmbio-publica-novo-edital-de-processo-seletivo-inscricoes-em-breve\/#respond"]}],"copyrightYear":"2024","copyrightHolder":{"@id":"https:\/\/www.pensarcursos.com.br\/blog\/#organization"}},{"@type":"WebPage","@id":"https:\/\/www.pensarcursos.com.br\/blog\/icmbio-publica-novo-edital-de-processo-seletivo-inscricoes-em-breve\/","url":"https:\/\/www.pensarcursos.com.br\/blog\/icmbio-publica-novo-edital-de-processo-seletivo-inscricoes-em-breve\/","name":"ICMBio publica NOVO edital de processo seletivo - Inscri\u00e7\u00f5es em breve! - Blog Pensar Cursos","isPartOf":{"@id":"https:\/\/www.pensarcursos.com.br\/blog\/#website"},"primaryImageOfPage":{"@id":"https:\/\/www.pensarcursos.com.br\/blog\/icmbio-publica-novo-edital-de-processo-seletivo-inscricoes-em-breve\/#primaryimage"},"image":{"@id":"https:\/\/www.pensarcursos.com.br\/blog\/icmbio-publica-novo-edital-de-processo-seletivo-inscricoes-em-breve\/#primaryimage"},"thumbnailUrl":"https:\/\/www.pensarcursos.com.br\/blog\/wp-content\/uploads\/2024\/10\/icmbio.png","datePublished":"2024-11-08T18:09:00+00:00","description":"O Instituto Chico Mendes de Conserva\u00e7\u00e3o da Biodiversidade (ICMBio) anunciou um novo edital de processo seletivo simplificado. A sele\u00e7\u00e3o visa contratar","breadcrumb":{"@id":"https:\/\/www.pensarcursos.com.br\/blog\/icmbio-publica-novo-edital-de-processo-seletivo-inscricoes-em-breve\/#breadcrumb"},"inLanguage":"pt-BR","potentialAction":[{"@type":"ReadAction","target":["https:\/\/www.pensarcursos.com.br\/blog\/icmbio-publica-novo-edital-de-processo-seletivo-inscricoes-em-breve\/"]}]},{"@type":"ImageObject","inLanguage":"pt-BR","@id":"https:\/\/www.pensarcursos.com.br\/blog\/icmbio-publica-novo-edital-de-processo-seletivo-inscricoes-em-breve\/#primaryimage","url":"https:\/\/www.pensarcursos.com.br\/blog\/wp-content\/uploads\/2024\/10\/icmbio.png","contentUrl":"https:\/\/www.pensarcursos.com.br\/blog\/wp-content\/uploads\/2024\/10\/icmbio.png","width":1269,"height":800,"caption":"Novo processo seletivo do ICMbio. Imagem: IcmBio"},{"@type":"BreadcrumbList","@id":"https:\/\/www.pensarcursos.com.br\/blog\/icmbio-publica-novo-edital-de-processo-seletivo-inscricoes-em-breve\/#breadcrumb","itemListElement":[{"@type":"ListItem","position":1,"name":"Home","item":"https:\/\/www.pensarcursos.com.br\/blog\/"},{"@type":"ListItem","position":2,"name":"ICMBio publica NOVO edital de processo seletivo &#8211; Inscri\u00e7\u00f5es em breve!"}]},{"@type":"WebSite","@id":"https:\/\/www.pensarcursos.com.br\/blog\/#website","url":"https:\/\/www.pensarcursos.com.br\/blog\/","name":"Blog Pensar Cursos","description":"Maior Site de Cursos do Brasil","publisher":{"@id":"https:\/\/www.pensarcursos.com.br\/blog\/#organization"},"alternateName":"Blog Pensar","potentialAction":[{"@type":"SearchAction","target":{"@type":"EntryPoint","urlTemplate":"https:\/\/www.pensarcursos.com.br\/blog\/?s={search_term_string}"},"query-input":{"@type":"PropertyValueSpecification","valueRequired":true,"valueName":"search_term_string"}}],"inLanguage":"pt-BR"},{"@type":"Organization","@id":"https:\/\/www.pensarcursos.com.br\/blog\/#organization","name":"Pensar Cursos","alternateName":"Blog pensar","url":"https:\/\/www.pensarcursos.com.br\/blog\/","logo":{"@type":"ImageObject","inLanguage":"pt-BR","@id":"https:\/\/www.pensarcursos.com.br\/blog\/#\/schema\/logo\/image\/","url":"https:\/\/www.pensarcursos.com.br\/blog\/wp-content\/uploads\/2023\/11\/Nova-Logo-Pensar-Cursos-vertical.png","contentUrl":"https:\/\/www.pensarcursos.com.br\/blog\/wp-content\/uploads\/2023\/11\/Nova-Logo-Pensar-Cursos-vertical.png","width":1393,"height":1001,"caption":"Pensar Cursos"},"image":{"@id":"https:\/\/www.pensarcursos.com.br\/blog\/#\/schema\/logo\/image\/"},"sameAs":["https:\/\/www.facebook.com\/pensarcursos\/","https:\/\/instagram.com.br\/pensarcursos"],"description":"Pensar Cursos \u00e9 uma empresa especializada em oferecer cursos de alta qualidade voltados para o desenvolvimento profissional e acad\u00eamico. Com uma ampla gama de op\u00e7\u00f5es de treinamento, oferecemos conte\u00fados atualizados, ministrados por especialistas da \u00e1rea, para capacitar indiv\u00edduos e equipes a atingirem seus objetivos. Nossa miss\u00e3o \u00e9 proporcionar uma educa\u00e7\u00e3o transformadora, acess\u00edvel e personalizada para cada aluno, seja em cursos presenciais ou online. Com uma abordagem inovadora, buscamos adaptar os nossos programas de ensino \u00e0s necessidades do mercado, criando solu\u00e7\u00f5es que atendem aos desafios e exig\u00eancias do mundo corporativo e acad\u00eamico. Nossos cursos incluem desde forma\u00e7\u00f5es t\u00e9cnicas at\u00e9 habilidades essenciais, como lideran\u00e7a, gest\u00e3o e desenvolvimento pessoal.","email":"contato@pensarcursos.com.br","legalName":"Sena Servi\u00e7os de Informa\u00e7\u00e3o Online LTDA","foundingDate":"2013-04-18","vatID":"17956217000172","numberOfEmployees":{"@type":"QuantitativeValue","minValue":"11","maxValue":"50"},"publishingPrinciples":"https:\/\/www.pensarcursos.com.br\/blog\/principios-de-publicacao\/","ownershipFundingInfo":"https:\/\/www.pensarcursos.com.br\/blog\/informacoes-de-propriedade-financiamento\/","actionableFeedbackPolicy":"https:\/\/www.pensarcursos.com.br\/blog\/politica-de-feedback-acionavel\/","correctionsPolicy":"https:\/\/www.pensarcursos.com.br\/blog\/politica-de-correcoes\/","ethicsPolicy":"https:\/\/www.pensarcursos.com.br\/blog\/politica-de-etica\/"},{"@type":"Person","@id":"https:\/\/www.pensarcursos.com.br\/blog\/#\/schema\/person\/e133b19d62595d6ab0c12f3e5436a7bb","name":"Gorete Costa","image":{"@type":"ImageObject","inLanguage":"pt-BR","@id":"https:\/\/secure.gravatar.com\/avatar\/8cb99f142e1cb1312d8c202378c20dc4f7210145acc22805481f4a3f47ce9b6f?s=96&d=mm&r=g","url":"https:\/\/secure.gravatar.com\/avatar\/8cb99f142e1cb1312d8c202378c20dc4f7210145acc22805481f4a3f47ce9b6f?s=96&d=mm&r=g","contentUrl":"https:\/\/secure.gravatar.com\/avatar\/8cb99f142e1cb1312d8c202378c20dc4f7210145acc22805481f4a3f47ce9b6f?s=96&d=mm&r=g","caption":"Gorete Costa"},"description":"Graduada em Servi\u00e7o Social pela Universidade do Norte do Paran\u00e1 (Unopar), Gorete Costa \u00e9 especialista em comunica\u00e7\u00e3o, atuando como radialista em programas jornal\u00edsticos e de entretenimento, al\u00e9m de produ\u00e7\u00e3o e revis\u00e3o de textos informativos para sites e blogs.","sameAs":["https:\/\/www.facebook.com\/profile.php?id=61550018262414"],"url":"https:\/\/www.pensarcursos.com.br\/blog\/author\/gorete\/"}]}},"_links":{"self":[{"href":"https:\/\/www.pensarcursos.com.br\/blog\/wp-json\/wp\/v2\/posts\/77232","targetHints":{"allow":["GET"]}}],"collection":[{"href":"https:\/\/www.pensarcursos.com.br\/blog\/wp-json\/wp\/v2\/posts"}],"about":[{"href":"https:\/\/www.pensarcursos.com.br\/blog\/wp-json\/wp\/v2\/types\/post"}],"author":[{"embeddable":true,"href":"https:\/\/www.pensarcursos.com.br\/blog\/wp-json\/wp\/v2\/users\/17"}],"replies":[{"embeddable":true,"href":"https:\/\/www.pensarcursos.com.br\/blog\/wp-json\/wp\/v2\/comments?post=77232"}],"version-history":[{"count":0,"href":"https:\/\/www.pensarcursos.com.br\/blog\/wp-json\/wp\/v2\/posts\/77232\/revisions"}],"wp:featuredmedia":[{"embeddable":true,"href":"https:\/\/www.pensarcursos.com.br\/blog\/wp-json\/wp\/v2\/media\/73628"}],"wp:attachment":[{"href":"https:\/\/www.pensarcursos.com.br\/blog\/wp-json\/wp\/v2\/media?parent=77232"}],"wp:term":[{"taxonomy":"category","embeddable":true,"href":"https:\/\/www.pensarcursos.com.br\/blog\/wp-json\/wp\/v2\/categories?post=77232"},{"taxonomy":"post_tag","embeddable":true,"href":"https:\/\/www.pensarcursos.com.br\/blog\/wp-json\/wp\/v2\/tags?post=77232"}],"curies":[{"name":"wp","href":"https:\/\/api.w.org\/{rel}","templated":true}]}}