{"id":75874,"date":"2024-10-29T08:09:23","date_gmt":"2024-10-29T11:09:23","guid":{"rendered":"https:\/\/www.pensarcursos.com.br\/blog\/?p=75874"},"modified":"2024-10-28T14:35:20","modified_gmt":"2024-10-28T17:35:20","slug":"auxiliar-administrativo-veja-aqui-como-se-candidatar","status":"publish","type":"post","link":"https:\/\/www.pensarcursos.com.br\/blog\/auxiliar-administrativo-veja-aqui-como-se-candidatar\/","title":{"rendered":"Vagas abertas para o Cargo de Auxiliar Administrativo &#8211; Veja AQUI como se candidatar!"},"content":{"rendered":"<p>Se voc\u00ea est\u00e1 buscando uma oportunidade de emprego como Auxiliar Administrativo, este \u00e9 o momento certo! Atualmente, essa \u00e9 uma das \u00e1reas com maior volume de contrata\u00e7\u00f5es, oferecendo diversas vagas em empresas de diferentes setores e regi\u00f5es. As oportunidades variam entre posi\u00e7\u00f5es tempor\u00e1rias, CLT, presenciais e at\u00e9 100% home office, com excelentes benef\u00edcios e possibilidades de crescimento profissional. Confira abaixo as principais vagas dispon\u00edveis, suas descri\u00e7\u00f5es e requisitos, e veja como se candidatar a cada uma delas!<\/p>\n<h2>Auxiliar Administrativo &#8211; Empresa Confidencial<\/h2>\n<p><strong>Localiza\u00e7\u00e3o<\/strong>: Osasco, SP<br \/>\n<strong>Modelo de contrata\u00e7\u00e3o<\/strong>: Tempor\u00e1rio (3 meses)<br \/>\n<strong>Turno de trabalho<\/strong>: Domingo a sexta, das 22h \u00e0s 6h<br \/>\n<strong>Faixa salarial<\/strong>: R$ 2.000 a R$ 2.300<br \/>\n<strong>Benef\u00edcios<\/strong>: Assist\u00eancia m\u00e9dica, assist\u00eancia odontol\u00f3gica, cesta b\u00e1sica, restaurante interno, seguro de vida e vale-transporte.<\/p>\n<h4>Descri\u00e7\u00e3o da Vaga<\/h4>\n<p>Essa <a href=\"https:\/\/www.pensarcursos.com.br\/blog\/concurso-correios-edital-confirmado\/\">vaga<\/a> \u00e9 para atuar como Auxiliar Administrativo em uma empresa localizada em Osasco. O profissional ser\u00e1 respons\u00e1vel por tarefas relacionadas ao controle de documentos fiscais, como an\u00e1lise de notas fiscais e organiza\u00e7\u00e3o do recebimento de produtos, al\u00e9m de registrar e acompanhar devolu\u00e7\u00f5es e programar cargas para descarga. \u00c9 essencial ter conhecimento b\u00e1sico em inform\u00e1tica e f\u00e1cil acesso \u00e0 regi\u00e3o da Raposo Tavares.<\/p>\n<h4>Requisitos<\/h4>\n<ul>\n<li>Ensino m\u00e9dio completo;<\/li>\n<li>Conhecimento b\u00e1sico em inform\u00e1tica;<\/li>\n<li>Disponibilidade para o turno noturno.<\/li>\n<\/ul>\n<p><a href=\"https:\/\/www.vagas.com.br\/vagas\/v2675328\/auxiliar-administrativo\" target=\"_blank\" rel=\"noopener\">Link<\/a> para candidatura.<\/p>\n<h2>Assistente Administrativo &#8211; Philips<\/h2>\n<p><strong>Localiza\u00e7\u00e3o<\/strong>: 100% Home Office<br \/>\n<strong>Modelo de contrata\u00e7\u00e3o<\/strong>: CLT<br \/>\n<strong>Faixa salarial<\/strong>: A combinar<\/p>\n<h4>Descri\u00e7\u00e3o da Vaga<\/h4>\n<p>A Philips oferece uma <a href=\"https:\/\/www.pensarcursos.com.br\/blog\/quer-trabalhar-em-portugal-ha-vagas-abertas-para-brasileiros-em-diversas-areas\/\">vaga<\/a> para Assistente Administrativo com atua\u00e7\u00e3o remota. O profissional ser\u00e1 respons\u00e1vel por apoiar o time de Servi\u00e7os ao Cliente, executando atividades administrativas e operacionais, como atendimento ao telefone, atualiza\u00e7\u00e3o de planilhas, prepara\u00e7\u00e3o de relat\u00f3rios e organiza\u00e7\u00e3o de documentos. O trabalho ser\u00e1 realizado em um ambiente din\u00e2mico, voltado para a inova\u00e7\u00e3o e diversidade.<\/p>\n<h4>Requisitos<\/h4>\n<ul>\n<li>Ensino superior cursando ou conclu\u00eddo;<\/li>\n<li>Experi\u00eancia com atendimento ao cliente;<\/li>\n<li>Excel intermedi\u00e1rio para constru\u00e7\u00e3o de planilhas;<\/li>\n<li>Ingl\u00eas b\u00e1sico.<\/li>\n<\/ul>\n<p><a href=\"https:\/\/www.vagas.com.br\/vagas\/v2666455\/assistente-adminstrativo\" target=\"_blank\" rel=\"noopener\">Link<\/a> para candidatura.<\/p>\n<h2>Assistente Administrativo &#8211; Frescatto<\/h2>\n<p><strong>Localiza\u00e7\u00e3o<\/strong>: Minas Gerais<br \/>\n<strong>Modelo de contrata\u00e7\u00e3o<\/strong>: CLT<br \/>\n<strong>Hor\u00e1rio<\/strong>: Segunda a sexta, das 8h12 \u00e0s 18h<br \/>\n<strong>Benef\u00edcios<\/strong>: Assist\u00eancia m\u00e9dica e odontol\u00f3gica, vale-alimenta\u00e7\u00e3o, vale-transporte, seguro de vida, desconto em produtos, participa\u00e7\u00e3o nos lucros, incentivo estudantil e b\u00f4nus anual.<\/p>\n<h4>Descri\u00e7\u00e3o da Vaga<\/h4>\n<p>A Frescatto est\u00e1 em busca de um Assistente Administrativo para apoiar nas atividades di\u00e1rias da empresa, incluindo confec\u00e7\u00e3o de relat\u00f3rios, emiss\u00e3o de notas fiscais, atendimento a fornecedores e colaboradores, organiza\u00e7\u00e3o de arquivos e controle de informa\u00e7\u00f5es. O profissional ser\u00e1 respons\u00e1vel por manter o sistema ERP atualizado e auxiliar nas rotinas administrativas.<\/p>\n<h4>Requisitos<\/h4>\n<ul>\n<li>Ensino m\u00e9dio completo;<\/li>\n<li>Experi\u00eancia em rotinas administrativas, especialmente em RH, Compras, Financeiro ou Log\u00edstica;<\/li>\n<li>Conhecimento intermedi\u00e1rio em pacote Office.<\/li>\n<\/ul>\n<h4>Diferenciais<\/h4>\n<p>A empresa oferece um pacote de benef\u00edcios, com planos de sa\u00fade e odontol\u00f3gico, incentivo para desenvolvimento profissional e diversos conv\u00eanios.<\/p>\n<p><a href=\"https:\/\/www.vagas.com.br\/vagas\/v2679956\/assistente-administrativo\" target=\"_blank\" rel=\"noopener\">Link<\/a> para candidatura.<\/p>\n<h2>Assistente Administrativo &#8211; Martinello<\/h2>\n<p><strong>Localiza\u00e7\u00e3o<\/strong>: Mato Grosso<br \/>\n<strong>Modelo de contrata\u00e7\u00e3o<\/strong>: CLT<br \/>\n<strong>Faixa salarial<\/strong>: A combinar<br \/>\n<strong>Benef\u00edcios<\/strong>: Assist\u00eancia m\u00e9dica, assist\u00eancia odontol\u00f3gica, vale-alimenta\u00e7\u00e3o, vale-transporte, seguro de vida, descontos em produtos e programa de treinamentos.<\/p>\n<h4>Descri\u00e7\u00e3o da Vaga<\/h4>\n<p>A Martinello, maior empresa de varejo do Mato Grosso, est\u00e1 contratando um Assistente Administrativo para realizar tarefas administrativas cotidianas, como atendimento a clientes, digita\u00e7\u00e3o de documentos, organiza\u00e7\u00e3o de arquivos e controle de materiais. O profissional tamb\u00e9m ser\u00e1 respons\u00e1vel por acompanhar processos administrativos e realizar servi\u00e7os de apoio nas \u00e1reas de recursos humanos, finan\u00e7as e log\u00edstica.<\/p>\n<h4>Requisitos<\/h4>\n<ul>\n<li>Conhecimento em pacote Office;<\/li>\n<li>Ensino m\u00e9dio completo.<\/li>\n<\/ul>\n<h4>Diferenciais<\/h4>\n<p>A empresa oferece treinamento cont\u00ednuo e oportunidades de crescimento. Ideal para quem deseja trabalhar em uma grande empresa do setor varejista.<\/p>\n<p><a href=\"https:\/\/www.vagas.com.br\/vagas\/v2680948\/assistente-administrativo\" target=\"_blank\" rel=\"noopener\">Link<\/a> para candidatura.<\/p>\n<figure id=\"attachment_75877\" aria-describedby=\"caption-attachment-75877\" style=\"width: 728px\" class=\"wp-caption aligncenter\"><img decoding=\"async\" class=\"wp-image-75877\" src=\"https:\/\/www.pensarcursos.com.br\/blog\/wp-content\/uploads\/2024\/10\/2148170984-1024x683.jpg\" alt=\"Veja detalhes de cada uma das vagas.\" width=\"728\" height=\"485\" srcset=\"https:\/\/www.pensarcursos.com.br\/blog\/wp-content\/uploads\/2024\/10\/2148170984-1024x683.jpg 1024w, https:\/\/www.pensarcursos.com.br\/blog\/wp-content\/uploads\/2024\/10\/2148170984-300x200.jpg 300w, https:\/\/www.pensarcursos.com.br\/blog\/wp-content\/uploads\/2024\/10\/2148170984-768x512.jpg 768w, https:\/\/www.pensarcursos.com.br\/blog\/wp-content\/uploads\/2024\/10\/2148170984.jpg 1500w\" sizes=\"(max-width: 728px) 100vw, 728px\" \/><figcaption id=\"caption-attachment-75877\" class=\"wp-caption-text\">Veja detalhes de cada uma das vagas. Imagem: Freepik<\/figcaption><\/figure>\n<h2>Auxiliar Administrativo &#8211; Hospital do Rocio<\/h2>\n<p><strong>Localiza\u00e7\u00e3o<\/strong>: Paran\u00e1<br \/>\n<strong>Modelo de contrata\u00e7\u00e3o<\/strong>: CLT<br \/>\n<strong>Faixa salarial<\/strong>: A combinar<br \/>\n<strong>Benef\u00edcios<\/strong>: Assist\u00eancia m\u00e9dica, assist\u00eancia odontol\u00f3gica, vale-alimenta\u00e7\u00e3o, vale-transporte, biciclet\u00e1rio, caf\u00e9 da manh\u00e3, conv\u00eanios diversos.<\/p>\n<h4>Descri\u00e7\u00e3o da Vaga<\/h4>\n<p>O Hospital do Rocio est\u00e1 com 30 <a href=\"https:\/\/www.pensarcursos.com.br\/blog\/vagas-abertas-para-o-cargo-de-vigilante-iniciais-de-ate-r-29-mil-beneficios\/\">vagas abertas<\/a> para Auxiliar Administrativo, buscando profissionais que possam contribuir com a organiza\u00e7\u00e3o e suporte administrativo da institui\u00e7\u00e3o. As atividades incluem organiza\u00e7\u00e3o de documentos, atendimento telef\u00f4nico, elabora\u00e7\u00e3o de relat\u00f3rios e outras tarefas administrativas.<\/p>\n<h4>Requisitos<\/h4>\n<ul>\n<li>Ensino m\u00e9dio completo;<\/li>\n<li>Experi\u00eancia em fun\u00e7\u00f5es administrativas \u00e9 uma vantagem;<\/li>\n<li>Preferencialmente com experi\u00eancia pr\u00e9via em hospital.<\/li>\n<\/ul>\n<h4>Diferenciais<\/h4>\n<p>Trabalhar em uma das maiores institui\u00e7\u00f5es de sa\u00fade da Am\u00e9rica Latina oferece uma experi\u00eancia enriquecedora, especialmente para quem busca carreira na \u00e1rea hospitalar.<\/p>\n<p><a href=\"https:\/\/www.vagas.com.br\/vagas\/v2656427\/auxiliar-administrativo\" target=\"_blank\" rel=\"noopener\">Link<\/a> para candidatura.<\/p>\n<h2>Auxiliar Administrativo &#8211; Ages<\/h2>\n<p><strong>Localiza\u00e7\u00e3o<\/strong>: Bahia<br \/>\n<strong>Modelo de contrata\u00e7\u00e3o<\/strong>: CLT<br \/>\n<strong>Hor\u00e1rio<\/strong>: Segunda a sexta, das 8h \u00e0s 17h, com s\u00e1bado das 8h \u00e0s 12h<br \/>\n<strong>Benef\u00edcios<\/strong>: Bolsas de estudo, programa de bem-estar, Gympass, e benef\u00edcios voltados para qualidade de vida.<\/p>\n<h4>Descri\u00e7\u00e3o da Vaga<\/h4>\n<p>A Ages, parte do Ecossistema \u00c2nima, busca um Auxiliar Administrativo para atuar com atendimento e suporte nas atividades do N\u00facleo de Pr\u00e1ticas Jur\u00eddicas (NPJ). O profissional realizar\u00e1 atendimentos, organiza\u00e7\u00e3o de documentos, atualiza\u00e7\u00e3o de registros e suporte a processos.<\/p>\n<h4>Requisitos<\/h4>\n<ul>\n<li>Ensino m\u00e9dio completo;<\/li>\n<li>Proatividade e comprometimento.<\/li>\n<\/ul>\n<h4>Diferenciais<\/h4>\n<p>A Ages oferece um ambiente focado no desenvolvimento educacional e bem-estar dos funcion\u00e1rios, al\u00e9m de <a href=\"https:\/\/www.pensarcursos.com.br\/blog\/vagas-de-trabalho-no-magalu-2\/\">oportunidades<\/a> de crescimento dentro do grupo.<\/p>\n<p><a href=\"https:\/\/www.vagas.com.br\/vagas\/v2661244\/auxiliar-administrativo\" target=\"_blank\" rel=\"noopener\">Link<\/a> para candidatura.<\/p>\n","protected":false},"excerpt":{"rendered":"<p>Se voc\u00ea est\u00e1 buscando uma oportunidade de emprego como Auxiliar Administrativo, este \u00e9 o momento certo! Atualmente, essa \u00e9 uma das \u00e1reas com maior volume de contrata\u00e7\u00f5es, oferecendo diversas vagas em empresas de diferentes setores e regi\u00f5es. As oportunidades variam entre posi\u00e7\u00f5es tempor\u00e1rias, CLT, presenciais e at\u00e9 100% home office, com excelentes benef\u00edcios e possibilidades [&hellip;]<\/p>\n","protected":false},"author":17,"featured_media":75875,"comment_status":"open","ping_status":"closed","sticky":false,"template":"","format":"standard","meta":{"jnews-multi-image_gallery":[],"jnews_single_post":[],"jnews_primary_category":[],"jnews_social_meta":[],"jnews_override_counter":[],"footnotes":""},"categories":[26],"tags":[22107,131,22108],"class_list":["post-75874","post","type-post","status-publish","format-standard","has-post-thumbnail","hentry","category-empregos","tag-vagas-auxiliar-administrativo","tag-vagas-de-emprego","tag-vagas-de-emprego-auxiliar-administrativo"],"yoast_head":"<!-- This site is optimized with the Yoast SEO Premium plugin v27.4 (Yoast SEO v27.4) - https:\/\/yoast.com\/product\/yoast-seo-premium-wordpress\/ -->\n<title>Vagas abertas para o Cargo de Auxiliar Administrativo - Veja AQUI como se candidatar! - Blog Pensar Cursos<\/title>\n<meta name=\"description\" content=\"Se voc\u00ea est\u00e1 buscando uma oportunidade de emprego como Auxiliar Administrativo, este \u00e9 o momento certo! Atualmente, essa \u00e9 uma das \u00e1reas com maior volume\" \/>\n<meta name=\"robots\" content=\"index, follow, max-snippet:-1, max-image-preview:large, max-video-preview:-1\" \/>\n<link rel=\"canonical\" href=\"https:\/\/www.pensarcursos.com.br\/blog\/auxiliar-administrativo-veja-aqui-como-se-candidatar\/\" \/>\n<meta property=\"og:locale\" content=\"pt_BR\" \/>\n<meta property=\"og:type\" content=\"article\" \/>\n<meta property=\"og:title\" content=\"Vagas abertas para o Cargo de Auxiliar Administrativo - Veja AQUI como se candidatar!\" \/>\n<meta property=\"og:description\" content=\"Se voc\u00ea est\u00e1 buscando uma oportunidade de emprego como Auxiliar Administrativo, este \u00e9 o momento certo! Atualmente, essa \u00e9 uma das \u00e1reas com maior volume\" \/>\n<meta property=\"og:url\" content=\"https:\/\/www.pensarcursos.com.br\/blog\/auxiliar-administrativo-veja-aqui-como-se-candidatar\/\" \/>\n<meta property=\"og:site_name\" content=\"Blog Pensar Cursos\" \/>\n<meta property=\"article:publisher\" content=\"https:\/\/www.facebook.com\/pensarcursos\/\" \/>\n<meta property=\"article:author\" content=\"https:\/\/www.facebook.com\/profile.php?id=61550018262414\" \/>\n<meta property=\"article:published_time\" content=\"2024-10-29T11:09:23+00:00\" \/>\n<meta property=\"og:image\" content=\"https:\/\/www.pensarcursos.com.br\/blog\/wp-content\/uploads\/2024\/10\/2149300643.jpg\" \/>\n\t<meta property=\"og:image:width\" content=\"1500\" \/>\n\t<meta property=\"og:image:height\" content=\"1000\" \/>\n\t<meta property=\"og:image:type\" content=\"image\/jpeg\" \/>\n<meta name=\"author\" content=\"Gorete Costa\" \/>\n<meta name=\"twitter:card\" content=\"summary_large_image\" \/>\n<meta name=\"twitter:label1\" content=\"Escrito por\" \/>\n\t<meta name=\"twitter:data1\" content=\"Gorete Costa\" \/>\n\t<meta name=\"twitter:label2\" content=\"Est. tempo de leitura\" \/>\n\t<meta name=\"twitter:data2\" content=\"5 minutos\" \/>\n<!-- \/ Yoast SEO Premium plugin. -->","yoast_head_json":{"title":"Vagas abertas para o Cargo de Auxiliar Administrativo - Veja AQUI como se candidatar! - Blog Pensar Cursos","description":"Se voc\u00ea est\u00e1 buscando uma oportunidade de emprego como Auxiliar Administrativo, este \u00e9 o momento certo! Atualmente, essa \u00e9 uma das \u00e1reas com maior volume","robots":{"index":"index","follow":"follow","max-snippet":"max-snippet:-1","max-image-preview":"max-image-preview:large","max-video-preview":"max-video-preview:-1"},"canonical":"https:\/\/www.pensarcursos.com.br\/blog\/auxiliar-administrativo-veja-aqui-como-se-candidatar\/","og_locale":"pt_BR","og_type":"article","og_title":"Vagas abertas para o Cargo de Auxiliar Administrativo - Veja AQUI como se candidatar!","og_description":"Se voc\u00ea est\u00e1 buscando uma oportunidade de emprego como Auxiliar Administrativo, este \u00e9 o momento certo! Atualmente, essa \u00e9 uma das \u00e1reas com maior volume","og_url":"https:\/\/www.pensarcursos.com.br\/blog\/auxiliar-administrativo-veja-aqui-como-se-candidatar\/","og_site_name":"Blog Pensar Cursos","article_publisher":"https:\/\/www.facebook.com\/pensarcursos\/","article_author":"https:\/\/www.facebook.com\/profile.php?id=61550018262414","article_published_time":"2024-10-29T11:09:23+00:00","og_image":[{"width":1500,"height":1000,"url":"https:\/\/www.pensarcursos.com.br\/blog\/wp-content\/uploads\/2024\/10\/2149300643.jpg","type":"image\/jpeg"}],"author":"Gorete Costa","twitter_card":"summary_large_image","twitter_misc":{"Escrito por":"Gorete Costa","Est. tempo de leitura":"5 minutos"},"schema":{"@context":"https:\/\/schema.org","@graph":[{"@type":["Article","BlogPosting"],"@id":"https:\/\/www.pensarcursos.com.br\/blog\/auxiliar-administrativo-veja-aqui-como-se-candidatar\/#article","isPartOf":{"@id":"https:\/\/www.pensarcursos.com.br\/blog\/auxiliar-administrativo-veja-aqui-como-se-candidatar\/"},"author":{"name":"Gorete Costa","@id":"https:\/\/www.pensarcursos.com.br\/blog\/#\/schema\/person\/e133b19d62595d6ab0c12f3e5436a7bb"},"headline":"Vagas abertas para o Cargo de Auxiliar Administrativo &#8211; Veja AQUI como se candidatar!","datePublished":"2024-10-29T11:09:23+00:00","mainEntityOfPage":{"@id":"https:\/\/www.pensarcursos.com.br\/blog\/auxiliar-administrativo-veja-aqui-como-se-candidatar\/"},"wordCount":940,"commentCount":0,"publisher":{"@id":"https:\/\/www.pensarcursos.com.br\/blog\/#organization"},"image":{"@id":"https:\/\/www.pensarcursos.com.br\/blog\/auxiliar-administrativo-veja-aqui-como-se-candidatar\/#primaryimage"},"thumbnailUrl":"https:\/\/www.pensarcursos.com.br\/blog\/wp-content\/uploads\/2024\/10\/2149300643.jpg","keywords":["vagas auxiliar administrativo","Vagas de emprego","vagas de emprego auxiliar administrativo"],"articleSection":["Empregos"],"inLanguage":"pt-BR","potentialAction":[{"@type":"CommentAction","name":"Comment","target":["https:\/\/www.pensarcursos.com.br\/blog\/auxiliar-administrativo-veja-aqui-como-se-candidatar\/#respond"]}],"copyrightYear":"2024","copyrightHolder":{"@id":"https:\/\/www.pensarcursos.com.br\/blog\/#organization"}},{"@type":"WebPage","@id":"https:\/\/www.pensarcursos.com.br\/blog\/auxiliar-administrativo-veja-aqui-como-se-candidatar\/","url":"https:\/\/www.pensarcursos.com.br\/blog\/auxiliar-administrativo-veja-aqui-como-se-candidatar\/","name":"Vagas abertas para o Cargo de Auxiliar Administrativo - Veja AQUI como se candidatar! - Blog Pensar Cursos","isPartOf":{"@id":"https:\/\/www.pensarcursos.com.br\/blog\/#website"},"primaryImageOfPage":{"@id":"https:\/\/www.pensarcursos.com.br\/blog\/auxiliar-administrativo-veja-aqui-como-se-candidatar\/#primaryimage"},"image":{"@id":"https:\/\/www.pensarcursos.com.br\/blog\/auxiliar-administrativo-veja-aqui-como-se-candidatar\/#primaryimage"},"thumbnailUrl":"https:\/\/www.pensarcursos.com.br\/blog\/wp-content\/uploads\/2024\/10\/2149300643.jpg","datePublished":"2024-10-29T11:09:23+00:00","description":"Se voc\u00ea est\u00e1 buscando uma oportunidade de emprego como Auxiliar Administrativo, este \u00e9 o momento certo! Atualmente, essa \u00e9 uma das \u00e1reas com maior volume","breadcrumb":{"@id":"https:\/\/www.pensarcursos.com.br\/blog\/auxiliar-administrativo-veja-aqui-como-se-candidatar\/#breadcrumb"},"inLanguage":"pt-BR","potentialAction":[{"@type":"ReadAction","target":["https:\/\/www.pensarcursos.com.br\/blog\/auxiliar-administrativo-veja-aqui-como-se-candidatar\/"]}]},{"@type":"ImageObject","inLanguage":"pt-BR","@id":"https:\/\/www.pensarcursos.com.br\/blog\/auxiliar-administrativo-veja-aqui-como-se-candidatar\/#primaryimage","url":"https:\/\/www.pensarcursos.com.br\/blog\/wp-content\/uploads\/2024\/10\/2149300643.jpg","contentUrl":"https:\/\/www.pensarcursos.com.br\/blog\/wp-content\/uploads\/2024\/10\/2149300643.jpg","width":1500,"height":1000,"caption":"H\u00e1 vagas tempor\u00e1rias, CLT, presenciais e at\u00e9 100% home office. Imagem: Freepik"},{"@type":"BreadcrumbList","@id":"https:\/\/www.pensarcursos.com.br\/blog\/auxiliar-administrativo-veja-aqui-como-se-candidatar\/#breadcrumb","itemListElement":[{"@type":"ListItem","position":1,"name":"Home","item":"https:\/\/www.pensarcursos.com.br\/blog\/"},{"@type":"ListItem","position":2,"name":"Vagas abertas para o Cargo de Auxiliar Administrativo &#8211; Veja AQUI como se candidatar!"}]},{"@type":"WebSite","@id":"https:\/\/www.pensarcursos.com.br\/blog\/#website","url":"https:\/\/www.pensarcursos.com.br\/blog\/","name":"Blog Pensar Cursos","description":"Maior Site de Cursos do Brasil","publisher":{"@id":"https:\/\/www.pensarcursos.com.br\/blog\/#organization"},"alternateName":"Blog Pensar","potentialAction":[{"@type":"SearchAction","target":{"@type":"EntryPoint","urlTemplate":"https:\/\/www.pensarcursos.com.br\/blog\/?s={search_term_string}"},"query-input":{"@type":"PropertyValueSpecification","valueRequired":true,"valueName":"search_term_string"}}],"inLanguage":"pt-BR"},{"@type":"Organization","@id":"https:\/\/www.pensarcursos.com.br\/blog\/#organization","name":"Pensar Cursos","alternateName":"Blog pensar","url":"https:\/\/www.pensarcursos.com.br\/blog\/","logo":{"@type":"ImageObject","inLanguage":"pt-BR","@id":"https:\/\/www.pensarcursos.com.br\/blog\/#\/schema\/logo\/image\/","url":"https:\/\/www.pensarcursos.com.br\/blog\/wp-content\/uploads\/2023\/11\/Nova-Logo-Pensar-Cursos-vertical.png","contentUrl":"https:\/\/www.pensarcursos.com.br\/blog\/wp-content\/uploads\/2023\/11\/Nova-Logo-Pensar-Cursos-vertical.png","width":1393,"height":1001,"caption":"Pensar Cursos"},"image":{"@id":"https:\/\/www.pensarcursos.com.br\/blog\/#\/schema\/logo\/image\/"},"sameAs":["https:\/\/www.facebook.com\/pensarcursos\/","https:\/\/instagram.com.br\/pensarcursos"],"description":"Pensar Cursos \u00e9 uma empresa especializada em oferecer cursos de alta qualidade voltados para o desenvolvimento profissional e acad\u00eamico. Com uma ampla gama de op\u00e7\u00f5es de treinamento, oferecemos conte\u00fados atualizados, ministrados por especialistas da \u00e1rea, para capacitar indiv\u00edduos e equipes a atingirem seus objetivos. Nossa miss\u00e3o \u00e9 proporcionar uma educa\u00e7\u00e3o transformadora, acess\u00edvel e personalizada para cada aluno, seja em cursos presenciais ou online. Com uma abordagem inovadora, buscamos adaptar os nossos programas de ensino \u00e0s necessidades do mercado, criando solu\u00e7\u00f5es que atendem aos desafios e exig\u00eancias do mundo corporativo e acad\u00eamico. Nossos cursos incluem desde forma\u00e7\u00f5es t\u00e9cnicas at\u00e9 habilidades essenciais, como lideran\u00e7a, gest\u00e3o e desenvolvimento pessoal.","email":"contato@pensarcursos.com.br","legalName":"Sena Servi\u00e7os de Informa\u00e7\u00e3o Online LTDA","foundingDate":"2013-04-18","vatID":"17956217000172","numberOfEmployees":{"@type":"QuantitativeValue","minValue":"11","maxValue":"50"},"publishingPrinciples":"https:\/\/www.pensarcursos.com.br\/blog\/principios-de-publicacao\/","ownershipFundingInfo":"https:\/\/www.pensarcursos.com.br\/blog\/informacoes-de-propriedade-financiamento\/","actionableFeedbackPolicy":"https:\/\/www.pensarcursos.com.br\/blog\/politica-de-feedback-acionavel\/","correctionsPolicy":"https:\/\/www.pensarcursos.com.br\/blog\/politica-de-correcoes\/","ethicsPolicy":"https:\/\/www.pensarcursos.com.br\/blog\/politica-de-etica\/"},{"@type":"Person","@id":"https:\/\/www.pensarcursos.com.br\/blog\/#\/schema\/person\/e133b19d62595d6ab0c12f3e5436a7bb","name":"Gorete Costa","image":{"@type":"ImageObject","inLanguage":"pt-BR","@id":"https:\/\/secure.gravatar.com\/avatar\/8cb99f142e1cb1312d8c202378c20dc4f7210145acc22805481f4a3f47ce9b6f?s=96&d=mm&r=g","url":"https:\/\/secure.gravatar.com\/avatar\/8cb99f142e1cb1312d8c202378c20dc4f7210145acc22805481f4a3f47ce9b6f?s=96&d=mm&r=g","contentUrl":"https:\/\/secure.gravatar.com\/avatar\/8cb99f142e1cb1312d8c202378c20dc4f7210145acc22805481f4a3f47ce9b6f?s=96&d=mm&r=g","caption":"Gorete Costa"},"description":"Graduada em Servi\u00e7o Social pela Universidade do Norte do Paran\u00e1 (Unopar), Gorete Costa \u00e9 especialista em comunica\u00e7\u00e3o, atuando como radialista em programas jornal\u00edsticos e de entretenimento, al\u00e9m de produ\u00e7\u00e3o e revis\u00e3o de textos informativos para sites e blogs.","sameAs":["https:\/\/www.facebook.com\/profile.php?id=61550018262414"],"url":"https:\/\/www.pensarcursos.com.br\/blog\/author\/gorete\/"}]}},"_links":{"self":[{"href":"https:\/\/www.pensarcursos.com.br\/blog\/wp-json\/wp\/v2\/posts\/75874","targetHints":{"allow":["GET"]}}],"collection":[{"href":"https:\/\/www.pensarcursos.com.br\/blog\/wp-json\/wp\/v2\/posts"}],"about":[{"href":"https:\/\/www.pensarcursos.com.br\/blog\/wp-json\/wp\/v2\/types\/post"}],"author":[{"embeddable":true,"href":"https:\/\/www.pensarcursos.com.br\/blog\/wp-json\/wp\/v2\/users\/17"}],"replies":[{"embeddable":true,"href":"https:\/\/www.pensarcursos.com.br\/blog\/wp-json\/wp\/v2\/comments?post=75874"}],"version-history":[{"count":0,"href":"https:\/\/www.pensarcursos.com.br\/blog\/wp-json\/wp\/v2\/posts\/75874\/revisions"}],"wp:featuredmedia":[{"embeddable":true,"href":"https:\/\/www.pensarcursos.com.br\/blog\/wp-json\/wp\/v2\/media\/75875"}],"wp:attachment":[{"href":"https:\/\/www.pensarcursos.com.br\/blog\/wp-json\/wp\/v2\/media?parent=75874"}],"wp:term":[{"taxonomy":"category","embeddable":true,"href":"https:\/\/www.pensarcursos.com.br\/blog\/wp-json\/wp\/v2\/categories?post=75874"},{"taxonomy":"post_tag","embeddable":true,"href":"https:\/\/www.pensarcursos.com.br\/blog\/wp-json\/wp\/v2\/tags?post=75874"}],"curies":[{"name":"wp","href":"https:\/\/api.w.org\/{rel}","templated":true}]}}