{"id":75772,"date":"2024-10-28T22:09:36","date_gmt":"2024-10-29T01:09:36","guid":{"rendered":"https:\/\/www.pensarcursos.com.br\/blog\/?p=75772"},"modified":"2024-10-28T07:30:27","modified_gmt":"2024-10-28T10:30:27","slug":"saiu-novo-edital-para-o-cargo-de-agente-comunitario-de-saude-publicado-inscricoes-abertas","status":"publish","type":"post","link":"https:\/\/www.pensarcursos.com.br\/blog\/saiu-novo-edital-para-o-cargo-de-agente-comunitario-de-saude-publicado-inscricoes-abertas\/","title":{"rendered":"SAIU! Novo edital para o cargo de Agente Comunit\u00e1rio de Sa\u00fade publicado &#8211; Inscri\u00e7\u00f5es abertas!"},"content":{"rendered":"<p>A prefeitura municipal lan\u00e7ou um concurso para preencher <strong>130 vagas em diversas \u00e1reas<\/strong>, atendendo a diferentes n\u00edveis de escolaridade. As oportunidades abrangem cargos de n\u00edveis fundamental, m\u00e9dio e superior, oferecendo boas chances para quem deseja ingressar no servi\u00e7o p\u00fablico municipal. Veja a seguir os detalhes sobre os cargos dispon\u00edveis, requisitos, etapas do processo seletivo e outras informa\u00e7\u00f5es importantes para os candidatos.<\/p>\n<h2>Cargo de Agente Comunit\u00e1rio de Sa\u00fade<\/h2>\n<p>O <a href=\"https:\/\/www.pensarcursos.com.br\/blog\/concurso-oferta-65-vagas-para-agente-de-combate-as-endemias-e-de-saude\/\">concurso<\/a> visa preencher vagas em v\u00e1rias fun\u00e7\u00f5es, sendo o cargo de Agente Comunit\u00e1rio de Sa\u00fade um dos destaques, com tr\u00eas vagas dispon\u00edveis. As oportunidades est\u00e3o distribu\u00eddas da seguinte forma:<\/p>\n<ul>\n<li><strong>Micro\u00e1rea 4 \u2013 Zona Rural<\/strong>: Barreiras, Cotovelo, Espera, Malhadinha, Passagem, Po\u00e7o de Pedra, Porteira, Riacho do Serrote e Tamandu\u00e1.<\/li>\n<li><strong>Micro\u00e1rea 5 \u2013 Zona Rural<\/strong>: S\u00edtios como Alagamar, Baixio, Campinhos, Capim, Lagoa do Cotovelo, entre outros.<\/li>\n<li><strong>Micro\u00e1rea 10 \u2013 Zona Urbana<\/strong>: \u00c1reas como Ant\u00f4nio Ferreira, Conjunto Raimundo Barreto, e outros bairros.<\/li>\n<\/ul>\n<h3>Requisitos para o cargo de Agente Comunit\u00e1rio de Sa\u00fade<\/h3>\n<p>Para se candidatar \u00e0 fun\u00e7\u00e3o de <a href=\"https:\/\/www.pensarcursos.com.br\/blog\/concursos-para-agente-comunitario-de-saude\/\">Agente Comunit\u00e1rio de Sa\u00fade<\/a>, o interessado deve atender a alguns requisitos espec\u00edficos:<\/p>\n<ul>\n<li>Ensino M\u00e9dio Completo: A escolaridade m\u00ednima exigida \u00e9 o n\u00edvel m\u00e9dio completo.<\/li>\n<li>Resid\u00eancia na \u00c1rea de Atua\u00e7\u00e3o: O candidato deve residir na \u00e1rea onde pretende trabalhar desde a data de publica\u00e7\u00e3o do edital.<\/li>\n<li>Curso de Agente Comunit\u00e1rio de Sa\u00fade: \u00c9 necess\u00e1rio possuir um curso de forma\u00e7\u00e3o para Agente Comunit\u00e1rio de Sa\u00fade, com certifica\u00e7\u00e3o v\u00e1lida.<\/li>\n<\/ul>\n<h3>Sal\u00e1rio e jornada de trabalho<\/h3>\n<p>O cargo de Agente Comunit\u00e1rio de Sa\u00fade oferece uma remunera\u00e7\u00e3o inicial de <strong>R$ 2.824,00<\/strong>, com uma jornada semanal de 40 horas. Os profissionais aprovados atuar\u00e3o em suas respectivas \u00e1reas, garantindo o atendimento e o suporte necess\u00e1rio \u00e0s comunidades designadas.<\/p>\n<h2>Outro cargos e vagas dispon\u00edveis<\/h2>\n<p>Al\u00e9m disso, o <a href=\"https:\/\/www.pensarcursos.com.br\/blog\/wp-content\/uploads\/2024\/10\/edital-nova-p.pdf\" target=\"_blank\" rel=\"noopener\">edital<\/a>\u00a0oferece vagas para outros cargos, como assistente administrativo, auxiliar de servi\u00e7os gerais, digitador, enfermeiro, engenheiro, motorista, entre outros, totalizando 130 oportunidades. Veja:<\/p>\n<ul>\n<li>Assistente Administrativo (8 vagas): Exige ensino m\u00e9dio completo e oferece um sal\u00e1rio inicial de R$ 1.412,00 para 40 horas semanais.<\/li>\n<li>Auxiliar de Servi\u00e7os Gerais (25 vagas): Requer ensino fundamental completo, com remunera\u00e7\u00e3o de R$ 1.412,00 para uma carga hor\u00e1ria de 40 horas por semana.<\/li>\n<li>Digitador (1 vaga): Necess\u00e1rio ensino m\u00e9dio completo, com sal\u00e1rio de R$ 1.412,00 e jornada de 40 horas semanais.<\/li>\n<li>Eletricista (3 vagas): Para candidatos com ensino m\u00e9dio e experi\u00eancia na \u00e1rea. O sal\u00e1rio \u00e9 de R$ 1.412,00 para 40 horas semanais.<\/li>\n<li>Enfermeiro (2 vagas): Exige curso superior em Enfermagem e registro no conselho de classe (COREN). O sal\u00e1rio inicial \u00e9 de R$ 1.817,24, com jornada de 30 horas por semana.<\/li>\n<li>Engenheiro (1 vaga): Necess\u00e1rio curso superior em Engenharia Civil e registro no conselho profissional, com sal\u00e1rio de R$ 1.817,24 para 40 horas semanais.<\/li>\n<li>Farmac\u00eautico (1 vaga): Requer curso superior em Farm\u00e1cia e registro no conselho competente. O sal\u00e1rio \u00e9 de R$ 1.817,24, para uma jornada de 40 horas semanais.<\/li>\n<li>Fonoaudi\u00f3logo (2 vagas): Necess\u00e1rio curso superior em Fonoaudiologia e registro no conselho, com sal\u00e1rio de R$ 1.817,24 e 20 horas semanais de trabalho.<\/li>\n<li>Motorista &#8220;D&#8221; Educa\u00e7\u00e3o, Sa\u00fade e Agricultura (13 vagas no total): Para motoristas com ensino fundamental completo, CNH categoria &#8220;D&#8221; e cursos espec\u00edficos (como condutor escolar e socorrista). Sal\u00e1rio de R$ 1.412,00 para 40 horas semanais.<\/li>\n<\/ul>\n<h2>Cargos na \u00c1rea de Educa\u00e7\u00e3o<\/h2>\n<p>O <a href=\"https:\/\/www.pensarcursos.com.br\/blog\/amanha-inscricoes-concurso-correios\/\">concurso<\/a> tamb\u00e9m oferece boas oportunidades para professores e outros profissionais da educa\u00e7\u00e3o. Confira os detalhes:<\/p>\n<ul>\n<li>Professor Polivalente (10 vagas): Exige licenciatura plena em Pedagogia. A remunera\u00e7\u00e3o \u00e9 de R$ 3.435,43 para uma jornada de 30 horas semanais.<\/li>\n<li>Professor de Educa\u00e7\u00e3o Especial (2 vagas): Necess\u00e1rio ter especializa\u00e7\u00e3o em atendimento educacional especializado, com sal\u00e1rio de R$ 4.294,28 para 30 horas semanais.<\/li>\n<li>Professor de Educa\u00e7\u00e3o F\u00edsica para Anos Iniciais (1 vaga): Requer licenciatura em Educa\u00e7\u00e3o F\u00edsica e registro no conselho de classe. A remunera\u00e7\u00e3o \u00e9 de R$ 4.294,28, com 30 horas semanais.<\/li>\n<li>Professor de Geografia (2 vagas): Para licenciados em Geografia, com sal\u00e1rio de R$ 4.294,28 e carga hor\u00e1ria de 30 horas semanais.<\/li>\n<li>Professor de Ingl\u00eas (1 vaga): Exige licenciatura em Letras (L\u00edngua Inglesa), com remunera\u00e7\u00e3o de R$ 4.294,28 para 30 horas semanais.<\/li>\n<li>Professor de Matem\u00e1tica (2 vagas): Necess\u00e1rio ter licenciatura plena em Matem\u00e1tica. O sal\u00e1rio \u00e9 de R$ 4.294,28 para 30 horas por semana.<\/li>\n<\/ul>\n<figure id=\"attachment_75776\" aria-describedby=\"caption-attachment-75776\" style=\"width: 663px\" class=\"wp-caption aligncenter\"><img decoding=\"async\" class=\"wp-image-75776 \" title=\"A man is writing\/signing on a paper Focused on a hand with pen\" src=\"https:\/\/www.pensarcursos.com.br\/blog\/wp-content\/uploads\/2024\/10\/Concurso14-10-1024x587.jpg\" alt=\"As inscri\u00e7\u00f5es do concurso da prefeitura de Nova Palma poder\u00e3o ser feitas at\u00e9 o dia 27 de novembro de 2024.\" width=\"663\" height=\"380\" srcset=\"https:\/\/www.pensarcursos.com.br\/blog\/wp-content\/uploads\/2024\/10\/Concurso14-10-1024x587.jpg 1024w, https:\/\/www.pensarcursos.com.br\/blog\/wp-content\/uploads\/2024\/10\/Concurso14-10-300x172.jpg 300w, https:\/\/www.pensarcursos.com.br\/blog\/wp-content\/uploads\/2024\/10\/Concurso14-10-768x440.jpg 768w, https:\/\/www.pensarcursos.com.br\/blog\/wp-content\/uploads\/2024\/10\/Concurso14-10-750x430.jpg 750w, https:\/\/www.pensarcursos.com.br\/blog\/wp-content\/uploads\/2024\/10\/Concurso14-10.jpg 1237w\" sizes=\"(max-width: 663px) 100vw, 663px\" \/><figcaption id=\"caption-attachment-75776\" class=\"wp-caption-text\">As inscri\u00e7\u00f5es do concurso da prefeitura de Nova Palma poder\u00e3o ser feitas at\u00e9 o dia 27 de novembro de 2024. Imagem: Freepik<\/figcaption><\/figure>\n<h2>Vagas na \u00c1rea da Sa\u00fade<\/h2>\n<p>Al\u00e9m do cargo de Agente Comunit\u00e1rio de Sa\u00fade, o concurso da prefeitura de Nova Palmeira, Para\u00edba, oferece outras oportunidades na \u00e1rea da sa\u00fade:<\/p>\n<ul>\n<li>Auxiliar de Consult\u00f3rio Dent\u00e1rio (2 vagas): Requer ensino m\u00e9dio completo, com sal\u00e1rio de R$ 1.680,00 para 40 horas semanais.<\/li>\n<li>M\u00e9dico PSF (1 vaga): Exige curso superior em Medicina e registro no CRM. O sal\u00e1rio inicial \u00e9 de R$ 2.237,89, com 40 horas semanais de trabalho.<\/li>\n<li>Odont\u00f3logo (2 vagas): Necess\u00e1rio curso superior em Odontologia e registro no CRO, com sal\u00e1rio de R$ 1.817,24, gratifica\u00e7\u00e3o e complementa\u00e7\u00e3o da sa\u00fade. A carga hor\u00e1ria \u00e9 de 20 horas semanais.<\/li>\n<li>Psic\u00f3logo (2 vagas): Para candidatos com curso superior em Psicologia e registro no conselho profissional, com remunera\u00e7\u00e3o de R$ 1.817,24 para 30 horas semanais.<\/li>\n<li>T\u00e9cnico em Enfermagem (9 vagas no total): Inclui vagas para t\u00e9cnicos de enfermagem na \u00e1rea de sa\u00fade e na sala de vacina, com remunera\u00e7\u00e3o de R$ 1.420,00 e jornada de 30 horas semanais.<\/li>\n<\/ul>\n<h2>Inscri\u00e7\u00f5es e detalhes do concurso<\/h2>\n<p>As inscri\u00e7\u00f5es do concurso de Nova Palmeira ser\u00e3o realizadas exclusivamente pela internet, no site da <a href=\"https:\/\/concursos.facetconcursos.com.br\/informacoes\/26\/\" target=\"_blank\" rel=\"noopener\">FACET Concursos<\/a>, de <strong>25 de outubro a 27 de novembro de 2024<\/strong>. A taxa de inscri\u00e7\u00e3o varia conforme o cargo, com valores de R$ 85,00 para n\u00edvel fundamental, R$ 95,00 para n\u00edvel m\u00e9dio e R$ 115,00 para n\u00edvel superior.<\/p>\n<p>A primeira etapa do concurso ser\u00e1 uma prova objetiva, prevista para o dia<strong> 27 de dezembro de 2024.<\/strong> A avalia\u00e7\u00e3o consistir\u00e1 em quest\u00f5es de m\u00faltipla escolha, com conte\u00fados espec\u00edficos para cada cargo. Para algumas fun\u00e7\u00f5es, tamb\u00e9m haver\u00e1 prova pr\u00e1tica e avalia\u00e7\u00e3o de t\u00edtulos, conforme o edital.<\/p>\n","protected":false},"excerpt":{"rendered":"<p>A prefeitura municipal lan\u00e7ou um concurso para preencher 130 vagas em diversas \u00e1reas, atendendo a diferentes n\u00edveis de escolaridade. As oportunidades abrangem cargos de n\u00edveis fundamental, m\u00e9dio e superior, oferecendo boas chances para quem deseja ingressar no servi\u00e7o p\u00fablico municipal. Veja a seguir os detalhes sobre os cargos dispon\u00edveis, requisitos, etapas do processo seletivo e [&hellip;]<\/p>\n","protected":false},"author":17,"featured_media":75775,"comment_status":"open","ping_status":"closed","sticky":false,"template":"","format":"standard","meta":{"jnews-multi-image_gallery":[],"jnews_single_post":[],"jnews_primary_category":[],"jnews_social_meta":[],"jnews_override_counter":[],"footnotes":""},"categories":[29],"tags":[22077,21748,22078],"class_list":["post-75772","post","type-post","status-publish","format-standard","has-post-thumbnail","hentry","category-concursos","tag-concurso-da-prefeitura-de-nova-palmeira","tag-concurso-para-o-cargo-de-agente-de-saude","tag-inscricoes-do-concurso-da-prefeitura-de-nova-palmeira"],"yoast_head":"<!-- This site is optimized with the Yoast SEO Premium plugin v27.4 (Yoast SEO v27.4) - https:\/\/yoast.com\/product\/yoast-seo-premium-wordpress\/ -->\n<title>SAIU! Novo edital para o cargo de Agente Comunit\u00e1rio de Sa\u00fade publicado - Inscri\u00e7\u00f5es abertas! - Blog Pensar Cursos<\/title>\n<meta name=\"description\" content=\"A prefeitura municipal lan\u00e7ou um concurso para preencher 130 vagas em diversas \u00e1reas, atendendo a diferentes n\u00edveis de escolaridade. As oportunidades\" \/>\n<meta name=\"robots\" content=\"index, follow, max-snippet:-1, max-image-preview:large, max-video-preview:-1\" \/>\n<link rel=\"canonical\" href=\"https:\/\/www.pensarcursos.com.br\/blog\/saiu-novo-edital-para-o-cargo-de-agente-comunitario-de-saude-publicado-inscricoes-abertas\/\" \/>\n<meta property=\"og:locale\" content=\"pt_BR\" \/>\n<meta property=\"og:type\" content=\"article\" \/>\n<meta property=\"og:title\" content=\"SAIU! Novo edital para o cargo de Agente Comunit\u00e1rio de Sa\u00fade publicado - Inscri\u00e7\u00f5es abertas!\" \/>\n<meta property=\"og:description\" content=\"A prefeitura municipal lan\u00e7ou um concurso para preencher 130 vagas em diversas \u00e1reas, atendendo a diferentes n\u00edveis de escolaridade. As oportunidades\" \/>\n<meta property=\"og:url\" content=\"https:\/\/www.pensarcursos.com.br\/blog\/saiu-novo-edital-para-o-cargo-de-agente-comunitario-de-saude-publicado-inscricoes-abertas\/\" \/>\n<meta property=\"og:site_name\" content=\"Blog Pensar Cursos\" \/>\n<meta property=\"article:publisher\" content=\"https:\/\/www.facebook.com\/pensarcursos\/\" \/>\n<meta property=\"article:author\" content=\"https:\/\/www.facebook.com\/profile.php?id=61550018262414\" \/>\n<meta property=\"article:published_time\" content=\"2024-10-29T01:09:36+00:00\" \/>\n<meta property=\"og:image\" content=\"https:\/\/www.pensarcursos.com.br\/blog\/wp-content\/uploads\/2024\/10\/Concurso-Pub-2-24.png\" \/>\n\t<meta property=\"og:image:width\" content=\"1200\" \/>\n\t<meta property=\"og:image:height\" content=\"800\" \/>\n\t<meta property=\"og:image:type\" content=\"image\/png\" \/>\n<meta name=\"author\" content=\"Gorete Costa\" \/>\n<meta name=\"twitter:card\" content=\"summary_large_image\" \/>\n<meta name=\"twitter:label1\" content=\"Escrito por\" \/>\n\t<meta name=\"twitter:data1\" content=\"Gorete Costa\" \/>\n\t<meta name=\"twitter:label2\" content=\"Est. tempo de leitura\" \/>\n\t<meta name=\"twitter:data2\" content=\"5 minutos\" \/>\n<!-- \/ Yoast SEO Premium plugin. -->","yoast_head_json":{"title":"SAIU! Novo edital para o cargo de Agente Comunit\u00e1rio de Sa\u00fade publicado - Inscri\u00e7\u00f5es abertas! - Blog Pensar Cursos","description":"A prefeitura municipal lan\u00e7ou um concurso para preencher 130 vagas em diversas \u00e1reas, atendendo a diferentes n\u00edveis de escolaridade. As oportunidades","robots":{"index":"index","follow":"follow","max-snippet":"max-snippet:-1","max-image-preview":"max-image-preview:large","max-video-preview":"max-video-preview:-1"},"canonical":"https:\/\/www.pensarcursos.com.br\/blog\/saiu-novo-edital-para-o-cargo-de-agente-comunitario-de-saude-publicado-inscricoes-abertas\/","og_locale":"pt_BR","og_type":"article","og_title":"SAIU! Novo edital para o cargo de Agente Comunit\u00e1rio de Sa\u00fade publicado - Inscri\u00e7\u00f5es abertas!","og_description":"A prefeitura municipal lan\u00e7ou um concurso para preencher 130 vagas em diversas \u00e1reas, atendendo a diferentes n\u00edveis de escolaridade. As oportunidades","og_url":"https:\/\/www.pensarcursos.com.br\/blog\/saiu-novo-edital-para-o-cargo-de-agente-comunitario-de-saude-publicado-inscricoes-abertas\/","og_site_name":"Blog Pensar Cursos","article_publisher":"https:\/\/www.facebook.com\/pensarcursos\/","article_author":"https:\/\/www.facebook.com\/profile.php?id=61550018262414","article_published_time":"2024-10-29T01:09:36+00:00","og_image":[{"width":1200,"height":800,"url":"https:\/\/www.pensarcursos.com.br\/blog\/wp-content\/uploads\/2024\/10\/Concurso-Pub-2-24.png","type":"image\/png"}],"author":"Gorete Costa","twitter_card":"summary_large_image","twitter_misc":{"Escrito por":"Gorete Costa","Est. tempo de leitura":"5 minutos"},"schema":{"@context":"https:\/\/schema.org","@graph":[{"@type":["Article","BlogPosting"],"@id":"https:\/\/www.pensarcursos.com.br\/blog\/saiu-novo-edital-para-o-cargo-de-agente-comunitario-de-saude-publicado-inscricoes-abertas\/#article","isPartOf":{"@id":"https:\/\/www.pensarcursos.com.br\/blog\/saiu-novo-edital-para-o-cargo-de-agente-comunitario-de-saude-publicado-inscricoes-abertas\/"},"author":{"name":"Gorete Costa","@id":"https:\/\/www.pensarcursos.com.br\/blog\/#\/schema\/person\/e133b19d62595d6ab0c12f3e5436a7bb"},"headline":"SAIU! Novo edital para o cargo de Agente Comunit\u00e1rio de Sa\u00fade publicado &#8211; Inscri\u00e7\u00f5es abertas!","datePublished":"2024-10-29T01:09:36+00:00","mainEntityOfPage":{"@id":"https:\/\/www.pensarcursos.com.br\/blog\/saiu-novo-edital-para-o-cargo-de-agente-comunitario-de-saude-publicado-inscricoes-abertas\/"},"wordCount":1047,"commentCount":0,"publisher":{"@id":"https:\/\/www.pensarcursos.com.br\/blog\/#organization"},"image":{"@id":"https:\/\/www.pensarcursos.com.br\/blog\/saiu-novo-edital-para-o-cargo-de-agente-comunitario-de-saude-publicado-inscricoes-abertas\/#primaryimage"},"thumbnailUrl":"https:\/\/www.pensarcursos.com.br\/blog\/wp-content\/uploads\/2024\/10\/Concurso-Pub-2-24.png","keywords":["concurso da prefeitura de nova palmeira","concurso para o cargo de agente de sa\u00fade","inscri\u00e7\u00f5es do concurso da prefeitura de nova palmeira"],"articleSection":["Concursos P\u00fablicos"],"inLanguage":"pt-BR","potentialAction":[{"@type":"CommentAction","name":"Comment","target":["https:\/\/www.pensarcursos.com.br\/blog\/saiu-novo-edital-para-o-cargo-de-agente-comunitario-de-saude-publicado-inscricoes-abertas\/#respond"]}],"copyrightYear":"2024","copyrightHolder":{"@id":"https:\/\/www.pensarcursos.com.br\/blog\/#organization"}},{"@type":"WebPage","@id":"https:\/\/www.pensarcursos.com.br\/blog\/saiu-novo-edital-para-o-cargo-de-agente-comunitario-de-saude-publicado-inscricoes-abertas\/","url":"https:\/\/www.pensarcursos.com.br\/blog\/saiu-novo-edital-para-o-cargo-de-agente-comunitario-de-saude-publicado-inscricoes-abertas\/","name":"SAIU! Novo edital para o cargo de Agente Comunit\u00e1rio de Sa\u00fade publicado - Inscri\u00e7\u00f5es abertas! - Blog Pensar Cursos","isPartOf":{"@id":"https:\/\/www.pensarcursos.com.br\/blog\/#website"},"primaryImageOfPage":{"@id":"https:\/\/www.pensarcursos.com.br\/blog\/saiu-novo-edital-para-o-cargo-de-agente-comunitario-de-saude-publicado-inscricoes-abertas\/#primaryimage"},"image":{"@id":"https:\/\/www.pensarcursos.com.br\/blog\/saiu-novo-edital-para-o-cargo-de-agente-comunitario-de-saude-publicado-inscricoes-abertas\/#primaryimage"},"thumbnailUrl":"https:\/\/www.pensarcursos.com.br\/blog\/wp-content\/uploads\/2024\/10\/Concurso-Pub-2-24.png","datePublished":"2024-10-29T01:09:36+00:00","description":"A prefeitura municipal lan\u00e7ou um concurso para preencher 130 vagas em diversas \u00e1reas, atendendo a diferentes n\u00edveis de escolaridade. As oportunidades","breadcrumb":{"@id":"https:\/\/www.pensarcursos.com.br\/blog\/saiu-novo-edital-para-o-cargo-de-agente-comunitario-de-saude-publicado-inscricoes-abertas\/#breadcrumb"},"inLanguage":"pt-BR","potentialAction":[{"@type":"ReadAction","target":["https:\/\/www.pensarcursos.com.br\/blog\/saiu-novo-edital-para-o-cargo-de-agente-comunitario-de-saude-publicado-inscricoes-abertas\/"]}]},{"@type":"ImageObject","inLanguage":"pt-BR","@id":"https:\/\/www.pensarcursos.com.br\/blog\/saiu-novo-edital-para-o-cargo-de-agente-comunitario-de-saude-publicado-inscricoes-abertas\/#primaryimage","url":"https:\/\/www.pensarcursos.com.br\/blog\/wp-content\/uploads\/2024\/10\/Concurso-Pub-2-24.png","contentUrl":"https:\/\/www.pensarcursos.com.br\/blog\/wp-content\/uploads\/2024\/10\/Concurso-Pub-2-24.png","width":1200,"height":800,"caption":"As provas do concurso ser\u00e3o realizadas em dezembro. Imagem: Pensar Cursos"},{"@type":"BreadcrumbList","@id":"https:\/\/www.pensarcursos.com.br\/blog\/saiu-novo-edital-para-o-cargo-de-agente-comunitario-de-saude-publicado-inscricoes-abertas\/#breadcrumb","itemListElement":[{"@type":"ListItem","position":1,"name":"Home","item":"https:\/\/www.pensarcursos.com.br\/blog\/"},{"@type":"ListItem","position":2,"name":"SAIU! Novo edital para o cargo de Agente Comunit\u00e1rio de Sa\u00fade publicado &#8211; Inscri\u00e7\u00f5es abertas!"}]},{"@type":"WebSite","@id":"https:\/\/www.pensarcursos.com.br\/blog\/#website","url":"https:\/\/www.pensarcursos.com.br\/blog\/","name":"Blog Pensar Cursos","description":"Maior Site de Cursos do Brasil","publisher":{"@id":"https:\/\/www.pensarcursos.com.br\/blog\/#organization"},"alternateName":"Blog Pensar","potentialAction":[{"@type":"SearchAction","target":{"@type":"EntryPoint","urlTemplate":"https:\/\/www.pensarcursos.com.br\/blog\/?s={search_term_string}"},"query-input":{"@type":"PropertyValueSpecification","valueRequired":true,"valueName":"search_term_string"}}],"inLanguage":"pt-BR"},{"@type":"Organization","@id":"https:\/\/www.pensarcursos.com.br\/blog\/#organization","name":"Pensar Cursos","alternateName":"Blog pensar","url":"https:\/\/www.pensarcursos.com.br\/blog\/","logo":{"@type":"ImageObject","inLanguage":"pt-BR","@id":"https:\/\/www.pensarcursos.com.br\/blog\/#\/schema\/logo\/image\/","url":"https:\/\/www.pensarcursos.com.br\/blog\/wp-content\/uploads\/2023\/11\/Nova-Logo-Pensar-Cursos-vertical.png","contentUrl":"https:\/\/www.pensarcursos.com.br\/blog\/wp-content\/uploads\/2023\/11\/Nova-Logo-Pensar-Cursos-vertical.png","width":1393,"height":1001,"caption":"Pensar Cursos"},"image":{"@id":"https:\/\/www.pensarcursos.com.br\/blog\/#\/schema\/logo\/image\/"},"sameAs":["https:\/\/www.facebook.com\/pensarcursos\/","https:\/\/instagram.com.br\/pensarcursos"],"description":"Pensar Cursos \u00e9 uma empresa especializada em oferecer cursos de alta qualidade voltados para o desenvolvimento profissional e acad\u00eamico. Com uma ampla gama de op\u00e7\u00f5es de treinamento, oferecemos conte\u00fados atualizados, ministrados por especialistas da \u00e1rea, para capacitar indiv\u00edduos e equipes a atingirem seus objetivos. Nossa miss\u00e3o \u00e9 proporcionar uma educa\u00e7\u00e3o transformadora, acess\u00edvel e personalizada para cada aluno, seja em cursos presenciais ou online. Com uma abordagem inovadora, buscamos adaptar os nossos programas de ensino \u00e0s necessidades do mercado, criando solu\u00e7\u00f5es que atendem aos desafios e exig\u00eancias do mundo corporativo e acad\u00eamico. Nossos cursos incluem desde forma\u00e7\u00f5es t\u00e9cnicas at\u00e9 habilidades essenciais, como lideran\u00e7a, gest\u00e3o e desenvolvimento pessoal.","email":"contato@pensarcursos.com.br","legalName":"Sena Servi\u00e7os de Informa\u00e7\u00e3o Online LTDA","foundingDate":"2013-04-18","vatID":"17956217000172","numberOfEmployees":{"@type":"QuantitativeValue","minValue":"11","maxValue":"50"},"publishingPrinciples":"https:\/\/www.pensarcursos.com.br\/blog\/principios-de-publicacao\/","ownershipFundingInfo":"https:\/\/www.pensarcursos.com.br\/blog\/informacoes-de-propriedade-financiamento\/","actionableFeedbackPolicy":"https:\/\/www.pensarcursos.com.br\/blog\/politica-de-feedback-acionavel\/","correctionsPolicy":"https:\/\/www.pensarcursos.com.br\/blog\/politica-de-correcoes\/","ethicsPolicy":"https:\/\/www.pensarcursos.com.br\/blog\/politica-de-etica\/"},{"@type":"Person","@id":"https:\/\/www.pensarcursos.com.br\/blog\/#\/schema\/person\/e133b19d62595d6ab0c12f3e5436a7bb","name":"Gorete Costa","image":{"@type":"ImageObject","inLanguage":"pt-BR","@id":"https:\/\/secure.gravatar.com\/avatar\/8cb99f142e1cb1312d8c202378c20dc4f7210145acc22805481f4a3f47ce9b6f?s=96&d=mm&r=g","url":"https:\/\/secure.gravatar.com\/avatar\/8cb99f142e1cb1312d8c202378c20dc4f7210145acc22805481f4a3f47ce9b6f?s=96&d=mm&r=g","contentUrl":"https:\/\/secure.gravatar.com\/avatar\/8cb99f142e1cb1312d8c202378c20dc4f7210145acc22805481f4a3f47ce9b6f?s=96&d=mm&r=g","caption":"Gorete Costa"},"description":"Graduada em Servi\u00e7o Social pela Universidade do Norte do Paran\u00e1 (Unopar), Gorete Costa \u00e9 especialista em comunica\u00e7\u00e3o, atuando como radialista em programas jornal\u00edsticos e de entretenimento, al\u00e9m de produ\u00e7\u00e3o e revis\u00e3o de textos informativos para sites e blogs.","sameAs":["https:\/\/www.facebook.com\/profile.php?id=61550018262414"],"url":"https:\/\/www.pensarcursos.com.br\/blog\/author\/gorete\/"}]}},"_links":{"self":[{"href":"https:\/\/www.pensarcursos.com.br\/blog\/wp-json\/wp\/v2\/posts\/75772","targetHints":{"allow":["GET"]}}],"collection":[{"href":"https:\/\/www.pensarcursos.com.br\/blog\/wp-json\/wp\/v2\/posts"}],"about":[{"href":"https:\/\/www.pensarcursos.com.br\/blog\/wp-json\/wp\/v2\/types\/post"}],"author":[{"embeddable":true,"href":"https:\/\/www.pensarcursos.com.br\/blog\/wp-json\/wp\/v2\/users\/17"}],"replies":[{"embeddable":true,"href":"https:\/\/www.pensarcursos.com.br\/blog\/wp-json\/wp\/v2\/comments?post=75772"}],"version-history":[{"count":0,"href":"https:\/\/www.pensarcursos.com.br\/blog\/wp-json\/wp\/v2\/posts\/75772\/revisions"}],"wp:featuredmedia":[{"embeddable":true,"href":"https:\/\/www.pensarcursos.com.br\/blog\/wp-json\/wp\/v2\/media\/75775"}],"wp:attachment":[{"href":"https:\/\/www.pensarcursos.com.br\/blog\/wp-json\/wp\/v2\/media?parent=75772"}],"wp:term":[{"taxonomy":"category","embeddable":true,"href":"https:\/\/www.pensarcursos.com.br\/blog\/wp-json\/wp\/v2\/categories?post=75772"},{"taxonomy":"post_tag","embeddable":true,"href":"https:\/\/www.pensarcursos.com.br\/blog\/wp-json\/wp\/v2\/tags?post=75772"}],"curies":[{"name":"wp","href":"https:\/\/api.w.org\/{rel}","templated":true}]}}