{"id":75707,"date":"2024-10-28T08:09:59","date_gmt":"2024-10-28T11:09:59","guid":{"rendered":"https:\/\/www.pensarcursos.com.br\/blog\/?p=75707"},"modified":"2024-10-29T09:19:38","modified_gmt":"2024-10-29T12:19:38","slug":"concurso-cargo-de-educado-fisico","status":"publish","type":"post","link":"https:\/\/www.pensarcursos.com.br\/blog\/concurso-cargo-de-educado-fisico\/","title":{"rendered":"Concurso para o Cargo de Educador F\u00edsico est\u00e1 com inscri\u00e7\u00f5es abertas &#8211; Iniciais de R$ 5mil"},"content":{"rendered":"<p>A prefeitura municipal abriu inscri\u00e7\u00f5es para o concurso p\u00fablico destinado ao cargo de Educador F\u00edsico. Com sal\u00e1rio inicial de <strong>R$ 5.053,23<\/strong> e jornada de 40 horas semanais. As inscri\u00e7\u00f5es j\u00e1 est\u00e3o abertas e devem ser realizadas online. Al\u00e9m do sal\u00e1rio, os aprovados ter\u00e3o direito a benef\u00edcios, como aux\u00edlio-alimenta\u00e7\u00e3o de R$ 1.160,00, tornando essa uma excelente chance para quem busca estabilidade e uma carreira na administra\u00e7\u00e3o p\u00fablica. Veja mais detalhes a seguir!<\/p>\n<h2>Requisitos para Participa\u00e7\u00e3o<\/h2>\n<p>Para concorrer \u00e0 vaga, o candidato deve ter Ensino Superior completo em Educa\u00e7\u00e3o F\u00edsica e registro no respectivo Conselho de Classe. Esses requisitos garantem que o profissional esteja habilitado para atuar na fun\u00e7\u00e3o, conforme a legisla\u00e7\u00e3o vigente. Al\u00e9m disso, \u00e9 importante que os candidatos estejam em dia com suas obriga\u00e7\u00f5es eleitorais e militares (se do sexo masculino).<\/p>\n<h2>Etapas do Concurso<\/h2>\n<p>O <a href=\"https:\/\/www.pensarcursos.com.br\/blog\/amanha-inscricoes-concurso-correios\/\">concurso<\/a> ser\u00e1 composto por provas objetivas, que ter\u00e3o car\u00e1ter eliminat\u00f3rio e classificat\u00f3rio. A aplica\u00e7\u00e3o das provas est\u00e1 prevista para <strong>15 de dezembro de 2024.<\/strong> O concurso ter\u00e1 validade inicial de dois anos, podendo ser prorrogado por mais dois, a crit\u00e9rio da administra\u00e7\u00e3o.<\/p>\n<h3>Provas do para educador f\u00edsico<\/h3>\n<p>As provas objetivas do <a href=\"https:\/\/www.pensarcursos.com.br\/blog\/quais-concursos-federais-podem-ficar-fora-do-cnu-2025\/\">concurso<\/a> para Educador F\u00edsico ser\u00e3o eliminat\u00f3rias e classificat\u00f3rias, compostas por 40 quest\u00f5es de m\u00faltipla escolha. Os candidatos ter\u00e3o tr\u00eas horas para responder \u00e0s quest\u00f5es e preencher a folha de respostas. A avalia\u00e7\u00e3o abrange quatro \u00e1reas do conhecimento, distribu\u00eddas da seguinte forma:<\/p>\n<ol>\n<li><strong>L\u00edngua Portuguesa<\/strong>: 8 quest\u00f5es, com peso 1,0 cada. Essa parte avaliar\u00e1 a compreens\u00e3o textual, gram\u00e1tica e interpreta\u00e7\u00e3o de textos.<\/li>\n<li><strong>Pol\u00edtica de Sa\u00fade<\/strong>: 5 quest\u00f5es, com peso 1,0 cada. Focar\u00e1 em conhecimentos relacionados \u00e0s pol\u00edticas p\u00fablicas de sa\u00fade, diretrizes e programas relevantes.<\/li>\n<li><strong>No\u00e7\u00f5es de Inform\u00e1tica<\/strong>: 5 quest\u00f5es, com peso 1,0 cada. Envolver\u00e1 temas sobre o uso de ferramentas b\u00e1sicas de inform\u00e1tica e conhecimentos gerais em tecnologia.<\/li>\n<li><strong>Conhecimentos Espec\u00edficos<\/strong>: 22 quest\u00f5es, com peso 2,0 cada. Essa se\u00e7\u00e3o \u00e9 a mais importante, cobrindo temas espec\u00edficos da \u00e1rea de Educa\u00e7\u00e3o F\u00edsica, pr\u00e1ticas corporais, promo\u00e7\u00e3o da sa\u00fade e normas pertinentes ao cargo.<\/li>\n<\/ol>\n<h3>Peso e Import\u00e2ncia<\/h3>\n<p>Os conhecimentos espec\u00edficos ter\u00e3o maior peso na prova, totalizando 44 pontos poss\u00edveis, enquanto as demais \u00e1reas somam 18 pontos. Isso reflete a import\u00e2ncia de um dom\u00ednio t\u00e9cnico aprofundado na \u00e1rea para o desempenho no concurso.<\/p>\n<h3>Crit\u00e9rios de Aprova\u00e7\u00e3o<\/h3>\n<p>Para ser aprovado na prova objetiva, o candidato precisa estar entre os 45 melhores classificados, al\u00e9m de obter no m\u00ednimo 50% de acertos.<\/p>\n<figure id=\"attachment_75712\" aria-describedby=\"caption-attachment-75712\" style=\"width: 683px\" class=\"wp-caption aligncenter\"><img decoding=\"async\" class=\"wp-image-75712 \" src=\"https:\/\/www.pensarcursos.com.br\/blog\/wp-content\/uploads\/2024\/10\/2148553628-1024x683.jpg\" alt=\"O sal\u00e1rio inicial do Educador F\u00edsico do concurso da prefeitura de Guarulhos, S\u00e3o Paulo \u00e9 de R$ 5.053,23.\" width=\"683\" height=\"455\" srcset=\"https:\/\/www.pensarcursos.com.br\/blog\/wp-content\/uploads\/2024\/10\/2148553628-1024x683.jpg 1024w, https:\/\/www.pensarcursos.com.br\/blog\/wp-content\/uploads\/2024\/10\/2148553628-300x200.jpg 300w, https:\/\/www.pensarcursos.com.br\/blog\/wp-content\/uploads\/2024\/10\/2148553628-768x513.jpg 768w, https:\/\/www.pensarcursos.com.br\/blog\/wp-content\/uploads\/2024\/10\/2148553628.jpg 1500w\" sizes=\"(max-width: 683px) 100vw, 683px\" \/><figcaption id=\"caption-attachment-75712\" class=\"wp-caption-text\">O sal\u00e1rio inicial do Educador F\u00edsico do concurso da prefeitura de Guarulhos, S\u00e3o Paulo \u00e9 de R$ 5.053,23. Imagem: Freepik<\/figcaption><\/figure>\n<h2>Benef\u00edcios e jornada de trabalho<\/h2>\n<p>O sal\u00e1rio inicial do Educador F\u00edsico do <a href=\"https:\/\/www.pensarcursos.com.br\/blog\/inscricoes-do-concurso-guarda-municipal-para-40-vagas-terminam-em-31-10\/\">concurso<\/a> da prefeitura de Guarulhos, S\u00e3o Paulo \u00e9 de <strong>R$ 5.053,23<\/strong>, j\u00e1 incluindo as gratifica\u00e7\u00f5es. Al\u00e9m disso, os servidores t\u00eam direito ao aux\u00edlio-alimenta\u00e7\u00e3o de R$ 1.160,00, conforme o edital. A jornada de trabalho \u00e9 de 40 horas semanais, podendo incluir plant\u00f5es, finais de semana e feriados, de acordo com as necessidades do munic\u00edpio.<\/p>\n<h2>Publica\u00e7\u00f5es oficiais<\/h2>\n<p>Todas as informa\u00e7\u00f5es sobre o concurso ser\u00e3o publicadas no site do IBAM e no Di\u00e1rio Oficial do Munic\u00edpio de Guarulhos. O candidato deve acompanhar essas publica\u00e7\u00f5es para se manter informado sobre datas, locais de prova e resultados.<\/p>\n<h2>Orienta\u00e7\u00f5es para o Dia da Prova<\/h2>\n<p>Os candidatos devem comparecer ao local designado com anteced\u00eancia m\u00ednima de 30 minutos. \u00c9 necess\u00e1rio portar documento original com foto, como RG ou CNH. N\u00e3o ser\u00e1 permitido o uso de aparelhos eletr\u00f4nicos, livros ou anota\u00e7\u00f5es durante a prova.<\/p>\n<h2>Como se inscrever no concurso?<\/h2>\n<p>As inscri\u00e7\u00f5es para o <a href=\"https:\/\/www.pensarcursos.com.br\/blog\/inscricoes-do-concurso-guarda-municipal-para-40-vagas-terminam-em-31-10\/\">concurso<\/a> da prefeitura de Guarulhos, S\u00e3o Paulo para o cargo de Educador F\u00edsico est\u00e3o abertas desde o dia 23 de outubro e poder\u00e3o ser feitas at\u00e9 o dia 21 de novembro de 2024. O candidato deve se inscrever exclusivamente pela internet, acessando o site do Instituto Brasileiro de Administra\u00e7\u00e3o Municipal (<a href=\"https:\/\/novo.ibamsp-concursos.org.br\/informacoes\/23\" target=\"_blank\" rel=\"noopener\">IBAM<\/a>), organizador do concurso. De acordo com o <a href=\"https:\/\/www.pensarcursos.com.br\/blog\/wp-content\/uploads\/2024\/10\/educador-fisico.pdf\" target=\"_blank\" rel=\"noopener\">edital<\/a>, a taxa de inscri\u00e7\u00e3o \u00e9 de R$ 120,00.<\/p>\n","protected":false},"excerpt":{"rendered":"<p>A prefeitura municipal abriu inscri\u00e7\u00f5es para o concurso p\u00fablico destinado ao cargo de Educador F\u00edsico. Com sal\u00e1rio inicial de R$ 5.053,23 e jornada de 40 horas semanais. As inscri\u00e7\u00f5es j\u00e1 est\u00e3o abertas e devem ser realizadas online. Al\u00e9m do sal\u00e1rio, os aprovados ter\u00e3o direito a benef\u00edcios, como aux\u00edlio-alimenta\u00e7\u00e3o de R$ 1.160,00, tornando essa uma excelente [&hellip;]<\/p>\n","protected":false},"author":17,"featured_media":75711,"comment_status":"open","ping_status":"closed","sticky":false,"template":"","format":"standard","meta":{"jnews-multi-image_gallery":[],"jnews_single_post":[],"jnews_primary_category":[],"jnews_social_meta":[],"jnews_override_counter":[],"footnotes":""},"categories":[29],"tags":[22064,22066,22065],"class_list":["post-75707","post","type-post","status-publish","format-standard","has-post-thumbnail","hentry","category-concursos","tag-concurso-da-prefeitura-de-guarulhos-sp","tag-concurso-para-educador-fisico","tag-inscricoes-do-concurso-da-prefeitura-de-guarulhos-sp"],"yoast_head":"<!-- This site is optimized with the Yoast SEO Premium plugin v27.4 (Yoast SEO v27.4) - https:\/\/yoast.com\/product\/yoast-seo-premium-wordpress\/ -->\n<title>Concurso para o Cargo de Educador F\u00edsico est\u00e1 com inscri\u00e7\u00f5es abertas - Iniciais de R$ 5mil - Blog Pensar Cursos<\/title>\n<meta name=\"description\" content=\"A prefeitura municipal abriu inscri\u00e7\u00f5es para o concurso p\u00fablico destinado ao cargo de Educador F\u00edsico. Com sal\u00e1rio inicial de R$ 5.053,23 e jornada de 40\" \/>\n<meta name=\"robots\" content=\"index, follow, max-snippet:-1, max-image-preview:large, max-video-preview:-1\" \/>\n<link rel=\"canonical\" href=\"https:\/\/www.pensarcursos.com.br\/blog\/concurso-cargo-de-educado-fisico\/\" \/>\n<meta property=\"og:locale\" content=\"pt_BR\" \/>\n<meta property=\"og:type\" content=\"article\" \/>\n<meta property=\"og:title\" content=\"Concurso para o Cargo de Educador F\u00edsico est\u00e1 com inscri\u00e7\u00f5es abertas - Iniciais de R$ 5mil\" \/>\n<meta property=\"og:description\" content=\"A prefeitura municipal abriu inscri\u00e7\u00f5es para o concurso p\u00fablico destinado ao cargo de Educador F\u00edsico. Com sal\u00e1rio inicial de R$ 5.053,23 e jornada de 40\" \/>\n<meta property=\"og:url\" content=\"https:\/\/www.pensarcursos.com.br\/blog\/concurso-cargo-de-educado-fisico\/\" \/>\n<meta property=\"og:site_name\" content=\"Blog Pensar Cursos\" \/>\n<meta property=\"article:publisher\" content=\"https:\/\/www.facebook.com\/pensarcursos\/\" \/>\n<meta property=\"article:author\" content=\"https:\/\/www.facebook.com\/profile.php?id=61550018262414\" \/>\n<meta property=\"article:published_time\" content=\"2024-10-28T11:09:59+00:00\" \/>\n<meta property=\"article:modified_time\" content=\"2024-10-29T12:19:38+00:00\" \/>\n<meta property=\"og:image\" content=\"https:\/\/www.pensarcursos.com.br\/blog\/wp-content\/uploads\/2024\/10\/Concurso-P22-5.png\" \/>\n\t<meta property=\"og:image:width\" content=\"1200\" \/>\n\t<meta property=\"og:image:height\" content=\"800\" \/>\n\t<meta property=\"og:image:type\" content=\"image\/png\" \/>\n<meta name=\"author\" content=\"Gorete Costa\" \/>\n<meta name=\"twitter:card\" content=\"summary_large_image\" \/>\n<meta name=\"twitter:label1\" content=\"Escrito por\" \/>\n\t<meta name=\"twitter:data1\" content=\"Gorete Costa\" \/>\n\t<meta name=\"twitter:label2\" content=\"Est. tempo de leitura\" \/>\n\t<meta name=\"twitter:data2\" content=\"4 minutos\" \/>\n<!-- \/ Yoast SEO Premium plugin. -->","yoast_head_json":{"title":"Concurso para o Cargo de Educador F\u00edsico est\u00e1 com inscri\u00e7\u00f5es abertas - Iniciais de R$ 5mil - Blog Pensar Cursos","description":"A prefeitura municipal abriu inscri\u00e7\u00f5es para o concurso p\u00fablico destinado ao cargo de Educador F\u00edsico. Com sal\u00e1rio inicial de R$ 5.053,23 e jornada de 40","robots":{"index":"index","follow":"follow","max-snippet":"max-snippet:-1","max-image-preview":"max-image-preview:large","max-video-preview":"max-video-preview:-1"},"canonical":"https:\/\/www.pensarcursos.com.br\/blog\/concurso-cargo-de-educado-fisico\/","og_locale":"pt_BR","og_type":"article","og_title":"Concurso para o Cargo de Educador F\u00edsico est\u00e1 com inscri\u00e7\u00f5es abertas - Iniciais de R$ 5mil","og_description":"A prefeitura municipal abriu inscri\u00e7\u00f5es para o concurso p\u00fablico destinado ao cargo de Educador F\u00edsico. Com sal\u00e1rio inicial de R$ 5.053,23 e jornada de 40","og_url":"https:\/\/www.pensarcursos.com.br\/blog\/concurso-cargo-de-educado-fisico\/","og_site_name":"Blog Pensar Cursos","article_publisher":"https:\/\/www.facebook.com\/pensarcursos\/","article_author":"https:\/\/www.facebook.com\/profile.php?id=61550018262414","article_published_time":"2024-10-28T11:09:59+00:00","article_modified_time":"2024-10-29T12:19:38+00:00","og_image":[{"width":1200,"height":800,"url":"https:\/\/www.pensarcursos.com.br\/blog\/wp-content\/uploads\/2024\/10\/Concurso-P22-5.png","type":"image\/png"}],"author":"Gorete Costa","twitter_card":"summary_large_image","twitter_misc":{"Escrito por":"Gorete Costa","Est. tempo de leitura":"4 minutos"},"schema":{"@context":"https:\/\/schema.org","@graph":[{"@type":["Article","BlogPosting"],"@id":"https:\/\/www.pensarcursos.com.br\/blog\/concurso-cargo-de-educado-fisico\/#article","isPartOf":{"@id":"https:\/\/www.pensarcursos.com.br\/blog\/concurso-cargo-de-educado-fisico\/"},"author":{"name":"Gorete Costa","@id":"https:\/\/www.pensarcursos.com.br\/blog\/#\/schema\/person\/e133b19d62595d6ab0c12f3e5436a7bb"},"headline":"Concurso para o Cargo de Educador F\u00edsico est\u00e1 com inscri\u00e7\u00f5es abertas &#8211; Iniciais de R$ 5mil","datePublished":"2024-10-28T11:09:59+00:00","dateModified":"2024-10-29T12:19:38+00:00","mainEntityOfPage":{"@id":"https:\/\/www.pensarcursos.com.br\/blog\/concurso-cargo-de-educado-fisico\/"},"wordCount":732,"commentCount":0,"publisher":{"@id":"https:\/\/www.pensarcursos.com.br\/blog\/#organization"},"image":{"@id":"https:\/\/www.pensarcursos.com.br\/blog\/concurso-cargo-de-educado-fisico\/#primaryimage"},"thumbnailUrl":"https:\/\/www.pensarcursos.com.br\/blog\/wp-content\/uploads\/2024\/10\/Concurso-P22-5.png","keywords":["concurso da prefeitura de guarulhos sp","concurso para educador f\u00edsico","inscri\u00e7\u00f5es do concurso da prefeitura de guarulhos sp"],"articleSection":["Concursos P\u00fablicos"],"inLanguage":"pt-BR","potentialAction":[{"@type":"CommentAction","name":"Comment","target":["https:\/\/www.pensarcursos.com.br\/blog\/concurso-cargo-de-educado-fisico\/#respond"]}],"copyrightYear":"2024","copyrightHolder":{"@id":"https:\/\/www.pensarcursos.com.br\/blog\/#organization"}},{"@type":"WebPage","@id":"https:\/\/www.pensarcursos.com.br\/blog\/concurso-cargo-de-educado-fisico\/","url":"https:\/\/www.pensarcursos.com.br\/blog\/concurso-cargo-de-educado-fisico\/","name":"Concurso para o Cargo de Educador F\u00edsico est\u00e1 com inscri\u00e7\u00f5es abertas - Iniciais de R$ 5mil - Blog Pensar Cursos","isPartOf":{"@id":"https:\/\/www.pensarcursos.com.br\/blog\/#website"},"primaryImageOfPage":{"@id":"https:\/\/www.pensarcursos.com.br\/blog\/concurso-cargo-de-educado-fisico\/#primaryimage"},"image":{"@id":"https:\/\/www.pensarcursos.com.br\/blog\/concurso-cargo-de-educado-fisico\/#primaryimage"},"thumbnailUrl":"https:\/\/www.pensarcursos.com.br\/blog\/wp-content\/uploads\/2024\/10\/Concurso-P22-5.png","datePublished":"2024-10-28T11:09:59+00:00","dateModified":"2024-10-29T12:19:38+00:00","description":"A prefeitura municipal abriu inscri\u00e7\u00f5es para o concurso p\u00fablico destinado ao cargo de Educador F\u00edsico. Com sal\u00e1rio inicial de R$ 5.053,23 e jornada de 40","breadcrumb":{"@id":"https:\/\/www.pensarcursos.com.br\/blog\/concurso-cargo-de-educado-fisico\/#breadcrumb"},"inLanguage":"pt-BR","potentialAction":[{"@type":"ReadAction","target":["https:\/\/www.pensarcursos.com.br\/blog\/concurso-cargo-de-educado-fisico\/"]}]},{"@type":"ImageObject","inLanguage":"pt-BR","@id":"https:\/\/www.pensarcursos.com.br\/blog\/concurso-cargo-de-educado-fisico\/#primaryimage","url":"https:\/\/www.pensarcursos.com.br\/blog\/wp-content\/uploads\/2024\/10\/Concurso-P22-5.png","contentUrl":"https:\/\/www.pensarcursos.com.br\/blog\/wp-content\/uploads\/2024\/10\/Concurso-P22-5.png","width":1200,"height":800,"caption":"As provas do concurso ser\u00e3o aplicadas em dezembro. Imagem: Pensar Cursos"},{"@type":"BreadcrumbList","@id":"https:\/\/www.pensarcursos.com.br\/blog\/concurso-cargo-de-educado-fisico\/#breadcrumb","itemListElement":[{"@type":"ListItem","position":1,"name":"Home","item":"https:\/\/www.pensarcursos.com.br\/blog\/"},{"@type":"ListItem","position":2,"name":"Concurso para o Cargo de Educador F\u00edsico est\u00e1 com inscri\u00e7\u00f5es abertas &#8211; Iniciais de R$ 5mil"}]},{"@type":"WebSite","@id":"https:\/\/www.pensarcursos.com.br\/blog\/#website","url":"https:\/\/www.pensarcursos.com.br\/blog\/","name":"Blog Pensar Cursos","description":"Maior Site de Cursos do Brasil","publisher":{"@id":"https:\/\/www.pensarcursos.com.br\/blog\/#organization"},"alternateName":"Blog Pensar","potentialAction":[{"@type":"SearchAction","target":{"@type":"EntryPoint","urlTemplate":"https:\/\/www.pensarcursos.com.br\/blog\/?s={search_term_string}"},"query-input":{"@type":"PropertyValueSpecification","valueRequired":true,"valueName":"search_term_string"}}],"inLanguage":"pt-BR"},{"@type":"Organization","@id":"https:\/\/www.pensarcursos.com.br\/blog\/#organization","name":"Pensar Cursos","alternateName":"Blog pensar","url":"https:\/\/www.pensarcursos.com.br\/blog\/","logo":{"@type":"ImageObject","inLanguage":"pt-BR","@id":"https:\/\/www.pensarcursos.com.br\/blog\/#\/schema\/logo\/image\/","url":"https:\/\/www.pensarcursos.com.br\/blog\/wp-content\/uploads\/2023\/11\/Nova-Logo-Pensar-Cursos-vertical.png","contentUrl":"https:\/\/www.pensarcursos.com.br\/blog\/wp-content\/uploads\/2023\/11\/Nova-Logo-Pensar-Cursos-vertical.png","width":1393,"height":1001,"caption":"Pensar Cursos"},"image":{"@id":"https:\/\/www.pensarcursos.com.br\/blog\/#\/schema\/logo\/image\/"},"sameAs":["https:\/\/www.facebook.com\/pensarcursos\/","https:\/\/instagram.com.br\/pensarcursos"],"description":"Pensar Cursos \u00e9 uma empresa especializada em oferecer cursos de alta qualidade voltados para o desenvolvimento profissional e acad\u00eamico. Com uma ampla gama de op\u00e7\u00f5es de treinamento, oferecemos conte\u00fados atualizados, ministrados por especialistas da \u00e1rea, para capacitar indiv\u00edduos e equipes a atingirem seus objetivos. Nossa miss\u00e3o \u00e9 proporcionar uma educa\u00e7\u00e3o transformadora, acess\u00edvel e personalizada para cada aluno, seja em cursos presenciais ou online. Com uma abordagem inovadora, buscamos adaptar os nossos programas de ensino \u00e0s necessidades do mercado, criando solu\u00e7\u00f5es que atendem aos desafios e exig\u00eancias do mundo corporativo e acad\u00eamico. Nossos cursos incluem desde forma\u00e7\u00f5es t\u00e9cnicas at\u00e9 habilidades essenciais, como lideran\u00e7a, gest\u00e3o e desenvolvimento pessoal.","email":"contato@pensarcursos.com.br","legalName":"Sena Servi\u00e7os de Informa\u00e7\u00e3o Online LTDA","foundingDate":"2013-04-18","vatID":"17956217000172","numberOfEmployees":{"@type":"QuantitativeValue","minValue":"11","maxValue":"50"},"publishingPrinciples":"https:\/\/www.pensarcursos.com.br\/blog\/principios-de-publicacao\/","ownershipFundingInfo":"https:\/\/www.pensarcursos.com.br\/blog\/informacoes-de-propriedade-financiamento\/","actionableFeedbackPolicy":"https:\/\/www.pensarcursos.com.br\/blog\/politica-de-feedback-acionavel\/","correctionsPolicy":"https:\/\/www.pensarcursos.com.br\/blog\/politica-de-correcoes\/","ethicsPolicy":"https:\/\/www.pensarcursos.com.br\/blog\/politica-de-etica\/"},{"@type":"Person","@id":"https:\/\/www.pensarcursos.com.br\/blog\/#\/schema\/person\/e133b19d62595d6ab0c12f3e5436a7bb","name":"Gorete Costa","image":{"@type":"ImageObject","inLanguage":"pt-BR","@id":"https:\/\/secure.gravatar.com\/avatar\/8cb99f142e1cb1312d8c202378c20dc4f7210145acc22805481f4a3f47ce9b6f?s=96&d=mm&r=g","url":"https:\/\/secure.gravatar.com\/avatar\/8cb99f142e1cb1312d8c202378c20dc4f7210145acc22805481f4a3f47ce9b6f?s=96&d=mm&r=g","contentUrl":"https:\/\/secure.gravatar.com\/avatar\/8cb99f142e1cb1312d8c202378c20dc4f7210145acc22805481f4a3f47ce9b6f?s=96&d=mm&r=g","caption":"Gorete Costa"},"description":"Graduada em Servi\u00e7o Social pela Universidade do Norte do Paran\u00e1 (Unopar), Gorete Costa \u00e9 especialista em comunica\u00e7\u00e3o, atuando como radialista em programas jornal\u00edsticos e de entretenimento, al\u00e9m de produ\u00e7\u00e3o e revis\u00e3o de textos informativos para sites e blogs.","sameAs":["https:\/\/www.facebook.com\/profile.php?id=61550018262414"],"url":"https:\/\/www.pensarcursos.com.br\/blog\/author\/gorete\/"}]}},"_links":{"self":[{"href":"https:\/\/www.pensarcursos.com.br\/blog\/wp-json\/wp\/v2\/posts\/75707","targetHints":{"allow":["GET"]}}],"collection":[{"href":"https:\/\/www.pensarcursos.com.br\/blog\/wp-json\/wp\/v2\/posts"}],"about":[{"href":"https:\/\/www.pensarcursos.com.br\/blog\/wp-json\/wp\/v2\/types\/post"}],"author":[{"embeddable":true,"href":"https:\/\/www.pensarcursos.com.br\/blog\/wp-json\/wp\/v2\/users\/17"}],"replies":[{"embeddable":true,"href":"https:\/\/www.pensarcursos.com.br\/blog\/wp-json\/wp\/v2\/comments?post=75707"}],"version-history":[{"count":0,"href":"https:\/\/www.pensarcursos.com.br\/blog\/wp-json\/wp\/v2\/posts\/75707\/revisions"}],"wp:featuredmedia":[{"embeddable":true,"href":"https:\/\/www.pensarcursos.com.br\/blog\/wp-json\/wp\/v2\/media\/75711"}],"wp:attachment":[{"href":"https:\/\/www.pensarcursos.com.br\/blog\/wp-json\/wp\/v2\/media?parent=75707"}],"wp:term":[{"taxonomy":"category","embeddable":true,"href":"https:\/\/www.pensarcursos.com.br\/blog\/wp-json\/wp\/v2\/categories?post=75707"},{"taxonomy":"post_tag","embeddable":true,"href":"https:\/\/www.pensarcursos.com.br\/blog\/wp-json\/wp\/v2\/tags?post=75707"}],"curies":[{"name":"wp","href":"https:\/\/api.w.org\/{rel}","templated":true}]}}