{"id":75676,"date":"2024-10-28T07:09:38","date_gmt":"2024-10-28T10:09:38","guid":{"rendered":"https:\/\/www.pensarcursos.com.br\/blog\/?p=75676"},"modified":"2024-10-26T21:45:00","modified_gmt":"2024-10-27T00:45:00","slug":"desafio-visual-qual-a-peca-que-esta-faltando-na-imagem","status":"publish","type":"post","link":"https:\/\/www.pensarcursos.com.br\/blog\/desafio-visual-qual-a-peca-que-esta-faltando-na-imagem\/","title":{"rendered":"Desafio visual: qual a pe\u00e7a que est\u00e1 faltando na imagem?"},"content":{"rendered":"<p>Este <strong>desafio visual<\/strong> coloca voc\u00ea diante de um cen\u00e1rio encantador de p\u00f4r do sol com uma &#8220;pe\u00e7a&#8221; faltando. Parece simples, mas exige aten\u00e7\u00e3o aos m\u00ednimos detalhes para completar a imagem corretamente. Ser\u00e1 que voc\u00ea consegue?<\/p>\n<h2><strong>O desafio visual do p\u00f4r do sol<\/strong><\/h2>\n<p>A <strong><a href=\"https:\/\/www.pensarcursos.com.br\/blog\/ilusao-de-otica-consegue-identificar-o-elefante-na-imagem\/\" target=\"_blank\" rel=\"noopener\">imagem<\/a> <\/strong>mostra um cen\u00e1rio vibrante de p\u00f4r do sol com montanhas ao fundo e um lago em tons de roxo e rosa. No centro da cena, uma figura aponta para o c\u00e9u, onde h\u00e1 um c\u00edrculo preto cobrindo parte da paisagem, como se uma pe\u00e7a estivesse faltando para completar a imagem.<\/p>\n<p>Na parte inferior, h\u00e1 cinco op\u00e7\u00f5es de pe\u00e7as circulares com varia\u00e7\u00f5es de cores e formas que parecem corresponder aos detalhes da cena, como o degrad\u00ea de cores do p\u00f4r do sol e as sombras das montanhas.<\/p>\n<p><strong>Desafio<\/strong>: A miss\u00e3o \u00e9 encontrar qual dessas cinco pe\u00e7as completa o espa\u00e7o vazio na <strong><a href=\"https:\/\/www.pensarcursos.com.br\/blog\/teste-de-qi-encontre-o-erro-na-imagem-do-casal-jantando\/\" target=\"_blank\" rel=\"noopener\">imagem<\/a> <\/strong>do p\u00f4r do sol. Esse exerc\u00edcio visual exige aten\u00e7\u00e3o aos detalhes de cores, gradientes e formas para escolher a pe\u00e7a correta. Observe cada op\u00e7\u00e3o com cuidado e tente identificar a que melhor se encaixa para tornar a paisagem completa novamente. Boa sorte!<\/p>\n<figure id=\"attachment_75684\" aria-describedby=\"caption-attachment-75684\" style=\"width: 728px\" class=\"wp-caption aligncenter\"><img decoding=\"async\" class=\"size-full wp-image-75684\" title=\"desafio visual do por do sol\" src=\"https:\/\/www.pensarcursos.com.br\/blog\/wp-content\/uploads\/2024\/10\/desafio-visual-do-por-do-sol.jpg\" alt=\"Desafio visual do p\u00f4r do sol. Fonte: Brightside.com\" width=\"728\" height=\"633\" srcset=\"https:\/\/www.pensarcursos.com.br\/blog\/wp-content\/uploads\/2024\/10\/desafio-visual-do-por-do-sol.jpg 728w, https:\/\/www.pensarcursos.com.br\/blog\/wp-content\/uploads\/2024\/10\/desafio-visual-do-por-do-sol-300x261.jpg 300w\" sizes=\"(max-width: 728px) 100vw, 728px\" \/><figcaption id=\"caption-attachment-75684\" class=\"wp-caption-text\">Desafio visual do p\u00f4r do sol. Fonte: Brightside.com<\/figcaption><\/figure>\n<h3><strong>Dicas para resolver o desafio<\/strong><\/h3>\n<p>Aqui est\u00e3o algumas dicas para ajudar voc\u00ea a encontrar a pe\u00e7a correta para completar o p\u00f4r do sol:<\/p>\n<ol>\n<li><strong>Observe o degrad\u00ea de cores<\/strong>: Note como as cores no p\u00f4r do sol passam de tons mais escuros para mais claros. Compare essa transi\u00e7\u00e3o com as pe\u00e7as dispon\u00edveis e procure a que segue o mesmo padr\u00e3o de cor.<\/li>\n<li><strong>Verifique as linhas e contornos<\/strong>: As montanhas e o lago criam linhas e formas espec\u00edficas na imagem. Tente encontrar uma pe\u00e7a que siga o contorno da paisagem que est\u00e1 coberta pelo c\u00edrculo preto.<\/li>\n<li><strong>Preste aten\u00e7\u00e3o nos detalhes das montanhas<\/strong>: Algumas pe\u00e7as mostram partes de montanhas e outras n\u00e3o. Identifique se o espa\u00e7o vazio precisa de uma pe\u00e7a que inclua um contorno de montanha espec\u00edfico.<\/li>\n<li><strong>Analise o c\u00e9u e o brilho do sol<\/strong>: Se o espa\u00e7o vazio estiver pr\u00f3ximo ao sol, verifique se a pe\u00e7a tem um brilho correspondente ou se est\u00e1 mais escura para coincidir com as sombras.<\/li>\n<li><strong>Combine o fundo e as sombras<\/strong>: Algumas \u00e1reas da pe\u00e7a precisam combinar com as sombras e o fundo escuro da imagem. Procure a op\u00e7\u00e3o que se mistura melhor com esses elementos.<\/li>\n<\/ol>\n<h2><strong>Resposta do desafio<\/strong><\/h2>\n<p>Quer conferir se sua resposta est\u00e1 correta? Confira o resultado na <strong><a href=\"https:\/\/www.pensarcursos.com.br\/blog\/teste-de-qi-quem-esta-carregando-mais-peso-na-imagem\/\" target=\"_blank\" rel=\"noopener\">imagem<\/a> <\/strong>abaixo!<\/p>\n<figure id=\"attachment_75683\" aria-describedby=\"caption-attachment-75683\" style=\"width: 728px\" class=\"wp-caption aligncenter\"><img decoding=\"async\" class=\"size-full wp-image-75683\" title=\"resposta do desafio visual do por do sol\" src=\"https:\/\/www.pensarcursos.com.br\/blog\/wp-content\/uploads\/2024\/10\/resposta-do-desafio-visual-do-por-do-sol.jpg\" alt=\"Resposta do desafio visual do p\u00f4r do sol. Fonte: Brightside.com.\" width=\"728\" height=\"633\" srcset=\"https:\/\/www.pensarcursos.com.br\/blog\/wp-content\/uploads\/2024\/10\/resposta-do-desafio-visual-do-por-do-sol.jpg 728w, https:\/\/www.pensarcursos.com.br\/blog\/wp-content\/uploads\/2024\/10\/resposta-do-desafio-visual-do-por-do-sol-300x261.jpg 300w\" sizes=\"(max-width: 728px) 100vw, 728px\" \/><figcaption id=\"caption-attachment-75683\" class=\"wp-caption-text\">Resposta do desafio visual do p\u00f4r do sol. Fonte: Brightside.com.<\/figcaption><\/figure>\n","protected":false},"excerpt":{"rendered":"<p>Este desafio visual coloca voc\u00ea diante de um cen\u00e1rio encantador de p\u00f4r do sol com uma &#8220;pe\u00e7a&#8221; faltando. Parece simples, mas exige aten\u00e7\u00e3o aos m\u00ednimos detalhes para completar a imagem corretamente. Ser\u00e1 que voc\u00ea consegue? O desafio visual do p\u00f4r do sol A imagem mostra um cen\u00e1rio vibrante de p\u00f4r do sol com montanhas ao [&hellip;]<\/p>\n","protected":false},"author":13,"featured_media":75682,"comment_status":"open","ping_status":"closed","sticky":false,"template":"","format":"standard","meta":{"jnews-multi-image_gallery":[],"jnews_single_post":[],"jnews_primary_category":[],"jnews_social_meta":[],"jnews_override_counter":[],"footnotes":""},"categories":[1947],"tags":[1464,1499,1978],"class_list":["post-75676","post","type-post","status-publish","format-standard","has-post-thumbnail","hentry","category-curiosidades","tag-desafio-visual","tag-ilusao-de-otica","tag-teste-visual"],"yoast_head":"<!-- This site is optimized with the Yoast SEO Premium plugin v27.4 (Yoast SEO v27.4) - https:\/\/yoast.com\/product\/yoast-seo-premium-wordpress\/ -->\n<title>Desafio visual: qual a pe\u00e7a que est\u00e1 faltando na imagem? - Blog Pensar Cursos<\/title>\n<meta name=\"description\" content=\"Este desafio visual coloca voc\u00ea diante de um cen\u00e1rio encantador de p\u00f4r do sol com uma &quot;pe\u00e7a&quot; faltando. Parece simples, mas exige aten\u00e7\u00e3o aos m\u00ednimos\" \/>\n<meta name=\"robots\" content=\"index, follow, max-snippet:-1, max-image-preview:large, max-video-preview:-1\" \/>\n<link rel=\"canonical\" href=\"https:\/\/www.pensarcursos.com.br\/blog\/desafio-visual-qual-a-peca-que-esta-faltando-na-imagem\/\" \/>\n<meta property=\"og:locale\" content=\"pt_BR\" \/>\n<meta property=\"og:type\" content=\"article\" \/>\n<meta property=\"og:title\" content=\"Desafio visual: qual a pe\u00e7a que est\u00e1 faltando na imagem?\" \/>\n<meta property=\"og:description\" content=\"Este desafio visual coloca voc\u00ea diante de um cen\u00e1rio encantador de p\u00f4r do sol com uma &quot;pe\u00e7a&quot; faltando. Parece simples, mas exige aten\u00e7\u00e3o aos m\u00ednimos\" \/>\n<meta property=\"og:url\" content=\"https:\/\/www.pensarcursos.com.br\/blog\/desafio-visual-qual-a-peca-que-esta-faltando-na-imagem\/\" \/>\n<meta property=\"og:site_name\" content=\"Blog Pensar Cursos\" \/>\n<meta property=\"article:publisher\" content=\"https:\/\/www.facebook.com\/pensarcursos\/\" \/>\n<meta property=\"article:author\" content=\"https:\/\/www.facebook.com\/julia.koerich.39\" \/>\n<meta property=\"article:published_time\" content=\"2024-10-28T10:09:38+00:00\" \/>\n<meta property=\"og:image\" content=\"https:\/\/www.pensarcursos.com.br\/blog\/wp-content\/uploads\/2024\/10\/desafio-visual-do-por-do-sol.png\" \/>\n\t<meta property=\"og:image:width\" content=\"1200\" \/>\n\t<meta property=\"og:image:height\" content=\"800\" \/>\n\t<meta property=\"og:image:type\" content=\"image\/png\" \/>\n<meta name=\"author\" content=\"Julia Koerich\" \/>\n<meta name=\"twitter:card\" content=\"summary_large_image\" \/>\n<meta name=\"twitter:label1\" content=\"Escrito por\" \/>\n\t<meta name=\"twitter:data1\" content=\"Julia Koerich\" \/>\n\t<meta name=\"twitter:label2\" content=\"Est. tempo de leitura\" \/>\n\t<meta name=\"twitter:data2\" content=\"2 minutos\" \/>\n<!-- \/ Yoast SEO Premium plugin. -->","yoast_head_json":{"title":"Desafio visual: qual a pe\u00e7a que est\u00e1 faltando na imagem? - Blog Pensar Cursos","description":"Este desafio visual coloca voc\u00ea diante de um cen\u00e1rio encantador de p\u00f4r do sol com uma \"pe\u00e7a\" faltando. Parece simples, mas exige aten\u00e7\u00e3o aos m\u00ednimos","robots":{"index":"index","follow":"follow","max-snippet":"max-snippet:-1","max-image-preview":"max-image-preview:large","max-video-preview":"max-video-preview:-1"},"canonical":"https:\/\/www.pensarcursos.com.br\/blog\/desafio-visual-qual-a-peca-que-esta-faltando-na-imagem\/","og_locale":"pt_BR","og_type":"article","og_title":"Desafio visual: qual a pe\u00e7a que est\u00e1 faltando na imagem?","og_description":"Este desafio visual coloca voc\u00ea diante de um cen\u00e1rio encantador de p\u00f4r do sol com uma \"pe\u00e7a\" faltando. Parece simples, mas exige aten\u00e7\u00e3o aos m\u00ednimos","og_url":"https:\/\/www.pensarcursos.com.br\/blog\/desafio-visual-qual-a-peca-que-esta-faltando-na-imagem\/","og_site_name":"Blog Pensar Cursos","article_publisher":"https:\/\/www.facebook.com\/pensarcursos\/","article_author":"https:\/\/www.facebook.com\/julia.koerich.39","article_published_time":"2024-10-28T10:09:38+00:00","og_image":[{"width":1200,"height":800,"url":"https:\/\/www.pensarcursos.com.br\/blog\/wp-content\/uploads\/2024\/10\/desafio-visual-do-por-do-sol.png","type":"image\/png"}],"author":"Julia Koerich","twitter_card":"summary_large_image","twitter_misc":{"Escrito por":"Julia Koerich","Est. tempo de leitura":"2 minutos"},"schema":{"@context":"https:\/\/schema.org","@graph":[{"@type":["Article","BlogPosting"],"@id":"https:\/\/www.pensarcursos.com.br\/blog\/desafio-visual-qual-a-peca-que-esta-faltando-na-imagem\/#article","isPartOf":{"@id":"https:\/\/www.pensarcursos.com.br\/blog\/desafio-visual-qual-a-peca-que-esta-faltando-na-imagem\/"},"author":{"name":"Julia Koerich","@id":"https:\/\/www.pensarcursos.com.br\/blog\/#\/schema\/person\/488f02c6a8789bf91624f246e1087f54"},"headline":"Desafio visual: qual a pe\u00e7a que est\u00e1 faltando na imagem?","datePublished":"2024-10-28T10:09:38+00:00","mainEntityOfPage":{"@id":"https:\/\/www.pensarcursos.com.br\/blog\/desafio-visual-qual-a-peca-que-esta-faltando-na-imagem\/"},"wordCount":485,"commentCount":0,"publisher":{"@id":"https:\/\/www.pensarcursos.com.br\/blog\/#organization"},"image":{"@id":"https:\/\/www.pensarcursos.com.br\/blog\/desafio-visual-qual-a-peca-que-esta-faltando-na-imagem\/#primaryimage"},"thumbnailUrl":"https:\/\/www.pensarcursos.com.br\/blog\/wp-content\/uploads\/2024\/10\/desafio-visual-do-por-do-sol.png","keywords":["desafio visual","ilus\u00e3o de \u00f3tica","teste visual"],"articleSection":["Curiosidades"],"inLanguage":"pt-BR","potentialAction":[{"@type":"CommentAction","name":"Comment","target":["https:\/\/www.pensarcursos.com.br\/blog\/desafio-visual-qual-a-peca-que-esta-faltando-na-imagem\/#respond"]}],"copyrightYear":"2024","copyrightHolder":{"@id":"https:\/\/www.pensarcursos.com.br\/blog\/#organization"}},{"@type":"WebPage","@id":"https:\/\/www.pensarcursos.com.br\/blog\/desafio-visual-qual-a-peca-que-esta-faltando-na-imagem\/","url":"https:\/\/www.pensarcursos.com.br\/blog\/desafio-visual-qual-a-peca-que-esta-faltando-na-imagem\/","name":"Desafio visual: qual a pe\u00e7a que est\u00e1 faltando na imagem? - Blog Pensar Cursos","isPartOf":{"@id":"https:\/\/www.pensarcursos.com.br\/blog\/#website"},"primaryImageOfPage":{"@id":"https:\/\/www.pensarcursos.com.br\/blog\/desafio-visual-qual-a-peca-que-esta-faltando-na-imagem\/#primaryimage"},"image":{"@id":"https:\/\/www.pensarcursos.com.br\/blog\/desafio-visual-qual-a-peca-que-esta-faltando-na-imagem\/#primaryimage"},"thumbnailUrl":"https:\/\/www.pensarcursos.com.br\/blog\/wp-content\/uploads\/2024\/10\/desafio-visual-do-por-do-sol.png","datePublished":"2024-10-28T10:09:38+00:00","description":"Este desafio visual coloca voc\u00ea diante de um cen\u00e1rio encantador de p\u00f4r do sol com uma \"pe\u00e7a\" faltando. Parece simples, mas exige aten\u00e7\u00e3o aos m\u00ednimos","breadcrumb":{"@id":"https:\/\/www.pensarcursos.com.br\/blog\/desafio-visual-qual-a-peca-que-esta-faltando-na-imagem\/#breadcrumb"},"inLanguage":"pt-BR","potentialAction":[{"@type":"ReadAction","target":["https:\/\/www.pensarcursos.com.br\/blog\/desafio-visual-qual-a-peca-que-esta-faltando-na-imagem\/"]}]},{"@type":"ImageObject","inLanguage":"pt-BR","@id":"https:\/\/www.pensarcursos.com.br\/blog\/desafio-visual-qual-a-peca-que-esta-faltando-na-imagem\/#primaryimage","url":"https:\/\/www.pensarcursos.com.br\/blog\/wp-content\/uploads\/2024\/10\/desafio-visual-do-por-do-sol.png","contentUrl":"https:\/\/www.pensarcursos.com.br\/blog\/wp-content\/uploads\/2024\/10\/desafio-visual-do-por-do-sol.png","width":1200,"height":800,"caption":"Desafio visual do p\u00f4r do sol. Fonte: Brightside.com"},{"@type":"BreadcrumbList","@id":"https:\/\/www.pensarcursos.com.br\/blog\/desafio-visual-qual-a-peca-que-esta-faltando-na-imagem\/#breadcrumb","itemListElement":[{"@type":"ListItem","position":1,"name":"Home","item":"https:\/\/www.pensarcursos.com.br\/blog\/"},{"@type":"ListItem","position":2,"name":"Desafio visual: qual a pe\u00e7a que est\u00e1 faltando na imagem?"}]},{"@type":"WebSite","@id":"https:\/\/www.pensarcursos.com.br\/blog\/#website","url":"https:\/\/www.pensarcursos.com.br\/blog\/","name":"Blog Pensar Cursos","description":"Maior Site de Cursos do Brasil","publisher":{"@id":"https:\/\/www.pensarcursos.com.br\/blog\/#organization"},"alternateName":"Blog Pensar","potentialAction":[{"@type":"SearchAction","target":{"@type":"EntryPoint","urlTemplate":"https:\/\/www.pensarcursos.com.br\/blog\/?s={search_term_string}"},"query-input":{"@type":"PropertyValueSpecification","valueRequired":true,"valueName":"search_term_string"}}],"inLanguage":"pt-BR"},{"@type":"Organization","@id":"https:\/\/www.pensarcursos.com.br\/blog\/#organization","name":"Pensar Cursos","alternateName":"Blog pensar","url":"https:\/\/www.pensarcursos.com.br\/blog\/","logo":{"@type":"ImageObject","inLanguage":"pt-BR","@id":"https:\/\/www.pensarcursos.com.br\/blog\/#\/schema\/logo\/image\/","url":"https:\/\/www.pensarcursos.com.br\/blog\/wp-content\/uploads\/2023\/11\/Nova-Logo-Pensar-Cursos-vertical.png","contentUrl":"https:\/\/www.pensarcursos.com.br\/blog\/wp-content\/uploads\/2023\/11\/Nova-Logo-Pensar-Cursos-vertical.png","width":1393,"height":1001,"caption":"Pensar Cursos"},"image":{"@id":"https:\/\/www.pensarcursos.com.br\/blog\/#\/schema\/logo\/image\/"},"sameAs":["https:\/\/www.facebook.com\/pensarcursos\/","https:\/\/instagram.com.br\/pensarcursos"],"description":"Pensar Cursos \u00e9 uma empresa especializada em oferecer cursos de alta qualidade voltados para o desenvolvimento profissional e acad\u00eamico. Com uma ampla gama de op\u00e7\u00f5es de treinamento, oferecemos conte\u00fados atualizados, ministrados por especialistas da \u00e1rea, para capacitar indiv\u00edduos e equipes a atingirem seus objetivos. Nossa miss\u00e3o \u00e9 proporcionar uma educa\u00e7\u00e3o transformadora, acess\u00edvel e personalizada para cada aluno, seja em cursos presenciais ou online. Com uma abordagem inovadora, buscamos adaptar os nossos programas de ensino \u00e0s necessidades do mercado, criando solu\u00e7\u00f5es que atendem aos desafios e exig\u00eancias do mundo corporativo e acad\u00eamico. Nossos cursos incluem desde forma\u00e7\u00f5es t\u00e9cnicas at\u00e9 habilidades essenciais, como lideran\u00e7a, gest\u00e3o e desenvolvimento pessoal.","email":"contato@pensarcursos.com.br","legalName":"Sena Servi\u00e7os de Informa\u00e7\u00e3o Online LTDA","foundingDate":"2013-04-18","vatID":"17956217000172","numberOfEmployees":{"@type":"QuantitativeValue","minValue":"11","maxValue":"50"},"publishingPrinciples":"https:\/\/www.pensarcursos.com.br\/blog\/principios-de-publicacao\/","ownershipFundingInfo":"https:\/\/www.pensarcursos.com.br\/blog\/informacoes-de-propriedade-financiamento\/","actionableFeedbackPolicy":"https:\/\/www.pensarcursos.com.br\/blog\/politica-de-feedback-acionavel\/","correctionsPolicy":"https:\/\/www.pensarcursos.com.br\/blog\/politica-de-correcoes\/","ethicsPolicy":"https:\/\/www.pensarcursos.com.br\/blog\/politica-de-etica\/"},{"@type":"Person","@id":"https:\/\/www.pensarcursos.com.br\/blog\/#\/schema\/person\/488f02c6a8789bf91624f246e1087f54","name":"Julia Koerich","image":{"@type":"ImageObject","inLanguage":"pt-BR","@id":"https:\/\/secure.gravatar.com\/avatar\/e2c74e498d61f83af52fb247a0fa8bf30283598a08bd3fb3137d2aed86153e19?s=96&d=mm&r=g","url":"https:\/\/secure.gravatar.com\/avatar\/e2c74e498d61f83af52fb247a0fa8bf30283598a08bd3fb3137d2aed86153e19?s=96&d=mm&r=g","contentUrl":"https:\/\/secure.gravatar.com\/avatar\/e2c74e498d61f83af52fb247a0fa8bf30283598a08bd3fb3137d2aed86153e19?s=96&d=mm&r=g","caption":"Julia Koerich"},"description":"Julia \u00e9 uma redatora de conte\u00fado criativa e vers\u00e1til, com mais de cinco anos de experi\u00eancia em escrita para blogs. Ela tem uma habilidade \u00fanica para adaptar seu estilo de escrita a diferentes p\u00fablicos e temas. Ela \u00e9 especialista em criar artigos detalhados e bem pesquisados, garantindo que cada pe\u00e7a seja informativa e atraente.","sameAs":["https:\/\/www.facebook.com\/julia.koerich.39"],"url":"https:\/\/www.pensarcursos.com.br\/blog\/author\/julia\/"}]}},"_links":{"self":[{"href":"https:\/\/www.pensarcursos.com.br\/blog\/wp-json\/wp\/v2\/posts\/75676","targetHints":{"allow":["GET"]}}],"collection":[{"href":"https:\/\/www.pensarcursos.com.br\/blog\/wp-json\/wp\/v2\/posts"}],"about":[{"href":"https:\/\/www.pensarcursos.com.br\/blog\/wp-json\/wp\/v2\/types\/post"}],"author":[{"embeddable":true,"href":"https:\/\/www.pensarcursos.com.br\/blog\/wp-json\/wp\/v2\/users\/13"}],"replies":[{"embeddable":true,"href":"https:\/\/www.pensarcursos.com.br\/blog\/wp-json\/wp\/v2\/comments?post=75676"}],"version-history":[{"count":0,"href":"https:\/\/www.pensarcursos.com.br\/blog\/wp-json\/wp\/v2\/posts\/75676\/revisions"}],"wp:featuredmedia":[{"embeddable":true,"href":"https:\/\/www.pensarcursos.com.br\/blog\/wp-json\/wp\/v2\/media\/75682"}],"wp:attachment":[{"href":"https:\/\/www.pensarcursos.com.br\/blog\/wp-json\/wp\/v2\/media?parent=75676"}],"wp:term":[{"taxonomy":"category","embeddable":true,"href":"https:\/\/www.pensarcursos.com.br\/blog\/wp-json\/wp\/v2\/categories?post=75676"},{"taxonomy":"post_tag","embeddable":true,"href":"https:\/\/www.pensarcursos.com.br\/blog\/wp-json\/wp\/v2\/tags?post=75676"}],"curies":[{"name":"wp","href":"https:\/\/api.w.org\/{rel}","templated":true}]}}