{"id":75139,"date":"2024-10-23T11:09:33","date_gmt":"2024-10-23T14:09:33","guid":{"rendered":"https:\/\/www.pensarcursos.com.br\/blog\/?p=75139"},"modified":"2024-10-23T11:59:39","modified_gmt":"2024-10-23T14:59:39","slug":"governo-vai-proibir-uso-do-celular","status":"publish","type":"post","link":"https:\/\/www.pensarcursos.com.br\/blog\/governo-vai-proibir-uso-do-celular\/","title":{"rendered":"\u00c9 verdade que o governo vai proibir uso do celular na escola?"},"content":{"rendered":"<p>Nos \u00faltimos tempos, um tema vem ganhando destaque: o <strong>uso do celular na escola<\/strong>. Ser\u00e1 que o governo realmente vai proibir o uso desses aparelhos em ambiente escolar? Esse assunto vem sendo debatido por pais, professores, alunos e pol\u00edticos.<\/p>\n<p>De fato, um projeto de lei foi criado para regulamentar o uso de aparelhos eletr\u00f4nicos nas institui\u00e7\u00f5es de ensino. Mas o que exatamente essa proposta traz? E quais s\u00e3o suas justificativas?<\/p>\n<p>Entenda melhor o que est\u00e1 por tr\u00e1s dessa discuss\u00e3o e como a proibi\u00e7\u00e3o do celular nas escolas pode impactar o ambiente educacional.<\/p>\n<h2>A proposta de proibi\u00e7\u00e3o<\/h2>\n<p>A proposta de proibi\u00e7\u00e3o do <strong><a href=\"https:\/\/www.pensarcursos.com.br\/blog\/como-minimizar-os-riscos-do-uso-de-celular-em-excesso-por-estudantes\/\" target=\"_blank\" rel=\"noopener\">uso do celular<\/a> na escola<\/strong> tem como base um projeto de lei que est\u00e1 em tramita\u00e7\u00e3o na C\u00e2mara dos Deputados desde 2015. O deputado Alceu Moreira (MDB-RS) \u00e9 o autor da proposta original, que foi retomada recentemente ap\u00f3s discuss\u00f5es dentro do Minist\u00e9rio da Educa\u00e7\u00e3o. O deputado Diego Garcia (Republicanos-PR) apresentou, em outubro de 2024, seu parecer sobre o tema, que dever\u00e1 ser analisado pela Comiss\u00e3o de Educa\u00e7\u00e3o.<\/p>\n<p>A proposta prev\u00ea a proibi\u00e7\u00e3o do uso de celulares e outros aparelhos eletr\u00f4nicos em todas as etapas da Educa\u00e7\u00e3o B\u00e1sica, tanto em escolas p\u00fablicas quanto privadas. A ideia central \u00e9 restringir o uso desses dispositivos, n\u00e3o s\u00f3 dentro das salas de aula, mas tamb\u00e9m durante os intervalos e recreios.<\/p>\n<p>No entanto, existem algumas exce\u00e7\u00f5es previstas, que ser\u00e1 mostrada mais adiante.<\/p>\n<h2>Por que proibir o uso do celular na escola?<\/h2>\n<p>A justificativa para a proibi\u00e7\u00e3o do <strong>uso do celular na escola<\/strong> est\u00e1 relacionada a quest\u00f5es de comportamento e sa\u00fade dos estudantes. Segundo o relator do projeto, o principal objetivo \u00e9 proteger crian\u00e7as e adolescentes, prevenindo problemas de ordem individual e social.<\/p>\n<p>O uso excessivo de dispositivos eletr\u00f4nicos tem gerado preocupa\u00e7\u00f5es entre especialistas. Eles apontam que o tempo excessivo em frente \u00e0s telas pode prejudicar a socializa\u00e7\u00e3o, o desenvolvimento cognitivo e at\u00e9 a sa\u00fade mental dos alunos.<\/p>\n<p>Al\u00e9m disso, h\u00e1 o risco do acesso a conte\u00fados impr\u00f3prios, como pornografia, viol\u00eancia e drogas. Essas preocupa\u00e7\u00f5es fundamentam a proposta de proibi\u00e7\u00e3o, que visa proporcionar um ambiente escolar mais seguro e focado no aprendizado.<\/p>\n<p>Portanto, por consequ\u00eancia, a medida busca promover um ambiente mais prop\u00edcio \u00e0 socializa\u00e7\u00e3o e ao engajamento em atividades f\u00edsicas e intelectuais, especialmente para os alunos mais jovens.<\/p>\n<h2>Exce\u00e7\u00f5es \u00e0 regra<\/h2>\n<p>Embora o projeto defenda a proibi\u00e7\u00e3o geral do <strong>uso do celular na escola<\/strong>, existem exce\u00e7\u00f5es. Uma delas \u00e9 o uso de dispositivos para fins pedag\u00f3gicos. Ou seja, quando o professor autorizar o uso para atividades educacionais espec\u00edficas, os alunos poder\u00e3o utilizar os celulares.<\/p>\n<p>Al\u00e9m disso, alunos com defici\u00eancia ter\u00e3o o direito de usar aparelhos eletr\u00f4nicos que contribuam para sua inclus\u00e3o e acessibilidade. Aplicativos e dispositivos espec\u00edficos podem auxiliar esses estudantes em sua aprendizagem, derrubando barreiras que dificultam seu progresso. Outro ponto destacado \u00e9 o uso para monitoramento de sa\u00fade, como a medi\u00e7\u00e3o de glicemia por diab\u00e9ticos.<\/p>\n<p>Essas exce\u00e7\u00f5es s\u00e3o fundamentais para garantir que a proibi\u00e7\u00e3o n\u00e3o prejudique o aprendizado e a inclus\u00e3o de alunos que necessitam de recursos tecnol\u00f3gicos para estudar e cuidar de sua sa\u00fade.<\/p>\n<h2>O impacto da proibi\u00e7\u00e3o nas escolas<\/h2>\n<p>A implementa\u00e7\u00e3o da proibi\u00e7\u00e3o do <strong>uso do celular na escola<\/strong> traz \u00e0 tona diferentes reflex\u00f5es sobre o ambiente escolar. Por um lado, muitos educadores acreditam que a medida ajudaria a diminuir a distra\u00e7\u00e3o dos alunos durante as<a href=\"https:\/\/www.pensarcursos.com.br\/blog\/como-desenvolver-a-oralidade-em-aulas-de-portugues\/\" target=\"_blank\" rel=\"noopener\"> aulas<\/a>. Com menos interfer\u00eancias, os alunos poderiam se concentrar melhor no conte\u00fado ensinado.<\/p>\n<p>Por outro lado, alguns defendem que, quando usados corretamente, os celulares podem ser ferramentas \u00fateis no processo de ensino-aprendizagem. Com a pandemia, muitas escolas adotaram ferramentas digitais e os celulares se tornaram aliados no aprendizado. Entretanto, a proposta sugere que o uso desses dispositivos seja restrito apenas a momentos pedag\u00f3gicos espec\u00edficos, com supervis\u00e3o dos professores.<\/p>\n<p>Al\u00e9m disso, a proibi\u00e7\u00e3o pode ajudar a diminuir os casos de bullying digital e a exposi\u00e7\u00e3o a conte\u00fados inadequados. O ambiente escolar, dessa forma, se torna mais controlado e seguro para os estudantes.<\/p>\n<figure id=\"attachment_75141\" aria-describedby=\"caption-attachment-75141\" style=\"width: 710px\" class=\"wp-caption aligncenter\"><img decoding=\"async\" class=\"wp-image-75141 \" title=\"People, technology and communication concept Close up shot of generic white mobile phone with copy space for your promotional content, held by African American male, who doing paperwork at home\" src=\"https:\/\/www.pensarcursos.com.br\/blog\/wp-content\/uploads\/2024\/10\/close-up-shot-generic-white-mobile-phone-1024x683.jpg\" alt=\"Uma das exce\u00e7\u00f5es do uso do celular na escola \u00e9 para fins pedag\u00f3gicos. Imagem: Freepik\" width=\"710\" height=\"473\" srcset=\"https:\/\/www.pensarcursos.com.br\/blog\/wp-content\/uploads\/2024\/10\/close-up-shot-generic-white-mobile-phone-1024x683.jpg 1024w, https:\/\/www.pensarcursos.com.br\/blog\/wp-content\/uploads\/2024\/10\/close-up-shot-generic-white-mobile-phone-300x200.jpg 300w, https:\/\/www.pensarcursos.com.br\/blog\/wp-content\/uploads\/2024\/10\/close-up-shot-generic-white-mobile-phone-768x512.jpg 768w, https:\/\/www.pensarcursos.com.br\/blog\/wp-content\/uploads\/2024\/10\/close-up-shot-generic-white-mobile-phone.jpg 1200w\" sizes=\"(max-width: 710px) 100vw, 710px\" \/><figcaption id=\"caption-attachment-75141\" class=\"wp-caption-text\">Uma das exce\u00e7\u00f5es do uso do celular na escola \u00e9 para fins pedag\u00f3gicos. Imagem: Freepik<\/figcaption><\/figure>\n<h2>Quest\u00f5es de sa\u00fade mental e o uso imoderado de telas<\/h2>\n<p>Outro ponto abordado pelo projeto \u00e9 a rela\u00e7\u00e3o entre o <strong>uso do celular na escola<\/strong> e a sa\u00fade mental dos alunos. O uso imoderado de telas pode gerar problemas como <a href=\"https:\/\/www.pensarcursos.com.br\/blog\/vicios-de-linguagem-ansiedade\/\" target=\"_blank\" rel=\"noopener\">ansiedade<\/a>, ins\u00f4nia e at\u00e9 mesmo depend\u00eancia digital, conhecida como nomofobia (medo de ficar sem o celular).<\/p>\n<p>Por isso, o projeto inclui a necessidade de as escolas desenvolverem estrat\u00e9gias para lidar com a sa\u00fade mental dos alunos. As redes de ensino, p\u00fablicas e privadas, devem oferecer treinamentos peri\u00f3dicos aos funcion\u00e1rios para identificar sinais de sofrimento ps\u00edquico, que podem estar relacionados ao uso excessivo de aparelhos eletr\u00f4nicos.<\/p>\n<p>Tamb\u00e9m ser\u00e3o criados espa\u00e7os de escuta e acolhimento para receber alunos que enfrentam dificuldades psicol\u00f3gicas. Essas iniciativas buscam prevenir problemas graves e proporcionar um ambiente saud\u00e1vel para o desenvolvimento dos estudantes.<\/p>\n<h2>Debate e perspectivas<\/h2>\n<p>O <strong>uso do celular na escola<\/strong> \u00e9 um tema que divide opini\u00f5es. Enquanto alguns defendem a proibi\u00e7\u00e3o completa, outros acreditam que a solu\u00e7\u00e3o est\u00e1 no uso equilibrado e supervisionado dos aparelhos. A proposta de proibi\u00e7\u00e3o ainda est\u00e1 em fase de discuss\u00e3o, e \u00e9 poss\u00edvel que sofra altera\u00e7\u00f5es antes de ser aprovada.<\/p>\n<p>Por\u00e9m, independentemente do resultado final, \u00e9 evidente que o uso excessivo de dispositivos eletr\u00f4nicos nas escolas precisa ser repensado. A tecnologia tem seu lugar na educa\u00e7\u00e3o, mas \u00e9 essencial garantir que ela seja usada de maneira respons\u00e1vel e adequada ao ambiente escolar.<\/p>\n","protected":false},"excerpt":{"rendered":"<p>Nos \u00faltimos tempos, um tema vem ganhando destaque: o uso do celular na escola. Ser\u00e1 que o governo realmente vai proibir o uso desses aparelhos em ambiente escolar? Esse assunto vem sendo debatido por pais, professores, alunos e pol\u00edticos. De fato, um projeto de lei foi criado para regulamentar o uso de aparelhos eletr\u00f4nicos nas [&hellip;]<\/p>\n","protected":false},"author":41,"featured_media":75140,"comment_status":"open","ping_status":"closed","sticky":false,"template":"","format":"standard","meta":{"jnews-multi-image_gallery":[],"jnews_single_post":[],"jnews_primary_category":[],"jnews_social_meta":[],"jnews_override_counter":[],"footnotes":""},"categories":[28,22,5],"tags":[21927,21928,21926],"class_list":["post-75139","post","type-post","status-publish","format-standard","has-post-thumbnail","hentry","category-educacao","category-noticias","category-tecnologia","tag-legislacao-uso-do-celular-na-escolar","tag-regulamentacao-do-uso-do-celular","tag-uso-do-celular-na-escola"],"yoast_head":"<!-- This site is optimized with the Yoast SEO Premium plugin v27.5 (Yoast SEO v27.5) - https:\/\/yoast.com\/product\/yoast-seo-premium-wordpress\/ -->\n<title>\u00c9 verdade que o governo vai proibir uso do celular na escola? - Blog Pensar Cursos<\/title>\n<meta name=\"description\" content=\"Nos \u00faltimos tempos, um tema vem ganhando destaque: o uso do celular na escola. Ser\u00e1 que o governo realmente vai proibir o uso desses aparelhos em ambiente\" \/>\n<meta name=\"robots\" content=\"index, follow, max-snippet:-1, max-image-preview:large, max-video-preview:-1\" \/>\n<link rel=\"canonical\" href=\"https:\/\/www.pensarcursos.com.br\/blog\/governo-vai-proibir-uso-do-celular\/\" \/>\n<meta property=\"og:locale\" content=\"pt_BR\" \/>\n<meta property=\"og:type\" content=\"article\" \/>\n<meta property=\"og:title\" content=\"\u00c9 verdade que o governo vai proibir uso do celular na escola?\" \/>\n<meta property=\"og:description\" content=\"Nos \u00faltimos tempos, um tema vem ganhando destaque: o uso do celular na escola. Ser\u00e1 que o governo realmente vai proibir o uso desses aparelhos em ambiente\" \/>\n<meta property=\"og:url\" content=\"https:\/\/www.pensarcursos.com.br\/blog\/governo-vai-proibir-uso-do-celular\/\" \/>\n<meta property=\"og:site_name\" content=\"Blog Pensar Cursos\" \/>\n<meta property=\"article:publisher\" content=\"https:\/\/www.facebook.com\/pensarcursos\/\" \/>\n<meta property=\"article:published_time\" content=\"2024-10-23T14:09:33+00:00\" \/>\n<meta property=\"article:modified_time\" content=\"2024-10-23T14:59:39+00:00\" \/>\n<meta property=\"og:image\" content=\"https:\/\/www.pensarcursos.com.br\/blog\/wp-content\/uploads\/2024\/10\/gathering-friends.jpg\" \/>\n\t<meta property=\"og:image:width\" content=\"1200\" \/>\n\t<meta property=\"og:image:height\" content=\"800\" \/>\n\t<meta property=\"og:image:type\" content=\"image\/jpeg\" \/>\n<meta name=\"author\" content=\"F\u00e1tima Azevedo\" \/>\n<meta name=\"twitter:card\" content=\"summary_large_image\" \/>\n<meta name=\"twitter:label1\" content=\"Escrito por\" \/>\n\t<meta name=\"twitter:data1\" content=\"F\u00e1tima Azevedo\" \/>\n\t<meta name=\"twitter:label2\" content=\"Est. tempo de leitura\" \/>\n\t<meta name=\"twitter:data2\" content=\"5 minutos\" \/>\n<!-- \/ Yoast SEO Premium plugin. -->","yoast_head_json":{"title":"\u00c9 verdade que o governo vai proibir uso do celular na escola? - Blog Pensar Cursos","description":"Nos \u00faltimos tempos, um tema vem ganhando destaque: o uso do celular na escola. Ser\u00e1 que o governo realmente vai proibir o uso desses aparelhos em ambiente","robots":{"index":"index","follow":"follow","max-snippet":"max-snippet:-1","max-image-preview":"max-image-preview:large","max-video-preview":"max-video-preview:-1"},"canonical":"https:\/\/www.pensarcursos.com.br\/blog\/governo-vai-proibir-uso-do-celular\/","og_locale":"pt_BR","og_type":"article","og_title":"\u00c9 verdade que o governo vai proibir uso do celular na escola?","og_description":"Nos \u00faltimos tempos, um tema vem ganhando destaque: o uso do celular na escola. Ser\u00e1 que o governo realmente vai proibir o uso desses aparelhos em ambiente","og_url":"https:\/\/www.pensarcursos.com.br\/blog\/governo-vai-proibir-uso-do-celular\/","og_site_name":"Blog Pensar Cursos","article_publisher":"https:\/\/www.facebook.com\/pensarcursos\/","article_published_time":"2024-10-23T14:09:33+00:00","article_modified_time":"2024-10-23T14:59:39+00:00","og_image":[{"width":1200,"height":800,"url":"https:\/\/www.pensarcursos.com.br\/blog\/wp-content\/uploads\/2024\/10\/gathering-friends.jpg","type":"image\/jpeg"}],"author":"F\u00e1tima Azevedo","twitter_card":"summary_large_image","twitter_misc":{"Escrito por":"F\u00e1tima Azevedo","Est. tempo de leitura":"5 minutos"},"schema":{"@context":"https:\/\/schema.org","@graph":[{"@type":["Article","BlogPosting"],"@id":"https:\/\/www.pensarcursos.com.br\/blog\/governo-vai-proibir-uso-do-celular\/#article","isPartOf":{"@id":"https:\/\/www.pensarcursos.com.br\/blog\/governo-vai-proibir-uso-do-celular\/"},"author":{"name":"F\u00e1tima Azevedo","@id":"https:\/\/www.pensarcursos.com.br\/blog\/#\/schema\/person\/827343e4611913410dcf62144b5b2a2d"},"headline":"\u00c9 verdade que o governo vai proibir uso do celular na escola?","datePublished":"2024-10-23T14:09:33+00:00","dateModified":"2024-10-23T14:59:39+00:00","mainEntityOfPage":{"@id":"https:\/\/www.pensarcursos.com.br\/blog\/governo-vai-proibir-uso-do-celular\/"},"wordCount":1006,"commentCount":0,"publisher":{"@id":"https:\/\/www.pensarcursos.com.br\/blog\/#organization"},"image":{"@id":"https:\/\/www.pensarcursos.com.br\/blog\/governo-vai-proibir-uso-do-celular\/#primaryimage"},"thumbnailUrl":"https:\/\/www.pensarcursos.com.br\/blog\/wp-content\/uploads\/2024\/10\/gathering-friends.jpg","keywords":["Legisla\u00e7\u00e3o uso do celular na escolar","Regulamenta\u00e7\u00e3o do uso do celular","uso do celular na escola"],"articleSection":["Educa\u00e7\u00e3o","Not\u00edcias","Tecnologia"],"inLanguage":"pt-BR","potentialAction":[{"@type":"CommentAction","name":"Comment","target":["https:\/\/www.pensarcursos.com.br\/blog\/governo-vai-proibir-uso-do-celular\/#respond"]}],"copyrightYear":"2024","copyrightHolder":{"@id":"https:\/\/www.pensarcursos.com.br\/blog\/#organization"}},{"@type":"WebPage","@id":"https:\/\/www.pensarcursos.com.br\/blog\/governo-vai-proibir-uso-do-celular\/","url":"https:\/\/www.pensarcursos.com.br\/blog\/governo-vai-proibir-uso-do-celular\/","name":"\u00c9 verdade que o governo vai proibir uso do celular na escola? - Blog Pensar Cursos","isPartOf":{"@id":"https:\/\/www.pensarcursos.com.br\/blog\/#website"},"primaryImageOfPage":{"@id":"https:\/\/www.pensarcursos.com.br\/blog\/governo-vai-proibir-uso-do-celular\/#primaryimage"},"image":{"@id":"https:\/\/www.pensarcursos.com.br\/blog\/governo-vai-proibir-uso-do-celular\/#primaryimage"},"thumbnailUrl":"https:\/\/www.pensarcursos.com.br\/blog\/wp-content\/uploads\/2024\/10\/gathering-friends.jpg","datePublished":"2024-10-23T14:09:33+00:00","dateModified":"2024-10-23T14:59:39+00:00","description":"Nos \u00faltimos tempos, um tema vem ganhando destaque: o uso do celular na escola. Ser\u00e1 que o governo realmente vai proibir o uso desses aparelhos em ambiente","breadcrumb":{"@id":"https:\/\/www.pensarcursos.com.br\/blog\/governo-vai-proibir-uso-do-celular\/#breadcrumb"},"inLanguage":"pt-BR","potentialAction":[{"@type":"ReadAction","target":["https:\/\/www.pensarcursos.com.br\/blog\/governo-vai-proibir-uso-do-celular\/"]}]},{"@type":"ImageObject","inLanguage":"pt-BR","@id":"https:\/\/www.pensarcursos.com.br\/blog\/governo-vai-proibir-uso-do-celular\/#primaryimage","url":"https:\/\/www.pensarcursos.com.br\/blog\/wp-content\/uploads\/2024\/10\/gathering-friends.jpg","contentUrl":"https:\/\/www.pensarcursos.com.br\/blog\/wp-content\/uploads\/2024\/10\/gathering-friends.jpg","width":1200,"height":800,"caption":"Outro ponto abordado pelo projeto \u00e9 a rela\u00e7\u00e3o entre o uso do celular na escola e a sa\u00fade mental dos alunos. Imagem: Freepik"},{"@type":"BreadcrumbList","@id":"https:\/\/www.pensarcursos.com.br\/blog\/governo-vai-proibir-uso-do-celular\/#breadcrumb","itemListElement":[{"@type":"ListItem","position":1,"name":"Home","item":"https:\/\/www.pensarcursos.com.br\/blog\/"},{"@type":"ListItem","position":2,"name":"\u00c9 verdade que o governo vai proibir uso do celular na escola?"}]},{"@type":"WebSite","@id":"https:\/\/www.pensarcursos.com.br\/blog\/#website","url":"https:\/\/www.pensarcursos.com.br\/blog\/","name":"Blog Pensar Cursos","description":"Maior Site de Cursos do Brasil","publisher":{"@id":"https:\/\/www.pensarcursos.com.br\/blog\/#organization"},"alternateName":"Blog Pensar","potentialAction":[{"@type":"SearchAction","target":{"@type":"EntryPoint","urlTemplate":"https:\/\/www.pensarcursos.com.br\/blog\/?s={search_term_string}"},"query-input":{"@type":"PropertyValueSpecification","valueRequired":true,"valueName":"search_term_string"}}],"inLanguage":"pt-BR"},{"@type":"Organization","@id":"https:\/\/www.pensarcursos.com.br\/blog\/#organization","name":"Pensar Cursos","alternateName":"Blog pensar","url":"https:\/\/www.pensarcursos.com.br\/blog\/","logo":{"@type":"ImageObject","inLanguage":"pt-BR","@id":"https:\/\/www.pensarcursos.com.br\/blog\/#\/schema\/logo\/image\/","url":"https:\/\/www.pensarcursos.com.br\/blog\/wp-content\/uploads\/2023\/11\/Nova-Logo-Pensar-Cursos-vertical.png","contentUrl":"https:\/\/www.pensarcursos.com.br\/blog\/wp-content\/uploads\/2023\/11\/Nova-Logo-Pensar-Cursos-vertical.png","width":1393,"height":1001,"caption":"Pensar Cursos"},"image":{"@id":"https:\/\/www.pensarcursos.com.br\/blog\/#\/schema\/logo\/image\/"},"sameAs":["https:\/\/www.facebook.com\/pensarcursos\/","https:\/\/instagram.com.br\/pensarcursos"],"description":"Pensar Cursos \u00e9 uma empresa especializada em oferecer cursos de alta qualidade voltados para o desenvolvimento profissional e acad\u00eamico. Com uma ampla gama de op\u00e7\u00f5es de treinamento, oferecemos conte\u00fados atualizados, ministrados por especialistas da \u00e1rea, para capacitar indiv\u00edduos e equipes a atingirem seus objetivos. Nossa miss\u00e3o \u00e9 proporcionar uma educa\u00e7\u00e3o transformadora, acess\u00edvel e personalizada para cada aluno, seja em cursos presenciais ou online. Com uma abordagem inovadora, buscamos adaptar os nossos programas de ensino \u00e0s necessidades do mercado, criando solu\u00e7\u00f5es que atendem aos desafios e exig\u00eancias do mundo corporativo e acad\u00eamico. Nossos cursos incluem desde forma\u00e7\u00f5es t\u00e9cnicas at\u00e9 habilidades essenciais, como lideran\u00e7a, gest\u00e3o e desenvolvimento pessoal.","email":"contato@pensarcursos.com.br","legalName":"Sena Servi\u00e7os de Informa\u00e7\u00e3o Online LTDA","foundingDate":"2013-04-18","vatID":"17956217000172","numberOfEmployees":{"@type":"QuantitativeValue","minValue":"11","maxValue":"50"},"publishingPrinciples":"https:\/\/www.pensarcursos.com.br\/blog\/principios-de-publicacao\/","ownershipFundingInfo":"https:\/\/www.pensarcursos.com.br\/blog\/informacoes-de-propriedade-financiamento\/","actionableFeedbackPolicy":"https:\/\/www.pensarcursos.com.br\/blog\/politica-de-feedback-acionavel\/","correctionsPolicy":"https:\/\/www.pensarcursos.com.br\/blog\/politica-de-correcoes\/","ethicsPolicy":"https:\/\/www.pensarcursos.com.br\/blog\/politica-de-etica\/"},{"@type":"Person","@id":"https:\/\/www.pensarcursos.com.br\/blog\/#\/schema\/person\/827343e4611913410dcf62144b5b2a2d","name":"F\u00e1tima Azevedo","image":{"@type":"ImageObject","inLanguage":"pt-BR","@id":"https:\/\/secure.gravatar.com\/avatar\/ea820c84e212573cc3f119ba576278fe7ad07b69ed7ca0c33223662227bb77ca?s=96&d=mm&r=g","url":"https:\/\/secure.gravatar.com\/avatar\/ea820c84e212573cc3f119ba576278fe7ad07b69ed7ca0c33223662227bb77ca?s=96&d=mm&r=g","contentUrl":"https:\/\/secure.gravatar.com\/avatar\/ea820c84e212573cc3f119ba576278fe7ad07b69ed7ca0c33223662227bb77ca?s=96&d=mm&r=g","caption":"F\u00e1tima Azevedo"},"description":"Graduada em Ci\u00eancias Biol\u00f3gicas. Professora. Redatora grupo Sena Online.","sameAs":["https:\/\/www.linkedin.com\/in\/maria-de-f\u00e1tima-oliveira-da-costa-74a1692a7"],"url":"https:\/\/www.pensarcursos.com.br\/blog\/author\/fatima\/"}]}},"_links":{"self":[{"href":"https:\/\/www.pensarcursos.com.br\/blog\/wp-json\/wp\/v2\/posts\/75139","targetHints":{"allow":["GET"]}}],"collection":[{"href":"https:\/\/www.pensarcursos.com.br\/blog\/wp-json\/wp\/v2\/posts"}],"about":[{"href":"https:\/\/www.pensarcursos.com.br\/blog\/wp-json\/wp\/v2\/types\/post"}],"author":[{"embeddable":true,"href":"https:\/\/www.pensarcursos.com.br\/blog\/wp-json\/wp\/v2\/users\/41"}],"replies":[{"embeddable":true,"href":"https:\/\/www.pensarcursos.com.br\/blog\/wp-json\/wp\/v2\/comments?post=75139"}],"version-history":[{"count":0,"href":"https:\/\/www.pensarcursos.com.br\/blog\/wp-json\/wp\/v2\/posts\/75139\/revisions"}],"wp:featuredmedia":[{"embeddable":true,"href":"https:\/\/www.pensarcursos.com.br\/blog\/wp-json\/wp\/v2\/media\/75140"}],"wp:attachment":[{"href":"https:\/\/www.pensarcursos.com.br\/blog\/wp-json\/wp\/v2\/media?parent=75139"}],"wp:term":[{"taxonomy":"category","embeddable":true,"href":"https:\/\/www.pensarcursos.com.br\/blog\/wp-json\/wp\/v2\/categories?post=75139"},{"taxonomy":"post_tag","embeddable":true,"href":"https:\/\/www.pensarcursos.com.br\/blog\/wp-json\/wp\/v2\/tags?post=75139"}],"curies":[{"name":"wp","href":"https:\/\/api.w.org\/{rel}","templated":true}]}}