{"id":74957,"date":"2024-10-22T07:03:48","date_gmt":"2024-10-22T10:03:48","guid":{"rendered":"https:\/\/www.pensarcursos.com.br\/blog\/?p=74957"},"modified":"2024-10-22T09:40:28","modified_gmt":"2024-10-22T12:40:28","slug":"desafio-visual-quantas-melancias-tem-na-imagem","status":"publish","type":"post","link":"https:\/\/www.pensarcursos.com.br\/blog\/desafio-visual-quantas-melancias-tem-na-imagem\/","title":{"rendered":"Desafio visual: quantas melancias t\u00eam na imagem?"},"content":{"rendered":"<p>Neste <strong>desafio<\/strong> espec\u00edfico, voc\u00ea ver\u00e1 uma imagem com v\u00e1rias melancias e seu objetivo \u00e9 bem simples: descobrir quantas melancias est\u00e3o presentes na imagem dentro do tempo limite.<\/p>\n<h2><strong>O desafio das melancias<\/strong><\/h2>\n<p>Na <strong><a href=\"https:\/\/www.pensarcursos.com.br\/blog\/desafio-visual-qual-balao-o-menino-esta-segurando\/\" target=\"_blank\" rel=\"noopener\">imagem<\/a><\/strong>, vemos v\u00e1rias melancias posicionadas ao longo de um quadrado. Algumas delas est\u00e3o inteiras, enquanto outras possuem fatias faltando, revelando a polpa vermelha. A tarefa \u00e9 descobrir quantas melancias completas podem ser formadas a partir das por\u00e7\u00f5es mostradas na imagem.<\/p>\n<p>Convidamos voc\u00ea a observar cuidadosamente cada detalhe para descobrir a resposta. Quantas melancias completas est\u00e3o representadas? Parece f\u00e1cil, mas voc\u00ea tem apenas 6 segundos para encontrar a resposta correta!<\/p>\n<figure id=\"attachment_74960\" aria-describedby=\"caption-attachment-74960\" style=\"width: 728px\" class=\"wp-caption aligncenter\"><img decoding=\"async\" class=\"size-full wp-image-74960\" title=\"desafio visual quantas melancias tem na imagem\" src=\"https:\/\/www.pensarcursos.com.br\/blog\/wp-content\/uploads\/2024\/10\/desafio-visual-quantas-melancias-tem-na-imagem.jpg\" alt=\"Desafio das melancias. Fonte: Jagran Josh.\" width=\"728\" height=\"728\" srcset=\"https:\/\/www.pensarcursos.com.br\/blog\/wp-content\/uploads\/2024\/10\/desafio-visual-quantas-melancias-tem-na-imagem.jpg 728w, https:\/\/www.pensarcursos.com.br\/blog\/wp-content\/uploads\/2024\/10\/desafio-visual-quantas-melancias-tem-na-imagem-300x300.jpg 300w, https:\/\/www.pensarcursos.com.br\/blog\/wp-content\/uploads\/2024\/10\/desafio-visual-quantas-melancias-tem-na-imagem-150x150.jpg 150w\" sizes=\"(max-width: 728px) 100vw, 728px\" \/><figcaption id=\"caption-attachment-74960\" class=\"wp-caption-text\">Desafio das melancias. Fonte: Jagran Josh.<\/figcaption><\/figure>\n<h3><strong>Dicas para resolver<\/strong><\/h3>\n<ol>\n<li>Aqui est\u00e3o dicas mais detalhadas para ajudar voc\u00ea a resolver o <strong><a href=\"https:\/\/www.pensarcursos.com.br\/blog\/consegue-encontrar-uma-cobra-escondida-neste-desafio\/\" target=\"_blank\" rel=\"noopener\">desafio<\/a> <\/strong>de contar as melancias na imagem:\n<ol>\n<li><strong>Observe com cuidado<\/strong>: Algumas melancias na imagem n\u00e3o est\u00e3o inteiras, ent\u00e3o n\u00e3o conte cada uma como uma melancia completa logo de in\u00edcio. Preste aten\u00e7\u00e3o nas partes vis\u00edveis e considere se s\u00e3o metades ou fatias de melancias.<\/li>\n<li><strong>Identifique as metades<\/strong>: Na <strong><a href=\"https:\/\/www.pensarcursos.com.br\/blog\/consegue-identificar-os-fones-de-ouvido-neste-desafio\/\" target=\"_blank\" rel=\"noopener\">imagem<\/a><\/strong>, voc\u00ea ver\u00e1 que algumas melancias est\u00e3o cortadas ao meio. Para chegar ao n\u00famero total, voc\u00ea deve juntar essas metades. Ou seja, cada duas metades formam uma melancia completa. Essa \u00e9 a chave para n\u00e3o se enganar com o n\u00famero final.<\/li>\n<li><strong>Fique de olho nas fatias menores<\/strong>: Al\u00e9m das metades, algumas melancias est\u00e3o faltando uma pequena parte. Mesmo assim, essas podem ser contadas como melancias quase completas. Certifique-se de combinar essas fatias com outras, se poss\u00edvel.<\/li>\n<li><strong>Fa\u00e7a a soma mentalmente<\/strong>: Imagine que voc\u00ea est\u00e1 resolvendo um quebra-cabe\u00e7a. Combine as metades e fatias como se estivesse montando uma melancia inteira. Isso ajudar\u00e1 a visualizar quantas melancias inteiras resultam dessas partes.<\/li>\n<li><strong>Divida em partes e agrupe<\/strong>: Voc\u00ea pode dividir a imagem em quadrantes (canto superior esquerdo, inferior direito, etc.) e contar cada parte de uma vez. Isso pode tornar o processo mais organizado e evitar erros.<\/li>\n<li><strong>Acalme-se e revise<\/strong>: N\u00e3o se preocupe com o limite de tempo imediatamente. Tente manter a calma, observar cada detalhe com aten\u00e7\u00e3o, e s\u00f3 depois de juntar todas as metades e partes revise sua resposta antes de chegar ao n\u00famero final.<\/li>\n<\/ol>\n<\/li>\n<\/ol>\n<h2><strong>Resposta do desafio<\/strong><\/h2>\n<p>Confira abaixo o resultado deste desafio!<\/p>\n<figure id=\"attachment_74959\" aria-describedby=\"caption-attachment-74959\" style=\"width: 728px\" class=\"wp-caption aligncenter\"><img decoding=\"async\" class=\"size-full wp-image-74959\" title=\"resposat do desafio das melancias\" src=\"https:\/\/www.pensarcursos.com.br\/blog\/wp-content\/uploads\/2024\/10\/resposat-do-desafio-das-melancias.jpg\" alt=\"Resposta do desafio das melancias. Fonte: Jagran Josh.\" width=\"728\" height=\"728\" srcset=\"https:\/\/www.pensarcursos.com.br\/blog\/wp-content\/uploads\/2024\/10\/resposat-do-desafio-das-melancias.jpg 728w, https:\/\/www.pensarcursos.com.br\/blog\/wp-content\/uploads\/2024\/10\/resposat-do-desafio-das-melancias-300x300.jpg 300w, https:\/\/www.pensarcursos.com.br\/blog\/wp-content\/uploads\/2024\/10\/resposat-do-desafio-das-melancias-150x150.jpg 150w\" sizes=\"(max-width: 728px) 100vw, 728px\" \/><figcaption id=\"caption-attachment-74959\" class=\"wp-caption-text\">Resposta do desafio das melancias. Fonte: Jagran Josh.<\/figcaption><\/figure>\n<p>&nbsp;<\/p>\n","protected":false},"excerpt":{"rendered":"<p>Neste desafio espec\u00edfico, voc\u00ea ver\u00e1 uma imagem com v\u00e1rias melancias e seu objetivo \u00e9 bem simples: descobrir quantas melancias est\u00e3o presentes na imagem dentro do tempo limite. O desafio das melancias Na imagem, vemos v\u00e1rias melancias posicionadas ao longo de um quadrado. Algumas delas est\u00e3o inteiras, enquanto outras possuem fatias faltando, revelando a polpa vermelha. [&hellip;]<\/p>\n","protected":false},"author":13,"featured_media":74958,"comment_status":"open","ping_status":"closed","sticky":false,"template":"","format":"standard","meta":{"jnews-multi-image_gallery":[],"jnews_single_post":[],"jnews_primary_category":[],"jnews_social_meta":[],"jnews_override_counter":[],"footnotes":""},"categories":[1947],"tags":[1464,1499,1978],"class_list":["post-74957","post","type-post","status-publish","format-standard","has-post-thumbnail","hentry","category-curiosidades","tag-desafio-visual","tag-ilusao-de-otica","tag-teste-visual"],"yoast_head":"<!-- This site is optimized with the Yoast SEO Premium plugin v27.4 (Yoast SEO v27.4) - https:\/\/yoast.com\/product\/yoast-seo-premium-wordpress\/ -->\n<title>Desafio visual: quantas melancias t\u00eam na imagem? - Blog Pensar Cursos<\/title>\n<meta name=\"description\" content=\"Neste desafio espec\u00edfico, voc\u00ea ver\u00e1 uma imagem com v\u00e1rias melancias e seu objetivo \u00e9 bem simples: descobrir quantas melancias est\u00e3o presentes na imagem\" \/>\n<meta name=\"robots\" content=\"index, follow, max-snippet:-1, max-image-preview:large, max-video-preview:-1\" \/>\n<link rel=\"canonical\" href=\"https:\/\/www.pensarcursos.com.br\/blog\/desafio-visual-quantas-melancias-tem-na-imagem\/\" \/>\n<meta property=\"og:locale\" content=\"pt_BR\" \/>\n<meta property=\"og:type\" content=\"article\" \/>\n<meta property=\"og:title\" content=\"Desafio visual: quantas melancias t\u00eam na imagem?\" \/>\n<meta property=\"og:description\" content=\"Neste desafio espec\u00edfico, voc\u00ea ver\u00e1 uma imagem com v\u00e1rias melancias e seu objetivo \u00e9 bem simples: descobrir quantas melancias est\u00e3o presentes na imagem\" \/>\n<meta property=\"og:url\" content=\"https:\/\/www.pensarcursos.com.br\/blog\/desafio-visual-quantas-melancias-tem-na-imagem\/\" \/>\n<meta property=\"og:site_name\" content=\"Blog Pensar Cursos\" \/>\n<meta property=\"article:publisher\" content=\"https:\/\/www.facebook.com\/pensarcursos\/\" \/>\n<meta property=\"article:author\" content=\"https:\/\/www.facebook.com\/julia.koerich.39\" \/>\n<meta property=\"article:published_time\" content=\"2024-10-22T10:03:48+00:00\" \/>\n<meta property=\"article:modified_time\" content=\"2024-10-22T12:40:28+00:00\" \/>\n<meta property=\"og:image\" content=\"https:\/\/www.pensarcursos.com.br\/blog\/wp-content\/uploads\/2024\/10\/desafio-das-melancias.png\" \/>\n\t<meta property=\"og:image:width\" content=\"1200\" \/>\n\t<meta property=\"og:image:height\" content=\"800\" \/>\n\t<meta property=\"og:image:type\" content=\"image\/png\" \/>\n<meta name=\"author\" content=\"Julia Koerich\" \/>\n<meta name=\"twitter:card\" content=\"summary_large_image\" \/>\n<meta name=\"twitter:label1\" content=\"Escrito por\" \/>\n\t<meta name=\"twitter:data1\" content=\"Julia Koerich\" \/>\n\t<meta name=\"twitter:label2\" content=\"Est. tempo de leitura\" \/>\n\t<meta name=\"twitter:data2\" content=\"2 minutos\" \/>\n<!-- \/ Yoast SEO Premium plugin. -->","yoast_head_json":{"title":"Desafio visual: quantas melancias t\u00eam na imagem? - Blog Pensar Cursos","description":"Neste desafio espec\u00edfico, voc\u00ea ver\u00e1 uma imagem com v\u00e1rias melancias e seu objetivo \u00e9 bem simples: descobrir quantas melancias est\u00e3o presentes na imagem","robots":{"index":"index","follow":"follow","max-snippet":"max-snippet:-1","max-image-preview":"max-image-preview:large","max-video-preview":"max-video-preview:-1"},"canonical":"https:\/\/www.pensarcursos.com.br\/blog\/desafio-visual-quantas-melancias-tem-na-imagem\/","og_locale":"pt_BR","og_type":"article","og_title":"Desafio visual: quantas melancias t\u00eam na imagem?","og_description":"Neste desafio espec\u00edfico, voc\u00ea ver\u00e1 uma imagem com v\u00e1rias melancias e seu objetivo \u00e9 bem simples: descobrir quantas melancias est\u00e3o presentes na imagem","og_url":"https:\/\/www.pensarcursos.com.br\/blog\/desafio-visual-quantas-melancias-tem-na-imagem\/","og_site_name":"Blog Pensar Cursos","article_publisher":"https:\/\/www.facebook.com\/pensarcursos\/","article_author":"https:\/\/www.facebook.com\/julia.koerich.39","article_published_time":"2024-10-22T10:03:48+00:00","article_modified_time":"2024-10-22T12:40:28+00:00","og_image":[{"width":1200,"height":800,"url":"https:\/\/www.pensarcursos.com.br\/blog\/wp-content\/uploads\/2024\/10\/desafio-das-melancias.png","type":"image\/png"}],"author":"Julia Koerich","twitter_card":"summary_large_image","twitter_misc":{"Escrito por":"Julia Koerich","Est. tempo de leitura":"2 minutos"},"schema":{"@context":"https:\/\/schema.org","@graph":[{"@type":["Article","BlogPosting"],"@id":"https:\/\/www.pensarcursos.com.br\/blog\/desafio-visual-quantas-melancias-tem-na-imagem\/#article","isPartOf":{"@id":"https:\/\/www.pensarcursos.com.br\/blog\/desafio-visual-quantas-melancias-tem-na-imagem\/"},"author":{"name":"Julia Koerich","@id":"https:\/\/www.pensarcursos.com.br\/blog\/#\/schema\/person\/488f02c6a8789bf91624f246e1087f54"},"headline":"Desafio visual: quantas melancias t\u00eam na imagem?","datePublished":"2024-10-22T10:03:48+00:00","dateModified":"2024-10-22T12:40:28+00:00","mainEntityOfPage":{"@id":"https:\/\/www.pensarcursos.com.br\/blog\/desafio-visual-quantas-melancias-tem-na-imagem\/"},"wordCount":417,"commentCount":0,"publisher":{"@id":"https:\/\/www.pensarcursos.com.br\/blog\/#organization"},"image":{"@id":"https:\/\/www.pensarcursos.com.br\/blog\/desafio-visual-quantas-melancias-tem-na-imagem\/#primaryimage"},"thumbnailUrl":"https:\/\/www.pensarcursos.com.br\/blog\/wp-content\/uploads\/2024\/10\/desafio-das-melancias.png","keywords":["desafio visual","ilus\u00e3o de \u00f3tica","teste visual"],"articleSection":["Curiosidades"],"inLanguage":"pt-BR","potentialAction":[{"@type":"CommentAction","name":"Comment","target":["https:\/\/www.pensarcursos.com.br\/blog\/desafio-visual-quantas-melancias-tem-na-imagem\/#respond"]}],"copyrightYear":"2024","copyrightHolder":{"@id":"https:\/\/www.pensarcursos.com.br\/blog\/#organization"}},{"@type":"WebPage","@id":"https:\/\/www.pensarcursos.com.br\/blog\/desafio-visual-quantas-melancias-tem-na-imagem\/","url":"https:\/\/www.pensarcursos.com.br\/blog\/desafio-visual-quantas-melancias-tem-na-imagem\/","name":"Desafio visual: quantas melancias t\u00eam na imagem? - Blog Pensar Cursos","isPartOf":{"@id":"https:\/\/www.pensarcursos.com.br\/blog\/#website"},"primaryImageOfPage":{"@id":"https:\/\/www.pensarcursos.com.br\/blog\/desafio-visual-quantas-melancias-tem-na-imagem\/#primaryimage"},"image":{"@id":"https:\/\/www.pensarcursos.com.br\/blog\/desafio-visual-quantas-melancias-tem-na-imagem\/#primaryimage"},"thumbnailUrl":"https:\/\/www.pensarcursos.com.br\/blog\/wp-content\/uploads\/2024\/10\/desafio-das-melancias.png","datePublished":"2024-10-22T10:03:48+00:00","dateModified":"2024-10-22T12:40:28+00:00","description":"Neste desafio espec\u00edfico, voc\u00ea ver\u00e1 uma imagem com v\u00e1rias melancias e seu objetivo \u00e9 bem simples: descobrir quantas melancias est\u00e3o presentes na imagem","breadcrumb":{"@id":"https:\/\/www.pensarcursos.com.br\/blog\/desafio-visual-quantas-melancias-tem-na-imagem\/#breadcrumb"},"inLanguage":"pt-BR","potentialAction":[{"@type":"ReadAction","target":["https:\/\/www.pensarcursos.com.br\/blog\/desafio-visual-quantas-melancias-tem-na-imagem\/"]}]},{"@type":"ImageObject","inLanguage":"pt-BR","@id":"https:\/\/www.pensarcursos.com.br\/blog\/desafio-visual-quantas-melancias-tem-na-imagem\/#primaryimage","url":"https:\/\/www.pensarcursos.com.br\/blog\/wp-content\/uploads\/2024\/10\/desafio-das-melancias.png","contentUrl":"https:\/\/www.pensarcursos.com.br\/blog\/wp-content\/uploads\/2024\/10\/desafio-das-melancias.png","width":1200,"height":800,"caption":"Desafio das melancias. Fonte: Jagran Josh."},{"@type":"BreadcrumbList","@id":"https:\/\/www.pensarcursos.com.br\/blog\/desafio-visual-quantas-melancias-tem-na-imagem\/#breadcrumb","itemListElement":[{"@type":"ListItem","position":1,"name":"Home","item":"https:\/\/www.pensarcursos.com.br\/blog\/"},{"@type":"ListItem","position":2,"name":"Desafio visual: quantas melancias t\u00eam na imagem?"}]},{"@type":"WebSite","@id":"https:\/\/www.pensarcursos.com.br\/blog\/#website","url":"https:\/\/www.pensarcursos.com.br\/blog\/","name":"Blog Pensar Cursos","description":"Maior Site de Cursos do Brasil","publisher":{"@id":"https:\/\/www.pensarcursos.com.br\/blog\/#organization"},"alternateName":"Blog Pensar","potentialAction":[{"@type":"SearchAction","target":{"@type":"EntryPoint","urlTemplate":"https:\/\/www.pensarcursos.com.br\/blog\/?s={search_term_string}"},"query-input":{"@type":"PropertyValueSpecification","valueRequired":true,"valueName":"search_term_string"}}],"inLanguage":"pt-BR"},{"@type":"Organization","@id":"https:\/\/www.pensarcursos.com.br\/blog\/#organization","name":"Pensar Cursos","alternateName":"Blog pensar","url":"https:\/\/www.pensarcursos.com.br\/blog\/","logo":{"@type":"ImageObject","inLanguage":"pt-BR","@id":"https:\/\/www.pensarcursos.com.br\/blog\/#\/schema\/logo\/image\/","url":"https:\/\/www.pensarcursos.com.br\/blog\/wp-content\/uploads\/2023\/11\/Nova-Logo-Pensar-Cursos-vertical.png","contentUrl":"https:\/\/www.pensarcursos.com.br\/blog\/wp-content\/uploads\/2023\/11\/Nova-Logo-Pensar-Cursos-vertical.png","width":1393,"height":1001,"caption":"Pensar Cursos"},"image":{"@id":"https:\/\/www.pensarcursos.com.br\/blog\/#\/schema\/logo\/image\/"},"sameAs":["https:\/\/www.facebook.com\/pensarcursos\/","https:\/\/instagram.com.br\/pensarcursos"],"description":"Pensar Cursos \u00e9 uma empresa especializada em oferecer cursos de alta qualidade voltados para o desenvolvimento profissional e acad\u00eamico. Com uma ampla gama de op\u00e7\u00f5es de treinamento, oferecemos conte\u00fados atualizados, ministrados por especialistas da \u00e1rea, para capacitar indiv\u00edduos e equipes a atingirem seus objetivos. Nossa miss\u00e3o \u00e9 proporcionar uma educa\u00e7\u00e3o transformadora, acess\u00edvel e personalizada para cada aluno, seja em cursos presenciais ou online. Com uma abordagem inovadora, buscamos adaptar os nossos programas de ensino \u00e0s necessidades do mercado, criando solu\u00e7\u00f5es que atendem aos desafios e exig\u00eancias do mundo corporativo e acad\u00eamico. Nossos cursos incluem desde forma\u00e7\u00f5es t\u00e9cnicas at\u00e9 habilidades essenciais, como lideran\u00e7a, gest\u00e3o e desenvolvimento pessoal.","email":"contato@pensarcursos.com.br","legalName":"Sena Servi\u00e7os de Informa\u00e7\u00e3o Online LTDA","foundingDate":"2013-04-18","vatID":"17956217000172","numberOfEmployees":{"@type":"QuantitativeValue","minValue":"11","maxValue":"50"},"publishingPrinciples":"https:\/\/www.pensarcursos.com.br\/blog\/principios-de-publicacao\/","ownershipFundingInfo":"https:\/\/www.pensarcursos.com.br\/blog\/informacoes-de-propriedade-financiamento\/","actionableFeedbackPolicy":"https:\/\/www.pensarcursos.com.br\/blog\/politica-de-feedback-acionavel\/","correctionsPolicy":"https:\/\/www.pensarcursos.com.br\/blog\/politica-de-correcoes\/","ethicsPolicy":"https:\/\/www.pensarcursos.com.br\/blog\/politica-de-etica\/"},{"@type":"Person","@id":"https:\/\/www.pensarcursos.com.br\/blog\/#\/schema\/person\/488f02c6a8789bf91624f246e1087f54","name":"Julia Koerich","image":{"@type":"ImageObject","inLanguage":"pt-BR","@id":"https:\/\/secure.gravatar.com\/avatar\/e2c74e498d61f83af52fb247a0fa8bf30283598a08bd3fb3137d2aed86153e19?s=96&d=mm&r=g","url":"https:\/\/secure.gravatar.com\/avatar\/e2c74e498d61f83af52fb247a0fa8bf30283598a08bd3fb3137d2aed86153e19?s=96&d=mm&r=g","contentUrl":"https:\/\/secure.gravatar.com\/avatar\/e2c74e498d61f83af52fb247a0fa8bf30283598a08bd3fb3137d2aed86153e19?s=96&d=mm&r=g","caption":"Julia Koerich"},"description":"Julia \u00e9 uma redatora de conte\u00fado criativa e vers\u00e1til, com mais de cinco anos de experi\u00eancia em escrita para blogs. Ela tem uma habilidade \u00fanica para adaptar seu estilo de escrita a diferentes p\u00fablicos e temas. Ela \u00e9 especialista em criar artigos detalhados e bem pesquisados, garantindo que cada pe\u00e7a seja informativa e atraente.","sameAs":["https:\/\/www.facebook.com\/julia.koerich.39"],"url":"https:\/\/www.pensarcursos.com.br\/blog\/author\/julia\/"}]}},"_links":{"self":[{"href":"https:\/\/www.pensarcursos.com.br\/blog\/wp-json\/wp\/v2\/posts\/74957","targetHints":{"allow":["GET"]}}],"collection":[{"href":"https:\/\/www.pensarcursos.com.br\/blog\/wp-json\/wp\/v2\/posts"}],"about":[{"href":"https:\/\/www.pensarcursos.com.br\/blog\/wp-json\/wp\/v2\/types\/post"}],"author":[{"embeddable":true,"href":"https:\/\/www.pensarcursos.com.br\/blog\/wp-json\/wp\/v2\/users\/13"}],"replies":[{"embeddable":true,"href":"https:\/\/www.pensarcursos.com.br\/blog\/wp-json\/wp\/v2\/comments?post=74957"}],"version-history":[{"count":0,"href":"https:\/\/www.pensarcursos.com.br\/blog\/wp-json\/wp\/v2\/posts\/74957\/revisions"}],"wp:featuredmedia":[{"embeddable":true,"href":"https:\/\/www.pensarcursos.com.br\/blog\/wp-json\/wp\/v2\/media\/74958"}],"wp:attachment":[{"href":"https:\/\/www.pensarcursos.com.br\/blog\/wp-json\/wp\/v2\/media?parent=74957"}],"wp:term":[{"taxonomy":"category","embeddable":true,"href":"https:\/\/www.pensarcursos.com.br\/blog\/wp-json\/wp\/v2\/categories?post=74957"},{"taxonomy":"post_tag","embeddable":true,"href":"https:\/\/www.pensarcursos.com.br\/blog\/wp-json\/wp\/v2\/tags?post=74957"}],"curies":[{"name":"wp","href":"https:\/\/api.w.org\/{rel}","templated":true}]}}