{"id":74741,"date":"2024-10-21T22:09:36","date_gmt":"2024-10-22T01:09:36","guid":{"rendered":"https:\/\/www.pensarcursos.com.br\/blog\/?p=74741"},"modified":"2024-10-21T17:23:15","modified_gmt":"2024-10-21T20:23:15","slug":"concurso-para-assistente-social-e-guarda-municipal","status":"publish","type":"post","link":"https:\/\/www.pensarcursos.com.br\/blog\/concurso-para-assistente-social-e-guarda-municipal\/","title":{"rendered":"Concurso para Assistente Social e Guarda Municipal encerra inscri\u00e7\u00f5es nesta quarta (23)"},"content":{"rendered":"<p>O prazo para se inscrever no concurso p\u00fablico da prefeitura est\u00e1 chegando ao fim! Com oportunidades para diversos cargos, incluindo Assistente Social e Guarda Municipal, os interessados \u200b\u200bt\u00eam at\u00e9 esta <strong>quarta-feira, 23 de outubro<\/strong>, para garantir sua participa\u00e7\u00e3o no certame. O edital, organizado pelo Instituto BRB, oferece um total de 127 vagas imediatas, al\u00e9m da forma\u00e7\u00e3o de cadastro reserva, abrangendo diferentes n\u00edveis de escolaridade, desde o fundamental at\u00e9 o superior. Os sal\u00e1rios oferecidos <strong>ultrapassam R$ 3,6mil<\/strong>.\u00a0 Veja todos os detalhes a seguir!<\/p>\n<h2>Detalhes das vagas e remunera\u00e7\u00f5es<\/h2>\n<p>O edital do <a href=\"https:\/\/www.pensarcursos.com.br\/blog\/agente-de-saude-salarios-de-r-28mil\/\">concurso<\/a> da prefeitura apresenta uma variedade de cargos, com destaque para Assistente Social e Guarda Municipal. Veja em detalhes as especificidades dessas e outras oportunidades:<\/p>\n<h3>Assistente Social<\/h3>\n<ul class=\"!whitespace-normal list-disc ml-5\">\n<li class=\"pb-1\">N\u00famero de vagas: 5 + 2 CR (Cadastro Reserva)<\/li>\n<li class=\"pb-1\">Requisito: N\u00edvel Superior em Servi\u00e7o Social<\/li>\n<li class=\"pb-1\">Remunera\u00e7\u00e3o: R$ 1.684,40<\/li>\n<\/ul>\n<h3>Guarda Municipal<\/h3>\n<ul class=\"!whitespace-normal list-disc ml-5\">\n<li class=\"pb-1\">N\u00famero de vagas: 10<\/li>\n<li class=\"pb-1\">Requisito: N\u00edvel M\u00e9dio Completo<\/li>\n<li class=\"pb-1\">Remunera\u00e7\u00e3o: R$ 1.412,00<\/li>\n<\/ul>\n<h2>Outras oportunidades<\/h2>\n<p>Al\u00e9m dos cargos mencionados, o <a href=\"https:\/\/www.pensarcursos.com.br\/blog\/concurso-guarda-municipal-de-porto-alegre\/\">concurso<\/a> oferece vagas para diversas outras \u00e1reas. Veja a lista completa:<\/p>\n<ul>\n<li><strong>Auxiliar de Administrativo\/Secretaria<\/strong>\n<ul>\n<li>Requisito: N\u00edvel M\u00e9dio Completo<\/li>\n<li>Vagas: 5 + 1 Cadastro de Reserva (CR)<\/li>\n<li>Remunera\u00e7\u00e3o: R$ 1.412,00<\/li>\n<\/ul>\n<\/li>\n<li><strong>Auxiliar de Creche<\/strong>\n<ul>\n<li>Requisito: N\u00edvel M\u00e9dio Completo<\/li>\n<li>Vagas: 3 + 1 CR<\/li>\n<li>Remunera\u00e7\u00e3o: R$ 1.412,00<\/li>\n<\/ul>\n<\/li>\n<li><strong>Auxiliar de Desenvolvimento Infantil<\/strong>\n<ul>\n<li>Requisito: N\u00edvel M\u00e9dio Completo<\/li>\n<li>Vagas: 10 + 5 CR<\/li>\n<li>Remunera\u00e7\u00e3o: R$ 1.412,00<\/li>\n<\/ul>\n<\/li>\n<li><strong>Auxiliar de Servi\u00e7os Gerais<\/strong>\n<ul>\n<li>Requisito: N\u00edvel Fundamental Completo<\/li>\n<li>Vagas: 2 + 1 CR<\/li>\n<li>Remunera\u00e7\u00e3o: R$ 1.412,00<\/li>\n<\/ul>\n<\/li>\n<li><strong>Biom\u00e9dico<\/strong>\n<ul>\n<li>Requisito: N\u00edvel Superior em Biomedicina<\/li>\n<li>Vagas: 1<\/li>\n<li>Remunera\u00e7\u00e3o: R$ 1.851,71<\/li>\n<\/ul>\n<\/li>\n<li><strong>Coveiro<\/strong>\n<ul>\n<li>Requisito: N\u00edvel Fundamental Completo<\/li>\n<li>Vagas: 1<\/li>\n<li>Remunera\u00e7\u00e3o: R$ 1.412,00<\/li>\n<\/ul>\n<\/li>\n<li><strong>Educador F\u00edsico<\/strong>\n<ul>\n<li>Requisito: N\u00edvel Superior em Bacharelado em Educa\u00e7\u00e3o F\u00edsica<\/li>\n<li>Vagas: 2 + 1 CR<\/li>\n<li>Remunera\u00e7\u00e3o: R$ 1.569,30<\/li>\n<\/ul>\n<\/li>\n<li><strong>Enfermeiro<\/strong>\n<ul>\n<li>Requisito: N\u00edvel Superior em Enfermagem<\/li>\n<li>Vagas: 7 + 2 CR<\/li>\n<li>Remunera\u00e7\u00e3o: R$ 3.642,85<\/li>\n<\/ul>\n<\/li>\n<li><strong>Fisioterapeuta<\/strong>\n<ul>\n<li>Requisito: N\u00edvel Superior em Fisioterapia<\/li>\n<li>Vagas: 4<\/li>\n<li>Remunera\u00e7\u00e3o: R$ 1.569,30<\/li>\n<\/ul>\n<\/li>\n<li><strong>Fonoaudi\u00f3logo<\/strong>\n<ul>\n<li>Requisito: N\u00edvel Superior em Fonoaudiologia<\/li>\n<li>Vagas: 3<\/li>\n<li>Remunera\u00e7\u00e3o: R$ 2.353,95<\/li>\n<\/ul>\n<\/li>\n<li><strong>Motorista<\/strong>\n<ul>\n<li>Requisito: N\u00edvel Fundamental Completo<\/li>\n<li>Vagas: 16 + 7 CR<\/li>\n<li>Remunera\u00e7\u00e3o: R$ 1.828,06<\/li>\n<\/ul>\n<\/li>\n<li><strong>Nutricionista<\/strong>\n<ul>\n<li>Requisito: N\u00edvel Superior em Nutri\u00e7\u00e3o<\/li>\n<li>Vagas: 2 + 1 CR<\/li>\n<li>Remunera\u00e7\u00e3o: R$ 1.569,30<\/li>\n<\/ul>\n<\/li>\n<li><strong>Odont\u00f3logo<\/strong>\n<ul>\n<li>Requisito: N\u00edvel Superior em Odontologia<\/li>\n<li>Vagas: 4 + 2 CR<\/li>\n<li>Remunera\u00e7\u00e3o: R$ 1.569,30<\/li>\n<\/ul>\n<\/li>\n<li><strong>Professor<\/strong>\n<ul>\n<li>Requisito: N\u00edvel Superior em Licenciatura<\/li>\n<li>Vagas: 25 + 5 CR<\/li>\n<li>Remunera\u00e7\u00e3o: R$ 2.290,28<\/li>\n<\/ul>\n<\/li>\n<li><strong>Psic\u00f3logo<\/strong>\n<ul>\n<li>Requisito: N\u00edvel Superior em Psicologia<\/li>\n<li>Vagas: 3<\/li>\n<li>Remunera\u00e7\u00e3o: R$ 3.642,85<\/li>\n<\/ul>\n<\/li>\n<li><strong>Psic\u00f3logo Educacional<\/strong>\n<ul>\n<li>Requisito: N\u00edvel Superior em Psicologia<\/li>\n<li>Vagas: 5<\/li>\n<li>Remunera\u00e7\u00e3o: R$ 3.642,85<\/li>\n<\/ul>\n<\/li>\n<li><strong>T\u00e9cnico Agr\u00edcola<\/strong>\n<ul>\n<li>Requisito: N\u00edvel M\u00e9dio Completo + Curso T\u00e9cnico Agr\u00edcola<\/li>\n<li>Vagas: 2<\/li>\n<li>Remunera\u00e7\u00e3o: R$ 1.800,00<\/li>\n<\/ul>\n<\/li>\n<li><strong>T\u00e9cnico Ambiental<\/strong>\n<ul>\n<li>Requisito: N\u00edvel M\u00e9dio Completo + Curso T\u00e9cnico Ambiental<\/li>\n<li>Vagas: 1<\/li>\n<li>Remunera\u00e7\u00e3o: R$ 1.412,00<\/li>\n<\/ul>\n<\/li>\n<li><strong>T\u00e9cnico de Cadastro \u00danico<\/strong>\n<ul>\n<li>Requisito: N\u00edvel M\u00e9dio Completo<\/li>\n<li>Vagas: 2<\/li>\n<li>Remunera\u00e7\u00e3o: R$ 1.412,00<\/li>\n<\/ul>\n<\/li>\n<li><strong>T\u00e9cnico em Agronomia<\/strong>\n<ul>\n<li>Requisito: N\u00edvel M\u00e9dio Completo + Curso T\u00e9cnico em Agronomia<\/li>\n<li>Vagas: 1<\/li>\n<li>Remunera\u00e7\u00e3o: R$ 1.412,00<\/li>\n<\/ul>\n<\/li>\n<li><strong>T\u00e9cnico em Enfermagem<\/strong>\n<ul>\n<li>Requisito: N\u00edvel M\u00e9dio Completo + Curso T\u00e9cnico em Enfermagem<\/li>\n<li>Vagas: 8 + 2 CR<\/li>\n<li>Remunera\u00e7\u00e3o: R$ 1.412,00<\/li>\n<\/ul>\n<\/li>\n<li><strong>Tecn\u00f3logo da Informa\u00e7\u00e3o<\/strong>\n<ul>\n<li>Requisito: N\u00edvel Superior em Tecnologia da Informa\u00e7\u00e3o<\/li>\n<li>Vagas: 3<\/li>\n<li>Remunera\u00e7\u00e3o: R$ 1.800,00<\/li>\n<\/ul>\n<\/li>\n<li><strong>Terapeuta Ocupacional<\/strong>\n<ul>\n<li>Requisito: N\u00edvel Superior em Terapia Ocupacional<\/li>\n<li>Vagas: 2<\/li>\n<li>Remunera\u00e7\u00e3o: R$ 1.569,30<\/li>\n<\/ul>\n<\/li>\n<\/ul>\n<figure id=\"attachment_74743\" aria-describedby=\"caption-attachment-74743\" style=\"width: 676px\" class=\"wp-caption aligncenter\"><img decoding=\"async\" class=\"wp-image-74743 \" title=\"As provas do concurso da prefeitura para os cargos de Assistente Social e Guarda Municipal ser\u00e3o aplicadas em novembro.\" src=\"https:\/\/www.pensarcursos.com.br\/blog\/wp-content\/uploads\/2024\/10\/Concurso11-3-1024x683.jpg\" alt=\"O cargo de Assistente Social possui sal\u00e1rio de R$ 1.684,40. J\u00e1 o Guarda Municipal, R$ 1.412,00.\" width=\"676\" height=\"451\" srcset=\"https:\/\/www.pensarcursos.com.br\/blog\/wp-content\/uploads\/2024\/10\/Concurso11-3-1024x683.jpg 1024w, https:\/\/www.pensarcursos.com.br\/blog\/wp-content\/uploads\/2024\/10\/Concurso11-3-300x200.jpg 300w, https:\/\/www.pensarcursos.com.br\/blog\/wp-content\/uploads\/2024\/10\/Concurso11-3-768x512.jpg 768w, https:\/\/www.pensarcursos.com.br\/blog\/wp-content\/uploads\/2024\/10\/Concurso11-3.jpg 1380w\" sizes=\"(max-width: 676px) 100vw, 676px\" \/><figcaption id=\"caption-attachment-74743\" class=\"wp-caption-text\">O cargo de Assistente Social possui sal\u00e1rio de R$ 1.684,40. J\u00e1 o Guarda Municipal, R$ 1.412,00. Imagem: Freepik<\/figcaption><\/figure>\n<h2>Etapas do concurso<\/h2>\n<p>O <a href=\"https:\/\/www.pensarcursos.com.br\/blog\/novo-concurso-oferta-500-vagas-para-o-cargo-de-agente-administrativo\/\">concurso<\/a> da Prefeitura de Retirol\u00e2ndia, no estado da Bahia, foi estruturado para avaliar os candidatos de forma abrangente, considerando as especificidades de cada cargo. As fases incluem:<\/p>\n<h3>Prova Objetiva<\/h3>\n<ul class=\"!whitespace-normal list-disc ml-5\">\n<li class=\"pb-1\">Data: <strong>24 de novembro de 2024<\/strong><\/li>\n<li class=\"pb-1\">Car\u00e1ter: Eliminat\u00f3rio e classificat\u00f3rio<\/li>\n<li class=\"pb-1\">Aplica\u00e7\u00e3o: Para todos os cargos<\/li>\n<\/ul>\n<p>A prova objetiva ser\u00e1 realizada em dois turnos:<\/p>\n<ul class=\"!whitespace-normal list-disc ml-5\">\n<li class=\"pb-1\">Matutino: N\u00edvel superior e fundamental<\/li>\n<li class=\"pb-1\">Vespertino: N\u00edvel m\u00e9dio<\/li>\n<\/ul>\n<h3>Prova Pr\u00e1tica<\/h3>\n<ul class=\"!whitespace-normal list-disc ml-5\">\n<li class=\"pb-1\">Aplica\u00e7\u00e3o: Exclusiva para o cargo de motorista<\/li>\n<li class=\"pb-1\">Car\u00e1ter: Eliminat\u00f3rio e classificat\u00f3rio<\/li>\n<\/ul>\n<h3>Prova de T\u00edtulos<\/h3>\n<ul class=\"!whitespace-normal list-disc ml-5\">\n<li class=\"pb-1\">Aplica\u00e7\u00e3o: Somente para as vagas de n\u00edvel superior<\/li>\n<li class=\"pb-1\">Car\u00e1ter: Classificador<\/li>\n<\/ul>\n<h3>Teste de Aptid\u00e3o F\u00edsica<\/h3>\n<ul class=\"!whitespace-normal list-disc ml-5\">\n<li class=\"pb-1\">Aplica\u00e7\u00e3o: Exclusiva para o cargo da Guarda Municipal<\/li>\n<li class=\"pb-1\">Personagem: Eliminat\u00f3rio<\/li>\n<\/ul>\n<h2>Como se inscrever no concurso?<\/h2>\n<p>O processo de inscri\u00e7\u00e3o para o concurso da Prefeitura de Retirol\u00e2ndia foi elaborado para ser acess\u00edvel e f\u00e1cil. Aqui est\u00e3o os principais pontos que os candidatos devem observar:<\/p>\n<h3>Per\u00edodo de inscri\u00e7\u00f5es<\/h3>\n<ul class=\"!whitespace-normal list-disc ml-5\">\n<li class=\"pb-1\">In\u00edcio: 10 de outubro<\/li>\n<li class=\"pb-1\">T\u00e9rmino: <strong>23 de outubro (quarta-feira)<\/strong><\/li>\n<\/ul>\n<h3>Taxas de inscri\u00e7\u00e3o<\/h3>\n<p>As taxas variam conforme o n\u00edvel de escolaridade exigido para o cargo:<\/p>\n<ul class=\"!whitespace-normal list-disc ml-5\">\n<li class=\"pb-1\">N\u00edvel Fundamental: R$ 70,00<\/li>\n<li class=\"pb-1\">N\u00edvel M\u00e9dio\/T\u00e9cnico: R$ 90,00<\/li>\n<li class=\"pb-1\">N\u00edvel Superior: R$ 120,00<\/li>\n<\/ul>\n<p>Segundo o\u00a0<a href=\"https:\/\/www.pensarcursos.com.br\/blog\/wp-content\/uploads\/2024\/10\/retirolandia.pdf\" target=\"_blank\" rel=\"noopener\">edital<\/a> do concurso da prefeitura de Retirol\u00e2ndia, o pagamento da taxa dever\u00e1 ser efetuado <strong>at\u00e9 o dia 24 de outubro<\/strong>, garantindo assim a participa\u00e7\u00e3o no certame.<\/p>\n<h3>Procedimento de Inscri\u00e7\u00e3o<\/h3>\n<ol class=\"!whitespace-normal list-decimal ml-5\">\n<li class=\"pb-1\">Acesse o site oficial do <a href=\"https:\/\/institutobrb.selecao.net.br\/informacoes\/7\/\" target=\"_blank\" rel=\"noopener\">Instituto BRB<\/a><\/li>\n<li class=\"pb-1\">Preencha o formul\u00e1rio de inscri\u00e7\u00e3o com seus dados pessoais<\/li>\n<li class=\"pb-1\">Escolha o cargo desejado<\/li>\n<li class=\"pb-1\">Gere o boleto para pagamento<\/li>\n<li class=\"pb-1\">Efetue o pagamento dentro do prazo estipulado<\/li>\n<\/ol>\n<div class=\"jeg_video_container jeg_video_content\"><iframe title=\"10 erros FATAIS e muito comuns na hora de estudar para concursos p\u00fablicos!\" width=\"500\" height=\"281\" src=\"https:\/\/www.youtube.com\/embed\/eNsdBd0l2nE?feature=oembed\" frameborder=\"0\" allow=\"accelerometer; autoplay; clipboard-write; encrypted-media; gyroscope; picture-in-picture; web-share\" referrerpolicy=\"strict-origin-when-cross-origin\" allowfullscreen><\/iframe><\/div>\n","protected":false},"excerpt":{"rendered":"<p>O prazo para se inscrever no concurso p\u00fablico da prefeitura est\u00e1 chegando ao fim! Com oportunidades para diversos cargos, incluindo Assistente Social e Guarda Municipal, os interessados \u200b\u200bt\u00eam at\u00e9 esta quarta-feira, 23 de outubro, para garantir sua participa\u00e7\u00e3o no certame. O edital, organizado pelo Instituto BRB, oferece um total de 127 vagas imediatas, al\u00e9m da [&hellip;]<\/p>\n","protected":false},"author":17,"featured_media":74744,"comment_status":"open","ping_status":"closed","sticky":false,"template":"","format":"standard","meta":{"jnews-multi-image_gallery":[],"jnews_single_post":[],"jnews_primary_category":[],"jnews_social_meta":[],"jnews_override_counter":[],"footnotes":""},"categories":[29],"tags":[21851,21852,21853],"class_list":["post-74741","post","type-post","status-publish","format-standard","has-post-thumbnail","hentry","category-concursos","tag-concurso-da-prefeitura-de-retirolandia","tag-concursos-guarda-municipal-e-assistente-social","tag-inscricoes-do-concurso-da-prefeitura-de-retirolandia"],"yoast_head":"<!-- This site is optimized with the Yoast SEO Premium plugin v27.4 (Yoast SEO v27.4) - https:\/\/yoast.com\/product\/yoast-seo-premium-wordpress\/ -->\n<title>Concurso para Assistente Social e Guarda Municipal encerra inscri\u00e7\u00f5es nesta quarta (23) - Blog Pensar Cursos<\/title>\n<meta name=\"description\" content=\"O prazo para se inscrever no concurso p\u00fablico da prefeitura est\u00e1 chegando ao fim! Com oportunidades para diversos cargos, incluindo Assistente Social e\" \/>\n<meta name=\"robots\" content=\"index, follow, max-snippet:-1, max-image-preview:large, max-video-preview:-1\" \/>\n<link rel=\"canonical\" href=\"https:\/\/www.pensarcursos.com.br\/blog\/concurso-para-assistente-social-e-guarda-municipal\/\" \/>\n<meta property=\"og:locale\" content=\"pt_BR\" \/>\n<meta property=\"og:type\" content=\"article\" \/>\n<meta property=\"og:title\" content=\"Concurso para Assistente Social e Guarda Municipal encerra inscri\u00e7\u00f5es nesta quarta (23)\" \/>\n<meta property=\"og:description\" content=\"O prazo para se inscrever no concurso p\u00fablico da prefeitura est\u00e1 chegando ao fim! Com oportunidades para diversos cargos, incluindo Assistente Social e\" \/>\n<meta property=\"og:url\" content=\"https:\/\/www.pensarcursos.com.br\/blog\/concurso-para-assistente-social-e-guarda-municipal\/\" \/>\n<meta property=\"og:site_name\" content=\"Blog Pensar Cursos\" \/>\n<meta property=\"article:publisher\" content=\"https:\/\/www.facebook.com\/pensarcursos\/\" \/>\n<meta property=\"article:author\" content=\"https:\/\/www.facebook.com\/profile.php?id=61550018262414\" \/>\n<meta property=\"article:published_time\" content=\"2024-10-22T01:09:36+00:00\" \/>\n<meta property=\"og:image\" content=\"https:\/\/www.pensarcursos.com.br\/blog\/wp-content\/uploads\/2024\/10\/Concurso-Pub-2-17.png\" \/>\n\t<meta property=\"og:image:width\" content=\"1200\" \/>\n\t<meta property=\"og:image:height\" content=\"800\" \/>\n\t<meta property=\"og:image:type\" content=\"image\/png\" \/>\n<meta name=\"author\" content=\"Gorete Costa\" \/>\n<meta name=\"twitter:card\" content=\"summary_large_image\" \/>\n<meta name=\"twitter:label1\" content=\"Escrito por\" \/>\n\t<meta name=\"twitter:data1\" content=\"Gorete Costa\" \/>\n\t<meta name=\"twitter:label2\" content=\"Est. tempo de leitura\" \/>\n\t<meta name=\"twitter:data2\" content=\"4 minutos\" \/>\n<!-- \/ Yoast SEO Premium plugin. -->","yoast_head_json":{"title":"Concurso para Assistente Social e Guarda Municipal encerra inscri\u00e7\u00f5es nesta quarta (23) - Blog Pensar Cursos","description":"O prazo para se inscrever no concurso p\u00fablico da prefeitura est\u00e1 chegando ao fim! Com oportunidades para diversos cargos, incluindo Assistente Social e","robots":{"index":"index","follow":"follow","max-snippet":"max-snippet:-1","max-image-preview":"max-image-preview:large","max-video-preview":"max-video-preview:-1"},"canonical":"https:\/\/www.pensarcursos.com.br\/blog\/concurso-para-assistente-social-e-guarda-municipal\/","og_locale":"pt_BR","og_type":"article","og_title":"Concurso para Assistente Social e Guarda Municipal encerra inscri\u00e7\u00f5es nesta quarta (23)","og_description":"O prazo para se inscrever no concurso p\u00fablico da prefeitura est\u00e1 chegando ao fim! Com oportunidades para diversos cargos, incluindo Assistente Social e","og_url":"https:\/\/www.pensarcursos.com.br\/blog\/concurso-para-assistente-social-e-guarda-municipal\/","og_site_name":"Blog Pensar Cursos","article_publisher":"https:\/\/www.facebook.com\/pensarcursos\/","article_author":"https:\/\/www.facebook.com\/profile.php?id=61550018262414","article_published_time":"2024-10-22T01:09:36+00:00","og_image":[{"width":1200,"height":800,"url":"https:\/\/www.pensarcursos.com.br\/blog\/wp-content\/uploads\/2024\/10\/Concurso-Pub-2-17.png","type":"image\/png"}],"author":"Gorete Costa","twitter_card":"summary_large_image","twitter_misc":{"Escrito por":"Gorete Costa","Est. tempo de leitura":"4 minutos"},"schema":{"@context":"https:\/\/schema.org","@graph":[{"@type":["Article","BlogPosting"],"@id":"https:\/\/www.pensarcursos.com.br\/blog\/concurso-para-assistente-social-e-guarda-municipal\/#article","isPartOf":{"@id":"https:\/\/www.pensarcursos.com.br\/blog\/concurso-para-assistente-social-e-guarda-municipal\/"},"author":{"name":"Gorete Costa","@id":"https:\/\/www.pensarcursos.com.br\/blog\/#\/schema\/person\/e133b19d62595d6ab0c12f3e5436a7bb"},"headline":"Concurso para Assistente Social e Guarda Municipal encerra inscri\u00e7\u00f5es nesta quarta (23)","datePublished":"2024-10-22T01:09:36+00:00","mainEntityOfPage":{"@id":"https:\/\/www.pensarcursos.com.br\/blog\/concurso-para-assistente-social-e-guarda-municipal\/"},"wordCount":829,"commentCount":0,"publisher":{"@id":"https:\/\/www.pensarcursos.com.br\/blog\/#organization"},"image":{"@id":"https:\/\/www.pensarcursos.com.br\/blog\/concurso-para-assistente-social-e-guarda-municipal\/#primaryimage"},"thumbnailUrl":"https:\/\/www.pensarcursos.com.br\/blog\/wp-content\/uploads\/2024\/10\/Concurso-Pub-2-17.png","keywords":["concurso da prefeitura de retirolandia","concursos guarda municipal e assistente social","inscri\u00e7\u00f5es do concurso da prefeitura de retirol\u00e2ndia"],"articleSection":["Concursos P\u00fablicos"],"inLanguage":"pt-BR","potentialAction":[{"@type":"CommentAction","name":"Comment","target":["https:\/\/www.pensarcursos.com.br\/blog\/concurso-para-assistente-social-e-guarda-municipal\/#respond"]}],"copyrightYear":"2024","copyrightHolder":{"@id":"https:\/\/www.pensarcursos.com.br\/blog\/#organization"}},{"@type":"WebPage","@id":"https:\/\/www.pensarcursos.com.br\/blog\/concurso-para-assistente-social-e-guarda-municipal\/","url":"https:\/\/www.pensarcursos.com.br\/blog\/concurso-para-assistente-social-e-guarda-municipal\/","name":"Concurso para Assistente Social e Guarda Municipal encerra inscri\u00e7\u00f5es nesta quarta (23) - Blog Pensar Cursos","isPartOf":{"@id":"https:\/\/www.pensarcursos.com.br\/blog\/#website"},"primaryImageOfPage":{"@id":"https:\/\/www.pensarcursos.com.br\/blog\/concurso-para-assistente-social-e-guarda-municipal\/#primaryimage"},"image":{"@id":"https:\/\/www.pensarcursos.com.br\/blog\/concurso-para-assistente-social-e-guarda-municipal\/#primaryimage"},"thumbnailUrl":"https:\/\/www.pensarcursos.com.br\/blog\/wp-content\/uploads\/2024\/10\/Concurso-Pub-2-17.png","datePublished":"2024-10-22T01:09:36+00:00","description":"O prazo para se inscrever no concurso p\u00fablico da prefeitura est\u00e1 chegando ao fim! Com oportunidades para diversos cargos, incluindo Assistente Social e","breadcrumb":{"@id":"https:\/\/www.pensarcursos.com.br\/blog\/concurso-para-assistente-social-e-guarda-municipal\/#breadcrumb"},"inLanguage":"pt-BR","potentialAction":[{"@type":"ReadAction","target":["https:\/\/www.pensarcursos.com.br\/blog\/concurso-para-assistente-social-e-guarda-municipal\/"]}]},{"@type":"ImageObject","inLanguage":"pt-BR","@id":"https:\/\/www.pensarcursos.com.br\/blog\/concurso-para-assistente-social-e-guarda-municipal\/#primaryimage","url":"https:\/\/www.pensarcursos.com.br\/blog\/wp-content\/uploads\/2024\/10\/Concurso-Pub-2-17.png","contentUrl":"https:\/\/www.pensarcursos.com.br\/blog\/wp-content\/uploads\/2024\/10\/Concurso-Pub-2-17.png","width":1200,"height":800,"caption":"As provas do concurso da prefeitura para os cargos de Assistente Social e Guarda Municipal ser\u00e3o aplicadas em novembro. Imagem: Pensar Cursos"},{"@type":"BreadcrumbList","@id":"https:\/\/www.pensarcursos.com.br\/blog\/concurso-para-assistente-social-e-guarda-municipal\/#breadcrumb","itemListElement":[{"@type":"ListItem","position":1,"name":"Home","item":"https:\/\/www.pensarcursos.com.br\/blog\/"},{"@type":"ListItem","position":2,"name":"Concurso para Assistente Social e Guarda Municipal encerra inscri\u00e7\u00f5es nesta quarta (23)"}]},{"@type":"WebSite","@id":"https:\/\/www.pensarcursos.com.br\/blog\/#website","url":"https:\/\/www.pensarcursos.com.br\/blog\/","name":"Blog Pensar Cursos","description":"Maior Site de Cursos do Brasil","publisher":{"@id":"https:\/\/www.pensarcursos.com.br\/blog\/#organization"},"alternateName":"Blog Pensar","potentialAction":[{"@type":"SearchAction","target":{"@type":"EntryPoint","urlTemplate":"https:\/\/www.pensarcursos.com.br\/blog\/?s={search_term_string}"},"query-input":{"@type":"PropertyValueSpecification","valueRequired":true,"valueName":"search_term_string"}}],"inLanguage":"pt-BR"},{"@type":"Organization","@id":"https:\/\/www.pensarcursos.com.br\/blog\/#organization","name":"Pensar Cursos","alternateName":"Blog pensar","url":"https:\/\/www.pensarcursos.com.br\/blog\/","logo":{"@type":"ImageObject","inLanguage":"pt-BR","@id":"https:\/\/www.pensarcursos.com.br\/blog\/#\/schema\/logo\/image\/","url":"https:\/\/www.pensarcursos.com.br\/blog\/wp-content\/uploads\/2023\/11\/Nova-Logo-Pensar-Cursos-vertical.png","contentUrl":"https:\/\/www.pensarcursos.com.br\/blog\/wp-content\/uploads\/2023\/11\/Nova-Logo-Pensar-Cursos-vertical.png","width":1393,"height":1001,"caption":"Pensar Cursos"},"image":{"@id":"https:\/\/www.pensarcursos.com.br\/blog\/#\/schema\/logo\/image\/"},"sameAs":["https:\/\/www.facebook.com\/pensarcursos\/","https:\/\/instagram.com.br\/pensarcursos"],"description":"Pensar Cursos \u00e9 uma empresa especializada em oferecer cursos de alta qualidade voltados para o desenvolvimento profissional e acad\u00eamico. Com uma ampla gama de op\u00e7\u00f5es de treinamento, oferecemos conte\u00fados atualizados, ministrados por especialistas da \u00e1rea, para capacitar indiv\u00edduos e equipes a atingirem seus objetivos. Nossa miss\u00e3o \u00e9 proporcionar uma educa\u00e7\u00e3o transformadora, acess\u00edvel e personalizada para cada aluno, seja em cursos presenciais ou online. Com uma abordagem inovadora, buscamos adaptar os nossos programas de ensino \u00e0s necessidades do mercado, criando solu\u00e7\u00f5es que atendem aos desafios e exig\u00eancias do mundo corporativo e acad\u00eamico. Nossos cursos incluem desde forma\u00e7\u00f5es t\u00e9cnicas at\u00e9 habilidades essenciais, como lideran\u00e7a, gest\u00e3o e desenvolvimento pessoal.","email":"contato@pensarcursos.com.br","legalName":"Sena Servi\u00e7os de Informa\u00e7\u00e3o Online LTDA","foundingDate":"2013-04-18","vatID":"17956217000172","numberOfEmployees":{"@type":"QuantitativeValue","minValue":"11","maxValue":"50"},"publishingPrinciples":"https:\/\/www.pensarcursos.com.br\/blog\/principios-de-publicacao\/","ownershipFundingInfo":"https:\/\/www.pensarcursos.com.br\/blog\/informacoes-de-propriedade-financiamento\/","actionableFeedbackPolicy":"https:\/\/www.pensarcursos.com.br\/blog\/politica-de-feedback-acionavel\/","correctionsPolicy":"https:\/\/www.pensarcursos.com.br\/blog\/politica-de-correcoes\/","ethicsPolicy":"https:\/\/www.pensarcursos.com.br\/blog\/politica-de-etica\/"},{"@type":"Person","@id":"https:\/\/www.pensarcursos.com.br\/blog\/#\/schema\/person\/e133b19d62595d6ab0c12f3e5436a7bb","name":"Gorete Costa","image":{"@type":"ImageObject","inLanguage":"pt-BR","@id":"https:\/\/secure.gravatar.com\/avatar\/8cb99f142e1cb1312d8c202378c20dc4f7210145acc22805481f4a3f47ce9b6f?s=96&d=mm&r=g","url":"https:\/\/secure.gravatar.com\/avatar\/8cb99f142e1cb1312d8c202378c20dc4f7210145acc22805481f4a3f47ce9b6f?s=96&d=mm&r=g","contentUrl":"https:\/\/secure.gravatar.com\/avatar\/8cb99f142e1cb1312d8c202378c20dc4f7210145acc22805481f4a3f47ce9b6f?s=96&d=mm&r=g","caption":"Gorete Costa"},"description":"Graduada em Servi\u00e7o Social pela Universidade do Norte do Paran\u00e1 (Unopar), Gorete Costa \u00e9 especialista em comunica\u00e7\u00e3o, atuando como radialista em programas jornal\u00edsticos e de entretenimento, al\u00e9m de produ\u00e7\u00e3o e revis\u00e3o de textos informativos para sites e blogs.","sameAs":["https:\/\/www.facebook.com\/profile.php?id=61550018262414"],"url":"https:\/\/www.pensarcursos.com.br\/blog\/author\/gorete\/"}]}},"_links":{"self":[{"href":"https:\/\/www.pensarcursos.com.br\/blog\/wp-json\/wp\/v2\/posts\/74741","targetHints":{"allow":["GET"]}}],"collection":[{"href":"https:\/\/www.pensarcursos.com.br\/blog\/wp-json\/wp\/v2\/posts"}],"about":[{"href":"https:\/\/www.pensarcursos.com.br\/blog\/wp-json\/wp\/v2\/types\/post"}],"author":[{"embeddable":true,"href":"https:\/\/www.pensarcursos.com.br\/blog\/wp-json\/wp\/v2\/users\/17"}],"replies":[{"embeddable":true,"href":"https:\/\/www.pensarcursos.com.br\/blog\/wp-json\/wp\/v2\/comments?post=74741"}],"version-history":[{"count":0,"href":"https:\/\/www.pensarcursos.com.br\/blog\/wp-json\/wp\/v2\/posts\/74741\/revisions"}],"wp:featuredmedia":[{"embeddable":true,"href":"https:\/\/www.pensarcursos.com.br\/blog\/wp-json\/wp\/v2\/media\/74744"}],"wp:attachment":[{"href":"https:\/\/www.pensarcursos.com.br\/blog\/wp-json\/wp\/v2\/media?parent=74741"}],"wp:term":[{"taxonomy":"category","embeddable":true,"href":"https:\/\/www.pensarcursos.com.br\/blog\/wp-json\/wp\/v2\/categories?post=74741"},{"taxonomy":"post_tag","embeddable":true,"href":"https:\/\/www.pensarcursos.com.br\/blog\/wp-json\/wp\/v2\/tags?post=74741"}],"curies":[{"name":"wp","href":"https:\/\/api.w.org\/{rel}","templated":true}]}}