{"id":74476,"date":"2024-10-18T13:09:07","date_gmt":"2024-10-18T16:09:07","guid":{"rendered":"https:\/\/www.pensarcursos.com.br\/blog\/?p=74476"},"modified":"2024-10-18T11:07:22","modified_gmt":"2024-10-18T14:07:22","slug":"concurso-policia-civil-abre-inscricoes-na-proxima-semana","status":"publish","type":"post","link":"https:\/\/www.pensarcursos.com.br\/blog\/concurso-policia-civil-abre-inscricoes-na-proxima-semana\/","title":{"rendered":"Concurso Pol\u00edcia Civil abre inscri\u00e7\u00f5es na pr\u00f3xima semana!"},"content":{"rendered":"<p>O Concurso Pol\u00edcia Civil abre inscri\u00e7\u00f5es na pr\u00f3xima semana, trazendo uma excelente oportunidade para quem busca uma carreira no setor p\u00fablico. Conforme previsto, o edital oferece vagas imediatas e oportunidades para cadastro de reserva, destinadas aos cargos de Analista e Gestor. Organizado pelo Cebraspe, o per\u00edodo de inscri\u00e7\u00f5es come\u00e7a na pr\u00f3xima quinta-feira, <strong>24 de outubro<\/strong>. Se voc\u00ea deseja ingressar na Pol\u00edcia Civil, esta \u00e9 a chance de conquistar uma vaga em um dos concursos mais aguardados do ano. Veja mais detalhes a seguir!<\/p>\n<h2>Concurso Pol\u00edcia Civil: inscri\u00e7\u00f5es e vagas dispon\u00edveis<\/h2>\n<p>O novo <a href=\"https:\/\/www.pensarcursos.com.br\/blog\/concurso-pc-mg-alteracoes\/\">concurso<\/a> da Pol\u00edcia Civil traz um total de 260 vagas imediatas, al\u00e9m de 480 oportunidades para cadastro de reserva, distribu\u00eddas entre os cargos de Analista e Gestor. As inscri\u00e7\u00f5es poder\u00e3o ser realizadas entre os dias <strong>24 de outubro e 12 de novembro de 2024<\/strong>. Os candidatos devem estar atentos \u00e0s datas, pois a inscri\u00e7\u00e3o dentro do prazo \u00e9 essencial para garantir a participa\u00e7\u00e3o.<\/p>\n<p>O per\u00edodo para a solicita\u00e7\u00e3o da taxa de isen\u00e7\u00e3o de inscri\u00e7\u00e3o foi entre os dias 30 de setembro e 7 de outubro de 2024 . O pagamento da taxa dever\u00e1 ser feito at\u00e9 o dia 14 de novembro de 2024.<\/p>\n<h2>Provas e datas importantes<\/h2>\n<p>As provas do <a href=\"https:\/\/www.pensarcursos.com.br\/blog\/processo-seletivo-da-policia-civil-ja-esta-aberto\/\">Concurso Pol\u00edcia Civil<\/a> ser\u00e3o realizadas em duas datas diferentes, conforme o cargo. A prova para o cargo de Gestor est\u00e1 marcada para o dia <strong>12 de janeiro de 2025<\/strong>, enquanto os candidatos ao cargo de Analista far\u00e3o a prova no dia <strong>19 de janeiro de 2025<\/strong>.\u00a0 Al\u00e9m disso, as provas objetivas ter\u00e3o dura\u00e7\u00e3o de 4 horas e 30 minutos, exigindo dos candidatos concentra\u00e7\u00e3o e dom\u00ednio dos conte\u00fados cobrados.<\/p>\n<h2>Requisitos para os cargos<\/h2>\n<p>Os cargos oferecidos no <a href=\"https:\/\/www.pensarcursos.com.br\/blog\/concurso-policia-civil-df-taf\/\">Concurso Pol\u00edcia Civil<\/a> exigem diferentes n\u00edveis de escolaridade e qualifica\u00e7\u00f5es espec\u00edficas. Veja alguns dos requisitos para os principais cargos:<\/p>\n<ul>\n<li>Analista de Apoio: exige ensino m\u00e9dio completo.<\/li>\n<li>Gestor de Apoio: dividido em diversas especialidades, como Analista de Inform\u00e1tica, Arquivista, Assistente Social, Contador, Enfermeiro, e outras. Para todos esses cargos, \u00e9 necess\u00e1rio diploma de gradua\u00e7\u00e3o na \u00e1rea correspondente, devidamente reconhecido pelo Minist\u00e9rio da Educa\u00e7\u00e3o.<\/li>\n<\/ul>\n<p>Para cada cargo, os candidatos devem apresentar diplomas e registros nos conselhos de classe, quando aplic\u00e1vel, como \u00e9 o caso de assistentes sociais, enfermeiros, psic\u00f3logos, entre outros. O atendimento a esses requisitos \u00e9 imprescind\u00edvel para participar do concurso e exercer as fun\u00e7\u00f5es previstas.<\/p>\n<h2>Etapas do concurso Pol\u00edcia Civil<\/h2>\n<p>O Concurso Pol\u00edcia Civil contar\u00e1 com duas principais etapas para avaliar os candidatos:<\/p>\n<ol>\n<li>Prova Objetiva: composta por 50 quest\u00f5es de conhecimentos b\u00e1sicos e 70 quest\u00f5es de conhecimentos espec\u00edficos, totalizando 120 quest\u00f5es. Essa etapa \u00e9 eliminat\u00f3ria e classificat\u00f3ria. Os candidatos que n\u00e3o atingirem a pontua\u00e7\u00e3o m\u00ednima estabelecida em cada uma das provas ser\u00e3o eliminados.<\/li>\n<li>Prova Discursiva: valer\u00e1 30 pontos e consistir\u00e1 na reda\u00e7\u00e3o de um texto dissertativo, com at\u00e9 30 linhas. O tema ser\u00e1 relacionado ao conhecimento espec\u00edfico do cargo. O candidato precisar\u00e1 demonstrar dom\u00ednio do conte\u00fado, al\u00e9m de habilidades de escrita e coer\u00eancia.<\/li>\n<\/ol>\n<p>Ambas as etapas ter\u00e3o grande peso na classifica\u00e7\u00e3o final, portanto, \u00e9 essencial que os candidatos se preparem com anteced\u00eancia.<\/p>\n<figure id=\"attachment_74490\" aria-describedby=\"caption-attachment-74490\" style=\"width: 716px\" class=\"wp-caption aligncenter\"><img decoding=\"async\" class=\"wp-image-74490 \" title=\"Concurso\" src=\"https:\/\/www.pensarcursos.com.br\/blog\/wp-content\/uploads\/2024\/10\/Concurso3-3-1024x683.jpg\" alt=\"As provas do concurso Pol\u00edcia Civil ser\u00e3o aplicadas nos dias 12 e 19 de janeiro de 2025. \" width=\"716\" height=\"477\" srcset=\"https:\/\/www.pensarcursos.com.br\/blog\/wp-content\/uploads\/2024\/10\/Concurso3-3-1024x683.jpg 1024w, https:\/\/www.pensarcursos.com.br\/blog\/wp-content\/uploads\/2024\/10\/Concurso3-3-300x200.jpg 300w, https:\/\/www.pensarcursos.com.br\/blog\/wp-content\/uploads\/2024\/10\/Concurso3-3-768x512.jpg 768w, https:\/\/www.pensarcursos.com.br\/blog\/wp-content\/uploads\/2024\/10\/Concurso3-3.jpg 1380w\" sizes=\"(max-width: 716px) 100vw, 716px\" \/><figcaption id=\"caption-attachment-74490\" class=\"wp-caption-text\">As provas do concurso Pol\u00edcia Civil ser\u00e3o aplicadas nos dias 12 e 19 de janeiro de 2025. Imagem: Freepik<\/figcaption><\/figure>\n<h2>Cargos, fun\u00e7\u00f5es e sal\u00e1rios<\/h2>\n<p>As vagas oferecidas no Concurso Pol\u00edcia Civil do Distrito Federal cobrem uma ampla variedade de cargos. Alguns deles s\u00e3o:<\/p>\n<ul>\n<li>Analista de Apoio \u00e0s Atividades Policiais: respons\u00e1vel por servi\u00e7os de apoio administrativo, an\u00e1lise e instru\u00e7\u00e3o de processos.<\/li>\n<li>Gestor de Apoio \u00e0s Atividades Policiais: com especializa\u00e7\u00f5es como Analista de Inform\u00e1tica (banco de dados, desenvolvimento de sistemas, rede de computadores), Arquivista, Assistente Social, entre outros. Cada fun\u00e7\u00e3o tem atribui\u00e7\u00f5es espec\u00edficas, como planejamento, supervis\u00e3o de atividades, desenvolvimento de sistemas, entre outras.<\/li>\n<\/ul>\n<p>A seguir, est\u00e3o os detalhes sobre os cargos, o n\u00famero de vagas e o sal\u00e1rio inicial para cada fun\u00e7\u00e3o.<\/p>\n<h3>N\u00edvel M\u00e9dio \u2013 Analista de Apoio \u00e0s Atividades Policiais Civis<\/h3>\n<p>Especialidade: Agente Administrativo<\/p>\n<ul>\n<li>Vagas Imediatas: 200<\/li>\n<li>Vagas em Cadastro de Reserva: 300<\/li>\n<li>Sal\u00e1rio Inicial (30 horas): R$ 4.162,94<\/li>\n<li>Sal\u00e1rio Inicial (40 horas): R$ 5.550,58<\/li>\n<\/ul>\n<h3>N\u00edvel Superior \u2013 Gestor de Apoio \u00e0s Atividades Policiais Civis<\/h3>\n<p>Os cargos de n\u00edvel superior abrangem diversas especialidades com vagas tanto imediatas quanto em cadastro de reserva.<\/p>\n<ul>\n<li>Especialidade: Analista de Inform\u00e1tica \u2013 Banco de Dados\n<ul>\n<li>Vagas Imediatas: 3<\/li>\n<li>Vagas em Cadastro de Reserva: 9<\/li>\n<\/ul>\n<\/li>\n<li>Especialidade: Analista de Inform\u00e1tica \u2013 Desenvolvimento de Sistemas\n<ul>\n<li>Vagas Imediatas: 9<\/li>\n<li>Vagas em Cadastro de Reserva: 27<\/li>\n<\/ul>\n<\/li>\n<li>Especialidade: Analista de Inform\u00e1tica \u2013 Rede de Computadores\n<ul>\n<li>Vagas Imediatas: 6<\/li>\n<li>Vagas em Cadastro de Reserva: 18<\/li>\n<\/ul>\n<\/li>\n<li>Especialidade: Arquivista\n<ul>\n<li>Vagas Imediatas: 1<\/li>\n<li>Vagas em Cadastro de Reserva: 3<\/li>\n<\/ul>\n<\/li>\n<li>Especialidade: Assistente Social\n<ul>\n<li>Vagas Imediatas: 6<\/li>\n<li>Vagas em Cadastro de Reserva: 18<\/li>\n<\/ul>\n<\/li>\n<li>Especialidade: Bibliotec\u00e1rio\n<ul>\n<li>Vagas Imediatas: 1<\/li>\n<li>Vagas em Cadastro de Reserva: 3<\/li>\n<\/ul>\n<\/li>\n<li>Especialidade: Contador\n<ul>\n<li>Vagas Imediatas: 3<\/li>\n<li>Vagas em Cadastro de Reserva: 9<\/li>\n<\/ul>\n<\/li>\n<li>Especialidade: Enfermeiro\n<ul>\n<li>Vagas Imediatas: 3<\/li>\n<li>Vagas em Cadastro de Reserva: 9<\/li>\n<\/ul>\n<\/li>\n<li>Especialidade: Farmac\u00eautico\n<ul>\n<li>Vagas Imediatas: 1<\/li>\n<li>Vagas em Cadastro de Reserva: 3<\/li>\n<\/ul>\n<\/li>\n<li>Especialidade: Fisioterapeuta\n<ul>\n<li>Vagas Imediatas: 2<\/li>\n<li>Vagas em Cadastro de Reserva: 6<\/li>\n<\/ul>\n<\/li>\n<li>Especialidade: Fonoaudi\u00f3logo\n<ul>\n<li>Vagas Imediatas: 1<\/li>\n<li>Vagas em Cadastro de Reserva: 3<\/li>\n<\/ul>\n<\/li>\n<li>Especialidade: Nutricionista\n<ul>\n<li>Vagas Imediatas: 2<\/li>\n<li>Vagas em Cadastro de Reserva: 6<\/li>\n<\/ul>\n<\/li>\n<li>Especialidade: Odont\u00f3logo\n<ul>\n<li>Vagas Imediatas: 3<\/li>\n<li>Vagas em Cadastro de Reserva: 9<\/li>\n<\/ul>\n<\/li>\n<li>Especialidade: Pedagogo\n<ul>\n<li>Vagas Imediatas: 2<\/li>\n<li>Vagas em Cadastro de Reserva: 6<\/li>\n<\/ul>\n<\/li>\n<li>Especialidade: Psicologia\n<ul>\n<li>Vagas Imediatas: 15<\/li>\n<li>Vagas em Cadastro de Reserva: 45<\/li>\n<\/ul>\n<\/li>\n<li>Especialidade: Profissional de Educa\u00e7\u00e3o F\u00edsica\n<ul>\n<li>Vagas Imediatas: 2<\/li>\n<li>Vagas em Cadastro de Reserva: 6<\/li>\n<\/ul>\n<\/li>\n<\/ul>\n<p>Sal\u00e1rio Inicial (30 horas): R$ 6.539,35<br \/>\nSal\u00e1rio Inicial (40 horas): R$ 8.719,13<\/p>\n<p>Cada cargo exige habilidades e qualifica\u00e7\u00f5es espec\u00edficas, e os candidatos devem verificar atentamente os requisitos no <a href=\"https:\/\/www.pensarcursos.com.br\/blog\/wp-content\/uploads\/2024\/10\/ed_1_pcdf_adm_2024_abertura.pdf\" target=\"_blank\" rel=\"noopener\">edital<\/a>.<\/p>\n<h2>Como se inscrever no concurso Pol\u00edcia Civil?<\/h2>\n<div class=\"flex-shrink-0 flex flex-col relative items-end\">\n<div>\n<div class=\"pt-0\">\n<div class=\"gizmo-bot-avatar flex h-8 w-8 items-center justify-center overflow-hidden rounded-full\">\n<div class=\"relative p-1 rounded-sm flex items-center justify-center bg-token-main-surface-primary text-token-text-primary h-8 w-8\">Para se inscrever no <strong>Concurso Pol\u00edcia Civil<\/strong>, os candidatos devem acessar o site oficial da banca <a href=\"https:\/\/www.cebraspe.org.br\/concursos\/PC_DF_24_ADM\" target=\"_blank\" rel=\"noopener\">Cebraspe<\/a> entre os dias 24 de outubro e 12 de novembro de 2024. Durante esse per\u00edodo, as inscri\u00e7\u00f5es estar\u00e3o abertas para todos os interessados nos cargos dispon\u00edveis.<\/div>\n<\/div>\n<\/div>\n<\/div>\n<\/div>\n<div class=\"group\/conversation-turn relative flex w-full min-w-0 flex-col agent-turn\">\n<div class=\"flex-col gap-1 md:gap-3\">\n<div class=\"flex max-w-full flex-col flex-grow\">\n<div class=\"min-h-8 text-message flex w-full flex-col items-end gap-2 whitespace-normal break-words [.text-message+&amp;]:mt-5\" dir=\"auto\" data-message-author-role=\"assistant\" data-message-id=\"5c98cd99-c8a0-45a6-b065-8c6e73736279\" data-message-model-slug=\"gpt-4o\">\n<div class=\"flex w-full flex-col gap-1 empty:hidden first:pt-[3px]\">\n<div class=\"markdown prose w-full break-words dark:prose-invert light\">\n<p>O valor da taxa de inscri\u00e7\u00e3o varia de acordo com o n\u00edvel de escolaridade exigido para o cargo desejado.<\/p>\n<p>Candidatos a vagas de n\u00edvel superior dever\u00e3o pagar uma taxa de R$ 98,31, enquanto os que concorrem a cargos de n\u00edvel m\u00e9dio pagar\u00e3o R$ 75,02.<\/p>\n<\/div>\n<\/div>\n<\/div>\n<\/div>\n<\/div>\n<\/div>\n","protected":false},"excerpt":{"rendered":"<p>O Concurso Pol\u00edcia Civil abre inscri\u00e7\u00f5es na pr\u00f3xima semana, trazendo uma excelente oportunidade para quem busca uma carreira no setor p\u00fablico. Conforme previsto, o edital oferece vagas imediatas e oportunidades para cadastro de reserva, destinadas aos cargos de Analista e Gestor. Organizado pelo Cebraspe, o per\u00edodo de inscri\u00e7\u00f5es come\u00e7a na pr\u00f3xima quinta-feira, 24 de outubro. [&hellip;]<\/p>\n","protected":false},"author":17,"featured_media":71152,"comment_status":"open","ping_status":"closed","sticky":false,"template":"","format":"standard","meta":{"jnews-multi-image_gallery":[],"jnews_single_post":[],"jnews_primary_category":[],"jnews_social_meta":[],"jnews_override_counter":[],"footnotes":""},"categories":[17672],"tags":[21778,21779,21777],"class_list":["post-74476","post","type-post","status-publish","format-standard","has-post-thumbnail","hentry","category-concursos-previstos","tag-concurso-pc-df","tag-inscricoes-concurso-administrativo-policia-civil-df","tag-inscricoes-do-concurso-policia-civil-df"],"yoast_head":"<!-- This site is optimized with the Yoast SEO Premium plugin v27.4 (Yoast SEO v27.4) - https:\/\/yoast.com\/product\/yoast-seo-premium-wordpress\/ -->\n<title>Concurso Pol\u00edcia Civil abre inscri\u00e7\u00f5es na pr\u00f3xima semana! - Blog Pensar Cursos<\/title>\n<meta name=\"description\" content=\"O Concurso Pol\u00edcia Civil abre inscri\u00e7\u00f5es na pr\u00f3xima semana, trazendo uma excelente oportunidade para quem busca uma carreira no setor p\u00fablico. Conforme\" \/>\n<meta name=\"robots\" content=\"index, follow, max-snippet:-1, max-image-preview:large, max-video-preview:-1\" \/>\n<link rel=\"canonical\" href=\"https:\/\/www.pensarcursos.com.br\/blog\/concurso-policia-civil-abre-inscricoes-na-proxima-semana\/\" \/>\n<meta property=\"og:locale\" content=\"pt_BR\" \/>\n<meta property=\"og:type\" content=\"article\" \/>\n<meta property=\"og:title\" content=\"Concurso Pol\u00edcia Civil abre inscri\u00e7\u00f5es na pr\u00f3xima semana!\" \/>\n<meta property=\"og:description\" content=\"O Concurso Pol\u00edcia Civil abre inscri\u00e7\u00f5es na pr\u00f3xima semana, trazendo uma excelente oportunidade para quem busca uma carreira no setor p\u00fablico. Conforme\" \/>\n<meta property=\"og:url\" content=\"https:\/\/www.pensarcursos.com.br\/blog\/concurso-policia-civil-abre-inscricoes-na-proxima-semana\/\" \/>\n<meta property=\"og:site_name\" content=\"Blog Pensar Cursos\" \/>\n<meta property=\"article:publisher\" content=\"https:\/\/www.facebook.com\/pensarcursos\/\" \/>\n<meta property=\"article:author\" content=\"https:\/\/www.facebook.com\/profile.php?id=61550018262414\" \/>\n<meta property=\"article:published_time\" content=\"2024-10-18T16:09:07+00:00\" \/>\n<meta property=\"og:image\" content=\"https:\/\/www.pensarcursos.com.br\/blog\/wp-content\/uploads\/2024\/10\/civil-piaui-780x470.jpg.webp\" \/>\n\t<meta property=\"og:image:width\" content=\"780\" \/>\n\t<meta property=\"og:image:height\" content=\"470\" \/>\n\t<meta property=\"og:image:type\" content=\"image\/webp\" \/>\n<meta name=\"author\" content=\"Gorete Costa\" \/>\n<meta name=\"twitter:card\" content=\"summary_large_image\" \/>\n<meta name=\"twitter:label1\" content=\"Escrito por\" \/>\n\t<meta name=\"twitter:data1\" content=\"Gorete Costa\" \/>\n\t<meta name=\"twitter:label2\" content=\"Est. tempo de leitura\" \/>\n\t<meta name=\"twitter:data2\" content=\"5 minutos\" \/>\n<!-- \/ Yoast SEO Premium plugin. -->","yoast_head_json":{"title":"Concurso Pol\u00edcia Civil abre inscri\u00e7\u00f5es na pr\u00f3xima semana! - Blog Pensar Cursos","description":"O Concurso Pol\u00edcia Civil abre inscri\u00e7\u00f5es na pr\u00f3xima semana, trazendo uma excelente oportunidade para quem busca uma carreira no setor p\u00fablico. Conforme","robots":{"index":"index","follow":"follow","max-snippet":"max-snippet:-1","max-image-preview":"max-image-preview:large","max-video-preview":"max-video-preview:-1"},"canonical":"https:\/\/www.pensarcursos.com.br\/blog\/concurso-policia-civil-abre-inscricoes-na-proxima-semana\/","og_locale":"pt_BR","og_type":"article","og_title":"Concurso Pol\u00edcia Civil abre inscri\u00e7\u00f5es na pr\u00f3xima semana!","og_description":"O Concurso Pol\u00edcia Civil abre inscri\u00e7\u00f5es na pr\u00f3xima semana, trazendo uma excelente oportunidade para quem busca uma carreira no setor p\u00fablico. Conforme","og_url":"https:\/\/www.pensarcursos.com.br\/blog\/concurso-policia-civil-abre-inscricoes-na-proxima-semana\/","og_site_name":"Blog Pensar Cursos","article_publisher":"https:\/\/www.facebook.com\/pensarcursos\/","article_author":"https:\/\/www.facebook.com\/profile.php?id=61550018262414","article_published_time":"2024-10-18T16:09:07+00:00","og_image":[{"width":780,"height":470,"url":"https:\/\/www.pensarcursos.com.br\/blog\/wp-content\/uploads\/2024\/10\/civil-piaui-780x470.jpg.webp","type":"image\/webp"}],"author":"Gorete Costa","twitter_card":"summary_large_image","twitter_misc":{"Escrito por":"Gorete Costa","Est. tempo de leitura":"5 minutos"},"schema":{"@context":"https:\/\/schema.org","@graph":[{"@type":["Article","BlogPosting"],"@id":"https:\/\/www.pensarcursos.com.br\/blog\/concurso-policia-civil-abre-inscricoes-na-proxima-semana\/#article","isPartOf":{"@id":"https:\/\/www.pensarcursos.com.br\/blog\/concurso-policia-civil-abre-inscricoes-na-proxima-semana\/"},"author":{"name":"Gorete Costa","@id":"https:\/\/www.pensarcursos.com.br\/blog\/#\/schema\/person\/e133b19d62595d6ab0c12f3e5436a7bb"},"headline":"Concurso Pol\u00edcia Civil abre inscri\u00e7\u00f5es na pr\u00f3xima semana!","datePublished":"2024-10-18T16:09:07+00:00","mainEntityOfPage":{"@id":"https:\/\/www.pensarcursos.com.br\/blog\/concurso-policia-civil-abre-inscricoes-na-proxima-semana\/"},"wordCount":1054,"commentCount":0,"publisher":{"@id":"https:\/\/www.pensarcursos.com.br\/blog\/#organization"},"image":{"@id":"https:\/\/www.pensarcursos.com.br\/blog\/concurso-policia-civil-abre-inscricoes-na-proxima-semana\/#primaryimage"},"thumbnailUrl":"https:\/\/www.pensarcursos.com.br\/blog\/wp-content\/uploads\/2024\/10\/civil-piaui-780x470.jpg.webp","keywords":["concurso PC DF","inscri\u00e7\u00f5es concurso administrativo pol\u00edcia civil DF","inscri\u00e7\u00f5es do concurso pol\u00edcia civil DF"],"articleSection":["Concursos Previstos"],"inLanguage":"pt-BR","potentialAction":[{"@type":"CommentAction","name":"Comment","target":["https:\/\/www.pensarcursos.com.br\/blog\/concurso-policia-civil-abre-inscricoes-na-proxima-semana\/#respond"]}],"copyrightYear":"2024","copyrightHolder":{"@id":"https:\/\/www.pensarcursos.com.br\/blog\/#organization"}},{"@type":"WebPage","@id":"https:\/\/www.pensarcursos.com.br\/blog\/concurso-policia-civil-abre-inscricoes-na-proxima-semana\/","url":"https:\/\/www.pensarcursos.com.br\/blog\/concurso-policia-civil-abre-inscricoes-na-proxima-semana\/","name":"Concurso Pol\u00edcia Civil abre inscri\u00e7\u00f5es na pr\u00f3xima semana! - Blog Pensar Cursos","isPartOf":{"@id":"https:\/\/www.pensarcursos.com.br\/blog\/#website"},"primaryImageOfPage":{"@id":"https:\/\/www.pensarcursos.com.br\/blog\/concurso-policia-civil-abre-inscricoes-na-proxima-semana\/#primaryimage"},"image":{"@id":"https:\/\/www.pensarcursos.com.br\/blog\/concurso-policia-civil-abre-inscricoes-na-proxima-semana\/#primaryimage"},"thumbnailUrl":"https:\/\/www.pensarcursos.com.br\/blog\/wp-content\/uploads\/2024\/10\/civil-piaui-780x470.jpg.webp","datePublished":"2024-10-18T16:09:07+00:00","description":"O Concurso Pol\u00edcia Civil abre inscri\u00e7\u00f5es na pr\u00f3xima semana, trazendo uma excelente oportunidade para quem busca uma carreira no setor p\u00fablico. Conforme","breadcrumb":{"@id":"https:\/\/www.pensarcursos.com.br\/blog\/concurso-policia-civil-abre-inscricoes-na-proxima-semana\/#breadcrumb"},"inLanguage":"pt-BR","potentialAction":[{"@type":"ReadAction","target":["https:\/\/www.pensarcursos.com.br\/blog\/concurso-policia-civil-abre-inscricoes-na-proxima-semana\/"]}]},{"@type":"ImageObject","inLanguage":"pt-BR","@id":"https:\/\/www.pensarcursos.com.br\/blog\/concurso-policia-civil-abre-inscricoes-na-proxima-semana\/#primaryimage","url":"https:\/\/www.pensarcursos.com.br\/blog\/wp-content\/uploads\/2024\/10\/civil-piaui-780x470.jpg.webp","contentUrl":"https:\/\/www.pensarcursos.com.br\/blog\/wp-content\/uploads\/2024\/10\/civil-piaui-780x470.jpg.webp","width":780,"height":470,"caption":"Novo Concurso Pol\u00edcia Civil. Imagem: Pol\u00edcia Civil do Piau\u00ed"},{"@type":"BreadcrumbList","@id":"https:\/\/www.pensarcursos.com.br\/blog\/concurso-policia-civil-abre-inscricoes-na-proxima-semana\/#breadcrumb","itemListElement":[{"@type":"ListItem","position":1,"name":"Home","item":"https:\/\/www.pensarcursos.com.br\/blog\/"},{"@type":"ListItem","position":2,"name":"Concurso Pol\u00edcia Civil abre inscri\u00e7\u00f5es na pr\u00f3xima semana!"}]},{"@type":"WebSite","@id":"https:\/\/www.pensarcursos.com.br\/blog\/#website","url":"https:\/\/www.pensarcursos.com.br\/blog\/","name":"Blog Pensar Cursos","description":"Maior Site de Cursos do Brasil","publisher":{"@id":"https:\/\/www.pensarcursos.com.br\/blog\/#organization"},"alternateName":"Blog Pensar","potentialAction":[{"@type":"SearchAction","target":{"@type":"EntryPoint","urlTemplate":"https:\/\/www.pensarcursos.com.br\/blog\/?s={search_term_string}"},"query-input":{"@type":"PropertyValueSpecification","valueRequired":true,"valueName":"search_term_string"}}],"inLanguage":"pt-BR"},{"@type":"Organization","@id":"https:\/\/www.pensarcursos.com.br\/blog\/#organization","name":"Pensar Cursos","alternateName":"Blog pensar","url":"https:\/\/www.pensarcursos.com.br\/blog\/","logo":{"@type":"ImageObject","inLanguage":"pt-BR","@id":"https:\/\/www.pensarcursos.com.br\/blog\/#\/schema\/logo\/image\/","url":"https:\/\/www.pensarcursos.com.br\/blog\/wp-content\/uploads\/2023\/11\/Nova-Logo-Pensar-Cursos-vertical.png","contentUrl":"https:\/\/www.pensarcursos.com.br\/blog\/wp-content\/uploads\/2023\/11\/Nova-Logo-Pensar-Cursos-vertical.png","width":1393,"height":1001,"caption":"Pensar Cursos"},"image":{"@id":"https:\/\/www.pensarcursos.com.br\/blog\/#\/schema\/logo\/image\/"},"sameAs":["https:\/\/www.facebook.com\/pensarcursos\/","https:\/\/instagram.com.br\/pensarcursos"],"description":"Pensar Cursos \u00e9 uma empresa especializada em oferecer cursos de alta qualidade voltados para o desenvolvimento profissional e acad\u00eamico. Com uma ampla gama de op\u00e7\u00f5es de treinamento, oferecemos conte\u00fados atualizados, ministrados por especialistas da \u00e1rea, para capacitar indiv\u00edduos e equipes a atingirem seus objetivos. Nossa miss\u00e3o \u00e9 proporcionar uma educa\u00e7\u00e3o transformadora, acess\u00edvel e personalizada para cada aluno, seja em cursos presenciais ou online. Com uma abordagem inovadora, buscamos adaptar os nossos programas de ensino \u00e0s necessidades do mercado, criando solu\u00e7\u00f5es que atendem aos desafios e exig\u00eancias do mundo corporativo e acad\u00eamico. Nossos cursos incluem desde forma\u00e7\u00f5es t\u00e9cnicas at\u00e9 habilidades essenciais, como lideran\u00e7a, gest\u00e3o e desenvolvimento pessoal.","email":"contato@pensarcursos.com.br","legalName":"Sena Servi\u00e7os de Informa\u00e7\u00e3o Online LTDA","foundingDate":"2013-04-18","vatID":"17956217000172","numberOfEmployees":{"@type":"QuantitativeValue","minValue":"11","maxValue":"50"},"publishingPrinciples":"https:\/\/www.pensarcursos.com.br\/blog\/principios-de-publicacao\/","ownershipFundingInfo":"https:\/\/www.pensarcursos.com.br\/blog\/informacoes-de-propriedade-financiamento\/","actionableFeedbackPolicy":"https:\/\/www.pensarcursos.com.br\/blog\/politica-de-feedback-acionavel\/","correctionsPolicy":"https:\/\/www.pensarcursos.com.br\/blog\/politica-de-correcoes\/","ethicsPolicy":"https:\/\/www.pensarcursos.com.br\/blog\/politica-de-etica\/"},{"@type":"Person","@id":"https:\/\/www.pensarcursos.com.br\/blog\/#\/schema\/person\/e133b19d62595d6ab0c12f3e5436a7bb","name":"Gorete Costa","image":{"@type":"ImageObject","inLanguage":"pt-BR","@id":"https:\/\/secure.gravatar.com\/avatar\/8cb99f142e1cb1312d8c202378c20dc4f7210145acc22805481f4a3f47ce9b6f?s=96&d=mm&r=g","url":"https:\/\/secure.gravatar.com\/avatar\/8cb99f142e1cb1312d8c202378c20dc4f7210145acc22805481f4a3f47ce9b6f?s=96&d=mm&r=g","contentUrl":"https:\/\/secure.gravatar.com\/avatar\/8cb99f142e1cb1312d8c202378c20dc4f7210145acc22805481f4a3f47ce9b6f?s=96&d=mm&r=g","caption":"Gorete Costa"},"description":"Graduada em Servi\u00e7o Social pela Universidade do Norte do Paran\u00e1 (Unopar), Gorete Costa \u00e9 especialista em comunica\u00e7\u00e3o, atuando como radialista em programas jornal\u00edsticos e de entretenimento, al\u00e9m de produ\u00e7\u00e3o e revis\u00e3o de textos informativos para sites e blogs.","sameAs":["https:\/\/www.facebook.com\/profile.php?id=61550018262414"],"url":"https:\/\/www.pensarcursos.com.br\/blog\/author\/gorete\/"}]}},"_links":{"self":[{"href":"https:\/\/www.pensarcursos.com.br\/blog\/wp-json\/wp\/v2\/posts\/74476","targetHints":{"allow":["GET"]}}],"collection":[{"href":"https:\/\/www.pensarcursos.com.br\/blog\/wp-json\/wp\/v2\/posts"}],"about":[{"href":"https:\/\/www.pensarcursos.com.br\/blog\/wp-json\/wp\/v2\/types\/post"}],"author":[{"embeddable":true,"href":"https:\/\/www.pensarcursos.com.br\/blog\/wp-json\/wp\/v2\/users\/17"}],"replies":[{"embeddable":true,"href":"https:\/\/www.pensarcursos.com.br\/blog\/wp-json\/wp\/v2\/comments?post=74476"}],"version-history":[{"count":0,"href":"https:\/\/www.pensarcursos.com.br\/blog\/wp-json\/wp\/v2\/posts\/74476\/revisions"}],"wp:featuredmedia":[{"embeddable":true,"href":"https:\/\/www.pensarcursos.com.br\/blog\/wp-json\/wp\/v2\/media\/71152"}],"wp:attachment":[{"href":"https:\/\/www.pensarcursos.com.br\/blog\/wp-json\/wp\/v2\/media?parent=74476"}],"wp:term":[{"taxonomy":"category","embeddable":true,"href":"https:\/\/www.pensarcursos.com.br\/blog\/wp-json\/wp\/v2\/categories?post=74476"},{"taxonomy":"post_tag","embeddable":true,"href":"https:\/\/www.pensarcursos.com.br\/blog\/wp-json\/wp\/v2\/tags?post=74476"}],"curies":[{"name":"wp","href":"https:\/\/api.w.org\/{rel}","templated":true}]}}