{"id":74459,"date":"2024-10-18T14:39:52","date_gmt":"2024-10-18T17:39:52","guid":{"rendered":"https:\/\/www.pensarcursos.com.br\/blog\/?p=74459"},"modified":"2024-10-18T10:33:13","modified_gmt":"2024-10-18T13:33:13","slug":"como-o-desemprego-afeta-a-educacao","status":"publish","type":"post","link":"https:\/\/www.pensarcursos.com.br\/blog\/como-o-desemprego-afeta-a-educacao\/","title":{"rendered":"Qual a rela\u00e7\u00e3o entre baixos n\u00edveis de escolaridade e desemprego?"},"content":{"rendered":"<p>A rela\u00e7\u00e3o entre educa\u00e7\u00e3o e desemprego \u00e9 um tema amplamente discutido em diversos estudos ao redor do mundo. No Brasil, essa quest\u00e3o \u00e9 especialmente importante, considerando as diferen\u00e7as nas taxas de desemprego entre pessoas com diferentes n\u00edveis educacionais. Nesta mat\u00e9ria, voc\u00ea ir\u00e1 descobrir como a falta de educa\u00e7\u00e3o afeta o mercado de trabalho e por que pessoas com menos escolaridade muitas vezes encontram menos oportunidades de emprego. Al\u00e9m disso, voc\u00ea ir\u00e1 conferir\u00a0 dados recentes que mostram como essa realidade se apresenta no Brasil e em outros pa\u00edses.<\/p>\n<h2>Qual o impacto dos baixos n\u00edveis de escolaridade no desemprego?<\/h2>\n<p>A educa\u00e7\u00e3o desempenha um papel determinante na inser\u00e7\u00e3o no <a href=\"https:\/\/www.pensarcursos.com.br\/blog\/profissoes-que-voltaram-a-ganhar-espaco\/\">mercado de trabalho<\/a>. Em geral, quanto maior o n\u00edvel de escolaridade de uma pessoa, maiores s\u00e3o as suas chances de conseguir um emprego. Isso acontece porque pessoas mais qualificadas tendem a ter mais habilidades t\u00e9cnicas e cognitivas, que s\u00e3o altamente valorizadas pelas empresas. Al\u00e9m disso, trabalhadores com maior forma\u00e7\u00e3o t\u00eam mais flexibilidade para se adaptar a diferentes setores econ\u00f4micos.<\/p>\n<p>Entretanto, essa l\u00f3gica nem sempre se aplica da mesma forma em todos os pa\u00edses. No Brasil, por exemplo, as taxas de desemprego entre aqueles que conclu\u00edram o ensino m\u00e9dio s\u00e3o mais elevadas do que entre aqueles que n\u00e3o completaram essa etapa. Segundo a Organiza\u00e7\u00e3o para a Coopera\u00e7\u00e3o e Desenvolvimento Econ\u00f4mico (OCDE), a taxa de desemprego para brasileiros com ensino m\u00e9dio \u00e9 de 6,1%, enquanto para aqueles que n\u00e3o conclu\u00edram essa etapa \u00e9 de 4,7%. Esse dado chama a aten\u00e7\u00e3o e contraria a tend\u00eancia observada em pa\u00edses membros da OCDE.<\/p>\n<h2>Compara\u00e7\u00e3o internacional<\/h2>\n<p>Em compara\u00e7\u00e3o com os pa\u00edses da OCDE, a situa\u00e7\u00e3o brasileira se destaca de forma preocupante. Nos pa\u00edses desenvolvidos, a taxa de desemprego entre pessoas que completaram o ensino m\u00e9dio \u00e9 de 4,9%, enquanto para os que n\u00e3o possuem essa forma\u00e7\u00e3o, o \u00edndice \u00e9 de 8,7%. Ou seja, em pa\u00edses mais desenvolvidos, a falta de escolaridade impacta de forma muito mais negativa as chances de conseguir um emprego, o que demonstra que, em geral, a educa\u00e7\u00e3o realmente abre portas no mercado de trabalho.<\/p>\n<p>No entanto, no Brasil, a realidade \u00e9 diferente. A economia brasileira, conforme explica o economista Etienne Albiser, da OCDE, demanda uma quantidade significativa de m\u00e3o de obra menos qualificada. Isso pode ser uma das raz\u00f5es pelas quais pessoas com menos escolaridade ainda conseguem se manter no mercado de trabalho, ao contr\u00e1rio do que acontece em economias mais desenvolvidas, onde h\u00e1 uma maior exig\u00eancia de qualifica\u00e7\u00e3o t\u00e9cnica.<\/p>\n<h2>Desigualdade de g\u00eanero no desemprego<\/h2>\n<p>Outro fator que deve ser considerado ao analisar a rela\u00e7\u00e3o entre educa\u00e7\u00e3o e <a href=\"https:\/\/www.pensarcursos.com.br\/blog\/desemprego-no-brasil-cai-no-primeiro-trimestre-de-2024-menor-indice-em-uma-decada\/\">desemprego<\/a> \u00e9 a desigualdade de g\u00eanero. No Brasil, as taxas de desemprego variam significativamente entre homens e mulheres. Entre as mulheres, a taxa de desemprego geral \u00e9 de 6,9%, enquanto entre os homens, o \u00edndice \u00e9 de apenas 3,4%. Quando analisa-se apenas aqueles que conclu\u00edram o ensino m\u00e9dio, as mulheres enfrentam um desemprego de 8,5%, enquanto os homens apresentam uma taxa de 3,9%.<\/p>\n<p>Essa diferen\u00e7a pode ser explicada por diversos fatores, incluindo a discrimina\u00e7\u00e3o de g\u00eanero no mercado de trabalho e a falta de oportunidades iguais para homens e mulheres. Al\u00e9m disso, mulheres enfrentam mais desafios em equilibrar a vida profissional e pessoal, o que muitas vezes as coloca em desvantagem na busca por emprego.<\/p>\n<figure id=\"attachment_18006\" aria-describedby=\"caption-attachment-18006\" style=\"width: 757px\" class=\"wp-caption aligncenter\"><img decoding=\"async\" class=\"wp-image-18006\" title=\"Entenda a rela\u00e7\u00e3o entre baixos n\u00edveis educacionais e desemprego.\" src=\"https:\/\/www.pensarcursos.com.br\/blog\/wp-content\/uploads\/2023\/12\/Getty-Images-2-1024x608.png\" alt=\"Entenda a rela\u00e7\u00e3o entre baixos n\u00edveis educacionais e desemprego.\" width=\"757\" height=\"449\" srcset=\"https:\/\/www.pensarcursos.com.br\/blog\/wp-content\/uploads\/2023\/12\/Getty-Images-2-1024x608.png 1024w, https:\/\/www.pensarcursos.com.br\/blog\/wp-content\/uploads\/2023\/12\/Getty-Images-2-300x178.png 300w, https:\/\/www.pensarcursos.com.br\/blog\/wp-content\/uploads\/2023\/12\/Getty-Images-2-768x456.png 768w, https:\/\/www.pensarcursos.com.br\/blog\/wp-content\/uploads\/2023\/12\/Getty-Images-2.png 1398w\" sizes=\"(max-width: 757px) 100vw, 757px\" \/><figcaption id=\"caption-attachment-18006\" class=\"wp-caption-text\">Entenda a rela\u00e7\u00e3o entre baixos n\u00edveis educacionais e desemprego. Imagem: Getty Images<\/figcaption><\/figure>\n<h2>Causas da situa\u00e7\u00e3o no Brasil<\/h2>\n<p>Diversos fatores contribuem para a desconex\u00e3o entre educa\u00e7\u00e3o e <a href=\"https:\/\/www.pensarcursos.com.br\/blog\/atencao-estas-8-profissoes-possuem-serios-riscos-de-desemprego-a-partir-de-2024\/\">desemprego<\/a> no Brasil. Um deles \u00e9 a estrutura econ\u00f4mica do pa\u00eds, que, como mencionado anteriormente, demanda uma grande quantidade de trabalhadores menos qualificados. Em setores como a agricultura e a constru\u00e7\u00e3o civil, por exemplo, h\u00e1 menos exig\u00eancia de escolaridade formal, o que permite que pessoas com baixos n\u00edveis de educa\u00e7\u00e3o se mantenham empregadas.<\/p>\n<p>Outro fator importante \u00e9 a baixa taxa de escolaridade geral da popula\u00e7\u00e3o brasileira. Segundo a OCDE, cerca de dois ter\u00e7os das pessoas entre 25 e 64 anos no Brasil n\u00e3o possuem ensino m\u00e9dio completo. Essa realidade cria um mercado de trabalho onde a competi\u00e7\u00e3o por vagas menos qualificadas \u00e9 alta, o que mant\u00e9m as taxas de desemprego relativamente baixas para essa faixa da popula\u00e7\u00e3o.<\/p>\n<h2>O que deve ser feito?<\/h2>\n<p>Diante dessa situa\u00e7\u00e3o, \u00e9 importante refletir sobre os desafios que o Brasil enfrenta para alinhar o sistema educacional \u00e0s demandas do mercado de trabalho. Melhorar a qualidade da educa\u00e7\u00e3o e aumentar o acesso a n\u00edveis mais altos de ensino s\u00e3o passos fundamentais para que o pa\u00eds possa competir em um cen\u00e1rio econ\u00f4mico globalizado, onde a qualifica\u00e7\u00e3o \u00e9 cada vez mais importante.<\/p>\n<p>Ademais, a economia brasileira precisar\u00e1 passar por transforma\u00e7\u00f5es estruturais que valorizem mais as qualifica\u00e7\u00f5es t\u00e9cnicas e acad\u00eamicas. Isso passa por pol\u00edticas p\u00fablicas que incentivem a educa\u00e7\u00e3o de qualidade e por um fortalecimento da ind\u00fastria e do setor tecnol\u00f3gico, onde a demanda por trabalhadores mais qualificados \u00e9 maior.<\/p>\n","protected":false},"excerpt":{"rendered":"<p>A rela\u00e7\u00e3o entre educa\u00e7\u00e3o e desemprego \u00e9 um tema amplamente discutido em diversos estudos ao redor do mundo. No Brasil, essa quest\u00e3o \u00e9 especialmente importante, considerando as diferen\u00e7as nas taxas de desemprego entre pessoas com diferentes n\u00edveis educacionais. Nesta mat\u00e9ria, voc\u00ea ir\u00e1 descobrir como a falta de educa\u00e7\u00e3o afeta o mercado de trabalho e por [&hellip;]<\/p>\n","protected":false},"author":17,"featured_media":74471,"comment_status":"open","ping_status":"closed","sticky":false,"template":"","format":"standard","meta":{"jnews-multi-image_gallery":[],"jnews_single_post":[],"jnews_primary_category":[],"jnews_social_meta":[],"jnews_override_counter":[],"footnotes":""},"categories":[1628],"tags":[21775,7984,21774,21773],"class_list":["post-74459","post","type-post","status-publish","format-standard","has-post-thumbnail","hentry","category-atualidades","tag-baixos-niveis-educacionais-afetam-a-insercao-no-mercado-de-trabalho","tag-desemprego-no-brasil","tag-educacao-e-desemprego","tag-educacao-e-emprego"],"yoast_head":"<!-- This site is optimized with the Yoast SEO Premium plugin v27.4 (Yoast SEO v27.4) - https:\/\/yoast.com\/product\/yoast-seo-premium-wordpress\/ -->\n<title>Qual a rela\u00e7\u00e3o entre baixos n\u00edveis de escolaridade e desemprego? - Blog Pensar Cursos<\/title>\n<meta name=\"description\" content=\"A rela\u00e7\u00e3o entre educa\u00e7\u00e3o e desemprego \u00e9 um tema amplamente discutido em diversos estudos ao redor do mundo. No Brasil, essa quest\u00e3o \u00e9 especialmente\" \/>\n<meta name=\"robots\" content=\"index, follow, max-snippet:-1, max-image-preview:large, max-video-preview:-1\" \/>\n<link rel=\"canonical\" href=\"https:\/\/www.pensarcursos.com.br\/blog\/como-o-desemprego-afeta-a-educacao\/\" \/>\n<meta property=\"og:locale\" content=\"pt_BR\" \/>\n<meta property=\"og:type\" content=\"article\" \/>\n<meta property=\"og:title\" content=\"Qual a rela\u00e7\u00e3o entre baixos n\u00edveis de escolaridade e desemprego?\" \/>\n<meta property=\"og:description\" content=\"A rela\u00e7\u00e3o entre educa\u00e7\u00e3o e desemprego \u00e9 um tema amplamente discutido em diversos estudos ao redor do mundo. No Brasil, essa quest\u00e3o \u00e9 especialmente\" \/>\n<meta property=\"og:url\" content=\"https:\/\/www.pensarcursos.com.br\/blog\/como-o-desemprego-afeta-a-educacao\/\" \/>\n<meta property=\"og:site_name\" content=\"Blog Pensar Cursos\" \/>\n<meta property=\"article:publisher\" content=\"https:\/\/www.facebook.com\/pensarcursos\/\" \/>\n<meta property=\"article:author\" content=\"https:\/\/www.facebook.com\/profile.php?id=61550018262414\" \/>\n<meta property=\"article:published_time\" content=\"2024-10-18T17:39:52+00:00\" \/>\n<meta property=\"og:image\" content=\"https:\/\/www.pensarcursos.com.br\/blog\/wp-content\/uploads\/2024\/10\/carteira_de_trabalho_07122000711.png\" \/>\n\t<meta property=\"og:image:width\" content=\"1228\" \/>\n\t<meta property=\"og:image:height\" content=\"735\" \/>\n\t<meta property=\"og:image:type\" content=\"image\/png\" \/>\n<meta name=\"author\" content=\"Gorete Costa\" \/>\n<meta name=\"twitter:card\" content=\"summary_large_image\" \/>\n<meta name=\"twitter:label1\" content=\"Escrito por\" \/>\n\t<meta name=\"twitter:data1\" content=\"Gorete Costa\" \/>\n\t<meta name=\"twitter:label2\" content=\"Est. tempo de leitura\" \/>\n\t<meta name=\"twitter:data2\" content=\"4 minutos\" \/>\n<!-- \/ Yoast SEO Premium plugin. -->","yoast_head_json":{"title":"Qual a rela\u00e7\u00e3o entre baixos n\u00edveis de escolaridade e desemprego? - Blog Pensar Cursos","description":"A rela\u00e7\u00e3o entre educa\u00e7\u00e3o e desemprego \u00e9 um tema amplamente discutido em diversos estudos ao redor do mundo. No Brasil, essa quest\u00e3o \u00e9 especialmente","robots":{"index":"index","follow":"follow","max-snippet":"max-snippet:-1","max-image-preview":"max-image-preview:large","max-video-preview":"max-video-preview:-1"},"canonical":"https:\/\/www.pensarcursos.com.br\/blog\/como-o-desemprego-afeta-a-educacao\/","og_locale":"pt_BR","og_type":"article","og_title":"Qual a rela\u00e7\u00e3o entre baixos n\u00edveis de escolaridade e desemprego?","og_description":"A rela\u00e7\u00e3o entre educa\u00e7\u00e3o e desemprego \u00e9 um tema amplamente discutido em diversos estudos ao redor do mundo. No Brasil, essa quest\u00e3o \u00e9 especialmente","og_url":"https:\/\/www.pensarcursos.com.br\/blog\/como-o-desemprego-afeta-a-educacao\/","og_site_name":"Blog Pensar Cursos","article_publisher":"https:\/\/www.facebook.com\/pensarcursos\/","article_author":"https:\/\/www.facebook.com\/profile.php?id=61550018262414","article_published_time":"2024-10-18T17:39:52+00:00","og_image":[{"width":1228,"height":735,"url":"https:\/\/www.pensarcursos.com.br\/blog\/wp-content\/uploads\/2024\/10\/carteira_de_trabalho_07122000711.png","type":"image\/png"}],"author":"Gorete Costa","twitter_card":"summary_large_image","twitter_misc":{"Escrito por":"Gorete Costa","Est. tempo de leitura":"4 minutos"},"schema":{"@context":"https:\/\/schema.org","@graph":[{"@type":["Article","BlogPosting"],"@id":"https:\/\/www.pensarcursos.com.br\/blog\/como-o-desemprego-afeta-a-educacao\/#article","isPartOf":{"@id":"https:\/\/www.pensarcursos.com.br\/blog\/como-o-desemprego-afeta-a-educacao\/"},"author":{"name":"Gorete Costa","@id":"https:\/\/www.pensarcursos.com.br\/blog\/#\/schema\/person\/e133b19d62595d6ab0c12f3e5436a7bb"},"headline":"Qual a rela\u00e7\u00e3o entre baixos n\u00edveis de escolaridade e desemprego?","datePublished":"2024-10-18T17:39:52+00:00","mainEntityOfPage":{"@id":"https:\/\/www.pensarcursos.com.br\/blog\/como-o-desemprego-afeta-a-educacao\/"},"wordCount":882,"commentCount":0,"publisher":{"@id":"https:\/\/www.pensarcursos.com.br\/blog\/#organization"},"image":{"@id":"https:\/\/www.pensarcursos.com.br\/blog\/como-o-desemprego-afeta-a-educacao\/#primaryimage"},"thumbnailUrl":"https:\/\/www.pensarcursos.com.br\/blog\/wp-content\/uploads\/2024\/10\/carteira_de_trabalho_07122000711.png","keywords":["baixos n\u00edveis educacionais afetam a inser\u00e7\u00e3o no mercado de trabalho","Desemprego no Brasil","educa\u00e7\u00e3o e desemprego","educa\u00e7\u00e3o e emprego"],"articleSection":["Atualidades"],"inLanguage":"pt-BR","potentialAction":[{"@type":"CommentAction","name":"Comment","target":["https:\/\/www.pensarcursos.com.br\/blog\/como-o-desemprego-afeta-a-educacao\/#respond"]}],"copyrightYear":"2024","copyrightHolder":{"@id":"https:\/\/www.pensarcursos.com.br\/blog\/#organization"}},{"@type":"WebPage","@id":"https:\/\/www.pensarcursos.com.br\/blog\/como-o-desemprego-afeta-a-educacao\/","url":"https:\/\/www.pensarcursos.com.br\/blog\/como-o-desemprego-afeta-a-educacao\/","name":"Qual a rela\u00e7\u00e3o entre baixos n\u00edveis de escolaridade e desemprego? - Blog Pensar Cursos","isPartOf":{"@id":"https:\/\/www.pensarcursos.com.br\/blog\/#website"},"primaryImageOfPage":{"@id":"https:\/\/www.pensarcursos.com.br\/blog\/como-o-desemprego-afeta-a-educacao\/#primaryimage"},"image":{"@id":"https:\/\/www.pensarcursos.com.br\/blog\/como-o-desemprego-afeta-a-educacao\/#primaryimage"},"thumbnailUrl":"https:\/\/www.pensarcursos.com.br\/blog\/wp-content\/uploads\/2024\/10\/carteira_de_trabalho_07122000711.png","datePublished":"2024-10-18T17:39:52+00:00","description":"A rela\u00e7\u00e3o entre educa\u00e7\u00e3o e desemprego \u00e9 um tema amplamente discutido em diversos estudos ao redor do mundo. No Brasil, essa quest\u00e3o \u00e9 especialmente","breadcrumb":{"@id":"https:\/\/www.pensarcursos.com.br\/blog\/como-o-desemprego-afeta-a-educacao\/#breadcrumb"},"inLanguage":"pt-BR","potentialAction":[{"@type":"ReadAction","target":["https:\/\/www.pensarcursos.com.br\/blog\/como-o-desemprego-afeta-a-educacao\/"]}]},{"@type":"ImageObject","inLanguage":"pt-BR","@id":"https:\/\/www.pensarcursos.com.br\/blog\/como-o-desemprego-afeta-a-educacao\/#primaryimage","url":"https:\/\/www.pensarcursos.com.br\/blog\/wp-content\/uploads\/2024\/10\/carteira_de_trabalho_07122000711.png","contentUrl":"https:\/\/www.pensarcursos.com.br\/blog\/wp-content\/uploads\/2024\/10\/carteira_de_trabalho_07122000711.png","width":1228,"height":735,"caption":"Educa\u00e7\u00e3o e desemprego no Brasil. Imagem: Ag\u00eancia Brasil"},{"@type":"BreadcrumbList","@id":"https:\/\/www.pensarcursos.com.br\/blog\/como-o-desemprego-afeta-a-educacao\/#breadcrumb","itemListElement":[{"@type":"ListItem","position":1,"name":"Home","item":"https:\/\/www.pensarcursos.com.br\/blog\/"},{"@type":"ListItem","position":2,"name":"Qual a rela\u00e7\u00e3o entre baixos n\u00edveis de escolaridade e desemprego?"}]},{"@type":"WebSite","@id":"https:\/\/www.pensarcursos.com.br\/blog\/#website","url":"https:\/\/www.pensarcursos.com.br\/blog\/","name":"Blog Pensar Cursos","description":"Maior Site de Cursos do Brasil","publisher":{"@id":"https:\/\/www.pensarcursos.com.br\/blog\/#organization"},"alternateName":"Blog Pensar","potentialAction":[{"@type":"SearchAction","target":{"@type":"EntryPoint","urlTemplate":"https:\/\/www.pensarcursos.com.br\/blog\/?s={search_term_string}"},"query-input":{"@type":"PropertyValueSpecification","valueRequired":true,"valueName":"search_term_string"}}],"inLanguage":"pt-BR"},{"@type":"Organization","@id":"https:\/\/www.pensarcursos.com.br\/blog\/#organization","name":"Pensar Cursos","alternateName":"Blog pensar","url":"https:\/\/www.pensarcursos.com.br\/blog\/","logo":{"@type":"ImageObject","inLanguage":"pt-BR","@id":"https:\/\/www.pensarcursos.com.br\/blog\/#\/schema\/logo\/image\/","url":"https:\/\/www.pensarcursos.com.br\/blog\/wp-content\/uploads\/2023\/11\/Nova-Logo-Pensar-Cursos-vertical.png","contentUrl":"https:\/\/www.pensarcursos.com.br\/blog\/wp-content\/uploads\/2023\/11\/Nova-Logo-Pensar-Cursos-vertical.png","width":1393,"height":1001,"caption":"Pensar Cursos"},"image":{"@id":"https:\/\/www.pensarcursos.com.br\/blog\/#\/schema\/logo\/image\/"},"sameAs":["https:\/\/www.facebook.com\/pensarcursos\/","https:\/\/instagram.com.br\/pensarcursos"],"description":"Pensar Cursos \u00e9 uma empresa especializada em oferecer cursos de alta qualidade voltados para o desenvolvimento profissional e acad\u00eamico. Com uma ampla gama de op\u00e7\u00f5es de treinamento, oferecemos conte\u00fados atualizados, ministrados por especialistas da \u00e1rea, para capacitar indiv\u00edduos e equipes a atingirem seus objetivos. Nossa miss\u00e3o \u00e9 proporcionar uma educa\u00e7\u00e3o transformadora, acess\u00edvel e personalizada para cada aluno, seja em cursos presenciais ou online. Com uma abordagem inovadora, buscamos adaptar os nossos programas de ensino \u00e0s necessidades do mercado, criando solu\u00e7\u00f5es que atendem aos desafios e exig\u00eancias do mundo corporativo e acad\u00eamico. Nossos cursos incluem desde forma\u00e7\u00f5es t\u00e9cnicas at\u00e9 habilidades essenciais, como lideran\u00e7a, gest\u00e3o e desenvolvimento pessoal.","email":"contato@pensarcursos.com.br","legalName":"Sena Servi\u00e7os de Informa\u00e7\u00e3o Online LTDA","foundingDate":"2013-04-18","vatID":"17956217000172","numberOfEmployees":{"@type":"QuantitativeValue","minValue":"11","maxValue":"50"},"publishingPrinciples":"https:\/\/www.pensarcursos.com.br\/blog\/principios-de-publicacao\/","ownershipFundingInfo":"https:\/\/www.pensarcursos.com.br\/blog\/informacoes-de-propriedade-financiamento\/","actionableFeedbackPolicy":"https:\/\/www.pensarcursos.com.br\/blog\/politica-de-feedback-acionavel\/","correctionsPolicy":"https:\/\/www.pensarcursos.com.br\/blog\/politica-de-correcoes\/","ethicsPolicy":"https:\/\/www.pensarcursos.com.br\/blog\/politica-de-etica\/"},{"@type":"Person","@id":"https:\/\/www.pensarcursos.com.br\/blog\/#\/schema\/person\/e133b19d62595d6ab0c12f3e5436a7bb","name":"Gorete Costa","image":{"@type":"ImageObject","inLanguage":"pt-BR","@id":"https:\/\/secure.gravatar.com\/avatar\/8cb99f142e1cb1312d8c202378c20dc4f7210145acc22805481f4a3f47ce9b6f?s=96&d=mm&r=g","url":"https:\/\/secure.gravatar.com\/avatar\/8cb99f142e1cb1312d8c202378c20dc4f7210145acc22805481f4a3f47ce9b6f?s=96&d=mm&r=g","contentUrl":"https:\/\/secure.gravatar.com\/avatar\/8cb99f142e1cb1312d8c202378c20dc4f7210145acc22805481f4a3f47ce9b6f?s=96&d=mm&r=g","caption":"Gorete Costa"},"description":"Graduada em Servi\u00e7o Social pela Universidade do Norte do Paran\u00e1 (Unopar), Gorete Costa \u00e9 especialista em comunica\u00e7\u00e3o, atuando como radialista em programas jornal\u00edsticos e de entretenimento, al\u00e9m de produ\u00e7\u00e3o e revis\u00e3o de textos informativos para sites e blogs.","sameAs":["https:\/\/www.facebook.com\/profile.php?id=61550018262414"],"url":"https:\/\/www.pensarcursos.com.br\/blog\/author\/gorete\/"}]}},"_links":{"self":[{"href":"https:\/\/www.pensarcursos.com.br\/blog\/wp-json\/wp\/v2\/posts\/74459","targetHints":{"allow":["GET"]}}],"collection":[{"href":"https:\/\/www.pensarcursos.com.br\/blog\/wp-json\/wp\/v2\/posts"}],"about":[{"href":"https:\/\/www.pensarcursos.com.br\/blog\/wp-json\/wp\/v2\/types\/post"}],"author":[{"embeddable":true,"href":"https:\/\/www.pensarcursos.com.br\/blog\/wp-json\/wp\/v2\/users\/17"}],"replies":[{"embeddable":true,"href":"https:\/\/www.pensarcursos.com.br\/blog\/wp-json\/wp\/v2\/comments?post=74459"}],"version-history":[{"count":0,"href":"https:\/\/www.pensarcursos.com.br\/blog\/wp-json\/wp\/v2\/posts\/74459\/revisions"}],"wp:featuredmedia":[{"embeddable":true,"href":"https:\/\/www.pensarcursos.com.br\/blog\/wp-json\/wp\/v2\/media\/74471"}],"wp:attachment":[{"href":"https:\/\/www.pensarcursos.com.br\/blog\/wp-json\/wp\/v2\/media?parent=74459"}],"wp:term":[{"taxonomy":"category","embeddable":true,"href":"https:\/\/www.pensarcursos.com.br\/blog\/wp-json\/wp\/v2\/categories?post=74459"},{"taxonomy":"post_tag","embeddable":true,"href":"https:\/\/www.pensarcursos.com.br\/blog\/wp-json\/wp\/v2\/tags?post=74459"}],"curies":[{"name":"wp","href":"https:\/\/api.w.org\/{rel}","templated":true}]}}