{"id":74443,"date":"2024-10-18T12:09:35","date_gmt":"2024-10-18T15:09:35","guid":{"rendered":"https:\/\/www.pensarcursos.com.br\/blog\/?p=74443"},"modified":"2024-10-18T18:28:29","modified_gmt":"2024-10-18T21:28:29","slug":"ilusao-de-otica-da-baleia","status":"publish","type":"post","link":"https:\/\/www.pensarcursos.com.br\/blog\/ilusao-de-otica-da-baleia\/","title":{"rendered":"Ilus\u00e3o de \u00d3tica: Ser\u00e1 que voc\u00ea consegue encontrar a Baleia perdida entre os Elefantes?"},"content":{"rendered":"<p>A<strong> ilus\u00e3o de \u00f3tica<\/strong> sempre nos surpreendem e nos desafiam a ver o mundo de uma forma diferente. Elas enganam nosso c\u00e9rebro e nos fazem questionar o que estamos realmente vendo. Neste desafio de hoje, ser\u00e1 explorado uma ilus\u00e3o de \u00f3tica interessante: a baleia perdida entre os elefantes. Voc\u00ea est\u00e1 preparado para esse <a href=\"https:\/\/www.pensarcursos.com.br\/blog\/desafio-visual-encontre-a-scooter-escondida-em-5s\/\" target=\"_blank\" rel=\"noopener\">desafio visual<\/a>?<\/p>\n<h2>O Que S\u00e3o Ilus\u00f5es de \u00d3tica?<\/h2>\n<p><a href=\"https:\/\/www.pensarcursos.com.br\/blog\/desafio-visual-consegue-encontrar-o-abacaxi-na-imagem\/\" target=\"_blank\" rel=\"noopener\">Ilus\u00f5es de \u00f3tica<\/a> s\u00e3o imagens que enganam nossos olhos e c\u00e9rebro, fazendo-nos ver algo que n\u00e3o est\u00e1 realmente l\u00e1 ou perceber uma imagem de uma forma diferente da realidade. Elas s\u00e3o criadas atrav\u00e9s de diferentes t\u00e9cnicas visuais que manipulam formas, cores, padr\u00f5es e luz.<\/p>\n<p>Existem v\u00e1rios tipos de ilus\u00f5es de \u00f3tica, incluindo ilus\u00f5es de movimento, ilus\u00f5es de cor, ilus\u00f5es de forma e ilus\u00f5es de perspectiva. Cada uma delas utiliza diferentes truques para enganar o c\u00e9rebro e desafiar nossas percep\u00e7\u00f5es.<\/p>\n<h2>O Desafio da Baleia e dos Elefantes<\/h2>\n<p>No nosso desafio de hoje, temos uma imagem cheia de elefantes, e sua miss\u00e3o \u00e9 encontrar a baleia escondida entre eles. \u00c0 primeira vista, isso pode parecer f\u00e1cil, mas n\u00e3o se deixe enganar! A baleia est\u00e1 camuflada de forma t\u00e3o eficaz que se mistura perfeitamente com os elefantes.<\/p>\n<p>Para encontrar a baleia, voc\u00ea precisa observar atentamente cada detalhe dos elefantes. Preste aten\u00e7\u00e3o aos padr\u00f5es, \u00e0s texturas e \u00e0s formas. A baleia pode estar escondida em meio a esses elementos, tornando-se parte do grupo de elefantes.<\/p>\n<figure id=\"attachment_74491\" aria-describedby=\"caption-attachment-74491\" style=\"width: 1280px\" class=\"wp-caption alignnone\"><img decoding=\"async\" title=\"Ilus\u00e3o de \u00d3tica: Ser\u00e1 que voc\u00ea consegue encontrar a Baleia perdida entre os Elefantes?\" src=\"https:\/\/www.pensarcursos.com.br\/blog\/wp-content\/uploads\/2024\/10\/desafio-da-baleia-imagem-do-texto.jpg\" alt=\"Ilus\u00e3o de \u00d3tica: Ser\u00e1 que voc\u00ea consegue encontrar a Baleia perdida entre os Elefantes?\" width=\"1280\" height=\"853\" \/><figcaption id=\"caption-attachment-74491\" class=\"wp-caption-text\"><br \/>\nDesafio para testar sua observa\u00e7\u00e3o e aten\u00e7\u00e3o. Imagem: Jagran Josh<\/figcaption><\/figure>\n<h2>Por Que Ilus\u00f5es de \u00d3tica S\u00e3o T\u00e3o Fascinantes?<\/h2>\n<p>As ilus\u00f5es de \u00f3tica nos fascinam por v\u00e1rias raz\u00f5es. Primeiramente, elas desafiam nossa percep\u00e7\u00e3o e nos mostram que nem sempre podemos confiar nos nossos sentidos. Elas nos fazem questionar o que \u00e9 real e o que \u00e9 ilus\u00e3o. Al\u00e9m disso, as ilus\u00f5es de \u00f3tica s\u00e3o um \u00f3timo exerc\u00edcio mental. Elas estimulam nosso c\u00e9rebro a pensar de maneiras diferentes e a resolver problemas visuais complexos.<\/p>\n<h2>Como Ilus\u00f5es de \u00d3tica Funcionam?<\/h2>\n<p>Nosso c\u00e9rebro est\u00e1 constantemente tentando interpretar o mundo ao nosso redor. Ele usa informa\u00e7\u00f5es visuais, contextuais e experi\u00eancias passadas para formar uma imagem do que estamos vendo. As ilus\u00f5es de \u00f3tica aproveitam essa tend\u00eancia natural do c\u00e9rebro para criar imagens que desafiam nossa percep\u00e7\u00e3o.<\/p>\n<p>Por exemplo, em uma ilus\u00e3o de movimento, padr\u00f5es repetitivos e cores contrastantes podem criar a sensa\u00e7\u00e3o de que a imagem est\u00e1 se movendo, mesmo que ela esteja completamente est\u00e1tica. Da mesma forma, em ilus\u00f5es de cor, as cores ao redor de um objeto podem fazer com que ele pare\u00e7a diferente do que realmente \u00e9.<\/p>\n<p>No caso da ilus\u00e3o da baleia entre os elefantes, a camuflagem \u00e9 usada para enganar nosso c\u00e9rebro. A baleia est\u00e1 escondida de tal forma que se mistura com os elefantes, fazendo com que nossos olhos demorem mais para <a href=\"https:\/\/www.pensarcursos.com.br\/blog\/ilusao-de-otica-consegue-identificar-o-elefante-na-imagem\/\" target=\"_blank\" rel=\"noopener\">identific\u00e1-la<\/a>.<\/p>\n<h2>Estrat\u00e9gias para Encontrar a Baleia<\/h2>\n<p>Para resolver essa ilus\u00e3o de \u00f3tica, voc\u00ea pode usar algumas estrat\u00e9gias:<\/p>\n<ol>\n<li><strong>Olhe com calma<\/strong>: N\u00e3o se apresse. Observe a imagem atentamente e com calma. D\u00ea tempo ao seu c\u00e9rebro para processar o que est\u00e1 vendo.<\/li>\n<li><strong>Foque nos detalhes<\/strong>: Preste aten\u00e7\u00e3o aos detalhes menores. A baleia pode estar escondida em pequenas diferen\u00e7as que s\u00e3o f\u00e1ceis de ignorar \u00e0 primeira vista.<\/li>\n<li><strong>Mude a perspectiva<\/strong>: \u00c0s vezes, mudar a maneira como voc\u00ea olha para a imagem pode ajudar. Tente olhar de diferentes \u00e2ngulos ou dist\u00e2ncias.<\/li>\n<\/ol>\n<p>As ilus\u00f5es de \u00f3tica s\u00e3o mais do que simples truques visuais. Elas s\u00e3o uma janela para a forma como nosso c\u00e9rebro funciona e como percebemos o mundo. Encontrar a baleia perdida entre os elefantes \u00e9 um exerc\u00edcio divertido e desafiador que nos lembra que a realidade \u00e9 muitas vezes mais complexa do que parece \u00e0 primeira vista.<\/p>\n<h2>E voc\u00ea, conseguiu encontrar a baleia?<\/h2>\n<p>Confira a imagem abaixo com a resposta da Ilus\u00e3o de \u00d3tica!<\/p>\n<figure id=\"attachment_74496\" aria-describedby=\"caption-attachment-74496\" style=\"width: 1280px\" class=\"wp-caption alignnone\"><img decoding=\"async\" title=\"Ilus\u00e3o de \u00d3tica: Ser\u00e1 que voc\u00ea consegue encontrar a Baleia perdida entre os Elefantes?\" src=\"https:\/\/www.pensarcursos.com.br\/blog\/wp-content\/uploads\/2024\/10\/desafio-da-beleia-resposta.jpg\" alt=\"Ilus\u00e3o de \u00d3tica: Ser\u00e1 que voc\u00ea consegue encontrar a Baleia perdida entre os Elefantes?\" width=\"1280\" height=\"853\" \/><figcaption id=\"caption-attachment-74496\" class=\"wp-caption-text\"><br \/>\nResposta do desafio da baleia. Jagran Josh<\/figcaption><\/figure>\n","protected":false},"excerpt":{"rendered":"<p>A ilus\u00e3o de \u00f3tica sempre nos surpreendem e nos desafiam a ver o mundo de uma forma diferente. Elas enganam nosso c\u00e9rebro e nos fazem questionar o que estamos realmente vendo. Neste desafio de hoje, ser\u00e1 explorado uma ilus\u00e3o de \u00f3tica interessante: a baleia perdida entre os elefantes. Voc\u00ea est\u00e1 preparado para esse desafio visual? [&hellip;]<\/p>\n","protected":false},"author":45,"featured_media":74487,"comment_status":"open","ping_status":"closed","sticky":false,"template":"","format":"standard","meta":{"jnews-multi-image_gallery":[],"jnews_single_post":[],"jnews_primary_category":[],"jnews_social_meta":[],"jnews_override_counter":[],"footnotes":""},"categories":[1947],"tags":[21783,1464,1978],"class_list":["post-74443","post","type-post","status-publish","format-standard","has-post-thumbnail","hentry","category-curiosidades","tag-desafio-ilusao-de-otica","tag-desafio-visual","tag-teste-visual"],"yoast_head":"<!-- This site is optimized with the Yoast SEO Premium plugin v27.4 (Yoast SEO v27.4) - https:\/\/yoast.com\/product\/yoast-seo-premium-wordpress\/ -->\n<title>Ilus\u00e3o de \u00d3tica: Ser\u00e1 que voc\u00ea consegue encontrar a Baleia perdida entre os Elefantes? - Blog Pensar Cursos<\/title>\n<meta name=\"description\" content=\"A ilus\u00e3o de \u00f3tica sempre nos surpreendem e nos desafiam a ver o mundo de uma forma diferente. Elas enganam nosso c\u00e9rebro e nos fazem questionar o que\" \/>\n<meta name=\"robots\" content=\"index, follow, max-snippet:-1, max-image-preview:large, max-video-preview:-1\" \/>\n<link rel=\"canonical\" href=\"https:\/\/www.pensarcursos.com.br\/blog\/ilusao-de-otica-da-baleia\/\" \/>\n<meta property=\"og:locale\" content=\"pt_BR\" \/>\n<meta property=\"og:type\" content=\"article\" \/>\n<meta property=\"og:title\" content=\"Ilus\u00e3o de \u00d3tica: Ser\u00e1 que voc\u00ea consegue encontrar a Baleia perdida entre os Elefantes?\" \/>\n<meta property=\"og:description\" content=\"A ilus\u00e3o de \u00f3tica sempre nos surpreendem e nos desafiam a ver o mundo de uma forma diferente. Elas enganam nosso c\u00e9rebro e nos fazem questionar o que\" \/>\n<meta property=\"og:url\" content=\"https:\/\/www.pensarcursos.com.br\/blog\/ilusao-de-otica-da-baleia\/\" \/>\n<meta property=\"og:site_name\" content=\"Blog Pensar Cursos\" \/>\n<meta property=\"article:publisher\" content=\"https:\/\/www.facebook.com\/pensarcursos\/\" \/>\n<meta property=\"article:author\" content=\"https:\/\/www.facebook.com\/lferias\" \/>\n<meta property=\"article:published_time\" content=\"2024-10-18T15:09:35+00:00\" \/>\n<meta property=\"article:modified_time\" content=\"2024-10-18T21:28:29+00:00\" \/>\n<meta property=\"og:image\" content=\"https:\/\/www.pensarcursos.com.br\/blog\/wp-content\/uploads\/2024\/10\/desafio-da-baleia-capa.jpg\" \/>\n\t<meta property=\"og:image:width\" content=\"1280\" \/>\n\t<meta property=\"og:image:height\" content=\"853\" \/>\n\t<meta property=\"og:image:type\" content=\"image\/jpeg\" \/>\n<meta name=\"author\" content=\"Leandro Macedo\" \/>\n<meta name=\"twitter:card\" content=\"summary_large_image\" \/>\n<meta name=\"twitter:label1\" content=\"Escrito por\" \/>\n\t<meta name=\"twitter:data1\" content=\"Leandro Macedo\" \/>\n\t<meta name=\"twitter:label2\" content=\"Est. tempo de leitura\" \/>\n\t<meta name=\"twitter:data2\" content=\"4 minutos\" \/>\n<!-- \/ Yoast SEO Premium plugin. -->","yoast_head_json":{"title":"Ilus\u00e3o de \u00d3tica: Ser\u00e1 que voc\u00ea consegue encontrar a Baleia perdida entre os Elefantes? - Blog Pensar Cursos","description":"A ilus\u00e3o de \u00f3tica sempre nos surpreendem e nos desafiam a ver o mundo de uma forma diferente. Elas enganam nosso c\u00e9rebro e nos fazem questionar o que","robots":{"index":"index","follow":"follow","max-snippet":"max-snippet:-1","max-image-preview":"max-image-preview:large","max-video-preview":"max-video-preview:-1"},"canonical":"https:\/\/www.pensarcursos.com.br\/blog\/ilusao-de-otica-da-baleia\/","og_locale":"pt_BR","og_type":"article","og_title":"Ilus\u00e3o de \u00d3tica: Ser\u00e1 que voc\u00ea consegue encontrar a Baleia perdida entre os Elefantes?","og_description":"A ilus\u00e3o de \u00f3tica sempre nos surpreendem e nos desafiam a ver o mundo de uma forma diferente. Elas enganam nosso c\u00e9rebro e nos fazem questionar o que","og_url":"https:\/\/www.pensarcursos.com.br\/blog\/ilusao-de-otica-da-baleia\/","og_site_name":"Blog Pensar Cursos","article_publisher":"https:\/\/www.facebook.com\/pensarcursos\/","article_author":"https:\/\/www.facebook.com\/lferias","article_published_time":"2024-10-18T15:09:35+00:00","article_modified_time":"2024-10-18T21:28:29+00:00","og_image":[{"width":1280,"height":853,"url":"https:\/\/www.pensarcursos.com.br\/blog\/wp-content\/uploads\/2024\/10\/desafio-da-baleia-capa.jpg","type":"image\/jpeg"}],"author":"Leandro Macedo","twitter_card":"summary_large_image","twitter_misc":{"Escrito por":"Leandro Macedo","Est. tempo de leitura":"4 minutos"},"schema":{"@context":"https:\/\/schema.org","@graph":[{"@type":["Article","BlogPosting"],"@id":"https:\/\/www.pensarcursos.com.br\/blog\/ilusao-de-otica-da-baleia\/#article","isPartOf":{"@id":"https:\/\/www.pensarcursos.com.br\/blog\/ilusao-de-otica-da-baleia\/"},"author":{"name":"Leandro Macedo","@id":"https:\/\/www.pensarcursos.com.br\/blog\/#\/schema\/person\/634d9130f0a946531a5127a8a11de377"},"headline":"Ilus\u00e3o de \u00d3tica: Ser\u00e1 que voc\u00ea consegue encontrar a Baleia perdida entre os Elefantes?","datePublished":"2024-10-18T15:09:35+00:00","dateModified":"2024-10-18T21:28:29+00:00","mainEntityOfPage":{"@id":"https:\/\/www.pensarcursos.com.br\/blog\/ilusao-de-otica-da-baleia\/"},"wordCount":718,"commentCount":0,"publisher":{"@id":"https:\/\/www.pensarcursos.com.br\/blog\/#organization"},"image":{"@id":"https:\/\/www.pensarcursos.com.br\/blog\/ilusao-de-otica-da-baleia\/#primaryimage"},"thumbnailUrl":"https:\/\/www.pensarcursos.com.br\/blog\/wp-content\/uploads\/2024\/10\/desafio-da-baleia-capa.jpg","keywords":["desafio ilus\u00e3o de \u00f3tica","desafio visual","teste visual"],"articleSection":["Curiosidades"],"inLanguage":"pt-BR","potentialAction":[{"@type":"CommentAction","name":"Comment","target":["https:\/\/www.pensarcursos.com.br\/blog\/ilusao-de-otica-da-baleia\/#respond"]}],"copyrightYear":"2024","copyrightHolder":{"@id":"https:\/\/www.pensarcursos.com.br\/blog\/#organization"}},{"@type":"WebPage","@id":"https:\/\/www.pensarcursos.com.br\/blog\/ilusao-de-otica-da-baleia\/","url":"https:\/\/www.pensarcursos.com.br\/blog\/ilusao-de-otica-da-baleia\/","name":"Ilus\u00e3o de \u00d3tica: Ser\u00e1 que voc\u00ea consegue encontrar a Baleia perdida entre os Elefantes? - Blog Pensar Cursos","isPartOf":{"@id":"https:\/\/www.pensarcursos.com.br\/blog\/#website"},"primaryImageOfPage":{"@id":"https:\/\/www.pensarcursos.com.br\/blog\/ilusao-de-otica-da-baleia\/#primaryimage"},"image":{"@id":"https:\/\/www.pensarcursos.com.br\/blog\/ilusao-de-otica-da-baleia\/#primaryimage"},"thumbnailUrl":"https:\/\/www.pensarcursos.com.br\/blog\/wp-content\/uploads\/2024\/10\/desafio-da-baleia-capa.jpg","datePublished":"2024-10-18T15:09:35+00:00","dateModified":"2024-10-18T21:28:29+00:00","description":"A ilus\u00e3o de \u00f3tica sempre nos surpreendem e nos desafiam a ver o mundo de uma forma diferente. Elas enganam nosso c\u00e9rebro e nos fazem questionar o que","breadcrumb":{"@id":"https:\/\/www.pensarcursos.com.br\/blog\/ilusao-de-otica-da-baleia\/#breadcrumb"},"inLanguage":"pt-BR","potentialAction":[{"@type":"ReadAction","target":["https:\/\/www.pensarcursos.com.br\/blog\/ilusao-de-otica-da-baleia\/"]}]},{"@type":"ImageObject","inLanguage":"pt-BR","@id":"https:\/\/www.pensarcursos.com.br\/blog\/ilusao-de-otica-da-baleia\/#primaryimage","url":"https:\/\/www.pensarcursos.com.br\/blog\/wp-content\/uploads\/2024\/10\/desafio-da-baleia-capa.jpg","contentUrl":"https:\/\/www.pensarcursos.com.br\/blog\/wp-content\/uploads\/2024\/10\/desafio-da-baleia-capa.jpg","width":1280,"height":853,"caption":"Encontre a baleia. Imagem: Jagran Josh"},{"@type":"BreadcrumbList","@id":"https:\/\/www.pensarcursos.com.br\/blog\/ilusao-de-otica-da-baleia\/#breadcrumb","itemListElement":[{"@type":"ListItem","position":1,"name":"Home","item":"https:\/\/www.pensarcursos.com.br\/blog\/"},{"@type":"ListItem","position":2,"name":"Ilus\u00e3o de \u00d3tica: Ser\u00e1 que voc\u00ea consegue encontrar a Baleia perdida entre os Elefantes?"}]},{"@type":"WebSite","@id":"https:\/\/www.pensarcursos.com.br\/blog\/#website","url":"https:\/\/www.pensarcursos.com.br\/blog\/","name":"Blog Pensar Cursos","description":"Maior Site de Cursos do Brasil","publisher":{"@id":"https:\/\/www.pensarcursos.com.br\/blog\/#organization"},"alternateName":"Blog Pensar","potentialAction":[{"@type":"SearchAction","target":{"@type":"EntryPoint","urlTemplate":"https:\/\/www.pensarcursos.com.br\/blog\/?s={search_term_string}"},"query-input":{"@type":"PropertyValueSpecification","valueRequired":true,"valueName":"search_term_string"}}],"inLanguage":"pt-BR"},{"@type":"Organization","@id":"https:\/\/www.pensarcursos.com.br\/blog\/#organization","name":"Pensar Cursos","alternateName":"Blog pensar","url":"https:\/\/www.pensarcursos.com.br\/blog\/","logo":{"@type":"ImageObject","inLanguage":"pt-BR","@id":"https:\/\/www.pensarcursos.com.br\/blog\/#\/schema\/logo\/image\/","url":"https:\/\/www.pensarcursos.com.br\/blog\/wp-content\/uploads\/2023\/11\/Nova-Logo-Pensar-Cursos-vertical.png","contentUrl":"https:\/\/www.pensarcursos.com.br\/blog\/wp-content\/uploads\/2023\/11\/Nova-Logo-Pensar-Cursos-vertical.png","width":1393,"height":1001,"caption":"Pensar Cursos"},"image":{"@id":"https:\/\/www.pensarcursos.com.br\/blog\/#\/schema\/logo\/image\/"},"sameAs":["https:\/\/www.facebook.com\/pensarcursos\/","https:\/\/instagram.com.br\/pensarcursos"],"description":"Pensar Cursos \u00e9 uma empresa especializada em oferecer cursos de alta qualidade voltados para o desenvolvimento profissional e acad\u00eamico. Com uma ampla gama de op\u00e7\u00f5es de treinamento, oferecemos conte\u00fados atualizados, ministrados por especialistas da \u00e1rea, para capacitar indiv\u00edduos e equipes a atingirem seus objetivos. Nossa miss\u00e3o \u00e9 proporcionar uma educa\u00e7\u00e3o transformadora, acess\u00edvel e personalizada para cada aluno, seja em cursos presenciais ou online. Com uma abordagem inovadora, buscamos adaptar os nossos programas de ensino \u00e0s necessidades do mercado, criando solu\u00e7\u00f5es que atendem aos desafios e exig\u00eancias do mundo corporativo e acad\u00eamico. Nossos cursos incluem desde forma\u00e7\u00f5es t\u00e9cnicas at\u00e9 habilidades essenciais, como lideran\u00e7a, gest\u00e3o e desenvolvimento pessoal.","email":"contato@pensarcursos.com.br","legalName":"Sena Servi\u00e7os de Informa\u00e7\u00e3o Online LTDA","foundingDate":"2013-04-18","vatID":"17956217000172","numberOfEmployees":{"@type":"QuantitativeValue","minValue":"11","maxValue":"50"},"publishingPrinciples":"https:\/\/www.pensarcursos.com.br\/blog\/principios-de-publicacao\/","ownershipFundingInfo":"https:\/\/www.pensarcursos.com.br\/blog\/informacoes-de-propriedade-financiamento\/","actionableFeedbackPolicy":"https:\/\/www.pensarcursos.com.br\/blog\/politica-de-feedback-acionavel\/","correctionsPolicy":"https:\/\/www.pensarcursos.com.br\/blog\/politica-de-correcoes\/","ethicsPolicy":"https:\/\/www.pensarcursos.com.br\/blog\/politica-de-etica\/"},{"@type":"Person","@id":"https:\/\/www.pensarcursos.com.br\/blog\/#\/schema\/person\/634d9130f0a946531a5127a8a11de377","name":"Leandro Macedo","image":{"@type":"ImageObject","inLanguage":"pt-BR","@id":"https:\/\/secure.gravatar.com\/avatar\/bd5c84a956e2609c5844e1eed35517c63494be8421e663f95dd3ba75ff82c742?s=96&d=mm&r=g","url":"https:\/\/secure.gravatar.com\/avatar\/bd5c84a956e2609c5844e1eed35517c63494be8421e663f95dd3ba75ff82c742?s=96&d=mm&r=g","contentUrl":"https:\/\/secure.gravatar.com\/avatar\/bd5c84a956e2609c5844e1eed35517c63494be8421e663f95dd3ba75ff82c742?s=96&d=mm&r=g","caption":"Leandro Macedo"},"description":"Graduando em Marketing. Redator do Grupo Sena Online","sameAs":["https:\/\/www.facebook.com\/lferias"],"url":"https:\/\/www.pensarcursos.com.br\/blog\/author\/leandro\/"}]}},"_links":{"self":[{"href":"https:\/\/www.pensarcursos.com.br\/blog\/wp-json\/wp\/v2\/posts\/74443","targetHints":{"allow":["GET"]}}],"collection":[{"href":"https:\/\/www.pensarcursos.com.br\/blog\/wp-json\/wp\/v2\/posts"}],"about":[{"href":"https:\/\/www.pensarcursos.com.br\/blog\/wp-json\/wp\/v2\/types\/post"}],"author":[{"embeddable":true,"href":"https:\/\/www.pensarcursos.com.br\/blog\/wp-json\/wp\/v2\/users\/45"}],"replies":[{"embeddable":true,"href":"https:\/\/www.pensarcursos.com.br\/blog\/wp-json\/wp\/v2\/comments?post=74443"}],"version-history":[{"count":0,"href":"https:\/\/www.pensarcursos.com.br\/blog\/wp-json\/wp\/v2\/posts\/74443\/revisions"}],"wp:featuredmedia":[{"embeddable":true,"href":"https:\/\/www.pensarcursos.com.br\/blog\/wp-json\/wp\/v2\/media\/74487"}],"wp:attachment":[{"href":"https:\/\/www.pensarcursos.com.br\/blog\/wp-json\/wp\/v2\/media?parent=74443"}],"wp:term":[{"taxonomy":"category","embeddable":true,"href":"https:\/\/www.pensarcursos.com.br\/blog\/wp-json\/wp\/v2\/categories?post=74443"},{"taxonomy":"post_tag","embeddable":true,"href":"https:\/\/www.pensarcursos.com.br\/blog\/wp-json\/wp\/v2\/tags?post=74443"}],"curies":[{"name":"wp","href":"https:\/\/api.w.org\/{rel}","templated":true}]}}