{"id":74306,"date":"2024-10-17T21:09:36","date_gmt":"2024-10-18T00:09:36","guid":{"rendered":"https:\/\/www.pensarcursos.com.br\/blog\/?p=74306"},"modified":"2024-10-17T12:08:04","modified_gmt":"2024-10-17T15:08:04","slug":"desafio-visual-encontre-o-numero-98-na-imagem","status":"publish","type":"post","link":"https:\/\/www.pensarcursos.com.br\/blog\/desafio-visual-encontre-o-numero-98-na-imagem\/","title":{"rendered":"Desafio visual: encontre o n\u00famero 98 na imagem"},"content":{"rendered":"<p>Os quebra-cabe\u00e7as visuais s\u00e3o uma \u00f3tima maneira de testar a capacidade do seu c\u00e9rebro de processar diferen\u00e7as sutis em curto tempo. O <strong>desafio<\/strong> de hoje vai exigir que voc\u00ea use toda a sua aten\u00e7\u00e3o para encontrar o n\u00famero 98, que est\u00e1 camuflado entre uma s\u00e9rie de n\u00fameros 93. Parece simples? Pois \u00e9, mas voc\u00ea s\u00f3 tem 5 segundos!<\/p>\n<h2><strong>O desafio do n\u00famero 98<\/strong><\/h2>\n<p>A <strong><a href=\"https:\/\/www.pensarcursos.com.br\/blog\/voce-consegue-encontrar-a-tampa-escondida-nesta-horta-em-15-segundos\/\" target=\"_blank\" rel=\"noopener\">imagem<\/a> <\/strong>apresenta uma grande quantidade de n\u00fameros &#8220;93&#8221; dispostos em um padr\u00e3o repetido por toda a tela. Todos os n\u00fameros s\u00e3o dispostos em linhas e colunas organizadas, criando um efeito visual que pode dificultar a identifica\u00e7\u00e3o de diferen\u00e7as sutis. No entanto, entre todos esses n\u00fameros 93, h\u00e1 um <strong>n\u00famero 98<\/strong> escondido.<\/p>\n<p>O desafio \u00e9 testar sua capacidade de observa\u00e7\u00e3o: ser\u00e1 que voc\u00ea consegue encontrar o n\u00famero 98 em menos de 5 segundos? Olhe com aten\u00e7\u00e3o para as colunas e tente localizar o n\u00famero diferente que se destaca dos demais. Boa sorte na sua busca!<\/p>\n<figure id=\"attachment_74315\" aria-describedby=\"caption-attachment-74315\" style=\"width: 1200px\" class=\"wp-caption aligncenter\"><img decoding=\"async\" class=\"size-full wp-image-74315\" title=\"desafio visual encontre o numero noventa e oito na imagem\" src=\"https:\/\/www.pensarcursos.com.br\/blog\/wp-content\/uploads\/2024\/10\/desafio-visual-encontre-o-numero-noventa-e-oito-na-imagem.jpg\" alt=\"Desafio visual encontre o n\u00famero 98 na imagem. Fonte: Jagran Josh.\" width=\"1200\" height=\"556\" srcset=\"https:\/\/www.pensarcursos.com.br\/blog\/wp-content\/uploads\/2024\/10\/desafio-visual-encontre-o-numero-noventa-e-oito-na-imagem.jpg 1200w, https:\/\/www.pensarcursos.com.br\/blog\/wp-content\/uploads\/2024\/10\/desafio-visual-encontre-o-numero-noventa-e-oito-na-imagem-300x139.jpg 300w, https:\/\/www.pensarcursos.com.br\/blog\/wp-content\/uploads\/2024\/10\/desafio-visual-encontre-o-numero-noventa-e-oito-na-imagem-1024x474.jpg 1024w, https:\/\/www.pensarcursos.com.br\/blog\/wp-content\/uploads\/2024\/10\/desafio-visual-encontre-o-numero-noventa-e-oito-na-imagem-768x356.jpg 768w\" sizes=\"(max-width: 1200px) 100vw, 1200px\" \/><figcaption id=\"caption-attachment-74315\" class=\"wp-caption-text\">Desafio visual encontre o n\u00famero 98 na imagem. Fonte: Jagran Josh.<\/figcaption><\/figure>\n<h3><strong>Dicas para resolver o desafio<\/strong><\/h3>\n<p>Aqui est\u00e3o algumas dicas para ajudar voc\u00ea a <strong><a href=\"https:\/\/www.pensarcursos.com.br\/blog\/consegue-encontrar-uma-flecha-escondida\/\" target=\"_blank\" rel=\"noopener\">encontrar<\/a> <\/strong>o n\u00famero 98 na imagem:<\/p>\n<ol>\n<li><strong>Procure por pequenas diferen\u00e7as<\/strong>: O formato do n\u00famero 98 \u00e9 bem semelhante ao 93, ent\u00e3o tente focar nas diferen\u00e7as entre os dois n\u00fameros, especialmente na parte inferior da imagem onde os n\u00fameros se diferenciam.<\/li>\n<li><strong>Olhe coluna por coluna<\/strong>: Em vez de percorrer a imagem aleatoriamente, siga uma abordagem sistem\u00e1tica. Percorra cada coluna, linha por linha, para evitar perder o n\u00famero.<\/li>\n<li><strong>Foque na forma do n\u00famero 8<\/strong>: O n\u00famero 98 ter\u00e1 um &#8220;8&#8221;, que se destaca por ser mais arredondado em compara\u00e7\u00e3o com o &#8220;3&#8221;. Isso pode te ajudar a identific\u00e1-lo mais rapidamente.<\/li>\n<li><strong>Cuidado com a distra\u00e7\u00e3o visual<\/strong>: A repeti\u00e7\u00e3o dos n\u00fameros 93 pode criar um efeito visual confuso, ent\u00e3o tente se concentrar e evitar ser enganado pelo padr\u00e3o repetitivo.<\/li>\n<\/ol>\n<h2><strong>Resposta do desafio<\/strong><\/h2>\n<p>Ainda n\u00e3o encontrou o n\u00famero 98 neste <strong><a href=\"https:\/\/www.pensarcursos.com.br\/blog\/consegue-encontrar-uma-luva-neste-desafio-visual\/\" target=\"_blank\" rel=\"noopener\">desafio<\/a><\/strong>? Confira a resposta na imagem abaixo!<\/p>\n<figure id=\"attachment_74314\" aria-describedby=\"caption-attachment-74314\" style=\"width: 1200px\" class=\"wp-caption alignnone\"><img decoding=\"async\" class=\"size-full wp-image-74314\" title=\"resposta do desafio visual do numero\" src=\"https:\/\/www.pensarcursos.com.br\/blog\/wp-content\/uploads\/2024\/10\/resposta-do-desafio-visual-do-numero-98.jpg\" alt=\"Resposta do desafio visual do n\u00famero 98.\" width=\"1200\" height=\"556\" srcset=\"https:\/\/www.pensarcursos.com.br\/blog\/wp-content\/uploads\/2024\/10\/resposta-do-desafio-visual-do-numero-98.jpg 1200w, https:\/\/www.pensarcursos.com.br\/blog\/wp-content\/uploads\/2024\/10\/resposta-do-desafio-visual-do-numero-98-300x139.jpg 300w, https:\/\/www.pensarcursos.com.br\/blog\/wp-content\/uploads\/2024\/10\/resposta-do-desafio-visual-do-numero-98-1024x474.jpg 1024w, https:\/\/www.pensarcursos.com.br\/blog\/wp-content\/uploads\/2024\/10\/resposta-do-desafio-visual-do-numero-98-768x356.jpg 768w\" sizes=\"(max-width: 1200px) 100vw, 1200px\" \/><figcaption id=\"caption-attachment-74314\" class=\"wp-caption-text\">Resposta do desafio visual do n\u00famero 98. Fonte: Jagran Josh.<\/figcaption><\/figure>\n","protected":false},"excerpt":{"rendered":"<p>Os quebra-cabe\u00e7as visuais s\u00e3o uma \u00f3tima maneira de testar a capacidade do seu c\u00e9rebro de processar diferen\u00e7as sutis em curto tempo. O desafio de hoje vai exigir que voc\u00ea use toda a sua aten\u00e7\u00e3o para encontrar o n\u00famero 98, que est\u00e1 camuflado entre uma s\u00e9rie de n\u00fameros 93. Parece simples? Pois \u00e9, mas voc\u00ea s\u00f3 [&hellip;]<\/p>\n","protected":false},"author":13,"featured_media":74313,"comment_status":"open","ping_status":"closed","sticky":false,"template":"","format":"standard","meta":{"jnews-multi-image_gallery":[],"jnews_single_post":{"format":"standard","override":[{"template":"1","parallax":"1","fullscreen":"1","layout":"right-sidebar","sidebar":"default-sidebar","second_sidebar":"default-sidebar","sticky_sidebar":"1","share_position":"topbottom","share_float_style":"share-monocrhome","show_featured":"1","show_post_meta":"1","show_post_author":"1","show_post_author_image":"1","show_post_date":"1","post_date_format":"default","post_date_format_custom":"Y\/m\/d","show_post_category":"1","post_reading_time_wpm":"300","post_calculate_word_method":"str_word_count","show_zoom_button":"0","zoom_button_out_step":"2","zoom_button_in_step":"3","show_post_tag":"1","show_prev_next_post":"1","show_popup_post":"1","show_comment_section":"1","number_popup_post":"2","show_author_box":"1","show_post_related":"1","show_inline_post_related":"1"}],"image_override":[{"single_post_thumbnail_size":"crop-500","single_post_gallery_size":"crop-500"}],"trending_post_position":"meta","trending_post_label":"Trending","sponsored_post_label":"Sponsored by","disable_ad":"0"},"jnews_primary_category":[],"jnews_social_meta":[],"jnews_override_counter":{"view_counter_number":"0","share_counter_number":"0","like_counter_number":"0","dislike_counter_number":"0"},"footnotes":""},"categories":[1947],"tags":[1464,1499,1978],"class_list":["post-74306","post","type-post","status-publish","format-standard","has-post-thumbnail","hentry","category-curiosidades","tag-desafio-visual","tag-ilusao-de-otica","tag-teste-visual"],"yoast_head":"<!-- This site is optimized with the Yoast SEO Premium plugin v27.4 (Yoast SEO v27.4) - https:\/\/yoast.com\/product\/yoast-seo-premium-wordpress\/ -->\n<title>Desafio visual: encontre o n\u00famero 98 na imagem - Blog Pensar Cursos<\/title>\n<meta name=\"description\" content=\"Os quebra-cabe\u00e7as visuais s\u00e3o uma \u00f3tima maneira de testar a capacidade do seu c\u00e9rebro de processar diferen\u00e7as sutis em curto tempo. O desafio de hoje vai\" \/>\n<meta name=\"robots\" content=\"index, follow, max-snippet:-1, max-image-preview:large, max-video-preview:-1\" \/>\n<link rel=\"canonical\" href=\"https:\/\/www.pensarcursos.com.br\/blog\/desafio-visual-encontre-o-numero-98-na-imagem\/\" \/>\n<meta property=\"og:locale\" content=\"pt_BR\" \/>\n<meta property=\"og:type\" content=\"article\" \/>\n<meta property=\"og:title\" content=\"Desafio visual: encontre o n\u00famero 98 na imagem\" \/>\n<meta property=\"og:description\" content=\"Os quebra-cabe\u00e7as visuais s\u00e3o uma \u00f3tima maneira de testar a capacidade do seu c\u00e9rebro de processar diferen\u00e7as sutis em curto tempo. O desafio de hoje vai\" \/>\n<meta property=\"og:url\" content=\"https:\/\/www.pensarcursos.com.br\/blog\/desafio-visual-encontre-o-numero-98-na-imagem\/\" \/>\n<meta property=\"og:site_name\" content=\"Blog Pensar Cursos\" \/>\n<meta property=\"article:publisher\" content=\"https:\/\/www.facebook.com\/pensarcursos\/\" \/>\n<meta property=\"article:author\" content=\"https:\/\/www.facebook.com\/julia.koerich.39\" \/>\n<meta property=\"article:published_time\" content=\"2024-10-18T00:09:36+00:00\" \/>\n<meta property=\"og:image\" content=\"https:\/\/www.pensarcursos.com.br\/blog\/wp-content\/uploads\/2024\/10\/desafio-visual-encontre-o-numero-98.png\" \/>\n\t<meta property=\"og:image:width\" content=\"1200\" \/>\n\t<meta property=\"og:image:height\" content=\"800\" \/>\n\t<meta property=\"og:image:type\" content=\"image\/png\" \/>\n<meta name=\"author\" content=\"Julia Koerich\" \/>\n<meta name=\"twitter:card\" content=\"summary_large_image\" \/>\n<meta name=\"twitter:label1\" content=\"Escrito por\" \/>\n\t<meta name=\"twitter:data1\" content=\"Julia Koerich\" \/>\n\t<meta name=\"twitter:label2\" content=\"Est. tempo de leitura\" \/>\n\t<meta name=\"twitter:data2\" content=\"2 minutos\" \/>\n<!-- \/ Yoast SEO Premium plugin. -->","yoast_head_json":{"title":"Desafio visual: encontre o n\u00famero 98 na imagem - Blog Pensar Cursos","description":"Os quebra-cabe\u00e7as visuais s\u00e3o uma \u00f3tima maneira de testar a capacidade do seu c\u00e9rebro de processar diferen\u00e7as sutis em curto tempo. O desafio de hoje vai","robots":{"index":"index","follow":"follow","max-snippet":"max-snippet:-1","max-image-preview":"max-image-preview:large","max-video-preview":"max-video-preview:-1"},"canonical":"https:\/\/www.pensarcursos.com.br\/blog\/desafio-visual-encontre-o-numero-98-na-imagem\/","og_locale":"pt_BR","og_type":"article","og_title":"Desafio visual: encontre o n\u00famero 98 na imagem","og_description":"Os quebra-cabe\u00e7as visuais s\u00e3o uma \u00f3tima maneira de testar a capacidade do seu c\u00e9rebro de processar diferen\u00e7as sutis em curto tempo. O desafio de hoje vai","og_url":"https:\/\/www.pensarcursos.com.br\/blog\/desafio-visual-encontre-o-numero-98-na-imagem\/","og_site_name":"Blog Pensar Cursos","article_publisher":"https:\/\/www.facebook.com\/pensarcursos\/","article_author":"https:\/\/www.facebook.com\/julia.koerich.39","article_published_time":"2024-10-18T00:09:36+00:00","og_image":[{"width":1200,"height":800,"url":"https:\/\/www.pensarcursos.com.br\/blog\/wp-content\/uploads\/2024\/10\/desafio-visual-encontre-o-numero-98.png","type":"image\/png"}],"author":"Julia Koerich","twitter_card":"summary_large_image","twitter_misc":{"Escrito por":"Julia Koerich","Est. tempo de leitura":"2 minutos"},"schema":{"@context":"https:\/\/schema.org","@graph":[{"@type":["Article","BlogPosting"],"@id":"https:\/\/www.pensarcursos.com.br\/blog\/desafio-visual-encontre-o-numero-98-na-imagem\/#article","isPartOf":{"@id":"https:\/\/www.pensarcursos.com.br\/blog\/desafio-visual-encontre-o-numero-98-na-imagem\/"},"author":{"name":"Julia Koerich","@id":"https:\/\/www.pensarcursos.com.br\/blog\/#\/schema\/person\/488f02c6a8789bf91624f246e1087f54"},"headline":"Desafio visual: encontre o n\u00famero 98 na imagem","datePublished":"2024-10-18T00:09:36+00:00","mainEntityOfPage":{"@id":"https:\/\/www.pensarcursos.com.br\/blog\/desafio-visual-encontre-o-numero-98-na-imagem\/"},"wordCount":377,"commentCount":0,"publisher":{"@id":"https:\/\/www.pensarcursos.com.br\/blog\/#organization"},"image":{"@id":"https:\/\/www.pensarcursos.com.br\/blog\/desafio-visual-encontre-o-numero-98-na-imagem\/#primaryimage"},"thumbnailUrl":"https:\/\/www.pensarcursos.com.br\/blog\/wp-content\/uploads\/2024\/10\/desafio-visual-encontre-o-numero-98.png","keywords":["desafio visual","ilus\u00e3o de \u00f3tica","teste visual"],"articleSection":["Curiosidades"],"inLanguage":"pt-BR","potentialAction":[{"@type":"CommentAction","name":"Comment","target":["https:\/\/www.pensarcursos.com.br\/blog\/desafio-visual-encontre-o-numero-98-na-imagem\/#respond"]}],"copyrightYear":"2024","copyrightHolder":{"@id":"https:\/\/www.pensarcursos.com.br\/blog\/#organization"}},{"@type":"WebPage","@id":"https:\/\/www.pensarcursos.com.br\/blog\/desafio-visual-encontre-o-numero-98-na-imagem\/","url":"https:\/\/www.pensarcursos.com.br\/blog\/desafio-visual-encontre-o-numero-98-na-imagem\/","name":"Desafio visual: encontre o n\u00famero 98 na imagem - Blog Pensar Cursos","isPartOf":{"@id":"https:\/\/www.pensarcursos.com.br\/blog\/#website"},"primaryImageOfPage":{"@id":"https:\/\/www.pensarcursos.com.br\/blog\/desafio-visual-encontre-o-numero-98-na-imagem\/#primaryimage"},"image":{"@id":"https:\/\/www.pensarcursos.com.br\/blog\/desafio-visual-encontre-o-numero-98-na-imagem\/#primaryimage"},"thumbnailUrl":"https:\/\/www.pensarcursos.com.br\/blog\/wp-content\/uploads\/2024\/10\/desafio-visual-encontre-o-numero-98.png","datePublished":"2024-10-18T00:09:36+00:00","description":"Os quebra-cabe\u00e7as visuais s\u00e3o uma \u00f3tima maneira de testar a capacidade do seu c\u00e9rebro de processar diferen\u00e7as sutis em curto tempo. O desafio de hoje vai","breadcrumb":{"@id":"https:\/\/www.pensarcursos.com.br\/blog\/desafio-visual-encontre-o-numero-98-na-imagem\/#breadcrumb"},"inLanguage":"pt-BR","potentialAction":[{"@type":"ReadAction","target":["https:\/\/www.pensarcursos.com.br\/blog\/desafio-visual-encontre-o-numero-98-na-imagem\/"]}]},{"@type":"ImageObject","inLanguage":"pt-BR","@id":"https:\/\/www.pensarcursos.com.br\/blog\/desafio-visual-encontre-o-numero-98-na-imagem\/#primaryimage","url":"https:\/\/www.pensarcursos.com.br\/blog\/wp-content\/uploads\/2024\/10\/desafio-visual-encontre-o-numero-98.png","contentUrl":"https:\/\/www.pensarcursos.com.br\/blog\/wp-content\/uploads\/2024\/10\/desafio-visual-encontre-o-numero-98.png","width":1200,"height":800,"caption":"Desafio visual encontre o n\u00famero 98 na imagem. Fonte: Jagran Josh."},{"@type":"BreadcrumbList","@id":"https:\/\/www.pensarcursos.com.br\/blog\/desafio-visual-encontre-o-numero-98-na-imagem\/#breadcrumb","itemListElement":[{"@type":"ListItem","position":1,"name":"Home","item":"https:\/\/www.pensarcursos.com.br\/blog\/"},{"@type":"ListItem","position":2,"name":"Desafio visual: encontre o n\u00famero 98 na imagem"}]},{"@type":"WebSite","@id":"https:\/\/www.pensarcursos.com.br\/blog\/#website","url":"https:\/\/www.pensarcursos.com.br\/blog\/","name":"Blog Pensar Cursos","description":"Maior Site de Cursos do Brasil","publisher":{"@id":"https:\/\/www.pensarcursos.com.br\/blog\/#organization"},"alternateName":"Blog Pensar","potentialAction":[{"@type":"SearchAction","target":{"@type":"EntryPoint","urlTemplate":"https:\/\/www.pensarcursos.com.br\/blog\/?s={search_term_string}"},"query-input":{"@type":"PropertyValueSpecification","valueRequired":true,"valueName":"search_term_string"}}],"inLanguage":"pt-BR"},{"@type":"Organization","@id":"https:\/\/www.pensarcursos.com.br\/blog\/#organization","name":"Pensar Cursos","alternateName":"Blog pensar","url":"https:\/\/www.pensarcursos.com.br\/blog\/","logo":{"@type":"ImageObject","inLanguage":"pt-BR","@id":"https:\/\/www.pensarcursos.com.br\/blog\/#\/schema\/logo\/image\/","url":"https:\/\/www.pensarcursos.com.br\/blog\/wp-content\/uploads\/2023\/11\/Nova-Logo-Pensar-Cursos-vertical.png","contentUrl":"https:\/\/www.pensarcursos.com.br\/blog\/wp-content\/uploads\/2023\/11\/Nova-Logo-Pensar-Cursos-vertical.png","width":1393,"height":1001,"caption":"Pensar Cursos"},"image":{"@id":"https:\/\/www.pensarcursos.com.br\/blog\/#\/schema\/logo\/image\/"},"sameAs":["https:\/\/www.facebook.com\/pensarcursos\/","https:\/\/instagram.com.br\/pensarcursos"],"description":"Pensar Cursos \u00e9 uma empresa especializada em oferecer cursos de alta qualidade voltados para o desenvolvimento profissional e acad\u00eamico. Com uma ampla gama de op\u00e7\u00f5es de treinamento, oferecemos conte\u00fados atualizados, ministrados por especialistas da \u00e1rea, para capacitar indiv\u00edduos e equipes a atingirem seus objetivos. Nossa miss\u00e3o \u00e9 proporcionar uma educa\u00e7\u00e3o transformadora, acess\u00edvel e personalizada para cada aluno, seja em cursos presenciais ou online. Com uma abordagem inovadora, buscamos adaptar os nossos programas de ensino \u00e0s necessidades do mercado, criando solu\u00e7\u00f5es que atendem aos desafios e exig\u00eancias do mundo corporativo e acad\u00eamico. Nossos cursos incluem desde forma\u00e7\u00f5es t\u00e9cnicas at\u00e9 habilidades essenciais, como lideran\u00e7a, gest\u00e3o e desenvolvimento pessoal.","email":"contato@pensarcursos.com.br","legalName":"Sena Servi\u00e7os de Informa\u00e7\u00e3o Online LTDA","foundingDate":"2013-04-18","vatID":"17956217000172","numberOfEmployees":{"@type":"QuantitativeValue","minValue":"11","maxValue":"50"},"publishingPrinciples":"https:\/\/www.pensarcursos.com.br\/blog\/principios-de-publicacao\/","ownershipFundingInfo":"https:\/\/www.pensarcursos.com.br\/blog\/informacoes-de-propriedade-financiamento\/","actionableFeedbackPolicy":"https:\/\/www.pensarcursos.com.br\/blog\/politica-de-feedback-acionavel\/","correctionsPolicy":"https:\/\/www.pensarcursos.com.br\/blog\/politica-de-correcoes\/","ethicsPolicy":"https:\/\/www.pensarcursos.com.br\/blog\/politica-de-etica\/"},{"@type":"Person","@id":"https:\/\/www.pensarcursos.com.br\/blog\/#\/schema\/person\/488f02c6a8789bf91624f246e1087f54","name":"Julia Koerich","image":{"@type":"ImageObject","inLanguage":"pt-BR","@id":"https:\/\/secure.gravatar.com\/avatar\/e2c74e498d61f83af52fb247a0fa8bf30283598a08bd3fb3137d2aed86153e19?s=96&d=mm&r=g","url":"https:\/\/secure.gravatar.com\/avatar\/e2c74e498d61f83af52fb247a0fa8bf30283598a08bd3fb3137d2aed86153e19?s=96&d=mm&r=g","contentUrl":"https:\/\/secure.gravatar.com\/avatar\/e2c74e498d61f83af52fb247a0fa8bf30283598a08bd3fb3137d2aed86153e19?s=96&d=mm&r=g","caption":"Julia Koerich"},"description":"Julia \u00e9 uma redatora de conte\u00fado criativa e vers\u00e1til, com mais de cinco anos de experi\u00eancia em escrita para blogs. Ela tem uma habilidade \u00fanica para adaptar seu estilo de escrita a diferentes p\u00fablicos e temas. Ela \u00e9 especialista em criar artigos detalhados e bem pesquisados, garantindo que cada pe\u00e7a seja informativa e atraente.","sameAs":["https:\/\/www.facebook.com\/julia.koerich.39"],"url":"https:\/\/www.pensarcursos.com.br\/blog\/author\/julia\/"}]}},"_links":{"self":[{"href":"https:\/\/www.pensarcursos.com.br\/blog\/wp-json\/wp\/v2\/posts\/74306","targetHints":{"allow":["GET"]}}],"collection":[{"href":"https:\/\/www.pensarcursos.com.br\/blog\/wp-json\/wp\/v2\/posts"}],"about":[{"href":"https:\/\/www.pensarcursos.com.br\/blog\/wp-json\/wp\/v2\/types\/post"}],"author":[{"embeddable":true,"href":"https:\/\/www.pensarcursos.com.br\/blog\/wp-json\/wp\/v2\/users\/13"}],"replies":[{"embeddable":true,"href":"https:\/\/www.pensarcursos.com.br\/blog\/wp-json\/wp\/v2\/comments?post=74306"}],"version-history":[{"count":0,"href":"https:\/\/www.pensarcursos.com.br\/blog\/wp-json\/wp\/v2\/posts\/74306\/revisions"}],"wp:featuredmedia":[{"embeddable":true,"href":"https:\/\/www.pensarcursos.com.br\/blog\/wp-json\/wp\/v2\/media\/74313"}],"wp:attachment":[{"href":"https:\/\/www.pensarcursos.com.br\/blog\/wp-json\/wp\/v2\/media?parent=74306"}],"wp:term":[{"taxonomy":"category","embeddable":true,"href":"https:\/\/www.pensarcursos.com.br\/blog\/wp-json\/wp\/v2\/categories?post=74306"},{"taxonomy":"post_tag","embeddable":true,"href":"https:\/\/www.pensarcursos.com.br\/blog\/wp-json\/wp\/v2\/tags?post=74306"}],"curies":[{"name":"wp","href":"https:\/\/api.w.org\/{rel}","templated":true}]}}