{"id":73310,"date":"2024-10-13T12:09:05","date_gmt":"2024-10-13T15:09:05","guid":{"rendered":"https:\/\/www.pensarcursos.com.br\/blog\/?p=73310"},"modified":"2024-10-14T13:01:41","modified_gmt":"2024-10-14T16:01:41","slug":"teste-de-raciocinio-matematico-dos-doces","status":"publish","type":"post","link":"https:\/\/www.pensarcursos.com.br\/blog\/teste-de-raciocinio-matematico-dos-doces\/","title":{"rendered":"Teste de racioc\u00ednio matem\u00e1tico dos doces: encontre o resultado final em menos de 10 segundos"},"content":{"rendered":"<p>Voc\u00ea acha que consegue resolver um teste de racioc\u00ednio matem\u00e1tico dos doces em menos de 10 segundos? Este desafio vai testar sua capacidade de pensar rapidamente e usar a l\u00f3gica para chegar \u00e0 solu\u00e7\u00e3o correta. Durante este teste, voc\u00ea ter\u00e1 que relembrar alguns conceitos aprendidos nas aulas de matem\u00e1tica, especialmente aqueles relacionados a express\u00f5es alg\u00e9bricas. Se voc\u00ea j\u00e1 est\u00e1 familiarizado com express\u00f5es que utilizam letras para representar n\u00fameros, ficar\u00e1 mais f\u00e1cil resolver esse enigma.<\/p>\n<p>Sabemos que o tempo \u00e9 curto, mas isso apenas aumenta o <a href=\"https:\/\/www.pensarcursos.com.br\/blog\/desafio-visual-do-jornal\/\">desafio<\/a>. Ser r\u00e1pido e preciso \u00e9 essencial aqui. Logo abaixo, voc\u00ea encontrar\u00e1 uma imagem com uma s\u00e9rie de alimentos que substituem n\u00fameros em express\u00f5es alg\u00e9bricas. \u00c0 primeira vista, pode parecer complicado, mas muitas pessoas conseguem resolver porque percebem a l\u00f3gica que se esconde por tr\u00e1s de cada express\u00e3o. Agora \u00e9 a sua vez de tentar!<\/p>\n<figure id=\"attachment_73316\" aria-describedby=\"caption-attachment-73316\" style=\"width: 567px\" class=\"wp-caption aligncenter\"><img decoding=\"async\" class=\"wp-image-73316 size-full\" title=\"Teste de racioc\u00ednio matem\u00e1tico dos doces: encontre o resultado final em menos de 10 segundos\" src=\"https:\/\/www.pensarcursos.com.br\/blog\/wp-content\/uploads\/2024\/10\/Desafio-37.jpg\" alt=\"Desafio do Teste de racioc\u00ednio matem\u00e1tico dos doces\" width=\"567\" height=\"575\" srcset=\"https:\/\/www.pensarcursos.com.br\/blog\/wp-content\/uploads\/2024\/10\/Desafio-37.jpg 567w, https:\/\/www.pensarcursos.com.br\/blog\/wp-content\/uploads\/2024\/10\/Desafio-37-296x300.jpg 296w\" sizes=\"(max-width: 567px) 100vw, 567px\" \/><figcaption id=\"caption-attachment-73316\" class=\"wp-caption-text\">Fonte: detetive IQ<\/figcaption><\/figure>\n<h2><strong>Observe a l\u00f3gica por tr\u00e1s do teste de racioc\u00ednio matem\u00e1tico dos doces<\/strong><\/h2>\n<p>Como foi mencionado, h\u00e1 uma l\u00f3gica por tr\u00e1s das express\u00f5es alg\u00e9bricas apresentadas na imagem. N\u00e3o se preocupe se voc\u00ea n\u00e3o \u00e9 um especialista em matem\u00e1tica. Na verdade, este teste pode ser resolvido usando apenas racioc\u00ednio l\u00f3gico e aten\u00e7\u00e3o aos padr\u00f5es. Se voc\u00ea analisar a <a href=\"https:\/\/www.pensarcursos.com.br\/blog\/teste-de-ilusao-de-otica-da-estrela\/\">imagem<\/a> com calma, acabar\u00e1 percebendo que existe um padr\u00e3o que pode ser seguido para concluir o enigma.<\/p>\n<p>Essa tarefa pode ser um \u00f3timo desafio para compartilhar com seus amigos. Al\u00e9m de resolver o teste, voc\u00ea pode explicar a l\u00f3gica por tr\u00e1s da solu\u00e7\u00e3o, tornando o desafio ainda mais divertido. E lembre-se, essa atividade n\u00e3o \u00e9 apenas um passatempo: ela ajuda a exercitar o c\u00e9rebro e aprimorar suas habilidades de racioc\u00ednio l\u00f3gico.<\/p>\n<h2><strong>Por que o teste de racioc\u00ednio matem\u00e1tico dos doces \u00e9 mais do que um simples desafio<\/strong><\/h2>\n<p>Esse teste de racioc\u00ednio matem\u00e1tico dos doces \u00e9 muito mais do que um simples entretenimento. Ele pode ajudar a desenvolver sua capacidade de pensar logicamente e de resolver problemas de maneira mais eficiente. Praticar esse tipo de atividade regularmente pode trazer in\u00fameros benef\u00edcios para a mente, como melhorar a agilidade mental e a capacidade de tomar decis\u00f5es rapidamente.<\/p>\n<p>A matem\u00e1tica, embora n\u00e3o seja a mat\u00e9ria favorita de todos, \u00e9 uma habilidade essencial para a vida cotidiana. Problemas matem\u00e1ticos simples, como o apresentado neste teste, ajudam a manter o c\u00e9rebro ativo e a melhorar o desempenho em v\u00e1rias \u00e1reas da vida. E se voc\u00ea achar que resolver essa quest\u00e3o em menos de 10 segundos \u00e9 muito desafiador, n\u00e3o se preocupe: revelaremos a solu\u00e7\u00e3o no final da mat\u00e9ria para que voc\u00ea possa entender como chegar ao resultado na pr\u00f3xima vez.<\/p>\n<h2><strong>Entenda a solu\u00e7\u00e3o do teste de racioc\u00ednio matem\u00e1tico dos doces<\/strong><\/h2>\n<figure id=\"attachment_73730\" aria-describedby=\"caption-attachment-73730\" style=\"width: 567px\" class=\"wp-caption aligncenter\"><img decoding=\"async\" class=\"wp-image-73730 size-full\" title=\"Teste de racioc\u00ednio matem\u00e1tico dos doces: encontre o resultado final em menos de 10 segundos\" src=\"https:\/\/www.pensarcursos.com.br\/blog\/wp-content\/uploads\/2024\/10\/Resultado-107.png\" alt=\"Resultado do Teste de racioc\u00ednio matem\u00e1tico\" width=\"567\" height=\"606\" srcset=\"https:\/\/www.pensarcursos.com.br\/blog\/wp-content\/uploads\/2024\/10\/Resultado-107.png 567w, https:\/\/www.pensarcursos.com.br\/blog\/wp-content\/uploads\/2024\/10\/Resultado-107-281x300.png 281w\" sizes=\"(max-width: 567px) 100vw, 567px\" \/><figcaption id=\"caption-attachment-73730\" class=\"wp-caption-text\">Fonte detetive IQ<\/figcaption><\/figure>\n<p>&nbsp;<\/p>\n<p>Agora que voc\u00ea teve tempo para pensar, vamos \u00e0 solu\u00e7\u00e3o! O teste come\u00e7a com dois pirulitos, que somados resultam em 22. Isso significa que cada pirulito vale 11. Seguindo a mesma l\u00f3gica, na segunda linha, descobrimos que cada bala tem o valor de 8. Na terceira linha, vemos que tr\u00eas laranjas somadas resultam em 27, o que significa que cada laranja vale 9.<\/p>\n<p>Agora, lembre-se da regra matem\u00e1tica de que a multiplica\u00e7\u00e3o vem antes da adi\u00e7\u00e3o. Aplicando isso, o enigma final \u00e9 resolvido da seguinte forma: 8 + 11 x 9. Assim, o resultado final da express\u00e3o alg\u00e9brica \u00e9 107.<\/p>\n<p>Este \u00e9 um \u00f3timo exemplo de como o<a href=\"https:\/\/www.pensarcursos.com.br\/blog\/teste-de-raciocinio-logico-sequencial\/\"> racioc\u00ednio l\u00f3gico<\/a> pode ajud\u00e1-lo a resolver problemas matem\u00e1ticos aparentemente complexos de forma r\u00e1pida e eficaz. Mesmo que voc\u00ea n\u00e3o tenha resolvido o teste de imediato, n\u00e3o desanime! A pr\u00e1tica constante \u00e9 a chave para melhorar suas habilidades. Continue desafiando-se com outros testes de racioc\u00ednio matem\u00e1tico para manter sua mente afiada e pronta para qualquer desafio.<\/p>\n","protected":false},"excerpt":{"rendered":"<p>Voc\u00ea acha que consegue resolver um teste de racioc\u00ednio matem\u00e1tico dos doces em menos de 10 segundos? Este desafio vai testar sua capacidade de pensar rapidamente e usar a l\u00f3gica para chegar \u00e0 solu\u00e7\u00e3o correta. Durante este teste, voc\u00ea ter\u00e1 que relembrar alguns conceitos aprendidos nas aulas de matem\u00e1tica, especialmente aqueles relacionados a express\u00f5es alg\u00e9bricas. [&hellip;]<\/p>\n","protected":false},"author":29,"featured_media":73318,"comment_status":"open","ping_status":"closed","sticky":false,"template":"","format":"standard","meta":{"jnews-multi-image_gallery":[],"jnews_single_post":[],"jnews_primary_category":[],"jnews_social_meta":[],"jnews_override_counter":[],"footnotes":""},"categories":[1947],"tags":[7194,6332,19274],"class_list":["post-73310","post","type-post","status-publish","format-standard","has-post-thumbnail","hentry","category-curiosidades","tag-teste-de-matematica","tag-teste-de-raciocinio-logico","tag-teste-de-raciocinio-matematico"],"yoast_head":"<!-- This site is optimized with the Yoast SEO Premium plugin v27.5 (Yoast SEO v27.5) - https:\/\/yoast.com\/product\/yoast-seo-premium-wordpress\/ -->\n<title>Teste de racioc\u00ednio matem\u00e1tico dos doces: encontre o resultado final em menos de 10 segundos - Blog Pensar Cursos<\/title>\n<meta name=\"description\" content=\"Voc\u00ea acha que consegue resolver um teste de racioc\u00ednio matem\u00e1tico dos doces em menos de 10 segundos? Este desafio vai testar sua capacidade de pensar\" \/>\n<meta name=\"robots\" content=\"index, follow, max-snippet:-1, max-image-preview:large, max-video-preview:-1\" \/>\n<link rel=\"canonical\" href=\"https:\/\/www.pensarcursos.com.br\/blog\/teste-de-raciocinio-matematico-dos-doces\/\" \/>\n<meta property=\"og:locale\" content=\"pt_BR\" \/>\n<meta property=\"og:type\" content=\"article\" \/>\n<meta property=\"og:title\" content=\"Teste de racioc\u00ednio matem\u00e1tico dos doces: encontre o resultado final em menos de 10 segundos\" \/>\n<meta property=\"og:description\" content=\"Voc\u00ea acha que consegue resolver um teste de racioc\u00ednio matem\u00e1tico dos doces em menos de 10 segundos? Este desafio vai testar sua capacidade de pensar\" \/>\n<meta property=\"og:url\" content=\"https:\/\/www.pensarcursos.com.br\/blog\/teste-de-raciocinio-matematico-dos-doces\/\" \/>\n<meta property=\"og:site_name\" content=\"Blog Pensar Cursos\" \/>\n<meta property=\"article:publisher\" content=\"https:\/\/www.facebook.com\/pensarcursos\/\" \/>\n<meta property=\"article:published_time\" content=\"2024-10-13T15:09:05+00:00\" \/>\n<meta property=\"article:modified_time\" content=\"2024-10-14T16:01:41+00:00\" \/>\n<meta property=\"og:image\" content=\"https:\/\/www.pensarcursos.com.br\/blog\/wp-content\/uploads\/2024\/10\/Fonte_-app-detetive-IQ-11.png\" \/>\n\t<meta property=\"og:image:width\" content=\"1200\" \/>\n\t<meta property=\"og:image:height\" content=\"800\" \/>\n\t<meta property=\"og:image:type\" content=\"image\/png\" \/>\n<meta name=\"author\" content=\"Karla Camacho\" \/>\n<meta name=\"twitter:card\" content=\"summary_large_image\" \/>\n<meta name=\"twitter:label1\" content=\"Escrito por\" \/>\n\t<meta name=\"twitter:data1\" content=\"Karla Camacho\" \/>\n\t<meta name=\"twitter:label2\" content=\"Est. tempo de leitura\" \/>\n\t<meta name=\"twitter:data2\" content=\"3 minutos\" \/>\n<!-- \/ Yoast SEO Premium plugin. -->","yoast_head_json":{"title":"Teste de racioc\u00ednio matem\u00e1tico dos doces: encontre o resultado final em menos de 10 segundos - Blog Pensar Cursos","description":"Voc\u00ea acha que consegue resolver um teste de racioc\u00ednio matem\u00e1tico dos doces em menos de 10 segundos? Este desafio vai testar sua capacidade de pensar","robots":{"index":"index","follow":"follow","max-snippet":"max-snippet:-1","max-image-preview":"max-image-preview:large","max-video-preview":"max-video-preview:-1"},"canonical":"https:\/\/www.pensarcursos.com.br\/blog\/teste-de-raciocinio-matematico-dos-doces\/","og_locale":"pt_BR","og_type":"article","og_title":"Teste de racioc\u00ednio matem\u00e1tico dos doces: encontre o resultado final em menos de 10 segundos","og_description":"Voc\u00ea acha que consegue resolver um teste de racioc\u00ednio matem\u00e1tico dos doces em menos de 10 segundos? Este desafio vai testar sua capacidade de pensar","og_url":"https:\/\/www.pensarcursos.com.br\/blog\/teste-de-raciocinio-matematico-dos-doces\/","og_site_name":"Blog Pensar Cursos","article_publisher":"https:\/\/www.facebook.com\/pensarcursos\/","article_published_time":"2024-10-13T15:09:05+00:00","article_modified_time":"2024-10-14T16:01:41+00:00","og_image":[{"width":1200,"height":800,"url":"https:\/\/www.pensarcursos.com.br\/blog\/wp-content\/uploads\/2024\/10\/Fonte_-app-detetive-IQ-11.png","type":"image\/png"}],"author":"Karla Camacho","twitter_card":"summary_large_image","twitter_misc":{"Escrito por":"Karla Camacho","Est. tempo de leitura":"3 minutos"},"schema":{"@context":"https:\/\/schema.org","@graph":[{"@type":["Article","BlogPosting"],"@id":"https:\/\/www.pensarcursos.com.br\/blog\/teste-de-raciocinio-matematico-dos-doces\/#article","isPartOf":{"@id":"https:\/\/www.pensarcursos.com.br\/blog\/teste-de-raciocinio-matematico-dos-doces\/"},"author":{"name":"Karla Camacho","@id":"https:\/\/www.pensarcursos.com.br\/blog\/#\/schema\/person\/40b1f088bbb781c085210d266b49b8de"},"headline":"Teste de racioc\u00ednio matem\u00e1tico dos doces: encontre o resultado final em menos de 10 segundos","datePublished":"2024-10-13T15:09:05+00:00","dateModified":"2024-10-14T16:01:41+00:00","mainEntityOfPage":{"@id":"https:\/\/www.pensarcursos.com.br\/blog\/teste-de-raciocinio-matematico-dos-doces\/"},"wordCount":685,"commentCount":1,"publisher":{"@id":"https:\/\/www.pensarcursos.com.br\/blog\/#organization"},"image":{"@id":"https:\/\/www.pensarcursos.com.br\/blog\/teste-de-raciocinio-matematico-dos-doces\/#primaryimage"},"thumbnailUrl":"https:\/\/www.pensarcursos.com.br\/blog\/wp-content\/uploads\/2024\/10\/Fonte_-app-detetive-IQ-11.png","keywords":["teste de matem\u00e1tica","teste de racioc\u00ednio l\u00f3gico","teste de racioc\u00ednio matem\u00e1tico"],"articleSection":["Curiosidades"],"inLanguage":"pt-BR","potentialAction":[{"@type":"CommentAction","name":"Comment","target":["https:\/\/www.pensarcursos.com.br\/blog\/teste-de-raciocinio-matematico-dos-doces\/#respond"]}],"copyrightYear":"2024","copyrightHolder":{"@id":"https:\/\/www.pensarcursos.com.br\/blog\/#organization"}},{"@type":"WebPage","@id":"https:\/\/www.pensarcursos.com.br\/blog\/teste-de-raciocinio-matematico-dos-doces\/","url":"https:\/\/www.pensarcursos.com.br\/blog\/teste-de-raciocinio-matematico-dos-doces\/","name":"Teste de racioc\u00ednio matem\u00e1tico dos doces: encontre o resultado final em menos de 10 segundos - Blog Pensar Cursos","isPartOf":{"@id":"https:\/\/www.pensarcursos.com.br\/blog\/#website"},"primaryImageOfPage":{"@id":"https:\/\/www.pensarcursos.com.br\/blog\/teste-de-raciocinio-matematico-dos-doces\/#primaryimage"},"image":{"@id":"https:\/\/www.pensarcursos.com.br\/blog\/teste-de-raciocinio-matematico-dos-doces\/#primaryimage"},"thumbnailUrl":"https:\/\/www.pensarcursos.com.br\/blog\/wp-content\/uploads\/2024\/10\/Fonte_-app-detetive-IQ-11.png","datePublished":"2024-10-13T15:09:05+00:00","dateModified":"2024-10-14T16:01:41+00:00","description":"Voc\u00ea acha que consegue resolver um teste de racioc\u00ednio matem\u00e1tico dos doces em menos de 10 segundos? Este desafio vai testar sua capacidade de pensar","breadcrumb":{"@id":"https:\/\/www.pensarcursos.com.br\/blog\/teste-de-raciocinio-matematico-dos-doces\/#breadcrumb"},"inLanguage":"pt-BR","potentialAction":[{"@type":"ReadAction","target":["https:\/\/www.pensarcursos.com.br\/blog\/teste-de-raciocinio-matematico-dos-doces\/"]}]},{"@type":"ImageObject","inLanguage":"pt-BR","@id":"https:\/\/www.pensarcursos.com.br\/blog\/teste-de-raciocinio-matematico-dos-doces\/#primaryimage","url":"https:\/\/www.pensarcursos.com.br\/blog\/wp-content\/uploads\/2024\/10\/Fonte_-app-detetive-IQ-11.png","contentUrl":"https:\/\/www.pensarcursos.com.br\/blog\/wp-content\/uploads\/2024\/10\/Fonte_-app-detetive-IQ-11.png","width":1200,"height":800,"caption":"Fonte: app detetive IQ"},{"@type":"BreadcrumbList","@id":"https:\/\/www.pensarcursos.com.br\/blog\/teste-de-raciocinio-matematico-dos-doces\/#breadcrumb","itemListElement":[{"@type":"ListItem","position":1,"name":"Home","item":"https:\/\/www.pensarcursos.com.br\/blog\/"},{"@type":"ListItem","position":2,"name":"Teste de racioc\u00ednio matem\u00e1tico dos doces: encontre o resultado final em menos de 10 segundos"}]},{"@type":"WebSite","@id":"https:\/\/www.pensarcursos.com.br\/blog\/#website","url":"https:\/\/www.pensarcursos.com.br\/blog\/","name":"Blog Pensar Cursos","description":"Maior Site de Cursos do Brasil","publisher":{"@id":"https:\/\/www.pensarcursos.com.br\/blog\/#organization"},"alternateName":"Blog Pensar","potentialAction":[{"@type":"SearchAction","target":{"@type":"EntryPoint","urlTemplate":"https:\/\/www.pensarcursos.com.br\/blog\/?s={search_term_string}"},"query-input":{"@type":"PropertyValueSpecification","valueRequired":true,"valueName":"search_term_string"}}],"inLanguage":"pt-BR"},{"@type":"Organization","@id":"https:\/\/www.pensarcursos.com.br\/blog\/#organization","name":"Pensar Cursos","alternateName":"Blog pensar","url":"https:\/\/www.pensarcursos.com.br\/blog\/","logo":{"@type":"ImageObject","inLanguage":"pt-BR","@id":"https:\/\/www.pensarcursos.com.br\/blog\/#\/schema\/logo\/image\/","url":"https:\/\/www.pensarcursos.com.br\/blog\/wp-content\/uploads\/2023\/11\/Nova-Logo-Pensar-Cursos-vertical.png","contentUrl":"https:\/\/www.pensarcursos.com.br\/blog\/wp-content\/uploads\/2023\/11\/Nova-Logo-Pensar-Cursos-vertical.png","width":1393,"height":1001,"caption":"Pensar Cursos"},"image":{"@id":"https:\/\/www.pensarcursos.com.br\/blog\/#\/schema\/logo\/image\/"},"sameAs":["https:\/\/www.facebook.com\/pensarcursos\/","https:\/\/instagram.com.br\/pensarcursos"],"description":"Pensar Cursos \u00e9 uma empresa especializada em oferecer cursos de alta qualidade voltados para o desenvolvimento profissional e acad\u00eamico. Com uma ampla gama de op\u00e7\u00f5es de treinamento, oferecemos conte\u00fados atualizados, ministrados por especialistas da \u00e1rea, para capacitar indiv\u00edduos e equipes a atingirem seus objetivos. Nossa miss\u00e3o \u00e9 proporcionar uma educa\u00e7\u00e3o transformadora, acess\u00edvel e personalizada para cada aluno, seja em cursos presenciais ou online. Com uma abordagem inovadora, buscamos adaptar os nossos programas de ensino \u00e0s necessidades do mercado, criando solu\u00e7\u00f5es que atendem aos desafios e exig\u00eancias do mundo corporativo e acad\u00eamico. Nossos cursos incluem desde forma\u00e7\u00f5es t\u00e9cnicas at\u00e9 habilidades essenciais, como lideran\u00e7a, gest\u00e3o e desenvolvimento pessoal.","email":"contato@pensarcursos.com.br","legalName":"Sena Servi\u00e7os de Informa\u00e7\u00e3o Online LTDA","foundingDate":"2013-04-18","vatID":"17956217000172","numberOfEmployees":{"@type":"QuantitativeValue","minValue":"11","maxValue":"50"},"publishingPrinciples":"https:\/\/www.pensarcursos.com.br\/blog\/principios-de-publicacao\/","ownershipFundingInfo":"https:\/\/www.pensarcursos.com.br\/blog\/informacoes-de-propriedade-financiamento\/","actionableFeedbackPolicy":"https:\/\/www.pensarcursos.com.br\/blog\/politica-de-feedback-acionavel\/","correctionsPolicy":"https:\/\/www.pensarcursos.com.br\/blog\/politica-de-correcoes\/","ethicsPolicy":"https:\/\/www.pensarcursos.com.br\/blog\/politica-de-etica\/"},{"@type":"Person","@id":"https:\/\/www.pensarcursos.com.br\/blog\/#\/schema\/person\/40b1f088bbb781c085210d266b49b8de","name":"Karla Camacho","image":{"@type":"ImageObject","inLanguage":"pt-BR","@id":"https:\/\/secure.gravatar.com\/avatar\/0e16f5238a2df67b2a67b39a18958174eb535fe1d9afe163c53ebe429fe8abc0?s=96&d=mm&r=g","url":"https:\/\/secure.gravatar.com\/avatar\/0e16f5238a2df67b2a67b39a18958174eb535fe1d9afe163c53ebe429fe8abc0?s=96&d=mm&r=g","contentUrl":"https:\/\/secure.gravatar.com\/avatar\/0e16f5238a2df67b2a67b39a18958174eb535fe1d9afe163c53ebe429fe8abc0?s=96&d=mm&r=g","caption":"Karla Camacho"},"description":"Redatora Web | SEO | Marketing de Conte\u00fado | Marketing Digital","url":"https:\/\/www.pensarcursos.com.br\/blog\/author\/karla\/"}]}},"_links":{"self":[{"href":"https:\/\/www.pensarcursos.com.br\/blog\/wp-json\/wp\/v2\/posts\/73310","targetHints":{"allow":["GET"]}}],"collection":[{"href":"https:\/\/www.pensarcursos.com.br\/blog\/wp-json\/wp\/v2\/posts"}],"about":[{"href":"https:\/\/www.pensarcursos.com.br\/blog\/wp-json\/wp\/v2\/types\/post"}],"author":[{"embeddable":true,"href":"https:\/\/www.pensarcursos.com.br\/blog\/wp-json\/wp\/v2\/users\/29"}],"replies":[{"embeddable":true,"href":"https:\/\/www.pensarcursos.com.br\/blog\/wp-json\/wp\/v2\/comments?post=73310"}],"version-history":[{"count":0,"href":"https:\/\/www.pensarcursos.com.br\/blog\/wp-json\/wp\/v2\/posts\/73310\/revisions"}],"wp:featuredmedia":[{"embeddable":true,"href":"https:\/\/www.pensarcursos.com.br\/blog\/wp-json\/wp\/v2\/media\/73318"}],"wp:attachment":[{"href":"https:\/\/www.pensarcursos.com.br\/blog\/wp-json\/wp\/v2\/media?parent=73310"}],"wp:term":[{"taxonomy":"category","embeddable":true,"href":"https:\/\/www.pensarcursos.com.br\/blog\/wp-json\/wp\/v2\/categories?post=73310"},{"taxonomy":"post_tag","embeddable":true,"href":"https:\/\/www.pensarcursos.com.br\/blog\/wp-json\/wp\/v2\/tags?post=73310"}],"curies":[{"name":"wp","href":"https:\/\/api.w.org\/{rel}","templated":true}]}}