{"id":73041,"date":"2024-10-12T20:09:54","date_gmt":"2024-10-12T23:09:54","guid":{"rendered":"https:\/\/www.pensarcursos.com.br\/blog\/?p=73041"},"modified":"2024-10-10T13:46:15","modified_gmt":"2024-10-10T16:46:15","slug":"voce-sabia-estas-6-expressoes-sempre-devem-ser-escritas-entre-virgulas","status":"publish","type":"post","link":"https:\/\/www.pensarcursos.com.br\/blog\/voce-sabia-estas-6-expressoes-sempre-devem-ser-escritas-entre-virgulas\/","title":{"rendered":"Voc\u00ea sabia? Estas 6 express\u00f5es sempre devem ser escritas entre v\u00edrgulas!"},"content":{"rendered":"<p>A v\u00edrgula \u00e9 um dos sinais de pontua\u00e7\u00e3o mais importantes da l\u00edngua portuguesa, e seu uso correto pode influenciar diretamente a clareza e o entendimento de uma frase. Al\u00e9m de proporcionar pausas na leitura, ela pode alterar completamente o significado de uma mensagem. Por isso, saber como e quando utiliz\u00e1-la \u00e9 essencial para quem deseja se comunicar de forma eficaz, tanto na escrita formal quanto na informal. O uso inadequado da v\u00edrgula pode causar interpreta\u00e7\u00f5es equivocadas ou at\u00e9 mesmo mudar o sentido original do que se pretende dizer, destacando ainda mais a import\u00e2ncia desse sinal de pontua\u00e7\u00e3o.<\/p>\n<h2>Veja como a v\u00edrgula \u00e9 importante<\/h2>\n<p>Para compreender como a <a href=\"https:\/\/www.pensarcursos.com.br\/blog\/como-usar-virgulas-em-oracoes-subordinadas\/\">v\u00edrgula<\/a> pode modificar o sentido de uma frase, veja alguns exemplos pr\u00e1ticos. Considere as frases &#8220;Vamos comer, crian\u00e7as!&#8221; e &#8220;Vamos comer crian\u00e7as!&#8221;. Na primeira frase, a v\u00edrgula indica que o falante est\u00e1 chamando as crian\u00e7as para comerem juntos, ou seja, convidando-as para a refei\u00e7\u00e3o. J\u00e1 na segunda, sem a v\u00edrgula, o sentido muda drasticamente, sugerindo que as crian\u00e7as s\u00e3o o prato principal. Outro exemplo relevante \u00e9 &#8220;Ela n\u00e3o gosta, de verdade.&#8221; X &#8220;Ela n\u00e3o gosta de verdade.&#8221; Na primeira, a v\u00edrgula indica que a afirma\u00e7\u00e3o est\u00e1 sendo refor\u00e7ada com a express\u00e3o &#8220;de verdade&#8221;, enquanto na segunda, sugere que o desagrado \u00e9 genu\u00edno, sem ser um mero refor\u00e7o. Esses exemplos ilustram claramente como o uso (ou a aus\u00eancia) da v\u00edrgula pode alterar completamente a interpreta\u00e7\u00e3o de uma frase.<\/p>\n<h2>Quais express\u00f5es sempre devem ser escritas entre v\u00edrgulas?<\/h2>\n<p>Para evitar equ\u00edvocos e garantir que o texto esteja claro e coeso, existem algumas express\u00f5es que, obrigatoriamente, devem ser escritas entre v\u00edrgulas. Elas se enquadram em palavras ou locu\u00e7\u00f5es explicativas e corretivas, que servem para esclarecer, acrescentar ou corrigir informa\u00e7\u00f5es em uma frase. A seguir, s\u00e3o apresentadas seis dessas express\u00f5es que precisam ser sempre isoladas por v\u00edrgulas:<\/p>\n<h3>1. &#8220;Ou seja&#8221;<\/h3>\n<p>A express\u00e3o &#8220;ou seja&#8221; \u00e9 utilizada para explicar ou esclarecer algo que foi dito anteriormente, oferecendo uma defini\u00e7\u00e3o ou reformula\u00e7\u00e3o mais precisa. Esse uso visa tornar a mensagem mais clara e compreens\u00edvel, e por isso deve ser sempre precedida e seguida de v\u00edrgulas.<\/p>\n<p><strong>Exemplo:<\/strong> &#8220;Ela \u00e9 filha da minha tia, <strong>ou seja<\/strong>, minha prima.&#8221;<br \/>\nNesse exemplo, &#8220;ou seja&#8221; est\u00e1 sendo utilizado para esclarecer a rela\u00e7\u00e3o de parentesco, indicando que a pessoa em quest\u00e3o \u00e9 prima. As v\u00edrgulas s\u00e3o essenciais para isolar essa express\u00e3o explicativa do restante da frase, proporcionando uma pausa necess\u00e1ria que facilita a compreens\u00e3o.<\/p>\n<h3>2. &#8220;Al\u00e9m disso&#8221;<\/h3>\n<p>&#8220;Al\u00e9m disso&#8221; \u00e9 uma express\u00e3o aditiva, usada para introduzir uma nova informa\u00e7\u00e3o que refor\u00e7a ou complementa o que foi dito anteriormente. Sempre que for empregada, deve ser isolada por v\u00edrgulas para marcar a adi\u00e7\u00e3o de um novo argumento ou fato.<\/p>\n<p><strong>Exemplo:<\/strong> &#8220;Estava frio, <strong>al\u00e9m disso<\/strong>, estava ventando.&#8221;<br \/>\nAqui, &#8220;al\u00e9m disso&#8221; acrescenta uma nova informa\u00e7\u00e3o ao contexto j\u00e1 apresentado, enfatizando as condi\u00e7\u00f5es clim\u00e1ticas adversas. As v\u00edrgulas s\u00e3o usadas para separar essa express\u00e3o do restante da frase, sinalizando ao leitor que h\u00e1 um acr\u00e9scimo de ideia.<\/p>\n<h3>3. &#8220;Ou melhor&#8221;<\/h3>\n<p>&#8220;Ou melhor&#8221; \u00e9 utilizado para corrigir ou aperfei\u00e7oar uma afirma\u00e7\u00e3o feita anteriormente, indicando que uma outra express\u00e3o \u00e9 mais adequada ou precisa para o contexto. As v\u00edrgulas s\u00e3o necess\u00e1rias para isolar essa express\u00e3o, destacando a corre\u00e7\u00e3o ou aperfei\u00e7oamento do que foi dito.<\/p>\n<p><strong>Exemplo:<\/strong> &#8220;Vou no carro dele, <strong>ou melhor<\/strong>, vou no carro do pai dele.&#8221;<br \/>\nNeste caso, &#8220;ou melhor&#8221; \u00e9 usado para corrigir a informa\u00e7\u00e3o inicial sobre o carro, indicando que, na verdade, se trata do carro do pai dele. As v\u00edrgulas ajudam a enfatizar essa corre\u00e7\u00e3o.<\/p>\n<figure id=\"attachment_67842\" aria-describedby=\"caption-attachment-67842\" style=\"width: 807px\" class=\"wp-caption aligncenter\"><img decoding=\"async\" class=\"wp-image-67842 \" title=\"Uso da v\u00edrgula e suas regras.\" src=\"https:\/\/www.pensarcursos.com.br\/blog\/wp-content\/uploads\/2024\/09\/orac\u0327o\u0303es-subordinadas-1024x683.jpg\" alt=\"Uso da v\u00edrgula e suas regras.\" width=\"807\" height=\"538\" srcset=\"https:\/\/www.pensarcursos.com.br\/blog\/wp-content\/uploads\/2024\/09\/orac\u0327o\u0303es-subordinadas-1024x683.jpg 1024w, https:\/\/www.pensarcursos.com.br\/blog\/wp-content\/uploads\/2024\/09\/orac\u0327o\u0303es-subordinadas-300x200.jpg 300w, https:\/\/www.pensarcursos.com.br\/blog\/wp-content\/uploads\/2024\/09\/orac\u0327o\u0303es-subordinadas-768x512.jpg 768w, https:\/\/www.pensarcursos.com.br\/blog\/wp-content\/uploads\/2024\/09\/orac\u0327o\u0303es-subordinadas-1536x1024.jpg 1536w, https:\/\/www.pensarcursos.com.br\/blog\/wp-content\/uploads\/2024\/09\/orac\u0327o\u0303es-subordinadas-2048x1365.jpg 2048w\" sizes=\"(max-width: 807px) 100vw, 807px\" \/><figcaption id=\"caption-attachment-67842\" class=\"wp-caption-text\">Uso da v\u00edrgula e suas regras. Imagem: Karolina Kaboompics\/Pexels<\/figcaption><\/figure>\n<h3>4. &#8220;Por exemplo&#8221;<\/h3>\n<p>A express\u00e3o &#8220;por exemplo&#8221; \u00e9 frequentemente usada para introduzir exemplos que ajudam a ilustrar ou esclarecer o que foi dito. Por ser uma locu\u00e7\u00e3o explicativa, deve ser sempre isolada por v\u00edrgulas, de modo a sinalizar que o que vem a seguir \u00e9 uma ilustra\u00e7\u00e3o do conceito mencionado.<\/p>\n<p><strong>Exemplo:<\/strong> &#8220;O Natal, <strong>por exemplo<\/strong>, \u00e9 um dos melhores feriados do ano.&#8221;<br \/>\nNeste exemplo, &#8220;por exemplo&#8221; introduz o Natal como uma ilustra\u00e7\u00e3o do que est\u00e1 sendo mencionado sobre feriados. As v\u00edrgulas indicam que se trata de uma explica\u00e7\u00e3o adicional e n\u00e3o da continua\u00e7\u00e3o direta do pensamento anterior.<\/p>\n<h3>5. &#8220;Ali\u00e1s&#8221;<\/h3>\n<p>A palavra &#8220;ali\u00e1s&#8221; \u00e9 usada para introduzir uma informa\u00e7\u00e3o adicional que refor\u00e7a ou esclarece o que foi dito anteriormente, ou at\u00e9 mesmo para corrigir uma afirma\u00e7\u00e3o. Ela sempre deve ser escrita entre v\u00edrgulas para marcar a adi\u00e7\u00e3o de um detalhe relevante ou uma poss\u00edvel corre\u00e7\u00e3o.<\/p>\n<p><strong>Exemplo:<\/strong> &#8220;O atleta, <strong>ali\u00e1s<\/strong>, treinou durante tr\u00eas horas.&#8221;<br \/>\nNeste caso, &#8220;ali\u00e1s&#8221; acrescenta uma informa\u00e7\u00e3o importante sobre a intensidade do treinamento do atleta, com as v\u00edrgulas destacando essa adi\u00e7\u00e3o ao contexto.<\/p>\n<h3>6. &#8220;Isto \u00e9&#8221;<\/h3>\n<p>&#8220;Isto \u00e9&#8221; \u00e9 uma express\u00e3o que tem a fun\u00e7\u00e3o de explicar ou especificar algo que foi dito anteriormente. Por se tratar de uma locu\u00e7\u00e3o explicativa, deve ser sempre isolada por v\u00edrgulas para que o leitor entenda que se trata de uma explica\u00e7\u00e3o ou especifica\u00e7\u00e3o do que foi mencionado.<\/p>\n<p><strong>Exemplo:<\/strong> &#8220;N\u00f3s viajaremos em breve, <strong>isto \u00e9<\/strong>, na pr\u00f3xima semana.&#8221;<br \/>\nAqui, &#8220;isto \u00e9&#8221; est\u00e1 esclarecendo quando exatamente a viagem ocorrer\u00e1, e as v\u00edrgulas s\u00e3o utilizadas para separar essa express\u00e3o do restante da frase.<\/p>\n<h2>Por que \u00e9 importante usar v\u00edrgulas corretamente com essas express\u00f5es?<\/h2>\n<p>O uso adequado das <a href=\"https:\/\/www.pensarcursos.com.br\/blog\/ponto-e-virgula-ponto-final\/\">v\u00edrgulas<\/a> n\u00e3o s\u00f3 evita ambiguidades, mas tamb\u00e9m facilita a leitura e a compreens\u00e3o do texto. Quando essas express\u00f5es s\u00e3o isoladas por v\u00edrgulas, o leitor consegue identificar com clareza as pausas e os destaques necess\u00e1rios, compreendendo melhor o que \u00e9 explicativo, corretivo ou adicional na frase. Ignorar essa regra pode comprometer a clareza do texto, causando interpreta\u00e7\u00f5es equivocadas ou uma leitura confusa.<\/p>\n<h3>Dicas para evitar erros ao isolar express\u00f5es com v\u00edrgulas<\/h3>\n<ol>\n<li><strong>Leia a frase em voz alta:<\/strong> Muitas vezes, a necessidade de <a href=\"https:\/\/www.pensarcursos.com.br\/blog\/resumo-de-portugues-saiba-quando-voce-deve-usar-a-virgula\/\">v\u00edrgulas<\/a> pode ser percebida quando a frase \u00e9 lida em voz alta, e as pausas naturais indicam onde a v\u00edrgula deve ser colocada.<\/li>\n<li><strong>Identifique se a express\u00e3o \u00e9 explicativa ou corretiva:<\/strong> Se a express\u00e3o tiver a fun\u00e7\u00e3o de esclarecer, acrescentar ou corrigir algo, ent\u00e3o ela deve ser isolada por v\u00edrgulas.<\/li>\n<li><strong>Evite separar sujeito e predicado com v\u00edrgulas:<\/strong> Express\u00f5es explicativas devem ser isoladas por v\u00edrgulas no meio da frase, mas cuidado para n\u00e3o usar v\u00edrgulas para separar o sujeito do verbo, o que seria um erro de pontua\u00e7\u00e3o.<\/li>\n<\/ol>\n","protected":false},"excerpt":{"rendered":"<p>A v\u00edrgula \u00e9 um dos sinais de pontua\u00e7\u00e3o mais importantes da l\u00edngua portuguesa, e seu uso correto pode influenciar diretamente a clareza e o entendimento de uma frase. Al\u00e9m de proporcionar pausas na leitura, ela pode alterar completamente o significado de uma mensagem. Por isso, saber como e quando utiliz\u00e1-la \u00e9 essencial para quem deseja [&hellip;]<\/p>\n","protected":false},"author":17,"featured_media":73062,"comment_status":"open","ping_status":"closed","sticky":false,"template":"","format":"standard","meta":{"jnews-multi-image_gallery":[],"jnews_single_post":[],"jnews_primary_category":[],"jnews_social_meta":[],"jnews_override_counter":[],"footnotes":""},"categories":[27,12044],"tags":[21478,20441],"class_list":["post-73041","post","type-post","status-publish","format-standard","has-post-thumbnail","hentry","category-dicas","category-portugues","tag-expressoes-entre-virgulas","tag-regras-uso-da-virgula"],"yoast_head":"<!-- This site is optimized with the Yoast SEO Premium plugin v27.5 (Yoast SEO v27.5) - https:\/\/yoast.com\/product\/yoast-seo-premium-wordpress\/ -->\n<title>Voc\u00ea sabia? Estas 6 express\u00f5es sempre devem ser escritas entre v\u00edrgulas! - Blog Pensar Cursos<\/title>\n<meta name=\"description\" content=\"A v\u00edrgula \u00e9 um dos sinais de pontua\u00e7\u00e3o mais importantes da l\u00edngua portuguesa, e seu uso correto pode influenciar diretamente a clareza e o entendimento de\" \/>\n<meta name=\"robots\" content=\"index, follow, max-snippet:-1, max-image-preview:large, max-video-preview:-1\" \/>\n<link rel=\"canonical\" href=\"https:\/\/www.pensarcursos.com.br\/blog\/voce-sabia-estas-6-expressoes-sempre-devem-ser-escritas-entre-virgulas\/\" \/>\n<meta property=\"og:locale\" content=\"pt_BR\" \/>\n<meta property=\"og:type\" content=\"article\" \/>\n<meta property=\"og:title\" content=\"Voc\u00ea sabia? Estas 6 express\u00f5es sempre devem ser escritas entre v\u00edrgulas!\" \/>\n<meta property=\"og:description\" content=\"A v\u00edrgula \u00e9 um dos sinais de pontua\u00e7\u00e3o mais importantes da l\u00edngua portuguesa, e seu uso correto pode influenciar diretamente a clareza e o entendimento de\" \/>\n<meta property=\"og:url\" content=\"https:\/\/www.pensarcursos.com.br\/blog\/voce-sabia-estas-6-expressoes-sempre-devem-ser-escritas-entre-virgulas\/\" \/>\n<meta property=\"og:site_name\" content=\"Blog Pensar Cursos\" \/>\n<meta property=\"article:publisher\" content=\"https:\/\/www.facebook.com\/pensarcursos\/\" \/>\n<meta property=\"article:author\" content=\"https:\/\/www.facebook.com\/profile.php?id=61550018262414\" \/>\n<meta property=\"article:published_time\" content=\"2024-10-12T23:09:54+00:00\" \/>\n<meta property=\"og:image\" content=\"https:\/\/www.pensarcursos.com.br\/blog\/wp-content\/uploads\/2024\/10\/duvida19.png\" \/>\n\t<meta property=\"og:image:width\" content=\"1227\" \/>\n\t<meta property=\"og:image:height\" content=\"818\" \/>\n\t<meta property=\"og:image:type\" content=\"image\/png\" \/>\n<meta name=\"author\" content=\"Gorete Costa\" \/>\n<meta name=\"twitter:card\" content=\"summary_large_image\" \/>\n<meta name=\"twitter:label1\" content=\"Escrito por\" \/>\n\t<meta name=\"twitter:data1\" content=\"Gorete Costa\" \/>\n\t<meta name=\"twitter:label2\" content=\"Est. tempo de leitura\" \/>\n\t<meta name=\"twitter:data2\" content=\"6 minutos\" \/>\n<!-- \/ Yoast SEO Premium plugin. -->","yoast_head_json":{"title":"Voc\u00ea sabia? Estas 6 express\u00f5es sempre devem ser escritas entre v\u00edrgulas! - Blog Pensar Cursos","description":"A v\u00edrgula \u00e9 um dos sinais de pontua\u00e7\u00e3o mais importantes da l\u00edngua portuguesa, e seu uso correto pode influenciar diretamente a clareza e o entendimento de","robots":{"index":"index","follow":"follow","max-snippet":"max-snippet:-1","max-image-preview":"max-image-preview:large","max-video-preview":"max-video-preview:-1"},"canonical":"https:\/\/www.pensarcursos.com.br\/blog\/voce-sabia-estas-6-expressoes-sempre-devem-ser-escritas-entre-virgulas\/","og_locale":"pt_BR","og_type":"article","og_title":"Voc\u00ea sabia? Estas 6 express\u00f5es sempre devem ser escritas entre v\u00edrgulas!","og_description":"A v\u00edrgula \u00e9 um dos sinais de pontua\u00e7\u00e3o mais importantes da l\u00edngua portuguesa, e seu uso correto pode influenciar diretamente a clareza e o entendimento de","og_url":"https:\/\/www.pensarcursos.com.br\/blog\/voce-sabia-estas-6-expressoes-sempre-devem-ser-escritas-entre-virgulas\/","og_site_name":"Blog Pensar Cursos","article_publisher":"https:\/\/www.facebook.com\/pensarcursos\/","article_author":"https:\/\/www.facebook.com\/profile.php?id=61550018262414","article_published_time":"2024-10-12T23:09:54+00:00","og_image":[{"width":1227,"height":818,"url":"https:\/\/www.pensarcursos.com.br\/blog\/wp-content\/uploads\/2024\/10\/duvida19.png","type":"image\/png"}],"author":"Gorete Costa","twitter_card":"summary_large_image","twitter_misc":{"Escrito por":"Gorete Costa","Est. tempo de leitura":"6 minutos"},"schema":{"@context":"https:\/\/schema.org","@graph":[{"@type":["Article","BlogPosting"],"@id":"https:\/\/www.pensarcursos.com.br\/blog\/voce-sabia-estas-6-expressoes-sempre-devem-ser-escritas-entre-virgulas\/#article","isPartOf":{"@id":"https:\/\/www.pensarcursos.com.br\/blog\/voce-sabia-estas-6-expressoes-sempre-devem-ser-escritas-entre-virgulas\/"},"author":{"name":"Gorete Costa","@id":"https:\/\/www.pensarcursos.com.br\/blog\/#\/schema\/person\/e133b19d62595d6ab0c12f3e5436a7bb"},"headline":"Voc\u00ea sabia? Estas 6 express\u00f5es sempre devem ser escritas entre v\u00edrgulas!","datePublished":"2024-10-12T23:09:54+00:00","mainEntityOfPage":{"@id":"https:\/\/www.pensarcursos.com.br\/blog\/voce-sabia-estas-6-expressoes-sempre-devem-ser-escritas-entre-virgulas\/"},"wordCount":1156,"commentCount":0,"publisher":{"@id":"https:\/\/www.pensarcursos.com.br\/blog\/#organization"},"image":{"@id":"https:\/\/www.pensarcursos.com.br\/blog\/voce-sabia-estas-6-expressoes-sempre-devem-ser-escritas-entre-virgulas\/#primaryimage"},"thumbnailUrl":"https:\/\/www.pensarcursos.com.br\/blog\/wp-content\/uploads\/2024\/10\/duvida19.png","keywords":["express\u00f5es entre v\u00edrgulas","regras uso da v\u00edrgula"],"articleSection":["Dicas","Portugu\u00eas"],"inLanguage":"pt-BR","potentialAction":[{"@type":"CommentAction","name":"Comment","target":["https:\/\/www.pensarcursos.com.br\/blog\/voce-sabia-estas-6-expressoes-sempre-devem-ser-escritas-entre-virgulas\/#respond"]}],"copyrightYear":"2024","copyrightHolder":{"@id":"https:\/\/www.pensarcursos.com.br\/blog\/#organization"}},{"@type":"WebPage","@id":"https:\/\/www.pensarcursos.com.br\/blog\/voce-sabia-estas-6-expressoes-sempre-devem-ser-escritas-entre-virgulas\/","url":"https:\/\/www.pensarcursos.com.br\/blog\/voce-sabia-estas-6-expressoes-sempre-devem-ser-escritas-entre-virgulas\/","name":"Voc\u00ea sabia? Estas 6 express\u00f5es sempre devem ser escritas entre v\u00edrgulas! - Blog Pensar Cursos","isPartOf":{"@id":"https:\/\/www.pensarcursos.com.br\/blog\/#website"},"primaryImageOfPage":{"@id":"https:\/\/www.pensarcursos.com.br\/blog\/voce-sabia-estas-6-expressoes-sempre-devem-ser-escritas-entre-virgulas\/#primaryimage"},"image":{"@id":"https:\/\/www.pensarcursos.com.br\/blog\/voce-sabia-estas-6-expressoes-sempre-devem-ser-escritas-entre-virgulas\/#primaryimage"},"thumbnailUrl":"https:\/\/www.pensarcursos.com.br\/blog\/wp-content\/uploads\/2024\/10\/duvida19.png","datePublished":"2024-10-12T23:09:54+00:00","description":"A v\u00edrgula \u00e9 um dos sinais de pontua\u00e7\u00e3o mais importantes da l\u00edngua portuguesa, e seu uso correto pode influenciar diretamente a clareza e o entendimento de","breadcrumb":{"@id":"https:\/\/www.pensarcursos.com.br\/blog\/voce-sabia-estas-6-expressoes-sempre-devem-ser-escritas-entre-virgulas\/#breadcrumb"},"inLanguage":"pt-BR","potentialAction":[{"@type":"ReadAction","target":["https:\/\/www.pensarcursos.com.br\/blog\/voce-sabia-estas-6-expressoes-sempre-devem-ser-escritas-entre-virgulas\/"]}]},{"@type":"ImageObject","inLanguage":"pt-BR","@id":"https:\/\/www.pensarcursos.com.br\/blog\/voce-sabia-estas-6-expressoes-sempre-devem-ser-escritas-entre-virgulas\/#primaryimage","url":"https:\/\/www.pensarcursos.com.br\/blog\/wp-content\/uploads\/2024\/10\/duvida19.png","contentUrl":"https:\/\/www.pensarcursos.com.br\/blog\/wp-content\/uploads\/2024\/10\/duvida19.png","width":1227,"height":818,"caption":"D\u00favida sobre o uso da v\u00edrgula. Imagem: Freepik"},{"@type":"BreadcrumbList","@id":"https:\/\/www.pensarcursos.com.br\/blog\/voce-sabia-estas-6-expressoes-sempre-devem-ser-escritas-entre-virgulas\/#breadcrumb","itemListElement":[{"@type":"ListItem","position":1,"name":"Home","item":"https:\/\/www.pensarcursos.com.br\/blog\/"},{"@type":"ListItem","position":2,"name":"Voc\u00ea sabia? Estas 6 express\u00f5es sempre devem ser escritas entre v\u00edrgulas!"}]},{"@type":"WebSite","@id":"https:\/\/www.pensarcursos.com.br\/blog\/#website","url":"https:\/\/www.pensarcursos.com.br\/blog\/","name":"Blog Pensar Cursos","description":"Maior Site de Cursos do Brasil","publisher":{"@id":"https:\/\/www.pensarcursos.com.br\/blog\/#organization"},"alternateName":"Blog Pensar","potentialAction":[{"@type":"SearchAction","target":{"@type":"EntryPoint","urlTemplate":"https:\/\/www.pensarcursos.com.br\/blog\/?s={search_term_string}"},"query-input":{"@type":"PropertyValueSpecification","valueRequired":true,"valueName":"search_term_string"}}],"inLanguage":"pt-BR"},{"@type":"Organization","@id":"https:\/\/www.pensarcursos.com.br\/blog\/#organization","name":"Pensar Cursos","alternateName":"Blog pensar","url":"https:\/\/www.pensarcursos.com.br\/blog\/","logo":{"@type":"ImageObject","inLanguage":"pt-BR","@id":"https:\/\/www.pensarcursos.com.br\/blog\/#\/schema\/logo\/image\/","url":"https:\/\/www.pensarcursos.com.br\/blog\/wp-content\/uploads\/2023\/11\/Nova-Logo-Pensar-Cursos-vertical.png","contentUrl":"https:\/\/www.pensarcursos.com.br\/blog\/wp-content\/uploads\/2023\/11\/Nova-Logo-Pensar-Cursos-vertical.png","width":1393,"height":1001,"caption":"Pensar Cursos"},"image":{"@id":"https:\/\/www.pensarcursos.com.br\/blog\/#\/schema\/logo\/image\/"},"sameAs":["https:\/\/www.facebook.com\/pensarcursos\/","https:\/\/instagram.com.br\/pensarcursos"],"description":"Pensar Cursos \u00e9 uma empresa especializada em oferecer cursos de alta qualidade voltados para o desenvolvimento profissional e acad\u00eamico. Com uma ampla gama de op\u00e7\u00f5es de treinamento, oferecemos conte\u00fados atualizados, ministrados por especialistas da \u00e1rea, para capacitar indiv\u00edduos e equipes a atingirem seus objetivos. Nossa miss\u00e3o \u00e9 proporcionar uma educa\u00e7\u00e3o transformadora, acess\u00edvel e personalizada para cada aluno, seja em cursos presenciais ou online. Com uma abordagem inovadora, buscamos adaptar os nossos programas de ensino \u00e0s necessidades do mercado, criando solu\u00e7\u00f5es que atendem aos desafios e exig\u00eancias do mundo corporativo e acad\u00eamico. Nossos cursos incluem desde forma\u00e7\u00f5es t\u00e9cnicas at\u00e9 habilidades essenciais, como lideran\u00e7a, gest\u00e3o e desenvolvimento pessoal.","email":"contato@pensarcursos.com.br","legalName":"Sena Servi\u00e7os de Informa\u00e7\u00e3o Online LTDA","foundingDate":"2013-04-18","vatID":"17956217000172","numberOfEmployees":{"@type":"QuantitativeValue","minValue":"11","maxValue":"50"},"publishingPrinciples":"https:\/\/www.pensarcursos.com.br\/blog\/principios-de-publicacao\/","ownershipFundingInfo":"https:\/\/www.pensarcursos.com.br\/blog\/informacoes-de-propriedade-financiamento\/","actionableFeedbackPolicy":"https:\/\/www.pensarcursos.com.br\/blog\/politica-de-feedback-acionavel\/","correctionsPolicy":"https:\/\/www.pensarcursos.com.br\/blog\/politica-de-correcoes\/","ethicsPolicy":"https:\/\/www.pensarcursos.com.br\/blog\/politica-de-etica\/"},{"@type":"Person","@id":"https:\/\/www.pensarcursos.com.br\/blog\/#\/schema\/person\/e133b19d62595d6ab0c12f3e5436a7bb","name":"Gorete Costa","image":{"@type":"ImageObject","inLanguage":"pt-BR","@id":"https:\/\/secure.gravatar.com\/avatar\/8cb99f142e1cb1312d8c202378c20dc4f7210145acc22805481f4a3f47ce9b6f?s=96&d=mm&r=g","url":"https:\/\/secure.gravatar.com\/avatar\/8cb99f142e1cb1312d8c202378c20dc4f7210145acc22805481f4a3f47ce9b6f?s=96&d=mm&r=g","contentUrl":"https:\/\/secure.gravatar.com\/avatar\/8cb99f142e1cb1312d8c202378c20dc4f7210145acc22805481f4a3f47ce9b6f?s=96&d=mm&r=g","caption":"Gorete Costa"},"description":"Graduada em Servi\u00e7o Social pela Universidade do Norte do Paran\u00e1 (Unopar), Gorete Costa \u00e9 especialista em comunica\u00e7\u00e3o, atuando como radialista em programas jornal\u00edsticos e de entretenimento, al\u00e9m de produ\u00e7\u00e3o e revis\u00e3o de textos informativos para sites e blogs.","sameAs":["https:\/\/www.facebook.com\/profile.php?id=61550018262414"],"url":"https:\/\/www.pensarcursos.com.br\/blog\/author\/gorete\/"}]}},"_links":{"self":[{"href":"https:\/\/www.pensarcursos.com.br\/blog\/wp-json\/wp\/v2\/posts\/73041","targetHints":{"allow":["GET"]}}],"collection":[{"href":"https:\/\/www.pensarcursos.com.br\/blog\/wp-json\/wp\/v2\/posts"}],"about":[{"href":"https:\/\/www.pensarcursos.com.br\/blog\/wp-json\/wp\/v2\/types\/post"}],"author":[{"embeddable":true,"href":"https:\/\/www.pensarcursos.com.br\/blog\/wp-json\/wp\/v2\/users\/17"}],"replies":[{"embeddable":true,"href":"https:\/\/www.pensarcursos.com.br\/blog\/wp-json\/wp\/v2\/comments?post=73041"}],"version-history":[{"count":0,"href":"https:\/\/www.pensarcursos.com.br\/blog\/wp-json\/wp\/v2\/posts\/73041\/revisions"}],"wp:featuredmedia":[{"embeddable":true,"href":"https:\/\/www.pensarcursos.com.br\/blog\/wp-json\/wp\/v2\/media\/73062"}],"wp:attachment":[{"href":"https:\/\/www.pensarcursos.com.br\/blog\/wp-json\/wp\/v2\/media?parent=73041"}],"wp:term":[{"taxonomy":"category","embeddable":true,"href":"https:\/\/www.pensarcursos.com.br\/blog\/wp-json\/wp\/v2\/categories?post=73041"},{"taxonomy":"post_tag","embeddable":true,"href":"https:\/\/www.pensarcursos.com.br\/blog\/wp-json\/wp\/v2\/tags?post=73041"}],"curies":[{"name":"wp","href":"https:\/\/api.w.org\/{rel}","templated":true}]}}