{"id":70405,"date":"2024-09-27T22:09:00","date_gmt":"2024-09-28T01:09:00","guid":{"rendered":"https:\/\/www.pensarcursos.com.br\/blog\/?p=70405"},"modified":"2024-09-27T12:26:11","modified_gmt":"2024-09-27T15:26:11","slug":"classe-social","status":"publish","type":"post","link":"https:\/\/www.pensarcursos.com.br\/blog\/classe-social\/","title":{"rendered":"Classe social e renda: Onde voc\u00ea est\u00e1 na pir\u00e2mide econ\u00f4mica? Descubra aqui!"},"content":{"rendered":"<p>Voc\u00ea j\u00e1 se perguntou onde exatamente voc\u00ea se encontra na estrutura social do pa\u00eds? A classe social de uma pessoa n\u00e3o \u00e9 definida apenas pelo que ela possui, mas principalmente pelo quanto ela ganha. O conceito de classe social vai muito al\u00e9m de r\u00f3tulos e estere\u00f3tipos: ele \u00e9 determinado por uma s\u00e9rie de fatores econ\u00f4micos que influenciam diretamente o estilo de vida, o acesso a oportunidades e at\u00e9 mesmo as perspectivas de futuro. Nesta mat\u00e9ria, voc\u00ea ir\u00e1 entender como a sua renda mensal se relaciona com as diferentes classes sociais e onde exatamente voc\u00ea est\u00e1 na pir\u00e2mide econ\u00f4mica.<\/p>\n<h2>Quais os crit\u00e9rios de classifica\u00e7\u00e3o econ\u00f4mica?<\/h2>\n<p>A Associa\u00e7\u00e3o Brasileira de Empresas de Pesquisa (ABEP) desenvolveu, em 2015, o &#8220;Crit\u00e9rio de Classifica\u00e7\u00e3o Econ\u00f4mica Brasil&#8221; \u2013 um sistema abrangente que avalia diversos aspectos da vida social para determinar o n\u00edvel econ\u00f4mico das fam\u00edlias.<\/p>\n<h3>Fatores analisados<\/h3>\n<p>Embora a <a href=\"https:\/\/www.pensarcursos.com.br\/blog\/renda-extra-na-epoca-de-crise\/\">renda<\/a> seja o fator primordial, a metodologia da ABEP considera uma mir\u00edade de elementos, incluindo:<\/p>\n<ul class=\"!whitespace-normal list-disc ml-5\">\n<li class=\"pb-1\"><strong>N\u00edvel de Escolaridade:<\/strong>\u00a0O grau de instru\u00e7\u00e3o dos membros da fam\u00edlia \u00e9 levado em considera\u00e7\u00e3o, pois est\u00e1 diretamente ligado \u00e0s oportunidades profissionais e, consequentemente, \u00e0 renda.<\/li>\n<li class=\"pb-1\"><strong>Condi\u00e7\u00f5es Habitacionais:<\/strong>\u00a0A qualidade da moradia, presen\u00e7a de eletrodom\u00e9sticos e acesso a servi\u00e7os b\u00e1sicos s\u00e3o indicadores do padr\u00e3o de vida.<\/li>\n<li class=\"pb-1\"><strong>Situa\u00e7\u00e3o Profissional:<\/strong>\u00a0As ocupa\u00e7\u00f5es e fontes de renda dos membros da fam\u00edlia s\u00e3o analisadas, bem como a formalidade dos v\u00ednculos empregat\u00edcios.<\/li>\n<li class=\"pb-1\"><strong>Bens Dur\u00e1veis:<\/strong>\u00a0A posse de autom\u00f3veis, computadores, televisores e outros bens de valor \u00e9 um reflexo do poder aquisitivo familiar.<\/li>\n<\/ul>\n<p>Ao combinar esses m\u00faltiplos fatores, a ABEP consegue tra\u00e7ar um panorama das condi\u00e7\u00f5es socioecon\u00f4micas das fam\u00edlias brasileiras.<\/p>\n<h3>As faixas de classifica\u00e7\u00e3o<\/h3>\n<p>De acordo com o &#8220;Crit\u00e9rio de Classifica\u00e7\u00e3o Econ\u00f4mica Brasil&#8221;, as fam\u00edlias s\u00e3o categorizadas em cinco classes principais, determinadas pela renda mensal total:<\/p>\n<h4>Classe A<\/h4>\n<p>Esta \u00e9 a classe mais alta, representando as fam\u00edlias mais abastadas do pa\u00eds. Para se enquadrar nesta categoria, a renda mensal familiar deve ser superior a 20 sal\u00e1rios m\u00ednimos, ou seja, <strong>acima de R$ 28.240<\/strong> (considerando o sal\u00e1rio m\u00ednimo de R$ 1.412 em 2023).<\/p>\n<p>Os indiv\u00edduos pertencentes \u00e0 Classe A desfrutam de um estilo de vida privilegiado, com acesso a bens de luxo, moradia de alto padr\u00e3o e oportunidades educacionais e profissionais de elite.<\/p>\n<h4>Classe B<\/h4>\n<p>A Classe B engloba fam\u00edlias com renda mensal entre 10 e 20 sal\u00e1rios m\u00ednimos, variando <strong>de R$ 14.120 a R$ 28.240<\/strong>. Embora n\u00e3o sejam considerados ricos, esses indiv\u00edduos gozam de um padr\u00e3o de vida confort\u00e1vel e t\u00eam acesso a uma gama de comodidades.<\/p>\n<h4>Classe C<\/h4>\n<p>Esta \u00e9 a classe m\u00e9dia brasileira, composta por fam\u00edlias cuja renda mensal varia entre 4 e 10 sal\u00e1rios m\u00ednimos, ou <strong>R$ 5.648 a R$ 14.120.<\/strong> A Classe C representa uma parcela significativa da popula\u00e7\u00e3o e \u00e9 caracterizada por um estilo de vida modesto, mas est\u00e1vel.<\/p>\n<h4>Classe D<\/h4>\n<p>As fam\u00edlias pertencentes \u00e0 Classe D t\u00eam renda mensal entre 2 e 4 sal\u00e1rios m\u00ednimos, variando de <strong>R$ 2.824 a R$ 5.648<\/strong>. Embora ainda enfrentem desafios financeiros, este grupo est\u00e1 em ascens\u00e3o econ\u00f4mica e gradualmente ganha mais influ\u00eancia na sociedade.<\/p>\n<h4>Classe E<\/h4>\n<p>Por fim, a Classe E abrange as fam\u00edlias mais carentes, com renda mensal total inferior a 2 sal\u00e1rios m\u00ednimos, ou seja,<strong> at\u00e9 R$ 2.824<\/strong>. Infelizmente, essas fam\u00edlias enfrentam dificuldades significativas para atender \u00e0s necessidades b\u00e1sicas e t\u00eam acesso limitado a servi\u00e7os essenciais.<\/p>\n<p>\u00c9 importante ressaltar que esses valores s\u00e3o apenas uma refer\u00eancia e podem variar de acordo com o custo de vida em diferentes regi\u00f5es do pa\u00eds.<\/p>\n<h2>Como saber minha classe social?<\/h2>\n<figure id=\"attachment_70409\" aria-describedby=\"caption-attachment-70409\" style=\"width: 834px\" class=\"wp-caption aligncenter\"><img decoding=\"async\" class=\"wp-image-70409 \" title=\"Como descobrir minha classe social.\" src=\"https:\/\/www.pensarcursos.com.br\/blog\/wp-content\/uploads\/2024\/09\/renda-calculo-1024x681.png\" alt=\"Como descobrir minha classe social.\" width=\"834\" height=\"554\" srcset=\"https:\/\/www.pensarcursos.com.br\/blog\/wp-content\/uploads\/2024\/09\/renda-calculo-1024x681.png 1024w, https:\/\/www.pensarcursos.com.br\/blog\/wp-content\/uploads\/2024\/09\/renda-calculo-300x200.png 300w, https:\/\/www.pensarcursos.com.br\/blog\/wp-content\/uploads\/2024\/09\/renda-calculo-768x511.png 768w, https:\/\/www.pensarcursos.com.br\/blog\/wp-content\/uploads\/2024\/09\/renda-calculo.png 1311w\" sizes=\"(max-width: 834px) 100vw, 834px\" \/><figcaption id=\"caption-attachment-70409\" class=\"wp-caption-text\">Como descobrir minha classe social. Imagem: Freepik<\/figcaption><\/figure>\n<p>Agora que voc\u00ea entende os crit\u00e9rios e faixas de classifica\u00e7\u00e3o, \u00e9 <a href=\"https:\/\/www.pensarcursos.com.br\/blog\/horario-de-verao-em-2024\/\">hora<\/a> de descobrir em qual classe social voc\u00ea se encaixa com base em seu sal\u00e1rio mensal.<\/p>\n<h3>Passo 1: Calcule sua Renda Mensal Total<\/h3>\n<p>Primeiro, some todos os rendimentos mensais de sua fam\u00edlia, incluindo sal\u00e1rios, pens\u00f5es, alugu\u00e9is, entre outros. Este valor representa sua renda mensal total.<\/p>\n<h3>Passo 2: Compare com as Faixas de Renda<\/h3>\n<p>Em seguida, compare sua renda mensal total com as faixas de renda definidas pela ABEP para cada classe social:<\/p>\n<ul class=\"!whitespace-normal list-disc ml-5\">\n<li class=\"pb-1\"><strong>Classe A:<\/strong>\u00a0Acima de R$ 28.240<\/li>\n<li class=\"pb-1\"><strong>Classe B:<\/strong>\u00a0Entre R$ 14.120 e R$ 28.240<\/li>\n<li class=\"pb-1\"><strong>Classe C:<\/strong>\u00a0Entre R$ 5.648 e R$ 14.120<\/li>\n<li class=\"pb-1\"><strong>Classe D:<\/strong>\u00a0Entre R$ 2.824 e R$ 5.648<\/li>\n<li class=\"pb-1\"><strong>Classe E:<\/strong>\u00a0At\u00e9 R$ 2.824<\/li>\n<\/ul>\n<p>Identifique em qual faixa sua renda se encaixa e, consequentemente, a classe social correspondente.<\/p>\n<h3>Exemplo pr\u00e1tico<\/h3>\n<p>Suponhamos que sua <a href=\"https:\/\/www.pensarcursos.com.br\/blog\/11-formas-confiaveis-de-fazer-renda-extra-pela-internet\/\">renda<\/a> mensal total seja de R$ 8.000. Ao comparar com as faixas de renda, voc\u00ea se enquadraria na Classe C, a classe m\u00e9dia brasileira.<\/p>\n<p>\u00c9 importante lembrar que a classifica\u00e7\u00e3o socioecon\u00f4mica \u00e9 uma ferramenta \u00fatil para compreender a realidade social e econ\u00f4mica do pa\u00eds, mas n\u00e3o define completamente sua identidade ou valor como indiv\u00edduo.<\/p>\n","protected":false},"excerpt":{"rendered":"<p>Voc\u00ea j\u00e1 se perguntou onde exatamente voc\u00ea se encontra na estrutura social do pa\u00eds? A classe social de uma pessoa n\u00e3o \u00e9 definida apenas pelo que ela possui, mas principalmente pelo quanto ela ganha. O conceito de classe social vai muito al\u00e9m de r\u00f3tulos e estere\u00f3tipos: ele \u00e9 determinado por uma s\u00e9rie de fatores econ\u00f4micos [&hellip;]<\/p>\n","protected":false},"author":17,"featured_media":70406,"comment_status":"open","ping_status":"closed","sticky":false,"template":"","format":"standard","meta":{"jnews-multi-image_gallery":[],"jnews_single_post":[],"jnews_primary_category":[],"jnews_social_meta":[],"jnews_override_counter":[],"footnotes":""},"categories":[1628,1947],"tags":[21074,21076,1045,21075],"class_list":["post-70405","post","type-post","status-publish","format-standard","has-post-thumbnail","hentry","category-atualidades","category-curiosidades","tag-classe-social","tag-piramide-economica","tag-renda","tag-renda-e-classe-social"],"yoast_head":"<!-- This site is optimized with the Yoast SEO Premium plugin v27.5 (Yoast SEO v27.5) - https:\/\/yoast.com\/product\/yoast-seo-premium-wordpress\/ -->\n<title>Classe social e renda: Onde voc\u00ea est\u00e1 na pir\u00e2mide econ\u00f4mica? Descubra aqui! - Blog Pensar Cursos<\/title>\n<meta name=\"description\" content=\"Voc\u00ea j\u00e1 se perguntou onde exatamente voc\u00ea se encontra na estrutura social do pa\u00eds? A classe social de uma pessoa n\u00e3o \u00e9 definida apenas pelo que ela\" \/>\n<meta name=\"robots\" content=\"index, follow, max-snippet:-1, max-image-preview:large, max-video-preview:-1\" \/>\n<link rel=\"canonical\" href=\"https:\/\/www.pensarcursos.com.br\/blog\/classe-social\/\" \/>\n<meta property=\"og:locale\" content=\"pt_BR\" \/>\n<meta property=\"og:type\" content=\"article\" \/>\n<meta property=\"og:title\" content=\"Classe social e renda: Onde voc\u00ea est\u00e1 na pir\u00e2mide econ\u00f4mica? Descubra aqui!\" \/>\n<meta property=\"og:description\" content=\"Voc\u00ea j\u00e1 se perguntou onde exatamente voc\u00ea se encontra na estrutura social do pa\u00eds? A classe social de uma pessoa n\u00e3o \u00e9 definida apenas pelo que ela\" \/>\n<meta property=\"og:url\" content=\"https:\/\/www.pensarcursos.com.br\/blog\/classe-social\/\" \/>\n<meta property=\"og:site_name\" content=\"Blog Pensar Cursos\" \/>\n<meta property=\"article:publisher\" content=\"https:\/\/www.facebook.com\/pensarcursos\/\" \/>\n<meta property=\"article:author\" content=\"https:\/\/www.facebook.com\/profile.php?id=61550018262414\" \/>\n<meta property=\"article:published_time\" content=\"2024-09-28T01:09:00+00:00\" \/>\n<meta property=\"og:image\" content=\"https:\/\/www.pensarcursos.com.br\/blog\/wp-content\/uploads\/2024\/09\/classe-social.png\" \/>\n\t<meta property=\"og:image:width\" content=\"1245\" \/>\n\t<meta property=\"og:image:height\" content=\"870\" \/>\n\t<meta property=\"og:image:type\" content=\"image\/png\" \/>\n<meta name=\"author\" content=\"Gorete Costa\" \/>\n<meta name=\"twitter:card\" content=\"summary_large_image\" \/>\n<meta name=\"twitter:label1\" content=\"Escrito por\" \/>\n\t<meta name=\"twitter:data1\" content=\"Gorete Costa\" \/>\n\t<meta name=\"twitter:label2\" content=\"Est. tempo de leitura\" \/>\n\t<meta name=\"twitter:data2\" content=\"4 minutos\" \/>\n<!-- \/ Yoast SEO Premium plugin. -->","yoast_head_json":{"title":"Classe social e renda: Onde voc\u00ea est\u00e1 na pir\u00e2mide econ\u00f4mica? Descubra aqui! - Blog Pensar Cursos","description":"Voc\u00ea j\u00e1 se perguntou onde exatamente voc\u00ea se encontra na estrutura social do pa\u00eds? A classe social de uma pessoa n\u00e3o \u00e9 definida apenas pelo que ela","robots":{"index":"index","follow":"follow","max-snippet":"max-snippet:-1","max-image-preview":"max-image-preview:large","max-video-preview":"max-video-preview:-1"},"canonical":"https:\/\/www.pensarcursos.com.br\/blog\/classe-social\/","og_locale":"pt_BR","og_type":"article","og_title":"Classe social e renda: Onde voc\u00ea est\u00e1 na pir\u00e2mide econ\u00f4mica? Descubra aqui!","og_description":"Voc\u00ea j\u00e1 se perguntou onde exatamente voc\u00ea se encontra na estrutura social do pa\u00eds? A classe social de uma pessoa n\u00e3o \u00e9 definida apenas pelo que ela","og_url":"https:\/\/www.pensarcursos.com.br\/blog\/classe-social\/","og_site_name":"Blog Pensar Cursos","article_publisher":"https:\/\/www.facebook.com\/pensarcursos\/","article_author":"https:\/\/www.facebook.com\/profile.php?id=61550018262414","article_published_time":"2024-09-28T01:09:00+00:00","og_image":[{"width":1245,"height":870,"url":"https:\/\/www.pensarcursos.com.br\/blog\/wp-content\/uploads\/2024\/09\/classe-social.png","type":"image\/png"}],"author":"Gorete Costa","twitter_card":"summary_large_image","twitter_misc":{"Escrito por":"Gorete Costa","Est. tempo de leitura":"4 minutos"},"schema":{"@context":"https:\/\/schema.org","@graph":[{"@type":["Article","BlogPosting"],"@id":"https:\/\/www.pensarcursos.com.br\/blog\/classe-social\/#article","isPartOf":{"@id":"https:\/\/www.pensarcursos.com.br\/blog\/classe-social\/"},"author":{"name":"Gorete Costa","@id":"https:\/\/www.pensarcursos.com.br\/blog\/#\/schema\/person\/e133b19d62595d6ab0c12f3e5436a7bb"},"headline":"Classe social e renda: Onde voc\u00ea est\u00e1 na pir\u00e2mide econ\u00f4mica? Descubra aqui!","datePublished":"2024-09-28T01:09:00+00:00","mainEntityOfPage":{"@id":"https:\/\/www.pensarcursos.com.br\/blog\/classe-social\/"},"wordCount":852,"commentCount":0,"publisher":{"@id":"https:\/\/www.pensarcursos.com.br\/blog\/#organization"},"image":{"@id":"https:\/\/www.pensarcursos.com.br\/blog\/classe-social\/#primaryimage"},"thumbnailUrl":"https:\/\/www.pensarcursos.com.br\/blog\/wp-content\/uploads\/2024\/09\/classe-social.png","keywords":["Classe social","pir\u00e2mide econ\u00f4mica","renda","renda e classe social"],"articleSection":["Atualidades","Curiosidades"],"inLanguage":"pt-BR","potentialAction":[{"@type":"CommentAction","name":"Comment","target":["https:\/\/www.pensarcursos.com.br\/blog\/classe-social\/#respond"]}],"copyrightYear":"2024","copyrightHolder":{"@id":"https:\/\/www.pensarcursos.com.br\/blog\/#organization"}},{"@type":"WebPage","@id":"https:\/\/www.pensarcursos.com.br\/blog\/classe-social\/","url":"https:\/\/www.pensarcursos.com.br\/blog\/classe-social\/","name":"Classe social e renda: Onde voc\u00ea est\u00e1 na pir\u00e2mide econ\u00f4mica? Descubra aqui! - Blog Pensar Cursos","isPartOf":{"@id":"https:\/\/www.pensarcursos.com.br\/blog\/#website"},"primaryImageOfPage":{"@id":"https:\/\/www.pensarcursos.com.br\/blog\/classe-social\/#primaryimage"},"image":{"@id":"https:\/\/www.pensarcursos.com.br\/blog\/classe-social\/#primaryimage"},"thumbnailUrl":"https:\/\/www.pensarcursos.com.br\/blog\/wp-content\/uploads\/2024\/09\/classe-social.png","datePublished":"2024-09-28T01:09:00+00:00","description":"Voc\u00ea j\u00e1 se perguntou onde exatamente voc\u00ea se encontra na estrutura social do pa\u00eds? A classe social de uma pessoa n\u00e3o \u00e9 definida apenas pelo que ela","breadcrumb":{"@id":"https:\/\/www.pensarcursos.com.br\/blog\/classe-social\/#breadcrumb"},"inLanguage":"pt-BR","potentialAction":[{"@type":"ReadAction","target":["https:\/\/www.pensarcursos.com.br\/blog\/classe-social\/"]}]},{"@type":"ImageObject","inLanguage":"pt-BR","@id":"https:\/\/www.pensarcursos.com.br\/blog\/classe-social\/#primaryimage","url":"https:\/\/www.pensarcursos.com.br\/blog\/wp-content\/uploads\/2024\/09\/classe-social.png","contentUrl":"https:\/\/www.pensarcursos.com.br\/blog\/wp-content\/uploads\/2024\/09\/classe-social.png","width":1245,"height":870,"caption":"Entenda rela\u00e7\u00e3o entre classe social e renda. Imagem: Freepik"},{"@type":"BreadcrumbList","@id":"https:\/\/www.pensarcursos.com.br\/blog\/classe-social\/#breadcrumb","itemListElement":[{"@type":"ListItem","position":1,"name":"Home","item":"https:\/\/www.pensarcursos.com.br\/blog\/"},{"@type":"ListItem","position":2,"name":"Classe social e renda: Onde voc\u00ea est\u00e1 na pir\u00e2mide econ\u00f4mica? Descubra aqui!"}]},{"@type":"WebSite","@id":"https:\/\/www.pensarcursos.com.br\/blog\/#website","url":"https:\/\/www.pensarcursos.com.br\/blog\/","name":"Blog Pensar Cursos","description":"Maior Site de Cursos do Brasil","publisher":{"@id":"https:\/\/www.pensarcursos.com.br\/blog\/#organization"},"alternateName":"Blog Pensar","potentialAction":[{"@type":"SearchAction","target":{"@type":"EntryPoint","urlTemplate":"https:\/\/www.pensarcursos.com.br\/blog\/?s={search_term_string}"},"query-input":{"@type":"PropertyValueSpecification","valueRequired":true,"valueName":"search_term_string"}}],"inLanguage":"pt-BR"},{"@type":"Organization","@id":"https:\/\/www.pensarcursos.com.br\/blog\/#organization","name":"Pensar Cursos","alternateName":"Blog pensar","url":"https:\/\/www.pensarcursos.com.br\/blog\/","logo":{"@type":"ImageObject","inLanguage":"pt-BR","@id":"https:\/\/www.pensarcursos.com.br\/blog\/#\/schema\/logo\/image\/","url":"https:\/\/www.pensarcursos.com.br\/blog\/wp-content\/uploads\/2023\/11\/Nova-Logo-Pensar-Cursos-vertical.png","contentUrl":"https:\/\/www.pensarcursos.com.br\/blog\/wp-content\/uploads\/2023\/11\/Nova-Logo-Pensar-Cursos-vertical.png","width":1393,"height":1001,"caption":"Pensar Cursos"},"image":{"@id":"https:\/\/www.pensarcursos.com.br\/blog\/#\/schema\/logo\/image\/"},"sameAs":["https:\/\/www.facebook.com\/pensarcursos\/","https:\/\/instagram.com.br\/pensarcursos"],"description":"Pensar Cursos \u00e9 uma empresa especializada em oferecer cursos de alta qualidade voltados para o desenvolvimento profissional e acad\u00eamico. Com uma ampla gama de op\u00e7\u00f5es de treinamento, oferecemos conte\u00fados atualizados, ministrados por especialistas da \u00e1rea, para capacitar indiv\u00edduos e equipes a atingirem seus objetivos. Nossa miss\u00e3o \u00e9 proporcionar uma educa\u00e7\u00e3o transformadora, acess\u00edvel e personalizada para cada aluno, seja em cursos presenciais ou online. Com uma abordagem inovadora, buscamos adaptar os nossos programas de ensino \u00e0s necessidades do mercado, criando solu\u00e7\u00f5es que atendem aos desafios e exig\u00eancias do mundo corporativo e acad\u00eamico. Nossos cursos incluem desde forma\u00e7\u00f5es t\u00e9cnicas at\u00e9 habilidades essenciais, como lideran\u00e7a, gest\u00e3o e desenvolvimento pessoal.","email":"contato@pensarcursos.com.br","legalName":"Sena Servi\u00e7os de Informa\u00e7\u00e3o Online LTDA","foundingDate":"2013-04-18","vatID":"17956217000172","numberOfEmployees":{"@type":"QuantitativeValue","minValue":"11","maxValue":"50"},"publishingPrinciples":"https:\/\/www.pensarcursos.com.br\/blog\/principios-de-publicacao\/","ownershipFundingInfo":"https:\/\/www.pensarcursos.com.br\/blog\/informacoes-de-propriedade-financiamento\/","actionableFeedbackPolicy":"https:\/\/www.pensarcursos.com.br\/blog\/politica-de-feedback-acionavel\/","correctionsPolicy":"https:\/\/www.pensarcursos.com.br\/blog\/politica-de-correcoes\/","ethicsPolicy":"https:\/\/www.pensarcursos.com.br\/blog\/politica-de-etica\/"},{"@type":"Person","@id":"https:\/\/www.pensarcursos.com.br\/blog\/#\/schema\/person\/e133b19d62595d6ab0c12f3e5436a7bb","name":"Gorete Costa","image":{"@type":"ImageObject","inLanguage":"pt-BR","@id":"https:\/\/secure.gravatar.com\/avatar\/8cb99f142e1cb1312d8c202378c20dc4f7210145acc22805481f4a3f47ce9b6f?s=96&d=mm&r=g","url":"https:\/\/secure.gravatar.com\/avatar\/8cb99f142e1cb1312d8c202378c20dc4f7210145acc22805481f4a3f47ce9b6f?s=96&d=mm&r=g","contentUrl":"https:\/\/secure.gravatar.com\/avatar\/8cb99f142e1cb1312d8c202378c20dc4f7210145acc22805481f4a3f47ce9b6f?s=96&d=mm&r=g","caption":"Gorete Costa"},"description":"Graduada em Servi\u00e7o Social pela Universidade do Norte do Paran\u00e1 (Unopar), Gorete Costa \u00e9 especialista em comunica\u00e7\u00e3o, atuando como radialista em programas jornal\u00edsticos e de entretenimento, al\u00e9m de produ\u00e7\u00e3o e revis\u00e3o de textos informativos para sites e blogs.","sameAs":["https:\/\/www.facebook.com\/profile.php?id=61550018262414"],"url":"https:\/\/www.pensarcursos.com.br\/blog\/author\/gorete\/"}]}},"_links":{"self":[{"href":"https:\/\/www.pensarcursos.com.br\/blog\/wp-json\/wp\/v2\/posts\/70405","targetHints":{"allow":["GET"]}}],"collection":[{"href":"https:\/\/www.pensarcursos.com.br\/blog\/wp-json\/wp\/v2\/posts"}],"about":[{"href":"https:\/\/www.pensarcursos.com.br\/blog\/wp-json\/wp\/v2\/types\/post"}],"author":[{"embeddable":true,"href":"https:\/\/www.pensarcursos.com.br\/blog\/wp-json\/wp\/v2\/users\/17"}],"replies":[{"embeddable":true,"href":"https:\/\/www.pensarcursos.com.br\/blog\/wp-json\/wp\/v2\/comments?post=70405"}],"version-history":[{"count":0,"href":"https:\/\/www.pensarcursos.com.br\/blog\/wp-json\/wp\/v2\/posts\/70405\/revisions"}],"wp:featuredmedia":[{"embeddable":true,"href":"https:\/\/www.pensarcursos.com.br\/blog\/wp-json\/wp\/v2\/media\/70406"}],"wp:attachment":[{"href":"https:\/\/www.pensarcursos.com.br\/blog\/wp-json\/wp\/v2\/media?parent=70405"}],"wp:term":[{"taxonomy":"category","embeddable":true,"href":"https:\/\/www.pensarcursos.com.br\/blog\/wp-json\/wp\/v2\/categories?post=70405"},{"taxonomy":"post_tag","embeddable":true,"href":"https:\/\/www.pensarcursos.com.br\/blog\/wp-json\/wp\/v2\/tags?post=70405"}],"curies":[{"name":"wp","href":"https:\/\/api.w.org\/{rel}","templated":true}]}}