{"id":67813,"date":"2024-09-16T22:02:39","date_gmt":"2024-09-17T01:02:39","guid":{"rendered":"https:\/\/www.pensarcursos.com.br\/blog\/?p=67813"},"modified":"2024-09-16T18:57:26","modified_gmt":"2024-09-16T21:57:26","slug":"tire-a-sua-duvida-o-correto-e-cerrar-ou-serrar","status":"publish","type":"post","link":"https:\/\/www.pensarcursos.com.br\/blog\/tire-a-sua-duvida-o-correto-e-cerrar-ou-serrar\/","title":{"rendered":"Tire a sua d\u00favida: o correto \u00e9 \u201ccerrar\u201d ou \u201cserrar\u201d?"},"content":{"rendered":"<p class=\"p3\"><span class=\"s1\">Um dos erros de portugu\u00eas mais frequentes entre os estudantes brasileiros \u00e9 a <b>confus\u00e3o entre as express\u00f5es \u201ccerrar\u201d e \u201cserrar\u201d<\/b>, uma vez que as duas palavras s\u00e3o semelhantes, mas possuem significados diferentes. <\/span><\/p>\n<p class=\"p3\"><span class=\"s1\">Compreender a diferen\u00e7a entre \u201ccerrar\u201d e \u201cserrar\u201d \u00e9 muito importante para que voc\u00ea possa evitar erros em quest\u00f5es de <a href=\"https:\/\/www.pensarcursos.com.br\/blog\/duvidas-de-portugues-concursos\/\"><span class=\"s2\">portugu\u00eas<\/span><\/a> das principais provas do pa\u00eds, como os concursos, os vestibulares e o <a href=\"https:\/\/www.pensarcursos.com.br\/blog\/atualidades-enem-2024\/\"><span class=\"s2\">ENEM<\/span><\/a> (Exame Nacional do Ensino M\u00e9dio). <\/span><\/p>\n<p class=\"p3\"><span class=\"s1\">Al\u00e9m disso, usar cada uma dessas express\u00f5es da maneira correta \u00e9 muito importante tamb\u00e9m para que voc\u00ea seja capaz de escrever uma <a href=\"https:\/\/www.pensarcursos.com.br\/blog\/enem-2024-erros-gramaticais-que-voce-deve-evitar-na-redacao\/\"><span class=\"s2\">reda\u00e7\u00e3o<\/span><\/a> de qualidade e que esteja de acordo com a norma padr\u00e3o da l\u00edngua portuguesa. <\/span><\/p>\n<p class=\"p3\"><span class=\"s1\">Dessa maneira, para que voc\u00ea possa turbinar os seus estudos, trouxemos um resumo com tudo que voc\u00ea precisa saber sobre o uso correto das express\u00f5es \u201ccerrar\u201d e \u201cserrar\u201d. Vamos conferir!<\/span><\/p>\n<h2 class=\"p3\"><span class=\"s1\">Veja os principais usos de \u201ccerrar&#8221;<\/span><\/h2>\n<p class=\"p3\"><span class=\"s1\">A palavra &#8220;cerrar&#8221; pode ser usada para indicar o ato de \u201cfechar&#8221; alguma coisa. Mas, vale destacar que esse verbo pode ser usado de diversas maneiras e em v\u00e1rios contextos. <\/span><\/p>\n<p class=\"p3\"><span class=\"s1\">A seguir, vamos conhecer alguns dos usos mais comuns de \u201ccerrar\u201d<\/span><\/p>\n<p class=\"p3\"><span class=\"s1\"><strong>Exemplo 1:<\/strong> <em>Celina cerrou os olhos para n\u00e3o deixar as l\u00e1grimas ca\u00edrem.<\/em><\/span><\/p>\n<p class=\"p3\"><span class=\"s1\">Nesse caso, \u201ccerrar&#8221; est\u00e1 sendo usado para indicar o ato de fechar os olhos, normalmente de forma apertada. A express\u00e3o \u201ccerrar os olhos\u201d \u00e9 muito comum. <\/span><\/p>\n<p class=\"p3\"><span class=\"s1\"><strong>Exemplo 2:<\/strong> <em>O atleta cerrou os punhos, mostrando que estava preparado para a competi\u00e7\u00e3o.<\/em><\/span><\/p>\n<p class=\"p3\"><span class=\"s1\">Nesse exemplo, \u201ccerrar\u201d est\u00e1 sendo usado no interior da express\u00e3o \u201ccerrar os punhos\u201d, que indica o ato de fechar as m\u00e3os, geralmente indicando tens\u00e3o. <\/span><\/p>\n<p><b><\/b><span class=\"s1\"><strong>Exemplo 3:<\/strong> <em>Os soldados cerraram fileiras para enfrentar o inimigo.<\/em><\/span><\/p>\n<p class=\"p3\"><span class=\"s1\">\u201cCerrar fileiras\u201d \u00e9 uma express\u00e3o idiom\u00e1tica usada para indicar uni\u00e3o, coes\u00e3o, ou a aproxima\u00e7\u00e3o de pessoas.<\/span><\/p>\n<p class=\"p3\"><span class=\"s1\"><strong>Exemplo 4:<\/strong> <em>O vento forte fez com que ele cerrasse a janela.<\/em><\/span><\/p>\n<p class=\"p3\"><span class=\"s1\">Nesse caso, \u201ccerrar\u201d est\u00e1 sendo usado para indicar o ato de fechar alguma coisa, como uma janela.<\/span><\/p>\n<p class=\"p3\"><span class=\"s1\">Por meio da an\u00e1lise dos exemplos, voc\u00ea deve ter percebido que &#8220;cerrar&#8221; est\u00e1 sempre relacionado ao ato de fechar ou apertar algo, seja em um sentido literal ou em um sentido figurado, como em express\u00f5es que denotam uni\u00e3o.<\/span><\/p>\n<h2 class=\"p3\"><span class=\"s1\">Conhe\u00e7a os usos frequentes de \u201cserrar&#8221;<\/span><\/h2>\n<p class=\"p3\"><span class=\"s1\">&#8220;Serrar&#8221;, por outro lado, pode ser usado para indicar o ato de cortar alguma coisa com uma serra. O verbo \u00e9 utilizado principalmente no contexto de carpintaria, constru\u00e7\u00e3o civil, ou atividades que envolvam o corte de algum tipo de material.<\/span><\/p>\n<figure id=\"attachment_67815\" aria-describedby=\"caption-attachment-67815\" style=\"width: 750px\" class=\"wp-caption alignnone\"><img decoding=\"async\" class=\"wp-image-67815 size-publisher-lg\" title=\"\u201cCerrar\u201d e \u201cserrar\u201d\" src=\"https:\/\/www.pensarcursos.com.br\/blog\/wp-content\/uploads\/2024\/09\/dicas-2-750x430.jpg\" alt=\"\u201cCerrar\u201d e \u201cserrar\u201d\" width=\"750\" height=\"430\" \/><figcaption id=\"caption-attachment-67815\" class=\"wp-caption-text\">Use as express\u00f5es \u201ccerrar\u201d e \u201cserrar\u201d da forma correta. Imagem: Polina Tankilevitch\/Pexels<\/figcaption><\/figure>\n<p class=\"p3\"><span class=\"s1\"><strong>Exemplo 1:<\/strong> <em>O carpinteiro serrou a madeira para fazer os m\u00f3veis.&#8221;<\/em><\/span><\/p>\n<p class=\"p3\"><span class=\"s1\">\u201cSerrar\u201d \u00e9 muito usado para indicar o corte de madeira com uma serra, como podemos ver no exemplo que apresentamos. <\/span><\/p>\n<p><b><\/b><span class=\"s1\"><strong>Exemplo 2:<\/strong> <em>O m\u00e9dico disse que talvez precise serrar o osso para realizar o procedimento.<\/em><\/span><\/p>\n<p><span class=\"s1\">Outro uso comum do verbo \u201cserrar\u201d indicar o corte de ossos durante algum tipo de procedimento, por exemplo. Mas, observe que nesse contexto o verbo tamb\u00e9m \u00e9 usado para indicar o corte de alguma coisa. <\/span><\/p>\n<p class=\"p3\"><span class=\"s1\">Como voc\u00ea deve ter percebido, o uso de &#8220;serrar&#8221; est\u00e1 sempre relacionado ao ato de cortar uma determinada coisa.<\/span><\/p>\n<h2 class=\"p3\"><span class=\"s1\">Erros comuns e como evit\u00e1-los<\/span><\/h2>\n<p class=\"p4\"><span class=\"s1\">A confus\u00e3o entre &#8220;cessar&#8221; e &#8220;serrar&#8221; \u00e9 comum, uma vez que as duas palavras possuem o mesmo som, mas significados diferentes. <\/span><\/p>\n<p class=\"p4\"><span class=\"s1\">Veja os erros mais cometidos pelos brasileiros: <\/span><\/p>\n<p class=\"p4\"><span class=\"s1\"><strong>Erro 1:<\/strong> <\/span><\/p>\n<ul>\n<li class=\"p4\"><span class=\"s1\">Incorreto: <em>O funcion\u00e1rio cerrou a madeira para fazer a mesa.<\/em><\/span><\/li>\n<li class=\"p4\"><span class=\"s1\">Correto: <em>O funcion\u00e1rio serrou a madeira para fazer a cadeira.<\/em><\/span><\/li>\n<\/ul>\n<p class=\"p4\"><span class=\"s1\">Nesse caso, o correto \u00e9 o verbo \u201cserrar\u201d, que indica o ato de cortar alguma coisa. <\/span><\/p>\n<p class=\"p4\"><strong><span class=\"s1\">Erro 2:<\/span><\/strong><\/p>\n<ul>\n<li class=\"p4\"><span class=\"s1\">Incorreto: <em>Carlos serrou os olhos para n\u00e3o ver a cena triste.<\/em><\/span><\/li>\n<li class=\"p4\"><span class=\"s1\">Correto: <em>Carlos cerrou os olhos para n\u00e3o ver a cena triste.<\/em><\/span><\/li>\n<\/ul>\n<p class=\"p4\"><span class=\"s1\">Nesse caso, o correto \u00e9 o verbo \u201ccerrar\u201d, uma vez que o objetivo \u00e9 indicar o ato de fechar os olhos.<br \/>\n<\/span><\/p>\n<p class=\"p4\"><span class=\"s1\">Por fim, lembre-se de que a principal diferen\u00e7a entre &#8220;cessar&#8221; e &#8220;serrar&#8221; est\u00e1 no significado e nos contextos em que cada verbo deve ser usado. <\/span><\/p>\n","protected":false},"excerpt":{"rendered":"<p>Um dos erros de portugu\u00eas mais frequentes entre os estudantes brasileiros \u00e9 a confus\u00e3o entre as express\u00f5es \u201ccerrar\u201d e \u201cserrar\u201d, uma vez que as duas palavras s\u00e3o semelhantes, mas possuem significados diferentes. Compreender a diferen\u00e7a entre \u201ccerrar\u201d e \u201cserrar\u201d \u00e9 muito importante para que voc\u00ea possa evitar erros em quest\u00f5es de portugu\u00eas das principais provas [&hellip;]<\/p>\n","protected":false},"author":33,"featured_media":67814,"comment_status":"open","ping_status":"closed","sticky":false,"template":"","format":"standard","meta":{"jnews-multi-image_gallery":[],"jnews_single_post":[],"jnews_primary_category":[],"jnews_social_meta":[],"jnews_override_counter":[],"footnotes":""},"categories":[27,12044],"tags":[20560,20561,20559,15045,19972,20558,19119],"class_list":["post-67813","post","type-post","status-publish","format-standard","has-post-thumbnail","hentry","category-dicas","category-portugues","tag-cerrar-e-serrar","tag-dicas-cerrar-e-serrar","tag-dicas-expressoes-cerrar-e-serrar","tag-dicas-portugues","tag-erros-frequentes-portugues","tag-expressoes-cerrar-e-serrar","tag-resumo-portugues"],"yoast_head":"<!-- This site is optimized with the Yoast SEO Premium plugin v27.4 (Yoast SEO v27.4) - https:\/\/yoast.com\/product\/yoast-seo-premium-wordpress\/ -->\n<title>Tire a sua d\u00favida: o correto \u00e9 \u201ccerrar\u201d ou \u201cserrar\u201d? - Blog Pensar Cursos<\/title>\n<meta name=\"description\" content=\"Um dos erros de portugu\u00eas mais frequentes entre os estudantes brasileiros \u00e9 a confus\u00e3o entre as express\u00f5es \u201ccerrar\u201d e \u201cserrar\u201d, uma vez que as duas\" \/>\n<meta name=\"robots\" content=\"index, follow, max-snippet:-1, max-image-preview:large, max-video-preview:-1\" \/>\n<link rel=\"canonical\" href=\"https:\/\/www.pensarcursos.com.br\/blog\/tire-a-sua-duvida-o-correto-e-cerrar-ou-serrar\/\" \/>\n<meta property=\"og:locale\" content=\"pt_BR\" \/>\n<meta property=\"og:type\" content=\"article\" \/>\n<meta property=\"og:title\" content=\"Tire a sua d\u00favida: o correto \u00e9 \u201ccerrar\u201d ou \u201cserrar\u201d?\" \/>\n<meta property=\"og:description\" content=\"Um dos erros de portugu\u00eas mais frequentes entre os estudantes brasileiros \u00e9 a confus\u00e3o entre as express\u00f5es \u201ccerrar\u201d e \u201cserrar\u201d, uma vez que as duas\" \/>\n<meta property=\"og:url\" content=\"https:\/\/www.pensarcursos.com.br\/blog\/tire-a-sua-duvida-o-correto-e-cerrar-ou-serrar\/\" \/>\n<meta property=\"og:site_name\" content=\"Blog Pensar Cursos\" \/>\n<meta property=\"article:publisher\" content=\"https:\/\/www.facebook.com\/pensarcursos\/\" \/>\n<meta property=\"article:published_time\" content=\"2024-09-17T01:02:39+00:00\" \/>\n<meta property=\"og:image\" content=\"https:\/\/www.pensarcursos.com.br\/blog\/wp-content\/uploads\/2024\/09\/expresso\u0303es-cerrar-e-serrar-scaled.jpg\" \/>\n\t<meta property=\"og:image:width\" content=\"2560\" \/>\n\t<meta property=\"og:image:height\" content=\"1707\" \/>\n\t<meta property=\"og:image:type\" content=\"image\/jpeg\" \/>\n<meta name=\"author\" content=\"Giovanna Mauro\" \/>\n<meta name=\"twitter:card\" content=\"summary_large_image\" \/>\n<meta name=\"twitter:label1\" content=\"Escrito por\" \/>\n\t<meta name=\"twitter:data1\" content=\"Giovanna Mauro\" \/>\n\t<meta name=\"twitter:label2\" content=\"Est. tempo de leitura\" \/>\n\t<meta name=\"twitter:data2\" content=\"3 minutos\" \/>\n<!-- \/ Yoast SEO Premium plugin. -->","yoast_head_json":{"title":"Tire a sua d\u00favida: o correto \u00e9 \u201ccerrar\u201d ou \u201cserrar\u201d? - Blog Pensar Cursos","description":"Um dos erros de portugu\u00eas mais frequentes entre os estudantes brasileiros \u00e9 a confus\u00e3o entre as express\u00f5es \u201ccerrar\u201d e \u201cserrar\u201d, uma vez que as duas","robots":{"index":"index","follow":"follow","max-snippet":"max-snippet:-1","max-image-preview":"max-image-preview:large","max-video-preview":"max-video-preview:-1"},"canonical":"https:\/\/www.pensarcursos.com.br\/blog\/tire-a-sua-duvida-o-correto-e-cerrar-ou-serrar\/","og_locale":"pt_BR","og_type":"article","og_title":"Tire a sua d\u00favida: o correto \u00e9 \u201ccerrar\u201d ou \u201cserrar\u201d?","og_description":"Um dos erros de portugu\u00eas mais frequentes entre os estudantes brasileiros \u00e9 a confus\u00e3o entre as express\u00f5es \u201ccerrar\u201d e \u201cserrar\u201d, uma vez que as duas","og_url":"https:\/\/www.pensarcursos.com.br\/blog\/tire-a-sua-duvida-o-correto-e-cerrar-ou-serrar\/","og_site_name":"Blog Pensar Cursos","article_publisher":"https:\/\/www.facebook.com\/pensarcursos\/","article_published_time":"2024-09-17T01:02:39+00:00","og_image":[{"width":2560,"height":1707,"url":"https:\/\/www.pensarcursos.com.br\/blog\/wp-content\/uploads\/2024\/09\/expresso\u0303es-cerrar-e-serrar-scaled.jpg","type":"image\/jpeg"}],"author":"Giovanna Mauro","twitter_card":"summary_large_image","twitter_misc":{"Escrito por":"Giovanna Mauro","Est. tempo de leitura":"3 minutos"},"schema":{"@context":"https:\/\/schema.org","@graph":[{"@type":["Article","BlogPosting"],"@id":"https:\/\/www.pensarcursos.com.br\/blog\/tire-a-sua-duvida-o-correto-e-cerrar-ou-serrar\/#article","isPartOf":{"@id":"https:\/\/www.pensarcursos.com.br\/blog\/tire-a-sua-duvida-o-correto-e-cerrar-ou-serrar\/"},"author":{"name":"Giovanna Mauro","@id":"https:\/\/www.pensarcursos.com.br\/blog\/#\/schema\/person\/43d2d9ea9415e09619148b19d2609943"},"headline":"Tire a sua d\u00favida: o correto \u00e9 \u201ccerrar\u201d ou \u201cserrar\u201d?","datePublished":"2024-09-17T01:02:39+00:00","mainEntityOfPage":{"@id":"https:\/\/www.pensarcursos.com.br\/blog\/tire-a-sua-duvida-o-correto-e-cerrar-ou-serrar\/"},"wordCount":696,"commentCount":0,"publisher":{"@id":"https:\/\/www.pensarcursos.com.br\/blog\/#organization"},"image":{"@id":"https:\/\/www.pensarcursos.com.br\/blog\/tire-a-sua-duvida-o-correto-e-cerrar-ou-serrar\/#primaryimage"},"thumbnailUrl":"https:\/\/www.pensarcursos.com.br\/blog\/wp-content\/uploads\/2024\/09\/expresso\u0303es-cerrar-e-serrar-scaled.jpg","keywords":["\u201ccerrar\u201d e \u201cserrar\u201d","dicas \u201ccerrar\u201d e \u201cserrar\u201d","dicas express\u00f5es \u201ccerrar\u201d e \u201cserrar\u201d","dicas portugu\u00eas","erros frequentes portugu\u00eas","express\u00f5es \u201ccerrar\u201d e \u201cserrar\u201d","resumo portugu\u00eas"],"articleSection":["Dicas","Portugu\u00eas"],"inLanguage":"pt-BR","potentialAction":[{"@type":"CommentAction","name":"Comment","target":["https:\/\/www.pensarcursos.com.br\/blog\/tire-a-sua-duvida-o-correto-e-cerrar-ou-serrar\/#respond"]}],"copyrightYear":"2024","copyrightHolder":{"@id":"https:\/\/www.pensarcursos.com.br\/blog\/#organization"}},{"@type":"WebPage","@id":"https:\/\/www.pensarcursos.com.br\/blog\/tire-a-sua-duvida-o-correto-e-cerrar-ou-serrar\/","url":"https:\/\/www.pensarcursos.com.br\/blog\/tire-a-sua-duvida-o-correto-e-cerrar-ou-serrar\/","name":"Tire a sua d\u00favida: o correto \u00e9 \u201ccerrar\u201d ou \u201cserrar\u201d? - Blog Pensar Cursos","isPartOf":{"@id":"https:\/\/www.pensarcursos.com.br\/blog\/#website"},"primaryImageOfPage":{"@id":"https:\/\/www.pensarcursos.com.br\/blog\/tire-a-sua-duvida-o-correto-e-cerrar-ou-serrar\/#primaryimage"},"image":{"@id":"https:\/\/www.pensarcursos.com.br\/blog\/tire-a-sua-duvida-o-correto-e-cerrar-ou-serrar\/#primaryimage"},"thumbnailUrl":"https:\/\/www.pensarcursos.com.br\/blog\/wp-content\/uploads\/2024\/09\/expresso\u0303es-cerrar-e-serrar-scaled.jpg","datePublished":"2024-09-17T01:02:39+00:00","description":"Um dos erros de portugu\u00eas mais frequentes entre os estudantes brasileiros \u00e9 a confus\u00e3o entre as express\u00f5es \u201ccerrar\u201d e \u201cserrar\u201d, uma vez que as duas","breadcrumb":{"@id":"https:\/\/www.pensarcursos.com.br\/blog\/tire-a-sua-duvida-o-correto-e-cerrar-ou-serrar\/#breadcrumb"},"inLanguage":"pt-BR","potentialAction":[{"@type":"ReadAction","target":["https:\/\/www.pensarcursos.com.br\/blog\/tire-a-sua-duvida-o-correto-e-cerrar-ou-serrar\/"]}]},{"@type":"ImageObject","inLanguage":"pt-BR","@id":"https:\/\/www.pensarcursos.com.br\/blog\/tire-a-sua-duvida-o-correto-e-cerrar-ou-serrar\/#primaryimage","url":"https:\/\/www.pensarcursos.com.br\/blog\/wp-content\/uploads\/2024\/09\/expresso\u0303es-cerrar-e-serrar-scaled.jpg","contentUrl":"https:\/\/www.pensarcursos.com.br\/blog\/wp-content\/uploads\/2024\/09\/expresso\u0303es-cerrar-e-serrar-scaled.jpg","width":2560,"height":1707,"caption":"Saiba quando usar as express\u00f5es \u201ccerrar\u201d e \u201cserrar\u201d. Imagem: Andrea Piacquadio\/Pexels"},{"@type":"BreadcrumbList","@id":"https:\/\/www.pensarcursos.com.br\/blog\/tire-a-sua-duvida-o-correto-e-cerrar-ou-serrar\/#breadcrumb","itemListElement":[{"@type":"ListItem","position":1,"name":"Home","item":"https:\/\/www.pensarcursos.com.br\/blog\/"},{"@type":"ListItem","position":2,"name":"Tire a sua d\u00favida: o correto \u00e9 \u201ccerrar\u201d ou \u201cserrar\u201d?"}]},{"@type":"WebSite","@id":"https:\/\/www.pensarcursos.com.br\/blog\/#website","url":"https:\/\/www.pensarcursos.com.br\/blog\/","name":"Blog Pensar Cursos","description":"Maior Site de Cursos do Brasil","publisher":{"@id":"https:\/\/www.pensarcursos.com.br\/blog\/#organization"},"alternateName":"Blog Pensar","potentialAction":[{"@type":"SearchAction","target":{"@type":"EntryPoint","urlTemplate":"https:\/\/www.pensarcursos.com.br\/blog\/?s={search_term_string}"},"query-input":{"@type":"PropertyValueSpecification","valueRequired":true,"valueName":"search_term_string"}}],"inLanguage":"pt-BR"},{"@type":"Organization","@id":"https:\/\/www.pensarcursos.com.br\/blog\/#organization","name":"Pensar Cursos","alternateName":"Blog pensar","url":"https:\/\/www.pensarcursos.com.br\/blog\/","logo":{"@type":"ImageObject","inLanguage":"pt-BR","@id":"https:\/\/www.pensarcursos.com.br\/blog\/#\/schema\/logo\/image\/","url":"https:\/\/www.pensarcursos.com.br\/blog\/wp-content\/uploads\/2023\/11\/Nova-Logo-Pensar-Cursos-vertical.png","contentUrl":"https:\/\/www.pensarcursos.com.br\/blog\/wp-content\/uploads\/2023\/11\/Nova-Logo-Pensar-Cursos-vertical.png","width":1393,"height":1001,"caption":"Pensar Cursos"},"image":{"@id":"https:\/\/www.pensarcursos.com.br\/blog\/#\/schema\/logo\/image\/"},"sameAs":["https:\/\/www.facebook.com\/pensarcursos\/","https:\/\/instagram.com.br\/pensarcursos"],"description":"Pensar Cursos \u00e9 uma empresa especializada em oferecer cursos de alta qualidade voltados para o desenvolvimento profissional e acad\u00eamico. Com uma ampla gama de op\u00e7\u00f5es de treinamento, oferecemos conte\u00fados atualizados, ministrados por especialistas da \u00e1rea, para capacitar indiv\u00edduos e equipes a atingirem seus objetivos. Nossa miss\u00e3o \u00e9 proporcionar uma educa\u00e7\u00e3o transformadora, acess\u00edvel e personalizada para cada aluno, seja em cursos presenciais ou online. Com uma abordagem inovadora, buscamos adaptar os nossos programas de ensino \u00e0s necessidades do mercado, criando solu\u00e7\u00f5es que atendem aos desafios e exig\u00eancias do mundo corporativo e acad\u00eamico. Nossos cursos incluem desde forma\u00e7\u00f5es t\u00e9cnicas at\u00e9 habilidades essenciais, como lideran\u00e7a, gest\u00e3o e desenvolvimento pessoal.","email":"contato@pensarcursos.com.br","legalName":"Sena Servi\u00e7os de Informa\u00e7\u00e3o Online LTDA","foundingDate":"2013-04-18","vatID":"17956217000172","numberOfEmployees":{"@type":"QuantitativeValue","minValue":"11","maxValue":"50"},"publishingPrinciples":"https:\/\/www.pensarcursos.com.br\/blog\/principios-de-publicacao\/","ownershipFundingInfo":"https:\/\/www.pensarcursos.com.br\/blog\/informacoes-de-propriedade-financiamento\/","actionableFeedbackPolicy":"https:\/\/www.pensarcursos.com.br\/blog\/politica-de-feedback-acionavel\/","correctionsPolicy":"https:\/\/www.pensarcursos.com.br\/blog\/politica-de-correcoes\/","ethicsPolicy":"https:\/\/www.pensarcursos.com.br\/blog\/politica-de-etica\/"},{"@type":"Person","@id":"https:\/\/www.pensarcursos.com.br\/blog\/#\/schema\/person\/43d2d9ea9415e09619148b19d2609943","name":"Giovanna Mauro","image":{"@type":"ImageObject","inLanguage":"pt-BR","@id":"https:\/\/secure.gravatar.com\/avatar\/fed83003f5cb0e8314e796bc637a128b1a0be0bd82da416a4181b3044ef5b515?s=96&d=mm&r=g","url":"https:\/\/secure.gravatar.com\/avatar\/fed83003f5cb0e8314e796bc637a128b1a0be0bd82da416a4181b3044ef5b515?s=96&d=mm&r=g","contentUrl":"https:\/\/secure.gravatar.com\/avatar\/fed83003f5cb0e8314e796bc637a128b1a0be0bd82da416a4181b3044ef5b515?s=96&d=mm&r=g","caption":"Giovanna Mauro"},"description":"Giovanna Mauro \u00e9 apaixonada por Hist\u00f3ria, Literatura e Educa\u00e7\u00e3o. Expandir o conhecimento das disciplinas que comp\u00f5em as Humanidades \u00e9 um de seus principais objetivos.","url":"https:\/\/www.pensarcursos.com.br\/blog\/author\/giovanna\/"}]}},"_links":{"self":[{"href":"https:\/\/www.pensarcursos.com.br\/blog\/wp-json\/wp\/v2\/posts\/67813","targetHints":{"allow":["GET"]}}],"collection":[{"href":"https:\/\/www.pensarcursos.com.br\/blog\/wp-json\/wp\/v2\/posts"}],"about":[{"href":"https:\/\/www.pensarcursos.com.br\/blog\/wp-json\/wp\/v2\/types\/post"}],"author":[{"embeddable":true,"href":"https:\/\/www.pensarcursos.com.br\/blog\/wp-json\/wp\/v2\/users\/33"}],"replies":[{"embeddable":true,"href":"https:\/\/www.pensarcursos.com.br\/blog\/wp-json\/wp\/v2\/comments?post=67813"}],"version-history":[{"count":0,"href":"https:\/\/www.pensarcursos.com.br\/blog\/wp-json\/wp\/v2\/posts\/67813\/revisions"}],"wp:featuredmedia":[{"embeddable":true,"href":"https:\/\/www.pensarcursos.com.br\/blog\/wp-json\/wp\/v2\/media\/67814"}],"wp:attachment":[{"href":"https:\/\/www.pensarcursos.com.br\/blog\/wp-json\/wp\/v2\/media?parent=67813"}],"wp:term":[{"taxonomy":"category","embeddable":true,"href":"https:\/\/www.pensarcursos.com.br\/blog\/wp-json\/wp\/v2\/categories?post=67813"},{"taxonomy":"post_tag","embeddable":true,"href":"https:\/\/www.pensarcursos.com.br\/blog\/wp-json\/wp\/v2\/tags?post=67813"}],"curies":[{"name":"wp","href":"https:\/\/api.w.org\/{rel}","templated":true}]}}