{"id":67360,"date":"2024-09-14T16:09:25","date_gmt":"2024-09-14T19:09:25","guid":{"rendered":"https:\/\/www.pensarcursos.com.br\/blog\/?p=67360"},"modified":"2024-09-14T11:05:40","modified_gmt":"2024-09-14T14:05:40","slug":"a-respeito-ou-a-respeito","status":"publish","type":"post","link":"https:\/\/www.pensarcursos.com.br\/blog\/a-respeito-ou-a-respeito\/","title":{"rendered":"&#8220;\u00c0 respeito&#8221; ou a &#8220;respeito&#8221;? Quase todo mundo erra!"},"content":{"rendered":"<p>\u00c0 respeito ou a respeito? No universo da l\u00edngua portuguesa, poucas quest\u00f5es geram tanta confus\u00e3o quanto o uso correto das express\u00f5es \u201c\u00e0 respeito\u201d e \u201ca respeito\u201d. Este detalhe aparentemente simples pode ter um grande impacto na clareza da sua comunica\u00e7\u00e3o, especialmente em contextos formais como concursos, vestibulares e ambientes profissionais. Afinal, qual a forma correta? &#8220;\u00c0 respeito&#8221; ou &#8221; a respeito&#8221;? Descubra nesta mat\u00e9ria a forma correta de usar essas express\u00f5es, entender por que o erro \u00e9 t\u00e3o comum e como evitar cair nessa armadilha lingu\u00edstica.<\/p>\n<h2>\u201cA Respeito\u201d ou \u201c\u00e0 Respeito\u201d?<\/h2>\n<p>Para come\u00e7ar, \u00e9 essencial esclarecer o significado de cada <a href=\"https:\/\/www.pensarcursos.com.br\/blog\/faz-e-falta-entenda-quando-usar-cada-expressao\/\">express\u00e3o<\/a>. A forma \u201ca respeito\u201d, \u00e9 utilizada para indicar que se est\u00e1 falando sobre um determinado assunto ou tema e a \u00fanica <a href=\"https:\/\/www.pensarcursos.com.br\/blog\/existem-ou-existe-descubra-qual-a-forma-correta\/\">correta<\/a>. Por exemplo: \u201cFalaremos a respeito das novas diretrizes da empresa.\u201d Aqui, a express\u00e3o introduz o tema do qual se vai tratar, sem necessidade de qualquer modifica\u00e7\u00e3o adicional.<\/p>\n<p>Em contraste, \u201c\u00e0 respeito\u201d \u00e9 uma constru\u00e7\u00e3o incorreta e n\u00e3o existe no portugu\u00eas. O uso do acento grave indicaria a fus\u00e3o da preposi\u00e7\u00e3o \u201ca\u201d com o artigo definido feminino \u201ca\u201d, o que n\u00e3o \u00e9 apropriado nesse contexto. Isso ocorre porque \u201crespeito\u201d \u00e9 um substantivo masculino e n\u00e3o exige a crase.<\/p>\n<h2>Por que o erro \u00e9 t\u00e3o comum?<\/h2>\n<p>A confus\u00e3o entre \u201ca respeito\u201d e \u201c\u00e0 respeito\u201d geralmente surge da semelhan\u00e7a fon\u00e9tica e da familiaridade com outros casos em que a crase \u00e9 utilizada. A<a href=\"https:\/\/www.pensarcursos.com.br\/blog\/vou-a-pe-crase\/\"> crase<\/a> ocorre quando h\u00e1 a fus\u00e3o da preposi\u00e7\u00e3o \u201ca\u201d com o artigo definido feminino \u201ca\u201d ou \u201cas\u201d. Um exemplo t\u00edpico seria em frases como \u201cVou \u00e0 loja\u201d, onde a preposi\u00e7\u00e3o \u201ca\u201d (de \u201cir a\u201d) se funde com o artigo feminino \u201ca\u201d (de \u201ca loja\u201d).<\/p>\n<p>No entanto, no caso de \u201ca respeito\u201d, a express\u00e3o n\u00e3o exige crase <strong>porque \u201crespeito\u201d \u00e9 um substantivo masculino<\/strong>, e a express\u00e3o \u201ca respeito de\u201d \u00e9 uma locu\u00e7\u00e3o prepositiva que <strong>n\u00e3o requer a fus\u00e3o da preposi\u00e7\u00e3o com o artigo<\/strong>. Por isso, a forma correta \u00e9 sempre \u201ca respeito\u201d.<\/p>\n<h2>Como identificar o uso correto?<\/h2>\n<p>Para evitar cometer o erro de usar \u201c\u00e0 respeito\u201d em vez de \u201ca respeito\u201d, considere as seguintes dicas pr\u00e1ticas:<\/p>\n<ol>\n<li><strong>Verifique o g\u00eanero do substantivo<\/strong>: A crase ocorre apenas quando a preposi\u00e7\u00e3o \u201ca\u201d se encontra com o artigo definido feminino \u201ca\u201d ou \u201cas\u201d. Como \u201crespeito\u201d \u00e9 masculino, n\u00e3o h\u00e1 fus\u00e3o que justifique a crase.<\/li>\n<li><strong>Analise a estrutura da express\u00e3o<\/strong>: \u201cA respeito\u201d \u00e9 uma locu\u00e7\u00e3o prepositiva e, portanto, n\u00e3o deve ser alterada com o uso de crase. Sempre mantenha a forma simples \u201ca respeito\u201d.<\/li>\n<li><strong>Fa\u00e7a uma leitura atenta<\/strong>: Ao revisar seus textos, preste aten\u00e7\u00e3o especial \u00e0s express\u00f5es que podem causar d\u00favidas. A leitura cuidadosa pode ajudar a identificar e corrigir erros antes de submeter seus textos.<\/li>\n<li><strong>Utilize recursos educacionais<\/strong>: Consultar gram\u00e1ticas e recursos online confi\u00e1veis pode oferecer esclarecimentos e exemplos adicionais sobre o uso correto das express\u00f5es.<\/li>\n<\/ol>\n<figure id=\"attachment_67377\" aria-describedby=\"caption-attachment-67377\" style=\"width: 890px\" class=\"wp-caption aligncenter\"><img decoding=\"async\" class=\"wp-image-67377 \" title=\"&quot;A respeito&quot; n\u00e3o deve ser escrito com crase\" src=\"https:\/\/www.pensarcursos.com.br\/blog\/wp-content\/uploads\/2024\/09\/Getty-Images-1-1024x626.png\" alt=\"&quot;A respeito&quot; n\u00e3o deve ser escrito com crase\" width=\"890\" height=\"544\" srcset=\"https:\/\/www.pensarcursos.com.br\/blog\/wp-content\/uploads\/2024\/09\/Getty-Images-1-1024x626.png 1024w, https:\/\/www.pensarcursos.com.br\/blog\/wp-content\/uploads\/2024\/09\/Getty-Images-1-300x183.png 300w, https:\/\/www.pensarcursos.com.br\/blog\/wp-content\/uploads\/2024\/09\/Getty-Images-1-768x469.png 768w, https:\/\/www.pensarcursos.com.br\/blog\/wp-content\/uploads\/2024\/09\/Getty-Images-1.png 1242w\" sizes=\"(max-width: 890px) 100vw, 890px\" \/><figcaption id=\"caption-attachment-67377\" class=\"wp-caption-text\">&#8220;A respeito&#8221; n\u00e3o deve ser escrito com crase. Imagem: Getty Images<\/figcaption><\/figure>\n<h2>Impacto do erro em provas e reda\u00e7\u00f5es<\/h2>\n<p>O uso incorreto de \u201c\u00e0 respeito\u201d pode parecer um detalhe menor, mas em provas e reda\u00e7\u00f5es, isso pode impactar negativamente sua nota. A precis\u00e3o na escrita \u00e9 um aspecto valorizado em concursos e vestibulares, e erros ortogr\u00e1ficos podem indicar falta de aten\u00e7\u00e3o e dom\u00ednio da l\u00edngua.<\/p>\n<p>Al\u00e9m disso, em contextos profissionais, uma escrita impec\u00e1vel \u00e9 essencial para transmitir credibilidade e compet\u00eancia. Erros como o uso incorreto de \u201c\u00e0 respeito\u201d podem prejudicar sua imagem e reduzir a efic\u00e1cia da comunica\u00e7\u00e3o.<\/p>\n<h2>Como melhorar a sua escrita e evitar erros comuns?<\/h2>\n<p>Para aprimorar sua escrita e evitar erros como o uso de \u201c\u00e0 respeito\u201d, \u00e9 \u00fatil adotar algumas pr\u00e1ticas de estudo e revis\u00e3o:<\/p>\n<ol>\n<li><strong>Estude regras de gram\u00e1tica regularmente<\/strong>: Manter-se atualizado com as regras de gram\u00e1tica pode ajudar a evitar erros comuns. Dedique um tempo para revisar e praticar as regras de crase e outras normas ortogr\u00e1ficas.<\/li>\n<li><strong>Pratique a reda\u00e7\u00e3o<\/strong>: Escrever regularmente e submeter seus textos para revis\u00e3o pode melhorar suas habilidades. Considere participar de grupos de estudo ou buscar feedback de professores ou colegas.<\/li>\n<li><strong>Use ferramentas de revis\u00e3o<\/strong>: Existem v\u00e1rias ferramentas de revis\u00e3o gramatical online que podem ajudar a identificar e corrigir erros antes de voc\u00ea submeter seu texto.<\/li>\n<li><strong>Leitura e reescrita<\/strong>: Ler seus textos em voz alta e reescrever passagens pode ajudar a identificar e corrigir erros que podem passar despercebidos em uma leitura normal.<\/li>\n<\/ol>\n<div class=\"jeg_video_container jeg_video_content\"><iframe title=\"Portugu\u00eas f\u00e1cil e divertido: 10 perfis no Instagram para aprender Portugu\u00eas\" width=\"500\" height=\"281\" src=\"https:\/\/www.youtube.com\/embed\/F0gQqhRzG-U?start=13&#038;feature=oembed\" frameborder=\"0\" allow=\"accelerometer; autoplay; clipboard-write; encrypted-media; gyroscope; picture-in-picture; web-share\" referrerpolicy=\"strict-origin-when-cross-origin\" allowfullscreen><\/iframe><\/div>\n","protected":false},"excerpt":{"rendered":"<p>\u00c0 respeito ou a respeito? No universo da l\u00edngua portuguesa, poucas quest\u00f5es geram tanta confus\u00e3o quanto o uso correto das express\u00f5es \u201c\u00e0 respeito\u201d e \u201ca respeito\u201d. Este detalhe aparentemente simples pode ter um grande impacto na clareza da sua comunica\u00e7\u00e3o, especialmente em contextos formais como concursos, vestibulares e ambientes profissionais. Afinal, qual a forma correta? [&hellip;]<\/p>\n","protected":false},"author":17,"featured_media":67373,"comment_status":"open","ping_status":"closed","sticky":false,"template":"","format":"standard","meta":{"jnews-multi-image_gallery":[],"jnews_single_post":[],"jnews_primary_category":[],"jnews_social_meta":[],"jnews_override_counter":[],"footnotes":""},"categories":[27,12044],"tags":[20470,20471],"class_list":["post-67360","post","type-post","status-publish","format-standard","has-post-thumbnail","hentry","category-dicas","category-portugues","tag-a-respeito","tag-a-respeito-ou-a-respeito"],"yoast_head":"<!-- This site is optimized with the Yoast SEO Premium plugin v27.4 (Yoast SEO v27.4) - https:\/\/yoast.com\/product\/yoast-seo-premium-wordpress\/ -->\n<title>&quot;\u00c0 respeito&quot; ou a &quot;respeito&quot;? Quase todo mundo erra! - Blog Pensar Cursos<\/title>\n<meta name=\"description\" content=\"\u00c0 respeito ou a respeito? No universo da l\u00edngua portuguesa, poucas quest\u00f5es geram tanta confus\u00e3o quanto o uso correto das express\u00f5es \u201c\u00e0 respeito\u201d e \u201ca\" \/>\n<meta name=\"robots\" content=\"index, follow, max-snippet:-1, max-image-preview:large, max-video-preview:-1\" \/>\n<link rel=\"canonical\" href=\"https:\/\/www.pensarcursos.com.br\/blog\/a-respeito-ou-a-respeito\/\" \/>\n<meta property=\"og:locale\" content=\"pt_BR\" \/>\n<meta property=\"og:type\" content=\"article\" \/>\n<meta property=\"og:title\" content=\"&quot;\u00c0 respeito&quot; ou a &quot;respeito&quot;? Quase todo mundo erra!\" \/>\n<meta property=\"og:description\" content=\"\u00c0 respeito ou a respeito? No universo da l\u00edngua portuguesa, poucas quest\u00f5es geram tanta confus\u00e3o quanto o uso correto das express\u00f5es \u201c\u00e0 respeito\u201d e \u201ca\" \/>\n<meta property=\"og:url\" content=\"https:\/\/www.pensarcursos.com.br\/blog\/a-respeito-ou-a-respeito\/\" \/>\n<meta property=\"og:site_name\" content=\"Blog Pensar Cursos\" \/>\n<meta property=\"article:publisher\" content=\"https:\/\/www.facebook.com\/pensarcursos\/\" \/>\n<meta property=\"article:author\" content=\"https:\/\/www.facebook.com\/profile.php?id=61550018262414\" \/>\n<meta property=\"article:published_time\" content=\"2024-09-14T19:09:25+00:00\" \/>\n<meta property=\"og:image\" content=\"https:\/\/www.pensarcursos.com.br\/blog\/wp-content\/uploads\/2024\/09\/mulher-expressao-duvida-1.png\" \/>\n\t<meta property=\"og:image:width\" content=\"1260\" \/>\n\t<meta property=\"og:image:height\" content=\"840\" \/>\n\t<meta property=\"og:image:type\" content=\"image\/png\" \/>\n<meta name=\"author\" content=\"Gorete Costa\" \/>\n<meta name=\"twitter:card\" content=\"summary_large_image\" \/>\n<meta name=\"twitter:label1\" content=\"Escrito por\" \/>\n\t<meta name=\"twitter:data1\" content=\"Gorete Costa\" \/>\n\t<meta name=\"twitter:label2\" content=\"Est. tempo de leitura\" \/>\n\t<meta name=\"twitter:data2\" content=\"4 minutos\" \/>\n<!-- \/ Yoast SEO Premium plugin. -->","yoast_head_json":{"title":"\"\u00c0 respeito\" ou a \"respeito\"? Quase todo mundo erra! - Blog Pensar Cursos","description":"\u00c0 respeito ou a respeito? No universo da l\u00edngua portuguesa, poucas quest\u00f5es geram tanta confus\u00e3o quanto o uso correto das express\u00f5es \u201c\u00e0 respeito\u201d e \u201ca","robots":{"index":"index","follow":"follow","max-snippet":"max-snippet:-1","max-image-preview":"max-image-preview:large","max-video-preview":"max-video-preview:-1"},"canonical":"https:\/\/www.pensarcursos.com.br\/blog\/a-respeito-ou-a-respeito\/","og_locale":"pt_BR","og_type":"article","og_title":"\"\u00c0 respeito\" ou a \"respeito\"? Quase todo mundo erra!","og_description":"\u00c0 respeito ou a respeito? No universo da l\u00edngua portuguesa, poucas quest\u00f5es geram tanta confus\u00e3o quanto o uso correto das express\u00f5es \u201c\u00e0 respeito\u201d e \u201ca","og_url":"https:\/\/www.pensarcursos.com.br\/blog\/a-respeito-ou-a-respeito\/","og_site_name":"Blog Pensar Cursos","article_publisher":"https:\/\/www.facebook.com\/pensarcursos\/","article_author":"https:\/\/www.facebook.com\/profile.php?id=61550018262414","article_published_time":"2024-09-14T19:09:25+00:00","og_image":[{"width":1260,"height":840,"url":"https:\/\/www.pensarcursos.com.br\/blog\/wp-content\/uploads\/2024\/09\/mulher-expressao-duvida-1.png","type":"image\/png"}],"author":"Gorete Costa","twitter_card":"summary_large_image","twitter_misc":{"Escrito por":"Gorete Costa","Est. tempo de leitura":"4 minutos"},"schema":{"@context":"https:\/\/schema.org","@graph":[{"@type":["Article","BlogPosting"],"@id":"https:\/\/www.pensarcursos.com.br\/blog\/a-respeito-ou-a-respeito\/#article","isPartOf":{"@id":"https:\/\/www.pensarcursos.com.br\/blog\/a-respeito-ou-a-respeito\/"},"author":{"name":"Gorete Costa","@id":"https:\/\/www.pensarcursos.com.br\/blog\/#\/schema\/person\/e133b19d62595d6ab0c12f3e5436a7bb"},"headline":"&#8220;\u00c0 respeito&#8221; ou a &#8220;respeito&#8221;? Quase todo mundo erra!","datePublished":"2024-09-14T19:09:25+00:00","mainEntityOfPage":{"@id":"https:\/\/www.pensarcursos.com.br\/blog\/a-respeito-ou-a-respeito\/"},"wordCount":777,"commentCount":0,"publisher":{"@id":"https:\/\/www.pensarcursos.com.br\/blog\/#organization"},"image":{"@id":"https:\/\/www.pensarcursos.com.br\/blog\/a-respeito-ou-a-respeito\/#primaryimage"},"thumbnailUrl":"https:\/\/www.pensarcursos.com.br\/blog\/wp-content\/uploads\/2024\/09\/mulher-expressao-duvida-1.png","keywords":["\u00e0 respeito","\u00e0 respeito ou a respeito"],"articleSection":["Dicas","Portugu\u00eas"],"inLanguage":"pt-BR","potentialAction":[{"@type":"CommentAction","name":"Comment","target":["https:\/\/www.pensarcursos.com.br\/blog\/a-respeito-ou-a-respeito\/#respond"]}],"copyrightYear":"2024","copyrightHolder":{"@id":"https:\/\/www.pensarcursos.com.br\/blog\/#organization"}},{"@type":"WebPage","@id":"https:\/\/www.pensarcursos.com.br\/blog\/a-respeito-ou-a-respeito\/","url":"https:\/\/www.pensarcursos.com.br\/blog\/a-respeito-ou-a-respeito\/","name":"\"\u00c0 respeito\" ou a \"respeito\"? Quase todo mundo erra! - Blog Pensar Cursos","isPartOf":{"@id":"https:\/\/www.pensarcursos.com.br\/blog\/#website"},"primaryImageOfPage":{"@id":"https:\/\/www.pensarcursos.com.br\/blog\/a-respeito-ou-a-respeito\/#primaryimage"},"image":{"@id":"https:\/\/www.pensarcursos.com.br\/blog\/a-respeito-ou-a-respeito\/#primaryimage"},"thumbnailUrl":"https:\/\/www.pensarcursos.com.br\/blog\/wp-content\/uploads\/2024\/09\/mulher-expressao-duvida-1.png","datePublished":"2024-09-14T19:09:25+00:00","description":"\u00c0 respeito ou a respeito? No universo da l\u00edngua portuguesa, poucas quest\u00f5es geram tanta confus\u00e3o quanto o uso correto das express\u00f5es \u201c\u00e0 respeito\u201d e \u201ca","breadcrumb":{"@id":"https:\/\/www.pensarcursos.com.br\/blog\/a-respeito-ou-a-respeito\/#breadcrumb"},"inLanguage":"pt-BR","potentialAction":[{"@type":"ReadAction","target":["https:\/\/www.pensarcursos.com.br\/blog\/a-respeito-ou-a-respeito\/"]}]},{"@type":"ImageObject","inLanguage":"pt-BR","@id":"https:\/\/www.pensarcursos.com.br\/blog\/a-respeito-ou-a-respeito\/#primaryimage","url":"https:\/\/www.pensarcursos.com.br\/blog\/wp-content\/uploads\/2024\/09\/mulher-expressao-duvida-1.png","contentUrl":"https:\/\/www.pensarcursos.com.br\/blog\/wp-content\/uploads\/2024\/09\/mulher-expressao-duvida-1.png","width":1260,"height":840,"caption":"\u00c0 respeito ou a respeito? Com ou sem crase? Imagem: Freepik"},{"@type":"BreadcrumbList","@id":"https:\/\/www.pensarcursos.com.br\/blog\/a-respeito-ou-a-respeito\/#breadcrumb","itemListElement":[{"@type":"ListItem","position":1,"name":"Home","item":"https:\/\/www.pensarcursos.com.br\/blog\/"},{"@type":"ListItem","position":2,"name":"&#8220;\u00c0 respeito&#8221; ou a &#8220;respeito&#8221;? Quase todo mundo erra!"}]},{"@type":"WebSite","@id":"https:\/\/www.pensarcursos.com.br\/blog\/#website","url":"https:\/\/www.pensarcursos.com.br\/blog\/","name":"Blog Pensar Cursos","description":"Maior Site de Cursos do Brasil","publisher":{"@id":"https:\/\/www.pensarcursos.com.br\/blog\/#organization"},"alternateName":"Blog Pensar","potentialAction":[{"@type":"SearchAction","target":{"@type":"EntryPoint","urlTemplate":"https:\/\/www.pensarcursos.com.br\/blog\/?s={search_term_string}"},"query-input":{"@type":"PropertyValueSpecification","valueRequired":true,"valueName":"search_term_string"}}],"inLanguage":"pt-BR"},{"@type":"Organization","@id":"https:\/\/www.pensarcursos.com.br\/blog\/#organization","name":"Pensar Cursos","alternateName":"Blog pensar","url":"https:\/\/www.pensarcursos.com.br\/blog\/","logo":{"@type":"ImageObject","inLanguage":"pt-BR","@id":"https:\/\/www.pensarcursos.com.br\/blog\/#\/schema\/logo\/image\/","url":"https:\/\/www.pensarcursos.com.br\/blog\/wp-content\/uploads\/2023\/11\/Nova-Logo-Pensar-Cursos-vertical.png","contentUrl":"https:\/\/www.pensarcursos.com.br\/blog\/wp-content\/uploads\/2023\/11\/Nova-Logo-Pensar-Cursos-vertical.png","width":1393,"height":1001,"caption":"Pensar Cursos"},"image":{"@id":"https:\/\/www.pensarcursos.com.br\/blog\/#\/schema\/logo\/image\/"},"sameAs":["https:\/\/www.facebook.com\/pensarcursos\/","https:\/\/instagram.com.br\/pensarcursos"],"description":"Pensar Cursos \u00e9 uma empresa especializada em oferecer cursos de alta qualidade voltados para o desenvolvimento profissional e acad\u00eamico. Com uma ampla gama de op\u00e7\u00f5es de treinamento, oferecemos conte\u00fados atualizados, ministrados por especialistas da \u00e1rea, para capacitar indiv\u00edduos e equipes a atingirem seus objetivos. Nossa miss\u00e3o \u00e9 proporcionar uma educa\u00e7\u00e3o transformadora, acess\u00edvel e personalizada para cada aluno, seja em cursos presenciais ou online. Com uma abordagem inovadora, buscamos adaptar os nossos programas de ensino \u00e0s necessidades do mercado, criando solu\u00e7\u00f5es que atendem aos desafios e exig\u00eancias do mundo corporativo e acad\u00eamico. Nossos cursos incluem desde forma\u00e7\u00f5es t\u00e9cnicas at\u00e9 habilidades essenciais, como lideran\u00e7a, gest\u00e3o e desenvolvimento pessoal.","email":"contato@pensarcursos.com.br","legalName":"Sena Servi\u00e7os de Informa\u00e7\u00e3o Online LTDA","foundingDate":"2013-04-18","vatID":"17956217000172","numberOfEmployees":{"@type":"QuantitativeValue","minValue":"11","maxValue":"50"},"publishingPrinciples":"https:\/\/www.pensarcursos.com.br\/blog\/principios-de-publicacao\/","ownershipFundingInfo":"https:\/\/www.pensarcursos.com.br\/blog\/informacoes-de-propriedade-financiamento\/","actionableFeedbackPolicy":"https:\/\/www.pensarcursos.com.br\/blog\/politica-de-feedback-acionavel\/","correctionsPolicy":"https:\/\/www.pensarcursos.com.br\/blog\/politica-de-correcoes\/","ethicsPolicy":"https:\/\/www.pensarcursos.com.br\/blog\/politica-de-etica\/"},{"@type":"Person","@id":"https:\/\/www.pensarcursos.com.br\/blog\/#\/schema\/person\/e133b19d62595d6ab0c12f3e5436a7bb","name":"Gorete Costa","image":{"@type":"ImageObject","inLanguage":"pt-BR","@id":"https:\/\/secure.gravatar.com\/avatar\/8cb99f142e1cb1312d8c202378c20dc4f7210145acc22805481f4a3f47ce9b6f?s=96&d=mm&r=g","url":"https:\/\/secure.gravatar.com\/avatar\/8cb99f142e1cb1312d8c202378c20dc4f7210145acc22805481f4a3f47ce9b6f?s=96&d=mm&r=g","contentUrl":"https:\/\/secure.gravatar.com\/avatar\/8cb99f142e1cb1312d8c202378c20dc4f7210145acc22805481f4a3f47ce9b6f?s=96&d=mm&r=g","caption":"Gorete Costa"},"description":"Graduada em Servi\u00e7o Social pela Universidade do Norte do Paran\u00e1 (Unopar), Gorete Costa \u00e9 especialista em comunica\u00e7\u00e3o, atuando como radialista em programas jornal\u00edsticos e de entretenimento, al\u00e9m de produ\u00e7\u00e3o e revis\u00e3o de textos informativos para sites e blogs.","sameAs":["https:\/\/www.facebook.com\/profile.php?id=61550018262414"],"url":"https:\/\/www.pensarcursos.com.br\/blog\/author\/gorete\/"}]}},"_links":{"self":[{"href":"https:\/\/www.pensarcursos.com.br\/blog\/wp-json\/wp\/v2\/posts\/67360","targetHints":{"allow":["GET"]}}],"collection":[{"href":"https:\/\/www.pensarcursos.com.br\/blog\/wp-json\/wp\/v2\/posts"}],"about":[{"href":"https:\/\/www.pensarcursos.com.br\/blog\/wp-json\/wp\/v2\/types\/post"}],"author":[{"embeddable":true,"href":"https:\/\/www.pensarcursos.com.br\/blog\/wp-json\/wp\/v2\/users\/17"}],"replies":[{"embeddable":true,"href":"https:\/\/www.pensarcursos.com.br\/blog\/wp-json\/wp\/v2\/comments?post=67360"}],"version-history":[{"count":0,"href":"https:\/\/www.pensarcursos.com.br\/blog\/wp-json\/wp\/v2\/posts\/67360\/revisions"}],"wp:featuredmedia":[{"embeddable":true,"href":"https:\/\/www.pensarcursos.com.br\/blog\/wp-json\/wp\/v2\/media\/67373"}],"wp:attachment":[{"href":"https:\/\/www.pensarcursos.com.br\/blog\/wp-json\/wp\/v2\/media?parent=67360"}],"wp:term":[{"taxonomy":"category","embeddable":true,"href":"https:\/\/www.pensarcursos.com.br\/blog\/wp-json\/wp\/v2\/categories?post=67360"},{"taxonomy":"post_tag","embeddable":true,"href":"https:\/\/www.pensarcursos.com.br\/blog\/wp-json\/wp\/v2\/tags?post=67360"}],"curies":[{"name":"wp","href":"https:\/\/api.w.org\/{rel}","templated":true}]}}