{"id":67328,"date":"2024-09-14T11:02:21","date_gmt":"2024-09-14T14:02:21","guid":{"rendered":"https:\/\/www.pensarcursos.com.br\/blog\/?p=67328"},"modified":"2024-09-13T21:58:53","modified_gmt":"2024-09-14T00:58:53","slug":"tire-sua-duvida-o-correto-e-precisa-se-ou-precisam-se","status":"publish","type":"post","link":"https:\/\/www.pensarcursos.com.br\/blog\/tire-sua-duvida-o-correto-e-precisa-se-ou-precisam-se\/","title":{"rendered":"Tire sua d\u00favida: o correto \u00e9 \u201cprecisa-se\u201d ou \u201cprecisam-se\u201d?"},"content":{"rendered":"<p class=\"p3\"><span class=\"s1\">Uma d\u00favida muito comum entre os brasileiros \u00e9: devo usar a <strong>express\u00e3o \u201cprecisa-se\u201d ou \u201cprecisam-se\u201d<\/strong>? Qual das duas est\u00e1 correta?<\/span><\/p>\n<p class=\"p3\"><span class=\"s1\">Entender a diferen\u00e7a entre \u201cprecisa-se\u201d e \u201cprecisam-se&#8221; \u00e9 fundamental para evitar erros em quest\u00f5es de portugu\u00eas das principais provas do pa\u00eds, como os <span class=\"s2\">vestibulares<\/span> e o <a href=\"https:\/\/www.pensarcursos.com.br\/blog\/enem-2024-como-manter-a-calma-no-dia-da-prova\/\"><span class=\"s2\">ENEM<\/span><\/a> (Exame Nacional do Ensino M\u00e9dio). <\/span><\/p>\n<p class=\"p3\"><span class=\"s1\">Al\u00e9m disso, usar cada uma dessas express\u00f5es da maneira correta \u00e9 muito importante tamb\u00e9m para que voc\u00ea seja capaz de escrever uma <a href=\"https:\/\/www.pensarcursos.com.br\/blog\/enem-2024-conheca-10-repertorios-valiosos-para-a-redacao\/\"><span class=\"s2\">reda\u00e7\u00e3o<\/span><\/a> de qualidade e que esteja de acordo com a norma padr\u00e3o da l\u00edngua portuguesa. <\/span><\/p>\n<p class=\"p3\"><span class=\"s1\">Assim, para que voc\u00ea possa turbinar os seus estudos, trouxemos um resumo com tudo que voc\u00ea precisa saber sobre o uso correto das express\u00f5es \u201cprecisa-se\u201d e \u201cprecisam-se\u201d. Confira!<\/span><\/p>\n<h2 class=\"p3\"><span class=\"s1\">\u201cPrecisa-se\u201d ou \u201cprecisam-se\u201d: concord\u00e2ncia verbal <\/span><\/h2>\n<p class=\"p3\"><span class=\"s1\">Antes de analisarmos os usos das express\u00f5es &#8220;precisa-se&#8221; ou &#8220;precisam-se&#8221;, precisamos entender o funcionamento da <a href=\"https:\/\/www.pensarcursos.com.br\/blog\/concordancia-verbal-com-se-veja-as-principais-regras\/\">concord\u00e2ncia verbal<\/a> na l\u00edngua portuguesa.<\/span><\/p>\n<p class=\"p3\"><span class=\"s1\">Em primeiro lugar, devemos destacar que a concord\u00e2ncia verbal \u00e9 respons\u00e1vel pelas regras que regulam a rela\u00e7\u00e3o entre um verbo e o sujeito de uma frase. <\/span><\/p>\n<p class=\"p3\"><span class=\"s1\">Al\u00e9m disso, no caso de \u201cprecisa-se\u201d e \u201cprecisam-se\u201d, as duas formas est\u00e3o ligadas ao uso do pronome &#8220;se&#8221;, que pode indicar que o sujeito sofre a a\u00e7\u00e3o do verbo, o que chamamos de voz passiva. Tenha em mente que, na voz passiva, o verbo deve concordar com o sujeito. Assim, se o sujeito est\u00e1 no singular, o verbo tamb\u00e9m fica no singular e, por sua vez,<span class=\"Apple-converted-space\">\u00a0 <\/span>se o sujeito est\u00e1 no plural, o verbo vai para o plural. Veja um exemplo:<\/span><\/p>\n<ul class=\"ul1\">\n<li class=\"li5\"><b><\/b><span class=\"s1\"><em>Aluga-se uma casa.<\/em> <\/span><\/li>\n<\/ul>\n<p><b><\/b><span class=\"s1\">Nesse caso, o verbo &#8220;aluga&#8221; est\u00e1 no singular porque o sujeito &#8220;uma casa&#8221; est\u00e1 no singular.<\/span><\/p>\n<ul>\n<li><b><\/b><span class=\"s1\"><em>Alugam-se casas.<\/em> <\/span><\/li>\n<\/ul>\n<p><b><\/b><span class=\"s1\">Nesse caso, o verbo &#8220;alugam&#8221; est\u00e1 no plural porque o sujeito &#8220;casas&#8221; est\u00e1 no plural).<\/span><\/p>\n<p class=\"p6\"><span class=\"s1\">A seguir, veja quando voc\u00ea deve usar \u201cprecisa-se\u201d e \u201cprecisam-se\u201d.<\/span><\/p>\n<h2 class=\"p7\"><span class=\"s1\">Quando devo usar \u201cprecisa-se\u201d? <\/span><\/h2>\n<p class=\"p3\"><span class=\"s1\">Devemos usar a express\u00e3o &#8220;precisa-se&#8221; quando o sujeito da frase est\u00e1 no singular, pois o o verbo &#8220;precisa&#8221; est\u00e1 no singular e precisa concordar com o sujeito. Vamos conferir um exemplo: <\/span><\/p>\n<ul class=\"ul1\">\n<li class=\"li5\"><b><\/b><span class=\"s1\"><em>Precisa-se de um assistente para o escrit\u00f3rio.\u00a0<\/em><\/span><\/li>\n<\/ul>\n<p><b><\/b><span class=\"s1\">No exemplo, &#8220;um assistente&#8221; est\u00e1 no singular. Assim, devemos usar \u201cprecisa-se\u201d.<\/span><\/p>\n<figure id=\"attachment_67330\" aria-describedby=\"caption-attachment-67330\" style=\"width: 750px\" class=\"wp-caption alignnone\"><img decoding=\"async\" class=\"wp-image-67330 size-publisher-lg\" title=\"Portugu\u00eas\" src=\"https:\/\/www.pensarcursos.com.br\/blog\/wp-content\/uploads\/2024\/09\/dicas-portugues-2-750x430.jpg\" alt=\"Portugu\u00eas\" width=\"750\" height=\"430\" \/><figcaption id=\"caption-attachment-67330\" class=\"wp-caption-text\">Saiba como usar as express\u00f5es \u201cprecisa-se\u201d e \u201cprecisam-se\u201d. Imagem: MART PRODUCTION\/Pexels<\/figcaption><\/figure>\n<p class=\"p3\"><span class=\"s1\">Nesses casos, a part\u00edcula &#8220;se&#8221; \u00e9 respons\u00e1vel por indicar se o sujeito \u00e9 indefinido ou indeterminado. Dessa maneira, devemos sempre usar o verbo no singular.<\/span><\/p>\n<p class=\"p3\"><span class=\"s1\">Ficou com alguma d\u00favida? Confira outros exemplos:<\/span><\/p>\n<ul class=\"ul1\">\n<li class=\"li5\"><em><span class=\"s1\">Precisa-se de um t\u00e9cnico.<\/span><\/em><\/li>\n<li class=\"li5\"><em><span class=\"s1\">Precisa-se de um m\u00e9dico para o hospital.<\/span><\/em><\/li>\n<\/ul>\n<h2 class=\"p7\"><span class=\"s1\">Quando devo usar \u201cprecisam-se\u201d? <\/span><\/h2>\n<p class=\"p3\"><span class=\"s1\">A express\u00e3o \u201cprecisam-se\u201d, por sua vez, deve ser usada quando o sujeito da frase est\u00e1 no plural. Nesse caso, o verbo &#8220;precisam&#8221; est\u00e1 no plural e concorda com o sujeito plural. Veja um exemplo: <\/span><\/p>\n<ul class=\"ul1\">\n<li class=\"li5\"><b><\/b><em><span class=\"s1\">Precisam-se de novos professores para a escola.<\/span><\/em><\/li>\n<\/ul>\n<p><b><\/b><span class=\"s1\">Nesse caso, &#8220;novos professores&#8221; est\u00e1 no plural, ent\u00e3o precisamos usar \u201cprecisam-se\u201d. <\/span><\/p>\n<p class=\"p10\"><span class=\"s1\">Ficou com alguma d\u00favida? Veja outros exemplos:<\/span><\/p>\n<ul class=\"ul1\">\n<li class=\"li5\"><em><span class=\"s1\">Precisam-se de novos profissionais para o projeto.<\/span><\/em><\/li>\n<li class=\"li5\"><em><span class=\"s1\">Precisam-se de mais volunt\u00e1rios para o evento.<\/span><\/em><\/li>\n<\/ul>\n<p class=\"p3\"><span class=\"s1\">Nesses exemplos, os sujeitos est\u00e3o no plural e, dessa maneira, devemos usar o verbo tamb\u00e9m no plural.<\/span><\/p>\n<h2 class=\"p7\"><span class=\"s1\">Erro comum<\/span><\/h2>\n<p class=\"p7\"><span class=\"s1\">A seguir, veja um dos erros mais frequentes envolvendo o uso de \u201cprecisa-se\u201d e \u201cprecisam-se\u201d.<\/span><\/p>\n<p class=\"p7\"><strong><span class=\"s1\">Erro 1:<\/span><\/strong><\/p>\n<ul class=\"ul1\">\n<li class=\"li5\"><b><\/b><span class=\"s1\">Incorreto: <em>Precisam-se de um profissional para o cargo da empresa.<\/em><\/span><\/li>\n<li class=\"li5\"><b><\/b><span class=\"s1\">Correto: <em>Precisa-se de um profissional para o cargo da empresa.<\/em><\/span><\/li>\n<\/ul>\n<p class=\"p3\"><span class=\"s1\">No exemplo que trouxemos, o sujeito da frase est\u00e1 no singular (&#8220;um profissional&#8221;). Dessa forma, o correto \u00e9 usar &#8220;precisa-se&#8221;, com o verbo no singular.<\/span><\/p>\n<p class=\"p3\"><strong><span class=\"s1\">Erro 2:<\/span><\/strong><\/p>\n<ul class=\"ul1\">\n<li class=\"li5\"><b><\/b><span class=\"s1\">Incorreto: <em>Precisa-se de novos funcion\u00e1rios para a nova empresa.<\/em><\/span><\/li>\n<li class=\"li5\"><b><\/b><span class=\"s1\">Correto: Precisam<em>-se novos funcion\u00e1rios para a nova empresa.<\/em><\/span><\/li>\n<\/ul>\n<p class=\"p3\"><span class=\"s1\">Nesse exemplo, &#8220;novos funcion\u00e1rios&#8221; est\u00e1 no plural. Assim, n\u00f3s devemos usar a express\u00e3o &#8220;precisam-se&#8221; para concordar com o verbo com o sujeito.<\/span><\/p>\n","protected":false},"excerpt":{"rendered":"<p>Uma d\u00favida muito comum entre os brasileiros \u00e9: devo usar a express\u00e3o \u201cprecisa-se\u201d ou \u201cprecisam-se\u201d? Qual das duas est\u00e1 correta? Entender a diferen\u00e7a entre \u201cprecisa-se\u201d e \u201cprecisam-se&#8221; \u00e9 fundamental para evitar erros em quest\u00f5es de portugu\u00eas das principais provas do pa\u00eds, como os vestibulares e o ENEM (Exame Nacional do Ensino M\u00e9dio). Al\u00e9m disso, usar [&hellip;]<\/p>\n","protected":false},"author":33,"featured_media":67329,"comment_status":"open","ping_status":"closed","sticky":false,"template":"","format":"standard","meta":{"jnews-multi-image_gallery":[],"jnews_single_post":[],"jnews_primary_category":[],"jnews_social_meta":[],"jnews_override_counter":[],"footnotes":""},"categories":[27,12044],"tags":[20462,20465,20463,15045,20464,14799,225,19119],"class_list":["post-67328","post","type-post","status-publish","format-standard","has-post-thumbnail","hentry","category-dicas","category-portugues","tag-precisa-se-ou-precisam-se","tag-como-usar-precisa-se-ou-precisam-se","tag-dicas-precisa-se-ou-precisam-se","tag-dicas-portugues","tag-duvidas-precisa-se-ou-precisam-se","tag-duvidas-portugues","tag-portugues","tag-resumo-portugues"],"yoast_head":"<!-- This site is optimized with the Yoast SEO Premium plugin v27.4 (Yoast SEO v27.4) - https:\/\/yoast.com\/product\/yoast-seo-premium-wordpress\/ -->\n<title>Tire sua d\u00favida: o correto \u00e9 \u201cprecisa-se\u201d ou \u201cprecisam-se\u201d? - Blog Pensar Cursos<\/title>\n<meta name=\"description\" content=\"Uma d\u00favida muito comum entre os brasileiros \u00e9: devo usar a express\u00e3o \u201cprecisa-se\u201d ou \u201cprecisam-se\u201d? Qual das duas est\u00e1 correta? Entender a diferen\u00e7a entre\" \/>\n<meta name=\"robots\" content=\"index, follow, max-snippet:-1, max-image-preview:large, max-video-preview:-1\" \/>\n<link rel=\"canonical\" href=\"https:\/\/www.pensarcursos.com.br\/blog\/tire-sua-duvida-o-correto-e-precisa-se-ou-precisam-se\/\" \/>\n<meta property=\"og:locale\" content=\"pt_BR\" \/>\n<meta property=\"og:type\" content=\"article\" \/>\n<meta property=\"og:title\" content=\"Tire sua d\u00favida: o correto \u00e9 \u201cprecisa-se\u201d ou \u201cprecisam-se\u201d?\" \/>\n<meta property=\"og:description\" content=\"Uma d\u00favida muito comum entre os brasileiros \u00e9: devo usar a express\u00e3o \u201cprecisa-se\u201d ou \u201cprecisam-se\u201d? Qual das duas est\u00e1 correta? Entender a diferen\u00e7a entre\" \/>\n<meta property=\"og:url\" content=\"https:\/\/www.pensarcursos.com.br\/blog\/tire-sua-duvida-o-correto-e-precisa-se-ou-precisam-se\/\" \/>\n<meta property=\"og:site_name\" content=\"Blog Pensar Cursos\" \/>\n<meta property=\"article:publisher\" content=\"https:\/\/www.facebook.com\/pensarcursos\/\" \/>\n<meta property=\"article:published_time\" content=\"2024-09-14T14:02:21+00:00\" \/>\n<meta property=\"og:image\" content=\"https:\/\/www.pensarcursos.com.br\/blog\/wp-content\/uploads\/2024\/09\/expressa\u0303o-precisa-se-ou-precisam-se-scaled.jpg\" \/>\n\t<meta property=\"og:image:width\" content=\"2560\" \/>\n\t<meta property=\"og:image:height\" content=\"1707\" \/>\n\t<meta property=\"og:image:type\" content=\"image\/jpeg\" \/>\n<meta name=\"author\" content=\"Giovanna Mauro\" \/>\n<meta name=\"twitter:card\" content=\"summary_large_image\" \/>\n<meta name=\"twitter:label1\" content=\"Escrito por\" \/>\n\t<meta name=\"twitter:data1\" content=\"Giovanna Mauro\" \/>\n\t<meta name=\"twitter:label2\" content=\"Est. tempo de leitura\" \/>\n\t<meta name=\"twitter:data2\" content=\"3 minutos\" \/>\n<!-- \/ Yoast SEO Premium plugin. -->","yoast_head_json":{"title":"Tire sua d\u00favida: o correto \u00e9 \u201cprecisa-se\u201d ou \u201cprecisam-se\u201d? - Blog Pensar Cursos","description":"Uma d\u00favida muito comum entre os brasileiros \u00e9: devo usar a express\u00e3o \u201cprecisa-se\u201d ou \u201cprecisam-se\u201d? Qual das duas est\u00e1 correta? Entender a diferen\u00e7a entre","robots":{"index":"index","follow":"follow","max-snippet":"max-snippet:-1","max-image-preview":"max-image-preview:large","max-video-preview":"max-video-preview:-1"},"canonical":"https:\/\/www.pensarcursos.com.br\/blog\/tire-sua-duvida-o-correto-e-precisa-se-ou-precisam-se\/","og_locale":"pt_BR","og_type":"article","og_title":"Tire sua d\u00favida: o correto \u00e9 \u201cprecisa-se\u201d ou \u201cprecisam-se\u201d?","og_description":"Uma d\u00favida muito comum entre os brasileiros \u00e9: devo usar a express\u00e3o \u201cprecisa-se\u201d ou \u201cprecisam-se\u201d? Qual das duas est\u00e1 correta? Entender a diferen\u00e7a entre","og_url":"https:\/\/www.pensarcursos.com.br\/blog\/tire-sua-duvida-o-correto-e-precisa-se-ou-precisam-se\/","og_site_name":"Blog Pensar Cursos","article_publisher":"https:\/\/www.facebook.com\/pensarcursos\/","article_published_time":"2024-09-14T14:02:21+00:00","og_image":[{"width":2560,"height":1707,"url":"https:\/\/www.pensarcursos.com.br\/blog\/wp-content\/uploads\/2024\/09\/expressa\u0303o-precisa-se-ou-precisam-se-scaled.jpg","type":"image\/jpeg"}],"author":"Giovanna Mauro","twitter_card":"summary_large_image","twitter_misc":{"Escrito por":"Giovanna Mauro","Est. tempo de leitura":"3 minutos"},"schema":{"@context":"https:\/\/schema.org","@graph":[{"@type":["Article","BlogPosting"],"@id":"https:\/\/www.pensarcursos.com.br\/blog\/tire-sua-duvida-o-correto-e-precisa-se-ou-precisam-se\/#article","isPartOf":{"@id":"https:\/\/www.pensarcursos.com.br\/blog\/tire-sua-duvida-o-correto-e-precisa-se-ou-precisam-se\/"},"author":{"name":"Giovanna Mauro","@id":"https:\/\/www.pensarcursos.com.br\/blog\/#\/schema\/person\/43d2d9ea9415e09619148b19d2609943"},"headline":"Tire sua d\u00favida: o correto \u00e9 \u201cprecisa-se\u201d ou \u201cprecisam-se\u201d?","datePublished":"2024-09-14T14:02:21+00:00","mainEntityOfPage":{"@id":"https:\/\/www.pensarcursos.com.br\/blog\/tire-sua-duvida-o-correto-e-precisa-se-ou-precisam-se\/"},"wordCount":653,"commentCount":0,"publisher":{"@id":"https:\/\/www.pensarcursos.com.br\/blog\/#organization"},"image":{"@id":"https:\/\/www.pensarcursos.com.br\/blog\/tire-sua-duvida-o-correto-e-precisa-se-ou-precisam-se\/#primaryimage"},"thumbnailUrl":"https:\/\/www.pensarcursos.com.br\/blog\/wp-content\/uploads\/2024\/09\/expressa\u0303o-precisa-se-ou-precisam-se-scaled.jpg","keywords":["\u201cprecisa-se\u201d ou \u201cprecisam-se\u201d","como usar \u201cprecisa-se\u201d ou \u201cprecisam-se\u201d","dicas \u201cprecisa-se\u201d ou \u201cprecisam-se\u201d","dicas portugu\u00eas","d\u00favidas \u201cprecisa-se\u201d ou \u201cprecisam-se\u201d","d\u00favidas portugu\u00eas","Portugu\u00eas","resumo portugu\u00eas"],"articleSection":["Dicas","Portugu\u00eas"],"inLanguage":"pt-BR","potentialAction":[{"@type":"CommentAction","name":"Comment","target":["https:\/\/www.pensarcursos.com.br\/blog\/tire-sua-duvida-o-correto-e-precisa-se-ou-precisam-se\/#respond"]}],"copyrightYear":"2024","copyrightHolder":{"@id":"https:\/\/www.pensarcursos.com.br\/blog\/#organization"}},{"@type":"WebPage","@id":"https:\/\/www.pensarcursos.com.br\/blog\/tire-sua-duvida-o-correto-e-precisa-se-ou-precisam-se\/","url":"https:\/\/www.pensarcursos.com.br\/blog\/tire-sua-duvida-o-correto-e-precisa-se-ou-precisam-se\/","name":"Tire sua d\u00favida: o correto \u00e9 \u201cprecisa-se\u201d ou \u201cprecisam-se\u201d? - Blog Pensar Cursos","isPartOf":{"@id":"https:\/\/www.pensarcursos.com.br\/blog\/#website"},"primaryImageOfPage":{"@id":"https:\/\/www.pensarcursos.com.br\/blog\/tire-sua-duvida-o-correto-e-precisa-se-ou-precisam-se\/#primaryimage"},"image":{"@id":"https:\/\/www.pensarcursos.com.br\/blog\/tire-sua-duvida-o-correto-e-precisa-se-ou-precisam-se\/#primaryimage"},"thumbnailUrl":"https:\/\/www.pensarcursos.com.br\/blog\/wp-content\/uploads\/2024\/09\/expressa\u0303o-precisa-se-ou-precisam-se-scaled.jpg","datePublished":"2024-09-14T14:02:21+00:00","description":"Uma d\u00favida muito comum entre os brasileiros \u00e9: devo usar a express\u00e3o \u201cprecisa-se\u201d ou \u201cprecisam-se\u201d? Qual das duas est\u00e1 correta? Entender a diferen\u00e7a entre","breadcrumb":{"@id":"https:\/\/www.pensarcursos.com.br\/blog\/tire-sua-duvida-o-correto-e-precisa-se-ou-precisam-se\/#breadcrumb"},"inLanguage":"pt-BR","potentialAction":[{"@type":"ReadAction","target":["https:\/\/www.pensarcursos.com.br\/blog\/tire-sua-duvida-o-correto-e-precisa-se-ou-precisam-se\/"]}]},{"@type":"ImageObject","inLanguage":"pt-BR","@id":"https:\/\/www.pensarcursos.com.br\/blog\/tire-sua-duvida-o-correto-e-precisa-se-ou-precisam-se\/#primaryimage","url":"https:\/\/www.pensarcursos.com.br\/blog\/wp-content\/uploads\/2024\/09\/expressa\u0303o-precisa-se-ou-precisam-se-scaled.jpg","contentUrl":"https:\/\/www.pensarcursos.com.br\/blog\/wp-content\/uploads\/2024\/09\/expressa\u0303o-precisa-se-ou-precisam-se-scaled.jpg","width":2560,"height":1707,"caption":"Veja como usar \u201cprecisa-se\u201d e \u201cprecisam-se\u201d. Imagem: Mikhail Nilov\/Pexels"},{"@type":"BreadcrumbList","@id":"https:\/\/www.pensarcursos.com.br\/blog\/tire-sua-duvida-o-correto-e-precisa-se-ou-precisam-se\/#breadcrumb","itemListElement":[{"@type":"ListItem","position":1,"name":"Home","item":"https:\/\/www.pensarcursos.com.br\/blog\/"},{"@type":"ListItem","position":2,"name":"Tire sua d\u00favida: o correto \u00e9 \u201cprecisa-se\u201d ou \u201cprecisam-se\u201d?"}]},{"@type":"WebSite","@id":"https:\/\/www.pensarcursos.com.br\/blog\/#website","url":"https:\/\/www.pensarcursos.com.br\/blog\/","name":"Blog Pensar Cursos","description":"Maior Site de Cursos do Brasil","publisher":{"@id":"https:\/\/www.pensarcursos.com.br\/blog\/#organization"},"alternateName":"Blog Pensar","potentialAction":[{"@type":"SearchAction","target":{"@type":"EntryPoint","urlTemplate":"https:\/\/www.pensarcursos.com.br\/blog\/?s={search_term_string}"},"query-input":{"@type":"PropertyValueSpecification","valueRequired":true,"valueName":"search_term_string"}}],"inLanguage":"pt-BR"},{"@type":"Organization","@id":"https:\/\/www.pensarcursos.com.br\/blog\/#organization","name":"Pensar Cursos","alternateName":"Blog pensar","url":"https:\/\/www.pensarcursos.com.br\/blog\/","logo":{"@type":"ImageObject","inLanguage":"pt-BR","@id":"https:\/\/www.pensarcursos.com.br\/blog\/#\/schema\/logo\/image\/","url":"https:\/\/www.pensarcursos.com.br\/blog\/wp-content\/uploads\/2023\/11\/Nova-Logo-Pensar-Cursos-vertical.png","contentUrl":"https:\/\/www.pensarcursos.com.br\/blog\/wp-content\/uploads\/2023\/11\/Nova-Logo-Pensar-Cursos-vertical.png","width":1393,"height":1001,"caption":"Pensar Cursos"},"image":{"@id":"https:\/\/www.pensarcursos.com.br\/blog\/#\/schema\/logo\/image\/"},"sameAs":["https:\/\/www.facebook.com\/pensarcursos\/","https:\/\/instagram.com.br\/pensarcursos"],"description":"Pensar Cursos \u00e9 uma empresa especializada em oferecer cursos de alta qualidade voltados para o desenvolvimento profissional e acad\u00eamico. Com uma ampla gama de op\u00e7\u00f5es de treinamento, oferecemos conte\u00fados atualizados, ministrados por especialistas da \u00e1rea, para capacitar indiv\u00edduos e equipes a atingirem seus objetivos. Nossa miss\u00e3o \u00e9 proporcionar uma educa\u00e7\u00e3o transformadora, acess\u00edvel e personalizada para cada aluno, seja em cursos presenciais ou online. Com uma abordagem inovadora, buscamos adaptar os nossos programas de ensino \u00e0s necessidades do mercado, criando solu\u00e7\u00f5es que atendem aos desafios e exig\u00eancias do mundo corporativo e acad\u00eamico. Nossos cursos incluem desde forma\u00e7\u00f5es t\u00e9cnicas at\u00e9 habilidades essenciais, como lideran\u00e7a, gest\u00e3o e desenvolvimento pessoal.","email":"contato@pensarcursos.com.br","legalName":"Sena Servi\u00e7os de Informa\u00e7\u00e3o Online LTDA","foundingDate":"2013-04-18","vatID":"17956217000172","numberOfEmployees":{"@type":"QuantitativeValue","minValue":"11","maxValue":"50"},"publishingPrinciples":"https:\/\/www.pensarcursos.com.br\/blog\/principios-de-publicacao\/","ownershipFundingInfo":"https:\/\/www.pensarcursos.com.br\/blog\/informacoes-de-propriedade-financiamento\/","actionableFeedbackPolicy":"https:\/\/www.pensarcursos.com.br\/blog\/politica-de-feedback-acionavel\/","correctionsPolicy":"https:\/\/www.pensarcursos.com.br\/blog\/politica-de-correcoes\/","ethicsPolicy":"https:\/\/www.pensarcursos.com.br\/blog\/politica-de-etica\/"},{"@type":"Person","@id":"https:\/\/www.pensarcursos.com.br\/blog\/#\/schema\/person\/43d2d9ea9415e09619148b19d2609943","name":"Giovanna Mauro","image":{"@type":"ImageObject","inLanguage":"pt-BR","@id":"https:\/\/secure.gravatar.com\/avatar\/fed83003f5cb0e8314e796bc637a128b1a0be0bd82da416a4181b3044ef5b515?s=96&d=mm&r=g","url":"https:\/\/secure.gravatar.com\/avatar\/fed83003f5cb0e8314e796bc637a128b1a0be0bd82da416a4181b3044ef5b515?s=96&d=mm&r=g","contentUrl":"https:\/\/secure.gravatar.com\/avatar\/fed83003f5cb0e8314e796bc637a128b1a0be0bd82da416a4181b3044ef5b515?s=96&d=mm&r=g","caption":"Giovanna Mauro"},"description":"Giovanna Mauro \u00e9 apaixonada por Hist\u00f3ria, Literatura e Educa\u00e7\u00e3o. Expandir o conhecimento das disciplinas que comp\u00f5em as Humanidades \u00e9 um de seus principais objetivos.","url":"https:\/\/www.pensarcursos.com.br\/blog\/author\/giovanna\/"}]}},"_links":{"self":[{"href":"https:\/\/www.pensarcursos.com.br\/blog\/wp-json\/wp\/v2\/posts\/67328","targetHints":{"allow":["GET"]}}],"collection":[{"href":"https:\/\/www.pensarcursos.com.br\/blog\/wp-json\/wp\/v2\/posts"}],"about":[{"href":"https:\/\/www.pensarcursos.com.br\/blog\/wp-json\/wp\/v2\/types\/post"}],"author":[{"embeddable":true,"href":"https:\/\/www.pensarcursos.com.br\/blog\/wp-json\/wp\/v2\/users\/33"}],"replies":[{"embeddable":true,"href":"https:\/\/www.pensarcursos.com.br\/blog\/wp-json\/wp\/v2\/comments?post=67328"}],"version-history":[{"count":0,"href":"https:\/\/www.pensarcursos.com.br\/blog\/wp-json\/wp\/v2\/posts\/67328\/revisions"}],"wp:featuredmedia":[{"embeddable":true,"href":"https:\/\/www.pensarcursos.com.br\/blog\/wp-json\/wp\/v2\/media\/67329"}],"wp:attachment":[{"href":"https:\/\/www.pensarcursos.com.br\/blog\/wp-json\/wp\/v2\/media?parent=67328"}],"wp:term":[{"taxonomy":"category","embeddable":true,"href":"https:\/\/www.pensarcursos.com.br\/blog\/wp-json\/wp\/v2\/categories?post=67328"},{"taxonomy":"post_tag","embeddable":true,"href":"https:\/\/www.pensarcursos.com.br\/blog\/wp-json\/wp\/v2\/tags?post=67328"}],"curies":[{"name":"wp","href":"https:\/\/api.w.org\/{rel}","templated":true}]}}