{"id":57670,"date":"2024-07-24T08:02:03","date_gmt":"2024-07-24T11:02:03","guid":{"rendered":"https:\/\/www.pensarcursos.com.br\/blog\/?p=57670"},"modified":"2024-07-23T10:44:49","modified_gmt":"2024-07-23T13:44:49","slug":"quando-usar-virgula","status":"publish","type":"post","link":"https:\/\/www.pensarcursos.com.br\/blog\/quando-usar-virgula\/","title":{"rendered":"Quando usar v\u00edrgula: empregue a pontua\u00e7\u00e3o do jeito certo"},"content":{"rendered":"<div class=\"flex flex-grow flex-col max-w-full\">\n<div class=\"min-h-[20px] text-message flex w-full flex-col items-end gap-2 whitespace-pre-wrap break-words [.text-message+&amp;]:mt-5 overflow-x-auto\" dir=\"auto\" data-message-author-role=\"assistant\" data-message-id=\"2444baa1-1ffd-404c-a252-1d47b9c4b0ca\">\n<div class=\"flex w-full flex-col gap-1 empty:hidden first:pt-[3px]\">\n<div class=\"markdown prose w-full break-words dark:prose-invert light\">\n<p>Voc\u00ea j\u00e1 se sentiu inseguro sobre como empregar a v\u00edrgula na sua <a href=\"https:\/\/www.pensarcursos.com.br\/blog\/redacao-do-enem-otima-conclusao\/\" target=\"_blank\" rel=\"noopener\">reda\u00e7\u00e3o<\/a>? Esse sinal gr\u00e1fico muitas vezes causa d\u00favidas, mas seu uso \u00e9 mais simples do que parece. Seguindo algumas regras b\u00e1sicas, \u00e9 poss\u00edvel determinar quando a v\u00edrgula \u00e9 indispens\u00e1vel, opcional ou inadequada. A seguir, detalhamos os momentos corretos para usar a v\u00edrgula, ajudando voc\u00ea a evitar erros e aprimorar sua escrita.<\/p>\n<\/div>\n<\/div>\n<\/div>\n<\/div>\n<p><strong>Leia tamb\u00e9m: <a href=\"https:\/\/www.pensarcursos.com.br\/blog\/por-hora-ou-por-ora\/\" target=\"_blank\" rel=\"noopener\">Por hora ou por ora? Entenda os usos e receba dicas de portugu\u00eas<\/a><\/strong><\/p>\n<h2><strong>Quando usar v\u00edrgula?<\/strong><\/h2>\n<p>Para saber quando utilizar a v\u00edrgula corretamente, \u00e9 fundamental entender sua fun\u00e7\u00e3o. A v\u00edrgula serve principalmente para indicar pausas em uma frase, ajudando a organizar termos deslocados. A pontua\u00e7\u00e3o, em geral, \u00e9 crucial para representar a entona\u00e7\u00e3o de maneira escrita e contribuir para a constru\u00e7\u00e3o do significado pretendido.<\/p>\n<p>Assim, a v\u00edrgula se torna um elemento essencial para que os leitores compreendam plenamente o sentido de um texto. Uma v\u00edrgula mal posicionada pode alterar significativamente a mensagem que se deseja transmitir.<\/p>\n<h4><strong>Ela n\u00e3o \u00e9 bem-vinda quando&#8230;<\/strong><\/h4>\n<p>Na l\u00edngua portuguesa, a estrutura padr\u00e3o de uma frase segue a ordem: sujeito, verbo e complementos. Por exemplo:<\/p>\n<p>Mariana comprou duas bananas.<br \/>\nAqui, &#8220;Mariana&#8221; \u00e9 o sujeito, &#8220;comprou&#8221; \u00e9 o verbo e &#8220;duas bananas&#8221; \u00e9 o complemento.<\/p>\n<p>Quando essa sequ\u00eancia \u00e9 mantida, ou seja, sem nenhum elemento deslocado, n\u00e3o usamos v\u00edrgula.<\/p>\n<p>Portanto, n\u00e3o se coloca v\u00edrgula entre o sujeito e o predicado, nem entre o predicado e os complementos.<\/p>\n<p>Em frases curtas, como a do exemplo, \u00e9 mais f\u00e1cil identificar esses elementos sint\u00e1ticos: sujeito, predicado e complementos. Em frases mais longas, pode ser necess\u00e1rio um pouco mais de aten\u00e7\u00e3o.<\/p>\n<p>Veja outros exemplos em que n\u00e3o usamos v\u00edrgula:<\/p>\n<ul>\n<li>Eu e Pedro fomos at\u00e9 a praia;<\/li>\n<li>Ela era uma mo\u00e7a muito bonita quando jovem;<\/li>\n<li>Tony gostava de correr no parque com o cachorro.<\/li>\n<\/ul>\n<h4><strong>Ela \u00e9 bem-vinda quando&#8230;<\/strong><\/h4>\n<ul>\n<li><strong>Adjuntos adverbiais<\/strong><\/li>\n<\/ul>\n<p>O adjunto adverbial \u00e9 um termo acess\u00f3rio da ora\u00e7\u00e3o que geralmente indica alguma circunst\u00e2ncia do fato expresso pelo verbo, ou intensifica o sentido dele, de um adjetivo ou de um adv\u00e9rbio. Por exemplo:<\/p>\n<p>&#8220;A encomenda chegar\u00e1 amanh\u00e3.&#8221; Aqui, &#8220;amanh\u00e3&#8221; \u00e9 um adjunto adverbial de tempo.<\/p>\n<p>A posi\u00e7\u00e3o padr\u00e3o do adjunto adverbial \u00e9 ao final da <a href=\"https:\/\/www.pensarcursos.com.br\/blog\/frases-para-evitar-no-curriculo\/\" target=\"_blank\" rel=\"noopener\">frase<\/a>, e nesses casos, o uso da v\u00edrgula \u00e9 opcional.<\/p>\n<p><strong>Exemplos:<\/strong><\/p>\n<p>J\u00falia vendeu seu casaco ontem.<\/p>\n<p>J\u00falia vendeu seu casaco, ontem.<\/p>\n<p>Contudo, se houver mais de um adjunto adverbial na ora\u00e7\u00e3o, \u00e9 obrigat\u00f3rio utilizar a v\u00edrgula para fazer pelo menos uma quebra. Veja:<\/p>\n<p>J\u00falia vendeu seu casaco <strong>ontem, antes do almo\u00e7o<\/strong>.<\/p>\n<p>J\u00falia vendeu seu casaco, <strong>ontem, antes do almo\u00e7o<\/strong>.<\/p>\n<p>J\u00falia vendeu seu casaco, <strong>ontem antes do almo\u00e7o<\/strong>.<\/p>\n<figure id=\"attachment_41399\" aria-describedby=\"caption-attachment-41399\" style=\"width: 2560px\" class=\"wp-caption aligncenter\"><img decoding=\"async\" class=\"size-full wp-image-41399\" title=\"Quando usar v\u00edrgula: empregue a pontua\u00e7\u00e3o do jeito certo (Foto: Unsplash).\" src=\"https:\/\/www.pensarcursos.com.br\/blog\/wp-content\/uploads\/2024\/04\/towfiqu-barbhuiya-oZuBNC-6E2s-unsplash-scaled.jpg\" alt=\"Quando usar v\u00edrgula: empregue a pontua\u00e7\u00e3o do jeito certo (Foto: Unsplash).\" width=\"2560\" height=\"1708\" srcset=\"https:\/\/www.pensarcursos.com.br\/blog\/wp-content\/uploads\/2024\/04\/towfiqu-barbhuiya-oZuBNC-6E2s-unsplash-scaled.jpg 2560w, https:\/\/www.pensarcursos.com.br\/blog\/wp-content\/uploads\/2024\/04\/towfiqu-barbhuiya-oZuBNC-6E2s-unsplash-300x200.jpg 300w, https:\/\/www.pensarcursos.com.br\/blog\/wp-content\/uploads\/2024\/04\/towfiqu-barbhuiya-oZuBNC-6E2s-unsplash-1024x683.jpg 1024w, https:\/\/www.pensarcursos.com.br\/blog\/wp-content\/uploads\/2024\/04\/towfiqu-barbhuiya-oZuBNC-6E2s-unsplash-768x512.jpg 768w, https:\/\/www.pensarcursos.com.br\/blog\/wp-content\/uploads\/2024\/04\/towfiqu-barbhuiya-oZuBNC-6E2s-unsplash-1536x1025.jpg 1536w, https:\/\/www.pensarcursos.com.br\/blog\/wp-content\/uploads\/2024\/04\/towfiqu-barbhuiya-oZuBNC-6E2s-unsplash-2048x1367.jpg 2048w\" sizes=\"(max-width: 2560px) 100vw, 2560px\" \/><figcaption id=\"caption-attachment-41399\" class=\"wp-caption-text\">Quando usar v\u00edrgula: empregue a pontua\u00e7\u00e3o do jeito certo (Foto: Unsplash).<\/figcaption><\/figure>\n<ul>\n<li><strong>Conjun\u00e7\u00f5es<\/strong><\/li>\n<\/ul>\n<p>As conjun\u00e7\u00f5es s\u00e3o palavras invari\u00e1veis que t\u00eam a fun\u00e7\u00e3o de ligar ora\u00e7\u00f5es ou termos que possuem a mesma fun\u00e7\u00e3o sint\u00e1tica.<\/p>\n<p>Elas estabelecem uma rela\u00e7\u00e3o de depend\u00eancia ou coordena\u00e7\u00e3o simples entre essas ora\u00e7\u00f5es ou termos.<\/p>\n<p>H\u00e1 v\u00e1rios tipos de conjun\u00e7\u00f5es, mas, para discutir o uso de v\u00edrgulas, focaremos apenas nas adversativas e conclusivas, que exigem essa pontua\u00e7\u00e3o.<\/p>\n<p>Mas, todavia, por\u00e9m, entretanto s\u00e3o exemplos de conjun\u00e7\u00f5es adversativas.<\/p>\n<p>Quando essas conjun\u00e7\u00f5es aparecem em uma ora\u00e7\u00e3o, devem sempre ser precedidas por uma v\u00edrgula.<\/p>\n<p>Veja os exemplos:<\/p>\n<p>Eu fui \u00e0 festa, <strong>mas<\/strong> n\u00e3o o encontrei;<\/p>\n<p>N\u00f3s n\u00e3o desistimos de viajar na pr\u00f3xima semana, <strong>por\u00e9m<\/strong> eu queria muito ir.<\/p>\n<p>&#8220;Logo&#8221;, &#8220;por isso&#8221; e &#8220;ent\u00e3o&#8221; s\u00e3o exemplos de conjun\u00e7\u00f5es conclusivas, e elas tamb\u00e9m devem ser precedidas por uma v\u00edrgula na frase.<\/p>\n<ul>\n<li><strong>Elementos de mesma fun\u00e7\u00e3o sint\u00e1tica<\/strong><\/li>\n<\/ul>\n<p>Quando uma frase cont\u00e9m m\u00faltiplos elementos desempenhando a mesma fun\u00e7\u00e3o sint\u00e1tica, \u00e9 necess\u00e1rio usar v\u00edrgulas para separ\u00e1-los.<\/p>\n<p><strong>Exemplos:<\/strong><\/p>\n<p><strong>Ana, Luiza e Maria<\/strong> foram \u00e0 festa de ano novo.<\/p>\n<p>&#8220;Ana, Luiza e Maria&#8221; s\u00e3o os sujeitos da frase e, por isso, devem ser separados por v\u00edrgulas.<\/p>\n<p>Fui ao mercado e comprei <strong>ovo, leite, frutas e atum<\/strong>.<\/p>\n<p>&#8220;Ovo, leite, frutas e atum&#8221; s\u00e3o objetos diretos na frase e, portanto, devem ser separados por v\u00edrgulas.<\/p>\n<ul>\n<li><strong>Express\u00f5es explicativas e ora\u00e7\u00f5es deslocadas<\/strong><\/li>\n<\/ul>\n<p>Ao formular uma frase, \u00e9 comum querer inserir informa\u00e7\u00f5es, pensamentos ou explica\u00e7\u00f5es adicionais.<\/p>\n<p>Esses fragmentos se destacam da ora\u00e7\u00e3o principal e devem sempre ser separados por v\u00edrgulas.<\/p>\n<p><strong>Exemplos:<\/strong><\/p>\n<p>Todos, <strong>penso eu<\/strong>, deveriam dedicar-se da mesma forma para conseguirmos arrecadar o dinheiro.<\/p>\n<p>Maria, <strong>por exemplo<\/strong>, \u00e9 uma \u00f3tima aluna e n\u00e3o deixa de ter momentos de lazer.<\/p>\n<p>Os alunos n\u00e3o se prepararam adequadamente,<strong> isto \u00e9<\/strong>, n\u00e3o estudaram o necess\u00e1rio.<\/p>\n<ul>\n<li><strong>Ora\u00e7\u00f5es adjetivas explicativas<\/strong><\/li>\n<\/ul>\n<p>Ora\u00e7\u00f5es adjetivas explicativas adicionam informa\u00e7\u00f5es sobre o termo antecedente, fornecendo mais detalhes.<\/p>\n<p>Essas informa\u00e7\u00f5es s\u00e3o acess\u00f3rias, mas importantes para a constru\u00e7\u00e3o de sentido da frase.<\/p>\n<p>Essas ora\u00e7\u00f5es devem ser separadas por <a href=\"https:\/\/www.pensarcursos.com.br\/blog\/duvidas-de-portugues-antes-dessas-14-palavras-o-uso-da-virgula-e-obrigatorio\/\" target=\"_blank\" rel=\"noopener\">v\u00edrgulas<\/a> para evitar ambiguidades. Sem essa separa\u00e7\u00e3o, a ora\u00e7\u00e3o pode ser interpretada como restritiva.<\/p>\n<p><strong>Exemplo:<\/strong><\/p>\n<p>As mulheres, <strong>que s\u00e3o vaidosas<\/strong>, costumam exagerar nos gastos pessoais.<\/p>\n<p>As mulheres <strong>que s\u00e3o vaidosas<\/strong> costumam exagerar nos gastos pessoais.<\/p>\n","protected":false},"excerpt":{"rendered":"<p>Aprenda quando usar a v\u00edrgula corretamente em suas frases. Descubra como separar elementos com a mesma fun\u00e7\u00e3o sint\u00e1tica, inserir express\u00f5es explicativas e destacar ora\u00e7\u00f5es adjetivas explicativas para garantir clareza e precis\u00e3o na escrita.<\/p>\n","protected":false},"author":35,"featured_media":41399,"comment_status":"open","ping_status":"closed","sticky":false,"template":"","format":"standard","meta":{"jnews-multi-image_gallery":[],"jnews_single_post":[],"jnews_primary_category":[],"jnews_social_meta":[],"jnews_override_counter":[],"footnotes":""},"categories":[27,12044],"tags":[18439,609,10397,12373,1397],"class_list":["post-57670","post","type-post","status-publish","format-standard","has-post-thumbnail","hentry","category-dicas","category-portugues","tag-duvidas-do-portugues","tag-lingua-portuguesa","tag-ortografia","tag-pontuacao","tag-virgula"],"yoast_head":"<!-- This site is optimized with the Yoast SEO Premium plugin v27.5 (Yoast SEO v27.5) - https:\/\/yoast.com\/product\/yoast-seo-premium-wordpress\/ -->\n<title>Quando usar v\u00edrgula: empregue a pontua\u00e7\u00e3o do jeito certo - Blog Pensar Cursos<\/title>\n<meta name=\"description\" content=\"Aprenda quando usar a v\u00edrgula corretamente em suas frases. Descubra como separar elementos com a mesma fun\u00e7\u00e3o sint\u00e1tica, inserir express\u00f5es explicativas e destacar ora\u00e7\u00f5es adjetivas explicativas para garantir clareza e precis\u00e3o na escrita.\" \/>\n<meta name=\"robots\" content=\"index, follow, max-snippet:-1, max-image-preview:large, max-video-preview:-1\" \/>\n<link rel=\"canonical\" href=\"https:\/\/www.pensarcursos.com.br\/blog\/quando-usar-virgula\/\" \/>\n<meta property=\"og:locale\" content=\"pt_BR\" \/>\n<meta property=\"og:type\" content=\"article\" \/>\n<meta property=\"og:title\" content=\"Quando usar v\u00edrgula: empregue a pontua\u00e7\u00e3o do jeito certo\" \/>\n<meta property=\"og:description\" content=\"Aprenda quando usar a v\u00edrgula corretamente em suas frases. Descubra como separar elementos com a mesma fun\u00e7\u00e3o sint\u00e1tica, inserir express\u00f5es explicativas e destacar ora\u00e7\u00f5es adjetivas explicativas para garantir clareza e precis\u00e3o na escrita.\" \/>\n<meta property=\"og:url\" content=\"https:\/\/www.pensarcursos.com.br\/blog\/quando-usar-virgula\/\" \/>\n<meta property=\"og:site_name\" content=\"Blog Pensar Cursos\" \/>\n<meta property=\"article:publisher\" content=\"https:\/\/www.facebook.com\/pensarcursos\/\" \/>\n<meta property=\"article:published_time\" content=\"2024-07-24T11:02:03+00:00\" \/>\n<meta property=\"og:image\" content=\"https:\/\/www.pensarcursos.com.br\/blog\/wp-content\/uploads\/2024\/04\/towfiqu-barbhuiya-oZuBNC-6E2s-unsplash-scaled.jpg\" \/>\n\t<meta property=\"og:image:width\" content=\"2560\" \/>\n\t<meta property=\"og:image:height\" content=\"1708\" \/>\n\t<meta property=\"og:image:type\" content=\"image\/jpeg\" \/>\n<meta name=\"author\" content=\"Mycarla Oliveira\" \/>\n<meta name=\"twitter:card\" content=\"summary_large_image\" \/>\n<meta name=\"twitter:label1\" content=\"Escrito por\" \/>\n\t<meta name=\"twitter:data1\" content=\"Mycarla Oliveira\" \/>\n\t<meta name=\"twitter:label2\" content=\"Est. tempo de leitura\" \/>\n\t<meta name=\"twitter:data2\" content=\"4 minutos\" \/>\n<!-- \/ Yoast SEO Premium plugin. -->","yoast_head_json":{"title":"Quando usar v\u00edrgula: empregue a pontua\u00e7\u00e3o do jeito certo - Blog Pensar Cursos","description":"Aprenda quando usar a v\u00edrgula corretamente em suas frases. Descubra como separar elementos com a mesma fun\u00e7\u00e3o sint\u00e1tica, inserir express\u00f5es explicativas e destacar ora\u00e7\u00f5es adjetivas explicativas para garantir clareza e precis\u00e3o na escrita.","robots":{"index":"index","follow":"follow","max-snippet":"max-snippet:-1","max-image-preview":"max-image-preview:large","max-video-preview":"max-video-preview:-1"},"canonical":"https:\/\/www.pensarcursos.com.br\/blog\/quando-usar-virgula\/","og_locale":"pt_BR","og_type":"article","og_title":"Quando usar v\u00edrgula: empregue a pontua\u00e7\u00e3o do jeito certo","og_description":"Aprenda quando usar a v\u00edrgula corretamente em suas frases. Descubra como separar elementos com a mesma fun\u00e7\u00e3o sint\u00e1tica, inserir express\u00f5es explicativas e destacar ora\u00e7\u00f5es adjetivas explicativas para garantir clareza e precis\u00e3o na escrita.","og_url":"https:\/\/www.pensarcursos.com.br\/blog\/quando-usar-virgula\/","og_site_name":"Blog Pensar Cursos","article_publisher":"https:\/\/www.facebook.com\/pensarcursos\/","article_published_time":"2024-07-24T11:02:03+00:00","og_image":[{"width":2560,"height":1708,"url":"https:\/\/www.pensarcursos.com.br\/blog\/wp-content\/uploads\/2024\/04\/towfiqu-barbhuiya-oZuBNC-6E2s-unsplash-scaled.jpg","type":"image\/jpeg"}],"author":"Mycarla Oliveira","twitter_card":"summary_large_image","twitter_misc":{"Escrito por":"Mycarla Oliveira","Est. tempo de leitura":"4 minutos"},"schema":{"@context":"https:\/\/schema.org","@graph":[{"@type":["Article","BlogPosting"],"@id":"https:\/\/www.pensarcursos.com.br\/blog\/quando-usar-virgula\/#article","isPartOf":{"@id":"https:\/\/www.pensarcursos.com.br\/blog\/quando-usar-virgula\/"},"author":{"name":"Mycarla Oliveira","@id":"https:\/\/www.pensarcursos.com.br\/blog\/#\/schema\/person\/08c090c2735ba16d5c02ecf702d5b9f0"},"headline":"Quando usar v\u00edrgula: empregue a pontua\u00e7\u00e3o do jeito certo","datePublished":"2024-07-24T11:02:03+00:00","mainEntityOfPage":{"@id":"https:\/\/www.pensarcursos.com.br\/blog\/quando-usar-virgula\/"},"wordCount":899,"commentCount":0,"publisher":{"@id":"https:\/\/www.pensarcursos.com.br\/blog\/#organization"},"image":{"@id":"https:\/\/www.pensarcursos.com.br\/blog\/quando-usar-virgula\/#primaryimage"},"thumbnailUrl":"https:\/\/www.pensarcursos.com.br\/blog\/wp-content\/uploads\/2024\/04\/towfiqu-barbhuiya-oZuBNC-6E2s-unsplash-scaled.jpg","keywords":["D\u00favidas do Portugu\u00eas","L\u00edngua Portuguesa","ortografia","Pontua\u00e7\u00e3o","V\u00edrgula"],"articleSection":["Dicas","Portugu\u00eas"],"inLanguage":"pt-BR","potentialAction":[{"@type":"CommentAction","name":"Comment","target":["https:\/\/www.pensarcursos.com.br\/blog\/quando-usar-virgula\/#respond"]}],"copyrightYear":"2024","copyrightHolder":{"@id":"https:\/\/www.pensarcursos.com.br\/blog\/#organization"}},{"@type":"WebPage","@id":"https:\/\/www.pensarcursos.com.br\/blog\/quando-usar-virgula\/","url":"https:\/\/www.pensarcursos.com.br\/blog\/quando-usar-virgula\/","name":"Quando usar v\u00edrgula: empregue a pontua\u00e7\u00e3o do jeito certo - Blog Pensar Cursos","isPartOf":{"@id":"https:\/\/www.pensarcursos.com.br\/blog\/#website"},"primaryImageOfPage":{"@id":"https:\/\/www.pensarcursos.com.br\/blog\/quando-usar-virgula\/#primaryimage"},"image":{"@id":"https:\/\/www.pensarcursos.com.br\/blog\/quando-usar-virgula\/#primaryimage"},"thumbnailUrl":"https:\/\/www.pensarcursos.com.br\/blog\/wp-content\/uploads\/2024\/04\/towfiqu-barbhuiya-oZuBNC-6E2s-unsplash-scaled.jpg","datePublished":"2024-07-24T11:02:03+00:00","description":"Aprenda quando usar a v\u00edrgula corretamente em suas frases. Descubra como separar elementos com a mesma fun\u00e7\u00e3o sint\u00e1tica, inserir express\u00f5es explicativas e destacar ora\u00e7\u00f5es adjetivas explicativas para garantir clareza e precis\u00e3o na escrita.","breadcrumb":{"@id":"https:\/\/www.pensarcursos.com.br\/blog\/quando-usar-virgula\/#breadcrumb"},"inLanguage":"pt-BR","potentialAction":[{"@type":"ReadAction","target":["https:\/\/www.pensarcursos.com.br\/blog\/quando-usar-virgula\/"]}]},{"@type":"ImageObject","inLanguage":"pt-BR","@id":"https:\/\/www.pensarcursos.com.br\/blog\/quando-usar-virgula\/#primaryimage","url":"https:\/\/www.pensarcursos.com.br\/blog\/wp-content\/uploads\/2024\/04\/towfiqu-barbhuiya-oZuBNC-6E2s-unsplash-scaled.jpg","contentUrl":"https:\/\/www.pensarcursos.com.br\/blog\/wp-content\/uploads\/2024\/04\/towfiqu-barbhuiya-oZuBNC-6E2s-unsplash-scaled.jpg","width":2560,"height":1708,"caption":"Cuidado com eles: conhe\u00e7a os que s\u00e3o falsos sin\u00f4nimos e como n\u00e3o confundi-los. Imagem: Unsplash"},{"@type":"BreadcrumbList","@id":"https:\/\/www.pensarcursos.com.br\/blog\/quando-usar-virgula\/#breadcrumb","itemListElement":[{"@type":"ListItem","position":1,"name":"Home","item":"https:\/\/www.pensarcursos.com.br\/blog\/"},{"@type":"ListItem","position":2,"name":"Quando usar v\u00edrgula: empregue a pontua\u00e7\u00e3o do jeito certo"}]},{"@type":"WebSite","@id":"https:\/\/www.pensarcursos.com.br\/blog\/#website","url":"https:\/\/www.pensarcursos.com.br\/blog\/","name":"Blog Pensar Cursos","description":"Maior Site de Cursos do Brasil","publisher":{"@id":"https:\/\/www.pensarcursos.com.br\/blog\/#organization"},"alternateName":"Blog Pensar","potentialAction":[{"@type":"SearchAction","target":{"@type":"EntryPoint","urlTemplate":"https:\/\/www.pensarcursos.com.br\/blog\/?s={search_term_string}"},"query-input":{"@type":"PropertyValueSpecification","valueRequired":true,"valueName":"search_term_string"}}],"inLanguage":"pt-BR"},{"@type":"Organization","@id":"https:\/\/www.pensarcursos.com.br\/blog\/#organization","name":"Pensar Cursos","alternateName":"Blog pensar","url":"https:\/\/www.pensarcursos.com.br\/blog\/","logo":{"@type":"ImageObject","inLanguage":"pt-BR","@id":"https:\/\/www.pensarcursos.com.br\/blog\/#\/schema\/logo\/image\/","url":"https:\/\/www.pensarcursos.com.br\/blog\/wp-content\/uploads\/2023\/11\/Nova-Logo-Pensar-Cursos-vertical.png","contentUrl":"https:\/\/www.pensarcursos.com.br\/blog\/wp-content\/uploads\/2023\/11\/Nova-Logo-Pensar-Cursos-vertical.png","width":1393,"height":1001,"caption":"Pensar Cursos"},"image":{"@id":"https:\/\/www.pensarcursos.com.br\/blog\/#\/schema\/logo\/image\/"},"sameAs":["https:\/\/www.facebook.com\/pensarcursos\/","https:\/\/instagram.com.br\/pensarcursos"],"description":"Pensar Cursos \u00e9 uma empresa especializada em oferecer cursos de alta qualidade voltados para o desenvolvimento profissional e acad\u00eamico. Com uma ampla gama de op\u00e7\u00f5es de treinamento, oferecemos conte\u00fados atualizados, ministrados por especialistas da \u00e1rea, para capacitar indiv\u00edduos e equipes a atingirem seus objetivos. Nossa miss\u00e3o \u00e9 proporcionar uma educa\u00e7\u00e3o transformadora, acess\u00edvel e personalizada para cada aluno, seja em cursos presenciais ou online. Com uma abordagem inovadora, buscamos adaptar os nossos programas de ensino \u00e0s necessidades do mercado, criando solu\u00e7\u00f5es que atendem aos desafios e exig\u00eancias do mundo corporativo e acad\u00eamico. Nossos cursos incluem desde forma\u00e7\u00f5es t\u00e9cnicas at\u00e9 habilidades essenciais, como lideran\u00e7a, gest\u00e3o e desenvolvimento pessoal.","email":"contato@pensarcursos.com.br","legalName":"Sena Servi\u00e7os de Informa\u00e7\u00e3o Online LTDA","foundingDate":"2013-04-18","vatID":"17956217000172","numberOfEmployees":{"@type":"QuantitativeValue","minValue":"11","maxValue":"50"},"publishingPrinciples":"https:\/\/www.pensarcursos.com.br\/blog\/principios-de-publicacao\/","ownershipFundingInfo":"https:\/\/www.pensarcursos.com.br\/blog\/informacoes-de-propriedade-financiamento\/","actionableFeedbackPolicy":"https:\/\/www.pensarcursos.com.br\/blog\/politica-de-feedback-acionavel\/","correctionsPolicy":"https:\/\/www.pensarcursos.com.br\/blog\/politica-de-correcoes\/","ethicsPolicy":"https:\/\/www.pensarcursos.com.br\/blog\/politica-de-etica\/"},{"@type":"Person","@id":"https:\/\/www.pensarcursos.com.br\/blog\/#\/schema\/person\/08c090c2735ba16d5c02ecf702d5b9f0","name":"Mycarla Oliveira","image":{"@type":"ImageObject","inLanguage":"pt-BR","@id":"https:\/\/secure.gravatar.com\/avatar\/eeada09a97955c1a68c5280dd5ad49314a30e113f5323286583dfcd4f387cffd?s=96&d=mm&r=g","url":"https:\/\/secure.gravatar.com\/avatar\/eeada09a97955c1a68c5280dd5ad49314a30e113f5323286583dfcd4f387cffd?s=96&d=mm&r=g","contentUrl":"https:\/\/secure.gravatar.com\/avatar\/eeada09a97955c1a68c5280dd5ad49314a30e113f5323286583dfcd4f387cffd?s=96&d=mm&r=g","caption":"Mycarla Oliveira"},"description":"Formada em Letras \u2013 L\u00edngua Portuguesa e Literaturas pela UFRN desde 2021, atuo como escritora de contos e de romances h\u00e1 mais de uma d\u00e9cada e, por isso, tamb\u00e9m trabalho como ghostwriter. Sempre lado a lado com a escrita, estou presente no ramo de revis\u00e3o, reda\u00e7\u00e3o e edi\u00e7\u00e3o de textos.","url":"https:\/\/www.pensarcursos.com.br\/blog\/author\/mycarla\/"}]}},"_links":{"self":[{"href":"https:\/\/www.pensarcursos.com.br\/blog\/wp-json\/wp\/v2\/posts\/57670","targetHints":{"allow":["GET"]}}],"collection":[{"href":"https:\/\/www.pensarcursos.com.br\/blog\/wp-json\/wp\/v2\/posts"}],"about":[{"href":"https:\/\/www.pensarcursos.com.br\/blog\/wp-json\/wp\/v2\/types\/post"}],"author":[{"embeddable":true,"href":"https:\/\/www.pensarcursos.com.br\/blog\/wp-json\/wp\/v2\/users\/35"}],"replies":[{"embeddable":true,"href":"https:\/\/www.pensarcursos.com.br\/blog\/wp-json\/wp\/v2\/comments?post=57670"}],"version-history":[{"count":0,"href":"https:\/\/www.pensarcursos.com.br\/blog\/wp-json\/wp\/v2\/posts\/57670\/revisions"}],"wp:featuredmedia":[{"embeddable":true,"href":"https:\/\/www.pensarcursos.com.br\/blog\/wp-json\/wp\/v2\/media\/41399"}],"wp:attachment":[{"href":"https:\/\/www.pensarcursos.com.br\/blog\/wp-json\/wp\/v2\/media?parent=57670"}],"wp:term":[{"taxonomy":"category","embeddable":true,"href":"https:\/\/www.pensarcursos.com.br\/blog\/wp-json\/wp\/v2\/categories?post=57670"},{"taxonomy":"post_tag","embeddable":true,"href":"https:\/\/www.pensarcursos.com.br\/blog\/wp-json\/wp\/v2\/tags?post=57670"}],"curies":[{"name":"wp","href":"https:\/\/api.w.org\/{rel}","templated":true}]}}