{"id":52973,"date":"2024-07-01T00:58:44","date_gmt":"2024-07-01T03:58:44","guid":{"rendered":"https:\/\/www.pensarcursos.com.br\/blog\/?p=52973"},"modified":"2024-07-01T00:58:44","modified_gmt":"2024-07-01T03:58:44","slug":"3-exercicios-para-malhar-os-gluteos","status":"publish","type":"post","link":"https:\/\/www.pensarcursos.com.br\/blog\/3-exercicios-para-malhar-os-gluteos\/","title":{"rendered":"3 Exerc\u00edcios para Malhar os Gl\u00fateos"},"content":{"rendered":"<p>Quem n\u00e3o sonha com um copo modelado e com <a href=\"https:\/\/www.pensarcursos.com.br\/blog\/conheca-os-beneficios-do-agachamento-livre-para-o-corpo\/\">gl\u00fateos<\/a> empinados e firmes? Ter um bumbum durinho e no lugar \u00e9 sonho de muitas pessoas. Mas para isso \u00e9 preciso muito treino e uma combina\u00e7\u00e3o de queima de gordura mais exerc\u00edcios localizados.<\/p>\n<p>&nbsp;<\/p>\n<p>Por\u00e9m para resultados mais eficazes \u00e9 preciso saber quais os exerc\u00edcios certos devem ser feitos. Abaixo ser\u00e3o mostradas as melhores atividades que trabalham os gl\u00fateos e que deixam a regi\u00e3o bem mais modelada. Os melhores s\u00e3o aqueles que trabalham a extens\u00e3o e flex\u00e3o dos quadris.<\/p>\n<p>&nbsp;<\/p>\n<h1>Exerc\u00edcio Localizado<\/h1>\n<p>&nbsp;<\/p>\n<p>Para trabalhar v\u00e1rios grupos <a href=\"https:\/\/www.pensarcursos.com.br\/blog\/conheca-os-melhores-exercicios-para-emagrecer\/\">musculares<\/a> e os gl\u00fateos, e al\u00e9m de tudo, combater a celulite e a flacidez, o exerc\u00edcio localizado \u00e9 uma \u00f3tima alternativa. O exerc\u00edcio localizado pode ser intensificado se voc\u00ea intercalar uma atividade aer\u00f3bica ao seu roteiro de exerc\u00edcios.<\/p>\n<p>Para se exercitar voc\u00ea pode usar bast\u00f5es, step, halteres e pesos para malhar a regi\u00e3o do bumbum.<\/p>\n<p>&nbsp;<\/p>\n<h2>Para a pr\u00e1tica \u00e9 preciso:<\/h2>\n<p>&nbsp;<\/p>\n<ul>\n<li>Fazer agachamentos<\/li>\n<li>Apoios<\/li>\n<li>Eleva\u00e7\u00f5es p\u00e9lvicas<\/li>\n<li>Step<\/li>\n<\/ul>\n<p>&nbsp;<\/p>\n<p>O step \u00e9 super indicado. As s\u00e9ries de subidas e descidas combinam o necess\u00e1rio nesse exerc\u00edcio que combina localizado e aer\u00f3bico. A simula\u00e7\u00e3o de uma subida de escadas proporciona o exerc\u00edcio das coxas e do bumbum.<\/p>\n<p>&nbsp;<\/p>\n<p>Para a atividade \u00e9 recomend\u00e1vel o uso de t\u00eanis amortecedor e a execu\u00e7\u00e3o correta do exerc\u00edcio. Al\u00e9m disso, queima muitas <a href=\"https:\/\/www.pensarcursos.com.br\/blog\/como-a-atividade-fisica-pode-agir-contra-a-depressao\/\">calorias<\/a>, tonifica a musculatura do corpo, fornece mais flexibilidade e agilidade.<\/p>\n<p>&nbsp;<\/p>\n<h1>Jump<\/h1>\n<p>&nbsp;<\/p>\n<p>A atividade de pular mexe com todo o corpo, principalmente, o bumbum. Os pulos repetidos contraem os gl\u00fateos e proporcionam uma esp\u00e9cie de drenagem no corpo. Isso diminui a reten\u00e7\u00e3o de l\u00edquido no corpo.<\/p>\n<p>Para fazer o exerc\u00edcio siga as dicas:<\/p>\n<p>&nbsp;<\/p>\n<ul>\n<li>Empurre com for\u00e7a com os p\u00e9s o trampolim par abaixo<\/li>\n<li>E quando estiver afundando contraia bem os m\u00fasculos do bumbum e das coxas<\/li>\n<li>Isso vai turbinar os efeitos da atividade<\/li>\n<\/ul>\n<p>&nbsp;<\/p>\n<p>N\u00e3o se esque\u00e7a de usar roupas leves e bem confort\u00e1veis. Alimente-se bem e ainda viva hidratado.<\/p>\n<p>A \u00e1gua que perdemos com a transpira\u00e7\u00e3o durantes os exerc\u00edcios precisa ser reposta, pois cont\u00e9m nutrientes importantes para o organismo.<\/p>\n","protected":false},"excerpt":{"rendered":"<p>Quem n\u00e3o sonha com um copo modelado e com gl\u00fateos empinados e firmes? Ter um bumbum durinho e no lugar \u00e9 sonho de muitas pessoas. Mas para isso \u00e9 preciso muito treino e uma combina\u00e7\u00e3o de queima de gordura mais exerc\u00edcios localizados. &nbsp; Por\u00e9m para resultados mais eficazes \u00e9 preciso saber quais os exerc\u00edcios certos [&hellip;]<\/p>\n","protected":false},"author":37,"featured_media":18960,"comment_status":"open","ping_status":"closed","sticky":false,"template":"","format":"standard","meta":{"jnews-multi-image_gallery":[],"jnews_single_post":[],"jnews_primary_category":[],"jnews_social_meta":[],"jnews_override_counter":[],"footnotes":""},"categories":[1947],"tags":[642,17484,17474],"class_list":["post-52973","post","type-post","status-publish","format-standard","has-post-thumbnail","hentry","category-curiosidades","tag-exercicios","tag-gluteos","tag-musculos"],"yoast_head":"<!-- This site is optimized with the Yoast SEO Premium plugin v27.4 (Yoast SEO v27.4) - https:\/\/yoast.com\/product\/yoast-seo-premium-wordpress\/ -->\n<title>3 Exerc\u00edcios para Malhar os Gl\u00fateos - Blog Pensar Cursos<\/title>\n<meta name=\"description\" content=\"Quem n\u00e3o sonha com um copo modelado e com gl\u00fateos empinados e firmes? Ter um bumbum durinho e no lugar \u00e9 sonho de muitas pessoas. Mas para isso \u00e9 preciso\" \/>\n<meta name=\"robots\" content=\"index, follow, max-snippet:-1, max-image-preview:large, max-video-preview:-1\" \/>\n<link rel=\"canonical\" href=\"https:\/\/www.pensarcursos.com.br\/blog\/3-exercicios-para-malhar-os-gluteos\/\" \/>\n<meta property=\"og:locale\" content=\"pt_BR\" \/>\n<meta property=\"og:type\" content=\"article\" \/>\n<meta property=\"og:title\" content=\"3 Exerc\u00edcios para Malhar os Gl\u00fateos\" \/>\n<meta property=\"og:description\" content=\"Quem n\u00e3o sonha com um copo modelado e com gl\u00fateos empinados e firmes? Ter um bumbum durinho e no lugar \u00e9 sonho de muitas pessoas. Mas para isso \u00e9 preciso\" \/>\n<meta property=\"og:url\" content=\"https:\/\/www.pensarcursos.com.br\/blog\/3-exercicios-para-malhar-os-gluteos\/\" \/>\n<meta property=\"og:site_name\" content=\"Blog Pensar Cursos\" \/>\n<meta property=\"article:publisher\" content=\"https:\/\/www.facebook.com\/pensarcursos\/\" \/>\n<meta property=\"article:published_time\" content=\"2024-07-01T03:58:44+00:00\" \/>\n<meta property=\"og:image\" content=\"https:\/\/www.pensarcursos.com.br\/blog\/wp-content\/uploads\/2024\/01\/WhatsApp-Image-2024-01-03-at-09.40.46.jpeg\" \/>\n\t<meta property=\"og:image:width\" content=\"1600\" \/>\n\t<meta property=\"og:image:height\" content=\"1066\" \/>\n\t<meta property=\"og:image:type\" content=\"image\/jpeg\" \/>\n<meta name=\"author\" content=\"Shamyra Pequeno\" \/>\n<meta name=\"twitter:card\" content=\"summary_large_image\" \/>\n<meta name=\"twitter:label1\" content=\"Escrito por\" \/>\n\t<meta name=\"twitter:data1\" content=\"Shamyra Pequeno\" \/>\n\t<meta name=\"twitter:label2\" content=\"Est. tempo de leitura\" \/>\n\t<meta name=\"twitter:data2\" content=\"2 minutos\" \/>\n<!-- \/ Yoast SEO Premium plugin. -->","yoast_head_json":{"title":"3 Exerc\u00edcios para Malhar os Gl\u00fateos - Blog Pensar Cursos","description":"Quem n\u00e3o sonha com um copo modelado e com gl\u00fateos empinados e firmes? Ter um bumbum durinho e no lugar \u00e9 sonho de muitas pessoas. Mas para isso \u00e9 preciso","robots":{"index":"index","follow":"follow","max-snippet":"max-snippet:-1","max-image-preview":"max-image-preview:large","max-video-preview":"max-video-preview:-1"},"canonical":"https:\/\/www.pensarcursos.com.br\/blog\/3-exercicios-para-malhar-os-gluteos\/","og_locale":"pt_BR","og_type":"article","og_title":"3 Exerc\u00edcios para Malhar os Gl\u00fateos","og_description":"Quem n\u00e3o sonha com um copo modelado e com gl\u00fateos empinados e firmes? Ter um bumbum durinho e no lugar \u00e9 sonho de muitas pessoas. Mas para isso \u00e9 preciso","og_url":"https:\/\/www.pensarcursos.com.br\/blog\/3-exercicios-para-malhar-os-gluteos\/","og_site_name":"Blog Pensar Cursos","article_publisher":"https:\/\/www.facebook.com\/pensarcursos\/","article_published_time":"2024-07-01T03:58:44+00:00","og_image":[{"width":1600,"height":1066,"url":"https:\/\/www.pensarcursos.com.br\/blog\/wp-content\/uploads\/2024\/01\/WhatsApp-Image-2024-01-03-at-09.40.46.jpeg","type":"image\/jpeg"}],"author":"Shamyra Pequeno","twitter_card":"summary_large_image","twitter_misc":{"Escrito por":"Shamyra Pequeno","Est. tempo de leitura":"2 minutos"},"schema":{"@context":"https:\/\/schema.org","@graph":[{"@type":["Article","BlogPosting"],"@id":"https:\/\/www.pensarcursos.com.br\/blog\/3-exercicios-para-malhar-os-gluteos\/#article","isPartOf":{"@id":"https:\/\/www.pensarcursos.com.br\/blog\/3-exercicios-para-malhar-os-gluteos\/"},"author":{"name":"Shamyra Pequeno","@id":"https:\/\/www.pensarcursos.com.br\/blog\/#\/schema\/person\/714e891c7bcf7d33803ab6674071055b"},"headline":"3 Exerc\u00edcios para Malhar os Gl\u00fateos","datePublished":"2024-07-01T03:58:44+00:00","mainEntityOfPage":{"@id":"https:\/\/www.pensarcursos.com.br\/blog\/3-exercicios-para-malhar-os-gluteos\/"},"wordCount":395,"commentCount":0,"publisher":{"@id":"https:\/\/www.pensarcursos.com.br\/blog\/#organization"},"image":{"@id":"https:\/\/www.pensarcursos.com.br\/blog\/3-exercicios-para-malhar-os-gluteos\/#primaryimage"},"thumbnailUrl":"https:\/\/www.pensarcursos.com.br\/blog\/wp-content\/uploads\/2024\/01\/WhatsApp-Image-2024-01-03-at-09.40.46.jpeg","keywords":["Exerc\u00edcios","Gluteos","musculos"],"articleSection":["Curiosidades"],"inLanguage":"pt-BR","potentialAction":[{"@type":"CommentAction","name":"Comment","target":["https:\/\/www.pensarcursos.com.br\/blog\/3-exercicios-para-malhar-os-gluteos\/#respond"]}],"copyrightYear":"2024","copyrightHolder":{"@id":"https:\/\/www.pensarcursos.com.br\/blog\/#organization"}},{"@type":"WebPage","@id":"https:\/\/www.pensarcursos.com.br\/blog\/3-exercicios-para-malhar-os-gluteos\/","url":"https:\/\/www.pensarcursos.com.br\/blog\/3-exercicios-para-malhar-os-gluteos\/","name":"3 Exerc\u00edcios para Malhar os Gl\u00fateos - Blog Pensar Cursos","isPartOf":{"@id":"https:\/\/www.pensarcursos.com.br\/blog\/#website"},"primaryImageOfPage":{"@id":"https:\/\/www.pensarcursos.com.br\/blog\/3-exercicios-para-malhar-os-gluteos\/#primaryimage"},"image":{"@id":"https:\/\/www.pensarcursos.com.br\/blog\/3-exercicios-para-malhar-os-gluteos\/#primaryimage"},"thumbnailUrl":"https:\/\/www.pensarcursos.com.br\/blog\/wp-content\/uploads\/2024\/01\/WhatsApp-Image-2024-01-03-at-09.40.46.jpeg","datePublished":"2024-07-01T03:58:44+00:00","description":"Quem n\u00e3o sonha com um copo modelado e com gl\u00fateos empinados e firmes? Ter um bumbum durinho e no lugar \u00e9 sonho de muitas pessoas. Mas para isso \u00e9 preciso","breadcrumb":{"@id":"https:\/\/www.pensarcursos.com.br\/blog\/3-exercicios-para-malhar-os-gluteos\/#breadcrumb"},"inLanguage":"pt-BR","potentialAction":[{"@type":"ReadAction","target":["https:\/\/www.pensarcursos.com.br\/blog\/3-exercicios-para-malhar-os-gluteos\/"]}]},{"@type":"ImageObject","inLanguage":"pt-BR","@id":"https:\/\/www.pensarcursos.com.br\/blog\/3-exercicios-para-malhar-os-gluteos\/#primaryimage","url":"https:\/\/www.pensarcursos.com.br\/blog\/wp-content\/uploads\/2024\/01\/WhatsApp-Image-2024-01-03-at-09.40.46.jpeg","contentUrl":"https:\/\/www.pensarcursos.com.br\/blog\/wp-content\/uploads\/2024\/01\/WhatsApp-Image-2024-01-03-at-09.40.46.jpeg","width":1600,"height":1066,"caption":"(Foto: Reprodu\u00e7\u00e3o\/Pexels)"},{"@type":"BreadcrumbList","@id":"https:\/\/www.pensarcursos.com.br\/blog\/3-exercicios-para-malhar-os-gluteos\/#breadcrumb","itemListElement":[{"@type":"ListItem","position":1,"name":"Home","item":"https:\/\/www.pensarcursos.com.br\/blog\/"},{"@type":"ListItem","position":2,"name":"3 Exerc\u00edcios para Malhar os Gl\u00fateos"}]},{"@type":"WebSite","@id":"https:\/\/www.pensarcursos.com.br\/blog\/#website","url":"https:\/\/www.pensarcursos.com.br\/blog\/","name":"Blog Pensar Cursos","description":"Maior Site de Cursos do Brasil","publisher":{"@id":"https:\/\/www.pensarcursos.com.br\/blog\/#organization"},"alternateName":"Blog Pensar","potentialAction":[{"@type":"SearchAction","target":{"@type":"EntryPoint","urlTemplate":"https:\/\/www.pensarcursos.com.br\/blog\/?s={search_term_string}"},"query-input":{"@type":"PropertyValueSpecification","valueRequired":true,"valueName":"search_term_string"}}],"inLanguage":"pt-BR"},{"@type":"Organization","@id":"https:\/\/www.pensarcursos.com.br\/blog\/#organization","name":"Pensar Cursos","alternateName":"Blog pensar","url":"https:\/\/www.pensarcursos.com.br\/blog\/","logo":{"@type":"ImageObject","inLanguage":"pt-BR","@id":"https:\/\/www.pensarcursos.com.br\/blog\/#\/schema\/logo\/image\/","url":"https:\/\/www.pensarcursos.com.br\/blog\/wp-content\/uploads\/2023\/11\/Nova-Logo-Pensar-Cursos-vertical.png","contentUrl":"https:\/\/www.pensarcursos.com.br\/blog\/wp-content\/uploads\/2023\/11\/Nova-Logo-Pensar-Cursos-vertical.png","width":1393,"height":1001,"caption":"Pensar Cursos"},"image":{"@id":"https:\/\/www.pensarcursos.com.br\/blog\/#\/schema\/logo\/image\/"},"sameAs":["https:\/\/www.facebook.com\/pensarcursos\/","https:\/\/instagram.com.br\/pensarcursos"],"description":"Pensar Cursos \u00e9 uma empresa especializada em oferecer cursos de alta qualidade voltados para o desenvolvimento profissional e acad\u00eamico. Com uma ampla gama de op\u00e7\u00f5es de treinamento, oferecemos conte\u00fados atualizados, ministrados por especialistas da \u00e1rea, para capacitar indiv\u00edduos e equipes a atingirem seus objetivos. Nossa miss\u00e3o \u00e9 proporcionar uma educa\u00e7\u00e3o transformadora, acess\u00edvel e personalizada para cada aluno, seja em cursos presenciais ou online. Com uma abordagem inovadora, buscamos adaptar os nossos programas de ensino \u00e0s necessidades do mercado, criando solu\u00e7\u00f5es que atendem aos desafios e exig\u00eancias do mundo corporativo e acad\u00eamico. Nossos cursos incluem desde forma\u00e7\u00f5es t\u00e9cnicas at\u00e9 habilidades essenciais, como lideran\u00e7a, gest\u00e3o e desenvolvimento pessoal.","email":"contato@pensarcursos.com.br","legalName":"Sena Servi\u00e7os de Informa\u00e7\u00e3o Online LTDA","foundingDate":"2013-04-18","vatID":"17956217000172","numberOfEmployees":{"@type":"QuantitativeValue","minValue":"11","maxValue":"50"},"publishingPrinciples":"https:\/\/www.pensarcursos.com.br\/blog\/principios-de-publicacao\/","ownershipFundingInfo":"https:\/\/www.pensarcursos.com.br\/blog\/informacoes-de-propriedade-financiamento\/","actionableFeedbackPolicy":"https:\/\/www.pensarcursos.com.br\/blog\/politica-de-feedback-acionavel\/","correctionsPolicy":"https:\/\/www.pensarcursos.com.br\/blog\/politica-de-correcoes\/","ethicsPolicy":"https:\/\/www.pensarcursos.com.br\/blog\/politica-de-etica\/"},{"@type":"Person","@id":"https:\/\/www.pensarcursos.com.br\/blog\/#\/schema\/person\/714e891c7bcf7d33803ab6674071055b","name":"Shamyra Pequeno","image":{"@type":"ImageObject","inLanguage":"pt-BR","@id":"https:\/\/secure.gravatar.com\/avatar\/a4cf3c1beadfbaadcf09d7e938d5bb774e78a31de186ed3f1bdb62a0d2b11979?s=96&d=mm&r=g","url":"https:\/\/secure.gravatar.com\/avatar\/a4cf3c1beadfbaadcf09d7e938d5bb774e78a31de186ed3f1bdb62a0d2b11979?s=96&d=mm&r=g","contentUrl":"https:\/\/secure.gravatar.com\/avatar\/a4cf3c1beadfbaadcf09d7e938d5bb774e78a31de186ed3f1bdb62a0d2b11979?s=96&d=mm&r=g","caption":"Shamyra Pequeno"},"description":"Redatora Profissional. 21 Anos. Natural de Caxias no Maranh\u00e3o. Formada em SEO e Marketing de Conte\u00fado pela plataforma Udemy.","url":"https:\/\/www.pensarcursos.com.br\/blog\/author\/shamyra\/"}]}},"_links":{"self":[{"href":"https:\/\/www.pensarcursos.com.br\/blog\/wp-json\/wp\/v2\/posts\/52973","targetHints":{"allow":["GET"]}}],"collection":[{"href":"https:\/\/www.pensarcursos.com.br\/blog\/wp-json\/wp\/v2\/posts"}],"about":[{"href":"https:\/\/www.pensarcursos.com.br\/blog\/wp-json\/wp\/v2\/types\/post"}],"author":[{"embeddable":true,"href":"https:\/\/www.pensarcursos.com.br\/blog\/wp-json\/wp\/v2\/users\/37"}],"replies":[{"embeddable":true,"href":"https:\/\/www.pensarcursos.com.br\/blog\/wp-json\/wp\/v2\/comments?post=52973"}],"version-history":[{"count":0,"href":"https:\/\/www.pensarcursos.com.br\/blog\/wp-json\/wp\/v2\/posts\/52973\/revisions"}],"wp:featuredmedia":[{"embeddable":true,"href":"https:\/\/www.pensarcursos.com.br\/blog\/wp-json\/wp\/v2\/media\/18960"}],"wp:attachment":[{"href":"https:\/\/www.pensarcursos.com.br\/blog\/wp-json\/wp\/v2\/media?parent=52973"}],"wp:term":[{"taxonomy":"category","embeddable":true,"href":"https:\/\/www.pensarcursos.com.br\/blog\/wp-json\/wp\/v2\/categories?post=52973"},{"taxonomy":"post_tag","embeddable":true,"href":"https:\/\/www.pensarcursos.com.br\/blog\/wp-json\/wp\/v2\/tags?post=52973"}],"curies":[{"name":"wp","href":"https:\/\/api.w.org\/{rel}","templated":true}]}}