{"id":4612,"date":"2023-10-12T19:23:17","date_gmt":"2023-10-12T22:23:17","guid":{"rendered":"https:\/\/www.pensarcursos.com.br\/blog\/?p=4612"},"modified":"2023-10-12T19:23:17","modified_gmt":"2023-10-12T22:23:17","slug":"ilusao-de-optica-da-praia","status":"publish","type":"post","link":"https:\/\/www.pensarcursos.com.br\/blog\/ilusao-de-optica-da-praia\/","title":{"rendered":"Ilus\u00e3o de \u00f3ptica da praia: voc\u00ea consegue resolver"},"content":{"rendered":"<p>Hoje vamos trazer a ilus\u00e3o de \u00f3ptica da praia. Esta \u00e9 uma imagem que est\u00e1 dando o que falar na internet. Inicialmente ela foi postada no Twitter e passou a ser compartilhada por milhares de pessoas. Isso porque a imagem apresenta uma incr\u00edvel imagem que vai confundir a sua mente.<\/p>\n<p>Infelizmente, ningu\u00e9m sabe quem tirou a foto e muito menos qual foi o objetivo ao post\u00e1-la. Por\u00e9m, vale a pena tentar resolver esse desafio.<\/p>\n<p>Assim, voc\u00ea ter\u00e1 que descobrir o segredo por tr\u00e1s da imagem. Vamos l\u00e1?<\/p>\n<h2><strong>A potente ilus\u00e3o de \u00f3ptica da praia<\/strong><\/h2>\n<p>A imagem abaixo aparentemente retrata uma praia durante a noite. Inicialmente ela pode parecer sombria. A mar parece agitado e prestes a ser atingido por uma tempestade. O c\u00e9u est\u00e1 carregado de nuvens e, se voc\u00ea se concentrar na imagem, talvez at\u00e9 sinta a tens\u00e3o no ar.<\/p>\n<p>Mas&#8230; lembre-se que estamos falando de uma ilus\u00e3o de \u00f3ptica! Quando a foto foi postada, algumas pessoas perceberam algo estranho. Ser\u00e1 que voc\u00ea tamb\u00e9m consegue perceber? Veja a imagem t\u00e3o falada.<\/p>\n<p><img decoding=\"async\" class=\"aligncenter wp-image-4613 size-full\" src=\"https:\/\/www.pensarcursos.com.br\/blog\/wp-content\/uploads\/2023\/10\/praia.png\" alt=\"ilus\u00e3o de \u00f3ptica da praia\" width=\"566\" height=\"319\" srcset=\"https:\/\/www.pensarcursos.com.br\/blog\/wp-content\/uploads\/2023\/10\/praia.png 566w, https:\/\/www.pensarcursos.com.br\/blog\/wp-content\/uploads\/2023\/10\/praia-300x169.png 300w\" sizes=\"(max-width: 566px) 100vw, 566px\" \/><\/p>\n<p>Foto: Reprodu\u00e7\u00e3o Internet<\/p>\n<h2><strong>Repercuss\u00e3o nas redes<\/strong><\/h2>\n<p>Apenas um dos perfis que postou a ilus\u00e3o de \u00f3tica da praia acima obteve quase 18 mil curtidas na foto! Mas a maioria das pessoas recorria aos coment\u00e1rios para tentar descobrir a resposta do desafio.<\/p>\n<p>Nos coment\u00e1rios, algumas pessoas relataram que enxergaram muito al\u00e9m de uma simples praia. Assim, talvez a imagem retrate algo diferente. Afinal, nem tudo \u00e9 o que parece.<\/p>\n<p>Ent\u00e3o, volte para a imagem e, com essas dicas em mente, tente observar al\u00e9m da praia. Ser\u00e1 que a imagem est\u00e1 mostrando outra coisa?<\/p>\n<h2><strong>Ilus\u00e3o de \u00f3ptica da praia: resposta<\/strong><\/h2>\n<p>Como falamos l\u00e1 no in\u00edcio, a foto acima se trata de uma potente ilus\u00e3o de \u00f3ptica que vai confundir a mente. Por isso nem determinamos um tempo limite para voc\u00ea resolver esse teste.<\/p>\n<p>Use o tempo que precisar. A resposta dessa ilus\u00e3o de \u00f3ptica \u00e9 bem interessante. Na verdade, voc\u00ea n\u00e3o est\u00e1 vendo uma praia! Muito menos uma tempestade se aproximando!<\/p>\n<p>Olhe novamente para a foto. Ela retrata uma parte da porta de um carro. Sendo mais espec\u00edfico, a parte inferior da porta.<\/p>\n<p>Assim, o que seria a faixa de areia da praia nada mais \u00e9 do que o asfalto onde o ve\u00edculo est\u00e1 parado. Subindo um pouco mais, o que parecia ser as ondas do mar \u00e9 a prote\u00e7\u00e3o que quase todos os carros possuem nas portas. E ela est\u00e1 bem desgastada, formando pequenas rachaduras e com a pintura prejudicada (mostrando algumas partes brancas).<\/p>\n<p>Por fim, o que seria o c\u00e9u carregado de nuvens nada mais \u00e9 do que a pintura da porta do carro. Repare na presen\u00e7a de alguns arranh\u00f5es na parte superior da imagem e tire suas d\u00favidas.<\/p>\n<p>Ent\u00e3o, gostou desse desafio envolvendo a ilus\u00e3o de \u00f3ptica da praia? Essa imagem realmente enganou a maioria das pessoas que tentou solucionar o mist\u00e9rio.<\/p>\n<p>Se voc\u00ea foi uma das pessoas enganadas, n\u00e3o se preocupe. Desafie seus amigos e veja as respostas variadas que ir\u00e1 receber!<\/p>\n","protected":false},"excerpt":{"rendered":"<p>Hoje vamos trazer a ilus\u00e3o de \u00f3ptica da praia. Esta \u00e9 uma imagem que est\u00e1 dando o que falar na internet. Inicialmente ela foi postada no Twitter e passou a ser compartilhada por milhares de pessoas. Isso porque a imagem apresenta uma incr\u00edvel imagem que vai confundir a sua mente. Infelizmente, ningu\u00e9m sabe quem tirou [&hellip;]<\/p>\n","protected":false},"author":12,"featured_media":4613,"comment_status":"open","ping_status":"open","sticky":false,"template":"","format":"standard","meta":{"jnews-multi-image_gallery":[],"jnews_single_post":[],"jnews_primary_category":[],"jnews_social_meta":[],"jnews_override_counter":[],"footnotes":""},"categories":[5],"tags":[1499,1639],"class_list":["post-4612","post","type-post","status-publish","format-standard","has-post-thumbnail","hentry","category-tecnologia","tag-ilusao-de-otica","tag-teste-sua-visao"],"yoast_head":"<!-- This site is optimized with the Yoast SEO Premium plugin v27.5 (Yoast SEO v27.5) - https:\/\/yoast.com\/product\/yoast-seo-premium-wordpress\/ -->\n<title>Ilus\u00e3o de \u00f3ptica da praia: voc\u00ea consegue resolver - Blog Pensar Cursos<\/title>\n<meta name=\"description\" content=\"Hoje vamos trazer a ilus\u00e3o de \u00f3ptica da praia. Esta \u00e9 uma imagem que est\u00e1 dando o que falar na internet. Inicialmente ela foi postada no Twitter e passou\" \/>\n<meta name=\"robots\" content=\"index, follow, max-snippet:-1, max-image-preview:large, max-video-preview:-1\" \/>\n<link rel=\"canonical\" href=\"https:\/\/www.pensarcursos.com.br\/blog\/ilusao-de-optica-da-praia\/\" \/>\n<meta property=\"og:locale\" content=\"pt_BR\" \/>\n<meta property=\"og:type\" content=\"article\" \/>\n<meta property=\"og:title\" content=\"Ilus\u00e3o de \u00f3ptica da praia: voc\u00ea consegue resolver\" \/>\n<meta property=\"og:description\" content=\"Hoje vamos trazer a ilus\u00e3o de \u00f3ptica da praia. Esta \u00e9 uma imagem que est\u00e1 dando o que falar na internet. Inicialmente ela foi postada no Twitter e passou\" \/>\n<meta property=\"og:url\" content=\"https:\/\/www.pensarcursos.com.br\/blog\/ilusao-de-optica-da-praia\/\" \/>\n<meta property=\"og:site_name\" content=\"Blog Pensar Cursos\" \/>\n<meta property=\"article:publisher\" content=\"https:\/\/www.facebook.com\/pensarcursos\/\" \/>\n<meta property=\"article:published_time\" content=\"2023-10-12T22:23:17+00:00\" \/>\n<meta property=\"og:image\" content=\"https:\/\/www.pensarcursos.com.br\/blog\/wp-content\/uploads\/2023\/10\/praia.png\" \/>\n\t<meta property=\"og:image:width\" content=\"566\" \/>\n\t<meta property=\"og:image:height\" content=\"319\" \/>\n\t<meta property=\"og:image:type\" content=\"image\/png\" \/>\n<meta name=\"author\" content=\"larihoo .\" \/>\n<meta name=\"twitter:card\" content=\"summary_large_image\" \/>\n<meta name=\"twitter:label1\" content=\"Escrito por\" \/>\n\t<meta name=\"twitter:data1\" content=\"larihoo .\" \/>\n\t<meta name=\"twitter:label2\" content=\"Est. tempo de leitura\" \/>\n\t<meta name=\"twitter:data2\" content=\"3 minutos\" \/>\n<!-- \/ Yoast SEO Premium plugin. -->","yoast_head_json":{"title":"Ilus\u00e3o de \u00f3ptica da praia: voc\u00ea consegue resolver - Blog Pensar Cursos","description":"Hoje vamos trazer a ilus\u00e3o de \u00f3ptica da praia. Esta \u00e9 uma imagem que est\u00e1 dando o que falar na internet. Inicialmente ela foi postada no Twitter e passou","robots":{"index":"index","follow":"follow","max-snippet":"max-snippet:-1","max-image-preview":"max-image-preview:large","max-video-preview":"max-video-preview:-1"},"canonical":"https:\/\/www.pensarcursos.com.br\/blog\/ilusao-de-optica-da-praia\/","og_locale":"pt_BR","og_type":"article","og_title":"Ilus\u00e3o de \u00f3ptica da praia: voc\u00ea consegue resolver","og_description":"Hoje vamos trazer a ilus\u00e3o de \u00f3ptica da praia. Esta \u00e9 uma imagem que est\u00e1 dando o que falar na internet. Inicialmente ela foi postada no Twitter e passou","og_url":"https:\/\/www.pensarcursos.com.br\/blog\/ilusao-de-optica-da-praia\/","og_site_name":"Blog Pensar Cursos","article_publisher":"https:\/\/www.facebook.com\/pensarcursos\/","article_published_time":"2023-10-12T22:23:17+00:00","og_image":[{"width":566,"height":319,"url":"https:\/\/www.pensarcursos.com.br\/blog\/wp-content\/uploads\/2023\/10\/praia.png","type":"image\/png"}],"author":"larihoo .","twitter_card":"summary_large_image","twitter_misc":{"Escrito por":"larihoo .","Est. tempo de leitura":"3 minutos"},"schema":{"@context":"https:\/\/schema.org","@graph":[{"@type":["Article","BlogPosting"],"@id":"https:\/\/www.pensarcursos.com.br\/blog\/ilusao-de-optica-da-praia\/#article","isPartOf":{"@id":"https:\/\/www.pensarcursos.com.br\/blog\/ilusao-de-optica-da-praia\/"},"author":{"name":"larihoo .","@id":"https:\/\/www.pensarcursos.com.br\/blog\/#\/schema\/person\/b80bc9c35a852682c66fd22f6afbf8cb"},"headline":"Ilus\u00e3o de \u00f3ptica da praia: voc\u00ea consegue resolver","datePublished":"2023-10-12T22:23:17+00:00","mainEntityOfPage":{"@id":"https:\/\/www.pensarcursos.com.br\/blog\/ilusao-de-optica-da-praia\/"},"wordCount":534,"commentCount":0,"publisher":{"@id":"https:\/\/www.pensarcursos.com.br\/blog\/#organization"},"image":{"@id":"https:\/\/www.pensarcursos.com.br\/blog\/ilusao-de-optica-da-praia\/#primaryimage"},"thumbnailUrl":"https:\/\/www.pensarcursos.com.br\/blog\/wp-content\/uploads\/2023\/10\/praia.png","keywords":["ilus\u00e3o de \u00f3tica","teste sua vis\u00e3o"],"articleSection":["Tecnologia"],"inLanguage":"pt-BR","potentialAction":[{"@type":"CommentAction","name":"Comment","target":["https:\/\/www.pensarcursos.com.br\/blog\/ilusao-de-optica-da-praia\/#respond"]}],"copyrightYear":"2023","copyrightHolder":{"@id":"https:\/\/www.pensarcursos.com.br\/blog\/#organization"}},{"@type":"WebPage","@id":"https:\/\/www.pensarcursos.com.br\/blog\/ilusao-de-optica-da-praia\/","url":"https:\/\/www.pensarcursos.com.br\/blog\/ilusao-de-optica-da-praia\/","name":"Ilus\u00e3o de \u00f3ptica da praia: voc\u00ea consegue resolver - Blog Pensar Cursos","isPartOf":{"@id":"https:\/\/www.pensarcursos.com.br\/blog\/#website"},"primaryImageOfPage":{"@id":"https:\/\/www.pensarcursos.com.br\/blog\/ilusao-de-optica-da-praia\/#primaryimage"},"image":{"@id":"https:\/\/www.pensarcursos.com.br\/blog\/ilusao-de-optica-da-praia\/#primaryimage"},"thumbnailUrl":"https:\/\/www.pensarcursos.com.br\/blog\/wp-content\/uploads\/2023\/10\/praia.png","datePublished":"2023-10-12T22:23:17+00:00","description":"Hoje vamos trazer a ilus\u00e3o de \u00f3ptica da praia. Esta \u00e9 uma imagem que est\u00e1 dando o que falar na internet. Inicialmente ela foi postada no Twitter e passou","breadcrumb":{"@id":"https:\/\/www.pensarcursos.com.br\/blog\/ilusao-de-optica-da-praia\/#breadcrumb"},"inLanguage":"pt-BR","potentialAction":[{"@type":"ReadAction","target":["https:\/\/www.pensarcursos.com.br\/blog\/ilusao-de-optica-da-praia\/"]}]},{"@type":"ImageObject","inLanguage":"pt-BR","@id":"https:\/\/www.pensarcursos.com.br\/blog\/ilusao-de-optica-da-praia\/#primaryimage","url":"https:\/\/www.pensarcursos.com.br\/blog\/wp-content\/uploads\/2023\/10\/praia.png","contentUrl":"https:\/\/www.pensarcursos.com.br\/blog\/wp-content\/uploads\/2023\/10\/praia.png","width":566,"height":319,"caption":"ilus\u00e3o de \u00f3ptica da praia"},{"@type":"BreadcrumbList","@id":"https:\/\/www.pensarcursos.com.br\/blog\/ilusao-de-optica-da-praia\/#breadcrumb","itemListElement":[{"@type":"ListItem","position":1,"name":"Home","item":"https:\/\/www.pensarcursos.com.br\/blog\/"},{"@type":"ListItem","position":2,"name":"Ilus\u00e3o de \u00f3ptica da praia: voc\u00ea consegue resolver"}]},{"@type":"WebSite","@id":"https:\/\/www.pensarcursos.com.br\/blog\/#website","url":"https:\/\/www.pensarcursos.com.br\/blog\/","name":"Blog Pensar Cursos","description":"Maior Site de Cursos do Brasil","publisher":{"@id":"https:\/\/www.pensarcursos.com.br\/blog\/#organization"},"alternateName":"Blog Pensar","potentialAction":[{"@type":"SearchAction","target":{"@type":"EntryPoint","urlTemplate":"https:\/\/www.pensarcursos.com.br\/blog\/?s={search_term_string}"},"query-input":{"@type":"PropertyValueSpecification","valueRequired":true,"valueName":"search_term_string"}}],"inLanguage":"pt-BR"},{"@type":"Organization","@id":"https:\/\/www.pensarcursos.com.br\/blog\/#organization","name":"Pensar Cursos","alternateName":"Blog pensar","url":"https:\/\/www.pensarcursos.com.br\/blog\/","logo":{"@type":"ImageObject","inLanguage":"pt-BR","@id":"https:\/\/www.pensarcursos.com.br\/blog\/#\/schema\/logo\/image\/","url":"https:\/\/www.pensarcursos.com.br\/blog\/wp-content\/uploads\/2023\/11\/Nova-Logo-Pensar-Cursos-vertical.png","contentUrl":"https:\/\/www.pensarcursos.com.br\/blog\/wp-content\/uploads\/2023\/11\/Nova-Logo-Pensar-Cursos-vertical.png","width":1393,"height":1001,"caption":"Pensar Cursos"},"image":{"@id":"https:\/\/www.pensarcursos.com.br\/blog\/#\/schema\/logo\/image\/"},"sameAs":["https:\/\/www.facebook.com\/pensarcursos\/","https:\/\/instagram.com.br\/pensarcursos"],"description":"Pensar Cursos \u00e9 uma empresa especializada em oferecer cursos de alta qualidade voltados para o desenvolvimento profissional e acad\u00eamico. Com uma ampla gama de op\u00e7\u00f5es de treinamento, oferecemos conte\u00fados atualizados, ministrados por especialistas da \u00e1rea, para capacitar indiv\u00edduos e equipes a atingirem seus objetivos. Nossa miss\u00e3o \u00e9 proporcionar uma educa\u00e7\u00e3o transformadora, acess\u00edvel e personalizada para cada aluno, seja em cursos presenciais ou online. Com uma abordagem inovadora, buscamos adaptar os nossos programas de ensino \u00e0s necessidades do mercado, criando solu\u00e7\u00f5es que atendem aos desafios e exig\u00eancias do mundo corporativo e acad\u00eamico. Nossos cursos incluem desde forma\u00e7\u00f5es t\u00e9cnicas at\u00e9 habilidades essenciais, como lideran\u00e7a, gest\u00e3o e desenvolvimento pessoal.","email":"contato@pensarcursos.com.br","legalName":"Sena Servi\u00e7os de Informa\u00e7\u00e3o Online LTDA","foundingDate":"2013-04-18","vatID":"17956217000172","numberOfEmployees":{"@type":"QuantitativeValue","minValue":"11","maxValue":"50"},"publishingPrinciples":"https:\/\/www.pensarcursos.com.br\/blog\/principios-de-publicacao\/","ownershipFundingInfo":"https:\/\/www.pensarcursos.com.br\/blog\/informacoes-de-propriedade-financiamento\/","actionableFeedbackPolicy":"https:\/\/www.pensarcursos.com.br\/blog\/politica-de-feedback-acionavel\/","correctionsPolicy":"https:\/\/www.pensarcursos.com.br\/blog\/politica-de-correcoes\/","ethicsPolicy":"https:\/\/www.pensarcursos.com.br\/blog\/politica-de-etica\/"},{"@type":"Person","@id":"https:\/\/www.pensarcursos.com.br\/blog\/#\/schema\/person\/b80bc9c35a852682c66fd22f6afbf8cb","name":"larihoo .","image":{"@type":"ImageObject","inLanguage":"pt-BR","@id":"https:\/\/secure.gravatar.com\/avatar\/2721c922401cdd118f83599b1c60beb6880df07a558aced72a471e192559e39d?s=96&d=mm&r=g","url":"https:\/\/secure.gravatar.com\/avatar\/2721c922401cdd118f83599b1c60beb6880df07a558aced72a471e192559e39d?s=96&d=mm&r=g","contentUrl":"https:\/\/secure.gravatar.com\/avatar\/2721c922401cdd118f83599b1c60beb6880df07a558aced72a471e192559e39d?s=96&d=mm&r=g","caption":"larihoo ."},"url":"https:\/\/www.pensarcursos.com.br\/blog\/author\/larihoo\/"}]}},"_links":{"self":[{"href":"https:\/\/www.pensarcursos.com.br\/blog\/wp-json\/wp\/v2\/posts\/4612","targetHints":{"allow":["GET"]}}],"collection":[{"href":"https:\/\/www.pensarcursos.com.br\/blog\/wp-json\/wp\/v2\/posts"}],"about":[{"href":"https:\/\/www.pensarcursos.com.br\/blog\/wp-json\/wp\/v2\/types\/post"}],"author":[{"embeddable":true,"href":"https:\/\/www.pensarcursos.com.br\/blog\/wp-json\/wp\/v2\/users\/12"}],"replies":[{"embeddable":true,"href":"https:\/\/www.pensarcursos.com.br\/blog\/wp-json\/wp\/v2\/comments?post=4612"}],"version-history":[{"count":0,"href":"https:\/\/www.pensarcursos.com.br\/blog\/wp-json\/wp\/v2\/posts\/4612\/revisions"}],"wp:featuredmedia":[{"embeddable":true,"href":"https:\/\/www.pensarcursos.com.br\/blog\/wp-json\/wp\/v2\/media\/4613"}],"wp:attachment":[{"href":"https:\/\/www.pensarcursos.com.br\/blog\/wp-json\/wp\/v2\/media?parent=4612"}],"wp:term":[{"taxonomy":"category","embeddable":true,"href":"https:\/\/www.pensarcursos.com.br\/blog\/wp-json\/wp\/v2\/categories?post=4612"},{"taxonomy":"post_tag","embeddable":true,"href":"https:\/\/www.pensarcursos.com.br\/blog\/wp-json\/wp\/v2\/tags?post=4612"}],"curies":[{"name":"wp","href":"https:\/\/api.w.org\/{rel}","templated":true}]}}