{"id":44107,"date":"2024-05-19T15:23:35","date_gmt":"2024-05-19T18:23:35","guid":{"rendered":"https:\/\/www.pensarcursos.com.br\/blog\/?p=44107"},"modified":"2024-05-19T15:23:35","modified_gmt":"2024-05-19T18:23:35","slug":"ifes-campus-santa-teresa-abre-inscricoes-para-novo-processo-seletivo","status":"publish","type":"post","link":"https:\/\/www.pensarcursos.com.br\/blog\/ifes-campus-santa-teresa-abre-inscricoes-para-novo-processo-seletivo\/","title":{"rendered":"Ifes &#8211; Campus Santa Teresa abre inscri\u00e7\u00f5es para novo Processo Seletivo"},"content":{"rendered":"<p>O Instituto Federal de Educa\u00e7\u00e3o, Ci\u00eancia e Tecnologia do Esp\u00edrito Santo (Ifes) anunciou a abertura de um novo Processo Seletivo destinado \u00e0 contrata\u00e7\u00e3o de Professor Substituto para atuar no campus Santa Teresa. Este processo visa preencher uma vaga na \u00e1rea de Licenciatura Plena em Letras com habilita\u00e7\u00e3o em Portugu\u00eas e Ingl\u00eas. Os candidatos selecionados ter\u00e3o uma carga hor\u00e1ria de 40 horas semanais, com remunera\u00e7\u00e3o mensal variando entre R$ 4.580,57 e R$ 6.356,02, dependendo da titula\u00e7\u00e3o do profissional.<\/p>\n<h4>Detalhes da Vaga e Inscri\u00e7\u00f5es<\/h4>\n<p>Para participar do Processo Seletivo, os interessados devem realizar a inscri\u00e7\u00e3o no per\u00edodo de 15 a 26 de maio de 2024. As inscri\u00e7\u00f5es devem ser efetuadas mediante o envio da documenta\u00e7\u00e3o especificada no edital para o endere\u00e7o eletr\u00f4nico <a target=\"_new\" rel=\"noreferrer noopener\">processoseletivo.st@ifes.edu.br<\/a>. Este m\u00e9todo de inscri\u00e7\u00e3o \u00e9 fundamental para garantir que todos os documentos necess\u00e1rios sejam recebidos e processados corretamente pelo Ifes.<\/p>\n<h4>Provas e Sele\u00e7\u00e3o<\/h4>\n<p>A sele\u00e7\u00e3o dos candidatos ser\u00e1 realizada por meio de prova de t\u00edtulos e prova de desempenho did\u00e1tico, que ocorrer\u00e3o nos dias 4 e 5 de junho de 2024. A prova de t\u00edtulos avaliar\u00e1 a forma\u00e7\u00e3o acad\u00eamica e experi\u00eancia profissional dos candidatos, enquanto a prova de desempenho did\u00e1tico testar\u00e1 suas habilidades pedag\u00f3gicas e capacidade de comunica\u00e7\u00e3o em sala de aula. Os crit\u00e9rios de pontua\u00e7\u00e3o est\u00e3o detalhados no edital, garantindo transpar\u00eancia e objetividade no processo de sele\u00e7\u00e3o.<\/p>\n<figure id=\"attachment_43569\" aria-describedby=\"caption-attachment-43569\" style=\"width: 1200px\" class=\"wp-caption aligncenter\"><img decoding=\"async\" class=\"wp-image-43569 size-full\" src=\"https:\/\/www.pensarcursos.com.br\/blog\/wp-content\/uploads\/2024\/05\/Design-sem-nome-2024-05-16T125817.796.png\" alt=\"Concurso C\u00e2mara Municipal em SP: ganhe at\u00e9 R$ 4.408,00!\" width=\"1200\" height=\"720\" srcset=\"https:\/\/www.pensarcursos.com.br\/blog\/wp-content\/uploads\/2024\/05\/Design-sem-nome-2024-05-16T125817.796.png 1200w, https:\/\/www.pensarcursos.com.br\/blog\/wp-content\/uploads\/2024\/05\/Design-sem-nome-2024-05-16T125817.796-300x180.png 300w, https:\/\/www.pensarcursos.com.br\/blog\/wp-content\/uploads\/2024\/05\/Design-sem-nome-2024-05-16T125817.796-1024x614.png 1024w, https:\/\/www.pensarcursos.com.br\/blog\/wp-content\/uploads\/2024\/05\/Design-sem-nome-2024-05-16T125817.796-768x461.png 768w\" sizes=\"(max-width: 1200px) 100vw, 1200px\" \/><figcaption id=\"caption-attachment-43569\" class=\"wp-caption-text\">\u00a0Foto: Divulga\u00e7\u00e3o.<\/figcaption><\/figure>\n<h4>Validade e Informa\u00e7\u00f5es Adicionais<\/h4>\n<p>O prazo de validade deste Processo Seletivo \u00e9 de um ano, contado a partir da homologa\u00e7\u00e3o do resultado final, com possibilidade de prorroga\u00e7\u00e3o por igual per\u00edodo. Esta extens\u00e3o permite ao Ifes <a href=\"https:\/\/www.pensarcursos.com.br\/blog\/processos-seletivos-no-sebrae-caixa-e-empresas-renomadas-oferecem-800-vagas-oportunidades-de-emprego-trainee-e-estagio\/\">contratar<\/a> professores substitutos conforme a necessidade, garantindo a continuidade da excel\u00eancia acad\u00eamica no campus Santa Teresa.<\/p>\n<p>Para obter mais informa\u00e7\u00f5es, os candidatos podem acessar o edital completo dispon\u00edvel no site do PCI Concursos, que detalha todos os requisitos, etapas e crit\u00e9rios de avalia\u00e7\u00e3o do Processo Seletivo.<\/p>\n<h4>Contexto e Import\u00e2ncia do Ifes<\/h4>\n<p>O Ifes \u00e9 uma institui\u00e7\u00e3o reconhecida pela sua excel\u00eancia em educa\u00e7\u00e3o, ci\u00eancia e tecnologia, oferecendo diversas oportunidades para profissionais qualificados que desejam contribuir com o desenvolvimento educacional no Esp\u00edrito Santo. A contrata\u00e7\u00e3o de um Professor Substituto em Letras com habilita\u00e7\u00e3o em Portugu\u00eas e Ingl\u00eas \u00e9 uma oportunidade significativa para os educadores que buscam atuar em um ambiente din\u00e2mico e inovador.<\/p>\n<h4>Oportunidades Relacionadas<\/h4>\n<p>Al\u00e9m do Processo Seletivo do Ifes, outras oportunidades est\u00e3o dispon\u00edveis no Esp\u00edrito Santo. Por exemplo, a Prefeitura de Jer\u00f4nimo Monteiro abriu um <a href=\"https:\/\/www.pensarcursos.com.br\/blog\/saiu-processo-seletivo-do-minc-com-quase-100-vagas-para-nivel-superior\/\">Processo Seletivo<\/a> para Motorista, enquanto a Prefeitura de Venda Nova do Imigrante est\u00e1 contratando um M\u00e9dico Veterin\u00e1rio. Essas oportunidades mostram a diversidade de vagas dispon\u00edveis na regi\u00e3o, atendendo a diferentes perfis profissionais.<\/p>\n<h4><\/h4>\n<p>A abertura do<a href=\"https:\/\/www.pensarcursos.com.br\/blog\/prefeitura-de-gaspar-sc-anuncia-processo-seletivo-com-salarios-de-ate-r-5-34161\/\"> Processo Seletivo<\/a> no Ifes &#8211; Campus Santa Teresa \u00e9 uma excelente oportunidade para professores qualificados que desejam ingressar em uma institui\u00e7\u00e3o de prest\u00edgio. Com uma remunera\u00e7\u00e3o atrativa e a possibilidade de contribuir para a forma\u00e7\u00e3o de novos profissionais, esta vaga promete atrair candidatos dedicados e comprometidos com a educa\u00e7\u00e3o de qualidade.<\/p>\n<p>Para participar, \u00e9 fundamental que os interessados se inscrevam dentro do prazo estipulado e estejam preparados para as etapas de sele\u00e7\u00e3o, garantindo assim uma candidatura forte e competitiva. O Ifes, por sua vez, se beneficia ao atrair talentos que contribuir\u00e3o para a continuidade de sua miss\u00e3o educacional no Esp\u00edrito Santo.<\/p>\n","protected":false},"excerpt":{"rendered":"<p>O Instituto Federal de Educa\u00e7\u00e3o, Ci\u00eancia e Tecnologia do Esp\u00edrito Santo (Ifes) anunciou a abertura de um novo Processo Seletivo destinado \u00e0 contrata\u00e7\u00e3o de Professor Substituto para atuar no campus Santa Teresa.<\/p>\n","protected":false},"author":37,"featured_media":43355,"comment_status":"open","ping_status":"closed","sticky":false,"template":"","format":"standard","meta":{"jnews-multi-image_gallery":[],"jnews_single_post":[],"jnews_primary_category":[],"jnews_social_meta":[],"jnews_override_counter":[],"footnotes":""},"categories":[26],"tags":[987,1969,4726],"class_list":["post-44107","post","type-post","status-publish","format-standard","has-post-thumbnail","hentry","category-empregos","tag-concurso","tag-empregos","tag-trabalho"],"yoast_head":"<!-- This site is optimized with the Yoast SEO Premium plugin v27.5 (Yoast SEO v27.5) - https:\/\/yoast.com\/product\/yoast-seo-premium-wordpress\/ -->\n<title>Ifes - Campus Santa Teresa abre inscri\u00e7\u00f5es para novo Processo Seletivo - Blog Pensar Cursos<\/title>\n<meta name=\"description\" content=\"O Instituto Federal de Educa\u00e7\u00e3o, Ci\u00eancia e Tecnologia do Esp\u00edrito Santo (Ifes) anunciou a abertura de um novo Processo Seletivo destinado \u00e0 contrata\u00e7\u00e3o de Professor Substituto para atuar no campus Santa Teresa.\" \/>\n<meta name=\"robots\" content=\"index, follow, max-snippet:-1, max-image-preview:large, max-video-preview:-1\" \/>\n<link rel=\"canonical\" href=\"https:\/\/www.pensarcursos.com.br\/blog\/ifes-campus-santa-teresa-abre-inscricoes-para-novo-processo-seletivo\/\" \/>\n<meta property=\"og:locale\" content=\"pt_BR\" \/>\n<meta property=\"og:type\" content=\"article\" \/>\n<meta property=\"og:title\" content=\"Ifes - Campus Santa Teresa abre inscri\u00e7\u00f5es para novo Processo Seletivo\" \/>\n<meta property=\"og:description\" content=\"O Instituto Federal de Educa\u00e7\u00e3o, Ci\u00eancia e Tecnologia do Esp\u00edrito Santo (Ifes) anunciou a abertura de um novo Processo Seletivo destinado \u00e0 contrata\u00e7\u00e3o de Professor Substituto para atuar no campus Santa Teresa.\" \/>\n<meta property=\"og:url\" content=\"https:\/\/www.pensarcursos.com.br\/blog\/ifes-campus-santa-teresa-abre-inscricoes-para-novo-processo-seletivo\/\" \/>\n<meta property=\"og:site_name\" content=\"Blog Pensar Cursos\" \/>\n<meta property=\"article:publisher\" content=\"https:\/\/www.facebook.com\/pensarcursos\/\" \/>\n<meta property=\"article:published_time\" content=\"2024-05-19T18:23:35+00:00\" \/>\n<meta property=\"og:image\" content=\"https:\/\/www.pensarcursos.com.br\/blog\/wp-content\/uploads\/2024\/05\/foto-2-1_1.jpg\" \/>\n\t<meta property=\"og:image:width\" content=\"1200\" \/>\n\t<meta property=\"og:image:height\" content=\"675\" \/>\n\t<meta property=\"og:image:type\" content=\"image\/jpeg\" \/>\n<meta name=\"author\" content=\"Shamyra Pequeno\" \/>\n<meta name=\"twitter:card\" content=\"summary_large_image\" \/>\n<meta name=\"twitter:label1\" content=\"Escrito por\" \/>\n\t<meta name=\"twitter:data1\" content=\"Shamyra Pequeno\" \/>\n\t<meta name=\"twitter:label2\" content=\"Est. tempo de leitura\" \/>\n\t<meta name=\"twitter:data2\" content=\"3 minutos\" \/>\n<!-- \/ Yoast SEO Premium plugin. -->","yoast_head_json":{"title":"Ifes - Campus Santa Teresa abre inscri\u00e7\u00f5es para novo Processo Seletivo - Blog Pensar Cursos","description":"O Instituto Federal de Educa\u00e7\u00e3o, Ci\u00eancia e Tecnologia do Esp\u00edrito Santo (Ifes) anunciou a abertura de um novo Processo Seletivo destinado \u00e0 contrata\u00e7\u00e3o de Professor Substituto para atuar no campus Santa Teresa.","robots":{"index":"index","follow":"follow","max-snippet":"max-snippet:-1","max-image-preview":"max-image-preview:large","max-video-preview":"max-video-preview:-1"},"canonical":"https:\/\/www.pensarcursos.com.br\/blog\/ifes-campus-santa-teresa-abre-inscricoes-para-novo-processo-seletivo\/","og_locale":"pt_BR","og_type":"article","og_title":"Ifes - Campus Santa Teresa abre inscri\u00e7\u00f5es para novo Processo Seletivo","og_description":"O Instituto Federal de Educa\u00e7\u00e3o, Ci\u00eancia e Tecnologia do Esp\u00edrito Santo (Ifes) anunciou a abertura de um novo Processo Seletivo destinado \u00e0 contrata\u00e7\u00e3o de Professor Substituto para atuar no campus Santa Teresa.","og_url":"https:\/\/www.pensarcursos.com.br\/blog\/ifes-campus-santa-teresa-abre-inscricoes-para-novo-processo-seletivo\/","og_site_name":"Blog Pensar Cursos","article_publisher":"https:\/\/www.facebook.com\/pensarcursos\/","article_published_time":"2024-05-19T18:23:35+00:00","og_image":[{"width":1200,"height":675,"url":"https:\/\/www.pensarcursos.com.br\/blog\/wp-content\/uploads\/2024\/05\/foto-2-1_1.jpg","type":"image\/jpeg"}],"author":"Shamyra Pequeno","twitter_card":"summary_large_image","twitter_misc":{"Escrito por":"Shamyra Pequeno","Est. tempo de leitura":"3 minutos"},"schema":{"@context":"https:\/\/schema.org","@graph":[{"@type":["Article","BlogPosting"],"@id":"https:\/\/www.pensarcursos.com.br\/blog\/ifes-campus-santa-teresa-abre-inscricoes-para-novo-processo-seletivo\/#article","isPartOf":{"@id":"https:\/\/www.pensarcursos.com.br\/blog\/ifes-campus-santa-teresa-abre-inscricoes-para-novo-processo-seletivo\/"},"author":{"name":"Shamyra Pequeno","@id":"https:\/\/www.pensarcursos.com.br\/blog\/#\/schema\/person\/714e891c7bcf7d33803ab6674071055b"},"headline":"Ifes &#8211; Campus Santa Teresa abre inscri\u00e7\u00f5es para novo Processo Seletivo","datePublished":"2024-05-19T18:23:35+00:00","mainEntityOfPage":{"@id":"https:\/\/www.pensarcursos.com.br\/blog\/ifes-campus-santa-teresa-abre-inscricoes-para-novo-processo-seletivo\/"},"wordCount":613,"commentCount":0,"publisher":{"@id":"https:\/\/www.pensarcursos.com.br\/blog\/#organization"},"image":{"@id":"https:\/\/www.pensarcursos.com.br\/blog\/ifes-campus-santa-teresa-abre-inscricoes-para-novo-processo-seletivo\/#primaryimage"},"thumbnailUrl":"https:\/\/www.pensarcursos.com.br\/blog\/wp-content\/uploads\/2024\/05\/foto-2-1_1.jpg","keywords":["Concurso","Empregos","trabalho"],"articleSection":["Empregos"],"inLanguage":"pt-BR","potentialAction":[{"@type":"CommentAction","name":"Comment","target":["https:\/\/www.pensarcursos.com.br\/blog\/ifes-campus-santa-teresa-abre-inscricoes-para-novo-processo-seletivo\/#respond"]}],"copyrightYear":"2024","copyrightHolder":{"@id":"https:\/\/www.pensarcursos.com.br\/blog\/#organization"}},{"@type":"WebPage","@id":"https:\/\/www.pensarcursos.com.br\/blog\/ifes-campus-santa-teresa-abre-inscricoes-para-novo-processo-seletivo\/","url":"https:\/\/www.pensarcursos.com.br\/blog\/ifes-campus-santa-teresa-abre-inscricoes-para-novo-processo-seletivo\/","name":"Ifes - Campus Santa Teresa abre inscri\u00e7\u00f5es para novo Processo Seletivo - Blog Pensar Cursos","isPartOf":{"@id":"https:\/\/www.pensarcursos.com.br\/blog\/#website"},"primaryImageOfPage":{"@id":"https:\/\/www.pensarcursos.com.br\/blog\/ifes-campus-santa-teresa-abre-inscricoes-para-novo-processo-seletivo\/#primaryimage"},"image":{"@id":"https:\/\/www.pensarcursos.com.br\/blog\/ifes-campus-santa-teresa-abre-inscricoes-para-novo-processo-seletivo\/#primaryimage"},"thumbnailUrl":"https:\/\/www.pensarcursos.com.br\/blog\/wp-content\/uploads\/2024\/05\/foto-2-1_1.jpg","datePublished":"2024-05-19T18:23:35+00:00","description":"O Instituto Federal de Educa\u00e7\u00e3o, Ci\u00eancia e Tecnologia do Esp\u00edrito Santo (Ifes) anunciou a abertura de um novo Processo Seletivo destinado \u00e0 contrata\u00e7\u00e3o de Professor Substituto para atuar no campus Santa Teresa.","breadcrumb":{"@id":"https:\/\/www.pensarcursos.com.br\/blog\/ifes-campus-santa-teresa-abre-inscricoes-para-novo-processo-seletivo\/#breadcrumb"},"inLanguage":"pt-BR","potentialAction":[{"@type":"ReadAction","target":["https:\/\/www.pensarcursos.com.br\/blog\/ifes-campus-santa-teresa-abre-inscricoes-para-novo-processo-seletivo\/"]}]},{"@type":"ImageObject","inLanguage":"pt-BR","@id":"https:\/\/www.pensarcursos.com.br\/blog\/ifes-campus-santa-teresa-abre-inscricoes-para-novo-processo-seletivo\/#primaryimage","url":"https:\/\/www.pensarcursos.com.br\/blog\/wp-content\/uploads\/2024\/05\/foto-2-1_1.jpg","contentUrl":"https:\/\/www.pensarcursos.com.br\/blog\/wp-content\/uploads\/2024\/05\/foto-2-1_1.jpg","width":1200,"height":675,"caption":"Concurso Prefeitura no Maranh\u00e3o: 421 novas vagas de EMPREGO! Foto: Divulga\u00e7\u00e3o."},{"@type":"BreadcrumbList","@id":"https:\/\/www.pensarcursos.com.br\/blog\/ifes-campus-santa-teresa-abre-inscricoes-para-novo-processo-seletivo\/#breadcrumb","itemListElement":[{"@type":"ListItem","position":1,"name":"Home","item":"https:\/\/www.pensarcursos.com.br\/blog\/"},{"@type":"ListItem","position":2,"name":"Ifes &#8211; Campus Santa Teresa abre inscri\u00e7\u00f5es para novo Processo Seletivo"}]},{"@type":"WebSite","@id":"https:\/\/www.pensarcursos.com.br\/blog\/#website","url":"https:\/\/www.pensarcursos.com.br\/blog\/","name":"Blog Pensar Cursos","description":"Maior Site de Cursos do Brasil","publisher":{"@id":"https:\/\/www.pensarcursos.com.br\/blog\/#organization"},"alternateName":"Blog Pensar","potentialAction":[{"@type":"SearchAction","target":{"@type":"EntryPoint","urlTemplate":"https:\/\/www.pensarcursos.com.br\/blog\/?s={search_term_string}"},"query-input":{"@type":"PropertyValueSpecification","valueRequired":true,"valueName":"search_term_string"}}],"inLanguage":"pt-BR"},{"@type":"Organization","@id":"https:\/\/www.pensarcursos.com.br\/blog\/#organization","name":"Pensar Cursos","alternateName":"Blog pensar","url":"https:\/\/www.pensarcursos.com.br\/blog\/","logo":{"@type":"ImageObject","inLanguage":"pt-BR","@id":"https:\/\/www.pensarcursos.com.br\/blog\/#\/schema\/logo\/image\/","url":"https:\/\/www.pensarcursos.com.br\/blog\/wp-content\/uploads\/2023\/11\/Nova-Logo-Pensar-Cursos-vertical.png","contentUrl":"https:\/\/www.pensarcursos.com.br\/blog\/wp-content\/uploads\/2023\/11\/Nova-Logo-Pensar-Cursos-vertical.png","width":1393,"height":1001,"caption":"Pensar Cursos"},"image":{"@id":"https:\/\/www.pensarcursos.com.br\/blog\/#\/schema\/logo\/image\/"},"sameAs":["https:\/\/www.facebook.com\/pensarcursos\/","https:\/\/instagram.com.br\/pensarcursos"],"description":"Pensar Cursos \u00e9 uma empresa especializada em oferecer cursos de alta qualidade voltados para o desenvolvimento profissional e acad\u00eamico. Com uma ampla gama de op\u00e7\u00f5es de treinamento, oferecemos conte\u00fados atualizados, ministrados por especialistas da \u00e1rea, para capacitar indiv\u00edduos e equipes a atingirem seus objetivos. Nossa miss\u00e3o \u00e9 proporcionar uma educa\u00e7\u00e3o transformadora, acess\u00edvel e personalizada para cada aluno, seja em cursos presenciais ou online. Com uma abordagem inovadora, buscamos adaptar os nossos programas de ensino \u00e0s necessidades do mercado, criando solu\u00e7\u00f5es que atendem aos desafios e exig\u00eancias do mundo corporativo e acad\u00eamico. Nossos cursos incluem desde forma\u00e7\u00f5es t\u00e9cnicas at\u00e9 habilidades essenciais, como lideran\u00e7a, gest\u00e3o e desenvolvimento pessoal.","email":"contato@pensarcursos.com.br","legalName":"Sena Servi\u00e7os de Informa\u00e7\u00e3o Online LTDA","foundingDate":"2013-04-18","vatID":"17956217000172","numberOfEmployees":{"@type":"QuantitativeValue","minValue":"11","maxValue":"50"},"publishingPrinciples":"https:\/\/www.pensarcursos.com.br\/blog\/principios-de-publicacao\/","ownershipFundingInfo":"https:\/\/www.pensarcursos.com.br\/blog\/informacoes-de-propriedade-financiamento\/","actionableFeedbackPolicy":"https:\/\/www.pensarcursos.com.br\/blog\/politica-de-feedback-acionavel\/","correctionsPolicy":"https:\/\/www.pensarcursos.com.br\/blog\/politica-de-correcoes\/","ethicsPolicy":"https:\/\/www.pensarcursos.com.br\/blog\/politica-de-etica\/"},{"@type":"Person","@id":"https:\/\/www.pensarcursos.com.br\/blog\/#\/schema\/person\/714e891c7bcf7d33803ab6674071055b","name":"Shamyra Pequeno","image":{"@type":"ImageObject","inLanguage":"pt-BR","@id":"https:\/\/secure.gravatar.com\/avatar\/a4cf3c1beadfbaadcf09d7e938d5bb774e78a31de186ed3f1bdb62a0d2b11979?s=96&d=mm&r=g","url":"https:\/\/secure.gravatar.com\/avatar\/a4cf3c1beadfbaadcf09d7e938d5bb774e78a31de186ed3f1bdb62a0d2b11979?s=96&d=mm&r=g","contentUrl":"https:\/\/secure.gravatar.com\/avatar\/a4cf3c1beadfbaadcf09d7e938d5bb774e78a31de186ed3f1bdb62a0d2b11979?s=96&d=mm&r=g","caption":"Shamyra Pequeno"},"description":"Redatora Profissional. 21 Anos. Natural de Caxias no Maranh\u00e3o. Formada em SEO e Marketing de Conte\u00fado pela plataforma Udemy.","url":"https:\/\/www.pensarcursos.com.br\/blog\/author\/shamyra\/"}]}},"_links":{"self":[{"href":"https:\/\/www.pensarcursos.com.br\/blog\/wp-json\/wp\/v2\/posts\/44107","targetHints":{"allow":["GET"]}}],"collection":[{"href":"https:\/\/www.pensarcursos.com.br\/blog\/wp-json\/wp\/v2\/posts"}],"about":[{"href":"https:\/\/www.pensarcursos.com.br\/blog\/wp-json\/wp\/v2\/types\/post"}],"author":[{"embeddable":true,"href":"https:\/\/www.pensarcursos.com.br\/blog\/wp-json\/wp\/v2\/users\/37"}],"replies":[{"embeddable":true,"href":"https:\/\/www.pensarcursos.com.br\/blog\/wp-json\/wp\/v2\/comments?post=44107"}],"version-history":[{"count":0,"href":"https:\/\/www.pensarcursos.com.br\/blog\/wp-json\/wp\/v2\/posts\/44107\/revisions"}],"wp:featuredmedia":[{"embeddable":true,"href":"https:\/\/www.pensarcursos.com.br\/blog\/wp-json\/wp\/v2\/media\/43355"}],"wp:attachment":[{"href":"https:\/\/www.pensarcursos.com.br\/blog\/wp-json\/wp\/v2\/media?parent=44107"}],"wp:term":[{"taxonomy":"category","embeddable":true,"href":"https:\/\/www.pensarcursos.com.br\/blog\/wp-json\/wp\/v2\/categories?post=44107"},{"taxonomy":"post_tag","embeddable":true,"href":"https:\/\/www.pensarcursos.com.br\/blog\/wp-json\/wp\/v2\/tags?post=44107"}],"curies":[{"name":"wp","href":"https:\/\/api.w.org\/{rel}","templated":true}]}}