{"id":40478,"date":"2024-05-04T10:59:15","date_gmt":"2024-05-04T13:59:15","guid":{"rendered":"https:\/\/www.pensarcursos.com.br\/blog\/?p=40478"},"modified":"2024-04-30T14:01:51","modified_gmt":"2024-04-30T17:01:51","slug":"moveis-um-traco-de-personalidade","status":"publish","type":"post","link":"https:\/\/www.pensarcursos.com.br\/blog\/moveis-um-traco-de-personalidade\/","title":{"rendered":"Escolha um dos 4 m\u00f3veis e descubra um de seus tra\u00e7os de personalidade oculto!"},"content":{"rendered":"<p>Voc\u00ea j\u00e1 parou para pensar que escolhas podem revelar alguns aspectos da sua personalidade? Pois \u00e9, e com base nessa caracter\u00edstica inconsciente nossa, n\u00f3s vamos fazer uma an\u00e1lise em rela\u00e7\u00e3o ao controle em sua vida. N\u00e3o entendeu? Bom, <strong>escolha um dos 4 m\u00f3veis<\/strong>: sof\u00e1 grande, sof\u00e1 pequeno, puff ou poltrona e n\u00f3s te diremos se voc\u00ea \u00e9 uma pessoa controladora.<\/p>\n<h2><strong>O teste<\/strong><\/h2>\n<p>Cada uma das op\u00e7\u00f5es abaixo dentro desse <strong><a href=\"https:\/\/www.pensarcursos.com.br\/blog\/teste-de-qi-ilusao-otica\/\" target=\"_blank\" rel=\"noopener\">teste<\/a><\/strong> traz consigo uma mensagem subliminar sobre sua <strong><a href=\"https:\/\/www.pensarcursos.com.br\/blog\/teste-de-personalidade-22\/\" target=\"_blank\" rel=\"noopener\">personalidade<\/a><\/strong>. Por isso, olhe atentamente a imagem abaixo e escolhe o m\u00f3vel que mais te agrada.<\/p>\n<figure id=\"attachment_40486\" aria-describedby=\"caption-attachment-40486\" style=\"width: 1200px\" class=\"wp-caption alignnone\"><img decoding=\"async\" class=\"size-full wp-image-40486\" src=\"https:\/\/www.pensarcursos.com.br\/blog\/wp-content\/uploads\/2024\/04\/escolha-entre-os-4-moveis.jpg\" alt=\"Escolha um dos 4 m\u00f3veis e descubra o qu\u00e3o controlador voc\u00ea \u00e9. \" width=\"1200\" height=\"800\" srcset=\"https:\/\/www.pensarcursos.com.br\/blog\/wp-content\/uploads\/2024\/04\/escolha-entre-os-4-moveis.jpg 1200w, https:\/\/www.pensarcursos.com.br\/blog\/wp-content\/uploads\/2024\/04\/escolha-entre-os-4-moveis-300x200.jpg 300w, https:\/\/www.pensarcursos.com.br\/blog\/wp-content\/uploads\/2024\/04\/escolha-entre-os-4-moveis-1024x683.jpg 1024w, https:\/\/www.pensarcursos.com.br\/blog\/wp-content\/uploads\/2024\/04\/escolha-entre-os-4-moveis-768x512.jpg 768w\" sizes=\"(max-width: 1200px) 100vw, 1200px\" \/><figcaption id=\"caption-attachment-40486\" class=\"wp-caption-text\">Escolha um dos 4 m\u00f3veis e descubra o qu\u00e3o controlador voc\u00ea \u00e9. Imagem: Paola Hern\u00e1ndez\/Reprodu\u00e7\u00e3o.<\/figcaption><\/figure>\n<h3><strong>1. Puff<\/strong><\/h3>\n<p>Quem opta por um puff revela uma tend\u00eancia ao controle de forma descomplicada e vers\u00e1til. O puff \u00e9 um m\u00f3vel conhecido por sua versatilidade e adaptabilidade, caracter\u00edsticas que refletem a abordagem da pessoa em rela\u00e7\u00e3o ao controle.<\/p>\n<p>Ao escolher um puff, a pessoa demonstra uma disposi\u00e7\u00e3o para se adaptar \u00e0s circunst\u00e2ncias sem rigidez. Ela valoriza a flexibilidade e est\u00e1 aberta a diferentes possibilidades, ajustando-se de acordo com as necessidades do momento.<\/p>\n<p>O puff \u00e9 um m\u00f3vel que pode ser facilmente movido e rearranjado, o que sugere uma personalidade que n\u00e3o se prende a padr\u00f5es r\u00edgidos ou formas de pensar fixas. Essa pessoa est\u00e1 sempre disposta a experimentar coisas novas e a explorar diferentes caminhos, sem se prender a uma \u00fanica maneira de fazer as coisas.<\/p>\n<p>Al\u00e9m disso, o puff tamb\u00e9m \u00e9 um s\u00edmbolo de descontra\u00e7\u00e3o e informalidade. Quem escolhe esse m\u00f3vel geralmente tem uma abordagem mais leve e descontra\u00edda em rela\u00e7\u00e3o \u00e0 vida, sem se deixar abater por pequenos contratempos ou imprevistos.<\/p>\n<h3><strong>2. Sof\u00e1 grande\u00a0<\/strong><\/h3>\n<p>Quando algu\u00e9m opta por um sof\u00e1 grande, est\u00e1, de certa forma, manifestando uma necessidade clara de controle sobre o ambiente ao seu redor. N\u00e3o se trata apenas de uma prefer\u00eancia por um m\u00f3vel espa\u00e7oso e confort\u00e1vel; h\u00e1 uma inten\u00e7\u00e3o subjacente de criar um espa\u00e7o onde se sinta seguro e protegido, com tudo sob controle.<\/p>\n<p>Esse desejo de dominar o ambiente pode ser uma extens\u00e3o de uma personalidade que valoriza a ordem e a previsibilidade. Para quem escolhe um sof\u00e1 grande, \u00e9 importante que tudo esteja nos seus devidos lugares e que as coisas sigam um padr\u00e3o estabelecido. Qualquer desvio desse padr\u00e3o pode causar desconforto ou ansiedade.<\/p>\n<p>Al\u00e9m disso, o sof\u00e1 grande oferece uma sensa\u00e7\u00e3o de acolhimento e seguran\u00e7a, como se fosse um ref\u00fagio dentro da pr\u00f3pria casa. \u00c9 o lugar ideal para relaxar, recarregar as energias e, \u00e9 claro, manter o controle sobre tudo o que acontece ao redor.<\/p>\n<h3><strong>3. Poltrona<\/strong><\/h3>\n<p>Ao selecionar uma poltrona, a pessoa revela uma tend\u00eancia ao controle mais voltada para si mesma. Esse m\u00f3vel destinado ao uso individual simboliza a busca por independ\u00eancia e autonomia em suas a\u00e7\u00f5es e decis\u00f5es.<\/p>\n<p>A escolha de uma poltrona indica que a pessoa valoriza seu espa\u00e7o pessoal e seu tempo sozinho. Ela busca um lugar onde possa se recolher e refletir, tomando suas pr\u00f3prias decis\u00f5es sem interfer\u00eancias externas. Isso sugere uma personalidade que preza pela liberdade e pela capacidade de seguir seu pr\u00f3prio caminho.<\/p>\n<p>Essa prefer\u00eancia pela poltrona tamb\u00e9m pode indicar uma certa resist\u00eancia a mudan\u00e7as ou interfer\u00eancias externas. A pessoa que escolhe esse m\u00f3vel pode ser mais reservada e cautelosa em rela\u00e7\u00e3o aos outros, preferindo manter seu espa\u00e7o pessoal e sua independ\u00eancia intactos.<\/p>\n<h3><strong>4. Sof\u00e1 pequeno<\/strong><\/h3>\n<p>Essa pessoa revela uma abordagem mais sutil em rela\u00e7\u00e3o ao controle. Em vez de buscar dominar o ambiente de forma evidente, ela valoriza a organiza\u00e7\u00e3o e a efici\u00eancia, encontrando maneiras de se adaptar \u00e0s circunst\u00e2ncias sem impor suas vontades de forma excessiva.<\/p>\n<p>Indica tamb\u00e9m uma personalidade que preza pela praticidade e pela flexibilidade. A pessoa que prefere um sof\u00e1 pequeno n\u00e3o se sente confort\u00e1vel em impor suas ideias de forma autorit\u00e1ria, mas sim em encontrar solu\u00e7\u00f5es que se adequem \u00e0s necessidades de todos os envolvidos.<\/p>\n<p>Al\u00e9m disso, esse tipo de pessoa \u00e9 geralmente mais aberta a mudan\u00e7as e adapta\u00e7\u00f5es, pois entende que nem sempre \u00e9 poss\u00edvel controlar todas as situa\u00e7\u00f5es. Ela valoriza a capacidade de se ajustar a diferentes cen\u00e1rios e de encontrar solu\u00e7\u00f5es criativas para os <strong><a href=\"https:\/\/www.pensarcursos.com.br\/blog\/desafio-visual-encontrar-11\/\" target=\"_blank\" rel=\"noopener\">desafios<\/a><\/strong> que surgem no dia a dia.<\/p>\n","protected":false},"excerpt":{"rendered":"<p>Voc\u00ea j\u00e1 parou para pensar que escolhas podem revelar alguns aspectos da sua personalidade? Pois \u00e9, e com base nessa caracter\u00edstica inconsciente nossa, n\u00f3s vamos fazer uma an\u00e1lise em rela\u00e7\u00e3o ao controle em sua vida. N\u00e3o entendeu? Bom, escolha um dos 4 m\u00f3veis: sof\u00e1 grande, sof\u00e1 pequeno, puff ou poltrona e n\u00f3s te diremos se [&hellip;]<\/p>\n","protected":false},"author":13,"featured_media":40486,"comment_status":"open","ping_status":"closed","sticky":false,"template":"","format":"standard","meta":{"jnews-multi-image_gallery":[],"jnews_single_post":[],"jnews_primary_category":[],"jnews_social_meta":[],"jnews_override_counter":[],"footnotes":""},"categories":[1947],"tags":[1685,1613,1681],"class_list":["post-40478","post","type-post","status-publish","format-standard","has-post-thumbnail","hentry","category-curiosidades","tag-desafio","tag-teste","tag-teste-de-personalidade"],"yoast_head":"<!-- This site is optimized with the Yoast SEO Premium plugin v27.4 (Yoast SEO v27.4) - https:\/\/yoast.com\/product\/yoast-seo-premium-wordpress\/ -->\n<title>Escolha um dos 4 m\u00f3veis e descubra um de seus tra\u00e7os de personalidade oculto! - Blog Pensar Cursos<\/title>\n<meta name=\"description\" content=\"Voc\u00ea j\u00e1 parou para pensar que escolhas podem revelar alguns aspectos da sua personalidade? Pois \u00e9, e com base nessa caracter\u00edstica inconsciente nossa, n\u00f3s\" \/>\n<meta name=\"robots\" content=\"index, follow, max-snippet:-1, max-image-preview:large, max-video-preview:-1\" \/>\n<link rel=\"canonical\" href=\"https:\/\/www.pensarcursos.com.br\/blog\/moveis-um-traco-de-personalidade\/\" \/>\n<meta property=\"og:locale\" content=\"pt_BR\" \/>\n<meta property=\"og:type\" content=\"article\" \/>\n<meta property=\"og:title\" content=\"Escolha um dos 4 m\u00f3veis e descubra um de seus tra\u00e7os de personalidade oculto!\" \/>\n<meta property=\"og:description\" content=\"Voc\u00ea j\u00e1 parou para pensar que escolhas podem revelar alguns aspectos da sua personalidade? Pois \u00e9, e com base nessa caracter\u00edstica inconsciente nossa, n\u00f3s\" \/>\n<meta property=\"og:url\" content=\"https:\/\/www.pensarcursos.com.br\/blog\/moveis-um-traco-de-personalidade\/\" \/>\n<meta property=\"og:site_name\" content=\"Blog Pensar Cursos\" \/>\n<meta property=\"article:publisher\" content=\"https:\/\/www.facebook.com\/pensarcursos\/\" \/>\n<meta property=\"article:author\" content=\"https:\/\/www.facebook.com\/julia.koerich.39\" \/>\n<meta property=\"article:published_time\" content=\"2024-05-04T13:59:15+00:00\" \/>\n<meta property=\"og:image\" content=\"https:\/\/www.pensarcursos.com.br\/blog\/wp-content\/uploads\/2024\/04\/escolha-entre-os-4-moveis.jpg\" \/>\n\t<meta property=\"og:image:width\" content=\"1200\" \/>\n\t<meta property=\"og:image:height\" content=\"800\" \/>\n\t<meta property=\"og:image:type\" content=\"image\/jpeg\" \/>\n<meta name=\"author\" content=\"Julia Koerich\" \/>\n<meta name=\"twitter:card\" content=\"summary_large_image\" \/>\n<meta name=\"twitter:label1\" content=\"Escrito por\" \/>\n\t<meta name=\"twitter:data1\" content=\"Julia Koerich\" \/>\n\t<meta name=\"twitter:label2\" content=\"Est. tempo de leitura\" \/>\n\t<meta name=\"twitter:data2\" content=\"4 minutos\" \/>\n<!-- \/ Yoast SEO Premium plugin. -->","yoast_head_json":{"title":"Escolha um dos 4 m\u00f3veis e descubra um de seus tra\u00e7os de personalidade oculto! - Blog Pensar Cursos","description":"Voc\u00ea j\u00e1 parou para pensar que escolhas podem revelar alguns aspectos da sua personalidade? Pois \u00e9, e com base nessa caracter\u00edstica inconsciente nossa, n\u00f3s","robots":{"index":"index","follow":"follow","max-snippet":"max-snippet:-1","max-image-preview":"max-image-preview:large","max-video-preview":"max-video-preview:-1"},"canonical":"https:\/\/www.pensarcursos.com.br\/blog\/moveis-um-traco-de-personalidade\/","og_locale":"pt_BR","og_type":"article","og_title":"Escolha um dos 4 m\u00f3veis e descubra um de seus tra\u00e7os de personalidade oculto!","og_description":"Voc\u00ea j\u00e1 parou para pensar que escolhas podem revelar alguns aspectos da sua personalidade? Pois \u00e9, e com base nessa caracter\u00edstica inconsciente nossa, n\u00f3s","og_url":"https:\/\/www.pensarcursos.com.br\/blog\/moveis-um-traco-de-personalidade\/","og_site_name":"Blog Pensar Cursos","article_publisher":"https:\/\/www.facebook.com\/pensarcursos\/","article_author":"https:\/\/www.facebook.com\/julia.koerich.39","article_published_time":"2024-05-04T13:59:15+00:00","og_image":[{"width":1200,"height":800,"url":"https:\/\/www.pensarcursos.com.br\/blog\/wp-content\/uploads\/2024\/04\/escolha-entre-os-4-moveis.jpg","type":"image\/jpeg"}],"author":"Julia Koerich","twitter_card":"summary_large_image","twitter_misc":{"Escrito por":"Julia Koerich","Est. tempo de leitura":"4 minutos"},"schema":{"@context":"https:\/\/schema.org","@graph":[{"@type":["Article","BlogPosting"],"@id":"https:\/\/www.pensarcursos.com.br\/blog\/moveis-um-traco-de-personalidade\/#article","isPartOf":{"@id":"https:\/\/www.pensarcursos.com.br\/blog\/moveis-um-traco-de-personalidade\/"},"author":{"name":"Julia Koerich","@id":"https:\/\/www.pensarcursos.com.br\/blog\/#\/schema\/person\/488f02c6a8789bf91624f246e1087f54"},"headline":"Escolha um dos 4 m\u00f3veis e descubra um de seus tra\u00e7os de personalidade oculto!","datePublished":"2024-05-04T13:59:15+00:00","mainEntityOfPage":{"@id":"https:\/\/www.pensarcursos.com.br\/blog\/moveis-um-traco-de-personalidade\/"},"wordCount":774,"commentCount":0,"publisher":{"@id":"https:\/\/www.pensarcursos.com.br\/blog\/#organization"},"image":{"@id":"https:\/\/www.pensarcursos.com.br\/blog\/moveis-um-traco-de-personalidade\/#primaryimage"},"thumbnailUrl":"https:\/\/www.pensarcursos.com.br\/blog\/wp-content\/uploads\/2024\/04\/escolha-entre-os-4-moveis.jpg","keywords":["Desafio","Teste","teste de personalidade"],"articleSection":["Curiosidades"],"inLanguage":"pt-BR","potentialAction":[{"@type":"CommentAction","name":"Comment","target":["https:\/\/www.pensarcursos.com.br\/blog\/moveis-um-traco-de-personalidade\/#respond"]}],"copyrightYear":"2024","copyrightHolder":{"@id":"https:\/\/www.pensarcursos.com.br\/blog\/#organization"}},{"@type":"WebPage","@id":"https:\/\/www.pensarcursos.com.br\/blog\/moveis-um-traco-de-personalidade\/","url":"https:\/\/www.pensarcursos.com.br\/blog\/moveis-um-traco-de-personalidade\/","name":"Escolha um dos 4 m\u00f3veis e descubra um de seus tra\u00e7os de personalidade oculto! - Blog Pensar Cursos","isPartOf":{"@id":"https:\/\/www.pensarcursos.com.br\/blog\/#website"},"primaryImageOfPage":{"@id":"https:\/\/www.pensarcursos.com.br\/blog\/moveis-um-traco-de-personalidade\/#primaryimage"},"image":{"@id":"https:\/\/www.pensarcursos.com.br\/blog\/moveis-um-traco-de-personalidade\/#primaryimage"},"thumbnailUrl":"https:\/\/www.pensarcursos.com.br\/blog\/wp-content\/uploads\/2024\/04\/escolha-entre-os-4-moveis.jpg","datePublished":"2024-05-04T13:59:15+00:00","description":"Voc\u00ea j\u00e1 parou para pensar que escolhas podem revelar alguns aspectos da sua personalidade? Pois \u00e9, e com base nessa caracter\u00edstica inconsciente nossa, n\u00f3s","breadcrumb":{"@id":"https:\/\/www.pensarcursos.com.br\/blog\/moveis-um-traco-de-personalidade\/#breadcrumb"},"inLanguage":"pt-BR","potentialAction":[{"@type":"ReadAction","target":["https:\/\/www.pensarcursos.com.br\/blog\/moveis-um-traco-de-personalidade\/"]}]},{"@type":"ImageObject","inLanguage":"pt-BR","@id":"https:\/\/www.pensarcursos.com.br\/blog\/moveis-um-traco-de-personalidade\/#primaryimage","url":"https:\/\/www.pensarcursos.com.br\/blog\/wp-content\/uploads\/2024\/04\/escolha-entre-os-4-moveis.jpg","contentUrl":"https:\/\/www.pensarcursos.com.br\/blog\/wp-content\/uploads\/2024\/04\/escolha-entre-os-4-moveis.jpg","width":1200,"height":800,"caption":"Escolha um dos 4 m\u00f3veis e descubra o qu\u00e3o controlador voc\u00ea \u00e9. Imagem: Paola Hern\u00e1ndez\/Reprodu\u00e7\u00e3o."},{"@type":"BreadcrumbList","@id":"https:\/\/www.pensarcursos.com.br\/blog\/moveis-um-traco-de-personalidade\/#breadcrumb","itemListElement":[{"@type":"ListItem","position":1,"name":"Home","item":"https:\/\/www.pensarcursos.com.br\/blog\/"},{"@type":"ListItem","position":2,"name":"Escolha um dos 4 m\u00f3veis e descubra um de seus tra\u00e7os de personalidade oculto!"}]},{"@type":"WebSite","@id":"https:\/\/www.pensarcursos.com.br\/blog\/#website","url":"https:\/\/www.pensarcursos.com.br\/blog\/","name":"Blog Pensar Cursos","description":"Maior Site de Cursos do Brasil","publisher":{"@id":"https:\/\/www.pensarcursos.com.br\/blog\/#organization"},"alternateName":"Blog Pensar","potentialAction":[{"@type":"SearchAction","target":{"@type":"EntryPoint","urlTemplate":"https:\/\/www.pensarcursos.com.br\/blog\/?s={search_term_string}"},"query-input":{"@type":"PropertyValueSpecification","valueRequired":true,"valueName":"search_term_string"}}],"inLanguage":"pt-BR"},{"@type":"Organization","@id":"https:\/\/www.pensarcursos.com.br\/blog\/#organization","name":"Pensar Cursos","alternateName":"Blog pensar","url":"https:\/\/www.pensarcursos.com.br\/blog\/","logo":{"@type":"ImageObject","inLanguage":"pt-BR","@id":"https:\/\/www.pensarcursos.com.br\/blog\/#\/schema\/logo\/image\/","url":"https:\/\/www.pensarcursos.com.br\/blog\/wp-content\/uploads\/2023\/11\/Nova-Logo-Pensar-Cursos-vertical.png","contentUrl":"https:\/\/www.pensarcursos.com.br\/blog\/wp-content\/uploads\/2023\/11\/Nova-Logo-Pensar-Cursos-vertical.png","width":1393,"height":1001,"caption":"Pensar Cursos"},"image":{"@id":"https:\/\/www.pensarcursos.com.br\/blog\/#\/schema\/logo\/image\/"},"sameAs":["https:\/\/www.facebook.com\/pensarcursos\/","https:\/\/instagram.com.br\/pensarcursos"],"description":"Pensar Cursos \u00e9 uma empresa especializada em oferecer cursos de alta qualidade voltados para o desenvolvimento profissional e acad\u00eamico. Com uma ampla gama de op\u00e7\u00f5es de treinamento, oferecemos conte\u00fados atualizados, ministrados por especialistas da \u00e1rea, para capacitar indiv\u00edduos e equipes a atingirem seus objetivos. Nossa miss\u00e3o \u00e9 proporcionar uma educa\u00e7\u00e3o transformadora, acess\u00edvel e personalizada para cada aluno, seja em cursos presenciais ou online. Com uma abordagem inovadora, buscamos adaptar os nossos programas de ensino \u00e0s necessidades do mercado, criando solu\u00e7\u00f5es que atendem aos desafios e exig\u00eancias do mundo corporativo e acad\u00eamico. Nossos cursos incluem desde forma\u00e7\u00f5es t\u00e9cnicas at\u00e9 habilidades essenciais, como lideran\u00e7a, gest\u00e3o e desenvolvimento pessoal.","email":"contato@pensarcursos.com.br","legalName":"Sena Servi\u00e7os de Informa\u00e7\u00e3o Online LTDA","foundingDate":"2013-04-18","vatID":"17956217000172","numberOfEmployees":{"@type":"QuantitativeValue","minValue":"11","maxValue":"50"},"publishingPrinciples":"https:\/\/www.pensarcursos.com.br\/blog\/principios-de-publicacao\/","ownershipFundingInfo":"https:\/\/www.pensarcursos.com.br\/blog\/informacoes-de-propriedade-financiamento\/","actionableFeedbackPolicy":"https:\/\/www.pensarcursos.com.br\/blog\/politica-de-feedback-acionavel\/","correctionsPolicy":"https:\/\/www.pensarcursos.com.br\/blog\/politica-de-correcoes\/","ethicsPolicy":"https:\/\/www.pensarcursos.com.br\/blog\/politica-de-etica\/"},{"@type":"Person","@id":"https:\/\/www.pensarcursos.com.br\/blog\/#\/schema\/person\/488f02c6a8789bf91624f246e1087f54","name":"Julia Koerich","image":{"@type":"ImageObject","inLanguage":"pt-BR","@id":"https:\/\/secure.gravatar.com\/avatar\/e2c74e498d61f83af52fb247a0fa8bf30283598a08bd3fb3137d2aed86153e19?s=96&d=mm&r=g","url":"https:\/\/secure.gravatar.com\/avatar\/e2c74e498d61f83af52fb247a0fa8bf30283598a08bd3fb3137d2aed86153e19?s=96&d=mm&r=g","contentUrl":"https:\/\/secure.gravatar.com\/avatar\/e2c74e498d61f83af52fb247a0fa8bf30283598a08bd3fb3137d2aed86153e19?s=96&d=mm&r=g","caption":"Julia Koerich"},"description":"Julia \u00e9 uma redatora de conte\u00fado criativa e vers\u00e1til, com mais de cinco anos de experi\u00eancia em escrita para blogs. Ela tem uma habilidade \u00fanica para adaptar seu estilo de escrita a diferentes p\u00fablicos e temas. Ela \u00e9 especialista em criar artigos detalhados e bem pesquisados, garantindo que cada pe\u00e7a seja informativa e atraente.","sameAs":["https:\/\/www.facebook.com\/julia.koerich.39"],"url":"https:\/\/www.pensarcursos.com.br\/blog\/author\/julia\/"}]}},"_links":{"self":[{"href":"https:\/\/www.pensarcursos.com.br\/blog\/wp-json\/wp\/v2\/posts\/40478","targetHints":{"allow":["GET"]}}],"collection":[{"href":"https:\/\/www.pensarcursos.com.br\/blog\/wp-json\/wp\/v2\/posts"}],"about":[{"href":"https:\/\/www.pensarcursos.com.br\/blog\/wp-json\/wp\/v2\/types\/post"}],"author":[{"embeddable":true,"href":"https:\/\/www.pensarcursos.com.br\/blog\/wp-json\/wp\/v2\/users\/13"}],"replies":[{"embeddable":true,"href":"https:\/\/www.pensarcursos.com.br\/blog\/wp-json\/wp\/v2\/comments?post=40478"}],"version-history":[{"count":0,"href":"https:\/\/www.pensarcursos.com.br\/blog\/wp-json\/wp\/v2\/posts\/40478\/revisions"}],"wp:featuredmedia":[{"embeddable":true,"href":"https:\/\/www.pensarcursos.com.br\/blog\/wp-json\/wp\/v2\/media\/40486"}],"wp:attachment":[{"href":"https:\/\/www.pensarcursos.com.br\/blog\/wp-json\/wp\/v2\/media?parent=40478"}],"wp:term":[{"taxonomy":"category","embeddable":true,"href":"https:\/\/www.pensarcursos.com.br\/blog\/wp-json\/wp\/v2\/categories?post=40478"},{"taxonomy":"post_tag","embeddable":true,"href":"https:\/\/www.pensarcursos.com.br\/blog\/wp-json\/wp\/v2\/tags?post=40478"}],"curies":[{"name":"wp","href":"https:\/\/api.w.org\/{rel}","templated":true}]}}